{"id":245020,"date":"2024-07-26T10:30:34","date_gmt":"2024-07-26T08:30:34","guid":{"rendered":"https:\/\/tuzlainfo.ba\/?p=245020"},"modified":"2024-07-26T09:21:16","modified_gmt":"2024-07-26T07:21:16","slug":"objavljen-poziv-postanite-clanovi-skupstine-sos-djecijih-sela-bosne-i-hercegovine","status":"publish","type":"post","link":"https:\/\/tuzlainfo.ba\/index.php\/bosna-i-hercegovina\/item\/245020-objavljen-poziv-postanite-clanovi-skupstine-sos-djecijih-sela-bosne-i-hercegovine\/","title":{"rendered":"Objavljen poziv: Postanite \u010dlanovi Skup\u0161tine SOS Dje\u010dijih sela Bosne i Hercegovine"},"content":{"rendered":"<p>Predstavni\u0161tvo strane humanitarne organizacije SOS Kinderdorf International sa sjedi\u0161tem u Sarajevu, poznato kao SOS Dje\u010dija sela u Bosni i Hercegovini, prolaze proces lokalne registracije. To zna\u010di da \u0107e u narednom periodu prestati djelovati kao predstavni\u0161tvo strane humanitarne organizacije i po\u010deti djelovati kao lokalna nevladina organizacija &#8216;SOS Dje\u010dija sela u BiH&#8217;.<\/p>\n<p>&#8220;Nakon lokalne registracije, ostat \u0107emo dio Federacije SOS Kinderdorf International, ali sa jo\u0161 ve\u0107im zna\u010dajem jer umjesto predstavni\u0161tva postajemo punopravna \u010dlanica Federacije. Ovo je veliki i va\u017ean korak za organizaciju, na na\u0161em putu samoodr\u017eivosti i nakon 30 godina djelovanja kao Predstavni\u0161tvo, pravimo korak koji zna\u010di dugoro\u010dnu opstojnost i dugoro\u010dni nastavak rada u BiH. Na\u0161 cilj ostaje isti &#8211; podr\u0161ka svakom djetetu bez roditeljskog staranja, svakom djetetu u riziku da izgubi roditeljsko staranje, svakoj mladoj osobi koja je odrasla bez staranja ili dolazi iz porodice u riziku&#8221;, ka\u017ee nacionalni direktor SOS Dje\u010dijih sela u BiH Malik Garibija.<\/p>\n<p>U procesu daljeg rada, jednu od klju\u010dnih uloga imat \u0107e osobe koje \u0107e kao \u010dlanovi Skup\u0161tine SOS Dje\u010dijih sela BiH, a kasnije i Upravnog i Nadzornog odbora, usmjeravati i nadzirati djelovanje organizacije.<\/p>\n<p>&#8220;Kao punopravni \u010dlan Federacije SOS Kinderdorf International, nakon lokalne registracije, imat \u0107emo i trajnu pomo\u0107, podr\u0161ku i vodstvo Generalnog sekretarijata Federacije u ovom procesu i djelovanju, slijede\u0107i sve standarde SOS KDI i zadr\u017eavaju\u0107i brend i sve obaveze i prednosti koje s tim dolaze. Svjesni smo da \u0107emo zaprimiti mnogo prijava za \u010dlanstvo, stoga unaprijed zahvaljujemo za interesovanje te molimo za razumijevanje, s obzirom na to da \u0107e Komisija vr\u0161iti odabir u skladu sa propisanim kriterijima i da ne\u0107e biti mogu\u0107e uklju\u010diti sve zainteresirane osobe&#8221;, dodaje Garibija.<\/p>\n<p>U\u010de\u0161\u0107e u radu Skup\u0161tine i drugih tijela Organizacije je na volonterskoj osnovi, a broj \u010dlanova je ograni\u010den.<\/p>\n<p>Iz Organizacije pozivaju zainteresirane da popune obrazac za prijavu ukoliko se \u017eelite kandidovati za \u010dlana Skup\u0161tine SOS Dje\u010dijih sela u BiH. Obrazac je dostupan na linku <a href=\"https:\/\/forms.office.com\/pages\/responsepage.aspx?id=TuNZ1IESlEqgsDFgaWqB7fFRE6GDOeZGpBsv4H_e3SlUMDZFUjFVWEpOTklOVzJRS1pWSFZZQk81OC4u\">OVDJE.<\/a><\/p>\n<p>Nakon popunjavanja obrasca mo\u017ee uslijediti email sa molbom za dostavljanje \u017eivotopisa nakon \u010dega slijedi i razgovor sa Komisijom za odabir \u010dlanova Skup\u0161tine SOS Dje\u010dijih sela u BiH.<\/p>\n<p>&#8220;SOS Kinderdorf International je najve\u0107a svjetska organizacija za brigu o djeci bez roditeljskog staranja i pomo\u0107 djeci i mladima u riziku i djeluje u vi\u0161e od 130 zemalja svijeta. U Bosni i Hercegovini djeluju ve\u0107 30 godina&#8221;, navodi u saop\u0107enju za javnost SOS Dje\u010dija sela u Bosni i Hercegovini.<\/p>\n<p>&nbsp;<\/p>\n","protected":false},"excerpt":{"rendered":"<p>Predstavni\u0161tvo strane humanitarne organizacije SOS Kinderdorf International sa sjedi\u0161tem u Sarajevu, poznato kao SOS Dje\u010dija&hellip;<\/p>\n","protected":false},"author":3,"featured_media":245021,"comment_status":"closed","ping_status":"closed","sticky":false,"template":"","format":"standard","meta":{"_acf_changed":false,"footnotes":""},"categories":[291],"tags":[10598],"acf":[],"yoast_head":"<!-- This site is optimized with the Yoast SEO plugin v23.5 - https:\/\/yoast.com\/wordpress\/plugins\/seo\/ -->\n<title>Objavljen poziv: Postanite \u010dlanovi Skup\u0161tine SOS Dje\u010dijih sela Bosne i Hercegovine - TuzlaInfo.ba<\/title>\n<meta name=\"robots\" content=\"index, follow, max-snippet:-1, max-image-preview:large, max-video-preview:-1\" \/>\n<link rel=\"canonical\" href=\"https:\/\/tuzlainfo.ba\/index.php\/bosna-i-hercegovina\/item\/245020-objavljen-poziv-postanite-clanovi-skupstine-sos-djecijih-sela-bosne-i-hercegovine\/\" \/>\n<meta property=\"og:locale\" content=\"bs_BA\" \/>\n<meta property=\"og:type\" content=\"article\" \/>\n<meta property=\"og:title\" content=\"Objavljen poziv: Postanite \u010dlanovi Skup\u0161tine SOS Dje\u010dijih sela Bosne i Hercegovine - TuzlaInfo.ba\" \/>\n<meta property=\"og:description\" content=\"Predstavni\u0161tvo strane humanitarne organizacije SOS Kinderdorf International sa sjedi\u0161tem u Sarajevu, poznato kao SOS Dje\u010dija&hellip;\" \/>\n<meta property=\"og:url\" content=\"https:\/\/tuzlainfo.ba\/index.php\/bosna-i-hercegovina\/item\/245020-objavljen-poziv-postanite-clanovi-skupstine-sos-djecijih-sela-bosne-i-hercegovine\/\" \/>\n<meta property=\"og:site_name\" content=\"TuzlaInfo.ba\" \/>\n<meta property=\"article:publisher\" content=\"https:\/\/www.facebook.com\/tuzlainfo.ba\/\" \/>\n<meta property=\"article:published_time\" content=\"2024-07-26T08:30:34+00:00\" \/>\n<meta property=\"article:modified_time\" content=\"2024-07-26T07:21:16+00:00\" \/>\n<meta property=\"og:image\" content=\"https:\/\/tuzlainfo.ba\/wp-content\/uploads\/2024\/07\/2607djecja-sela-bih-sos.webp\" \/>\n\t<meta property=\"og:image:width\" content=\"871\" \/>\n\t<meta property=\"og:image:height\" content=\"540\" \/>\n\t<meta property=\"og:image:type\" content=\"image\/webp\" \/>\n<meta name=\"author\" content=\"admin2\" \/>\n<meta name=\"twitter:card\" content=\"summary_large_image\" \/>\n<meta name=\"twitter:label1\" content=\"Written by\" \/>\n\t<meta name=\"twitter:data1\" content=\"admin2\" \/>\n\t<meta name=\"twitter:label2\" content=\"Est. reading time\" \/>\n\t<meta name=\"twitter:data2\" content=\"3 minute\" \/>\n<script type=\"application\/ld+json\" class=\"yoast-schema-graph\">{\"@context\":\"https:\/\/schema.org\",\"@graph\":[{\"@type\":\"Article\",\"@id\":\"https:\/\/tuzlainfo.ba\/index.php\/bosna-i-hercegovina\/item\/245020-objavljen-poziv-postanite-clanovi-skupstine-sos-djecijih-sela-bosne-i-hercegovine\/#article\",\"isPartOf\":{\"@id\":\"https:\/\/tuzlainfo.ba\/index.php\/bosna-i-hercegovina\/item\/245020-objavljen-poziv-postanite-clanovi-skupstine-sos-djecijih-sela-bosne-i-hercegovine\/\"},\"author\":{\"name\":\"admin2\",\"@id\":\"https:\/\/tuzlainfo.ba\/#\/schema\/person\/f4ebe4fff27e68efb65fa7e18f8af372\"},\"headline\":\"Objavljen poziv: Postanite \u010dlanovi Skup\u0161tine SOS Dje\u010dijih sela Bosne i Hercegovine\",\"datePublished\":\"2024-07-26T08:30:34+00:00\",\"dateModified\":\"2024-07-26T07:21:16+00:00\",\"mainEntityOfPage\":{\"@id\":\"https:\/\/tuzlainfo.ba\/index.php\/bosna-i-hercegovina\/item\/245020-objavljen-poziv-postanite-clanovi-skupstine-sos-djecijih-sela-bosne-i-hercegovine\/\"},\"wordCount\":439,\"publisher\":{\"@id\":\"https:\/\/tuzlainfo.ba\/#organization\"},\"image\":{\"@id\":\"https:\/\/tuzlainfo.ba\/index.php\/bosna-i-hercegovina\/item\/245020-objavljen-poziv-postanite-clanovi-skupstine-sos-djecijih-sela-bosne-i-hercegovine\/#primaryimage\"},\"thumbnailUrl\":\"https:\/\/tuzlainfo.ba\/wp-content\/uploads\/2024\/07\/2607djecja-sela-bih-sos.webp\",\"keywords\":[\"sos dje\u010dija sela\"],\"articleSection\":[\"Bosna i Hercegovina\"],\"inLanguage\":\"bs-BA\"},{\"@type\":\"WebPage\",\"@id\":\"https:\/\/tuzlainfo.ba\/index.php\/bosna-i-hercegovina\/item\/245020-objavljen-poziv-postanite-clanovi-skupstine-sos-djecijih-sela-bosne-i-hercegovine\/\",\"url\":\"https:\/\/tuzlainfo.ba\/index.php\/bosna-i-hercegovina\/item\/245020-objavljen-poziv-postanite-clanovi-skupstine-sos-djecijih-sela-bosne-i-hercegovine\/\",\"name\":\"Objavljen poziv: Postanite \u010dlanovi Skup\u0161tine SOS Dje\u010dijih sela Bosne i Hercegovine - TuzlaInfo.ba\",\"isPartOf\":{\"@id\":\"https:\/\/tuzlainfo.ba\/#website\"},\"primaryImageOfPage\":{\"@id\":\"https:\/\/tuzlainfo.ba\/index.php\/bosna-i-hercegovina\/item\/245020-objavljen-poziv-postanite-clanovi-skupstine-sos-djecijih-sela-bosne-i-hercegovine\/#primaryimage\"},\"image\":{\"@id\":\"https:\/\/tuzlainfo.ba\/index.php\/bosna-i-hercegovina\/item\/245020-objavljen-poziv-postanite-clanovi-skupstine-sos-djecijih-sela-bosne-i-hercegovine\/#primaryimage\"},\"thumbnailUrl\":\"https:\/\/tuzlainfo.ba\/wp-content\/uploads\/2024\/07\/2607djecja-sela-bih-sos.webp\",\"datePublished\":\"2024-07-26T08:30:34+00:00\",\"dateModified\":\"2024-07-26T07:21:16+00:00\",\"breadcrumb\":{\"@id\":\"https:\/\/tuzlainfo.ba\/index.php\/bosna-i-hercegovina\/item\/245020-objavljen-poziv-postanite-clanovi-skupstine-sos-djecijih-sela-bosne-i-hercegovine\/#breadcrumb\"},\"inLanguage\":\"bs-BA\",\"potentialAction\":[{\"@type\":\"ReadAction\",\"target\":[\"https:\/\/tuzlainfo.ba\/index.php\/bosna-i-hercegovina\/item\/245020-objavljen-poziv-postanite-clanovi-skupstine-sos-djecijih-sela-bosne-i-hercegovine\/\"]}]},{\"@type\":\"ImageObject\",\"inLanguage\":\"bs-BA\",\"@id\":\"https:\/\/tuzlainfo.ba\/index.php\/bosna-i-hercegovina\/item\/245020-objavljen-poziv-postanite-clanovi-skupstine-sos-djecijih-sela-bosne-i-hercegovine\/#primaryimage\",\"url\":\"https:\/\/tuzlainfo.ba\/wp-content\/uploads\/2024\/07\/2607djecja-sela-bih-sos.webp\",\"contentUrl\":\"https:\/\/tuzlainfo.ba\/wp-content\/uploads\/2024\/07\/2607djecja-sela-bih-sos.webp\",\"width\":871,\"height\":540},{\"@type\":\"BreadcrumbList\",\"@id\":\"https:\/\/tuzlainfo.ba\/index.php\/bosna-i-hercegovina\/item\/245020-objavljen-poziv-postanite-clanovi-skupstine-sos-djecijih-sela-bosne-i-hercegovine\/#breadcrumb\",\"itemListElement\":[{\"@type\":\"ListItem\",\"position\":1,\"name\":\"Home\",\"item\":\"https:\/\/tuzlainfo.ba\/\"},{\"@type\":\"ListItem\",\"position\":2,\"name\":\"Objavljen poziv: Postanite \u010dlanovi Skup\u0161tine SOS Dje\u010dijih sela Bosne i Hercegovine\"}]},{\"@type\":\"WebSite\",\"@id\":\"https:\/\/tuzlainfo.ba\/#website\",\"url\":\"https:\/\/tuzlainfo.ba\/\",\"name\":\"TuzlaInfo.ba\",\"description\":\"Tuzla info, gradski informator - Tuzla na dlanu\",\"publisher\":{\"@id\":\"https:\/\/tuzlainfo.ba\/#organization\"},\"potentialAction\":[{\"@type\":\"SearchAction\",\"target\":{\"@type\":\"EntryPoint\",\"urlTemplate\":\"https:\/\/tuzlainfo.ba\/?s={search_term_string}\"},\"query-input\":{\"@type\":\"PropertyValueSpecification\",\"valueRequired\":true,\"valueName\":\"search_term_string\"}}],\"inLanguage\":\"bs-BA\"},{\"@type\":\"Organization\",\"@id\":\"https:\/\/tuzlainfo.ba\/#organization\",\"name\":\"TuzlaInfo.ba\",\"url\":\"https:\/\/tuzlainfo.ba\/\",\"logo\":{\"@type\":\"ImageObject\",\"inLanguage\":\"bs-BA\",\"@id\":\"https:\/\/tuzlainfo.ba\/#\/schema\/logo\/image\/\",\"url\":\"https:\/\/tuzlainfo.ba\/wp-content\/uploads\/2021\/03\/logo-ver-3-1.png\",\"contentUrl\":\"https:\/\/tuzlainfo.ba\/wp-content\/uploads\/2021\/03\/logo-ver-3-1.png\",\"width\":350,\"height\":95,\"caption\":\"TuzlaInfo.ba\"},\"image\":{\"@id\":\"https:\/\/tuzlainfo.ba\/#\/schema\/logo\/image\/\"},\"sameAs\":[\"https:\/\/www.facebook.com\/tuzlainfo.ba\/\"]},{\"@type\":\"Person\",\"@id\":\"https:\/\/tuzlainfo.ba\/#\/schema\/person\/f4ebe4fff27e68efb65fa7e18f8af372\",\"name\":\"admin2\",\"image\":{\"@type\":\"ImageObject\",\"inLanguage\":\"bs-BA\",\"@id\":\"https:\/\/tuzlainfo.ba\/#\/schema\/person\/image\/\",\"url\":\"https:\/\/tuzlainfo.ba\/wp-content\/litespeed\/avatar\/8219eeb9a43cff2d096e773737736f62.jpg?ver=1777309398\",\"contentUrl\":\"https:\/\/tuzlainfo.ba\/wp-content\/litespeed\/avatar\/8219eeb9a43cff2d096e773737736f62.jpg?ver=1777309398\",\"caption\":\"admin2\"},\"description\":\"Tuzlainfo.ba pratite na dru\u0161tvenim mre\u017eama: Facebook, Instagram i Youtube. Svoje pri\u010de, upite i fotografije \u0161aljite na na\u0161u e-mail adresu.\",\"sameAs\":[\"admin\"]}]}<\/script>\n<!-- \/ Yoast SEO plugin. -->","yoast_head_json":{"title":"Objavljen poziv: Postanite \u010dlanovi Skup\u0161tine SOS Dje\u010dijih sela Bosne i Hercegovine - TuzlaInfo.ba","robots":{"index":"index","follow":"follow","max-snippet":"max-snippet:-1","max-image-preview":"max-image-preview:large","max-video-preview":"max-video-preview:-1"},"canonical":"https:\/\/tuzlainfo.ba\/index.php\/bosna-i-hercegovina\/item\/245020-objavljen-poziv-postanite-clanovi-skupstine-sos-djecijih-sela-bosne-i-hercegovine\/","og_locale":"bs_BA","og_type":"article","og_title":"Objavljen poziv: Postanite \u010dlanovi Skup\u0161tine SOS Dje\u010dijih sela Bosne i Hercegovine - TuzlaInfo.ba","og_description":"Predstavni\u0161tvo strane humanitarne organizacije SOS Kinderdorf International sa sjedi\u0161tem u Sarajevu, poznato kao SOS Dje\u010dija&hellip;","og_url":"https:\/\/tuzlainfo.ba\/index.php\/bosna-i-hercegovina\/item\/245020-objavljen-poziv-postanite-clanovi-skupstine-sos-djecijih-sela-bosne-i-hercegovine\/","og_site_name":"TuzlaInfo.ba","article_publisher":"https:\/\/www.facebook.com\/tuzlainfo.ba\/","article_published_time":"2024-07-26T08:30:34+00:00","article_modified_time":"2024-07-26T07:21:16+00:00","og_image":[{"width":871,"height":540,"url":"https:\/\/tuzlainfo.ba\/wp-content\/uploads\/2024\/07\/2607djecja-sela-bih-sos.webp","type":"image\/webp"}],"author":"admin2","twitter_card":"summary_large_image","twitter_misc":{"Written by":"admin2","Est. reading time":"3 minute"},"schema":{"@context":"https:\/\/schema.org","@graph":[{"@type":"Article","@id":"https:\/\/tuzlainfo.ba\/index.php\/bosna-i-hercegovina\/item\/245020-objavljen-poziv-postanite-clanovi-skupstine-sos-djecijih-sela-bosne-i-hercegovine\/#article","isPartOf":{"@id":"https:\/\/tuzlainfo.ba\/index.php\/bosna-i-hercegovina\/item\/245020-objavljen-poziv-postanite-clanovi-skupstine-sos-djecijih-sela-bosne-i-hercegovine\/"},"author":{"name":"admin2","@id":"https:\/\/tuzlainfo.ba\/#\/schema\/person\/f4ebe4fff27e68efb65fa7e18f8af372"},"headline":"Objavljen poziv: Postanite \u010dlanovi Skup\u0161tine SOS Dje\u010dijih sela Bosne i Hercegovine","datePublished":"2024-07-26T08:30:34+00:00","dateModified":"2024-07-26T07:21:16+00:00","mainEntityOfPage":{"@id":"https:\/\/tuzlainfo.ba\/index.php\/bosna-i-hercegovina\/item\/245020-objavljen-poziv-postanite-clanovi-skupstine-sos-djecijih-sela-bosne-i-hercegovine\/"},"wordCount":439,"publisher":{"@id":"https:\/\/tuzlainfo.ba\/#organization"},"image":{"@id":"https:\/\/tuzlainfo.ba\/index.php\/bosna-i-hercegovina\/item\/245020-objavljen-poziv-postanite-clanovi-skupstine-sos-djecijih-sela-bosne-i-hercegovine\/#primaryimage"},"thumbnailUrl":"https:\/\/tuzlainfo.ba\/wp-content\/uploads\/2024\/07\/2607djecja-sela-bih-sos.webp","keywords":["sos dje\u010dija sela"],"articleSection":["Bosna i Hercegovina"],"inLanguage":"bs-BA"},{"@type":"WebPage","@id":"https:\/\/tuzlainfo.ba\/index.php\/bosna-i-hercegovina\/item\/245020-objavljen-poziv-postanite-clanovi-skupstine-sos-djecijih-sela-bosne-i-hercegovine\/","url":"https:\/\/tuzlainfo.ba\/index.php\/bosna-i-hercegovina\/item\/245020-objavljen-poziv-postanite-clanovi-skupstine-sos-djecijih-sela-bosne-i-hercegovine\/","name":"Objavljen poziv: Postanite \u010dlanovi Skup\u0161tine SOS Dje\u010dijih sela Bosne i Hercegovine - TuzlaInfo.ba","isPartOf":{"@id":"https:\/\/tuzlainfo.ba\/#website"},"primaryImageOfPage":{"@id":"https:\/\/tuzlainfo.ba\/index.php\/bosna-i-hercegovina\/item\/245020-objavljen-poziv-postanite-clanovi-skupstine-sos-djecijih-sela-bosne-i-hercegovine\/#primaryimage"},"image":{"@id":"https:\/\/tuzlainfo.ba\/index.php\/bosna-i-hercegovina\/item\/245020-objavljen-poziv-postanite-clanovi-skupstine-sos-djecijih-sela-bosne-i-hercegovine\/#primaryimage"},"thumbnailUrl":"https:\/\/tuzlainfo.ba\/wp-content\/uploads\/2024\/07\/2607djecja-sela-bih-sos.webp","datePublished":"2024-07-26T08:30:34+00:00","dateModified":"2024-07-26T07:21:16+00:00","breadcrumb":{"@id":"https:\/\/tuzlainfo.ba\/index.php\/bosna-i-hercegovina\/item\/245020-objavljen-poziv-postanite-clanovi-skupstine-sos-djecijih-sela-bosne-i-hercegovine\/#breadcrumb"},"inLanguage":"bs-BA","potentialAction":[{"@type":"ReadAction","target":["https:\/\/tuzlainfo.ba\/index.php\/bosna-i-hercegovina\/item\/245020-objavljen-poziv-postanite-clanovi-skupstine-sos-djecijih-sela-bosne-i-hercegovine\/"]}]},{"@type":"ImageObject","inLanguage":"bs-BA","@id":"https:\/\/tuzlainfo.ba\/index.php\/bosna-i-hercegovina\/item\/245020-objavljen-poziv-postanite-clanovi-skupstine-sos-djecijih-sela-bosne-i-hercegovine\/#primaryimage","url":"https:\/\/tuzlainfo.ba\/wp-content\/uploads\/2024\/07\/2607djecja-sela-bih-sos.webp","contentUrl":"https:\/\/tuzlainfo.ba\/wp-content\/uploads\/2024\/07\/2607djecja-sela-bih-sos.webp","width":871,"height":540},{"@type":"BreadcrumbList","@id":"https:\/\/tuzlainfo.ba\/index.php\/bosna-i-hercegovina\/item\/245020-objavljen-poziv-postanite-clanovi-skupstine-sos-djecijih-sela-bosne-i-hercegovine\/#breadcrumb","itemListElement":[{"@type":"ListItem","position":1,"name":"Home","item":"https:\/\/tuzlainfo.ba\/"},{"@type":"ListItem","position":2,"name":"Objavljen poziv: Postanite \u010dlanovi Skup\u0161tine SOS Dje\u010dijih sela Bosne i Hercegovine"}]},{"@type":"WebSite","@id":"https:\/\/tuzlainfo.ba\/#website","url":"https:\/\/tuzlainfo.ba\/","name":"TuzlaInfo.ba","description":"Tuzla info, gradski informator - Tuzla na dlanu","publisher":{"@id":"https:\/\/tuzlainfo.ba\/#organization"},"potentialAction":[{"@type":"SearchAction","target":{"@type":"EntryPoint","urlTemplate":"https:\/\/tuzlainfo.ba\/?s={search_term_string}"},"query-input":{"@type":"PropertyValueSpecification","valueRequired":true,"valueName":"search_term_string"}}],"inLanguage":"bs-BA"},{"@type":"Organization","@id":"https:\/\/tuzlainfo.ba\/#organization","name":"TuzlaInfo.ba","url":"https:\/\/tuzlainfo.ba\/","logo":{"@type":"ImageObject","inLanguage":"bs-BA","@id":"https:\/\/tuzlainfo.ba\/#\/schema\/logo\/image\/","url":"https:\/\/tuzlainfo.ba\/wp-content\/uploads\/2021\/03\/logo-ver-3-1.png","contentUrl":"https:\/\/tuzlainfo.ba\/wp-content\/uploads\/2021\/03\/logo-ver-3-1.png","width":350,"height":95,"caption":"TuzlaInfo.ba"},"image":{"@id":"https:\/\/tuzlainfo.ba\/#\/schema\/logo\/image\/"},"sameAs":["https:\/\/www.facebook.com\/tuzlainfo.ba\/"]},{"@type":"Person","@id":"https:\/\/tuzlainfo.ba\/#\/schema\/person\/f4ebe4fff27e68efb65fa7e18f8af372","name":"admin2","image":{"@type":"ImageObject","inLanguage":"bs-BA","@id":"https:\/\/tuzlainfo.ba\/#\/schema\/person\/image\/","url":"https:\/\/tuzlainfo.ba\/wp-content\/litespeed\/avatar\/8219eeb9a43cff2d096e773737736f62.jpg?ver=1777309398","contentUrl":"https:\/\/tuzlainfo.ba\/wp-content\/litespeed\/avatar\/8219eeb9a43cff2d096e773737736f62.jpg?ver=1777309398","caption":"admin2"},"description":"Tuzlainfo.ba pratite na dru\u0161tvenim mre\u017eama: Facebook, Instagram i Youtube. Svoje pri\u010de, upite i fotografije \u0161aljite na na\u0161u e-mail adresu.","sameAs":["admin"]}]}},"_links":{"self":[{"href":"https:\/\/tuzlainfo.ba\/index.php\/wp-json\/wp\/v2\/posts\/245020"}],"collection":[{"href":"https:\/\/tuzlainfo.ba\/index.php\/wp-json\/wp\/v2\/posts"}],"about":[{"href":"https:\/\/tuzlainfo.ba\/index.php\/wp-json\/wp\/v2\/types\/post"}],"author":[{"embeddable":true,"href":"https:\/\/tuzlainfo.ba\/index.php\/wp-json\/wp\/v2\/users\/3"}],"replies":[{"embeddable":true,"href":"https:\/\/tuzlainfo.ba\/index.php\/wp-json\/wp\/v2\/comments?post=245020"}],"version-history":[{"count":1,"href":"https:\/\/tuzlainfo.ba\/index.php\/wp-json\/wp\/v2\/posts\/245020\/revisions"}],"predecessor-version":[{"id":245022,"href":"https:\/\/tuzlainfo.ba\/index.php\/wp-json\/wp\/v2\/posts\/245020\/revisions\/245022"}],"wp:featuredmedia":[{"embeddable":true,"href":"https:\/\/tuzlainfo.ba\/index.php\/wp-json\/wp\/v2\/media\/245021"}],"wp:attachment":[{"href":"https:\/\/tuzlainfo.ba\/index.php\/wp-json\/wp\/v2\/media?parent=245020"}],"wp:term":[{"taxonomy":"category","embeddable":true,"href":"https:\/\/tuzlainfo.ba\/index.php\/wp-json\/wp\/v2\/categories?post=245020"},{"taxonomy":"post_tag","embeddable":true,"href":"https:\/\/tuzlainfo.ba\/index.php\/wp-json\/wp\/v2\/tags?post=245020"}],"curies":[{"name":"wp","href":"https:\/\/api.w.org\/{rel}","templated":true}]}}