{"id":245014,"date":"2024-07-26T09:05:49","date_gmt":"2024-07-26T07:05:49","guid":{"rendered":"https:\/\/tuzlainfo.ba\/?p=245014"},"modified":"2024-07-26T07:54:50","modified_gmt":"2024-07-26T05:54:50","slug":"veceras-pocinju-olimpijske-igre-pudar-najveca-uzdanica-bih","status":"publish","type":"post","link":"https:\/\/tuzlainfo.ba\/index.php\/istaknuto\/item\/245014-veceras-pocinju-olimpijske-igre-pudar-najveca-uzdanica-bih\/","title":{"rendered":"Ve\u010deras po\u010dinju Olimpijske igre, Pudar najve\u0107a uzdanica BiH"},"content":{"rendered":"<p>Ve\u010deras u francuskoj prijestolnici Parizu po\u010dinju Olimpijske igre 2024. Pariz \u0107e nakon Londona postati drugi grad koji je tri puta bio doma\u0107in Igara (1900, 1924, i 2024).<\/p>\n<p>Po prvi put u historiji ljetnih Olimpijskih igara, Pariz 2024. bit \u0107e doma\u0107in kultne\u00a0ceremonije otvaranja\u00a0izvan stadiona &#8211; i bit \u0107e ve\u0107a od bilo koje do sada. Revolucionarni doga\u0111aj bit \u0107e odr\u017ean na rijeci Seni, gdje \u0107e sporta\u0161i plutati rijekom na \u010damcima sa svojim nacionalnim olimpijskim odborima kako bi zapo\u010deli Igre.<\/p>\n<p>Gledatelji \u0107e mo\u0107i gledati cijelu paradu s obala rijeke, a ovo je prvi put da \u0107e ceremonija otvaranja biti otvorena za \u0161to vi\u0161e ljudi bez naplate ulaza, osim u jednom dijelu. Diljem francuske prijestolnice \u0107e biti postavljeno 80 divovskih ekrana sa zvu\u010dnicima, tako da \u0107e cijeli grad mo\u0107i u\u017eivati \u200b\u200bu atmosferi.<\/p>\n<p>Na Olimpijadi \u0107e se za odli\u010dja boriti 10.500 sporta\u0161a. Zanimljivo je da \u0107e ova Olimpijada biti prva u historiji sa potpunom ravnopravno\u0161\u0107u spolova, odnosno jednakim brojem mu\u0161kih i \u017eenskih sportista \u2013 5.250 svakog spola.<\/p>\n<p>Slogan ljetnjih Olimpijskih igara je &#8220;Igre otvorenih vrata&#8221; (Games Wide Open) i u skladu s tim organizatori su odlu\u010dili pretvoriti popularne znamenitosti, kao \u0161to su simbol Grada svjetlosti &#8211; Eiffelov toranj, muzejski kompleks Grand Palais, najve\u0107i pari\u0161ki trg Place de la Concorde i drugi, u olimpijska mjesta takmi\u010denja.<\/p>\n<p>&#8220;Frige&#8221; su slu\u017ebene maskote Olimpijskih i Paraolimpijskih igara 2024. Inspirisane su tradicionalnim frigijskim kapama, simbolima slobode i Francuske Republike.<\/p>\n<p>Pobjednici \u0107e dobiti dio Eiffelovog tornja kao uspomenu, jer \u0107e svaka medalja sadr\u017eavati 18 grama \u017eeljeza uklonjenog tokom obnove tornja. Komad originalnog \u017eeljeza iz legendarnog spomenika nalazit \u0107e se u sredi\u0161tu svake bronzane, srebrne i zlatne medalje u \u0161esterokutnom obliku, ozna\u010den logom Igara.<\/p>\n<p>Rijeka Sena \u0107e stolje\u0107e nakon prvih Igara u Parizu 1900. biti doma\u0107in maratonskog plivanja i pliva\u010dkog dijela triatlona. Pariz 2024. te\u017ei biti &#8220;najzelenije&#8221; Olimpijske igre ikada. Sportske sobe ne\u0107e imati klima-ure\u0111aje, ve\u0107 sistem hla\u0111enja baziran na podzemnim vodama.<\/p>\n<p>Igre\u00a0su se obvezale smanjiti uglji\u010dni otisak za polovicu u usporedbi s prethodnim izdanjima smanjenjem emisije ugljika s inovativnim energetskim modelima, minimiziranjem utjecaja svih materijala. Rijeka Sena je sigurna za plivanje po prvi put u vi\u0161e od 100 godina. Da to doka\u017ee, u rijeku je prva usko\u010dila gradona\u010delnica Pariza Anne Hidalgo.<\/p>\n<p>Pariz 2024. \u0107e predstaviti novi sport na Olimpijadi \u2013 breaking, urbani plesni stil nastao u Sjedinjenim Dr\u017eavama 1970-ih. S korijenima u hip-hop kulturi, breaking se najprije oblikovao na \u017eivahnim blokovskim zabavama u \u010detvrti Bronx u New Yorku, a karakteriziraju ga akrobatski pokreti, stilizirani rad nogu i klju\u010dna uloga DJ-a i MC-a tokom bitaka. Surfanje,\u00a0skateboarding,\u00a0BMX freestyle\u00a0i\u00a0sportsko penjanje\u00a0debitirali su u\u00a0Tokiju 2020.<\/p>\n<p>Po prvi put javnost \u0107e mo\u0107i sudjelovati u olimpijskom maratonu, tr\u010de\u0107i istu stazu kao i olimpijci. O\u010dekuje se u\u010de\u0161\u0107e 35.000 amaterskih trka\u010da.<\/p>\n<p>Iako je Pariz glavni doma\u0107in, takmi\u010denja \u0107e se odr\u017eavati u 16 drugih gradova \u0161irom Francuske. Najzanimljivije \u0107e biti takmi\u010denje u surfanju, koje \u0107e biti odr\u017eano na Tahitiju, na poznatim valovima Teahupo'o, 15.000 kilometara udaljenim od Pariza. Ovo \u0107e biti najudaljenije mjesto odr\u017eavanja olimpijskog takmi\u010denja u historiji.<\/p>\n<p>Jedan od ciljeva Me\u0111unarodnog olimpijskog komiteta (MOK) je da obimnim programom doping testiranja o\u010duva Olimpijske igre u Parizu \u0161to \u010distijim.<\/p>\n<p>Za provo\u0111enje nadzora u periodu prije i tokom OI zadu\u017eena je Me\u0111unarodna agencija za testiranje (ITA), koja je nezavisna od MOK-a. ITA \u0107e u Parizu do 11. augusta obaviti oko 6.000 testova nad vi\u0161e od 10.000 sportista. MOK \u0107e do tog datuma uzeti pribli\u017eno 6.000 uzoraka, koji \u0107e svi biti analizirani u laboratoriji Me\u0111unarodne antidoping agencije (WADA) u Parizu.<\/p>\n<p>Svi uzorci uzeti u Parizu bi\u0107e \u010duvani deset godina za potencijalna budu\u0107a ponovna testiranja &#8211; kori\u0161tenjem pobolj\u0161anih ili novih metoda.<\/p>\n<p>Ni u Parizu ne\u0107e biti mnogo ruskih, kao ni bjeloruskih sportista zbog sankcija i rata u Ukrajini.<\/p>\n<p>Boje Bosne i Hercegovine na najve\u0107em sportskom doga\u0111aju branit \u0107e pliva\u010di Lana Pudar i Jovan Leki\u0107, atleti\u010dar Mesud Pezer i d\u017eudistkinje Larisa Ceri\u0107 i Aleksandra Samard\u017ei\u0107. Ovo \u0107e biti tre\u0107e Olimpijske igre za Ceri\u0107 i Pezera, druge za Pudar, dok \u0107e u Parizu debitovati Samard\u017ei\u0107 i Leki\u0107.<\/p>\n<p>Bh. javnost najve\u0107u nadu za osvajanje prve olimpijske medalje za BiH pola\u017ee u trofejnu pliva\u010dicu i trenutno najbolju bh. sporta\u0161icu Lanu Pudar, koja je u naglasila da se osje\u0107a dobro i spremno za ovo veliko takmi\u010denje, pi\u0161e Fena.<\/p>\n","protected":false},"excerpt":{"rendered":"<p>Ve\u010deras u francuskoj prijestolnici Parizu po\u010dinju Olimpijske igre 2024. Pariz \u0107e nakon Londona postati drugi&hellip;<\/p>\n","protected":false},"author":4,"featured_media":245015,"comment_status":"closed","ping_status":"closed","sticky":false,"template":"","format":"standard","meta":{"_acf_changed":false,"footnotes":""},"categories":[304,16],"tags":[10596],"acf":[],"yoast_head":"<!-- This site is optimized with the Yoast SEO plugin v23.5 - https:\/\/yoast.com\/wordpress\/plugins\/seo\/ -->\n<title>Ve\u010deras po\u010dinju Olimpijske igre, Pudar najve\u0107a uzdanica BiH - TuzlaInfo.ba<\/title>\n<meta name=\"robots\" content=\"index, follow, max-snippet:-1, max-image-preview:large, max-video-preview:-1\" \/>\n<link rel=\"canonical\" href=\"https:\/\/tuzlainfo.ba\/index.php\/istaknuto\/item\/245014-veceras-pocinju-olimpijske-igre-pudar-najveca-uzdanica-bih\/\" \/>\n<meta property=\"og:locale\" content=\"bs_BA\" \/>\n<meta property=\"og:type\" content=\"article\" \/>\n<meta property=\"og:title\" content=\"Ve\u010deras po\u010dinju Olimpijske igre, Pudar najve\u0107a uzdanica BiH - TuzlaInfo.ba\" \/>\n<meta property=\"og:description\" content=\"Ve\u010deras u francuskoj prijestolnici Parizu po\u010dinju Olimpijske igre 2024. Pariz \u0107e nakon Londona postati drugi&hellip;\" \/>\n<meta property=\"og:url\" content=\"https:\/\/tuzlainfo.ba\/index.php\/istaknuto\/item\/245014-veceras-pocinju-olimpijske-igre-pudar-najveca-uzdanica-bih\/\" \/>\n<meta property=\"og:site_name\" content=\"TuzlaInfo.ba\" \/>\n<meta property=\"article:publisher\" content=\"https:\/\/www.facebook.com\/tuzlainfo.ba\/\" \/>\n<meta property=\"article:published_time\" content=\"2024-07-26T07:05:49+00:00\" \/>\n<meta property=\"article:modified_time\" content=\"2024-07-26T05:54:50+00:00\" \/>\n<meta property=\"og:image\" content=\"https:\/\/tuzlainfo.ba\/wp-content\/uploads\/2024\/07\/olimpijske-igre.jpg\" \/>\n\t<meta property=\"og:image:width\" content=\"800\" \/>\n\t<meta property=\"og:image:height\" content=\"533\" \/>\n\t<meta property=\"og:image:type\" content=\"image\/jpeg\" \/>\n<meta name=\"author\" content=\"Tuzla Info\" \/>\n<meta name=\"twitter:card\" content=\"summary_large_image\" \/>\n<meta name=\"twitter:label1\" content=\"Written by\" \/>\n\t<meta name=\"twitter:data1\" content=\"Tuzla Info\" \/>\n\t<meta name=\"twitter:label2\" content=\"Est. reading time\" \/>\n\t<meta name=\"twitter:data2\" content=\"4 minute\" \/>\n<script type=\"application\/ld+json\" class=\"yoast-schema-graph\">{\"@context\":\"https:\/\/schema.org\",\"@graph\":[{\"@type\":\"Article\",\"@id\":\"https:\/\/tuzlainfo.ba\/index.php\/istaknuto\/item\/245014-veceras-pocinju-olimpijske-igre-pudar-najveca-uzdanica-bih\/#article\",\"isPartOf\":{\"@id\":\"https:\/\/tuzlainfo.ba\/index.php\/istaknuto\/item\/245014-veceras-pocinju-olimpijske-igre-pudar-najveca-uzdanica-bih\/\"},\"author\":{\"name\":\"Tuzla Info\",\"@id\":\"https:\/\/tuzlainfo.ba\/#\/schema\/person\/46cad4c57790cbc50781edd14870825a\"},\"headline\":\"Ve\u010deras po\u010dinju Olimpijske igre, Pudar najve\u0107a uzdanica BiH\",\"datePublished\":\"2024-07-26T07:05:49+00:00\",\"dateModified\":\"2024-07-26T05:54:50+00:00\",\"mainEntityOfPage\":{\"@id\":\"https:\/\/tuzlainfo.ba\/index.php\/istaknuto\/item\/245014-veceras-pocinju-olimpijske-igre-pudar-najveca-uzdanica-bih\/\"},\"wordCount\":767,\"publisher\":{\"@id\":\"https:\/\/tuzlainfo.ba\/#organization\"},\"image\":{\"@id\":\"https:\/\/tuzlainfo.ba\/index.php\/istaknuto\/item\/245014-veceras-pocinju-olimpijske-igre-pudar-najveca-uzdanica-bih\/#primaryimage\"},\"thumbnailUrl\":\"https:\/\/tuzlainfo.ba\/wp-content\/uploads\/2024\/07\/olimpijske-igre.jpg\",\"keywords\":[\"olimpijske igre 2024\"],\"articleSection\":[\"Istaknuto\",\"Sa svih strana\"],\"inLanguage\":\"bs-BA\"},{\"@type\":\"WebPage\",\"@id\":\"https:\/\/tuzlainfo.ba\/index.php\/istaknuto\/item\/245014-veceras-pocinju-olimpijske-igre-pudar-najveca-uzdanica-bih\/\",\"url\":\"https:\/\/tuzlainfo.ba\/index.php\/istaknuto\/item\/245014-veceras-pocinju-olimpijske-igre-pudar-najveca-uzdanica-bih\/\",\"name\":\"Ve\u010deras po\u010dinju Olimpijske igre, Pudar najve\u0107a uzdanica BiH - TuzlaInfo.ba\",\"isPartOf\":{\"@id\":\"https:\/\/tuzlainfo.ba\/#website\"},\"primaryImageOfPage\":{\"@id\":\"https:\/\/tuzlainfo.ba\/index.php\/istaknuto\/item\/245014-veceras-pocinju-olimpijske-igre-pudar-najveca-uzdanica-bih\/#primaryimage\"},\"image\":{\"@id\":\"https:\/\/tuzlainfo.ba\/index.php\/istaknuto\/item\/245014-veceras-pocinju-olimpijske-igre-pudar-najveca-uzdanica-bih\/#primaryimage\"},\"thumbnailUrl\":\"https:\/\/tuzlainfo.ba\/wp-content\/uploads\/2024\/07\/olimpijske-igre.jpg\",\"datePublished\":\"2024-07-26T07:05:49+00:00\",\"dateModified\":\"2024-07-26T05:54:50+00:00\",\"breadcrumb\":{\"@id\":\"https:\/\/tuzlainfo.ba\/index.php\/istaknuto\/item\/245014-veceras-pocinju-olimpijske-igre-pudar-najveca-uzdanica-bih\/#breadcrumb\"},\"inLanguage\":\"bs-BA\",\"potentialAction\":[{\"@type\":\"ReadAction\",\"target\":[\"https:\/\/tuzlainfo.ba\/index.php\/istaknuto\/item\/245014-veceras-pocinju-olimpijske-igre-pudar-najveca-uzdanica-bih\/\"]}]},{\"@type\":\"ImageObject\",\"inLanguage\":\"bs-BA\",\"@id\":\"https:\/\/tuzlainfo.ba\/index.php\/istaknuto\/item\/245014-veceras-pocinju-olimpijske-igre-pudar-najveca-uzdanica-bih\/#primaryimage\",\"url\":\"https:\/\/tuzlainfo.ba\/wp-content\/uploads\/2024\/07\/olimpijske-igre.jpg\",\"contentUrl\":\"https:\/\/tuzlainfo.ba\/wp-content\/uploads\/2024\/07\/olimpijske-igre.jpg\",\"width\":800,\"height\":533},{\"@type\":\"BreadcrumbList\",\"@id\":\"https:\/\/tuzlainfo.ba\/index.php\/istaknuto\/item\/245014-veceras-pocinju-olimpijske-igre-pudar-najveca-uzdanica-bih\/#breadcrumb\",\"itemListElement\":[{\"@type\":\"ListItem\",\"position\":1,\"name\":\"Home\",\"item\":\"https:\/\/tuzlainfo.ba\/\"},{\"@type\":\"ListItem\",\"position\":2,\"name\":\"Ve\u010deras po\u010dinju Olimpijske igre, Pudar najve\u0107a uzdanica BiH\"}]},{\"@type\":\"WebSite\",\"@id\":\"https:\/\/tuzlainfo.ba\/#website\",\"url\":\"https:\/\/tuzlainfo.ba\/\",\"name\":\"TuzlaInfo.ba\",\"description\":\"Tuzla info, gradski informator - Tuzla na dlanu\",\"publisher\":{\"@id\":\"https:\/\/tuzlainfo.ba\/#organization\"},\"potentialAction\":[{\"@type\":\"SearchAction\",\"target\":{\"@type\":\"EntryPoint\",\"urlTemplate\":\"https:\/\/tuzlainfo.ba\/?s={search_term_string}\"},\"query-input\":{\"@type\":\"PropertyValueSpecification\",\"valueRequired\":true,\"valueName\":\"search_term_string\"}}],\"inLanguage\":\"bs-BA\"},{\"@type\":\"Organization\",\"@id\":\"https:\/\/tuzlainfo.ba\/#organization\",\"name\":\"TuzlaInfo.ba\",\"url\":\"https:\/\/tuzlainfo.ba\/\",\"logo\":{\"@type\":\"ImageObject\",\"inLanguage\":\"bs-BA\",\"@id\":\"https:\/\/tuzlainfo.ba\/#\/schema\/logo\/image\/\",\"url\":\"https:\/\/tuzlainfo.ba\/wp-content\/uploads\/2021\/03\/logo-ver-3-1.png\",\"contentUrl\":\"https:\/\/tuzlainfo.ba\/wp-content\/uploads\/2021\/03\/logo-ver-3-1.png\",\"width\":350,\"height\":95,\"caption\":\"TuzlaInfo.ba\"},\"image\":{\"@id\":\"https:\/\/tuzlainfo.ba\/#\/schema\/logo\/image\/\"},\"sameAs\":[\"https:\/\/www.facebook.com\/tuzlainfo.ba\/\"]},{\"@type\":\"Person\",\"@id\":\"https:\/\/tuzlainfo.ba\/#\/schema\/person\/46cad4c57790cbc50781edd14870825a\",\"name\":\"Tuzla Info\",\"image\":{\"@type\":\"ImageObject\",\"inLanguage\":\"bs-BA\",\"@id\":\"https:\/\/tuzlainfo.ba\/#\/schema\/person\/image\/\",\"url\":\"https:\/\/tuzlainfo.ba\/wp-content\/litespeed\/avatar\/b6c453a6c38e3654f2e4416c643fc25c.jpg?ver=1777656712\",\"contentUrl\":\"https:\/\/tuzlainfo.ba\/wp-content\/litespeed\/avatar\/b6c453a6c38e3654f2e4416c643fc25c.jpg?ver=1777656712\",\"caption\":\"Tuzla Info\"}}]}<\/script>\n<!-- \/ Yoast SEO plugin. -->","yoast_head_json":{"title":"Ve\u010deras po\u010dinju Olimpijske igre, Pudar najve\u0107a uzdanica BiH - TuzlaInfo.ba","robots":{"index":"index","follow":"follow","max-snippet":"max-snippet:-1","max-image-preview":"max-image-preview:large","max-video-preview":"max-video-preview:-1"},"canonical":"https:\/\/tuzlainfo.ba\/index.php\/istaknuto\/item\/245014-veceras-pocinju-olimpijske-igre-pudar-najveca-uzdanica-bih\/","og_locale":"bs_BA","og_type":"article","og_title":"Ve\u010deras po\u010dinju Olimpijske igre, Pudar najve\u0107a uzdanica BiH - TuzlaInfo.ba","og_description":"Ve\u010deras u francuskoj prijestolnici Parizu po\u010dinju Olimpijske igre 2024. Pariz \u0107e nakon Londona postati drugi&hellip;","og_url":"https:\/\/tuzlainfo.ba\/index.php\/istaknuto\/item\/245014-veceras-pocinju-olimpijske-igre-pudar-najveca-uzdanica-bih\/","og_site_name":"TuzlaInfo.ba","article_publisher":"https:\/\/www.facebook.com\/tuzlainfo.ba\/","article_published_time":"2024-07-26T07:05:49+00:00","article_modified_time":"2024-07-26T05:54:50+00:00","og_image":[{"width":800,"height":533,"url":"https:\/\/tuzlainfo.ba\/wp-content\/uploads\/2024\/07\/olimpijske-igre.jpg","type":"image\/jpeg"}],"author":"Tuzla Info","twitter_card":"summary_large_image","twitter_misc":{"Written by":"Tuzla Info","Est. reading time":"4 minute"},"schema":{"@context":"https:\/\/schema.org","@graph":[{"@type":"Article","@id":"https:\/\/tuzlainfo.ba\/index.php\/istaknuto\/item\/245014-veceras-pocinju-olimpijske-igre-pudar-najveca-uzdanica-bih\/#article","isPartOf":{"@id":"https:\/\/tuzlainfo.ba\/index.php\/istaknuto\/item\/245014-veceras-pocinju-olimpijske-igre-pudar-najveca-uzdanica-bih\/"},"author":{"name":"Tuzla Info","@id":"https:\/\/tuzlainfo.ba\/#\/schema\/person\/46cad4c57790cbc50781edd14870825a"},"headline":"Ve\u010deras po\u010dinju Olimpijske igre, Pudar najve\u0107a uzdanica BiH","datePublished":"2024-07-26T07:05:49+00:00","dateModified":"2024-07-26T05:54:50+00:00","mainEntityOfPage":{"@id":"https:\/\/tuzlainfo.ba\/index.php\/istaknuto\/item\/245014-veceras-pocinju-olimpijske-igre-pudar-najveca-uzdanica-bih\/"},"wordCount":767,"publisher":{"@id":"https:\/\/tuzlainfo.ba\/#organization"},"image":{"@id":"https:\/\/tuzlainfo.ba\/index.php\/istaknuto\/item\/245014-veceras-pocinju-olimpijske-igre-pudar-najveca-uzdanica-bih\/#primaryimage"},"thumbnailUrl":"https:\/\/tuzlainfo.ba\/wp-content\/uploads\/2024\/07\/olimpijske-igre.jpg","keywords":["olimpijske igre 2024"],"articleSection":["Istaknuto","Sa svih strana"],"inLanguage":"bs-BA"},{"@type":"WebPage","@id":"https:\/\/tuzlainfo.ba\/index.php\/istaknuto\/item\/245014-veceras-pocinju-olimpijske-igre-pudar-najveca-uzdanica-bih\/","url":"https:\/\/tuzlainfo.ba\/index.php\/istaknuto\/item\/245014-veceras-pocinju-olimpijske-igre-pudar-najveca-uzdanica-bih\/","name":"Ve\u010deras po\u010dinju Olimpijske igre, Pudar najve\u0107a uzdanica BiH - TuzlaInfo.ba","isPartOf":{"@id":"https:\/\/tuzlainfo.ba\/#website"},"primaryImageOfPage":{"@id":"https:\/\/tuzlainfo.ba\/index.php\/istaknuto\/item\/245014-veceras-pocinju-olimpijske-igre-pudar-najveca-uzdanica-bih\/#primaryimage"},"image":{"@id":"https:\/\/tuzlainfo.ba\/index.php\/istaknuto\/item\/245014-veceras-pocinju-olimpijske-igre-pudar-najveca-uzdanica-bih\/#primaryimage"},"thumbnailUrl":"https:\/\/tuzlainfo.ba\/wp-content\/uploads\/2024\/07\/olimpijske-igre.jpg","datePublished":"2024-07-26T07:05:49+00:00","dateModified":"2024-07-26T05:54:50+00:00","breadcrumb":{"@id":"https:\/\/tuzlainfo.ba\/index.php\/istaknuto\/item\/245014-veceras-pocinju-olimpijske-igre-pudar-najveca-uzdanica-bih\/#breadcrumb"},"inLanguage":"bs-BA","potentialAction":[{"@type":"ReadAction","target":["https:\/\/tuzlainfo.ba\/index.php\/istaknuto\/item\/245014-veceras-pocinju-olimpijske-igre-pudar-najveca-uzdanica-bih\/"]}]},{"@type":"ImageObject","inLanguage":"bs-BA","@id":"https:\/\/tuzlainfo.ba\/index.php\/istaknuto\/item\/245014-veceras-pocinju-olimpijske-igre-pudar-najveca-uzdanica-bih\/#primaryimage","url":"https:\/\/tuzlainfo.ba\/wp-content\/uploads\/2024\/07\/olimpijske-igre.jpg","contentUrl":"https:\/\/tuzlainfo.ba\/wp-content\/uploads\/2024\/07\/olimpijske-igre.jpg","width":800,"height":533},{"@type":"BreadcrumbList","@id":"https:\/\/tuzlainfo.ba\/index.php\/istaknuto\/item\/245014-veceras-pocinju-olimpijske-igre-pudar-najveca-uzdanica-bih\/#breadcrumb","itemListElement":[{"@type":"ListItem","position":1,"name":"Home","item":"https:\/\/tuzlainfo.ba\/"},{"@type":"ListItem","position":2,"name":"Ve\u010deras po\u010dinju Olimpijske igre, Pudar najve\u0107a uzdanica BiH"}]},{"@type":"WebSite","@id":"https:\/\/tuzlainfo.ba\/#website","url":"https:\/\/tuzlainfo.ba\/","name":"TuzlaInfo.ba","description":"Tuzla info, gradski informator - Tuzla na dlanu","publisher":{"@id":"https:\/\/tuzlainfo.ba\/#organization"},"potentialAction":[{"@type":"SearchAction","target":{"@type":"EntryPoint","urlTemplate":"https:\/\/tuzlainfo.ba\/?s={search_term_string}"},"query-input":{"@type":"PropertyValueSpecification","valueRequired":true,"valueName":"search_term_string"}}],"inLanguage":"bs-BA"},{"@type":"Organization","@id":"https:\/\/tuzlainfo.ba\/#organization","name":"TuzlaInfo.ba","url":"https:\/\/tuzlainfo.ba\/","logo":{"@type":"ImageObject","inLanguage":"bs-BA","@id":"https:\/\/tuzlainfo.ba\/#\/schema\/logo\/image\/","url":"https:\/\/tuzlainfo.ba\/wp-content\/uploads\/2021\/03\/logo-ver-3-1.png","contentUrl":"https:\/\/tuzlainfo.ba\/wp-content\/uploads\/2021\/03\/logo-ver-3-1.png","width":350,"height":95,"caption":"TuzlaInfo.ba"},"image":{"@id":"https:\/\/tuzlainfo.ba\/#\/schema\/logo\/image\/"},"sameAs":["https:\/\/www.facebook.com\/tuzlainfo.ba\/"]},{"@type":"Person","@id":"https:\/\/tuzlainfo.ba\/#\/schema\/person\/46cad4c57790cbc50781edd14870825a","name":"Tuzla Info","image":{"@type":"ImageObject","inLanguage":"bs-BA","@id":"https:\/\/tuzlainfo.ba\/#\/schema\/person\/image\/","url":"https:\/\/tuzlainfo.ba\/wp-content\/litespeed\/avatar\/b6c453a6c38e3654f2e4416c643fc25c.jpg?ver=1777656712","contentUrl":"https:\/\/tuzlainfo.ba\/wp-content\/litespeed\/avatar\/b6c453a6c38e3654f2e4416c643fc25c.jpg?ver=1777656712","caption":"Tuzla Info"}}]}},"_links":{"self":[{"href":"https:\/\/tuzlainfo.ba\/index.php\/wp-json\/wp\/v2\/posts\/245014"}],"collection":[{"href":"https:\/\/tuzlainfo.ba\/index.php\/wp-json\/wp\/v2\/posts"}],"about":[{"href":"https:\/\/tuzlainfo.ba\/index.php\/wp-json\/wp\/v2\/types\/post"}],"author":[{"embeddable":true,"href":"https:\/\/tuzlainfo.ba\/index.php\/wp-json\/wp\/v2\/users\/4"}],"replies":[{"embeddable":true,"href":"https:\/\/tuzlainfo.ba\/index.php\/wp-json\/wp\/v2\/comments?post=245014"}],"version-history":[{"count":1,"href":"https:\/\/tuzlainfo.ba\/index.php\/wp-json\/wp\/v2\/posts\/245014\/revisions"}],"predecessor-version":[{"id":245016,"href":"https:\/\/tuzlainfo.ba\/index.php\/wp-json\/wp\/v2\/posts\/245014\/revisions\/245016"}],"wp:featuredmedia":[{"embeddable":true,"href":"https:\/\/tuzlainfo.ba\/index.php\/wp-json\/wp\/v2\/media\/245015"}],"wp:attachment":[{"href":"https:\/\/tuzlainfo.ba\/index.php\/wp-json\/wp\/v2\/media?parent=245014"}],"wp:term":[{"taxonomy":"category","embeddable":true,"href":"https:\/\/tuzlainfo.ba\/index.php\/wp-json\/wp\/v2\/categories?post=245014"},{"taxonomy":"post_tag","embeddable":true,"href":"https:\/\/tuzlainfo.ba\/index.php\/wp-json\/wp\/v2\/tags?post=245014"}],"curies":[{"name":"wp","href":"https:\/\/api.w.org\/{rel}","templated":true}]}}