{"id":244863,"date":"2024-07-24T22:04:46","date_gmt":"2024-07-24T20:04:46","guid":{"rendered":"https:\/\/tuzlainfo.ba\/?p=244863"},"modified":"2024-07-24T20:57:37","modified_gmt":"2024-07-24T18:57:37","slug":"aktivisti-pozdravili-odluku-vlade-tk-uspostavlja-se-nadzor-planine-konjuh","status":"publish","type":"post","link":"https:\/\/tuzlainfo.ba\/index.php\/novosti\/item\/244863-aktivisti-pozdravili-odluku-vlade-tk-uspostavlja-se-nadzor-planine-konjuh\/","title":{"rendered":"Aktivisti pozdravili odluku Vlade TK: Uspostavlja se nadzor planine Konjuh"},"content":{"rendered":"<div>\n<p>Aktivisti pokreta &#8220;Karton revolucija&#8221; pozdravili su aktivnosti i odluke\u00a0na uspostavljanju za\u0161tite planine Konjuh i zaustavljanju kra\u0111e \u0161ume.<\/p>\n<\/div>\n<p>U saop\u0107enju za javnost podsje\u0107aju da je Vlada Tuzlanskog kantona (TK) ju\u010de usvojila informaciju Ministarstva prostornog ure\u0111enja i za\u0161tite okolice TK o uspostavljanju za\u0161titnih mjera na prostoru Za\u0161ti\u0107enog pejza\u017ea &#8220;Konjuh&#8221;.<\/p>\n<p>U toj informaciji se navodi da su radovi na izgradnji nadzorne ku\u0107ice kao i postavljanju video nadzora na strani Kladnja u zavr\u0161noj fazi, te da se finalizacija radova o\u010dekuje kroz nekoliko dana. Video nadzor \u0107e slu\u017eiti kao mjera za\u0161tite od zloupotrebe sje\u010de \u0161ume, koja je detektovana od\u00a0 nevladinih organizacija. Budu\u0107i da se radi o dionici regionalne ceste koja je u nadle\u017enosti Vlade Federacije BiH, Vlada TK uputila je zahtjev Federalnoj vladi za pronala\u017eenje mogu\u0107nosti i za uspostavu rampe. Ministarstvo \u0107e nakon okon\u010danja radova (uspostavljanja info punkta i video nadzora) tako\u0111er, uputiti dopis JP \u201e\u0160ume\u201c TK, putem Ministarstva poljoprivrede, vodoprivrede i \u0161umarstva TK, u kojem \u0107e tra\u017eiti zaustavljanje vozila koji trenutno obavljaju redovnu sje\u010du u ZP \u201eKonjuh\u201c kako bi se osigurala kontrola sje\u010de \u0161ume u ZP \u201eKonjuh.<\/p>\n<p>&#8211; Ove aktivnosti predstavljaju direktan rezultat dvogodi\u0161nje borbe aktivista pokreta \u201cKarton revolucija\u201d na uspostavljanju za\u0161tite planine Konjuh i zaustavljanju kra\u0111e \u0161ume i ekocida koji se de\u0161ava na strani op\u0161tine Kladanj &#8211; navode aktivisti.<\/p>\n<p>Najavili su da \u0107e sutra biti odr\u017ean i zavr\u0161ni sastanak stru\u010dnog tima za reviziju Elaborata o progla\u0161enju dijela planine Konjuh za\u0161ti\u0107enim pejza\u017eom koja ima zadatak da utvrdi potrebu pro\u0161irenja zone za\u0161tite planine Konjuh posebno uzimaju\u0107i u obzir vodne tokove kao \u0161to je sliv rijeke Oskove i Pau\u010dko jezero. Nakon finaliziranja aktivnosti stru\u010dnog tima bi\u0107e stvorene i zavr\u0161ne pretpostavke za izmjene zakona i zaustavljanje sje\u010de u najugro\u017eenijim dijelovima planine Konjuh.<\/p>\n<p>&#8211; Implementacijom svih navedenih mjera stvorit \u0107e se preduslovi za spas planine Konjuh sa jedne strane, ali i zaustaviti jedna od najve\u0107ih koruptivnih i kriminalnih radnji kada je u pitanju sje\u010da \u0161ume &#8211; saop\u0107io je\u00a0pokret &#8220;Karton revolucija&#8221;.<\/p>\n","protected":false},"excerpt":{"rendered":"<p>Aktivisti pokreta &#8220;Karton revolucija&#8221; pozdravili su aktivnosti i odluke\u00a0na uspostavljanju za\u0161tite planine Konjuh i zaustavljanju kra\u0111e \u0161ume. U saop\u0107enju za javnost podsje\u0107aju da je Vlada Tuzlanskog kantona (TK) ju\u010de usvojila informaciju Ministarstva prostornog ure\u0111enja i za\u0161tite okolice TK o uspostavljanju za\u0161titnih mjera na prostoru Za\u0161ti\u0107enog pejza\u017ea &#8220;Konjuh&#8221;. U toj informaciji se navodi da su radovi [&hellip;]<\/p>\n","protected":false},"author":2,"featured_media":136173,"comment_status":"closed","ping_status":"closed","sticky":false,"template":"","format":"standard","meta":{"footnotes":""},"categories":[304,12],"tags":[4314,1747,336],"class_list":["post-244863","post","type-post","status-publish","format-standard","has-post-thumbnail","hentry","category-istaknuto","category-novosti","tag-karton-revolucija","tag-konjuh","tag-vlada-tk"],"yoast_head":"<!-- This site is optimized with the Yoast SEO plugin v28.3 - https:\/\/yoast.com\/product\/yoast-seo-wordpress\/ -->\n<title>Aktivisti pozdravili odluku Vlade TK: Uspostavlja se nadzor planine Konjuh<\/title>\n<meta name=\"robots\" content=\"index, follow, max-snippet:-1, max-image-preview:large, max-video-preview:-1\" \/>\n<link rel=\"canonical\" href=\"https:\/\/tuzlainfo.ba\/index.php\/novosti\/item\/244863-aktivisti-pozdravili-odluku-vlade-tk-uspostavlja-se-nadzor-planine-konjuh\/\" \/>\n<meta property=\"og:locale\" content=\"bs_BA\" \/>\n<meta property=\"og:type\" content=\"article\" \/>\n<meta property=\"og:title\" content=\"Aktivisti pozdravili odluku Vlade TK: Uspostavlja se nadzor planine Konjuh\" \/>\n<meta property=\"og:description\" content=\"Aktivisti pokreta &#8220;Karton revolucija&#8221; pozdravili su aktivnosti i odluke\u00a0na uspostavljanju za\u0161tite planine Konjuh i zaustavljanju kra\u0111e \u0161ume. U saop\u0107enju za javnost podsje\u0107aju da je Vlada Tuzlanskog kantona (TK) ju\u010de usvojila informaciju Ministarstva prostornog ure\u0111enja i za\u0161tite okolice TK o uspostavljanju za\u0161titnih mjera na prostoru Za\u0161ti\u0107enog pejza\u017ea &#8220;Konjuh&#8221;. U toj informaciji se navodi da su radovi [&hellip;]\" \/>\n<meta property=\"og:url\" content=\"https:\/\/tuzlainfo.ba\/index.php\/novosti\/item\/244863-aktivisti-pozdravili-odluku-vlade-tk-uspostavlja-se-nadzor-planine-konjuh\/\" \/>\n<meta property=\"og:site_name\" content=\"TuzlaInfo.ba\" \/>\n<meta property=\"article:publisher\" content=\"https:\/\/www.facebook.com\/tuzlainfo.ba\/\" \/>\n<meta property=\"article:published_time\" content=\"2024-07-24T20:04:46+00:00\" \/>\n<meta property=\"og:image\" content=\"https:\/\/tuzlainfo.ba\/wp-content\/uploads\/2021\/04\/2404_kladanj_konjuh_igraliste.jpg\" \/>\n\t<meta property=\"og:image:width\" content=\"960\" \/>\n\t<meta property=\"og:image:height\" content=\"720\" \/>\n\t<meta property=\"og:image:type\" content=\"image\/jpeg\" \/>\n<meta name=\"author\" content=\"nedim\" \/>\n<meta name=\"twitter:card\" content=\"summary_large_image\" \/>\n<meta name=\"twitter:label1\" content=\"Written by\" \/>\n\t<meta name=\"twitter:data1\" content=\"nedim\" \/>\n\t<meta name=\"twitter:label2\" content=\"Est. reading time\" \/>\n\t<meta name=\"twitter:data2\" content=\"2 minute\" \/>\n<script type=\"application\/ld+json\" class=\"yoast-schema-graph\">{\"@context\":\"https:\\\/\\\/schema.org\",\"@graph\":[{\"@type\":\"Article\",\"@id\":\"https:\\\/\\\/tuzlainfo.ba\\\/index.php\\\/novosti\\\/item\\\/244863-aktivisti-pozdravili-odluku-vlade-tk-uspostavlja-se-nadzor-planine-konjuh\\\/#article\",\"isPartOf\":{\"@id\":\"https:\\\/\\\/tuzlainfo.ba\\\/index.php\\\/novosti\\\/item\\\/244863-aktivisti-pozdravili-odluku-vlade-tk-uspostavlja-se-nadzor-planine-konjuh\\\/\"},\"author\":{\"name\":\"nedim\",\"@id\":\"https:\\\/\\\/tuzlainfo.ba\\\/#\\\/schema\\\/person\\\/f434e20dc27ea133923aab08451b7f7f\"},\"headline\":\"Aktivisti pozdravili odluku Vlade TK: Uspostavlja se nadzor planine Konjuh\",\"datePublished\":\"2024-07-24T20:04:46+00:00\",\"mainEntityOfPage\":{\"@id\":\"https:\\\/\\\/tuzlainfo.ba\\\/index.php\\\/novosti\\\/item\\\/244863-aktivisti-pozdravili-odluku-vlade-tk-uspostavlja-se-nadzor-planine-konjuh\\\/\"},\"wordCount\":374,\"publisher\":{\"@id\":\"https:\\\/\\\/tuzlainfo.ba\\\/#organization\"},\"image\":{\"@id\":\"https:\\\/\\\/tuzlainfo.ba\\\/index.php\\\/novosti\\\/item\\\/244863-aktivisti-pozdravili-odluku-vlade-tk-uspostavlja-se-nadzor-planine-konjuh\\\/#primaryimage\"},\"thumbnailUrl\":\"https:\\\/\\\/tuzlainfo.ba\\\/wp-content\\\/uploads\\\/2021\\\/04\\\/2404_kladanj_konjuh_igraliste.jpg\",\"keywords\":[\"karton revolucija\",\"konjuh\",\"vlada tk\"],\"articleSection\":[\"Istaknuto\",\"Novosti\"],\"inLanguage\":\"bs-BA\",\"copyrightYear\":\"2024\",\"copyrightHolder\":{\"@id\":\"https:\\\/\\\/tuzlainfo.ba\\\/#organization\"}},{\"@type\":\"WebPage\",\"@id\":\"https:\\\/\\\/tuzlainfo.ba\\\/index.php\\\/novosti\\\/item\\\/244863-aktivisti-pozdravili-odluku-vlade-tk-uspostavlja-se-nadzor-planine-konjuh\\\/\",\"url\":\"https:\\\/\\\/tuzlainfo.ba\\\/index.php\\\/novosti\\\/item\\\/244863-aktivisti-pozdravili-odluku-vlade-tk-uspostavlja-se-nadzor-planine-konjuh\\\/\",\"name\":\"Aktivisti pozdravili odluku Vlade TK: Uspostavlja se nadzor planine Konjuh\",\"isPartOf\":{\"@id\":\"https:\\\/\\\/tuzlainfo.ba\\\/#website\"},\"primaryImageOfPage\":{\"@id\":\"https:\\\/\\\/tuzlainfo.ba\\\/index.php\\\/novosti\\\/item\\\/244863-aktivisti-pozdravili-odluku-vlade-tk-uspostavlja-se-nadzor-planine-konjuh\\\/#primaryimage\"},\"image\":{\"@id\":\"https:\\\/\\\/tuzlainfo.ba\\\/index.php\\\/novosti\\\/item\\\/244863-aktivisti-pozdravili-odluku-vlade-tk-uspostavlja-se-nadzor-planine-konjuh\\\/#primaryimage\"},\"thumbnailUrl\":\"https:\\\/\\\/tuzlainfo.ba\\\/wp-content\\\/uploads\\\/2021\\\/04\\\/2404_kladanj_konjuh_igraliste.jpg\",\"datePublished\":\"2024-07-24T20:04:46+00:00\",\"breadcrumb\":{\"@id\":\"https:\\\/\\\/tuzlainfo.ba\\\/index.php\\\/novosti\\\/item\\\/244863-aktivisti-pozdravili-odluku-vlade-tk-uspostavlja-se-nadzor-planine-konjuh\\\/#breadcrumb\"},\"inLanguage\":\"bs-BA\",\"potentialAction\":[{\"@type\":\"ReadAction\",\"target\":[\"https:\\\/\\\/tuzlainfo.ba\\\/index.php\\\/novosti\\\/item\\\/244863-aktivisti-pozdravili-odluku-vlade-tk-uspostavlja-se-nadzor-planine-konjuh\\\/\"]}]},{\"@type\":\"ImageObject\",\"inLanguage\":\"bs-BA\",\"@id\":\"https:\\\/\\\/tuzlainfo.ba\\\/index.php\\\/novosti\\\/item\\\/244863-aktivisti-pozdravili-odluku-vlade-tk-uspostavlja-se-nadzor-planine-konjuh\\\/#primaryimage\",\"url\":\"https:\\\/\\\/tuzlainfo.ba\\\/wp-content\\\/uploads\\\/2021\\\/04\\\/2404_kladanj_konjuh_igraliste.jpg\",\"contentUrl\":\"https:\\\/\\\/tuzlainfo.ba\\\/wp-content\\\/uploads\\\/2021\\\/04\\\/2404_kladanj_konjuh_igraliste.jpg\",\"width\":960,\"height\":720},{\"@type\":\"BreadcrumbList\",\"@id\":\"https:\\\/\\\/tuzlainfo.ba\\\/index.php\\\/novosti\\\/item\\\/244863-aktivisti-pozdravili-odluku-vlade-tk-uspostavlja-se-nadzor-planine-konjuh\\\/#breadcrumb\",\"itemListElement\":[{\"@type\":\"ListItem\",\"position\":1,\"name\":\"Home\",\"item\":\"https:\\\/\\\/tuzlainfo.ba\\\/\"},{\"@type\":\"ListItem\",\"position\":2,\"name\":\"Aktivisti pozdravili odluku Vlade TK: Uspostavlja se nadzor planine Konjuh\"}]},{\"@type\":\"WebSite\",\"@id\":\"https:\\\/\\\/tuzlainfo.ba\\\/#website\",\"url\":\"https:\\\/\\\/tuzlainfo.ba\\\/\",\"name\":\"TuzlaInfo.ba\",\"description\":\"Tuzla info, gradski informator - Tuzla na dlanu\",\"publisher\":{\"@id\":\"https:\\\/\\\/tuzlainfo.ba\\\/#organization\"},\"potentialAction\":[{\"@type\":\"SearchAction\",\"target\":{\"@type\":\"EntryPoint\",\"urlTemplate\":\"https:\\\/\\\/tuzlainfo.ba\\\/?s={search_term_string}\"},\"query-input\":{\"@type\":\"PropertyValueSpecification\",\"valueRequired\":true,\"valueName\":\"search_term_string\"}}],\"inLanguage\":\"bs-BA\"},{\"@type\":\"Organization\",\"@id\":\"https:\\\/\\\/tuzlainfo.ba\\\/#organization\",\"name\":\"TuzlaInfo.ba\",\"url\":\"https:\\\/\\\/tuzlainfo.ba\\\/\",\"logo\":{\"@type\":\"ImageObject\",\"inLanguage\":\"bs-BA\",\"@id\":\"https:\\\/\\\/tuzlainfo.ba\\\/#\\\/schema\\\/logo\\\/image\\\/\",\"url\":\"https:\\\/\\\/tuzlainfo.ba\\\/wp-content\\\/uploads\\\/2021\\\/03\\\/logo-ver-3-1.png\",\"contentUrl\":\"https:\\\/\\\/tuzlainfo.ba\\\/wp-content\\\/uploads\\\/2021\\\/03\\\/logo-ver-3-1.png\",\"width\":350,\"height\":95,\"caption\":\"TuzlaInfo.ba\"},\"image\":{\"@id\":\"https:\\\/\\\/tuzlainfo.ba\\\/#\\\/schema\\\/logo\\\/image\\\/\"},\"sameAs\":[\"https:\\\/\\\/www.facebook.com\\\/tuzlainfo.ba\\\/\"]},{\"@type\":\"Person\",\"@id\":\"https:\\\/\\\/tuzlainfo.ba\\\/#\\\/schema\\\/person\\\/f434e20dc27ea133923aab08451b7f7f\",\"name\":\"nedim\",\"image\":{\"@type\":\"ImageObject\",\"inLanguage\":\"bs-BA\",\"@id\":\"https:\\\/\\\/secure.gravatar.com\\\/avatar\\\/5b928a2e7e70a54208d2eb6c1edcb75a5350d6ae97d5f0a701203d456823f6f3?s=96&d=mm&r=g\",\"url\":\"https:\\\/\\\/secure.gravatar.com\\\/avatar\\\/5b928a2e7e70a54208d2eb6c1edcb75a5350d6ae97d5f0a701203d456823f6f3?s=96&d=mm&r=g\",\"contentUrl\":\"https:\\\/\\\/secure.gravatar.com\\\/avatar\\\/5b928a2e7e70a54208d2eb6c1edcb75a5350d6ae97d5f0a701203d456823f6f3?s=96&d=mm&r=g\",\"caption\":\"nedim\"},\"description\":\"Tuzlainfo.ba pratite na dru\u0161tvenim mre\u017eama: Facebook, Instagram i Youtube. Svoje pri\u010de, upite i fotografije \u0161aljite na na\u0161u e-mail adresu.\"}]}<\/script>\n<!-- \/ Yoast SEO plugin. -->","yoast_head_json":{"title":"Aktivisti pozdravili odluku Vlade TK: Uspostavlja se nadzor planine Konjuh","robots":{"index":"index","follow":"follow","max-snippet":"max-snippet:-1","max-image-preview":"max-image-preview:large","max-video-preview":"max-video-preview:-1"},"canonical":"https:\/\/tuzlainfo.ba\/index.php\/novosti\/item\/244863-aktivisti-pozdravili-odluku-vlade-tk-uspostavlja-se-nadzor-planine-konjuh\/","og_locale":"bs_BA","og_type":"article","og_title":"Aktivisti pozdravili odluku Vlade TK: Uspostavlja se nadzor planine Konjuh","og_description":"Aktivisti pokreta &#8220;Karton revolucija&#8221; pozdravili su aktivnosti i odluke\u00a0na uspostavljanju za\u0161tite planine Konjuh i zaustavljanju kra\u0111e \u0161ume. U saop\u0107enju za javnost podsje\u0107aju da je Vlada Tuzlanskog kantona (TK) ju\u010de usvojila informaciju Ministarstva prostornog ure\u0111enja i za\u0161tite okolice TK o uspostavljanju za\u0161titnih mjera na prostoru Za\u0161ti\u0107enog pejza\u017ea &#8220;Konjuh&#8221;. U toj informaciji se navodi da su radovi [&hellip;]","og_url":"https:\/\/tuzlainfo.ba\/index.php\/novosti\/item\/244863-aktivisti-pozdravili-odluku-vlade-tk-uspostavlja-se-nadzor-planine-konjuh\/","og_site_name":"TuzlaInfo.ba","article_publisher":"https:\/\/www.facebook.com\/tuzlainfo.ba\/","article_published_time":"2024-07-24T20:04:46+00:00","og_image":[{"width":960,"height":720,"url":"https:\/\/tuzlainfo.ba\/wp-content\/uploads\/2021\/04\/2404_kladanj_konjuh_igraliste.jpg","type":"image\/jpeg"}],"author":"nedim","twitter_card":"summary_large_image","twitter_misc":{"Written by":"nedim","Est. reading time":"2 minute"},"schema":{"@context":"https:\/\/schema.org","@graph":[{"@type":"Article","@id":"https:\/\/tuzlainfo.ba\/index.php\/novosti\/item\/244863-aktivisti-pozdravili-odluku-vlade-tk-uspostavlja-se-nadzor-planine-konjuh\/#article","isPartOf":{"@id":"https:\/\/tuzlainfo.ba\/index.php\/novosti\/item\/244863-aktivisti-pozdravili-odluku-vlade-tk-uspostavlja-se-nadzor-planine-konjuh\/"},"author":{"name":"nedim","@id":"https:\/\/tuzlainfo.ba\/#\/schema\/person\/f434e20dc27ea133923aab08451b7f7f"},"headline":"Aktivisti pozdravili odluku Vlade TK: Uspostavlja se nadzor planine Konjuh","datePublished":"2024-07-24T20:04:46+00:00","mainEntityOfPage":{"@id":"https:\/\/tuzlainfo.ba\/index.php\/novosti\/item\/244863-aktivisti-pozdravili-odluku-vlade-tk-uspostavlja-se-nadzor-planine-konjuh\/"},"wordCount":374,"publisher":{"@id":"https:\/\/tuzlainfo.ba\/#organization"},"image":{"@id":"https:\/\/tuzlainfo.ba\/index.php\/novosti\/item\/244863-aktivisti-pozdravili-odluku-vlade-tk-uspostavlja-se-nadzor-planine-konjuh\/#primaryimage"},"thumbnailUrl":"https:\/\/tuzlainfo.ba\/wp-content\/uploads\/2021\/04\/2404_kladanj_konjuh_igraliste.jpg","keywords":["karton revolucija","konjuh","vlada tk"],"articleSection":["Istaknuto","Novosti"],"inLanguage":"bs-BA","copyrightYear":"2024","copyrightHolder":{"@id":"https:\/\/tuzlainfo.ba\/#organization"}},{"@type":"WebPage","@id":"https:\/\/tuzlainfo.ba\/index.php\/novosti\/item\/244863-aktivisti-pozdravili-odluku-vlade-tk-uspostavlja-se-nadzor-planine-konjuh\/","url":"https:\/\/tuzlainfo.ba\/index.php\/novosti\/item\/244863-aktivisti-pozdravili-odluku-vlade-tk-uspostavlja-se-nadzor-planine-konjuh\/","name":"Aktivisti pozdravili odluku Vlade TK: Uspostavlja se nadzor planine Konjuh","isPartOf":{"@id":"https:\/\/tuzlainfo.ba\/#website"},"primaryImageOfPage":{"@id":"https:\/\/tuzlainfo.ba\/index.php\/novosti\/item\/244863-aktivisti-pozdravili-odluku-vlade-tk-uspostavlja-se-nadzor-planine-konjuh\/#primaryimage"},"image":{"@id":"https:\/\/tuzlainfo.ba\/index.php\/novosti\/item\/244863-aktivisti-pozdravili-odluku-vlade-tk-uspostavlja-se-nadzor-planine-konjuh\/#primaryimage"},"thumbnailUrl":"https:\/\/tuzlainfo.ba\/wp-content\/uploads\/2021\/04\/2404_kladanj_konjuh_igraliste.jpg","datePublished":"2024-07-24T20:04:46+00:00","breadcrumb":{"@id":"https:\/\/tuzlainfo.ba\/index.php\/novosti\/item\/244863-aktivisti-pozdravili-odluku-vlade-tk-uspostavlja-se-nadzor-planine-konjuh\/#breadcrumb"},"inLanguage":"bs-BA","potentialAction":[{"@type":"ReadAction","target":["https:\/\/tuzlainfo.ba\/index.php\/novosti\/item\/244863-aktivisti-pozdravili-odluku-vlade-tk-uspostavlja-se-nadzor-planine-konjuh\/"]}]},{"@type":"ImageObject","inLanguage":"bs-BA","@id":"https:\/\/tuzlainfo.ba\/index.php\/novosti\/item\/244863-aktivisti-pozdravili-odluku-vlade-tk-uspostavlja-se-nadzor-planine-konjuh\/#primaryimage","url":"https:\/\/tuzlainfo.ba\/wp-content\/uploads\/2021\/04\/2404_kladanj_konjuh_igraliste.jpg","contentUrl":"https:\/\/tuzlainfo.ba\/wp-content\/uploads\/2021\/04\/2404_kladanj_konjuh_igraliste.jpg","width":960,"height":720},{"@type":"BreadcrumbList","@id":"https:\/\/tuzlainfo.ba\/index.php\/novosti\/item\/244863-aktivisti-pozdravili-odluku-vlade-tk-uspostavlja-se-nadzor-planine-konjuh\/#breadcrumb","itemListElement":[{"@type":"ListItem","position":1,"name":"Home","item":"https:\/\/tuzlainfo.ba\/"},{"@type":"ListItem","position":2,"name":"Aktivisti pozdravili odluku Vlade TK: Uspostavlja se nadzor planine Konjuh"}]},{"@type":"WebSite","@id":"https:\/\/tuzlainfo.ba\/#website","url":"https:\/\/tuzlainfo.ba\/","name":"TuzlaInfo.ba","description":"Tuzla info, gradski informator - Tuzla na dlanu","publisher":{"@id":"https:\/\/tuzlainfo.ba\/#organization"},"potentialAction":[{"@type":"SearchAction","target":{"@type":"EntryPoint","urlTemplate":"https:\/\/tuzlainfo.ba\/?s={search_term_string}"},"query-input":{"@type":"PropertyValueSpecification","valueRequired":true,"valueName":"search_term_string"}}],"inLanguage":"bs-BA"},{"@type":"Organization","@id":"https:\/\/tuzlainfo.ba\/#organization","name":"TuzlaInfo.ba","url":"https:\/\/tuzlainfo.ba\/","logo":{"@type":"ImageObject","inLanguage":"bs-BA","@id":"https:\/\/tuzlainfo.ba\/#\/schema\/logo\/image\/","url":"https:\/\/tuzlainfo.ba\/wp-content\/uploads\/2021\/03\/logo-ver-3-1.png","contentUrl":"https:\/\/tuzlainfo.ba\/wp-content\/uploads\/2021\/03\/logo-ver-3-1.png","width":350,"height":95,"caption":"TuzlaInfo.ba"},"image":{"@id":"https:\/\/tuzlainfo.ba\/#\/schema\/logo\/image\/"},"sameAs":["https:\/\/www.facebook.com\/tuzlainfo.ba\/"]},{"@type":"Person","@id":"https:\/\/tuzlainfo.ba\/#\/schema\/person\/f434e20dc27ea133923aab08451b7f7f","name":"nedim","image":{"@type":"ImageObject","inLanguage":"bs-BA","@id":"https:\/\/secure.gravatar.com\/avatar\/5b928a2e7e70a54208d2eb6c1edcb75a5350d6ae97d5f0a701203d456823f6f3?s=96&d=mm&r=g","url":"https:\/\/secure.gravatar.com\/avatar\/5b928a2e7e70a54208d2eb6c1edcb75a5350d6ae97d5f0a701203d456823f6f3?s=96&d=mm&r=g","contentUrl":"https:\/\/secure.gravatar.com\/avatar\/5b928a2e7e70a54208d2eb6c1edcb75a5350d6ae97d5f0a701203d456823f6f3?s=96&d=mm&r=g","caption":"nedim"},"description":"Tuzlainfo.ba pratite na dru\u0161tvenim mre\u017eama: Facebook, Instagram i Youtube. Svoje pri\u010de, upite i fotografije \u0161aljite na na\u0161u e-mail adresu."}]}},"_links":{"self":[{"href":"https:\/\/tuzlainfo.ba\/index.php\/wp-json\/wp\/v2\/posts\/244863","targetHints":{"allow":["GET"]}}],"collection":[{"href":"https:\/\/tuzlainfo.ba\/index.php\/wp-json\/wp\/v2\/posts"}],"about":[{"href":"https:\/\/tuzlainfo.ba\/index.php\/wp-json\/wp\/v2\/types\/post"}],"author":[{"embeddable":true,"href":"https:\/\/tuzlainfo.ba\/index.php\/wp-json\/wp\/v2\/users\/2"}],"replies":[{"embeddable":true,"href":"https:\/\/tuzlainfo.ba\/index.php\/wp-json\/wp\/v2\/comments?post=244863"}],"version-history":[{"count":1,"href":"https:\/\/tuzlainfo.ba\/index.php\/wp-json\/wp\/v2\/posts\/244863\/revisions"}],"predecessor-version":[{"id":244864,"href":"https:\/\/tuzlainfo.ba\/index.php\/wp-json\/wp\/v2\/posts\/244863\/revisions\/244864"}],"wp:featuredmedia":[{"embeddable":true,"href":"https:\/\/tuzlainfo.ba\/index.php\/wp-json\/wp\/v2\/media\/136173"}],"wp:attachment":[{"href":"https:\/\/tuzlainfo.ba\/index.php\/wp-json\/wp\/v2\/media?parent=244863"}],"wp:term":[{"taxonomy":"category","embeddable":true,"href":"https:\/\/tuzlainfo.ba\/index.php\/wp-json\/wp\/v2\/categories?post=244863"},{"taxonomy":"post_tag","embeddable":true,"href":"https:\/\/tuzlainfo.ba\/index.php\/wp-json\/wp\/v2\/tags?post=244863"}],"curies":[{"name":"wp","href":"https:\/\/api.w.org\/{rel}","templated":true}]}}