{"id":244624,"date":"2024-07-22T09:04:20","date_gmt":"2024-07-22T07:04:20","guid":{"rendered":"https:\/\/tuzlainfo.ba\/?p=244624"},"modified":"2024-07-22T08:14:07","modified_gmt":"2024-07-22T06:14:07","slug":"sedmica-gitare-u-tuzli-kao-vrhunac-kulturne-ponude-i-ideja-koja-obilazi-europu","status":"publish","type":"post","link":"https:\/\/tuzlainfo.ba\/index.php\/istaknuto\/item\/244624-sedmica-gitare-u-tuzli-kao-vrhunac-kulturne-ponude-i-ideja-koja-obilazi-europu\/","title":{"rendered":"Sedmica gitare u Tuzli kao vrhunac kulturne ponude i ideja koja obilazi Europu"},"content":{"rendered":"<p>Ovogodi\u0161nje ljeto u Tuzli je oboga\u0107eno brojnim idejama koje je bogato ponudio Tuzla Guitar Week na \u010delu sa gitaristom Sanelom Red\u017ei\u0107em. Doga\u0111aj iz oblasti kulture koji je ve\u0107 tre\u0107u godinu zaredom u Tuzlu doveo renomirane umjetnike, je omogu\u0107io mnogo znanja, iskustva i u\u017eivanja u\u010denicima, ali i publici. Ovoga puta publika je mogla u\u017eivati u jedinstvom spoju muzi\u010dke i likovne umjetnosti, jer je u sklopu Tuzla Guitar Week-a svojih osam po\u010detnih studija iz opusa \u201eGitarista\u201c izlo\u017eio legendarni bh. slikar i grafi\u010dar, akademik Safet Zec.<\/p>\n<p>Osim svakodnevnih majstorskih radionica, \u010dasova, koncerata koji su odr\u017eavani svake drugi ve\u010deri, posebno odu\u0161evljenje publike i javnosti je izazvao koncert u prirodi na izleti\u0161tu Ilin\u010dica kada je CIPRA guda\u010dki kvartet iz Be\u010da nastupio sa Sanelom Red\u017ei\u0107em na gitari. Jo\u0161 nikada ne\u0161to takvo nije napravljeno na Ilin\u010dici i pokazalo se da je ovakav doga\u0111aj zaista nadma\u0161io sva o\u010dekivanja i za publiku je kompletan nastup, a naro\u010dito kvinteta kada su na jedinstven na\u010din mogli slu\u0161ati pet instrumenata, bio bajkovit.<\/p>\n<p>U ugodnom prirodnom ambijentu i miru publici su izveli veoma interesantan i pristupa\u010dan program a mogla su se \u010duti djela Mozarta, \u010detiri bosanske pjesme u obradi Borisa Papandopula, tri sefardske pjesme u obradi Emila Cossetta (obrade za gitaru i violinu Sanela Red\u017ei\u0107a), Aleksandre Vrebalov te su izvedene dvije BH premijere &#8211; &#8220;Prinzip&#8221; djela pisanog od strane tuzlanke Belme Be\u0161li\u0107 G\u00e1l te Engleski koncert, koji je napisao veliki i svjetski poznati Vojislav Ivanovi\u0107.<\/p>\n<p>\u201eMoje prijateljstvo sa Sanelom Red\u017ei\u0107em se\u017ee mnogo godina unazad a umjetni\u010dka saradnja jo\u0161 od 2017. kada sam mu napisao i posvetio kompoziciju \u201cLament and Dance\u201d, koja, nakon njegovog izvo\u0111enja polako postaje priznata i izvo\u0111ena u svijetu. Sanelov gost, tj. gost \u201cTuzla Guitar Week-a\u201d sam od po\u010detka, ve\u0107 tre\u0107i put, i mogu da ka\u017eem da je to festival koji odlikuje ne samo vrhunski umjetni\u010dki program nego i vrhunska, kreativna atmosfera susreta starih i novih muzi\u010dkih prijatelja, razmjene iskustava i nerijetko, ra\u0111anja novih projekata i planova. Posebna vrijednost festivala su majstorske radionice u okviru kojih u\u010desnici imaju prilike raditi sa renomiranim svjetskim pedagozima, i to, \u0161to je rijetkost na festivalima ove vrste sa svakim od njih, i istovremeno se dru\u017eiti i muzicirati. Tako sam i ja za ove tri godine imao zadovojstvo da radim sa mnogim talentovanim \u0111acima iz na\u0161e zemlje ali i inostranstva. Ovogodi\u0161nje izdanje festivala je me\u0111utim, predstavljalo posebno zadovoljstvo za mene. Na posebnoj, zaista \u010darobnoj ve\u010deri na predivnom lokalitetu Doma prirode na Ilin\u010dici, Sanel je, u saradnji sa izvrsnim guda\u010dkim kvartetom CIPRA iz Be\u010da, izveo i tri stava iz mog Engleskog koncerta za gitaru i guda\u010de. Ovaj petostava\u010dni koncert gra\u0111en je na predlo\u0161ku muzi\u010dkog materijala iz pet popularnih britanskih rock pjesama (Another One Bites the Dust, Angie, Walking On the Moon, While My Guitar Gently Weeps, Aqualung), koje je po rije\u010dima kritike \u201cIvanovi\u0107 upotrijebio tek u slu\u017ebi citata, koje je spretnim permutacijama razvio u kompleksno razra\u0111ene solisti\u010dke i orkestralne dionice\u201d. Uzbudljivo izvo\u0111enje Sanela i kvarteta CIPRA nagra\u0111eno je burnim aplauzom publike i efektno je zaokru\u017eilo muzi\u010dki dio festivala\u201c, ispri\u010dao je Ivanovi\u0107, profesor gitare na Muzi\u010dkoj akademiji u Isto\u010dnom Sarajevu.<\/p>\n<p>U istoj ulozi je i Aleksandra Ivanovi\u0107, gitaristkinja koja nastupa \u0161irom svijeta i koja od po\u010detka dolazi na Tuzla Guitar Week, a ove godine u svojstvu predava\u010da: \u201eStvarno mi je izuzetno zadovoljstvo raditi sa ovim mladim gitaristima. To je jedan toliko visok tehni\u010dki i izvo\u0111a\u010dki nivo da je rad u\u017eivanje. \u0110aci dolaze ovdje da u\u010de i jako je dobro da imaju priliku na ovakvim festivalima da pro\u0111u puno \u010dasova sa puno razli\u010ditih predava\u010da. I to ne samo jednom, nego vi\u0161e puta, takav je koncept ovog festivala. To je izuzetno iskustvo i to je Sanel jako dobro zamislio. Na drugim festivalima se mo\u017eda sretnu jednom ili dva puta razli\u010diti profesori. Mislim da su svi u\u010desnici prezadovoljni iskustvom koje su poneli odavde\u201c, istakla je Aleksandra Ivanovi\u0107.<\/p>\n<p>Izra\u017eavaju\u0107i veliko zadovoljstvo idejom i organizacijom, na Tuzla Guitar Week-u su protekle sedmice boravili, izme\u0111u ostalih, Alejandro Cordova iz Meksika, Darko Bageski iz Sjeverne Republike Makedonije i Titus Isfan iz Portugala, koji je i ranije bio na Sedmici gitare i ovoga puta izjavio da se u gradu soli osje\u0107a kao kod ku\u0107e. Samo \u0161to im je u Tuzli sada bilo toplije, dodali su \u0161aljivo.<\/p>\n<p>Ovo je tre\u0107a godina da Sanel Red\u017ei\u0107 Sedmicu gitare odr\u017eava u Tuzli, a prije toga se od 2016. do 2021. godine u njegovoj organizaciji odr\u017eavala Ljetna \u0161kola gitare na Zla\u0107i. Nakon pet veoma uspje\u0161nih edicija, interesantno je da nekoliko u\u010desnika od prve godine (2016. tada na Zla\u0107i) dolaze i dalje na Tuzla Guitar Week, \u0161to zna\u010di da je to za njih veoma inspirativno, istakao je umjetni\u010dki direktor manifestacije, Sanel Red\u017ei\u0107.<\/p>\n<p>\u201eOni se dru\u017ee, u\u010de jedni od drugih, uvezuju se, \u0161to je u ovom poslu tako\u0111er veoma bitno. Svake godine je nama kao predava\u010dima interesantno da vidimo da li su oni napredovali i da ih na tom njihovom putu podr\u017eimo\u201c, ka\u017ee Red\u017ei\u0107.<\/p>\n<p>U\u010denici su imali priliku da svakodnevno rade sa eminentnim profesorima, sa kojima u redovnom obrazovanju vjerovatno nikada ne bi radili i to je umnogome obogatilo njihovo iskustvo i znanje. To su pokazali na zavr\u0161nom koncertu koji je odr\u017ean u Ateljeu Ismet Mujezinovi\u0107.<\/p>\n<p>Vrijednost i kvaliteta se ogleda i u tome \u0161to se mnogi u\u010denici, ali i profesori, vra\u0107aju iz godine u godinu ovoj manifestaciji. Kristina Miljenovi\u0107 iz Podgorice godinama dolazi na ovu vrstu \u010dasova u organizaciji Sanela Red\u017ei\u0107a.<\/p>\n<p>\u201eSedmica gitare u Tuzli je bila nezaboravno iskustvo! Bila sam i ranije, i svaki put sam nau\u010dila toliko toga novo o muzici i sviranju gitare. Raditi sa velikim profesorima bilo je inspirativno, njihova strast prema muzici je zaista velika. Koncerti su bili vrhunac emocija, gledaju\u0107i profesore kako sviraju pred publikom i dijele ljubav prema muzici je ne\u0161to \u0161to mi je ostalo u sjajnom sje\u0107anju. Sve u svemu, Sedmica gitare je bila prilika za u\u010denje, inspiraciju i nevjerovatno iskustvo koje me je nadahnulo da nastavim svirati i u\u010diti\u201c, istakla je Miljenovi\u0107.<\/p>\n<p>Filip Kos iz Virovitice isti\u010de svoje iskustvo: \u201eVeliko je iskustvo jer sam upoznao puno drugih profesora i jako puno sam od njih nau\u010dio. Bilo mi je mnogo posebno i jako zanimljivo. Koncerti su bili odli\u010dni i ba\u0161 je bilo perfektno, vidjelo se da su ljudi u\u017eivali i da vole muziku. Jedva \u010dekam da do\u0111em i sljede\u0107e godine\u201c.<\/p>\n<p>\u201eMi ovdje imamo dobru ostav\u0161tinu iz starog sistema, jer je ovdje nivo \u0161kolovanja jako visok. Konstantna je nastava sa profesorima, ali to mo\u017eda nekada mo\u017ee pre\u0107i u monotoniju. Ovakav vid manifestacije je dobar jer \u0107ete \u010duti neke stvari od jo\u0161 tri ili \u010detiri profesora i raditi s njima, tako da se u\u010denici svaki put kroz to motivi\u0161u\u201c, isti\u010de Red\u017ei\u0107 i dodaje da iza ovakve pri\u010de stoji ve\u0107 osmu godinu i da mu je veliko zadovoljstvo \u0161to danas kao srednjo\u0161kolce vidi u\u010denike koji su tada imali po sedam ili osam godina.<\/p>\n<p>Aleksandra Ivanovi\u0107 je, \u010destitav\u0161i Sanelu na organizaciji, istakla da svi koji rade taj posao znaju koliki je podvig organizovati takav doga\u0111aj: \u201eTo je za svaku pohvalu. Nadam se da \u0107e uspijevati da istraje u tome, jer to su prilike kada slavimo na\u0161u gitaru, kada imamo priliku da se uvezujemo i dru\u017eimo, jer je to jako va\u017eno za na\u0161u profesiju.\u201c<\/p>\n<p>Da je veliki zna\u010daj umre\u017eavanja pokazuju svake godine i nastavci saradnji. Sanel Red\u017ei\u0107 i CIPRA guda\u010dki kvartet iz Be\u010da su ove godine u maju skupa nastupali u Be\u010du, zatim na Ilin\u010dici u Tuzli u \u010detvrtak 18. jula, te \u0107e skupa nastupati i na festivalu u Vare\u0161u 23. jula. Posljednjeg vikenda oktobra \u0107e biti gosti i na festivalu kojeg u Isto\u010dnom Sarajevu organizuju Vojislav i Aleksandra Ivanovi\u0107, gdje \u0107e nastupati i predavati. Saradnja se nastavlja i sa tuzlanskim profesorom Elvisom Siv\u010devi\u0107em, koji je i ove godine na Tuzla Guitar Weeku odr\u017eao koncert i svakodnevno radio sa u\u010denicima.<\/p>\n<p>Zna\u010dajan dio svake manifestacije ovoga tipa su volonteri koji imaju veliku ulogu u pomaganju i organizaciji.<\/p>\n<p>Emina Piri\u0107 je uz Tuzla Guitar Week od samih po\u010detaka i prenijela nam je svoje iskustvo: &#8220;3.Tuzla Guitar Week je bio pravo u\u017eivanje! Dru\u017eenje sa ljudima koji dijele istu ljubav prema sviranju bilo je nezaboravno. Kao volonter, ponosna sam \u0161to sam mogla doprinijeti i dati svoje vrijeme i energiju da ovaj doga\u0111aj u\u010dinim posebnim. Hvala svim ostalim volonterima koji su tako\u0111er nesebi\u010dno radili!&#8221;, istakla je.<\/p>\n<p>Nakon svakodnevnih radionica, \u010dasova, dru\u017eenja, \u010detiri koncerta u\u010desnika iz Portugala, Meksika, Makedonije, BiH, Njema\u010dke, Austrije, i velikog zadovoljstva u\u010desnika i publike, zaista je u Europu i svijet poslana poruka o velikom uspjehu Tuzla Guitar Week-a, o zna\u010daju neformalnog obrazovanja, umre\u017eavanju i o va\u017enosti umjetnosti i kulture koja nas kroz historiju, a i dan danas, u\u010di \u017eivotnim vrijednostima i oblikuje li\u010dnosti.<\/p>\n<p>To je i jedna od voditelja za mlade gitariste koji iz godine u godinu \u017eele biti tu, za roditelje koji svoju djecu upu\u0107uju na ovu manifestaciju, ali i za one starije u\u010desnike koji u\u017eivaju svake godine iz razli\u010ditih dijelova Europe do\u0107i na ovaj jedinstveni doga\u0111aj, koji \u0107e naredne godine, kako je najavljeno, na svim doga\u0111ajima, a naro\u010dito na koncertima na Ilin\u010dici, popuniti sva mjesta i jo\u0161 jednom ponuditi bogat program.<\/p>\n","protected":false},"excerpt":{"rendered":"<p>Ovogodi\u0161nje ljeto u Tuzli je oboga\u0107eno brojnim idejama koje je bogato ponudio Tuzla Guitar Week na \u010delu sa gitaristom Sanelom Red\u017ei\u0107em. Doga\u0111aj iz oblasti kulture koji je ve\u0107 tre\u0107u godinu zaredom u Tuzlu doveo renomirane umjetnike, je omogu\u0107io mnogo znanja, iskustva i u\u017eivanja u\u010denicima, ali i publici. Ovoga puta publika je mogla u\u017eivati u jedinstvom [&hellip;]<\/p>\n","protected":false},"author":4,"featured_media":244625,"comment_status":"closed","ping_status":"closed","sticky":false,"template":"","format":"standard","meta":{"footnotes":""},"categories":[304,12],"tags":[3990],"class_list":["post-244624","post","type-post","status-publish","format-standard","has-post-thumbnail","hentry","category-istaknuto","category-novosti","tag-sedmica-gitare"],"yoast_head":"<!-- This site is optimized with the Yoast SEO plugin v28.4 - https:\/\/yoast.com\/product\/yoast-seo-wordpress\/ -->\n<title>Sedmica gitare u Tuzli kao vrhunac kulturne ponude i ideja koja obilazi Europu<\/title>\n<meta name=\"robots\" content=\"index, follow, max-snippet:-1, max-image-preview:large, max-video-preview:-1\" \/>\n<link rel=\"canonical\" href=\"https:\/\/tuzlainfo.ba\/index.php\/istaknuto\/item\/244624-sedmica-gitare-u-tuzli-kao-vrhunac-kulturne-ponude-i-ideja-koja-obilazi-europu\/\" \/>\n<meta property=\"og:locale\" content=\"bs_BA\" \/>\n<meta property=\"og:type\" content=\"article\" \/>\n<meta property=\"og:title\" content=\"Sedmica gitare u Tuzli kao vrhunac kulturne ponude i ideja koja obilazi Europu\" \/>\n<meta property=\"og:description\" content=\"Ovogodi\u0161nje ljeto u Tuzli je oboga\u0107eno brojnim idejama koje je bogato ponudio Tuzla Guitar Week na \u010delu sa gitaristom Sanelom Red\u017ei\u0107em. Doga\u0111aj iz oblasti kulture koji je ve\u0107 tre\u0107u godinu zaredom u Tuzlu doveo renomirane umjetnike, je omogu\u0107io mnogo znanja, iskustva i u\u017eivanja u\u010denicima, ali i publici. Ovoga puta publika je mogla u\u017eivati u jedinstvom [&hellip;]\" \/>\n<meta property=\"og:url\" content=\"https:\/\/tuzlainfo.ba\/index.php\/istaknuto\/item\/244624-sedmica-gitare-u-tuzli-kao-vrhunac-kulturne-ponude-i-ideja-koja-obilazi-europu\/\" \/>\n<meta property=\"og:site_name\" content=\"TuzlaInfo.ba\" \/>\n<meta property=\"article:publisher\" content=\"https:\/\/www.facebook.com\/tuzlainfo.ba\/\" \/>\n<meta property=\"article:published_time\" content=\"2024-07-22T07:04:20+00:00\" \/>\n<meta property=\"og:image\" content=\"https:\/\/tuzlainfo.ba\/wp-content\/uploads\/2024\/07\/sedmica-gitare-2.jpg\" \/>\n\t<meta property=\"og:image:width\" content=\"2048\" \/>\n\t<meta property=\"og:image:height\" content=\"1365\" \/>\n\t<meta property=\"og:image:type\" content=\"image\/jpeg\" \/>\n<meta name=\"author\" content=\"Tuzla Info\" \/>\n<meta name=\"twitter:card\" content=\"summary_large_image\" \/>\n<meta name=\"twitter:label1\" content=\"Written by\" \/>\n\t<meta name=\"twitter:data1\" content=\"Tuzla Info\" \/>\n\t<meta name=\"twitter:label2\" content=\"Est. reading time\" \/>\n\t<meta name=\"twitter:data2\" content=\"9 minuta\" \/>\n<script type=\"application\/ld+json\" class=\"yoast-schema-graph\">{\"@context\":\"https:\\\/\\\/schema.org\",\"@graph\":[{\"@type\":\"Article\",\"@id\":\"https:\\\/\\\/tuzlainfo.ba\\\/index.php\\\/istaknuto\\\/item\\\/244624-sedmica-gitare-u-tuzli-kao-vrhunac-kulturne-ponude-i-ideja-koja-obilazi-europu\\\/#article\",\"isPartOf\":{\"@id\":\"https:\\\/\\\/tuzlainfo.ba\\\/index.php\\\/istaknuto\\\/item\\\/244624-sedmica-gitare-u-tuzli-kao-vrhunac-kulturne-ponude-i-ideja-koja-obilazi-europu\\\/\"},\"author\":{\"name\":\"Tuzla Info\",\"@id\":\"https:\\\/\\\/tuzlainfo.ba\\\/#\\\/schema\\\/person\\\/46cad4c57790cbc50781edd14870825a\"},\"headline\":\"Sedmica gitare u Tuzli kao vrhunac kulturne ponude i ideja koja obilazi Europu\",\"datePublished\":\"2024-07-22T07:04:20+00:00\",\"mainEntityOfPage\":{\"@id\":\"https:\\\/\\\/tuzlainfo.ba\\\/index.php\\\/istaknuto\\\/item\\\/244624-sedmica-gitare-u-tuzli-kao-vrhunac-kulturne-ponude-i-ideja-koja-obilazi-europu\\\/\"},\"wordCount\":1674,\"publisher\":{\"@id\":\"https:\\\/\\\/tuzlainfo.ba\\\/#organization\"},\"image\":{\"@id\":\"https:\\\/\\\/tuzlainfo.ba\\\/index.php\\\/istaknuto\\\/item\\\/244624-sedmica-gitare-u-tuzli-kao-vrhunac-kulturne-ponude-i-ideja-koja-obilazi-europu\\\/#primaryimage\"},\"thumbnailUrl\":\"https:\\\/\\\/tuzlainfo.ba\\\/wp-content\\\/uploads\\\/2024\\\/07\\\/sedmica-gitare-2.jpg\",\"keywords\":[\"sedmica gitare\"],\"articleSection\":[\"Istaknuto\",\"Novosti\"],\"inLanguage\":\"bs-BA\",\"copyrightYear\":\"2024\",\"copyrightHolder\":{\"@id\":\"https:\\\/\\\/tuzlainfo.ba\\\/#organization\"}},{\"@type\":\"WebPage\",\"@id\":\"https:\\\/\\\/tuzlainfo.ba\\\/index.php\\\/istaknuto\\\/item\\\/244624-sedmica-gitare-u-tuzli-kao-vrhunac-kulturne-ponude-i-ideja-koja-obilazi-europu\\\/\",\"url\":\"https:\\\/\\\/tuzlainfo.ba\\\/index.php\\\/istaknuto\\\/item\\\/244624-sedmica-gitare-u-tuzli-kao-vrhunac-kulturne-ponude-i-ideja-koja-obilazi-europu\\\/\",\"name\":\"Sedmica gitare u Tuzli kao vrhunac kulturne ponude i ideja koja obilazi Europu\",\"isPartOf\":{\"@id\":\"https:\\\/\\\/tuzlainfo.ba\\\/#website\"},\"primaryImageOfPage\":{\"@id\":\"https:\\\/\\\/tuzlainfo.ba\\\/index.php\\\/istaknuto\\\/item\\\/244624-sedmica-gitare-u-tuzli-kao-vrhunac-kulturne-ponude-i-ideja-koja-obilazi-europu\\\/#primaryimage\"},\"image\":{\"@id\":\"https:\\\/\\\/tuzlainfo.ba\\\/index.php\\\/istaknuto\\\/item\\\/244624-sedmica-gitare-u-tuzli-kao-vrhunac-kulturne-ponude-i-ideja-koja-obilazi-europu\\\/#primaryimage\"},\"thumbnailUrl\":\"https:\\\/\\\/tuzlainfo.ba\\\/wp-content\\\/uploads\\\/2024\\\/07\\\/sedmica-gitare-2.jpg\",\"datePublished\":\"2024-07-22T07:04:20+00:00\",\"breadcrumb\":{\"@id\":\"https:\\\/\\\/tuzlainfo.ba\\\/index.php\\\/istaknuto\\\/item\\\/244624-sedmica-gitare-u-tuzli-kao-vrhunac-kulturne-ponude-i-ideja-koja-obilazi-europu\\\/#breadcrumb\"},\"inLanguage\":\"bs-BA\",\"potentialAction\":[{\"@type\":\"ReadAction\",\"target\":[\"https:\\\/\\\/tuzlainfo.ba\\\/index.php\\\/istaknuto\\\/item\\\/244624-sedmica-gitare-u-tuzli-kao-vrhunac-kulturne-ponude-i-ideja-koja-obilazi-europu\\\/\"]}]},{\"@type\":\"ImageObject\",\"inLanguage\":\"bs-BA\",\"@id\":\"https:\\\/\\\/tuzlainfo.ba\\\/index.php\\\/istaknuto\\\/item\\\/244624-sedmica-gitare-u-tuzli-kao-vrhunac-kulturne-ponude-i-ideja-koja-obilazi-europu\\\/#primaryimage\",\"url\":\"https:\\\/\\\/tuzlainfo.ba\\\/wp-content\\\/uploads\\\/2024\\\/07\\\/sedmica-gitare-2.jpg\",\"contentUrl\":\"https:\\\/\\\/tuzlainfo.ba\\\/wp-content\\\/uploads\\\/2024\\\/07\\\/sedmica-gitare-2.jpg\",\"width\":2048,\"height\":1365},{\"@type\":\"BreadcrumbList\",\"@id\":\"https:\\\/\\\/tuzlainfo.ba\\\/index.php\\\/istaknuto\\\/item\\\/244624-sedmica-gitare-u-tuzli-kao-vrhunac-kulturne-ponude-i-ideja-koja-obilazi-europu\\\/#breadcrumb\",\"itemListElement\":[{\"@type\":\"ListItem\",\"position\":1,\"name\":\"Home\",\"item\":\"https:\\\/\\\/tuzlainfo.ba\\\/\"},{\"@type\":\"ListItem\",\"position\":2,\"name\":\"Sedmica gitare u Tuzli kao vrhunac kulturne ponude i ideja koja obilazi Europu\"}]},{\"@type\":\"WebSite\",\"@id\":\"https:\\\/\\\/tuzlainfo.ba\\\/#website\",\"url\":\"https:\\\/\\\/tuzlainfo.ba\\\/\",\"name\":\"TuzlaInfo.ba\",\"description\":\"Tuzla info, gradski informator - Tuzla na dlanu\",\"publisher\":{\"@id\":\"https:\\\/\\\/tuzlainfo.ba\\\/#organization\"},\"potentialAction\":[{\"@type\":\"SearchAction\",\"target\":{\"@type\":\"EntryPoint\",\"urlTemplate\":\"https:\\\/\\\/tuzlainfo.ba\\\/?s={search_term_string}\"},\"query-input\":{\"@type\":\"PropertyValueSpecification\",\"valueRequired\":true,\"valueName\":\"search_term_string\"}}],\"inLanguage\":\"bs-BA\"},{\"@type\":\"Organization\",\"@id\":\"https:\\\/\\\/tuzlainfo.ba\\\/#organization\",\"name\":\"TuzlaInfo.ba\",\"url\":\"https:\\\/\\\/tuzlainfo.ba\\\/\",\"logo\":{\"@type\":\"ImageObject\",\"inLanguage\":\"bs-BA\",\"@id\":\"https:\\\/\\\/tuzlainfo.ba\\\/#\\\/schema\\\/logo\\\/image\\\/\",\"url\":\"https:\\\/\\\/tuzlainfo.ba\\\/wp-content\\\/uploads\\\/2021\\\/03\\\/logo-ver-3-1.png\",\"contentUrl\":\"https:\\\/\\\/tuzlainfo.ba\\\/wp-content\\\/uploads\\\/2021\\\/03\\\/logo-ver-3-1.png\",\"width\":350,\"height\":95,\"caption\":\"TuzlaInfo.ba\"},\"image\":{\"@id\":\"https:\\\/\\\/tuzlainfo.ba\\\/#\\\/schema\\\/logo\\\/image\\\/\"},\"sameAs\":[\"https:\\\/\\\/www.facebook.com\\\/tuzlainfo.ba\\\/\"]},{\"@type\":\"Person\",\"@id\":\"https:\\\/\\\/tuzlainfo.ba\\\/#\\\/schema\\\/person\\\/46cad4c57790cbc50781edd14870825a\",\"name\":\"Tuzla Info\",\"image\":{\"@type\":\"ImageObject\",\"inLanguage\":\"bs-BA\",\"@id\":\"https:\\\/\\\/secure.gravatar.com\\\/avatar\\\/e980921b00fa2e552723a2386544734ce6885d2b2304ccca3f45186f9ca4031d?s=96&d=mm&r=g\",\"url\":\"https:\\\/\\\/secure.gravatar.com\\\/avatar\\\/e980921b00fa2e552723a2386544734ce6885d2b2304ccca3f45186f9ca4031d?s=96&d=mm&r=g\",\"contentUrl\":\"https:\\\/\\\/secure.gravatar.com\\\/avatar\\\/e980921b00fa2e552723a2386544734ce6885d2b2304ccca3f45186f9ca4031d?s=96&d=mm&r=g\",\"caption\":\"Tuzla Info\"}}]}<\/script>\n<!-- \/ Yoast SEO plugin. -->","yoast_head_json":{"title":"Sedmica gitare u Tuzli kao vrhunac kulturne ponude i ideja koja obilazi Europu","robots":{"index":"index","follow":"follow","max-snippet":"max-snippet:-1","max-image-preview":"max-image-preview:large","max-video-preview":"max-video-preview:-1"},"canonical":"https:\/\/tuzlainfo.ba\/index.php\/istaknuto\/item\/244624-sedmica-gitare-u-tuzli-kao-vrhunac-kulturne-ponude-i-ideja-koja-obilazi-europu\/","og_locale":"bs_BA","og_type":"article","og_title":"Sedmica gitare u Tuzli kao vrhunac kulturne ponude i ideja koja obilazi Europu","og_description":"Ovogodi\u0161nje ljeto u Tuzli je oboga\u0107eno brojnim idejama koje je bogato ponudio Tuzla Guitar Week na \u010delu sa gitaristom Sanelom Red\u017ei\u0107em. Doga\u0111aj iz oblasti kulture koji je ve\u0107 tre\u0107u godinu zaredom u Tuzlu doveo renomirane umjetnike, je omogu\u0107io mnogo znanja, iskustva i u\u017eivanja u\u010denicima, ali i publici. Ovoga puta publika je mogla u\u017eivati u jedinstvom [&hellip;]","og_url":"https:\/\/tuzlainfo.ba\/index.php\/istaknuto\/item\/244624-sedmica-gitare-u-tuzli-kao-vrhunac-kulturne-ponude-i-ideja-koja-obilazi-europu\/","og_site_name":"TuzlaInfo.ba","article_publisher":"https:\/\/www.facebook.com\/tuzlainfo.ba\/","article_published_time":"2024-07-22T07:04:20+00:00","og_image":[{"width":2048,"height":1365,"url":"https:\/\/tuzlainfo.ba\/wp-content\/uploads\/2024\/07\/sedmica-gitare-2.jpg","type":"image\/jpeg"}],"author":"Tuzla Info","twitter_card":"summary_large_image","twitter_misc":{"Written by":"Tuzla Info","Est. reading time":"9 minuta"},"schema":{"@context":"https:\/\/schema.org","@graph":[{"@type":"Article","@id":"https:\/\/tuzlainfo.ba\/index.php\/istaknuto\/item\/244624-sedmica-gitare-u-tuzli-kao-vrhunac-kulturne-ponude-i-ideja-koja-obilazi-europu\/#article","isPartOf":{"@id":"https:\/\/tuzlainfo.ba\/index.php\/istaknuto\/item\/244624-sedmica-gitare-u-tuzli-kao-vrhunac-kulturne-ponude-i-ideja-koja-obilazi-europu\/"},"author":{"name":"Tuzla Info","@id":"https:\/\/tuzlainfo.ba\/#\/schema\/person\/46cad4c57790cbc50781edd14870825a"},"headline":"Sedmica gitare u Tuzli kao vrhunac kulturne ponude i ideja koja obilazi Europu","datePublished":"2024-07-22T07:04:20+00:00","mainEntityOfPage":{"@id":"https:\/\/tuzlainfo.ba\/index.php\/istaknuto\/item\/244624-sedmica-gitare-u-tuzli-kao-vrhunac-kulturne-ponude-i-ideja-koja-obilazi-europu\/"},"wordCount":1674,"publisher":{"@id":"https:\/\/tuzlainfo.ba\/#organization"},"image":{"@id":"https:\/\/tuzlainfo.ba\/index.php\/istaknuto\/item\/244624-sedmica-gitare-u-tuzli-kao-vrhunac-kulturne-ponude-i-ideja-koja-obilazi-europu\/#primaryimage"},"thumbnailUrl":"https:\/\/tuzlainfo.ba\/wp-content\/uploads\/2024\/07\/sedmica-gitare-2.jpg","keywords":["sedmica gitare"],"articleSection":["Istaknuto","Novosti"],"inLanguage":"bs-BA","copyrightYear":"2024","copyrightHolder":{"@id":"https:\/\/tuzlainfo.ba\/#organization"}},{"@type":"WebPage","@id":"https:\/\/tuzlainfo.ba\/index.php\/istaknuto\/item\/244624-sedmica-gitare-u-tuzli-kao-vrhunac-kulturne-ponude-i-ideja-koja-obilazi-europu\/","url":"https:\/\/tuzlainfo.ba\/index.php\/istaknuto\/item\/244624-sedmica-gitare-u-tuzli-kao-vrhunac-kulturne-ponude-i-ideja-koja-obilazi-europu\/","name":"Sedmica gitare u Tuzli kao vrhunac kulturne ponude i ideja koja obilazi Europu","isPartOf":{"@id":"https:\/\/tuzlainfo.ba\/#website"},"primaryImageOfPage":{"@id":"https:\/\/tuzlainfo.ba\/index.php\/istaknuto\/item\/244624-sedmica-gitare-u-tuzli-kao-vrhunac-kulturne-ponude-i-ideja-koja-obilazi-europu\/#primaryimage"},"image":{"@id":"https:\/\/tuzlainfo.ba\/index.php\/istaknuto\/item\/244624-sedmica-gitare-u-tuzli-kao-vrhunac-kulturne-ponude-i-ideja-koja-obilazi-europu\/#primaryimage"},"thumbnailUrl":"https:\/\/tuzlainfo.ba\/wp-content\/uploads\/2024\/07\/sedmica-gitare-2.jpg","datePublished":"2024-07-22T07:04:20+00:00","breadcrumb":{"@id":"https:\/\/tuzlainfo.ba\/index.php\/istaknuto\/item\/244624-sedmica-gitare-u-tuzli-kao-vrhunac-kulturne-ponude-i-ideja-koja-obilazi-europu\/#breadcrumb"},"inLanguage":"bs-BA","potentialAction":[{"@type":"ReadAction","target":["https:\/\/tuzlainfo.ba\/index.php\/istaknuto\/item\/244624-sedmica-gitare-u-tuzli-kao-vrhunac-kulturne-ponude-i-ideja-koja-obilazi-europu\/"]}]},{"@type":"ImageObject","inLanguage":"bs-BA","@id":"https:\/\/tuzlainfo.ba\/index.php\/istaknuto\/item\/244624-sedmica-gitare-u-tuzli-kao-vrhunac-kulturne-ponude-i-ideja-koja-obilazi-europu\/#primaryimage","url":"https:\/\/tuzlainfo.ba\/wp-content\/uploads\/2024\/07\/sedmica-gitare-2.jpg","contentUrl":"https:\/\/tuzlainfo.ba\/wp-content\/uploads\/2024\/07\/sedmica-gitare-2.jpg","width":2048,"height":1365},{"@type":"BreadcrumbList","@id":"https:\/\/tuzlainfo.ba\/index.php\/istaknuto\/item\/244624-sedmica-gitare-u-tuzli-kao-vrhunac-kulturne-ponude-i-ideja-koja-obilazi-europu\/#breadcrumb","itemListElement":[{"@type":"ListItem","position":1,"name":"Home","item":"https:\/\/tuzlainfo.ba\/"},{"@type":"ListItem","position":2,"name":"Sedmica gitare u Tuzli kao vrhunac kulturne ponude i ideja koja obilazi Europu"}]},{"@type":"WebSite","@id":"https:\/\/tuzlainfo.ba\/#website","url":"https:\/\/tuzlainfo.ba\/","name":"TuzlaInfo.ba","description":"Tuzla info, gradski informator - Tuzla na dlanu","publisher":{"@id":"https:\/\/tuzlainfo.ba\/#organization"},"potentialAction":[{"@type":"SearchAction","target":{"@type":"EntryPoint","urlTemplate":"https:\/\/tuzlainfo.ba\/?s={search_term_string}"},"query-input":{"@type":"PropertyValueSpecification","valueRequired":true,"valueName":"search_term_string"}}],"inLanguage":"bs-BA"},{"@type":"Organization","@id":"https:\/\/tuzlainfo.ba\/#organization","name":"TuzlaInfo.ba","url":"https:\/\/tuzlainfo.ba\/","logo":{"@type":"ImageObject","inLanguage":"bs-BA","@id":"https:\/\/tuzlainfo.ba\/#\/schema\/logo\/image\/","url":"https:\/\/tuzlainfo.ba\/wp-content\/uploads\/2021\/03\/logo-ver-3-1.png","contentUrl":"https:\/\/tuzlainfo.ba\/wp-content\/uploads\/2021\/03\/logo-ver-3-1.png","width":350,"height":95,"caption":"TuzlaInfo.ba"},"image":{"@id":"https:\/\/tuzlainfo.ba\/#\/schema\/logo\/image\/"},"sameAs":["https:\/\/www.facebook.com\/tuzlainfo.ba\/"]},{"@type":"Person","@id":"https:\/\/tuzlainfo.ba\/#\/schema\/person\/46cad4c57790cbc50781edd14870825a","name":"Tuzla Info","image":{"@type":"ImageObject","inLanguage":"bs-BA","@id":"https:\/\/secure.gravatar.com\/avatar\/e980921b00fa2e552723a2386544734ce6885d2b2304ccca3f45186f9ca4031d?s=96&d=mm&r=g","url":"https:\/\/secure.gravatar.com\/avatar\/e980921b00fa2e552723a2386544734ce6885d2b2304ccca3f45186f9ca4031d?s=96&d=mm&r=g","contentUrl":"https:\/\/secure.gravatar.com\/avatar\/e980921b00fa2e552723a2386544734ce6885d2b2304ccca3f45186f9ca4031d?s=96&d=mm&r=g","caption":"Tuzla Info"}}]}},"_links":{"self":[{"href":"https:\/\/tuzlainfo.ba\/index.php\/wp-json\/wp\/v2\/posts\/244624","targetHints":{"allow":["GET"]}}],"collection":[{"href":"https:\/\/tuzlainfo.ba\/index.php\/wp-json\/wp\/v2\/posts"}],"about":[{"href":"https:\/\/tuzlainfo.ba\/index.php\/wp-json\/wp\/v2\/types\/post"}],"author":[{"embeddable":true,"href":"https:\/\/tuzlainfo.ba\/index.php\/wp-json\/wp\/v2\/users\/4"}],"replies":[{"embeddable":true,"href":"https:\/\/tuzlainfo.ba\/index.php\/wp-json\/wp\/v2\/comments?post=244624"}],"version-history":[{"count":1,"href":"https:\/\/tuzlainfo.ba\/index.php\/wp-json\/wp\/v2\/posts\/244624\/revisions"}],"predecessor-version":[{"id":244626,"href":"https:\/\/tuzlainfo.ba\/index.php\/wp-json\/wp\/v2\/posts\/244624\/revisions\/244626"}],"wp:featuredmedia":[{"embeddable":true,"href":"https:\/\/tuzlainfo.ba\/index.php\/wp-json\/wp\/v2\/media\/244625"}],"wp:attachment":[{"href":"https:\/\/tuzlainfo.ba\/index.php\/wp-json\/wp\/v2\/media?parent=244624"}],"wp:term":[{"taxonomy":"category","embeddable":true,"href":"https:\/\/tuzlainfo.ba\/index.php\/wp-json\/wp\/v2\/categories?post=244624"},{"taxonomy":"post_tag","embeddable":true,"href":"https:\/\/tuzlainfo.ba\/index.php\/wp-json\/wp\/v2\/tags?post=244624"}],"curies":[{"name":"wp","href":"https:\/\/api.w.org\/{rel}","templated":true}]}}