{"id":243987,"date":"2024-07-14T22:16:29","date_gmt":"2024-07-14T20:16:29","guid":{"rendered":"https:\/\/tuzlainfo.ba\/?p=243987"},"modified":"2024-07-14T22:17:24","modified_gmt":"2024-07-14T20:17:24","slug":"topla-godina-ucinila-svoje-nikad-ranija-berba-voca-u-bih","status":"publish","type":"post","link":"https:\/\/tuzlainfo.ba\/index.php\/bosna-i-hercegovina\/item\/243987-topla-godina-ucinila-svoje-nikad-ranija-berba-voca-u-bih\/","title":{"rendered":"Topla godina u\u010dinila svoje: Nikad ranija berba vo\u0107a u BiH"},"content":{"rendered":"<p>Nikad toplija godina dovela je do toga da su vo\u0107ke ranije stigle za berbu. No, tu su i o\u017eegotine i gljivice!<\/p>\n<p>Sve vo\u0107ne vrste ove godine brale su se i brat \u0107e se i do dvadesetak dana ranije u odnosu na pro\u0161lu godinu. Uzrok je u blagoj zimi i relativno toplom prolje\u0107u.<\/p>\n<p>Ve\u0107ina sorti jabuka i kru\u0161aka izbjegle su proljetne mrazeve. Vo\u0107ari zadovoljno trljaju ruke, za razliku od 2023. godine.<\/p>\n<p>Borovnice i maline po\u010dele su se brati ve\u0107 krajem maja i berba je skoro zavr\u0161ena. Ve\u0107 je obrana \u0161ljiva, \u010da\u010danska rana, a po\u010dela je, ili \u0107e ubrzo po\u010deti s berbom i \u010da\u010danska ljepotica. Stanlej i \u010da\u010danska rodna po\u010dele su dobivati boju i po\u010de\u0107e se brati najkasnije do po\u010detka avgusta, \u0161to je 15 do 20 dana ranije u odnosu na prethodne godine.<\/p>\n<p>Kod jabuka, do kraja jula mogla bi po\u010deti berba sorte Gala. \u0160to se ti\u010de kru\u0161aka, po\u010dela je berba sorte Butira, a junska ljepotica brala se ve\u0107 u prvoj polovini juna. Za nekoliko dana, po\u010de\u0107e i berba Santa Marije koja se uglavnom posljednjih godina po\u010dinje brati po\u010detkom avgusta.<\/p>\n<p>Imaju\u0107i u vidu visoke temperature i tropske no\u0107i, vo\u0107arima se ne preporu\u010duje ljetnja rezidba vo\u0107aka kako ne bi do\u0161lo do stresa biljaka i prijevremenog opadanja plodova usljed visokih temperatura i o\u017eegotina od sunca.<\/p>\n<p>Na nekim stablima se mogu primjetiti i truli plodovi. Razlog je gljivica Monilinia fructigena koja uzrokuje truljenje plodova na kojima se pojavljuju bijeli, koncentri\u010dni prstenovi, puni konidija.<\/p>\n<p>Konidije se prenose i ostvaruju infekciju na okolnim plodovima, naro\u010dito u unutra\u0161njosti kro\u0161nje, u kojoj je prisutno vi\u0161e vlage. Takve plodove trebalo bi ukloniti sa stabala i obaviti tretman za\u0161titnim sredstvima sa \u0161to kra\u0107om karencom.<\/p>\n<p><strong>Navodnjavati zasade<\/strong><\/p>\n<p>Meteorolozi najavljuju jo\u0161 barem dvije sedmice su\u0161nog razdoblja. Iako jo\u0161 ima vode u gornjem sloju zemlji\u0161ta, bilo bi dobro da se u tom razdoblju, obave barem dva navodnjavanja, \u0161to sistemom kap po kap, \u0161to raspr\u0161iva\u010dima odnosno, ki\u0161enjem.<\/p>\n<p>Kod jabuka i kru\u0161aka, kao i \u0161ljiva, dolazi do nalijevanja ploda i sad im je voda najpotrebnija, pi\u0161e <a href=\"https:\/\/www.agroklub.com\/vocarstvo\/nikad-ranija-berba-voca-ljetnu-rezidbu-ne-radite-trule-plodove-uklonite\/97205\/\" target=\"_blank\" rel=\"noopener\">Agroklub<\/a>.<\/p>\n","protected":false},"excerpt":{"rendered":"<p>Nikad toplija godina dovela je do toga da su vo\u0107ke ranije stigle za berbu. No, tu su i o\u017eegotine i gljivice! Sve vo\u0107ne vrste ove godine brale su se i brat \u0107e se i do dvadesetak dana ranije u odnosu na pro\u0161lu godinu. Uzrok je u blagoj zimi i relativno toplom prolje\u0107u. Ve\u0107ina sorti jabuka [&hellip;]<\/p>\n","protected":false},"author":2,"featured_media":180406,"comment_status":"closed","ping_status":"closed","sticky":false,"template":"","format":"standard","meta":{"footnotes":""},"categories":[291,304],"tags":[10528,633],"class_list":["post-243987","post","type-post","status-publish","format-standard","has-post-thumbnail","hentry","category-bosna-i-hercegovina","category-istaknuto","tag-vocari","tag-voce"],"yoast_head":"<!-- This site is optimized with the Yoast SEO plugin v28.3 - https:\/\/yoast.com\/product\/yoast-seo-wordpress\/ -->\n<title>Topla godina u\u010dinila svoje: Nikad ranija berba vo\u0107a u BiH<\/title>\n<meta name=\"robots\" content=\"index, follow, max-snippet:-1, max-image-preview:large, max-video-preview:-1\" \/>\n<link rel=\"canonical\" href=\"https:\/\/tuzlainfo.ba\/index.php\/bosna-i-hercegovina\/item\/243987-topla-godina-ucinila-svoje-nikad-ranija-berba-voca-u-bih\/\" \/>\n<meta property=\"og:locale\" content=\"bs_BA\" \/>\n<meta property=\"og:type\" content=\"article\" \/>\n<meta property=\"og:title\" content=\"Topla godina u\u010dinila svoje: Nikad ranija berba vo\u0107a u BiH\" \/>\n<meta property=\"og:description\" content=\"Nikad toplija godina dovela je do toga da su vo\u0107ke ranije stigle za berbu. No, tu su i o\u017eegotine i gljivice! Sve vo\u0107ne vrste ove godine brale su se i brat \u0107e se i do dvadesetak dana ranije u odnosu na pro\u0161lu godinu. Uzrok je u blagoj zimi i relativno toplom prolje\u0107u. Ve\u0107ina sorti jabuka [&hellip;]\" \/>\n<meta property=\"og:url\" content=\"https:\/\/tuzlainfo.ba\/index.php\/bosna-i-hercegovina\/item\/243987-topla-godina-ucinila-svoje-nikad-ranija-berba-voca-u-bih\/\" \/>\n<meta property=\"og:site_name\" content=\"TuzlaInfo.ba\" \/>\n<meta property=\"article:publisher\" content=\"https:\/\/www.facebook.com\/tuzlainfo.ba\/\" \/>\n<meta property=\"article:published_time\" content=\"2024-07-14T20:16:29+00:00\" \/>\n<meta property=\"article:modified_time\" content=\"2024-07-14T20:17:24+00:00\" \/>\n<meta property=\"og:image\" content=\"https:\/\/tuzlainfo.ba\/wp-content\/uploads\/2022\/08\/SLJIVA-GAJBE.jpg\" \/>\n\t<meta property=\"og:image:width\" content=\"938\" \/>\n\t<meta property=\"og:image:height\" content=\"626\" \/>\n\t<meta property=\"og:image:type\" content=\"image\/jpeg\" \/>\n<meta name=\"author\" content=\"nedim\" \/>\n<meta name=\"twitter:card\" content=\"summary_large_image\" \/>\n<meta name=\"twitter:label1\" content=\"Written by\" \/>\n\t<meta name=\"twitter:data1\" content=\"nedim\" \/>\n\t<meta name=\"twitter:label2\" content=\"Est. reading time\" \/>\n\t<meta name=\"twitter:data2\" content=\"3 minute\" \/>\n<script type=\"application\/ld+json\" class=\"yoast-schema-graph\">{\"@context\":\"https:\\\/\\\/schema.org\",\"@graph\":[{\"@type\":\"Article\",\"@id\":\"https:\\\/\\\/tuzlainfo.ba\\\/index.php\\\/bosna-i-hercegovina\\\/item\\\/243987-topla-godina-ucinila-svoje-nikad-ranija-berba-voca-u-bih\\\/#article\",\"isPartOf\":{\"@id\":\"https:\\\/\\\/tuzlainfo.ba\\\/index.php\\\/bosna-i-hercegovina\\\/item\\\/243987-topla-godina-ucinila-svoje-nikad-ranija-berba-voca-u-bih\\\/\"},\"author\":{\"name\":\"nedim\",\"@id\":\"https:\\\/\\\/tuzlainfo.ba\\\/#\\\/schema\\\/person\\\/f434e20dc27ea133923aab08451b7f7f\"},\"headline\":\"Topla godina u\u010dinila svoje: Nikad ranija berba vo\u0107a u BiH\",\"datePublished\":\"2024-07-14T20:16:29+00:00\",\"dateModified\":\"2024-07-14T20:17:24+00:00\",\"mainEntityOfPage\":{\"@id\":\"https:\\\/\\\/tuzlainfo.ba\\\/index.php\\\/bosna-i-hercegovina\\\/item\\\/243987-topla-godina-ucinila-svoje-nikad-ranija-berba-voca-u-bih\\\/\"},\"wordCount\":388,\"publisher\":{\"@id\":\"https:\\\/\\\/tuzlainfo.ba\\\/#organization\"},\"image\":{\"@id\":\"https:\\\/\\\/tuzlainfo.ba\\\/index.php\\\/bosna-i-hercegovina\\\/item\\\/243987-topla-godina-ucinila-svoje-nikad-ranija-berba-voca-u-bih\\\/#primaryimage\"},\"thumbnailUrl\":\"https:\\\/\\\/tuzlainfo.ba\\\/wp-content\\\/uploads\\\/2022\\\/08\\\/SLJIVA-GAJBE.jpg\",\"keywords\":[\"vo\u0107ari\",\"vo\u0107e\"],\"articleSection\":[\"Bosna i Hercegovina\",\"Istaknuto\"],\"inLanguage\":\"bs-BA\",\"copyrightYear\":\"2024\",\"copyrightHolder\":{\"@id\":\"https:\\\/\\\/tuzlainfo.ba\\\/#organization\"}},{\"@type\":\"WebPage\",\"@id\":\"https:\\\/\\\/tuzlainfo.ba\\\/index.php\\\/bosna-i-hercegovina\\\/item\\\/243987-topla-godina-ucinila-svoje-nikad-ranija-berba-voca-u-bih\\\/\",\"url\":\"https:\\\/\\\/tuzlainfo.ba\\\/index.php\\\/bosna-i-hercegovina\\\/item\\\/243987-topla-godina-ucinila-svoje-nikad-ranija-berba-voca-u-bih\\\/\",\"name\":\"Topla godina u\u010dinila svoje: Nikad ranija berba vo\u0107a u BiH\",\"isPartOf\":{\"@id\":\"https:\\\/\\\/tuzlainfo.ba\\\/#website\"},\"primaryImageOfPage\":{\"@id\":\"https:\\\/\\\/tuzlainfo.ba\\\/index.php\\\/bosna-i-hercegovina\\\/item\\\/243987-topla-godina-ucinila-svoje-nikad-ranija-berba-voca-u-bih\\\/#primaryimage\"},\"image\":{\"@id\":\"https:\\\/\\\/tuzlainfo.ba\\\/index.php\\\/bosna-i-hercegovina\\\/item\\\/243987-topla-godina-ucinila-svoje-nikad-ranija-berba-voca-u-bih\\\/#primaryimage\"},\"thumbnailUrl\":\"https:\\\/\\\/tuzlainfo.ba\\\/wp-content\\\/uploads\\\/2022\\\/08\\\/SLJIVA-GAJBE.jpg\",\"datePublished\":\"2024-07-14T20:16:29+00:00\",\"dateModified\":\"2024-07-14T20:17:24+00:00\",\"breadcrumb\":{\"@id\":\"https:\\\/\\\/tuzlainfo.ba\\\/index.php\\\/bosna-i-hercegovina\\\/item\\\/243987-topla-godina-ucinila-svoje-nikad-ranija-berba-voca-u-bih\\\/#breadcrumb\"},\"inLanguage\":\"bs-BA\",\"potentialAction\":[{\"@type\":\"ReadAction\",\"target\":[\"https:\\\/\\\/tuzlainfo.ba\\\/index.php\\\/bosna-i-hercegovina\\\/item\\\/243987-topla-godina-ucinila-svoje-nikad-ranija-berba-voca-u-bih\\\/\"]}]},{\"@type\":\"ImageObject\",\"inLanguage\":\"bs-BA\",\"@id\":\"https:\\\/\\\/tuzlainfo.ba\\\/index.php\\\/bosna-i-hercegovina\\\/item\\\/243987-topla-godina-ucinila-svoje-nikad-ranija-berba-voca-u-bih\\\/#primaryimage\",\"url\":\"https:\\\/\\\/tuzlainfo.ba\\\/wp-content\\\/uploads\\\/2022\\\/08\\\/SLJIVA-GAJBE.jpg\",\"contentUrl\":\"https:\\\/\\\/tuzlainfo.ba\\\/wp-content\\\/uploads\\\/2022\\\/08\\\/SLJIVA-GAJBE.jpg\",\"width\":938,\"height\":626},{\"@type\":\"BreadcrumbList\",\"@id\":\"https:\\\/\\\/tuzlainfo.ba\\\/index.php\\\/bosna-i-hercegovina\\\/item\\\/243987-topla-godina-ucinila-svoje-nikad-ranija-berba-voca-u-bih\\\/#breadcrumb\",\"itemListElement\":[{\"@type\":\"ListItem\",\"position\":1,\"name\":\"Home\",\"item\":\"https:\\\/\\\/tuzlainfo.ba\\\/\"},{\"@type\":\"ListItem\",\"position\":2,\"name\":\"Topla godina u\u010dinila svoje: Nikad ranija berba vo\u0107a u BiH\"}]},{\"@type\":\"WebSite\",\"@id\":\"https:\\\/\\\/tuzlainfo.ba\\\/#website\",\"url\":\"https:\\\/\\\/tuzlainfo.ba\\\/\",\"name\":\"TuzlaInfo.ba\",\"description\":\"Tuzla info, gradski informator - Tuzla na dlanu\",\"publisher\":{\"@id\":\"https:\\\/\\\/tuzlainfo.ba\\\/#organization\"},\"potentialAction\":[{\"@type\":\"SearchAction\",\"target\":{\"@type\":\"EntryPoint\",\"urlTemplate\":\"https:\\\/\\\/tuzlainfo.ba\\\/?s={search_term_string}\"},\"query-input\":{\"@type\":\"PropertyValueSpecification\",\"valueRequired\":true,\"valueName\":\"search_term_string\"}}],\"inLanguage\":\"bs-BA\"},{\"@type\":\"Organization\",\"@id\":\"https:\\\/\\\/tuzlainfo.ba\\\/#organization\",\"name\":\"TuzlaInfo.ba\",\"url\":\"https:\\\/\\\/tuzlainfo.ba\\\/\",\"logo\":{\"@type\":\"ImageObject\",\"inLanguage\":\"bs-BA\",\"@id\":\"https:\\\/\\\/tuzlainfo.ba\\\/#\\\/schema\\\/logo\\\/image\\\/\",\"url\":\"https:\\\/\\\/tuzlainfo.ba\\\/wp-content\\\/uploads\\\/2021\\\/03\\\/logo-ver-3-1.png\",\"contentUrl\":\"https:\\\/\\\/tuzlainfo.ba\\\/wp-content\\\/uploads\\\/2021\\\/03\\\/logo-ver-3-1.png\",\"width\":350,\"height\":95,\"caption\":\"TuzlaInfo.ba\"},\"image\":{\"@id\":\"https:\\\/\\\/tuzlainfo.ba\\\/#\\\/schema\\\/logo\\\/image\\\/\"},\"sameAs\":[\"https:\\\/\\\/www.facebook.com\\\/tuzlainfo.ba\\\/\"]},{\"@type\":\"Person\",\"@id\":\"https:\\\/\\\/tuzlainfo.ba\\\/#\\\/schema\\\/person\\\/f434e20dc27ea133923aab08451b7f7f\",\"name\":\"nedim\",\"image\":{\"@type\":\"ImageObject\",\"inLanguage\":\"bs-BA\",\"@id\":\"https:\\\/\\\/secure.gravatar.com\\\/avatar\\\/5b928a2e7e70a54208d2eb6c1edcb75a5350d6ae97d5f0a701203d456823f6f3?s=96&d=mm&r=g\",\"url\":\"https:\\\/\\\/secure.gravatar.com\\\/avatar\\\/5b928a2e7e70a54208d2eb6c1edcb75a5350d6ae97d5f0a701203d456823f6f3?s=96&d=mm&r=g\",\"contentUrl\":\"https:\\\/\\\/secure.gravatar.com\\\/avatar\\\/5b928a2e7e70a54208d2eb6c1edcb75a5350d6ae97d5f0a701203d456823f6f3?s=96&d=mm&r=g\",\"caption\":\"nedim\"},\"description\":\"Tuzlainfo.ba pratite na dru\u0161tvenim mre\u017eama: Facebook, Instagram i Youtube. Svoje pri\u010de, upite i fotografije \u0161aljite na na\u0161u e-mail adresu.\"}]}<\/script>\n<!-- \/ Yoast SEO plugin. -->","yoast_head_json":{"title":"Topla godina u\u010dinila svoje: Nikad ranija berba vo\u0107a u BiH","robots":{"index":"index","follow":"follow","max-snippet":"max-snippet:-1","max-image-preview":"max-image-preview:large","max-video-preview":"max-video-preview:-1"},"canonical":"https:\/\/tuzlainfo.ba\/index.php\/bosna-i-hercegovina\/item\/243987-topla-godina-ucinila-svoje-nikad-ranija-berba-voca-u-bih\/","og_locale":"bs_BA","og_type":"article","og_title":"Topla godina u\u010dinila svoje: Nikad ranija berba vo\u0107a u BiH","og_description":"Nikad toplija godina dovela je do toga da su vo\u0107ke ranije stigle za berbu. No, tu su i o\u017eegotine i gljivice! Sve vo\u0107ne vrste ove godine brale su se i brat \u0107e se i do dvadesetak dana ranije u odnosu na pro\u0161lu godinu. Uzrok je u blagoj zimi i relativno toplom prolje\u0107u. Ve\u0107ina sorti jabuka [&hellip;]","og_url":"https:\/\/tuzlainfo.ba\/index.php\/bosna-i-hercegovina\/item\/243987-topla-godina-ucinila-svoje-nikad-ranija-berba-voca-u-bih\/","og_site_name":"TuzlaInfo.ba","article_publisher":"https:\/\/www.facebook.com\/tuzlainfo.ba\/","article_published_time":"2024-07-14T20:16:29+00:00","article_modified_time":"2024-07-14T20:17:24+00:00","og_image":[{"width":938,"height":626,"url":"https:\/\/tuzlainfo.ba\/wp-content\/uploads\/2022\/08\/SLJIVA-GAJBE.jpg","type":"image\/jpeg"}],"author":"nedim","twitter_card":"summary_large_image","twitter_misc":{"Written by":"nedim","Est. reading time":"3 minute"},"schema":{"@context":"https:\/\/schema.org","@graph":[{"@type":"Article","@id":"https:\/\/tuzlainfo.ba\/index.php\/bosna-i-hercegovina\/item\/243987-topla-godina-ucinila-svoje-nikad-ranija-berba-voca-u-bih\/#article","isPartOf":{"@id":"https:\/\/tuzlainfo.ba\/index.php\/bosna-i-hercegovina\/item\/243987-topla-godina-ucinila-svoje-nikad-ranija-berba-voca-u-bih\/"},"author":{"name":"nedim","@id":"https:\/\/tuzlainfo.ba\/#\/schema\/person\/f434e20dc27ea133923aab08451b7f7f"},"headline":"Topla godina u\u010dinila svoje: Nikad ranija berba vo\u0107a u BiH","datePublished":"2024-07-14T20:16:29+00:00","dateModified":"2024-07-14T20:17:24+00:00","mainEntityOfPage":{"@id":"https:\/\/tuzlainfo.ba\/index.php\/bosna-i-hercegovina\/item\/243987-topla-godina-ucinila-svoje-nikad-ranija-berba-voca-u-bih\/"},"wordCount":388,"publisher":{"@id":"https:\/\/tuzlainfo.ba\/#organization"},"image":{"@id":"https:\/\/tuzlainfo.ba\/index.php\/bosna-i-hercegovina\/item\/243987-topla-godina-ucinila-svoje-nikad-ranija-berba-voca-u-bih\/#primaryimage"},"thumbnailUrl":"https:\/\/tuzlainfo.ba\/wp-content\/uploads\/2022\/08\/SLJIVA-GAJBE.jpg","keywords":["vo\u0107ari","vo\u0107e"],"articleSection":["Bosna i Hercegovina","Istaknuto"],"inLanguage":"bs-BA","copyrightYear":"2024","copyrightHolder":{"@id":"https:\/\/tuzlainfo.ba\/#organization"}},{"@type":"WebPage","@id":"https:\/\/tuzlainfo.ba\/index.php\/bosna-i-hercegovina\/item\/243987-topla-godina-ucinila-svoje-nikad-ranija-berba-voca-u-bih\/","url":"https:\/\/tuzlainfo.ba\/index.php\/bosna-i-hercegovina\/item\/243987-topla-godina-ucinila-svoje-nikad-ranija-berba-voca-u-bih\/","name":"Topla godina u\u010dinila svoje: Nikad ranija berba vo\u0107a u BiH","isPartOf":{"@id":"https:\/\/tuzlainfo.ba\/#website"},"primaryImageOfPage":{"@id":"https:\/\/tuzlainfo.ba\/index.php\/bosna-i-hercegovina\/item\/243987-topla-godina-ucinila-svoje-nikad-ranija-berba-voca-u-bih\/#primaryimage"},"image":{"@id":"https:\/\/tuzlainfo.ba\/index.php\/bosna-i-hercegovina\/item\/243987-topla-godina-ucinila-svoje-nikad-ranija-berba-voca-u-bih\/#primaryimage"},"thumbnailUrl":"https:\/\/tuzlainfo.ba\/wp-content\/uploads\/2022\/08\/SLJIVA-GAJBE.jpg","datePublished":"2024-07-14T20:16:29+00:00","dateModified":"2024-07-14T20:17:24+00:00","breadcrumb":{"@id":"https:\/\/tuzlainfo.ba\/index.php\/bosna-i-hercegovina\/item\/243987-topla-godina-ucinila-svoje-nikad-ranija-berba-voca-u-bih\/#breadcrumb"},"inLanguage":"bs-BA","potentialAction":[{"@type":"ReadAction","target":["https:\/\/tuzlainfo.ba\/index.php\/bosna-i-hercegovina\/item\/243987-topla-godina-ucinila-svoje-nikad-ranija-berba-voca-u-bih\/"]}]},{"@type":"ImageObject","inLanguage":"bs-BA","@id":"https:\/\/tuzlainfo.ba\/index.php\/bosna-i-hercegovina\/item\/243987-topla-godina-ucinila-svoje-nikad-ranija-berba-voca-u-bih\/#primaryimage","url":"https:\/\/tuzlainfo.ba\/wp-content\/uploads\/2022\/08\/SLJIVA-GAJBE.jpg","contentUrl":"https:\/\/tuzlainfo.ba\/wp-content\/uploads\/2022\/08\/SLJIVA-GAJBE.jpg","width":938,"height":626},{"@type":"BreadcrumbList","@id":"https:\/\/tuzlainfo.ba\/index.php\/bosna-i-hercegovina\/item\/243987-topla-godina-ucinila-svoje-nikad-ranija-berba-voca-u-bih\/#breadcrumb","itemListElement":[{"@type":"ListItem","position":1,"name":"Home","item":"https:\/\/tuzlainfo.ba\/"},{"@type":"ListItem","position":2,"name":"Topla godina u\u010dinila svoje: Nikad ranija berba vo\u0107a u BiH"}]},{"@type":"WebSite","@id":"https:\/\/tuzlainfo.ba\/#website","url":"https:\/\/tuzlainfo.ba\/","name":"TuzlaInfo.ba","description":"Tuzla info, gradski informator - Tuzla na dlanu","publisher":{"@id":"https:\/\/tuzlainfo.ba\/#organization"},"potentialAction":[{"@type":"SearchAction","target":{"@type":"EntryPoint","urlTemplate":"https:\/\/tuzlainfo.ba\/?s={search_term_string}"},"query-input":{"@type":"PropertyValueSpecification","valueRequired":true,"valueName":"search_term_string"}}],"inLanguage":"bs-BA"},{"@type":"Organization","@id":"https:\/\/tuzlainfo.ba\/#organization","name":"TuzlaInfo.ba","url":"https:\/\/tuzlainfo.ba\/","logo":{"@type":"ImageObject","inLanguage":"bs-BA","@id":"https:\/\/tuzlainfo.ba\/#\/schema\/logo\/image\/","url":"https:\/\/tuzlainfo.ba\/wp-content\/uploads\/2021\/03\/logo-ver-3-1.png","contentUrl":"https:\/\/tuzlainfo.ba\/wp-content\/uploads\/2021\/03\/logo-ver-3-1.png","width":350,"height":95,"caption":"TuzlaInfo.ba"},"image":{"@id":"https:\/\/tuzlainfo.ba\/#\/schema\/logo\/image\/"},"sameAs":["https:\/\/www.facebook.com\/tuzlainfo.ba\/"]},{"@type":"Person","@id":"https:\/\/tuzlainfo.ba\/#\/schema\/person\/f434e20dc27ea133923aab08451b7f7f","name":"nedim","image":{"@type":"ImageObject","inLanguage":"bs-BA","@id":"https:\/\/secure.gravatar.com\/avatar\/5b928a2e7e70a54208d2eb6c1edcb75a5350d6ae97d5f0a701203d456823f6f3?s=96&d=mm&r=g","url":"https:\/\/secure.gravatar.com\/avatar\/5b928a2e7e70a54208d2eb6c1edcb75a5350d6ae97d5f0a701203d456823f6f3?s=96&d=mm&r=g","contentUrl":"https:\/\/secure.gravatar.com\/avatar\/5b928a2e7e70a54208d2eb6c1edcb75a5350d6ae97d5f0a701203d456823f6f3?s=96&d=mm&r=g","caption":"nedim"},"description":"Tuzlainfo.ba pratite na dru\u0161tvenim mre\u017eama: Facebook, Instagram i Youtube. Svoje pri\u010de, upite i fotografije \u0161aljite na na\u0161u e-mail adresu."}]}},"_links":{"self":[{"href":"https:\/\/tuzlainfo.ba\/index.php\/wp-json\/wp\/v2\/posts\/243987","targetHints":{"allow":["GET"]}}],"collection":[{"href":"https:\/\/tuzlainfo.ba\/index.php\/wp-json\/wp\/v2\/posts"}],"about":[{"href":"https:\/\/tuzlainfo.ba\/index.php\/wp-json\/wp\/v2\/types\/post"}],"author":[{"embeddable":true,"href":"https:\/\/tuzlainfo.ba\/index.php\/wp-json\/wp\/v2\/users\/2"}],"replies":[{"embeddable":true,"href":"https:\/\/tuzlainfo.ba\/index.php\/wp-json\/wp\/v2\/comments?post=243987"}],"version-history":[{"count":1,"href":"https:\/\/tuzlainfo.ba\/index.php\/wp-json\/wp\/v2\/posts\/243987\/revisions"}],"predecessor-version":[{"id":243988,"href":"https:\/\/tuzlainfo.ba\/index.php\/wp-json\/wp\/v2\/posts\/243987\/revisions\/243988"}],"wp:featuredmedia":[{"embeddable":true,"href":"https:\/\/tuzlainfo.ba\/index.php\/wp-json\/wp\/v2\/media\/180406"}],"wp:attachment":[{"href":"https:\/\/tuzlainfo.ba\/index.php\/wp-json\/wp\/v2\/media?parent=243987"}],"wp:term":[{"taxonomy":"category","embeddable":true,"href":"https:\/\/tuzlainfo.ba\/index.php\/wp-json\/wp\/v2\/categories?post=243987"},{"taxonomy":"post_tag","embeddable":true,"href":"https:\/\/tuzlainfo.ba\/index.php\/wp-json\/wp\/v2\/tags?post=243987"}],"curies":[{"name":"wp","href":"https:\/\/api.w.org\/{rel}","templated":true}]}}