{"id":243912,"date":"2024-07-13T15:04:36","date_gmt":"2024-07-13T13:04:36","guid":{"rendered":"https:\/\/tuzlainfo.ba\/?p=243912"},"modified":"2024-07-13T13:25:55","modified_gmt":"2024-07-13T11:25:55","slug":"u-nedjelju-pocinje-sedmica-gitare-u-tuzli","status":"publish","type":"post","link":"https:\/\/tuzlainfo.ba\/index.php\/najava-dogadaja-2\/item\/243912-u-nedjelju-pocinje-sedmica-gitare-u-tuzli\/","title":{"rendered":"U nedjelju po\u010dinje Sedmica gitare u Tuzli"},"content":{"rendered":"<p>U nedjelju 14. jula \u0107e po\u010deti tre\u0107i po redu Tuzla Guitar Week. Veliki doga\u0111aj iz oblasti umjetnosti \u0107e i ove godine omogu\u0107iti brojnim zaljubljenicima u gitaru da se usavr\u0161avaju uz rad sa eminentnim imenima iz regiona i Europe.<\/p>\n<p>Osim nastave koja \u0107e svakodnevno biti odr\u017eavana za u\u010denike, bogat program \u0107e publici omogu\u0107iti da na koncertu otvorenja u\u017eivaju i u izlo\u017ebi osam po\u010detnih studija iz opusa \u201eGitarista\u201c velikog akademskog slikara i grafi\u010dara Safeta Zeca, koji \u0107e ovim povodom posjetiti Tuzlu. Imao je vi\u0161e od 70 samostalnih izlo\u017ebi u BiH i svijetu. Za svoj rad je dobio vi\u0161e od 20 stru\u010dnih nagrada i priznanja, a posebno se isti\u010de Orden za umjetnost i knji\u017eevnost Republike Francuske. Tri djela bosanskohercegova\u010dkog slikara Safeta Zeca postavljena su u Trevisu kraj Venecije, u crkvi San Teonisto.<\/p>\n<p>Njegovi radovi postavljeni su u najzna\u010dajnim galerijama \u0161irom svijeta, te su organizatori iznimno ponosni \u0161to \u0107e ovaj vanvremenski umjetnik posjetiti Tuzlu.<\/p>\n<p>\u2013 Vjerujemo da \u0107e ovo biti idealan spoj umjetnosti, jer \u0107e na koncertu otvorenja i dobrodo\u0161lice nastupiti Sanel Red\u017ei\u0107 (BiH, Njema\u010dka), Darko Bageski (Sjeverna Republika Makedonija) i Alejandro Cordova (Meksiko) \u2013 saop\u0161tili su organizatori Tuzla Guitar Week-a.<\/p>\n<p>Sanel Red\u017ei\u0107 od 2006. godine konstantno nastupa \u0161irom svijeta, kako solo tako i u razli\u010ditim kamernim ansamblima te sa orkestrima i do sada je odu\u0161evio publiku i medije na nekoliko stotina koncerata. Stekao je 37 va\u017enih nagrada i priznanja za svoj rad, na mnogim takmi\u010denjima za mlade gitariste je \u010dlan \u017eirija, te redovno odr\u017eava masterklase na festivalima \u0161irom svijeta te presti\u017enim univerzitetima. Mnogi kompozitori poput Vojislava Ivanovi\u0107a, Konstantina Vassilieva ili Jana Depretera su pisali i posvetili neka od svojih djela Sanelu Red\u017ei\u0107u.\u00a0\u00a0Sanel Red\u017ei\u0107 trenutno predaje na Akademiji za kulturu i umjetnost u Osijeku te na Univerzitetu u Erfurtu, Njema\u010dka kao gostuju\u0107i profesor.<\/p>\n<p>Darko Bageski je ostvario brojne koncerte u Njema\u010dkoj, Gr\u010dkoj, Hrvatskoj, Srbiji, Crnoj Gori, Bugarskoj, Makedoniji, \u0160vedskoj, Italiji, Tajvanu, Kini, SAD-u. U\u010destvovao je na seminarima i majstorskim radionicama kod svjetski poznatih gitarista. Nastupao je kao solista sa mnogim kamernim orkestrima kao i sa Makedonskom filharmonijom. Radi kao redovni profesor gitare na Fakultetu muzi\u010dke umjetnosti u Skoplju.<\/p>\n<p>Alejandro Cordova \u2013 Njegov je talent prepoznat od strane brojnih glazbenih kriti\u010dara a odr\u017eao je brojne solisti\u010dke koncerte u Europi, Sjedinjenim Ameri\u010dkim Dr\u017eavama i Centralnoj Americi. Realizirao je tri nosa\u010da zvuka, od kojih je prvi snimljen u Londonu s Johnom Taylorom, drugi u Sevilji s diskografskom ku\u0107om \u201cContrastes records\u201d i tre\u0107i u realizaciji diskografske ku\u0107e \u201cNaxos\u201d. Pobijedio je na vi\u0161e od trideset me\u0111unarodnih natjecanja.<\/p>\n<p>Koncert \u0107e, uz djela Safeta Zeca, jednog od najva\u017enijih umjetni\u010dkih stvaralaca dana\u0161njice, biti odr\u017ean u Me\u0111unarodnoj galeriji portreta u nedjelju 14. jula sa po\u010detkom u 19,00 sati.<\/p>\n","protected":false},"excerpt":{"rendered":"<p>U nedjelju 14. jula \u0107e po\u010deti tre\u0107i po redu Tuzla Guitar Week. Veliki doga\u0111aj iz oblasti umjetnosti \u0107e i ove godine omogu\u0107iti brojnim zaljubljenicima u gitaru da se usavr\u0161avaju uz rad sa eminentnim imenima iz regiona i Europe. Osim nastave koja \u0107e svakodnevno biti odr\u017eavana za u\u010denike, bogat program \u0107e publici omogu\u0107iti da na koncertu [&hellip;]<\/p>\n","protected":false},"author":4,"featured_media":243489,"comment_status":"closed","ping_status":"closed","sticky":false,"template":"","format":"standard","meta":{"footnotes":""},"categories":[11],"tags":[3990,42],"class_list":["post-243912","post","type-post","status-publish","format-standard","has-post-thumbnail","hentry","category-najava-dogadaja-2","tag-sedmica-gitare","tag-tuzla"],"yoast_head":"<!-- This site is optimized with the Yoast SEO plugin v28.4 - https:\/\/yoast.com\/product\/yoast-seo-wordpress\/ -->\n<title>U nedjelju po\u010dinje Sedmica gitare u Tuzli<\/title>\n<meta name=\"robots\" content=\"index, follow, max-snippet:-1, max-image-preview:large, max-video-preview:-1\" \/>\n<link rel=\"canonical\" href=\"https:\/\/tuzlainfo.ba\/index.php\/najava-dogadaja-2\/item\/243912-u-nedjelju-pocinje-sedmica-gitare-u-tuzli\/\" \/>\n<meta property=\"og:locale\" content=\"bs_BA\" \/>\n<meta property=\"og:type\" content=\"article\" \/>\n<meta property=\"og:title\" content=\"U nedjelju po\u010dinje Sedmica gitare u Tuzli\" \/>\n<meta property=\"og:description\" content=\"U nedjelju 14. jula \u0107e po\u010deti tre\u0107i po redu Tuzla Guitar Week. Veliki doga\u0111aj iz oblasti umjetnosti \u0107e i ove godine omogu\u0107iti brojnim zaljubljenicima u gitaru da se usavr\u0161avaju uz rad sa eminentnim imenima iz regiona i Europe. Osim nastave koja \u0107e svakodnevno biti odr\u017eavana za u\u010denike, bogat program \u0107e publici omogu\u0107iti da na koncertu [&hellip;]\" \/>\n<meta property=\"og:url\" content=\"https:\/\/tuzlainfo.ba\/index.php\/najava-dogadaja-2\/item\/243912-u-nedjelju-pocinje-sedmica-gitare-u-tuzli\/\" \/>\n<meta property=\"og:site_name\" content=\"TuzlaInfo.ba\" \/>\n<meta property=\"article:publisher\" content=\"https:\/\/www.facebook.com\/tuzlainfo.ba\/\" \/>\n<meta property=\"article:published_time\" content=\"2024-07-13T13:04:36+00:00\" \/>\n<meta property=\"og:image\" content=\"https:\/\/tuzlainfo.ba\/wp-content\/uploads\/2024\/07\/sedmica-gitare-1-scaled.jpg\" \/>\n\t<meta property=\"og:image:width\" content=\"2560\" \/>\n\t<meta property=\"og:image:height\" content=\"1707\" \/>\n\t<meta property=\"og:image:type\" content=\"image\/jpeg\" \/>\n<meta name=\"author\" content=\"Tuzla Info\" \/>\n<meta name=\"twitter:card\" content=\"summary_large_image\" \/>\n<meta name=\"twitter:label1\" content=\"Written by\" \/>\n\t<meta name=\"twitter:data1\" content=\"Tuzla Info\" \/>\n\t<meta name=\"twitter:label2\" content=\"Est. reading time\" \/>\n\t<meta name=\"twitter:data2\" content=\"3 minute\" \/>\n<script type=\"application\/ld+json\" class=\"yoast-schema-graph\">{\"@context\":\"https:\\\/\\\/schema.org\",\"@graph\":[{\"@type\":\"Article\",\"@id\":\"https:\\\/\\\/tuzlainfo.ba\\\/index.php\\\/najava-dogadaja-2\\\/item\\\/243912-u-nedjelju-pocinje-sedmica-gitare-u-tuzli\\\/#article\",\"isPartOf\":{\"@id\":\"https:\\\/\\\/tuzlainfo.ba\\\/index.php\\\/najava-dogadaja-2\\\/item\\\/243912-u-nedjelju-pocinje-sedmica-gitare-u-tuzli\\\/\"},\"author\":{\"name\":\"Tuzla Info\",\"@id\":\"https:\\\/\\\/tuzlainfo.ba\\\/#\\\/schema\\\/person\\\/46cad4c57790cbc50781edd14870825a\"},\"headline\":\"U nedjelju po\u010dinje Sedmica gitare u Tuzli\",\"datePublished\":\"2024-07-13T13:04:36+00:00\",\"mainEntityOfPage\":{\"@id\":\"https:\\\/\\\/tuzlainfo.ba\\\/index.php\\\/najava-dogadaja-2\\\/item\\\/243912-u-nedjelju-pocinje-sedmica-gitare-u-tuzli\\\/\"},\"wordCount\":492,\"publisher\":{\"@id\":\"https:\\\/\\\/tuzlainfo.ba\\\/#organization\"},\"image\":{\"@id\":\"https:\\\/\\\/tuzlainfo.ba\\\/index.php\\\/najava-dogadaja-2\\\/item\\\/243912-u-nedjelju-pocinje-sedmica-gitare-u-tuzli\\\/#primaryimage\"},\"thumbnailUrl\":\"https:\\\/\\\/tuzlainfo.ba\\\/wp-content\\\/uploads\\\/2024\\\/07\\\/sedmica-gitare-1-scaled.jpg\",\"keywords\":[\"sedmica gitare\",\"tuzla\"],\"articleSection\":[\"Najave i doga\u0111aji\"],\"inLanguage\":\"bs-BA\",\"copyrightYear\":\"2024\",\"copyrightHolder\":{\"@id\":\"https:\\\/\\\/tuzlainfo.ba\\\/#organization\"}},{\"@type\":\"WebPage\",\"@id\":\"https:\\\/\\\/tuzlainfo.ba\\\/index.php\\\/najava-dogadaja-2\\\/item\\\/243912-u-nedjelju-pocinje-sedmica-gitare-u-tuzli\\\/\",\"url\":\"https:\\\/\\\/tuzlainfo.ba\\\/index.php\\\/najava-dogadaja-2\\\/item\\\/243912-u-nedjelju-pocinje-sedmica-gitare-u-tuzli\\\/\",\"name\":\"U nedjelju po\u010dinje Sedmica gitare u Tuzli\",\"isPartOf\":{\"@id\":\"https:\\\/\\\/tuzlainfo.ba\\\/#website\"},\"primaryImageOfPage\":{\"@id\":\"https:\\\/\\\/tuzlainfo.ba\\\/index.php\\\/najava-dogadaja-2\\\/item\\\/243912-u-nedjelju-pocinje-sedmica-gitare-u-tuzli\\\/#primaryimage\"},\"image\":{\"@id\":\"https:\\\/\\\/tuzlainfo.ba\\\/index.php\\\/najava-dogadaja-2\\\/item\\\/243912-u-nedjelju-pocinje-sedmica-gitare-u-tuzli\\\/#primaryimage\"},\"thumbnailUrl\":\"https:\\\/\\\/tuzlainfo.ba\\\/wp-content\\\/uploads\\\/2024\\\/07\\\/sedmica-gitare-1-scaled.jpg\",\"datePublished\":\"2024-07-13T13:04:36+00:00\",\"breadcrumb\":{\"@id\":\"https:\\\/\\\/tuzlainfo.ba\\\/index.php\\\/najava-dogadaja-2\\\/item\\\/243912-u-nedjelju-pocinje-sedmica-gitare-u-tuzli\\\/#breadcrumb\"},\"inLanguage\":\"bs-BA\",\"potentialAction\":[{\"@type\":\"ReadAction\",\"target\":[\"https:\\\/\\\/tuzlainfo.ba\\\/index.php\\\/najava-dogadaja-2\\\/item\\\/243912-u-nedjelju-pocinje-sedmica-gitare-u-tuzli\\\/\"]}]},{\"@type\":\"ImageObject\",\"inLanguage\":\"bs-BA\",\"@id\":\"https:\\\/\\\/tuzlainfo.ba\\\/index.php\\\/najava-dogadaja-2\\\/item\\\/243912-u-nedjelju-pocinje-sedmica-gitare-u-tuzli\\\/#primaryimage\",\"url\":\"https:\\\/\\\/tuzlainfo.ba\\\/wp-content\\\/uploads\\\/2024\\\/07\\\/sedmica-gitare-1-scaled.jpg\",\"contentUrl\":\"https:\\\/\\\/tuzlainfo.ba\\\/wp-content\\\/uploads\\\/2024\\\/07\\\/sedmica-gitare-1-scaled.jpg\",\"width\":2560,\"height\":1707},{\"@type\":\"BreadcrumbList\",\"@id\":\"https:\\\/\\\/tuzlainfo.ba\\\/index.php\\\/najava-dogadaja-2\\\/item\\\/243912-u-nedjelju-pocinje-sedmica-gitare-u-tuzli\\\/#breadcrumb\",\"itemListElement\":[{\"@type\":\"ListItem\",\"position\":1,\"name\":\"Home\",\"item\":\"https:\\\/\\\/tuzlainfo.ba\\\/\"},{\"@type\":\"ListItem\",\"position\":2,\"name\":\"U nedjelju po\u010dinje Sedmica gitare u Tuzli\"}]},{\"@type\":\"WebSite\",\"@id\":\"https:\\\/\\\/tuzlainfo.ba\\\/#website\",\"url\":\"https:\\\/\\\/tuzlainfo.ba\\\/\",\"name\":\"TuzlaInfo.ba\",\"description\":\"Tuzla info, gradski informator - Tuzla na dlanu\",\"publisher\":{\"@id\":\"https:\\\/\\\/tuzlainfo.ba\\\/#organization\"},\"potentialAction\":[{\"@type\":\"SearchAction\",\"target\":{\"@type\":\"EntryPoint\",\"urlTemplate\":\"https:\\\/\\\/tuzlainfo.ba\\\/?s={search_term_string}\"},\"query-input\":{\"@type\":\"PropertyValueSpecification\",\"valueRequired\":true,\"valueName\":\"search_term_string\"}}],\"inLanguage\":\"bs-BA\"},{\"@type\":\"Organization\",\"@id\":\"https:\\\/\\\/tuzlainfo.ba\\\/#organization\",\"name\":\"TuzlaInfo.ba\",\"url\":\"https:\\\/\\\/tuzlainfo.ba\\\/\",\"logo\":{\"@type\":\"ImageObject\",\"inLanguage\":\"bs-BA\",\"@id\":\"https:\\\/\\\/tuzlainfo.ba\\\/#\\\/schema\\\/logo\\\/image\\\/\",\"url\":\"https:\\\/\\\/tuzlainfo.ba\\\/wp-content\\\/uploads\\\/2021\\\/03\\\/logo-ver-3-1.png\",\"contentUrl\":\"https:\\\/\\\/tuzlainfo.ba\\\/wp-content\\\/uploads\\\/2021\\\/03\\\/logo-ver-3-1.png\",\"width\":350,\"height\":95,\"caption\":\"TuzlaInfo.ba\"},\"image\":{\"@id\":\"https:\\\/\\\/tuzlainfo.ba\\\/#\\\/schema\\\/logo\\\/image\\\/\"},\"sameAs\":[\"https:\\\/\\\/www.facebook.com\\\/tuzlainfo.ba\\\/\"]},{\"@type\":\"Person\",\"@id\":\"https:\\\/\\\/tuzlainfo.ba\\\/#\\\/schema\\\/person\\\/46cad4c57790cbc50781edd14870825a\",\"name\":\"Tuzla Info\",\"image\":{\"@type\":\"ImageObject\",\"inLanguage\":\"bs-BA\",\"@id\":\"https:\\\/\\\/secure.gravatar.com\\\/avatar\\\/e980921b00fa2e552723a2386544734ce6885d2b2304ccca3f45186f9ca4031d?s=96&d=mm&r=g\",\"url\":\"https:\\\/\\\/secure.gravatar.com\\\/avatar\\\/e980921b00fa2e552723a2386544734ce6885d2b2304ccca3f45186f9ca4031d?s=96&d=mm&r=g\",\"contentUrl\":\"https:\\\/\\\/secure.gravatar.com\\\/avatar\\\/e980921b00fa2e552723a2386544734ce6885d2b2304ccca3f45186f9ca4031d?s=96&d=mm&r=g\",\"caption\":\"Tuzla Info\"}}]}<\/script>\n<!-- \/ Yoast SEO plugin. -->","yoast_head_json":{"title":"U nedjelju po\u010dinje Sedmica gitare u Tuzli","robots":{"index":"index","follow":"follow","max-snippet":"max-snippet:-1","max-image-preview":"max-image-preview:large","max-video-preview":"max-video-preview:-1"},"canonical":"https:\/\/tuzlainfo.ba\/index.php\/najava-dogadaja-2\/item\/243912-u-nedjelju-pocinje-sedmica-gitare-u-tuzli\/","og_locale":"bs_BA","og_type":"article","og_title":"U nedjelju po\u010dinje Sedmica gitare u Tuzli","og_description":"U nedjelju 14. jula \u0107e po\u010deti tre\u0107i po redu Tuzla Guitar Week. Veliki doga\u0111aj iz oblasti umjetnosti \u0107e i ove godine omogu\u0107iti brojnim zaljubljenicima u gitaru da se usavr\u0161avaju uz rad sa eminentnim imenima iz regiona i Europe. Osim nastave koja \u0107e svakodnevno biti odr\u017eavana za u\u010denike, bogat program \u0107e publici omogu\u0107iti da na koncertu [&hellip;]","og_url":"https:\/\/tuzlainfo.ba\/index.php\/najava-dogadaja-2\/item\/243912-u-nedjelju-pocinje-sedmica-gitare-u-tuzli\/","og_site_name":"TuzlaInfo.ba","article_publisher":"https:\/\/www.facebook.com\/tuzlainfo.ba\/","article_published_time":"2024-07-13T13:04:36+00:00","og_image":[{"width":2560,"height":1707,"url":"https:\/\/tuzlainfo.ba\/wp-content\/uploads\/2024\/07\/sedmica-gitare-1-scaled.jpg","type":"image\/jpeg"}],"author":"Tuzla Info","twitter_card":"summary_large_image","twitter_misc":{"Written by":"Tuzla Info","Est. reading time":"3 minute"},"schema":{"@context":"https:\/\/schema.org","@graph":[{"@type":"Article","@id":"https:\/\/tuzlainfo.ba\/index.php\/najava-dogadaja-2\/item\/243912-u-nedjelju-pocinje-sedmica-gitare-u-tuzli\/#article","isPartOf":{"@id":"https:\/\/tuzlainfo.ba\/index.php\/najava-dogadaja-2\/item\/243912-u-nedjelju-pocinje-sedmica-gitare-u-tuzli\/"},"author":{"name":"Tuzla Info","@id":"https:\/\/tuzlainfo.ba\/#\/schema\/person\/46cad4c57790cbc50781edd14870825a"},"headline":"U nedjelju po\u010dinje Sedmica gitare u Tuzli","datePublished":"2024-07-13T13:04:36+00:00","mainEntityOfPage":{"@id":"https:\/\/tuzlainfo.ba\/index.php\/najava-dogadaja-2\/item\/243912-u-nedjelju-pocinje-sedmica-gitare-u-tuzli\/"},"wordCount":492,"publisher":{"@id":"https:\/\/tuzlainfo.ba\/#organization"},"image":{"@id":"https:\/\/tuzlainfo.ba\/index.php\/najava-dogadaja-2\/item\/243912-u-nedjelju-pocinje-sedmica-gitare-u-tuzli\/#primaryimage"},"thumbnailUrl":"https:\/\/tuzlainfo.ba\/wp-content\/uploads\/2024\/07\/sedmica-gitare-1-scaled.jpg","keywords":["sedmica gitare","tuzla"],"articleSection":["Najave i doga\u0111aji"],"inLanguage":"bs-BA","copyrightYear":"2024","copyrightHolder":{"@id":"https:\/\/tuzlainfo.ba\/#organization"}},{"@type":"WebPage","@id":"https:\/\/tuzlainfo.ba\/index.php\/najava-dogadaja-2\/item\/243912-u-nedjelju-pocinje-sedmica-gitare-u-tuzli\/","url":"https:\/\/tuzlainfo.ba\/index.php\/najava-dogadaja-2\/item\/243912-u-nedjelju-pocinje-sedmica-gitare-u-tuzli\/","name":"U nedjelju po\u010dinje Sedmica gitare u Tuzli","isPartOf":{"@id":"https:\/\/tuzlainfo.ba\/#website"},"primaryImageOfPage":{"@id":"https:\/\/tuzlainfo.ba\/index.php\/najava-dogadaja-2\/item\/243912-u-nedjelju-pocinje-sedmica-gitare-u-tuzli\/#primaryimage"},"image":{"@id":"https:\/\/tuzlainfo.ba\/index.php\/najava-dogadaja-2\/item\/243912-u-nedjelju-pocinje-sedmica-gitare-u-tuzli\/#primaryimage"},"thumbnailUrl":"https:\/\/tuzlainfo.ba\/wp-content\/uploads\/2024\/07\/sedmica-gitare-1-scaled.jpg","datePublished":"2024-07-13T13:04:36+00:00","breadcrumb":{"@id":"https:\/\/tuzlainfo.ba\/index.php\/najava-dogadaja-2\/item\/243912-u-nedjelju-pocinje-sedmica-gitare-u-tuzli\/#breadcrumb"},"inLanguage":"bs-BA","potentialAction":[{"@type":"ReadAction","target":["https:\/\/tuzlainfo.ba\/index.php\/najava-dogadaja-2\/item\/243912-u-nedjelju-pocinje-sedmica-gitare-u-tuzli\/"]}]},{"@type":"ImageObject","inLanguage":"bs-BA","@id":"https:\/\/tuzlainfo.ba\/index.php\/najava-dogadaja-2\/item\/243912-u-nedjelju-pocinje-sedmica-gitare-u-tuzli\/#primaryimage","url":"https:\/\/tuzlainfo.ba\/wp-content\/uploads\/2024\/07\/sedmica-gitare-1-scaled.jpg","contentUrl":"https:\/\/tuzlainfo.ba\/wp-content\/uploads\/2024\/07\/sedmica-gitare-1-scaled.jpg","width":2560,"height":1707},{"@type":"BreadcrumbList","@id":"https:\/\/tuzlainfo.ba\/index.php\/najava-dogadaja-2\/item\/243912-u-nedjelju-pocinje-sedmica-gitare-u-tuzli\/#breadcrumb","itemListElement":[{"@type":"ListItem","position":1,"name":"Home","item":"https:\/\/tuzlainfo.ba\/"},{"@type":"ListItem","position":2,"name":"U nedjelju po\u010dinje Sedmica gitare u Tuzli"}]},{"@type":"WebSite","@id":"https:\/\/tuzlainfo.ba\/#website","url":"https:\/\/tuzlainfo.ba\/","name":"TuzlaInfo.ba","description":"Tuzla info, gradski informator - Tuzla na dlanu","publisher":{"@id":"https:\/\/tuzlainfo.ba\/#organization"},"potentialAction":[{"@type":"SearchAction","target":{"@type":"EntryPoint","urlTemplate":"https:\/\/tuzlainfo.ba\/?s={search_term_string}"},"query-input":{"@type":"PropertyValueSpecification","valueRequired":true,"valueName":"search_term_string"}}],"inLanguage":"bs-BA"},{"@type":"Organization","@id":"https:\/\/tuzlainfo.ba\/#organization","name":"TuzlaInfo.ba","url":"https:\/\/tuzlainfo.ba\/","logo":{"@type":"ImageObject","inLanguage":"bs-BA","@id":"https:\/\/tuzlainfo.ba\/#\/schema\/logo\/image\/","url":"https:\/\/tuzlainfo.ba\/wp-content\/uploads\/2021\/03\/logo-ver-3-1.png","contentUrl":"https:\/\/tuzlainfo.ba\/wp-content\/uploads\/2021\/03\/logo-ver-3-1.png","width":350,"height":95,"caption":"TuzlaInfo.ba"},"image":{"@id":"https:\/\/tuzlainfo.ba\/#\/schema\/logo\/image\/"},"sameAs":["https:\/\/www.facebook.com\/tuzlainfo.ba\/"]},{"@type":"Person","@id":"https:\/\/tuzlainfo.ba\/#\/schema\/person\/46cad4c57790cbc50781edd14870825a","name":"Tuzla Info","image":{"@type":"ImageObject","inLanguage":"bs-BA","@id":"https:\/\/secure.gravatar.com\/avatar\/e980921b00fa2e552723a2386544734ce6885d2b2304ccca3f45186f9ca4031d?s=96&d=mm&r=g","url":"https:\/\/secure.gravatar.com\/avatar\/e980921b00fa2e552723a2386544734ce6885d2b2304ccca3f45186f9ca4031d?s=96&d=mm&r=g","contentUrl":"https:\/\/secure.gravatar.com\/avatar\/e980921b00fa2e552723a2386544734ce6885d2b2304ccca3f45186f9ca4031d?s=96&d=mm&r=g","caption":"Tuzla Info"}}]}},"_links":{"self":[{"href":"https:\/\/tuzlainfo.ba\/index.php\/wp-json\/wp\/v2\/posts\/243912","targetHints":{"allow":["GET"]}}],"collection":[{"href":"https:\/\/tuzlainfo.ba\/index.php\/wp-json\/wp\/v2\/posts"}],"about":[{"href":"https:\/\/tuzlainfo.ba\/index.php\/wp-json\/wp\/v2\/types\/post"}],"author":[{"embeddable":true,"href":"https:\/\/tuzlainfo.ba\/index.php\/wp-json\/wp\/v2\/users\/4"}],"replies":[{"embeddable":true,"href":"https:\/\/tuzlainfo.ba\/index.php\/wp-json\/wp\/v2\/comments?post=243912"}],"version-history":[{"count":1,"href":"https:\/\/tuzlainfo.ba\/index.php\/wp-json\/wp\/v2\/posts\/243912\/revisions"}],"predecessor-version":[{"id":243913,"href":"https:\/\/tuzlainfo.ba\/index.php\/wp-json\/wp\/v2\/posts\/243912\/revisions\/243913"}],"wp:featuredmedia":[{"embeddable":true,"href":"https:\/\/tuzlainfo.ba\/index.php\/wp-json\/wp\/v2\/media\/243489"}],"wp:attachment":[{"href":"https:\/\/tuzlainfo.ba\/index.php\/wp-json\/wp\/v2\/media?parent=243912"}],"wp:term":[{"taxonomy":"category","embeddable":true,"href":"https:\/\/tuzlainfo.ba\/index.php\/wp-json\/wp\/v2\/categories?post=243912"},{"taxonomy":"post_tag","embeddable":true,"href":"https:\/\/tuzlainfo.ba\/index.php\/wp-json\/wp\/v2\/tags?post=243912"}],"curies":[{"name":"wp","href":"https:\/\/api.w.org\/{rel}","templated":true}]}}