{"id":243815,"date":"2024-07-12T10:24:49","date_gmt":"2024-07-12T08:24:49","guid":{"rendered":"https:\/\/tuzlainfo.ba\/?p=243815"},"modified":"2024-07-12T09:26:20","modified_gmt":"2024-07-12T07:26:20","slug":"biden-ukrajinskog-predsjednika-nazvao-predsjednik-putin-tokom-govora-nakon-nato-samita","status":"publish","type":"post","link":"https:\/\/tuzlainfo.ba\/index.php\/clanci\/sa-svih-strana\/item\/243815-biden-ukrajinskog-predsjednika-nazvao-predsjednik-putin-tokom-govora-nakon-nato-samita\/","title":{"rendered":"Biden ukrajinskog predsjednika nazvao \u201cpredsjednik Putin\u201d tokom govora nakon NATO samita"},"content":{"rendered":"<p>Ameri\u010dki predsjednik Joe Biden pogre\u0161no je nazvao ukrajinskog predsjednika Volodymyra Zelenskog &#8220;predsjednikom Putinom&#8221; kada su odr\u017eali zajedni\u010dki govor nakon NATO samita. Kako pi\u0161e CNN, ovo je najnoviji gaf za predsjednika koji je poku\u0161ao da poka\u017ee snagu i lucidnost nakon katastrofalne debate prije dvije sedmice.<\/p>\n<p>Biden, kojem su se na pozornici pridru\u017eila 32 saveznika i stranih lidera kako bi najavili svoju podr\u0161ku novonajavljenom \u201cUkrajinskom sporazumu\u201d u \u010detvrtak, pozivao je Zelenskog da govori kada je pogrije\u0161io.<\/p>\n<p>\u201c\u017delim da ga predam rije\u010d predsjedniku Ukrajine, koji ima hrabrosti koliko i odlu\u010dnosti \u2013 molim vas da pozdravite predsjednika Putina\u201c, rekao je Biden.<\/p>\n<p>&nbsp;<\/p>\n","protected":false},"excerpt":{"rendered":"<p>Ameri\u010dki predsjednik Joe Biden pogre\u0161no je nazvao ukrajinskog predsjednika Volodymyra Zelenskog &#8220;predsjednikom Putinom&#8221; kada su&hellip;<\/p>\n","protected":false},"author":3,"featured_media":164667,"comment_status":"closed","ping_status":"closed","sticky":false,"template":"","format":"standard","meta":{"_acf_changed":false,"footnotes":""},"categories":[16],"tags":[1533],"acf":[],"yoast_head":"<!-- This site is optimized with the Yoast SEO plugin v23.5 - https:\/\/yoast.com\/wordpress\/plugins\/seo\/ -->\n<title>Biden ukrajinskog predsjednika nazvao \u201cpredsjednik Putin\u201d tokom govora nakon NATO samita - TuzlaInfo.ba<\/title>\n<meta name=\"robots\" content=\"index, follow, max-snippet:-1, max-image-preview:large, max-video-preview:-1\" \/>\n<link rel=\"canonical\" href=\"https:\/\/tuzlainfo.ba\/index.php\/clanci\/sa-svih-strana\/item\/243815-biden-ukrajinskog-predsjednika-nazvao-predsjednik-putin-tokom-govora-nakon-nato-samita\/\" \/>\n<meta property=\"og:locale\" content=\"bs_BA\" \/>\n<meta property=\"og:type\" content=\"article\" \/>\n<meta property=\"og:title\" content=\"Biden ukrajinskog predsjednika nazvao \u201cpredsjednik Putin\u201d tokom govora nakon NATO samita - TuzlaInfo.ba\" \/>\n<meta property=\"og:description\" content=\"Ameri\u010dki predsjednik Joe Biden pogre\u0161no je nazvao ukrajinskog predsjednika Volodymyra Zelenskog &#8220;predsjednikom Putinom&#8221; kada su&hellip;\" \/>\n<meta property=\"og:url\" content=\"https:\/\/tuzlainfo.ba\/index.php\/clanci\/sa-svih-strana\/item\/243815-biden-ukrajinskog-predsjednika-nazvao-predsjednik-putin-tokom-govora-nakon-nato-samita\/\" \/>\n<meta property=\"og:site_name\" content=\"TuzlaInfo.ba\" \/>\n<meta property=\"article:publisher\" content=\"https:\/\/www.facebook.com\/tuzlainfo.ba\/\" \/>\n<meta property=\"article:published_time\" content=\"2024-07-12T08:24:49+00:00\" \/>\n<meta property=\"article:modified_time\" content=\"2024-07-12T07:26:20+00:00\" \/>\n<meta property=\"og:image\" content=\"https:\/\/tuzlainfo.ba\/wp-content\/uploads\/2022\/02\/2202_biden.jpg\" \/>\n\t<meta property=\"og:image:width\" content=\"1125\" \/>\n\t<meta property=\"og:image:height\" content=\"750\" \/>\n\t<meta property=\"og:image:type\" content=\"image\/jpeg\" \/>\n<meta name=\"author\" content=\"admin2\" \/>\n<meta name=\"twitter:card\" content=\"summary_large_image\" \/>\n<meta name=\"twitter:label1\" content=\"Written by\" \/>\n\t<meta name=\"twitter:data1\" content=\"admin2\" \/>\n\t<meta name=\"twitter:label2\" content=\"Est. reading time\" \/>\n\t<meta name=\"twitter:data2\" content=\"1 minuta\" \/>\n<script type=\"application\/ld+json\" class=\"yoast-schema-graph\">{\"@context\":\"https:\/\/schema.org\",\"@graph\":[{\"@type\":\"Article\",\"@id\":\"https:\/\/tuzlainfo.ba\/index.php\/clanci\/sa-svih-strana\/item\/243815-biden-ukrajinskog-predsjednika-nazvao-predsjednik-putin-tokom-govora-nakon-nato-samita\/#article\",\"isPartOf\":{\"@id\":\"https:\/\/tuzlainfo.ba\/index.php\/clanci\/sa-svih-strana\/item\/243815-biden-ukrajinskog-predsjednika-nazvao-predsjednik-putin-tokom-govora-nakon-nato-samita\/\"},\"author\":{\"name\":\"admin2\",\"@id\":\"https:\/\/tuzlainfo.ba\/#\/schema\/person\/f4ebe4fff27e68efb65fa7e18f8af372\"},\"headline\":\"Biden ukrajinskog predsjednika nazvao \u201cpredsjednik Putin\u201d tokom govora nakon NATO samita\",\"datePublished\":\"2024-07-12T08:24:49+00:00\",\"dateModified\":\"2024-07-12T07:26:20+00:00\",\"mainEntityOfPage\":{\"@id\":\"https:\/\/tuzlainfo.ba\/index.php\/clanci\/sa-svih-strana\/item\/243815-biden-ukrajinskog-predsjednika-nazvao-predsjednik-putin-tokom-govora-nakon-nato-samita\/\"},\"wordCount\":118,\"publisher\":{\"@id\":\"https:\/\/tuzlainfo.ba\/#organization\"},\"image\":{\"@id\":\"https:\/\/tuzlainfo.ba\/index.php\/clanci\/sa-svih-strana\/item\/243815-biden-ukrajinskog-predsjednika-nazvao-predsjednik-putin-tokom-govora-nakon-nato-samita\/#primaryimage\"},\"thumbnailUrl\":\"https:\/\/tuzlainfo.ba\/wp-content\/uploads\/2022\/02\/2202_biden.jpg\",\"keywords\":[\"joe biden\"],\"articleSection\":[\"Sa svih strana\"],\"inLanguage\":\"bs-BA\"},{\"@type\":\"WebPage\",\"@id\":\"https:\/\/tuzlainfo.ba\/index.php\/clanci\/sa-svih-strana\/item\/243815-biden-ukrajinskog-predsjednika-nazvao-predsjednik-putin-tokom-govora-nakon-nato-samita\/\",\"url\":\"https:\/\/tuzlainfo.ba\/index.php\/clanci\/sa-svih-strana\/item\/243815-biden-ukrajinskog-predsjednika-nazvao-predsjednik-putin-tokom-govora-nakon-nato-samita\/\",\"name\":\"Biden ukrajinskog predsjednika nazvao \u201cpredsjednik Putin\u201d tokom govora nakon NATO samita - TuzlaInfo.ba\",\"isPartOf\":{\"@id\":\"https:\/\/tuzlainfo.ba\/#website\"},\"primaryImageOfPage\":{\"@id\":\"https:\/\/tuzlainfo.ba\/index.php\/clanci\/sa-svih-strana\/item\/243815-biden-ukrajinskog-predsjednika-nazvao-predsjednik-putin-tokom-govora-nakon-nato-samita\/#primaryimage\"},\"image\":{\"@id\":\"https:\/\/tuzlainfo.ba\/index.php\/clanci\/sa-svih-strana\/item\/243815-biden-ukrajinskog-predsjednika-nazvao-predsjednik-putin-tokom-govora-nakon-nato-samita\/#primaryimage\"},\"thumbnailUrl\":\"https:\/\/tuzlainfo.ba\/wp-content\/uploads\/2022\/02\/2202_biden.jpg\",\"datePublished\":\"2024-07-12T08:24:49+00:00\",\"dateModified\":\"2024-07-12T07:26:20+00:00\",\"breadcrumb\":{\"@id\":\"https:\/\/tuzlainfo.ba\/index.php\/clanci\/sa-svih-strana\/item\/243815-biden-ukrajinskog-predsjednika-nazvao-predsjednik-putin-tokom-govora-nakon-nato-samita\/#breadcrumb\"},\"inLanguage\":\"bs-BA\",\"potentialAction\":[{\"@type\":\"ReadAction\",\"target\":[\"https:\/\/tuzlainfo.ba\/index.php\/clanci\/sa-svih-strana\/item\/243815-biden-ukrajinskog-predsjednika-nazvao-predsjednik-putin-tokom-govora-nakon-nato-samita\/\"]}]},{\"@type\":\"ImageObject\",\"inLanguage\":\"bs-BA\",\"@id\":\"https:\/\/tuzlainfo.ba\/index.php\/clanci\/sa-svih-strana\/item\/243815-biden-ukrajinskog-predsjednika-nazvao-predsjednik-putin-tokom-govora-nakon-nato-samita\/#primaryimage\",\"url\":\"https:\/\/tuzlainfo.ba\/wp-content\/uploads\/2022\/02\/2202_biden.jpg\",\"contentUrl\":\"https:\/\/tuzlainfo.ba\/wp-content\/uploads\/2022\/02\/2202_biden.jpg\",\"width\":1125,\"height\":750},{\"@type\":\"BreadcrumbList\",\"@id\":\"https:\/\/tuzlainfo.ba\/index.php\/clanci\/sa-svih-strana\/item\/243815-biden-ukrajinskog-predsjednika-nazvao-predsjednik-putin-tokom-govora-nakon-nato-samita\/#breadcrumb\",\"itemListElement\":[{\"@type\":\"ListItem\",\"position\":1,\"name\":\"Home\",\"item\":\"https:\/\/tuzlainfo.ba\/\"},{\"@type\":\"ListItem\",\"position\":2,\"name\":\"Biden ukrajinskog predsjednika nazvao \u201cpredsjednik Putin\u201d tokom govora nakon NATO samita\"}]},{\"@type\":\"WebSite\",\"@id\":\"https:\/\/tuzlainfo.ba\/#website\",\"url\":\"https:\/\/tuzlainfo.ba\/\",\"name\":\"TuzlaInfo.ba\",\"description\":\"Tuzla info, gradski informator - Tuzla na dlanu\",\"publisher\":{\"@id\":\"https:\/\/tuzlainfo.ba\/#organization\"},\"potentialAction\":[{\"@type\":\"SearchAction\",\"target\":{\"@type\":\"EntryPoint\",\"urlTemplate\":\"https:\/\/tuzlainfo.ba\/?s={search_term_string}\"},\"query-input\":{\"@type\":\"PropertyValueSpecification\",\"valueRequired\":true,\"valueName\":\"search_term_string\"}}],\"inLanguage\":\"bs-BA\"},{\"@type\":\"Organization\",\"@id\":\"https:\/\/tuzlainfo.ba\/#organization\",\"name\":\"TuzlaInfo.ba\",\"url\":\"https:\/\/tuzlainfo.ba\/\",\"logo\":{\"@type\":\"ImageObject\",\"inLanguage\":\"bs-BA\",\"@id\":\"https:\/\/tuzlainfo.ba\/#\/schema\/logo\/image\/\",\"url\":\"https:\/\/tuzlainfo.ba\/wp-content\/uploads\/2021\/03\/logo-ver-3-1.png\",\"contentUrl\":\"https:\/\/tuzlainfo.ba\/wp-content\/uploads\/2021\/03\/logo-ver-3-1.png\",\"width\":350,\"height\":95,\"caption\":\"TuzlaInfo.ba\"},\"image\":{\"@id\":\"https:\/\/tuzlainfo.ba\/#\/schema\/logo\/image\/\"},\"sameAs\":[\"https:\/\/www.facebook.com\/tuzlainfo.ba\/\"]},{\"@type\":\"Person\",\"@id\":\"https:\/\/tuzlainfo.ba\/#\/schema\/person\/f4ebe4fff27e68efb65fa7e18f8af372\",\"name\":\"admin2\",\"image\":{\"@type\":\"ImageObject\",\"inLanguage\":\"bs-BA\",\"@id\":\"https:\/\/tuzlainfo.ba\/#\/schema\/person\/image\/\",\"url\":\"https:\/\/tuzlainfo.ba\/wp-content\/litespeed\/avatar\/8219eeb9a43cff2d096e773737736f62.jpg?ver=1777309398\",\"contentUrl\":\"https:\/\/tuzlainfo.ba\/wp-content\/litespeed\/avatar\/8219eeb9a43cff2d096e773737736f62.jpg?ver=1777309398\",\"caption\":\"admin2\"},\"description\":\"Tuzlainfo.ba pratite na dru\u0161tvenim mre\u017eama: Facebook, Instagram i Youtube. Svoje pri\u010de, upite i fotografije \u0161aljite na na\u0161u e-mail adresu.\",\"sameAs\":[\"admin\"]}]}<\/script>\n<!-- \/ Yoast SEO plugin. -->","yoast_head_json":{"title":"Biden ukrajinskog predsjednika nazvao \u201cpredsjednik Putin\u201d tokom govora nakon NATO samita - TuzlaInfo.ba","robots":{"index":"index","follow":"follow","max-snippet":"max-snippet:-1","max-image-preview":"max-image-preview:large","max-video-preview":"max-video-preview:-1"},"canonical":"https:\/\/tuzlainfo.ba\/index.php\/clanci\/sa-svih-strana\/item\/243815-biden-ukrajinskog-predsjednika-nazvao-predsjednik-putin-tokom-govora-nakon-nato-samita\/","og_locale":"bs_BA","og_type":"article","og_title":"Biden ukrajinskog predsjednika nazvao \u201cpredsjednik Putin\u201d tokom govora nakon NATO samita - TuzlaInfo.ba","og_description":"Ameri\u010dki predsjednik Joe Biden pogre\u0161no je nazvao ukrajinskog predsjednika Volodymyra Zelenskog &#8220;predsjednikom Putinom&#8221; kada su&hellip;","og_url":"https:\/\/tuzlainfo.ba\/index.php\/clanci\/sa-svih-strana\/item\/243815-biden-ukrajinskog-predsjednika-nazvao-predsjednik-putin-tokom-govora-nakon-nato-samita\/","og_site_name":"TuzlaInfo.ba","article_publisher":"https:\/\/www.facebook.com\/tuzlainfo.ba\/","article_published_time":"2024-07-12T08:24:49+00:00","article_modified_time":"2024-07-12T07:26:20+00:00","og_image":[{"width":1125,"height":750,"url":"https:\/\/tuzlainfo.ba\/wp-content\/uploads\/2022\/02\/2202_biden.jpg","type":"image\/jpeg"}],"author":"admin2","twitter_card":"summary_large_image","twitter_misc":{"Written by":"admin2","Est. reading time":"1 minuta"},"schema":{"@context":"https:\/\/schema.org","@graph":[{"@type":"Article","@id":"https:\/\/tuzlainfo.ba\/index.php\/clanci\/sa-svih-strana\/item\/243815-biden-ukrajinskog-predsjednika-nazvao-predsjednik-putin-tokom-govora-nakon-nato-samita\/#article","isPartOf":{"@id":"https:\/\/tuzlainfo.ba\/index.php\/clanci\/sa-svih-strana\/item\/243815-biden-ukrajinskog-predsjednika-nazvao-predsjednik-putin-tokom-govora-nakon-nato-samita\/"},"author":{"name":"admin2","@id":"https:\/\/tuzlainfo.ba\/#\/schema\/person\/f4ebe4fff27e68efb65fa7e18f8af372"},"headline":"Biden ukrajinskog predsjednika nazvao \u201cpredsjednik Putin\u201d tokom govora nakon NATO samita","datePublished":"2024-07-12T08:24:49+00:00","dateModified":"2024-07-12T07:26:20+00:00","mainEntityOfPage":{"@id":"https:\/\/tuzlainfo.ba\/index.php\/clanci\/sa-svih-strana\/item\/243815-biden-ukrajinskog-predsjednika-nazvao-predsjednik-putin-tokom-govora-nakon-nato-samita\/"},"wordCount":118,"publisher":{"@id":"https:\/\/tuzlainfo.ba\/#organization"},"image":{"@id":"https:\/\/tuzlainfo.ba\/index.php\/clanci\/sa-svih-strana\/item\/243815-biden-ukrajinskog-predsjednika-nazvao-predsjednik-putin-tokom-govora-nakon-nato-samita\/#primaryimage"},"thumbnailUrl":"https:\/\/tuzlainfo.ba\/wp-content\/uploads\/2022\/02\/2202_biden.jpg","keywords":["joe biden"],"articleSection":["Sa svih strana"],"inLanguage":"bs-BA"},{"@type":"WebPage","@id":"https:\/\/tuzlainfo.ba\/index.php\/clanci\/sa-svih-strana\/item\/243815-biden-ukrajinskog-predsjednika-nazvao-predsjednik-putin-tokom-govora-nakon-nato-samita\/","url":"https:\/\/tuzlainfo.ba\/index.php\/clanci\/sa-svih-strana\/item\/243815-biden-ukrajinskog-predsjednika-nazvao-predsjednik-putin-tokom-govora-nakon-nato-samita\/","name":"Biden ukrajinskog predsjednika nazvao \u201cpredsjednik Putin\u201d tokom govora nakon NATO samita - TuzlaInfo.ba","isPartOf":{"@id":"https:\/\/tuzlainfo.ba\/#website"},"primaryImageOfPage":{"@id":"https:\/\/tuzlainfo.ba\/index.php\/clanci\/sa-svih-strana\/item\/243815-biden-ukrajinskog-predsjednika-nazvao-predsjednik-putin-tokom-govora-nakon-nato-samita\/#primaryimage"},"image":{"@id":"https:\/\/tuzlainfo.ba\/index.php\/clanci\/sa-svih-strana\/item\/243815-biden-ukrajinskog-predsjednika-nazvao-predsjednik-putin-tokom-govora-nakon-nato-samita\/#primaryimage"},"thumbnailUrl":"https:\/\/tuzlainfo.ba\/wp-content\/uploads\/2022\/02\/2202_biden.jpg","datePublished":"2024-07-12T08:24:49+00:00","dateModified":"2024-07-12T07:26:20+00:00","breadcrumb":{"@id":"https:\/\/tuzlainfo.ba\/index.php\/clanci\/sa-svih-strana\/item\/243815-biden-ukrajinskog-predsjednika-nazvao-predsjednik-putin-tokom-govora-nakon-nato-samita\/#breadcrumb"},"inLanguage":"bs-BA","potentialAction":[{"@type":"ReadAction","target":["https:\/\/tuzlainfo.ba\/index.php\/clanci\/sa-svih-strana\/item\/243815-biden-ukrajinskog-predsjednika-nazvao-predsjednik-putin-tokom-govora-nakon-nato-samita\/"]}]},{"@type":"ImageObject","inLanguage":"bs-BA","@id":"https:\/\/tuzlainfo.ba\/index.php\/clanci\/sa-svih-strana\/item\/243815-biden-ukrajinskog-predsjednika-nazvao-predsjednik-putin-tokom-govora-nakon-nato-samita\/#primaryimage","url":"https:\/\/tuzlainfo.ba\/wp-content\/uploads\/2022\/02\/2202_biden.jpg","contentUrl":"https:\/\/tuzlainfo.ba\/wp-content\/uploads\/2022\/02\/2202_biden.jpg","width":1125,"height":750},{"@type":"BreadcrumbList","@id":"https:\/\/tuzlainfo.ba\/index.php\/clanci\/sa-svih-strana\/item\/243815-biden-ukrajinskog-predsjednika-nazvao-predsjednik-putin-tokom-govora-nakon-nato-samita\/#breadcrumb","itemListElement":[{"@type":"ListItem","position":1,"name":"Home","item":"https:\/\/tuzlainfo.ba\/"},{"@type":"ListItem","position":2,"name":"Biden ukrajinskog predsjednika nazvao \u201cpredsjednik Putin\u201d tokom govora nakon NATO samita"}]},{"@type":"WebSite","@id":"https:\/\/tuzlainfo.ba\/#website","url":"https:\/\/tuzlainfo.ba\/","name":"TuzlaInfo.ba","description":"Tuzla info, gradski informator - Tuzla na dlanu","publisher":{"@id":"https:\/\/tuzlainfo.ba\/#organization"},"potentialAction":[{"@type":"SearchAction","target":{"@type":"EntryPoint","urlTemplate":"https:\/\/tuzlainfo.ba\/?s={search_term_string}"},"query-input":{"@type":"PropertyValueSpecification","valueRequired":true,"valueName":"search_term_string"}}],"inLanguage":"bs-BA"},{"@type":"Organization","@id":"https:\/\/tuzlainfo.ba\/#organization","name":"TuzlaInfo.ba","url":"https:\/\/tuzlainfo.ba\/","logo":{"@type":"ImageObject","inLanguage":"bs-BA","@id":"https:\/\/tuzlainfo.ba\/#\/schema\/logo\/image\/","url":"https:\/\/tuzlainfo.ba\/wp-content\/uploads\/2021\/03\/logo-ver-3-1.png","contentUrl":"https:\/\/tuzlainfo.ba\/wp-content\/uploads\/2021\/03\/logo-ver-3-1.png","width":350,"height":95,"caption":"TuzlaInfo.ba"},"image":{"@id":"https:\/\/tuzlainfo.ba\/#\/schema\/logo\/image\/"},"sameAs":["https:\/\/www.facebook.com\/tuzlainfo.ba\/"]},{"@type":"Person","@id":"https:\/\/tuzlainfo.ba\/#\/schema\/person\/f4ebe4fff27e68efb65fa7e18f8af372","name":"admin2","image":{"@type":"ImageObject","inLanguage":"bs-BA","@id":"https:\/\/tuzlainfo.ba\/#\/schema\/person\/image\/","url":"https:\/\/tuzlainfo.ba\/wp-content\/litespeed\/avatar\/8219eeb9a43cff2d096e773737736f62.jpg?ver=1777309398","contentUrl":"https:\/\/tuzlainfo.ba\/wp-content\/litespeed\/avatar\/8219eeb9a43cff2d096e773737736f62.jpg?ver=1777309398","caption":"admin2"},"description":"Tuzlainfo.ba pratite na dru\u0161tvenim mre\u017eama: Facebook, Instagram i Youtube. Svoje pri\u010de, upite i fotografije \u0161aljite na na\u0161u e-mail adresu.","sameAs":["admin"]}]}},"_links":{"self":[{"href":"https:\/\/tuzlainfo.ba\/index.php\/wp-json\/wp\/v2\/posts\/243815"}],"collection":[{"href":"https:\/\/tuzlainfo.ba\/index.php\/wp-json\/wp\/v2\/posts"}],"about":[{"href":"https:\/\/tuzlainfo.ba\/index.php\/wp-json\/wp\/v2\/types\/post"}],"author":[{"embeddable":true,"href":"https:\/\/tuzlainfo.ba\/index.php\/wp-json\/wp\/v2\/users\/3"}],"replies":[{"embeddable":true,"href":"https:\/\/tuzlainfo.ba\/index.php\/wp-json\/wp\/v2\/comments?post=243815"}],"version-history":[{"count":1,"href":"https:\/\/tuzlainfo.ba\/index.php\/wp-json\/wp\/v2\/posts\/243815\/revisions"}],"predecessor-version":[{"id":243816,"href":"https:\/\/tuzlainfo.ba\/index.php\/wp-json\/wp\/v2\/posts\/243815\/revisions\/243816"}],"wp:featuredmedia":[{"embeddable":true,"href":"https:\/\/tuzlainfo.ba\/index.php\/wp-json\/wp\/v2\/media\/164667"}],"wp:attachment":[{"href":"https:\/\/tuzlainfo.ba\/index.php\/wp-json\/wp\/v2\/media?parent=243815"}],"wp:term":[{"taxonomy":"category","embeddable":true,"href":"https:\/\/tuzlainfo.ba\/index.php\/wp-json\/wp\/v2\/categories?post=243815"},{"taxonomy":"post_tag","embeddable":true,"href":"https:\/\/tuzlainfo.ba\/index.php\/wp-json\/wp\/v2\/tags?post=243815"}],"curies":[{"name":"wp","href":"https:\/\/api.w.org\/{rel}","templated":true}]}}