{"id":243621,"date":"2024-07-10T16:05:22","date_gmt":"2024-07-10T14:05:22","guid":{"rendered":"https:\/\/tuzlainfo.ba\/?p=243621"},"modified":"2024-07-10T14:34:20","modified_gmt":"2024-07-10T12:34:20","slug":"ilustracije-admira-delica-izlozene-u-memorijalnom-centru-srebrenica-potocari","status":"publish","type":"post","link":"https:\/\/tuzlainfo.ba\/index.php\/istaknuto\/item\/243621-ilustracije-admira-delica-izlozene-u-memorijalnom-centru-srebrenica-potocari\/","title":{"rendered":"Ilustracije Admira Deli\u0107a izlo\u017eene u Memorijalnom centru Srebrenica-Poto\u010dari"},"content":{"rendered":"<p><em>Podsje\u0107ati i opominjati<\/em>, cilj je i poruka ilustratora i strip crta\u010da Admira Deli\u0107a, producenta na <a href=\"https:\/\/balkans.aljazeera.net\/news\/culture\/2024\/7\/10\/ilustracije-admira-delica-izlozene-u-memorijalnom-centru-srebrenica-potocari?fbclid=IwZXh0bgNhZW0CMTEAAR3VpW8ckjINWPNpaAd5Tk7ZmY2YdIHixfycBPPal2lQgvSm5dB89Ad8rVI_aem_qG1BocGoh-DjCHyvlJzkkA\">Al Jazeeri Balkans<\/a>, koji ve\u0107 godinama ilustracijama prikazuje strahote koje su pretrpjeli Srebreni\u010dani u genocidu po\u010dinjenom u julu 1995. godine.<\/p>\n<p>Prvu ilustraciju uradio je 2017. godine, a godinu poslije svoje radove po\u010deo je objavljivati na dru\u0161tvenim mre\u017eama. Od tada, svake godine, od 1. do 11. jula objavljuje ilustracije o genocidu u Srebrenici.<\/p>\n<p>Tako\u0111er, svakog 11. u mjesecu ilustracijama podsje\u0107a na genocid u kojem su ubijene 8.372 osobe.<\/p>\n<p>\u201cMoj cilj je da podsje\u0107am na \u017ertve genocida u Srebrenici i dr\u017eim konstantnu pa\u017enju na 11. juli\u201d, isti\u010de Deli\u0107, dodaju\u0107i da su ga inspirisale Majke Srebrenice, neumorne u svojoj borbi za pravdu.<\/p>\n<p>\u201cOne ne samo u julu, ve\u0107 svakog 11. u mjesecu, izlaze na trg u Tuzli sa slikama tra\u017ee\u0107i odgovore i pravdu za svoje najmilije. Tako sam i ja odlu\u010dio da im se pridru\u017eim tako \u0161to \u0107u svakog 11. u mjesecu objaviti po jednu ilustraciju\u201d, ka\u017ee.<\/p>\n<p>\u201cNa taj na\u010din im odajem po\u0161tovanje, ali i \u010duvam od zaborava\u201d, nagla\u0161ava.<\/p>\n<p>Ove godine, ilustracije koje su plod njegovog \u0161estogodi\u0161njeg rada izlo\u017eene su u Memorijalnom centru Srebrenica \u2013 Poto\u010dari.<\/p>\n<p>\u201cOva izlo\u017eba, simboli\u010dnog naziva\u00a0<em>Podsje\u0107anje<\/em>, za mene je ogromna odgovornost i osje\u0107am pomalo i strah\u201d, iskren je.<\/p>\n<p>Od 110, koliko ih je do sada kreirao, izdvojene su one sa najsna\u017enijom porukom.<\/p>\n<p>\u201cIlustracije nisu usmjerene samo na \u017ertve, nego i na odgovorne, na one koji su dopustili da se genocid izvr\u0161i, na one koji su okretali glave\u2026\u201d, dodaje.<\/p>\n<p>Izlo\u017eba Deli\u0107evih ilustracija je prije nekoliko dana uprili\u010dena i u Dublinu, u Irskoj, a 11. jula \u0107e, osim u Srebrenici, biti postavljena i u Travniku. U narednom periodu, u planu su postavke u Sarajevu i Njema\u010dkoj.<\/p>\n<p>Deli\u0107 isti\u010de da je svako djelo posebna bolna pri\u010da, isti\u010du\u0107i da mu je \u017eelja da prika\u017ee 8.372 sudbine.<\/p>\n<p>\u201cSvjestan sam da je ovakvim tempom to nemogu\u0107e uraditi, ali planiram raditi cijeli \u017eivot, sve dok budem mogao crtati\u2026 Primijetio sam da u posljednje vrijeme mnogi ljudi po\u010dinju crtati, to mi zna\u010di jer vjerujem da \u0107e se na taj na\u010din sti\u0107i do tog broja. Meni, kao autoru je to sasvim dovoljno, jer nisam va\u017ean ja, nego podsje\u0107anje na zlo\u010din\u201d, isti\u010de Deli\u0107.<\/p>\n<h6 id=\"presude-i-rezolucija\">Presude i rezolucija<\/h6>\n<p>Pred Me\u0111unarodnim sudom pravde u Hagu (ICJ) masovni zlo\u010din u Srebrenici ozna\u010den je kao genocid koji su po\u010dinili pripadnici Vojske Republike Srpske, a Srbija (tada u zajednici s Crnom Gorom) ozna\u010dena je kao odgovorna \u0161to nije u\u010dinila ni\u0161ta da se genocid sprije\u010di i da kazni po\u010dinitelje.<\/p>\n<p>Za genocid i zlo\u010dine u Srebrenici nad vi\u0161e od 8.000 bo\u0161nja\u010dkih mu\u0161karaca i dje\u010daka pred me\u0111unarodnim sudovima, uklju\u010duju\u0107i i UN-ov Me\u0111unarodni kazneni sud za biv\u0161u Jugoslaviju, osu\u0111eno je vi\u0161e od 50 osoba na vi\u0161e od 700 godina zatvora. Me\u0111u osu\u0111enima na do\u017eivotne kazne zatvora su i prvi predsjednik Republike Srpske Radovan Karad\u017ei\u0107 i general Vojske RS-a Ratko Mladi\u0107.<\/p>\n<p>Generalna skup\u0161tina Ujedinjenih nacija je nedavno usvojila Rezoluciju o Srebrenici. Rezoluciju su predlo\u017eile dr\u017eave koje s tim imaju te\u0161ko historijsko iskustvo \u2013 Njema\u010dka i Ruanda. Tekst su naknadno sponzorirale jo\u0161 34 dr\u017eave me\u0111u kojima su sve biv\u0161e jugoslovenske republike osim Srbije i Crne Gore.<\/p>\n<p>Rezolucijom je 11. juli progla\u0161en Me\u0111unarodnim danom sje\u0107anja i obilje\u017eavanja genocida po\u010dinjenog u Srebrenici 1995, koji \u0107e se obilje\u017eavati svake godine. Tako\u0111er se osu\u0111uje svako negiranje genocida u Srebrenici i pozivaju se sve dr\u017eave da to sprije\u010de \u010duvanjem utvr\u0111enih \u010dinjenica, uklju\u010duju\u0107i i kroz svoje obrazovne sisteme. Rezolucijom se osu\u0111uje i veli\u010danje presu\u0111enih ratnih zlo\u010dinaca.<\/p>\n<p>Tako\u0111er se nagla\u0161ava va\u017enost dovr\u0161etka procesa pronalaska i identifikacije preostalih \u017ertava genocida u Srebrenici. Rezolucija podsje\u0107a sve dr\u017eave na obaveze iz Konvencije o genocidu, koje podrazumijevaju spre\u010davanje i ka\u017enjavanje genocida te po\u0161tivanje relevantnih odluka Me\u0111unarodnog suda pravde.<\/p>\n","protected":false},"excerpt":{"rendered":"<p>Podsje\u0107ati i opominjati, cilj je i poruka ilustratora i strip crta\u010da Admira Deli\u0107a, producenta na&hellip;<\/p>\n","protected":false},"author":4,"featured_media":243622,"comment_status":"closed","ping_status":"closed","sticky":false,"template":"","format":"standard","meta":{"_acf_changed":false,"footnotes":""},"categories":[304,12],"tags":[10044,8959],"acf":[],"yoast_head":"<!-- This site is optimized with the Yoast SEO plugin v23.5 - https:\/\/yoast.com\/wordpress\/plugins\/seo\/ -->\n<title>Ilustracije Admira Deli\u0107a izlo\u017eene u Memorijalnom centru Srebrenica-Poto\u010dari - TuzlaInfo.ba<\/title>\n<meta name=\"robots\" content=\"index, follow, max-snippet:-1, max-image-preview:large, max-video-preview:-1\" \/>\n<link rel=\"canonical\" href=\"https:\/\/tuzlainfo.ba\/index.php\/istaknuto\/item\/243621-ilustracije-admira-delica-izlozene-u-memorijalnom-centru-srebrenica-potocari\/\" \/>\n<meta property=\"og:locale\" content=\"bs_BA\" \/>\n<meta property=\"og:type\" content=\"article\" \/>\n<meta property=\"og:title\" content=\"Ilustracije Admira Deli\u0107a izlo\u017eene u Memorijalnom centru Srebrenica-Poto\u010dari - TuzlaInfo.ba\" \/>\n<meta property=\"og:description\" content=\"Podsje\u0107ati i opominjati, cilj je i poruka ilustratora i strip crta\u010da Admira Deli\u0107a, producenta na&hellip;\" \/>\n<meta property=\"og:url\" content=\"https:\/\/tuzlainfo.ba\/index.php\/istaknuto\/item\/243621-ilustracije-admira-delica-izlozene-u-memorijalnom-centru-srebrenica-potocari\/\" \/>\n<meta property=\"og:site_name\" content=\"TuzlaInfo.ba\" \/>\n<meta property=\"article:publisher\" content=\"https:\/\/www.facebook.com\/tuzlainfo.ba\/\" \/>\n<meta property=\"article:published_time\" content=\"2024-07-10T14:05:22+00:00\" \/>\n<meta property=\"article:modified_time\" content=\"2024-07-10T12:34:20+00:00\" \/>\n<meta property=\"og:image\" content=\"https:\/\/tuzlainfo.ba\/wp-content\/uploads\/2024\/07\/admir-delic-izlozba.jpg\" \/>\n\t<meta property=\"og:image:width\" content=\"770\" \/>\n\t<meta property=\"og:image:height\" content=\"404\" \/>\n\t<meta property=\"og:image:type\" content=\"image\/jpeg\" \/>\n<meta name=\"author\" content=\"Tuzla Info\" \/>\n<meta name=\"twitter:card\" content=\"summary_large_image\" \/>\n<meta name=\"twitter:label1\" content=\"Written by\" \/>\n\t<meta name=\"twitter:data1\" content=\"Tuzla Info\" \/>\n\t<meta name=\"twitter:label2\" content=\"Est. reading time\" \/>\n\t<meta name=\"twitter:data2\" content=\"4 minute\" \/>\n<script type=\"application\/ld+json\" class=\"yoast-schema-graph\">{\"@context\":\"https:\/\/schema.org\",\"@graph\":[{\"@type\":\"Article\",\"@id\":\"https:\/\/tuzlainfo.ba\/index.php\/istaknuto\/item\/243621-ilustracije-admira-delica-izlozene-u-memorijalnom-centru-srebrenica-potocari\/#article\",\"isPartOf\":{\"@id\":\"https:\/\/tuzlainfo.ba\/index.php\/istaknuto\/item\/243621-ilustracije-admira-delica-izlozene-u-memorijalnom-centru-srebrenica-potocari\/\"},\"author\":{\"name\":\"Tuzla Info\",\"@id\":\"https:\/\/tuzlainfo.ba\/#\/schema\/person\/46cad4c57790cbc50781edd14870825a\"},\"headline\":\"Ilustracije Admira Deli\u0107a izlo\u017eene u Memorijalnom centru Srebrenica-Poto\u010dari\",\"datePublished\":\"2024-07-10T14:05:22+00:00\",\"dateModified\":\"2024-07-10T12:34:20+00:00\",\"mainEntityOfPage\":{\"@id\":\"https:\/\/tuzlainfo.ba\/index.php\/istaknuto\/item\/243621-ilustracije-admira-delica-izlozene-u-memorijalnom-centru-srebrenica-potocari\/\"},\"wordCount\":705,\"publisher\":{\"@id\":\"https:\/\/tuzlainfo.ba\/#organization\"},\"image\":{\"@id\":\"https:\/\/tuzlainfo.ba\/index.php\/istaknuto\/item\/243621-ilustracije-admira-delica-izlozene-u-memorijalnom-centru-srebrenica-potocari\/#primaryimage\"},\"thumbnailUrl\":\"https:\/\/tuzlainfo.ba\/wp-content\/uploads\/2024\/07\/admir-delic-izlozba.jpg\",\"keywords\":[\"admir delic\",\"mc srebrenica\"],\"articleSection\":[\"Istaknuto\",\"Novosti\"],\"inLanguage\":\"bs-BA\"},{\"@type\":\"WebPage\",\"@id\":\"https:\/\/tuzlainfo.ba\/index.php\/istaknuto\/item\/243621-ilustracije-admira-delica-izlozene-u-memorijalnom-centru-srebrenica-potocari\/\",\"url\":\"https:\/\/tuzlainfo.ba\/index.php\/istaknuto\/item\/243621-ilustracije-admira-delica-izlozene-u-memorijalnom-centru-srebrenica-potocari\/\",\"name\":\"Ilustracije Admira Deli\u0107a izlo\u017eene u Memorijalnom centru Srebrenica-Poto\u010dari - TuzlaInfo.ba\",\"isPartOf\":{\"@id\":\"https:\/\/tuzlainfo.ba\/#website\"},\"primaryImageOfPage\":{\"@id\":\"https:\/\/tuzlainfo.ba\/index.php\/istaknuto\/item\/243621-ilustracije-admira-delica-izlozene-u-memorijalnom-centru-srebrenica-potocari\/#primaryimage\"},\"image\":{\"@id\":\"https:\/\/tuzlainfo.ba\/index.php\/istaknuto\/item\/243621-ilustracije-admira-delica-izlozene-u-memorijalnom-centru-srebrenica-potocari\/#primaryimage\"},\"thumbnailUrl\":\"https:\/\/tuzlainfo.ba\/wp-content\/uploads\/2024\/07\/admir-delic-izlozba.jpg\",\"datePublished\":\"2024-07-10T14:05:22+00:00\",\"dateModified\":\"2024-07-10T12:34:20+00:00\",\"breadcrumb\":{\"@id\":\"https:\/\/tuzlainfo.ba\/index.php\/istaknuto\/item\/243621-ilustracije-admira-delica-izlozene-u-memorijalnom-centru-srebrenica-potocari\/#breadcrumb\"},\"inLanguage\":\"bs-BA\",\"potentialAction\":[{\"@type\":\"ReadAction\",\"target\":[\"https:\/\/tuzlainfo.ba\/index.php\/istaknuto\/item\/243621-ilustracije-admira-delica-izlozene-u-memorijalnom-centru-srebrenica-potocari\/\"]}]},{\"@type\":\"ImageObject\",\"inLanguage\":\"bs-BA\",\"@id\":\"https:\/\/tuzlainfo.ba\/index.php\/istaknuto\/item\/243621-ilustracije-admira-delica-izlozene-u-memorijalnom-centru-srebrenica-potocari\/#primaryimage\",\"url\":\"https:\/\/tuzlainfo.ba\/wp-content\/uploads\/2024\/07\/admir-delic-izlozba.jpg\",\"contentUrl\":\"https:\/\/tuzlainfo.ba\/wp-content\/uploads\/2024\/07\/admir-delic-izlozba.jpg\",\"width\":770,\"height\":404},{\"@type\":\"BreadcrumbList\",\"@id\":\"https:\/\/tuzlainfo.ba\/index.php\/istaknuto\/item\/243621-ilustracije-admira-delica-izlozene-u-memorijalnom-centru-srebrenica-potocari\/#breadcrumb\",\"itemListElement\":[{\"@type\":\"ListItem\",\"position\":1,\"name\":\"Home\",\"item\":\"https:\/\/tuzlainfo.ba\/\"},{\"@type\":\"ListItem\",\"position\":2,\"name\":\"Ilustracije Admira Deli\u0107a izlo\u017eene u Memorijalnom centru Srebrenica-Poto\u010dari\"}]},{\"@type\":\"WebSite\",\"@id\":\"https:\/\/tuzlainfo.ba\/#website\",\"url\":\"https:\/\/tuzlainfo.ba\/\",\"name\":\"TuzlaInfo.ba\",\"description\":\"Tuzla info, gradski informator - Tuzla na dlanu\",\"publisher\":{\"@id\":\"https:\/\/tuzlainfo.ba\/#organization\"},\"potentialAction\":[{\"@type\":\"SearchAction\",\"target\":{\"@type\":\"EntryPoint\",\"urlTemplate\":\"https:\/\/tuzlainfo.ba\/?s={search_term_string}\"},\"query-input\":{\"@type\":\"PropertyValueSpecification\",\"valueRequired\":true,\"valueName\":\"search_term_string\"}}],\"inLanguage\":\"bs-BA\"},{\"@type\":\"Organization\",\"@id\":\"https:\/\/tuzlainfo.ba\/#organization\",\"name\":\"TuzlaInfo.ba\",\"url\":\"https:\/\/tuzlainfo.ba\/\",\"logo\":{\"@type\":\"ImageObject\",\"inLanguage\":\"bs-BA\",\"@id\":\"https:\/\/tuzlainfo.ba\/#\/schema\/logo\/image\/\",\"url\":\"https:\/\/tuzlainfo.ba\/wp-content\/uploads\/2021\/03\/logo-ver-3-1.png\",\"contentUrl\":\"https:\/\/tuzlainfo.ba\/wp-content\/uploads\/2021\/03\/logo-ver-3-1.png\",\"width\":350,\"height\":95,\"caption\":\"TuzlaInfo.ba\"},\"image\":{\"@id\":\"https:\/\/tuzlainfo.ba\/#\/schema\/logo\/image\/\"},\"sameAs\":[\"https:\/\/www.facebook.com\/tuzlainfo.ba\/\"]},{\"@type\":\"Person\",\"@id\":\"https:\/\/tuzlainfo.ba\/#\/schema\/person\/46cad4c57790cbc50781edd14870825a\",\"name\":\"Tuzla Info\",\"image\":{\"@type\":\"ImageObject\",\"inLanguage\":\"bs-BA\",\"@id\":\"https:\/\/tuzlainfo.ba\/#\/schema\/person\/image\/\",\"url\":\"https:\/\/tuzlainfo.ba\/wp-content\/litespeed\/avatar\/b6c453a6c38e3654f2e4416c643fc25c.jpg?ver=1777051911\",\"contentUrl\":\"https:\/\/tuzlainfo.ba\/wp-content\/litespeed\/avatar\/b6c453a6c38e3654f2e4416c643fc25c.jpg?ver=1777051911\",\"caption\":\"Tuzla Info\"}}]}<\/script>\n<!-- \/ Yoast SEO plugin. -->","yoast_head_json":{"title":"Ilustracije Admira Deli\u0107a izlo\u017eene u Memorijalnom centru Srebrenica-Poto\u010dari - TuzlaInfo.ba","robots":{"index":"index","follow":"follow","max-snippet":"max-snippet:-1","max-image-preview":"max-image-preview:large","max-video-preview":"max-video-preview:-1"},"canonical":"https:\/\/tuzlainfo.ba\/index.php\/istaknuto\/item\/243621-ilustracije-admira-delica-izlozene-u-memorijalnom-centru-srebrenica-potocari\/","og_locale":"bs_BA","og_type":"article","og_title":"Ilustracije Admira Deli\u0107a izlo\u017eene u Memorijalnom centru Srebrenica-Poto\u010dari - TuzlaInfo.ba","og_description":"Podsje\u0107ati i opominjati, cilj je i poruka ilustratora i strip crta\u010da Admira Deli\u0107a, producenta na&hellip;","og_url":"https:\/\/tuzlainfo.ba\/index.php\/istaknuto\/item\/243621-ilustracije-admira-delica-izlozene-u-memorijalnom-centru-srebrenica-potocari\/","og_site_name":"TuzlaInfo.ba","article_publisher":"https:\/\/www.facebook.com\/tuzlainfo.ba\/","article_published_time":"2024-07-10T14:05:22+00:00","article_modified_time":"2024-07-10T12:34:20+00:00","og_image":[{"width":770,"height":404,"url":"https:\/\/tuzlainfo.ba\/wp-content\/uploads\/2024\/07\/admir-delic-izlozba.jpg","type":"image\/jpeg"}],"author":"Tuzla Info","twitter_card":"summary_large_image","twitter_misc":{"Written by":"Tuzla Info","Est. reading time":"4 minute"},"schema":{"@context":"https:\/\/schema.org","@graph":[{"@type":"Article","@id":"https:\/\/tuzlainfo.ba\/index.php\/istaknuto\/item\/243621-ilustracije-admira-delica-izlozene-u-memorijalnom-centru-srebrenica-potocari\/#article","isPartOf":{"@id":"https:\/\/tuzlainfo.ba\/index.php\/istaknuto\/item\/243621-ilustracije-admira-delica-izlozene-u-memorijalnom-centru-srebrenica-potocari\/"},"author":{"name":"Tuzla Info","@id":"https:\/\/tuzlainfo.ba\/#\/schema\/person\/46cad4c57790cbc50781edd14870825a"},"headline":"Ilustracije Admira Deli\u0107a izlo\u017eene u Memorijalnom centru Srebrenica-Poto\u010dari","datePublished":"2024-07-10T14:05:22+00:00","dateModified":"2024-07-10T12:34:20+00:00","mainEntityOfPage":{"@id":"https:\/\/tuzlainfo.ba\/index.php\/istaknuto\/item\/243621-ilustracije-admira-delica-izlozene-u-memorijalnom-centru-srebrenica-potocari\/"},"wordCount":705,"publisher":{"@id":"https:\/\/tuzlainfo.ba\/#organization"},"image":{"@id":"https:\/\/tuzlainfo.ba\/index.php\/istaknuto\/item\/243621-ilustracije-admira-delica-izlozene-u-memorijalnom-centru-srebrenica-potocari\/#primaryimage"},"thumbnailUrl":"https:\/\/tuzlainfo.ba\/wp-content\/uploads\/2024\/07\/admir-delic-izlozba.jpg","keywords":["admir delic","mc srebrenica"],"articleSection":["Istaknuto","Novosti"],"inLanguage":"bs-BA"},{"@type":"WebPage","@id":"https:\/\/tuzlainfo.ba\/index.php\/istaknuto\/item\/243621-ilustracije-admira-delica-izlozene-u-memorijalnom-centru-srebrenica-potocari\/","url":"https:\/\/tuzlainfo.ba\/index.php\/istaknuto\/item\/243621-ilustracije-admira-delica-izlozene-u-memorijalnom-centru-srebrenica-potocari\/","name":"Ilustracije Admira Deli\u0107a izlo\u017eene u Memorijalnom centru Srebrenica-Poto\u010dari - TuzlaInfo.ba","isPartOf":{"@id":"https:\/\/tuzlainfo.ba\/#website"},"primaryImageOfPage":{"@id":"https:\/\/tuzlainfo.ba\/index.php\/istaknuto\/item\/243621-ilustracije-admira-delica-izlozene-u-memorijalnom-centru-srebrenica-potocari\/#primaryimage"},"image":{"@id":"https:\/\/tuzlainfo.ba\/index.php\/istaknuto\/item\/243621-ilustracije-admira-delica-izlozene-u-memorijalnom-centru-srebrenica-potocari\/#primaryimage"},"thumbnailUrl":"https:\/\/tuzlainfo.ba\/wp-content\/uploads\/2024\/07\/admir-delic-izlozba.jpg","datePublished":"2024-07-10T14:05:22+00:00","dateModified":"2024-07-10T12:34:20+00:00","breadcrumb":{"@id":"https:\/\/tuzlainfo.ba\/index.php\/istaknuto\/item\/243621-ilustracije-admira-delica-izlozene-u-memorijalnom-centru-srebrenica-potocari\/#breadcrumb"},"inLanguage":"bs-BA","potentialAction":[{"@type":"ReadAction","target":["https:\/\/tuzlainfo.ba\/index.php\/istaknuto\/item\/243621-ilustracije-admira-delica-izlozene-u-memorijalnom-centru-srebrenica-potocari\/"]}]},{"@type":"ImageObject","inLanguage":"bs-BA","@id":"https:\/\/tuzlainfo.ba\/index.php\/istaknuto\/item\/243621-ilustracije-admira-delica-izlozene-u-memorijalnom-centru-srebrenica-potocari\/#primaryimage","url":"https:\/\/tuzlainfo.ba\/wp-content\/uploads\/2024\/07\/admir-delic-izlozba.jpg","contentUrl":"https:\/\/tuzlainfo.ba\/wp-content\/uploads\/2024\/07\/admir-delic-izlozba.jpg","width":770,"height":404},{"@type":"BreadcrumbList","@id":"https:\/\/tuzlainfo.ba\/index.php\/istaknuto\/item\/243621-ilustracije-admira-delica-izlozene-u-memorijalnom-centru-srebrenica-potocari\/#breadcrumb","itemListElement":[{"@type":"ListItem","position":1,"name":"Home","item":"https:\/\/tuzlainfo.ba\/"},{"@type":"ListItem","position":2,"name":"Ilustracije Admira Deli\u0107a izlo\u017eene u Memorijalnom centru Srebrenica-Poto\u010dari"}]},{"@type":"WebSite","@id":"https:\/\/tuzlainfo.ba\/#website","url":"https:\/\/tuzlainfo.ba\/","name":"TuzlaInfo.ba","description":"Tuzla info, gradski informator - Tuzla na dlanu","publisher":{"@id":"https:\/\/tuzlainfo.ba\/#organization"},"potentialAction":[{"@type":"SearchAction","target":{"@type":"EntryPoint","urlTemplate":"https:\/\/tuzlainfo.ba\/?s={search_term_string}"},"query-input":{"@type":"PropertyValueSpecification","valueRequired":true,"valueName":"search_term_string"}}],"inLanguage":"bs-BA"},{"@type":"Organization","@id":"https:\/\/tuzlainfo.ba\/#organization","name":"TuzlaInfo.ba","url":"https:\/\/tuzlainfo.ba\/","logo":{"@type":"ImageObject","inLanguage":"bs-BA","@id":"https:\/\/tuzlainfo.ba\/#\/schema\/logo\/image\/","url":"https:\/\/tuzlainfo.ba\/wp-content\/uploads\/2021\/03\/logo-ver-3-1.png","contentUrl":"https:\/\/tuzlainfo.ba\/wp-content\/uploads\/2021\/03\/logo-ver-3-1.png","width":350,"height":95,"caption":"TuzlaInfo.ba"},"image":{"@id":"https:\/\/tuzlainfo.ba\/#\/schema\/logo\/image\/"},"sameAs":["https:\/\/www.facebook.com\/tuzlainfo.ba\/"]},{"@type":"Person","@id":"https:\/\/tuzlainfo.ba\/#\/schema\/person\/46cad4c57790cbc50781edd14870825a","name":"Tuzla Info","image":{"@type":"ImageObject","inLanguage":"bs-BA","@id":"https:\/\/tuzlainfo.ba\/#\/schema\/person\/image\/","url":"https:\/\/tuzlainfo.ba\/wp-content\/litespeed\/avatar\/b6c453a6c38e3654f2e4416c643fc25c.jpg?ver=1777051911","contentUrl":"https:\/\/tuzlainfo.ba\/wp-content\/litespeed\/avatar\/b6c453a6c38e3654f2e4416c643fc25c.jpg?ver=1777051911","caption":"Tuzla Info"}}]}},"_links":{"self":[{"href":"https:\/\/tuzlainfo.ba\/index.php\/wp-json\/wp\/v2\/posts\/243621"}],"collection":[{"href":"https:\/\/tuzlainfo.ba\/index.php\/wp-json\/wp\/v2\/posts"}],"about":[{"href":"https:\/\/tuzlainfo.ba\/index.php\/wp-json\/wp\/v2\/types\/post"}],"author":[{"embeddable":true,"href":"https:\/\/tuzlainfo.ba\/index.php\/wp-json\/wp\/v2\/users\/4"}],"replies":[{"embeddable":true,"href":"https:\/\/tuzlainfo.ba\/index.php\/wp-json\/wp\/v2\/comments?post=243621"}],"version-history":[{"count":1,"href":"https:\/\/tuzlainfo.ba\/index.php\/wp-json\/wp\/v2\/posts\/243621\/revisions"}],"predecessor-version":[{"id":243623,"href":"https:\/\/tuzlainfo.ba\/index.php\/wp-json\/wp\/v2\/posts\/243621\/revisions\/243623"}],"wp:featuredmedia":[{"embeddable":true,"href":"https:\/\/tuzlainfo.ba\/index.php\/wp-json\/wp\/v2\/media\/243622"}],"wp:attachment":[{"href":"https:\/\/tuzlainfo.ba\/index.php\/wp-json\/wp\/v2\/media?parent=243621"}],"wp:term":[{"taxonomy":"category","embeddable":true,"href":"https:\/\/tuzlainfo.ba\/index.php\/wp-json\/wp\/v2\/categories?post=243621"},{"taxonomy":"post_tag","embeddable":true,"href":"https:\/\/tuzlainfo.ba\/index.php\/wp-json\/wp\/v2\/tags?post=243621"}],"curies":[{"name":"wp","href":"https:\/\/api.w.org\/{rel}","templated":true}]}}