{"id":243514,"date":"2024-07-09T13:31:17","date_gmt":"2024-07-09T11:31:17","guid":{"rendered":"https:\/\/tuzlainfo.ba\/?p=243514"},"modified":"2024-07-09T10:42:25","modified_gmt":"2024-07-09T08:42:25","slug":"justin-trudeau-poslao-poruku-povodom-komemoracije-29-godisnjice-od-genocida-u-srebrenici","status":"publish","type":"post","link":"https:\/\/tuzlainfo.ba\/index.php\/clanci\/sa-svih-strana\/item\/243514-justin-trudeau-poslao-poruku-povodom-komemoracije-29-godisnjice-od-genocida-u-srebrenici\/","title":{"rendered":"Justin Trudeau poslao poruku povodom komemoracije 29. godi\u0161njice od genocida u Srebrenici"},"content":{"rendered":"<p>Premijer Kanade Justin Trudeau poslao poruku povodom komemoracije 29. godi\u0161njice od genocida u Srebrenici. U poruci koja je pro\u010ditana na centralnoj kanadskoj komemoraciji povodom 29. godi\u0161njice od genocida u Srebrenici koja se kontinuirano ve\u0107 8. godina odr\u017eava u Windsoru, gradu u kome je podignut prvi spomenik \u017ertvama genocida u Srebrenici u dijaspori napisao je:<\/p>\n<p>&#8220;Zadovoljstvo mi je uputiti najtoplije pozdrave svima koji obilje\u017eavaju 29. godi\u0161njicu genocida u Srebrenici. Ova turobna godi\u0161njica prilika je za sve Kana\u0111ane da odaju po\u010dast \u017ertvama genocida u Srebrenici i odaju po\u010dast onima koji se jo\u0161 bore sa trajnim posljedicama ovog bolnog dijela ljudske historije. Jer samo osiguravanjem da se njihove pri\u010de nikada ne zaborave, mo\u017eemo pomo\u0107i u sprije\u010davanju budu\u0107ih zlo\u010dina i odbrani ljudskih prava gdje god da su bila ugro\u017eena. U ime Vlade Kanade, \u017eelim vam najbolje \u017eelje za nezaboravan dan komemoracije, izjavio je kanadski premijer Justin Trudeau.<\/p>\n<p>Pored premijera Kanade centralnoj kanadskoj komemoraciji se obratio i dr. Denis Be\u0107irovi\u0107, predsjedavaju\u0107i Predsjedni\u0161tva BiH. U poruci je napisao:<\/p>\n<p>&#8220;Po\u0161tovani prisutni na Centralnoj kanadskoj komemoraciji povodom 11. jula, Me\u0111unarodnog dana sje\u0107anja na genocid u Srebrenici. Upu\u0107ujem vam najtoplije pozdrave iz Bosne I Hercegovine. \u017delim vam re\u0107i da smo ponosni na va\u0161u borbu za istinu i pravdu, te predstavljanje na\u0161e kulture i tradicije u Kanadi. Posebna zahvalnost, u ime gra\u0111ana Bosne i Hercegovine, \u017eelim iskazati na\u0161im kanadskim prijateljima, koji su devedesetih godina pro\u0161loga stolje\u0107a otvorili vrata svojih domova i prihvatili izbjeglice iz na\u0161e zemlje. Kao jedna od najbolje integrisanih zajednica, mi smo znali zahvaliti na\u0161im prijateljima, daju\u0107i va\u017ean doprinos izgradnji multikulturalnog kanadskog dru\u0161tva. Dozvolite mi da se u ime gra\u0111ana Bosne i Hercegovine, u svojstvu predsjedavaju\u0107eg Predsjedni\u0161tva BiH zahvalim Kanadi i narodu Kanade na podr\u0161ci Bosni i Hercegovini, posebno za predano njegovanje kulture sje\u0107anja na genocid nad Bo\u0161njacima u Srebrenici i dodao:<\/p>\n<p>&#8220;Bosna i Hercegovina izuzetno po\u0161tuje doprinos Kanade kulturi sje\u0107anja na genocid u Srebrenici. Posebno po\u0161tujemo \u010dinjenicu da je Kanadski parlament jednoglasno usvojio Rezoluciju kojom je priznat genocid i ustanovljen Dan sje\u0107anja na genocid u Srebrenici u Kanadi. Kanadski parlament je jednoglasno usvojio historijski prijedlog da se mjesec april prizna kao mjesec sje\u0107anja, osude i prevencije genocida i priznao po\u010dinjene genocide, uklju\u010duju\u0107i genocidu Srebrenici. \u010clanovi Kanadskog parlamenta su podnijeli parlamentarnu peticiju pozivaju\u0107i Kanadsku vladu da donese zakon koji bi zabranio negiranje genocida u Srebrenici. Ove godine Kanada se pridru\u017eila listi sponzora Rezolucije Generalne skup\u0161tine Ujedinjenih nacija kojom je 11. juli progla\u0161en Me\u0111unarodnim danom sje\u0107anja na genocid u Srebrenici 1995. godine&#8221;, kazao je dr. Denis Be\u0107irovi\u0107, predsjedavaju\u0107i Predsjedni\u0161tva BiH.<\/p>\n<p>&#8220;Zahvaljujem se bosanskohercegova\u010dkim organizacijama i zajednicama u Kanadi na kontinuiranom radu na planu kulture sje\u0107anja. Posebno se zahvaljujem Institutu za istra\u017eivanje genocida Kanada na ogromnom doprinosuu \u0161irenju istine o genocidu u Srebrenici i pravde za \u017ertve stra\u0161nog zlo\u010dina. Neka ova Centralna Kanadska komemoracija povodom 11. jula Me\u0111unarodnogdana sje\u0107anja na genocid u Srebrenici bude doprinos na\u0161oj zajedni\u010dkoj borbi zaistinu i pravdu, ali i podsje\u0107anje na na\u0161u obavezu da \u010duvamo i ja\u010damo kulturu sje\u0107anja na genocid u Srebrenici. Neka nam je vje\u010dna slobodna, nezavisna i cjelovita, multikulturalna Bosna iHercegovina&#8221;, zaklju\u010dio je dr. Denis Be\u0107irovi\u0107, predsjedavaju\u0107i Predsjedni\u0161tva BiH.<\/p>\n<p>Muftija Islamske zajednice Bo\u0161njaka Sjeverne Amerike dr. Sabahudin ef \u0106eman je tako\u0111e poslao poruku u kojoj se ka\u017ee:<\/p>\n<p>&#8220;Po\u0161tovani prisutni, izra\u017eavam iskreno \u017ealjenje \u0161to vam se nisam mogao pridru\u017eiti na Centralnoj kanadskoj komemoraciji povodom 11. jula Me\u0111unarodnog dana sje\u0107anja na genocid u Srebrenici. Svake godine ve\u0107 tradicionalno i dostojanstveno vi obilje\u017eavate 11. juli ispred prvog spomen obilje\u017eja \u017ertvama genocida u Srebrenici u dijaspori u gradu Vindsoru. Genocid u Srebrenici je poraz civiliziranoga svijeta. Srebrenica nije samo problem Srebreni\u010dana, ona je problem cijelog \u010dovje\u010danstva, jer ako bi se zlo Srebrenice ponovilo, to bi bilo najve\u0107e moralno posrn\u0107e \u010dovje\u010danstva u cijeloj historiji&#8221;, kazao je Muftija Islamske zajednice Bo\u0161njaka Sjeverne Amerike dr. Sabahudin ef \u0106eman.<\/p>\n<p>&#8220;Zato pozivam sve gra\u0111ane Bosne i Hercegovine u Kanadi i sve Kana\u0111ane da \u010duvaju sje\u0107anje na Srebrenicu kako se ona nikada nikome ne bi ponovila. Sa osje\u0107ajem zadovoljstva primamo vijesti da je Kanada jedan od svjetskih lidera u kulturi sje\u0107anja na genocid u Srebrenici i Islamska zajednica Bo\u0161njaka Sjeverne Amerike cijeni zna\u010dajan doprinos Kanade na tom putu. Posebno po\u0161tujemo \u0161to je Kanadski parlament jednoglasno usvojio Rezoluciju kojom je priznat genocid i ustanovljen Dan sje\u0107anja na genocid u Srebrenici u Kanadi. Kanadski parlament je jednoglasno usvojio historijski prijedlog da se mjesec april prizna kao mjesec sje\u0107anja, osude i prevencije genocida i imenovao genocide koje je priznao, uklju\u010duju\u0107i i genocid u Srebrenici, rekao je dr. Sabahudin ef \u0106eman.<\/p>\n<p>\u010clanovi Kanadskog parlamenta su podnijeli parlamentarnu peticiju pozivaju\u0107i Kanadsku vladu da donese zakon koji bi zabranio negiranje genocicla u Srebrenici u Kanadi. U Muzeju za ljudska prava Kanade nalazi se stalna izlo\u017eba o genocidu u Srebrenici. Ove godine Kanada se pridru\u017eila listi sponzora Rezolucije Generalne skup\u0161tine Ujedinjenih naroda kojom je 11. juli progla\u0161en Me\u0111unarodnim danom sje\u0107anja na genocid u Srebrenici 1995. godine.<\/p>\n<p>I ove godine vi\u0161e od 10 kanadskih gradova i mnoge kanadske pokrajine i teritorije su izdale proklamacije povodom 11. jula Me\u0111unarodnog dana sje\u0107anja na \u017ertve genocida u Srebrenici.<\/p>\n<p>&nbsp;<\/p>\n","protected":false},"excerpt":{"rendered":"<p>Premijer Kanade Justin Trudeau poslao poruku povodom komemoracije 29. godi\u0161njice od genocida u Srebrenici. U&hellip;<\/p>\n","protected":false},"author":3,"featured_media":215401,"comment_status":"closed","ping_status":"closed","sticky":false,"template":"","format":"standard","meta":{"_acf_changed":false,"footnotes":""},"categories":[16],"tags":[10494,3428],"acf":[],"yoast_head":"<!-- This site is optimized with the Yoast SEO plugin v23.5 - https:\/\/yoast.com\/wordpress\/plugins\/seo\/ -->\n<title>Justin Trudeau poslao poruku povodom komemoracije 29. godi\u0161njice od genocida u Srebrenici - TuzlaInfo.ba<\/title>\n<meta name=\"robots\" content=\"index, follow, max-snippet:-1, max-image-preview:large, max-video-preview:-1\" \/>\n<link rel=\"canonical\" href=\"https:\/\/tuzlainfo.ba\/index.php\/clanci\/sa-svih-strana\/item\/243514-justin-trudeau-poslao-poruku-povodom-komemoracije-29-godisnjice-od-genocida-u-srebrenici\/\" \/>\n<meta property=\"og:locale\" content=\"bs_BA\" \/>\n<meta property=\"og:type\" content=\"article\" \/>\n<meta property=\"og:title\" content=\"Justin Trudeau poslao poruku povodom komemoracije 29. godi\u0161njice od genocida u Srebrenici - TuzlaInfo.ba\" \/>\n<meta property=\"og:description\" content=\"Premijer Kanade Justin Trudeau poslao poruku povodom komemoracije 29. godi\u0161njice od genocida u Srebrenici. U&hellip;\" \/>\n<meta property=\"og:url\" content=\"https:\/\/tuzlainfo.ba\/index.php\/clanci\/sa-svih-strana\/item\/243514-justin-trudeau-poslao-poruku-povodom-komemoracije-29-godisnjice-od-genocida-u-srebrenici\/\" \/>\n<meta property=\"og:site_name\" content=\"TuzlaInfo.ba\" \/>\n<meta property=\"article:publisher\" content=\"https:\/\/www.facebook.com\/tuzlainfo.ba\/\" \/>\n<meta property=\"article:published_time\" content=\"2024-07-09T11:31:17+00:00\" \/>\n<meta property=\"article:modified_time\" content=\"2024-07-09T08:42:25+00:00\" \/>\n<meta property=\"og:image\" content=\"https:\/\/tuzlainfo.ba\/wp-content\/uploads\/2023\/08\/3108_potocari.jpg\" \/>\n\t<meta property=\"og:image:width\" content=\"1640\" \/>\n\t<meta property=\"og:image:height\" content=\"1232\" \/>\n\t<meta property=\"og:image:type\" content=\"image\/jpeg\" \/>\n<meta name=\"author\" content=\"admin2\" \/>\n<meta name=\"twitter:card\" content=\"summary_large_image\" \/>\n<meta name=\"twitter:label1\" content=\"Written by\" \/>\n\t<meta name=\"twitter:data1\" content=\"admin2\" \/>\n\t<meta name=\"twitter:label2\" content=\"Est. reading time\" \/>\n\t<meta name=\"twitter:data2\" content=\"5 minuta\" \/>\n<script type=\"application\/ld+json\" class=\"yoast-schema-graph\">{\"@context\":\"https:\/\/schema.org\",\"@graph\":[{\"@type\":\"Article\",\"@id\":\"https:\/\/tuzlainfo.ba\/index.php\/clanci\/sa-svih-strana\/item\/243514-justin-trudeau-poslao-poruku-povodom-komemoracije-29-godisnjice-od-genocida-u-srebrenici\/#article\",\"isPartOf\":{\"@id\":\"https:\/\/tuzlainfo.ba\/index.php\/clanci\/sa-svih-strana\/item\/243514-justin-trudeau-poslao-poruku-povodom-komemoracije-29-godisnjice-od-genocida-u-srebrenici\/\"},\"author\":{\"name\":\"admin2\",\"@id\":\"https:\/\/tuzlainfo.ba\/#\/schema\/person\/f4ebe4fff27e68efb65fa7e18f8af372\"},\"headline\":\"Justin Trudeau poslao poruku povodom komemoracije 29. godi\u0161njice od genocida u Srebrenici\",\"datePublished\":\"2024-07-09T11:31:17+00:00\",\"dateModified\":\"2024-07-09T08:42:25+00:00\",\"mainEntityOfPage\":{\"@id\":\"https:\/\/tuzlainfo.ba\/index.php\/clanci\/sa-svih-strana\/item\/243514-justin-trudeau-poslao-poruku-povodom-komemoracije-29-godisnjice-od-genocida-u-srebrenici\/\"},\"wordCount\":938,\"publisher\":{\"@id\":\"https:\/\/tuzlainfo.ba\/#organization\"},\"image\":{\"@id\":\"https:\/\/tuzlainfo.ba\/index.php\/clanci\/sa-svih-strana\/item\/243514-justin-trudeau-poslao-poruku-povodom-komemoracije-29-godisnjice-od-genocida-u-srebrenici\/#primaryimage\"},\"thumbnailUrl\":\"https:\/\/tuzlainfo.ba\/wp-content\/uploads\/2023\/08\/3108_potocari.jpg\",\"keywords\":[\"justin trudeou\",\"kanada\"],\"articleSection\":[\"Sa svih strana\"],\"inLanguage\":\"bs-BA\"},{\"@type\":\"WebPage\",\"@id\":\"https:\/\/tuzlainfo.ba\/index.php\/clanci\/sa-svih-strana\/item\/243514-justin-trudeau-poslao-poruku-povodom-komemoracije-29-godisnjice-od-genocida-u-srebrenici\/\",\"url\":\"https:\/\/tuzlainfo.ba\/index.php\/clanci\/sa-svih-strana\/item\/243514-justin-trudeau-poslao-poruku-povodom-komemoracije-29-godisnjice-od-genocida-u-srebrenici\/\",\"name\":\"Justin Trudeau poslao poruku povodom komemoracije 29. godi\u0161njice od genocida u Srebrenici - TuzlaInfo.ba\",\"isPartOf\":{\"@id\":\"https:\/\/tuzlainfo.ba\/#website\"},\"primaryImageOfPage\":{\"@id\":\"https:\/\/tuzlainfo.ba\/index.php\/clanci\/sa-svih-strana\/item\/243514-justin-trudeau-poslao-poruku-povodom-komemoracije-29-godisnjice-od-genocida-u-srebrenici\/#primaryimage\"},\"image\":{\"@id\":\"https:\/\/tuzlainfo.ba\/index.php\/clanci\/sa-svih-strana\/item\/243514-justin-trudeau-poslao-poruku-povodom-komemoracije-29-godisnjice-od-genocida-u-srebrenici\/#primaryimage\"},\"thumbnailUrl\":\"https:\/\/tuzlainfo.ba\/wp-content\/uploads\/2023\/08\/3108_potocari.jpg\",\"datePublished\":\"2024-07-09T11:31:17+00:00\",\"dateModified\":\"2024-07-09T08:42:25+00:00\",\"breadcrumb\":{\"@id\":\"https:\/\/tuzlainfo.ba\/index.php\/clanci\/sa-svih-strana\/item\/243514-justin-trudeau-poslao-poruku-povodom-komemoracije-29-godisnjice-od-genocida-u-srebrenici\/#breadcrumb\"},\"inLanguage\":\"bs-BA\",\"potentialAction\":[{\"@type\":\"ReadAction\",\"target\":[\"https:\/\/tuzlainfo.ba\/index.php\/clanci\/sa-svih-strana\/item\/243514-justin-trudeau-poslao-poruku-povodom-komemoracije-29-godisnjice-od-genocida-u-srebrenici\/\"]}]},{\"@type\":\"ImageObject\",\"inLanguage\":\"bs-BA\",\"@id\":\"https:\/\/tuzlainfo.ba\/index.php\/clanci\/sa-svih-strana\/item\/243514-justin-trudeau-poslao-poruku-povodom-komemoracije-29-godisnjice-od-genocida-u-srebrenici\/#primaryimage\",\"url\":\"https:\/\/tuzlainfo.ba\/wp-content\/uploads\/2023\/08\/3108_potocari.jpg\",\"contentUrl\":\"https:\/\/tuzlainfo.ba\/wp-content\/uploads\/2023\/08\/3108_potocari.jpg\",\"width\":1640,\"height\":1232},{\"@type\":\"BreadcrumbList\",\"@id\":\"https:\/\/tuzlainfo.ba\/index.php\/clanci\/sa-svih-strana\/item\/243514-justin-trudeau-poslao-poruku-povodom-komemoracije-29-godisnjice-od-genocida-u-srebrenici\/#breadcrumb\",\"itemListElement\":[{\"@type\":\"ListItem\",\"position\":1,\"name\":\"Home\",\"item\":\"https:\/\/tuzlainfo.ba\/\"},{\"@type\":\"ListItem\",\"position\":2,\"name\":\"Justin Trudeau poslao poruku povodom komemoracije 29. godi\u0161njice od genocida u Srebrenici\"}]},{\"@type\":\"WebSite\",\"@id\":\"https:\/\/tuzlainfo.ba\/#website\",\"url\":\"https:\/\/tuzlainfo.ba\/\",\"name\":\"TuzlaInfo.ba\",\"description\":\"Tuzla info, gradski informator - Tuzla na dlanu\",\"publisher\":{\"@id\":\"https:\/\/tuzlainfo.ba\/#organization\"},\"potentialAction\":[{\"@type\":\"SearchAction\",\"target\":{\"@type\":\"EntryPoint\",\"urlTemplate\":\"https:\/\/tuzlainfo.ba\/?s={search_term_string}\"},\"query-input\":{\"@type\":\"PropertyValueSpecification\",\"valueRequired\":true,\"valueName\":\"search_term_string\"}}],\"inLanguage\":\"bs-BA\"},{\"@type\":\"Organization\",\"@id\":\"https:\/\/tuzlainfo.ba\/#organization\",\"name\":\"TuzlaInfo.ba\",\"url\":\"https:\/\/tuzlainfo.ba\/\",\"logo\":{\"@type\":\"ImageObject\",\"inLanguage\":\"bs-BA\",\"@id\":\"https:\/\/tuzlainfo.ba\/#\/schema\/logo\/image\/\",\"url\":\"https:\/\/tuzlainfo.ba\/wp-content\/uploads\/2021\/03\/logo-ver-3-1.png\",\"contentUrl\":\"https:\/\/tuzlainfo.ba\/wp-content\/uploads\/2021\/03\/logo-ver-3-1.png\",\"width\":350,\"height\":95,\"caption\":\"TuzlaInfo.ba\"},\"image\":{\"@id\":\"https:\/\/tuzlainfo.ba\/#\/schema\/logo\/image\/\"},\"sameAs\":[\"https:\/\/www.facebook.com\/tuzlainfo.ba\/\"]},{\"@type\":\"Person\",\"@id\":\"https:\/\/tuzlainfo.ba\/#\/schema\/person\/f4ebe4fff27e68efb65fa7e18f8af372\",\"name\":\"admin2\",\"image\":{\"@type\":\"ImageObject\",\"inLanguage\":\"bs-BA\",\"@id\":\"https:\/\/tuzlainfo.ba\/#\/schema\/person\/image\/\",\"url\":\"https:\/\/tuzlainfo.ba\/wp-content\/litespeed\/avatar\/8219eeb9a43cff2d096e773737736f62.jpg?ver=1776704580\",\"contentUrl\":\"https:\/\/tuzlainfo.ba\/wp-content\/litespeed\/avatar\/8219eeb9a43cff2d096e773737736f62.jpg?ver=1776704580\",\"caption\":\"admin2\"},\"description\":\"Tuzlainfo.ba pratite na dru\u0161tvenim mre\u017eama: Facebook, Instagram i Youtube. Svoje pri\u010de, upite i fotografije \u0161aljite na na\u0161u e-mail adresu.\",\"sameAs\":[\"admin\"]}]}<\/script>\n<!-- \/ Yoast SEO plugin. -->","yoast_head_json":{"title":"Justin Trudeau poslao poruku povodom komemoracije 29. godi\u0161njice od genocida u Srebrenici - TuzlaInfo.ba","robots":{"index":"index","follow":"follow","max-snippet":"max-snippet:-1","max-image-preview":"max-image-preview:large","max-video-preview":"max-video-preview:-1"},"canonical":"https:\/\/tuzlainfo.ba\/index.php\/clanci\/sa-svih-strana\/item\/243514-justin-trudeau-poslao-poruku-povodom-komemoracije-29-godisnjice-od-genocida-u-srebrenici\/","og_locale":"bs_BA","og_type":"article","og_title":"Justin Trudeau poslao poruku povodom komemoracije 29. godi\u0161njice od genocida u Srebrenici - TuzlaInfo.ba","og_description":"Premijer Kanade Justin Trudeau poslao poruku povodom komemoracije 29. godi\u0161njice od genocida u Srebrenici. U&hellip;","og_url":"https:\/\/tuzlainfo.ba\/index.php\/clanci\/sa-svih-strana\/item\/243514-justin-trudeau-poslao-poruku-povodom-komemoracije-29-godisnjice-od-genocida-u-srebrenici\/","og_site_name":"TuzlaInfo.ba","article_publisher":"https:\/\/www.facebook.com\/tuzlainfo.ba\/","article_published_time":"2024-07-09T11:31:17+00:00","article_modified_time":"2024-07-09T08:42:25+00:00","og_image":[{"width":1640,"height":1232,"url":"https:\/\/tuzlainfo.ba\/wp-content\/uploads\/2023\/08\/3108_potocari.jpg","type":"image\/jpeg"}],"author":"admin2","twitter_card":"summary_large_image","twitter_misc":{"Written by":"admin2","Est. reading time":"5 minuta"},"schema":{"@context":"https:\/\/schema.org","@graph":[{"@type":"Article","@id":"https:\/\/tuzlainfo.ba\/index.php\/clanci\/sa-svih-strana\/item\/243514-justin-trudeau-poslao-poruku-povodom-komemoracije-29-godisnjice-od-genocida-u-srebrenici\/#article","isPartOf":{"@id":"https:\/\/tuzlainfo.ba\/index.php\/clanci\/sa-svih-strana\/item\/243514-justin-trudeau-poslao-poruku-povodom-komemoracije-29-godisnjice-od-genocida-u-srebrenici\/"},"author":{"name":"admin2","@id":"https:\/\/tuzlainfo.ba\/#\/schema\/person\/f4ebe4fff27e68efb65fa7e18f8af372"},"headline":"Justin Trudeau poslao poruku povodom komemoracije 29. godi\u0161njice od genocida u Srebrenici","datePublished":"2024-07-09T11:31:17+00:00","dateModified":"2024-07-09T08:42:25+00:00","mainEntityOfPage":{"@id":"https:\/\/tuzlainfo.ba\/index.php\/clanci\/sa-svih-strana\/item\/243514-justin-trudeau-poslao-poruku-povodom-komemoracije-29-godisnjice-od-genocida-u-srebrenici\/"},"wordCount":938,"publisher":{"@id":"https:\/\/tuzlainfo.ba\/#organization"},"image":{"@id":"https:\/\/tuzlainfo.ba\/index.php\/clanci\/sa-svih-strana\/item\/243514-justin-trudeau-poslao-poruku-povodom-komemoracije-29-godisnjice-od-genocida-u-srebrenici\/#primaryimage"},"thumbnailUrl":"https:\/\/tuzlainfo.ba\/wp-content\/uploads\/2023\/08\/3108_potocari.jpg","keywords":["justin trudeou","kanada"],"articleSection":["Sa svih strana"],"inLanguage":"bs-BA"},{"@type":"WebPage","@id":"https:\/\/tuzlainfo.ba\/index.php\/clanci\/sa-svih-strana\/item\/243514-justin-trudeau-poslao-poruku-povodom-komemoracije-29-godisnjice-od-genocida-u-srebrenici\/","url":"https:\/\/tuzlainfo.ba\/index.php\/clanci\/sa-svih-strana\/item\/243514-justin-trudeau-poslao-poruku-povodom-komemoracije-29-godisnjice-od-genocida-u-srebrenici\/","name":"Justin Trudeau poslao poruku povodom komemoracije 29. godi\u0161njice od genocida u Srebrenici - TuzlaInfo.ba","isPartOf":{"@id":"https:\/\/tuzlainfo.ba\/#website"},"primaryImageOfPage":{"@id":"https:\/\/tuzlainfo.ba\/index.php\/clanci\/sa-svih-strana\/item\/243514-justin-trudeau-poslao-poruku-povodom-komemoracije-29-godisnjice-od-genocida-u-srebrenici\/#primaryimage"},"image":{"@id":"https:\/\/tuzlainfo.ba\/index.php\/clanci\/sa-svih-strana\/item\/243514-justin-trudeau-poslao-poruku-povodom-komemoracije-29-godisnjice-od-genocida-u-srebrenici\/#primaryimage"},"thumbnailUrl":"https:\/\/tuzlainfo.ba\/wp-content\/uploads\/2023\/08\/3108_potocari.jpg","datePublished":"2024-07-09T11:31:17+00:00","dateModified":"2024-07-09T08:42:25+00:00","breadcrumb":{"@id":"https:\/\/tuzlainfo.ba\/index.php\/clanci\/sa-svih-strana\/item\/243514-justin-trudeau-poslao-poruku-povodom-komemoracije-29-godisnjice-od-genocida-u-srebrenici\/#breadcrumb"},"inLanguage":"bs-BA","potentialAction":[{"@type":"ReadAction","target":["https:\/\/tuzlainfo.ba\/index.php\/clanci\/sa-svih-strana\/item\/243514-justin-trudeau-poslao-poruku-povodom-komemoracije-29-godisnjice-od-genocida-u-srebrenici\/"]}]},{"@type":"ImageObject","inLanguage":"bs-BA","@id":"https:\/\/tuzlainfo.ba\/index.php\/clanci\/sa-svih-strana\/item\/243514-justin-trudeau-poslao-poruku-povodom-komemoracije-29-godisnjice-od-genocida-u-srebrenici\/#primaryimage","url":"https:\/\/tuzlainfo.ba\/wp-content\/uploads\/2023\/08\/3108_potocari.jpg","contentUrl":"https:\/\/tuzlainfo.ba\/wp-content\/uploads\/2023\/08\/3108_potocari.jpg","width":1640,"height":1232},{"@type":"BreadcrumbList","@id":"https:\/\/tuzlainfo.ba\/index.php\/clanci\/sa-svih-strana\/item\/243514-justin-trudeau-poslao-poruku-povodom-komemoracije-29-godisnjice-od-genocida-u-srebrenici\/#breadcrumb","itemListElement":[{"@type":"ListItem","position":1,"name":"Home","item":"https:\/\/tuzlainfo.ba\/"},{"@type":"ListItem","position":2,"name":"Justin Trudeau poslao poruku povodom komemoracije 29. godi\u0161njice od genocida u Srebrenici"}]},{"@type":"WebSite","@id":"https:\/\/tuzlainfo.ba\/#website","url":"https:\/\/tuzlainfo.ba\/","name":"TuzlaInfo.ba","description":"Tuzla info, gradski informator - Tuzla na dlanu","publisher":{"@id":"https:\/\/tuzlainfo.ba\/#organization"},"potentialAction":[{"@type":"SearchAction","target":{"@type":"EntryPoint","urlTemplate":"https:\/\/tuzlainfo.ba\/?s={search_term_string}"},"query-input":{"@type":"PropertyValueSpecification","valueRequired":true,"valueName":"search_term_string"}}],"inLanguage":"bs-BA"},{"@type":"Organization","@id":"https:\/\/tuzlainfo.ba\/#organization","name":"TuzlaInfo.ba","url":"https:\/\/tuzlainfo.ba\/","logo":{"@type":"ImageObject","inLanguage":"bs-BA","@id":"https:\/\/tuzlainfo.ba\/#\/schema\/logo\/image\/","url":"https:\/\/tuzlainfo.ba\/wp-content\/uploads\/2021\/03\/logo-ver-3-1.png","contentUrl":"https:\/\/tuzlainfo.ba\/wp-content\/uploads\/2021\/03\/logo-ver-3-1.png","width":350,"height":95,"caption":"TuzlaInfo.ba"},"image":{"@id":"https:\/\/tuzlainfo.ba\/#\/schema\/logo\/image\/"},"sameAs":["https:\/\/www.facebook.com\/tuzlainfo.ba\/"]},{"@type":"Person","@id":"https:\/\/tuzlainfo.ba\/#\/schema\/person\/f4ebe4fff27e68efb65fa7e18f8af372","name":"admin2","image":{"@type":"ImageObject","inLanguage":"bs-BA","@id":"https:\/\/tuzlainfo.ba\/#\/schema\/person\/image\/","url":"https:\/\/tuzlainfo.ba\/wp-content\/litespeed\/avatar\/8219eeb9a43cff2d096e773737736f62.jpg?ver=1776704580","contentUrl":"https:\/\/tuzlainfo.ba\/wp-content\/litespeed\/avatar\/8219eeb9a43cff2d096e773737736f62.jpg?ver=1776704580","caption":"admin2"},"description":"Tuzlainfo.ba pratite na dru\u0161tvenim mre\u017eama: Facebook, Instagram i Youtube. Svoje pri\u010de, upite i fotografije \u0161aljite na na\u0161u e-mail adresu.","sameAs":["admin"]}]}},"_links":{"self":[{"href":"https:\/\/tuzlainfo.ba\/index.php\/wp-json\/wp\/v2\/posts\/243514"}],"collection":[{"href":"https:\/\/tuzlainfo.ba\/index.php\/wp-json\/wp\/v2\/posts"}],"about":[{"href":"https:\/\/tuzlainfo.ba\/index.php\/wp-json\/wp\/v2\/types\/post"}],"author":[{"embeddable":true,"href":"https:\/\/tuzlainfo.ba\/index.php\/wp-json\/wp\/v2\/users\/3"}],"replies":[{"embeddable":true,"href":"https:\/\/tuzlainfo.ba\/index.php\/wp-json\/wp\/v2\/comments?post=243514"}],"version-history":[{"count":1,"href":"https:\/\/tuzlainfo.ba\/index.php\/wp-json\/wp\/v2\/posts\/243514\/revisions"}],"predecessor-version":[{"id":243515,"href":"https:\/\/tuzlainfo.ba\/index.php\/wp-json\/wp\/v2\/posts\/243514\/revisions\/243515"}],"wp:featuredmedia":[{"embeddable":true,"href":"https:\/\/tuzlainfo.ba\/index.php\/wp-json\/wp\/v2\/media\/215401"}],"wp:attachment":[{"href":"https:\/\/tuzlainfo.ba\/index.php\/wp-json\/wp\/v2\/media?parent=243514"}],"wp:term":[{"taxonomy":"category","embeddable":true,"href":"https:\/\/tuzlainfo.ba\/index.php\/wp-json\/wp\/v2\/categories?post=243514"},{"taxonomy":"post_tag","embeddable":true,"href":"https:\/\/tuzlainfo.ba\/index.php\/wp-json\/wp\/v2\/tags?post=243514"}],"curies":[{"name":"wp","href":"https:\/\/api.w.org\/{rel}","templated":true}]}}