{"id":243488,"date":"2024-07-09T09:07:31","date_gmt":"2024-07-09T07:07:31","guid":{"rendered":"https:\/\/tuzlainfo.ba\/?p=243488"},"modified":"2024-07-09T08:19:06","modified_gmt":"2024-07-09T06:19:06","slug":"uskoro-pocinje-treca-po-redu-sedmica-gitare-tuzla","status":"publish","type":"post","link":"https:\/\/tuzlainfo.ba\/index.php\/istaknuto\/item\/243488-uskoro-pocinje-treca-po-redu-sedmica-gitare-tuzla\/","title":{"rendered":"Uskoro po\u010dinje tre\u0107a po redu &#8220;Sedmica gitare&#8221; Tuzla"},"content":{"rendered":"<p><span lang=\"hr-HR\">Koncertom otvorenja i dobrodo\u0161lice u nedjelju 14. jula u 19:00 sati u Me\u0111unarodnoj galeriji portreta po\u010det \u0107e tre\u0107a po redu Sedmica gitare Tuzla. Koncert \u0107e odr\u017eati vrhunska imena iz svijeta klasi\u010dne gitare: Sanel Red\u017ei\u0107, Tuzlak i umjetni\u010dki direktor manifestacije, Darko Bageski iz Makedonije te Alejandro Cordova iz Meksika. Otvorenje manifestacije \u0107e uveli\u010dati postavka po\u010detnih studija iz opusa \u201eGitarista\u201c velikana, akademskog bh. slikara i grafi\u010dara Safeta Zeca, koji \u0107e povodom Sedmice gitare posjetiti Tuzlu. <\/span><\/p>\n<p><span lang=\"hr-HR\">Jo\u0161 jedno izdanje Sedmice gitare, doga\u0111aja koji iz grada soli u svijet \u0161alje poruku o zna\u010daju umjetnosti, trajat \u0107e do 20. jula. Eminentna imena iz oblasti klasi\u010dne muzike \u0107e i ovoga ljeta odr\u017eati nastavu za u\u010denike koji sa raznih strana svijeta dolaze kako bi od njih u\u010dili. Na spisku dr\u017eava odakle dolaze umjetnici \u0107e se na\u0107i Portugal, Sjeverna Republika Makedonija, Austrija, Meksiko, Gr\u010dka, Njema\u010dka, Srbija i Bosna i Hercegovina.<\/span><\/p>\n<p><span lang=\"hr-HR\">Publika \u0107e osim koncerta otvorenja i dobrodo\u0161lice imati priliku 16. jula u 19:00 sati u Ateljeu Ismet Mujezinovi\u0107 posjetiti koncert Elvisa Siv\u010devi\u0107a iz BiH te gitarskog dueta Euterpe iz Portugala.<\/span><\/p>\n<p><span lang=\"hr-HR\">Pa\u017enju publike \u0107e sigurno privu\u0107i i koncert u prirodi, na izleti\u0161tu Ilin\u010dica ispred Doma prirode, 18. jula, kada \u0107e u 20:00 sati nastupiti CIPRA guda\u010dki kvartet iz Be\u010da, violinistkinja Andrea Nikoli\u0107 te Sanel Red\u017ei\u0107 na gitari.<\/span><\/p>\n<p><span lang=\"hr-HR\">Osim navedenih gostiju i ove godine \u0107e u\u010denicima nastavu i radionice dr\u017eati poznati gitarski duo Vojislav Ivanovi\u0107 i Aleksandra Ivanovi\u0107. <\/span><\/p>\n<p><span lang=\"hr-HR\">Sve \u0161to su u\u010denici nau\u010dili i usavr\u0161ili mo\u0107i \u0107e pokazati na zavr\u0161nom koncertu-koncertu u\u010desnika, u Ateljeu Ismet Mujezinovi\u0107 20. jula u 19:00 sati. <\/span><\/p>\n","protected":false},"excerpt":{"rendered":"<p>Koncertom otvorenja i dobrodo\u0161lice u nedjelju 14. jula u 19:00 sati u Me\u0111unarodnoj galeriji portreta po\u010det \u0107e tre\u0107a po redu Sedmica gitare Tuzla. Koncert \u0107e odr\u017eati vrhunska imena iz svijeta klasi\u010dne gitare: Sanel Red\u017ei\u0107, Tuzlak i umjetni\u010dki direktor manifestacije, Darko Bageski iz Makedonije te Alejandro Cordova iz Meksika. Otvorenje manifestacije \u0107e uveli\u010dati postavka po\u010detnih studija [&hellip;]<\/p>\n","protected":false},"author":4,"featured_media":243489,"comment_status":"closed","ping_status":"closed","sticky":false,"template":"","format":"standard","meta":{"footnotes":""},"categories":[304,11],"tags":[3990,42],"class_list":["post-243488","post","type-post","status-publish","format-standard","has-post-thumbnail","hentry","category-istaknuto","category-najava-dogadaja-2","tag-sedmica-gitare","tag-tuzla"],"yoast_head":"<!-- This site is optimized with the Yoast SEO plugin v28.4 - https:\/\/yoast.com\/product\/yoast-seo-wordpress\/ -->\n<title>Uskoro po\u010dinje tre\u0107a po redu &quot;Sedmica gitare&quot; Tuzla<\/title>\n<meta name=\"robots\" content=\"index, follow, max-snippet:-1, max-image-preview:large, max-video-preview:-1\" \/>\n<link rel=\"canonical\" href=\"https:\/\/tuzlainfo.ba\/index.php\/istaknuto\/item\/243488-uskoro-pocinje-treca-po-redu-sedmica-gitare-tuzla\/\" \/>\n<meta property=\"og:locale\" content=\"bs_BA\" \/>\n<meta property=\"og:type\" content=\"article\" \/>\n<meta property=\"og:title\" content=\"Uskoro po\u010dinje tre\u0107a po redu &quot;Sedmica gitare&quot; Tuzla\" \/>\n<meta property=\"og:description\" content=\"Koncertom otvorenja i dobrodo\u0161lice u nedjelju 14. jula u 19:00 sati u Me\u0111unarodnoj galeriji portreta po\u010det \u0107e tre\u0107a po redu Sedmica gitare Tuzla. Koncert \u0107e odr\u017eati vrhunska imena iz svijeta klasi\u010dne gitare: Sanel Red\u017ei\u0107, Tuzlak i umjetni\u010dki direktor manifestacije, Darko Bageski iz Makedonije te Alejandro Cordova iz Meksika. Otvorenje manifestacije \u0107e uveli\u010dati postavka po\u010detnih studija [&hellip;]\" \/>\n<meta property=\"og:url\" content=\"https:\/\/tuzlainfo.ba\/index.php\/istaknuto\/item\/243488-uskoro-pocinje-treca-po-redu-sedmica-gitare-tuzla\/\" \/>\n<meta property=\"og:site_name\" content=\"TuzlaInfo.ba\" \/>\n<meta property=\"article:publisher\" content=\"https:\/\/www.facebook.com\/tuzlainfo.ba\/\" \/>\n<meta property=\"article:published_time\" content=\"2024-07-09T07:07:31+00:00\" \/>\n<meta property=\"og:image\" content=\"https:\/\/tuzlainfo.ba\/wp-content\/uploads\/2024\/07\/sedmica-gitare-1-scaled.jpg\" \/>\n\t<meta property=\"og:image:width\" content=\"2560\" \/>\n\t<meta property=\"og:image:height\" content=\"1707\" \/>\n\t<meta property=\"og:image:type\" content=\"image\/jpeg\" \/>\n<meta name=\"author\" content=\"Tuzla Info\" \/>\n<meta name=\"twitter:card\" content=\"summary_large_image\" \/>\n<meta name=\"twitter:label1\" content=\"Written by\" \/>\n\t<meta name=\"twitter:data1\" content=\"Tuzla Info\" \/>\n\t<meta name=\"twitter:label2\" content=\"Est. reading time\" \/>\n\t<meta name=\"twitter:data2\" content=\"2 minute\" \/>\n<script type=\"application\/ld+json\" class=\"yoast-schema-graph\">{\"@context\":\"https:\\\/\\\/schema.org\",\"@graph\":[{\"@type\":\"Article\",\"@id\":\"https:\\\/\\\/tuzlainfo.ba\\\/index.php\\\/istaknuto\\\/item\\\/243488-uskoro-pocinje-treca-po-redu-sedmica-gitare-tuzla\\\/#article\",\"isPartOf\":{\"@id\":\"https:\\\/\\\/tuzlainfo.ba\\\/index.php\\\/istaknuto\\\/item\\\/243488-uskoro-pocinje-treca-po-redu-sedmica-gitare-tuzla\\\/\"},\"author\":{\"name\":\"Tuzla Info\",\"@id\":\"https:\\\/\\\/tuzlainfo.ba\\\/#\\\/schema\\\/person\\\/46cad4c57790cbc50781edd14870825a\"},\"headline\":\"Uskoro po\u010dinje tre\u0107a po redu &#8220;Sedmica gitare&#8221; Tuzla\",\"datePublished\":\"2024-07-09T07:07:31+00:00\",\"mainEntityOfPage\":{\"@id\":\"https:\\\/\\\/tuzlainfo.ba\\\/index.php\\\/istaknuto\\\/item\\\/243488-uskoro-pocinje-treca-po-redu-sedmica-gitare-tuzla\\\/\"},\"wordCount\":291,\"publisher\":{\"@id\":\"https:\\\/\\\/tuzlainfo.ba\\\/#organization\"},\"image\":{\"@id\":\"https:\\\/\\\/tuzlainfo.ba\\\/index.php\\\/istaknuto\\\/item\\\/243488-uskoro-pocinje-treca-po-redu-sedmica-gitare-tuzla\\\/#primaryimage\"},\"thumbnailUrl\":\"https:\\\/\\\/tuzlainfo.ba\\\/wp-content\\\/uploads\\\/2024\\\/07\\\/sedmica-gitare-1-scaled.jpg\",\"keywords\":[\"sedmica gitare\",\"tuzla\"],\"articleSection\":[\"Istaknuto\",\"Najave i doga\u0111aji\"],\"inLanguage\":\"bs-BA\",\"copyrightYear\":\"2024\",\"copyrightHolder\":{\"@id\":\"https:\\\/\\\/tuzlainfo.ba\\\/#organization\"}},{\"@type\":\"WebPage\",\"@id\":\"https:\\\/\\\/tuzlainfo.ba\\\/index.php\\\/istaknuto\\\/item\\\/243488-uskoro-pocinje-treca-po-redu-sedmica-gitare-tuzla\\\/\",\"url\":\"https:\\\/\\\/tuzlainfo.ba\\\/index.php\\\/istaknuto\\\/item\\\/243488-uskoro-pocinje-treca-po-redu-sedmica-gitare-tuzla\\\/\",\"name\":\"Uskoro po\u010dinje tre\u0107a po redu \\\"Sedmica gitare\\\" Tuzla\",\"isPartOf\":{\"@id\":\"https:\\\/\\\/tuzlainfo.ba\\\/#website\"},\"primaryImageOfPage\":{\"@id\":\"https:\\\/\\\/tuzlainfo.ba\\\/index.php\\\/istaknuto\\\/item\\\/243488-uskoro-pocinje-treca-po-redu-sedmica-gitare-tuzla\\\/#primaryimage\"},\"image\":{\"@id\":\"https:\\\/\\\/tuzlainfo.ba\\\/index.php\\\/istaknuto\\\/item\\\/243488-uskoro-pocinje-treca-po-redu-sedmica-gitare-tuzla\\\/#primaryimage\"},\"thumbnailUrl\":\"https:\\\/\\\/tuzlainfo.ba\\\/wp-content\\\/uploads\\\/2024\\\/07\\\/sedmica-gitare-1-scaled.jpg\",\"datePublished\":\"2024-07-09T07:07:31+00:00\",\"breadcrumb\":{\"@id\":\"https:\\\/\\\/tuzlainfo.ba\\\/index.php\\\/istaknuto\\\/item\\\/243488-uskoro-pocinje-treca-po-redu-sedmica-gitare-tuzla\\\/#breadcrumb\"},\"inLanguage\":\"bs-BA\",\"potentialAction\":[{\"@type\":\"ReadAction\",\"target\":[\"https:\\\/\\\/tuzlainfo.ba\\\/index.php\\\/istaknuto\\\/item\\\/243488-uskoro-pocinje-treca-po-redu-sedmica-gitare-tuzla\\\/\"]}]},{\"@type\":\"ImageObject\",\"inLanguage\":\"bs-BA\",\"@id\":\"https:\\\/\\\/tuzlainfo.ba\\\/index.php\\\/istaknuto\\\/item\\\/243488-uskoro-pocinje-treca-po-redu-sedmica-gitare-tuzla\\\/#primaryimage\",\"url\":\"https:\\\/\\\/tuzlainfo.ba\\\/wp-content\\\/uploads\\\/2024\\\/07\\\/sedmica-gitare-1-scaled.jpg\",\"contentUrl\":\"https:\\\/\\\/tuzlainfo.ba\\\/wp-content\\\/uploads\\\/2024\\\/07\\\/sedmica-gitare-1-scaled.jpg\",\"width\":2560,\"height\":1707},{\"@type\":\"BreadcrumbList\",\"@id\":\"https:\\\/\\\/tuzlainfo.ba\\\/index.php\\\/istaknuto\\\/item\\\/243488-uskoro-pocinje-treca-po-redu-sedmica-gitare-tuzla\\\/#breadcrumb\",\"itemListElement\":[{\"@type\":\"ListItem\",\"position\":1,\"name\":\"Home\",\"item\":\"https:\\\/\\\/tuzlainfo.ba\\\/\"},{\"@type\":\"ListItem\",\"position\":2,\"name\":\"Uskoro po\u010dinje tre\u0107a po redu &#8220;Sedmica gitare&#8221; Tuzla\"}]},{\"@type\":\"WebSite\",\"@id\":\"https:\\\/\\\/tuzlainfo.ba\\\/#website\",\"url\":\"https:\\\/\\\/tuzlainfo.ba\\\/\",\"name\":\"TuzlaInfo.ba\",\"description\":\"Tuzla info, gradski informator - Tuzla na dlanu\",\"publisher\":{\"@id\":\"https:\\\/\\\/tuzlainfo.ba\\\/#organization\"},\"potentialAction\":[{\"@type\":\"SearchAction\",\"target\":{\"@type\":\"EntryPoint\",\"urlTemplate\":\"https:\\\/\\\/tuzlainfo.ba\\\/?s={search_term_string}\"},\"query-input\":{\"@type\":\"PropertyValueSpecification\",\"valueRequired\":true,\"valueName\":\"search_term_string\"}}],\"inLanguage\":\"bs-BA\"},{\"@type\":\"Organization\",\"@id\":\"https:\\\/\\\/tuzlainfo.ba\\\/#organization\",\"name\":\"TuzlaInfo.ba\",\"url\":\"https:\\\/\\\/tuzlainfo.ba\\\/\",\"logo\":{\"@type\":\"ImageObject\",\"inLanguage\":\"bs-BA\",\"@id\":\"https:\\\/\\\/tuzlainfo.ba\\\/#\\\/schema\\\/logo\\\/image\\\/\",\"url\":\"https:\\\/\\\/tuzlainfo.ba\\\/wp-content\\\/uploads\\\/2021\\\/03\\\/logo-ver-3-1.png\",\"contentUrl\":\"https:\\\/\\\/tuzlainfo.ba\\\/wp-content\\\/uploads\\\/2021\\\/03\\\/logo-ver-3-1.png\",\"width\":350,\"height\":95,\"caption\":\"TuzlaInfo.ba\"},\"image\":{\"@id\":\"https:\\\/\\\/tuzlainfo.ba\\\/#\\\/schema\\\/logo\\\/image\\\/\"},\"sameAs\":[\"https:\\\/\\\/www.facebook.com\\\/tuzlainfo.ba\\\/\"]},{\"@type\":\"Person\",\"@id\":\"https:\\\/\\\/tuzlainfo.ba\\\/#\\\/schema\\\/person\\\/46cad4c57790cbc50781edd14870825a\",\"name\":\"Tuzla Info\",\"image\":{\"@type\":\"ImageObject\",\"inLanguage\":\"bs-BA\",\"@id\":\"https:\\\/\\\/secure.gravatar.com\\\/avatar\\\/e980921b00fa2e552723a2386544734ce6885d2b2304ccca3f45186f9ca4031d?s=96&d=mm&r=g\",\"url\":\"https:\\\/\\\/secure.gravatar.com\\\/avatar\\\/e980921b00fa2e552723a2386544734ce6885d2b2304ccca3f45186f9ca4031d?s=96&d=mm&r=g\",\"contentUrl\":\"https:\\\/\\\/secure.gravatar.com\\\/avatar\\\/e980921b00fa2e552723a2386544734ce6885d2b2304ccca3f45186f9ca4031d?s=96&d=mm&r=g\",\"caption\":\"Tuzla Info\"}}]}<\/script>\n<!-- \/ Yoast SEO plugin. -->","yoast_head_json":{"title":"Uskoro po\u010dinje tre\u0107a po redu \"Sedmica gitare\" Tuzla","robots":{"index":"index","follow":"follow","max-snippet":"max-snippet:-1","max-image-preview":"max-image-preview:large","max-video-preview":"max-video-preview:-1"},"canonical":"https:\/\/tuzlainfo.ba\/index.php\/istaknuto\/item\/243488-uskoro-pocinje-treca-po-redu-sedmica-gitare-tuzla\/","og_locale":"bs_BA","og_type":"article","og_title":"Uskoro po\u010dinje tre\u0107a po redu \"Sedmica gitare\" Tuzla","og_description":"Koncertom otvorenja i dobrodo\u0161lice u nedjelju 14. jula u 19:00 sati u Me\u0111unarodnoj galeriji portreta po\u010det \u0107e tre\u0107a po redu Sedmica gitare Tuzla. Koncert \u0107e odr\u017eati vrhunska imena iz svijeta klasi\u010dne gitare: Sanel Red\u017ei\u0107, Tuzlak i umjetni\u010dki direktor manifestacije, Darko Bageski iz Makedonije te Alejandro Cordova iz Meksika. Otvorenje manifestacije \u0107e uveli\u010dati postavka po\u010detnih studija [&hellip;]","og_url":"https:\/\/tuzlainfo.ba\/index.php\/istaknuto\/item\/243488-uskoro-pocinje-treca-po-redu-sedmica-gitare-tuzla\/","og_site_name":"TuzlaInfo.ba","article_publisher":"https:\/\/www.facebook.com\/tuzlainfo.ba\/","article_published_time":"2024-07-09T07:07:31+00:00","og_image":[{"width":2560,"height":1707,"url":"https:\/\/tuzlainfo.ba\/wp-content\/uploads\/2024\/07\/sedmica-gitare-1-scaled.jpg","type":"image\/jpeg"}],"author":"Tuzla Info","twitter_card":"summary_large_image","twitter_misc":{"Written by":"Tuzla Info","Est. reading time":"2 minute"},"schema":{"@context":"https:\/\/schema.org","@graph":[{"@type":"Article","@id":"https:\/\/tuzlainfo.ba\/index.php\/istaknuto\/item\/243488-uskoro-pocinje-treca-po-redu-sedmica-gitare-tuzla\/#article","isPartOf":{"@id":"https:\/\/tuzlainfo.ba\/index.php\/istaknuto\/item\/243488-uskoro-pocinje-treca-po-redu-sedmica-gitare-tuzla\/"},"author":{"name":"Tuzla Info","@id":"https:\/\/tuzlainfo.ba\/#\/schema\/person\/46cad4c57790cbc50781edd14870825a"},"headline":"Uskoro po\u010dinje tre\u0107a po redu &#8220;Sedmica gitare&#8221; Tuzla","datePublished":"2024-07-09T07:07:31+00:00","mainEntityOfPage":{"@id":"https:\/\/tuzlainfo.ba\/index.php\/istaknuto\/item\/243488-uskoro-pocinje-treca-po-redu-sedmica-gitare-tuzla\/"},"wordCount":291,"publisher":{"@id":"https:\/\/tuzlainfo.ba\/#organization"},"image":{"@id":"https:\/\/tuzlainfo.ba\/index.php\/istaknuto\/item\/243488-uskoro-pocinje-treca-po-redu-sedmica-gitare-tuzla\/#primaryimage"},"thumbnailUrl":"https:\/\/tuzlainfo.ba\/wp-content\/uploads\/2024\/07\/sedmica-gitare-1-scaled.jpg","keywords":["sedmica gitare","tuzla"],"articleSection":["Istaknuto","Najave i doga\u0111aji"],"inLanguage":"bs-BA","copyrightYear":"2024","copyrightHolder":{"@id":"https:\/\/tuzlainfo.ba\/#organization"}},{"@type":"WebPage","@id":"https:\/\/tuzlainfo.ba\/index.php\/istaknuto\/item\/243488-uskoro-pocinje-treca-po-redu-sedmica-gitare-tuzla\/","url":"https:\/\/tuzlainfo.ba\/index.php\/istaknuto\/item\/243488-uskoro-pocinje-treca-po-redu-sedmica-gitare-tuzla\/","name":"Uskoro po\u010dinje tre\u0107a po redu \"Sedmica gitare\" Tuzla","isPartOf":{"@id":"https:\/\/tuzlainfo.ba\/#website"},"primaryImageOfPage":{"@id":"https:\/\/tuzlainfo.ba\/index.php\/istaknuto\/item\/243488-uskoro-pocinje-treca-po-redu-sedmica-gitare-tuzla\/#primaryimage"},"image":{"@id":"https:\/\/tuzlainfo.ba\/index.php\/istaknuto\/item\/243488-uskoro-pocinje-treca-po-redu-sedmica-gitare-tuzla\/#primaryimage"},"thumbnailUrl":"https:\/\/tuzlainfo.ba\/wp-content\/uploads\/2024\/07\/sedmica-gitare-1-scaled.jpg","datePublished":"2024-07-09T07:07:31+00:00","breadcrumb":{"@id":"https:\/\/tuzlainfo.ba\/index.php\/istaknuto\/item\/243488-uskoro-pocinje-treca-po-redu-sedmica-gitare-tuzla\/#breadcrumb"},"inLanguage":"bs-BA","potentialAction":[{"@type":"ReadAction","target":["https:\/\/tuzlainfo.ba\/index.php\/istaknuto\/item\/243488-uskoro-pocinje-treca-po-redu-sedmica-gitare-tuzla\/"]}]},{"@type":"ImageObject","inLanguage":"bs-BA","@id":"https:\/\/tuzlainfo.ba\/index.php\/istaknuto\/item\/243488-uskoro-pocinje-treca-po-redu-sedmica-gitare-tuzla\/#primaryimage","url":"https:\/\/tuzlainfo.ba\/wp-content\/uploads\/2024\/07\/sedmica-gitare-1-scaled.jpg","contentUrl":"https:\/\/tuzlainfo.ba\/wp-content\/uploads\/2024\/07\/sedmica-gitare-1-scaled.jpg","width":2560,"height":1707},{"@type":"BreadcrumbList","@id":"https:\/\/tuzlainfo.ba\/index.php\/istaknuto\/item\/243488-uskoro-pocinje-treca-po-redu-sedmica-gitare-tuzla\/#breadcrumb","itemListElement":[{"@type":"ListItem","position":1,"name":"Home","item":"https:\/\/tuzlainfo.ba\/"},{"@type":"ListItem","position":2,"name":"Uskoro po\u010dinje tre\u0107a po redu &#8220;Sedmica gitare&#8221; Tuzla"}]},{"@type":"WebSite","@id":"https:\/\/tuzlainfo.ba\/#website","url":"https:\/\/tuzlainfo.ba\/","name":"TuzlaInfo.ba","description":"Tuzla info, gradski informator - Tuzla na dlanu","publisher":{"@id":"https:\/\/tuzlainfo.ba\/#organization"},"potentialAction":[{"@type":"SearchAction","target":{"@type":"EntryPoint","urlTemplate":"https:\/\/tuzlainfo.ba\/?s={search_term_string}"},"query-input":{"@type":"PropertyValueSpecification","valueRequired":true,"valueName":"search_term_string"}}],"inLanguage":"bs-BA"},{"@type":"Organization","@id":"https:\/\/tuzlainfo.ba\/#organization","name":"TuzlaInfo.ba","url":"https:\/\/tuzlainfo.ba\/","logo":{"@type":"ImageObject","inLanguage":"bs-BA","@id":"https:\/\/tuzlainfo.ba\/#\/schema\/logo\/image\/","url":"https:\/\/tuzlainfo.ba\/wp-content\/uploads\/2021\/03\/logo-ver-3-1.png","contentUrl":"https:\/\/tuzlainfo.ba\/wp-content\/uploads\/2021\/03\/logo-ver-3-1.png","width":350,"height":95,"caption":"TuzlaInfo.ba"},"image":{"@id":"https:\/\/tuzlainfo.ba\/#\/schema\/logo\/image\/"},"sameAs":["https:\/\/www.facebook.com\/tuzlainfo.ba\/"]},{"@type":"Person","@id":"https:\/\/tuzlainfo.ba\/#\/schema\/person\/46cad4c57790cbc50781edd14870825a","name":"Tuzla Info","image":{"@type":"ImageObject","inLanguage":"bs-BA","@id":"https:\/\/secure.gravatar.com\/avatar\/e980921b00fa2e552723a2386544734ce6885d2b2304ccca3f45186f9ca4031d?s=96&d=mm&r=g","url":"https:\/\/secure.gravatar.com\/avatar\/e980921b00fa2e552723a2386544734ce6885d2b2304ccca3f45186f9ca4031d?s=96&d=mm&r=g","contentUrl":"https:\/\/secure.gravatar.com\/avatar\/e980921b00fa2e552723a2386544734ce6885d2b2304ccca3f45186f9ca4031d?s=96&d=mm&r=g","caption":"Tuzla Info"}}]}},"_links":{"self":[{"href":"https:\/\/tuzlainfo.ba\/index.php\/wp-json\/wp\/v2\/posts\/243488","targetHints":{"allow":["GET"]}}],"collection":[{"href":"https:\/\/tuzlainfo.ba\/index.php\/wp-json\/wp\/v2\/posts"}],"about":[{"href":"https:\/\/tuzlainfo.ba\/index.php\/wp-json\/wp\/v2\/types\/post"}],"author":[{"embeddable":true,"href":"https:\/\/tuzlainfo.ba\/index.php\/wp-json\/wp\/v2\/users\/4"}],"replies":[{"embeddable":true,"href":"https:\/\/tuzlainfo.ba\/index.php\/wp-json\/wp\/v2\/comments?post=243488"}],"version-history":[{"count":1,"href":"https:\/\/tuzlainfo.ba\/index.php\/wp-json\/wp\/v2\/posts\/243488\/revisions"}],"predecessor-version":[{"id":243490,"href":"https:\/\/tuzlainfo.ba\/index.php\/wp-json\/wp\/v2\/posts\/243488\/revisions\/243490"}],"wp:featuredmedia":[{"embeddable":true,"href":"https:\/\/tuzlainfo.ba\/index.php\/wp-json\/wp\/v2\/media\/243489"}],"wp:attachment":[{"href":"https:\/\/tuzlainfo.ba\/index.php\/wp-json\/wp\/v2\/media?parent=243488"}],"wp:term":[{"taxonomy":"category","embeddable":true,"href":"https:\/\/tuzlainfo.ba\/index.php\/wp-json\/wp\/v2\/categories?post=243488"},{"taxonomy":"post_tag","embeddable":true,"href":"https:\/\/tuzlainfo.ba\/index.php\/wp-json\/wp\/v2\/tags?post=243488"}],"curies":[{"name":"wp","href":"https:\/\/api.w.org\/{rel}","templated":true}]}}