{"id":242559,"date":"2024-06-28T18:04:47","date_gmt":"2024-06-28T16:04:47","guid":{"rendered":"https:\/\/tuzlainfo.ba\/?p=242559"},"modified":"2024-06-28T14:57:40","modified_gmt":"2024-06-28T12:57:40","slug":"advokati-u-bih-od-augusta-najavljuju-strajk-u-postupcima-pred-sudom-bih","status":"publish","type":"post","link":"https:\/\/tuzlainfo.ba\/index.php\/novosti\/item\/242559-advokati-u-bih-od-augusta-najavljuju-strajk-u-postupcima-pred-sudom-bih\/","title":{"rendered":"Advokati u BiH od augusta najavljuju \u0161trajk u postupcima pred Sudom BiH"},"content":{"rendered":"<p>Advokatske komore Federacije i Republike Srpske uputile su dopis Sudu Bosne i Hercegovine u kojem tra\u017ee da se su\u0111enja u predmetima u kojima postupaju advokati po slu\u017ebenoj du\u017enosti zakazuju jednom mjese\u010dno, te da \u0107e u suprotnom odmah donijeti odluku o obustavljanju rada.<\/p>\n<p>Dopisom su upozorili i da \u0107e zauzeti zajedni\u010dki stav da advokati u potpunosti obustave rad na predmetima u kojima postupaju po slu\u017ebenoj du\u017enosti, ako\u00a0 se do augusta ne rije\u0161i pitanje isplate naknada braniocima po slu\u017ebenoj du\u017enosti.<\/p>\n<p>Komore su ovaj dopis poslale i Visokom sudskom i tu\u017eila\u010dkom vije\u0107u te Dr\u017eavnim ministarstvima finansija i pravde jer advokatima, zbog neusvajanja dr\u017eavnog bud\u017eeta, nisu ispla\u0107ene naknade ve\u0107 pola godine, o \u010demu je Detektor ranije pisao.<\/p>\n<p>&#8211; Predla\u017eemo da se pred Sudom BiH u svim predmetima u kojima postupaju branioci po slu\u017ebenoj du\u017enosti u narednom periodu zakazuje najvi\u0161e jedno ro\u010di\u0161te mjese\u010dno, a u pritvorskim predmetima najvi\u0161e dva ro\u010di\u0161ta mjese\u010dno. Ukoliko Sud BiH ne prihvati ovo prelazno rje\u0161enje, skup\u0161tine advokatskih komora \u0107e donijeti odluku da se odmah obustavi rad u svim predmetima u kojima postupaju branioci po slu\u017ebenoj du\u017enosti &#8211; navode u dopisu.<\/p>\n<p>Dalibor Mr\u0161a, predsjednik Advokatske komore Republike Srpske je za Detektor izjavio da je ovo prvi put da se na ovaj na\u010din obra\u0107aju Dr\u017eavnom sudu. Dodao je da jo\u0161 uvijek nisu dobili odgovor niti od jedne institucije kojoj su se obratili.<\/p>\n<p>&#8211; Sa\u010dekat \u0107emo u svakom slu\u010daju odgovore. Ako odgovora ne bude bilo, s 1. augustom mi bismo obustavili rad u toj vrsti predmeta &#8211; kazao je Mr\u0161a.<\/p>\n<p>Predsjednik Advokatske komore Federacije Bekir Gavrankapetanovi\u0107 pojasnio je da skup\u0161tine odre\u0111uju da li \u0107e biti \u0161trajk te da se ne\u0107e mo\u0107i voditi \u201cte\u0161ki\u201d postupci pred Sudom BiH, gdje je obavezna odbrana, ukoliko advokati odlu\u010de da ne rade.<\/p>\n<p>&#8211; Mi o\u010dekujemo da iska\u017eu malo po\u0161tovanja prema advokatskoj djelatnosti jer i advokati su ljudi koji trebaju da zarade, da li je njima plata uskra\u0107ena &#8211; poru\u010dio je Gavrankapetanovi\u0107.<\/p>\n<p>U dopisu se navodi i da advokati nisu uklju\u010deni u privremeno finansiranje koje podrazumijeva finansiranje na nivou prethodne godine. Dodali su da je Sud BiH mjesecima prolongirao dostavljanje naloga za pla\u0107anje, koji su izra\u0111eni u januaru i februaru, a advokatima dostavljeni tek u junu 2024.<\/p>\n<p>&#8211; O\u010digledno stvaraju\u0107i privid da ne postoje obaveze prema advokatima, a bud\u017eetska stavka za finansiranje odbrana po slu\u017ebenoj du\u017enosti je o\u010digledno izmijenjena i sredstva preusmjerena na finansiranje pove\u0107anja plata sudija i ostalih zaposlenih u Sudu BiH, \u0161to je nedopustivo &#8211; stoji u dopisu, kao i da ovo nije prvi put da bud\u017eet BiH nije usvojen na po\u010detku godine, ali je prvi put da su advokati u potpunosti isklju\u010deni iz finansiranja.<\/p>\n<p>Na su\u0111enju Borislavu Gligorevi\u0107u, optu\u017eenom za zlo\u010dine na podru\u010dju Zvornika, koje je odr\u017eano danas, predsjedavaju\u0107i Sudskog vije\u0107a Davorin Juki\u0107 je zakazao nastavak za 5. juli. Nakon \u0161to je branilac Dragoslav Peri\u0107 rekao da je od 1. jula mogu\u0107 \u0161trajk, sudija Juki\u0107 je naveo da je nastavak 5. jula ako ne bude \u0161trajka, javlja BIRN BiH.<\/p>\n","protected":false},"excerpt":{"rendered":"<p>Advokatske komore Federacije i Republike Srpske uputile su dopis Sudu Bosne i Hercegovine u kojem&hellip;<\/p>\n","protected":false},"author":4,"featured_media":80057,"comment_status":"closed","ping_status":"closed","sticky":false,"template":"","format":"standard","meta":{"_acf_changed":false,"footnotes":""},"categories":[12],"tags":[10445,320],"acf":[],"yoast_head":"<!-- This site is optimized with the Yoast SEO plugin v23.5 - https:\/\/yoast.com\/wordpress\/plugins\/seo\/ -->\n<title>Advokati u BiH od augusta najavljuju \u0161trajk u postupcima pred Sudom BiH - TuzlaInfo.ba<\/title>\n<meta name=\"robots\" content=\"index, follow, max-snippet:-1, max-image-preview:large, max-video-preview:-1\" \/>\n<link rel=\"canonical\" href=\"https:\/\/tuzlainfo.ba\/index.php\/novosti\/item\/242559-advokati-u-bih-od-augusta-najavljuju-strajk-u-postupcima-pred-sudom-bih\/\" \/>\n<meta property=\"og:locale\" content=\"bs_BA\" \/>\n<meta property=\"og:type\" content=\"article\" \/>\n<meta property=\"og:title\" content=\"Advokati u BiH od augusta najavljuju \u0161trajk u postupcima pred Sudom BiH - TuzlaInfo.ba\" \/>\n<meta property=\"og:description\" content=\"Advokatske komore Federacije i Republike Srpske uputile su dopis Sudu Bosne i Hercegovine u kojem&hellip;\" \/>\n<meta property=\"og:url\" content=\"https:\/\/tuzlainfo.ba\/index.php\/novosti\/item\/242559-advokati-u-bih-od-augusta-najavljuju-strajk-u-postupcima-pred-sudom-bih\/\" \/>\n<meta property=\"og:site_name\" content=\"TuzlaInfo.ba\" \/>\n<meta property=\"article:publisher\" content=\"https:\/\/www.facebook.com\/tuzlainfo.ba\/\" \/>\n<meta property=\"article:published_time\" content=\"2024-06-28T16:04:47+00:00\" \/>\n<meta property=\"article:modified_time\" content=\"2024-06-28T12:57:40+00:00\" \/>\n<meta property=\"og:image\" content=\"https:\/\/tuzlainfo.ba\/wp-content\/uploads\/2020\/06\/sadrzaj_2020_20200101_0101_2020_sud_bih.jpg\" \/>\n\t<meta property=\"og:image:width\" content=\"770\" \/>\n\t<meta property=\"og:image:height\" content=\"462\" \/>\n\t<meta property=\"og:image:type\" content=\"image\/jpeg\" \/>\n<meta name=\"author\" content=\"Tuzla Info\" \/>\n<meta name=\"twitter:card\" content=\"summary_large_image\" \/>\n<meta name=\"twitter:label1\" content=\"Written by\" \/>\n\t<meta name=\"twitter:data1\" content=\"Tuzla Info\" \/>\n\t<meta name=\"twitter:label2\" content=\"Est. reading time\" \/>\n\t<meta name=\"twitter:data2\" content=\"3 minute\" \/>\n<script type=\"application\/ld+json\" class=\"yoast-schema-graph\">{\"@context\":\"https:\/\/schema.org\",\"@graph\":[{\"@type\":\"Article\",\"@id\":\"https:\/\/tuzlainfo.ba\/index.php\/novosti\/item\/242559-advokati-u-bih-od-augusta-najavljuju-strajk-u-postupcima-pred-sudom-bih\/#article\",\"isPartOf\":{\"@id\":\"https:\/\/tuzlainfo.ba\/index.php\/novosti\/item\/242559-advokati-u-bih-od-augusta-najavljuju-strajk-u-postupcima-pred-sudom-bih\/\"},\"author\":{\"name\":\"Tuzla Info\",\"@id\":\"https:\/\/tuzlainfo.ba\/#\/schema\/person\/46cad4c57790cbc50781edd14870825a\"},\"headline\":\"Advokati u BiH od augusta najavljuju \u0161trajk u postupcima pred Sudom BiH\",\"datePublished\":\"2024-06-28T16:04:47+00:00\",\"dateModified\":\"2024-06-28T12:57:40+00:00\",\"mainEntityOfPage\":{\"@id\":\"https:\/\/tuzlainfo.ba\/index.php\/novosti\/item\/242559-advokati-u-bih-od-augusta-najavljuju-strajk-u-postupcima-pred-sudom-bih\/\"},\"wordCount\":561,\"publisher\":{\"@id\":\"https:\/\/tuzlainfo.ba\/#organization\"},\"image\":{\"@id\":\"https:\/\/tuzlainfo.ba\/index.php\/novosti\/item\/242559-advokati-u-bih-od-augusta-najavljuju-strajk-u-postupcima-pred-sudom-bih\/#primaryimage\"},\"thumbnailUrl\":\"https:\/\/tuzlainfo.ba\/wp-content\/uploads\/2020\/06\/sadrzaj_2020_20200101_0101_2020_sud_bih.jpg\",\"keywords\":[\"advokati\",\"protesti\"],\"articleSection\":[\"Novosti\"],\"inLanguage\":\"bs-BA\"},{\"@type\":\"WebPage\",\"@id\":\"https:\/\/tuzlainfo.ba\/index.php\/novosti\/item\/242559-advokati-u-bih-od-augusta-najavljuju-strajk-u-postupcima-pred-sudom-bih\/\",\"url\":\"https:\/\/tuzlainfo.ba\/index.php\/novosti\/item\/242559-advokati-u-bih-od-augusta-najavljuju-strajk-u-postupcima-pred-sudom-bih\/\",\"name\":\"Advokati u BiH od augusta najavljuju \u0161trajk u postupcima pred Sudom BiH - TuzlaInfo.ba\",\"isPartOf\":{\"@id\":\"https:\/\/tuzlainfo.ba\/#website\"},\"primaryImageOfPage\":{\"@id\":\"https:\/\/tuzlainfo.ba\/index.php\/novosti\/item\/242559-advokati-u-bih-od-augusta-najavljuju-strajk-u-postupcima-pred-sudom-bih\/#primaryimage\"},\"image\":{\"@id\":\"https:\/\/tuzlainfo.ba\/index.php\/novosti\/item\/242559-advokati-u-bih-od-augusta-najavljuju-strajk-u-postupcima-pred-sudom-bih\/#primaryimage\"},\"thumbnailUrl\":\"https:\/\/tuzlainfo.ba\/wp-content\/uploads\/2020\/06\/sadrzaj_2020_20200101_0101_2020_sud_bih.jpg\",\"datePublished\":\"2024-06-28T16:04:47+00:00\",\"dateModified\":\"2024-06-28T12:57:40+00:00\",\"breadcrumb\":{\"@id\":\"https:\/\/tuzlainfo.ba\/index.php\/novosti\/item\/242559-advokati-u-bih-od-augusta-najavljuju-strajk-u-postupcima-pred-sudom-bih\/#breadcrumb\"},\"inLanguage\":\"bs-BA\",\"potentialAction\":[{\"@type\":\"ReadAction\",\"target\":[\"https:\/\/tuzlainfo.ba\/index.php\/novosti\/item\/242559-advokati-u-bih-od-augusta-najavljuju-strajk-u-postupcima-pred-sudom-bih\/\"]}]},{\"@type\":\"ImageObject\",\"inLanguage\":\"bs-BA\",\"@id\":\"https:\/\/tuzlainfo.ba\/index.php\/novosti\/item\/242559-advokati-u-bih-od-augusta-najavljuju-strajk-u-postupcima-pred-sudom-bih\/#primaryimage\",\"url\":\"https:\/\/tuzlainfo.ba\/wp-content\/uploads\/2020\/06\/sadrzaj_2020_20200101_0101_2020_sud_bih.jpg\",\"contentUrl\":\"https:\/\/tuzlainfo.ba\/wp-content\/uploads\/2020\/06\/sadrzaj_2020_20200101_0101_2020_sud_bih.jpg\",\"width\":770,\"height\":462,\"caption\":\"0101 2020 sud bih\"},{\"@type\":\"BreadcrumbList\",\"@id\":\"https:\/\/tuzlainfo.ba\/index.php\/novosti\/item\/242559-advokati-u-bih-od-augusta-najavljuju-strajk-u-postupcima-pred-sudom-bih\/#breadcrumb\",\"itemListElement\":[{\"@type\":\"ListItem\",\"position\":1,\"name\":\"Home\",\"item\":\"https:\/\/tuzlainfo.ba\/\"},{\"@type\":\"ListItem\",\"position\":2,\"name\":\"Advokati u BiH od augusta najavljuju \u0161trajk u postupcima pred Sudom BiH\"}]},{\"@type\":\"WebSite\",\"@id\":\"https:\/\/tuzlainfo.ba\/#website\",\"url\":\"https:\/\/tuzlainfo.ba\/\",\"name\":\"TuzlaInfo.ba\",\"description\":\"Tuzla info, gradski informator - Tuzla na dlanu\",\"publisher\":{\"@id\":\"https:\/\/tuzlainfo.ba\/#organization\"},\"potentialAction\":[{\"@type\":\"SearchAction\",\"target\":{\"@type\":\"EntryPoint\",\"urlTemplate\":\"https:\/\/tuzlainfo.ba\/?s={search_term_string}\"},\"query-input\":{\"@type\":\"PropertyValueSpecification\",\"valueRequired\":true,\"valueName\":\"search_term_string\"}}],\"inLanguage\":\"bs-BA\"},{\"@type\":\"Organization\",\"@id\":\"https:\/\/tuzlainfo.ba\/#organization\",\"name\":\"TuzlaInfo.ba\",\"url\":\"https:\/\/tuzlainfo.ba\/\",\"logo\":{\"@type\":\"ImageObject\",\"inLanguage\":\"bs-BA\",\"@id\":\"https:\/\/tuzlainfo.ba\/#\/schema\/logo\/image\/\",\"url\":\"https:\/\/tuzlainfo.ba\/wp-content\/uploads\/2021\/03\/logo-ver-3-1.png\",\"contentUrl\":\"https:\/\/tuzlainfo.ba\/wp-content\/uploads\/2021\/03\/logo-ver-3-1.png\",\"width\":350,\"height\":95,\"caption\":\"TuzlaInfo.ba\"},\"image\":{\"@id\":\"https:\/\/tuzlainfo.ba\/#\/schema\/logo\/image\/\"},\"sameAs\":[\"https:\/\/www.facebook.com\/tuzlainfo.ba\/\"]},{\"@type\":\"Person\",\"@id\":\"https:\/\/tuzlainfo.ba\/#\/schema\/person\/46cad4c57790cbc50781edd14870825a\",\"name\":\"Tuzla Info\",\"image\":{\"@type\":\"ImageObject\",\"inLanguage\":\"bs-BA\",\"@id\":\"https:\/\/tuzlainfo.ba\/#\/schema\/person\/image\/\",\"url\":\"https:\/\/tuzlainfo.ba\/wp-content\/litespeed\/avatar\/b6c453a6c38e3654f2e4416c643fc25c.jpg?ver=1777051911\",\"contentUrl\":\"https:\/\/tuzlainfo.ba\/wp-content\/litespeed\/avatar\/b6c453a6c38e3654f2e4416c643fc25c.jpg?ver=1777051911\",\"caption\":\"Tuzla Info\"}}]}<\/script>\n<!-- \/ Yoast SEO plugin. -->","yoast_head_json":{"title":"Advokati u BiH od augusta najavljuju \u0161trajk u postupcima pred Sudom BiH - TuzlaInfo.ba","robots":{"index":"index","follow":"follow","max-snippet":"max-snippet:-1","max-image-preview":"max-image-preview:large","max-video-preview":"max-video-preview:-1"},"canonical":"https:\/\/tuzlainfo.ba\/index.php\/novosti\/item\/242559-advokati-u-bih-od-augusta-najavljuju-strajk-u-postupcima-pred-sudom-bih\/","og_locale":"bs_BA","og_type":"article","og_title":"Advokati u BiH od augusta najavljuju \u0161trajk u postupcima pred Sudom BiH - TuzlaInfo.ba","og_description":"Advokatske komore Federacije i Republike Srpske uputile su dopis Sudu Bosne i Hercegovine u kojem&hellip;","og_url":"https:\/\/tuzlainfo.ba\/index.php\/novosti\/item\/242559-advokati-u-bih-od-augusta-najavljuju-strajk-u-postupcima-pred-sudom-bih\/","og_site_name":"TuzlaInfo.ba","article_publisher":"https:\/\/www.facebook.com\/tuzlainfo.ba\/","article_published_time":"2024-06-28T16:04:47+00:00","article_modified_time":"2024-06-28T12:57:40+00:00","og_image":[{"width":770,"height":462,"url":"https:\/\/tuzlainfo.ba\/wp-content\/uploads\/2020\/06\/sadrzaj_2020_20200101_0101_2020_sud_bih.jpg","type":"image\/jpeg"}],"author":"Tuzla Info","twitter_card":"summary_large_image","twitter_misc":{"Written by":"Tuzla Info","Est. reading time":"3 minute"},"schema":{"@context":"https:\/\/schema.org","@graph":[{"@type":"Article","@id":"https:\/\/tuzlainfo.ba\/index.php\/novosti\/item\/242559-advokati-u-bih-od-augusta-najavljuju-strajk-u-postupcima-pred-sudom-bih\/#article","isPartOf":{"@id":"https:\/\/tuzlainfo.ba\/index.php\/novosti\/item\/242559-advokati-u-bih-od-augusta-najavljuju-strajk-u-postupcima-pred-sudom-bih\/"},"author":{"name":"Tuzla Info","@id":"https:\/\/tuzlainfo.ba\/#\/schema\/person\/46cad4c57790cbc50781edd14870825a"},"headline":"Advokati u BiH od augusta najavljuju \u0161trajk u postupcima pred Sudom BiH","datePublished":"2024-06-28T16:04:47+00:00","dateModified":"2024-06-28T12:57:40+00:00","mainEntityOfPage":{"@id":"https:\/\/tuzlainfo.ba\/index.php\/novosti\/item\/242559-advokati-u-bih-od-augusta-najavljuju-strajk-u-postupcima-pred-sudom-bih\/"},"wordCount":561,"publisher":{"@id":"https:\/\/tuzlainfo.ba\/#organization"},"image":{"@id":"https:\/\/tuzlainfo.ba\/index.php\/novosti\/item\/242559-advokati-u-bih-od-augusta-najavljuju-strajk-u-postupcima-pred-sudom-bih\/#primaryimage"},"thumbnailUrl":"https:\/\/tuzlainfo.ba\/wp-content\/uploads\/2020\/06\/sadrzaj_2020_20200101_0101_2020_sud_bih.jpg","keywords":["advokati","protesti"],"articleSection":["Novosti"],"inLanguage":"bs-BA"},{"@type":"WebPage","@id":"https:\/\/tuzlainfo.ba\/index.php\/novosti\/item\/242559-advokati-u-bih-od-augusta-najavljuju-strajk-u-postupcima-pred-sudom-bih\/","url":"https:\/\/tuzlainfo.ba\/index.php\/novosti\/item\/242559-advokati-u-bih-od-augusta-najavljuju-strajk-u-postupcima-pred-sudom-bih\/","name":"Advokati u BiH od augusta najavljuju \u0161trajk u postupcima pred Sudom BiH - TuzlaInfo.ba","isPartOf":{"@id":"https:\/\/tuzlainfo.ba\/#website"},"primaryImageOfPage":{"@id":"https:\/\/tuzlainfo.ba\/index.php\/novosti\/item\/242559-advokati-u-bih-od-augusta-najavljuju-strajk-u-postupcima-pred-sudom-bih\/#primaryimage"},"image":{"@id":"https:\/\/tuzlainfo.ba\/index.php\/novosti\/item\/242559-advokati-u-bih-od-augusta-najavljuju-strajk-u-postupcima-pred-sudom-bih\/#primaryimage"},"thumbnailUrl":"https:\/\/tuzlainfo.ba\/wp-content\/uploads\/2020\/06\/sadrzaj_2020_20200101_0101_2020_sud_bih.jpg","datePublished":"2024-06-28T16:04:47+00:00","dateModified":"2024-06-28T12:57:40+00:00","breadcrumb":{"@id":"https:\/\/tuzlainfo.ba\/index.php\/novosti\/item\/242559-advokati-u-bih-od-augusta-najavljuju-strajk-u-postupcima-pred-sudom-bih\/#breadcrumb"},"inLanguage":"bs-BA","potentialAction":[{"@type":"ReadAction","target":["https:\/\/tuzlainfo.ba\/index.php\/novosti\/item\/242559-advokati-u-bih-od-augusta-najavljuju-strajk-u-postupcima-pred-sudom-bih\/"]}]},{"@type":"ImageObject","inLanguage":"bs-BA","@id":"https:\/\/tuzlainfo.ba\/index.php\/novosti\/item\/242559-advokati-u-bih-od-augusta-najavljuju-strajk-u-postupcima-pred-sudom-bih\/#primaryimage","url":"https:\/\/tuzlainfo.ba\/wp-content\/uploads\/2020\/06\/sadrzaj_2020_20200101_0101_2020_sud_bih.jpg","contentUrl":"https:\/\/tuzlainfo.ba\/wp-content\/uploads\/2020\/06\/sadrzaj_2020_20200101_0101_2020_sud_bih.jpg","width":770,"height":462,"caption":"0101 2020 sud bih"},{"@type":"BreadcrumbList","@id":"https:\/\/tuzlainfo.ba\/index.php\/novosti\/item\/242559-advokati-u-bih-od-augusta-najavljuju-strajk-u-postupcima-pred-sudom-bih\/#breadcrumb","itemListElement":[{"@type":"ListItem","position":1,"name":"Home","item":"https:\/\/tuzlainfo.ba\/"},{"@type":"ListItem","position":2,"name":"Advokati u BiH od augusta najavljuju \u0161trajk u postupcima pred Sudom BiH"}]},{"@type":"WebSite","@id":"https:\/\/tuzlainfo.ba\/#website","url":"https:\/\/tuzlainfo.ba\/","name":"TuzlaInfo.ba","description":"Tuzla info, gradski informator - Tuzla na dlanu","publisher":{"@id":"https:\/\/tuzlainfo.ba\/#organization"},"potentialAction":[{"@type":"SearchAction","target":{"@type":"EntryPoint","urlTemplate":"https:\/\/tuzlainfo.ba\/?s={search_term_string}"},"query-input":{"@type":"PropertyValueSpecification","valueRequired":true,"valueName":"search_term_string"}}],"inLanguage":"bs-BA"},{"@type":"Organization","@id":"https:\/\/tuzlainfo.ba\/#organization","name":"TuzlaInfo.ba","url":"https:\/\/tuzlainfo.ba\/","logo":{"@type":"ImageObject","inLanguage":"bs-BA","@id":"https:\/\/tuzlainfo.ba\/#\/schema\/logo\/image\/","url":"https:\/\/tuzlainfo.ba\/wp-content\/uploads\/2021\/03\/logo-ver-3-1.png","contentUrl":"https:\/\/tuzlainfo.ba\/wp-content\/uploads\/2021\/03\/logo-ver-3-1.png","width":350,"height":95,"caption":"TuzlaInfo.ba"},"image":{"@id":"https:\/\/tuzlainfo.ba\/#\/schema\/logo\/image\/"},"sameAs":["https:\/\/www.facebook.com\/tuzlainfo.ba\/"]},{"@type":"Person","@id":"https:\/\/tuzlainfo.ba\/#\/schema\/person\/46cad4c57790cbc50781edd14870825a","name":"Tuzla Info","image":{"@type":"ImageObject","inLanguage":"bs-BA","@id":"https:\/\/tuzlainfo.ba\/#\/schema\/person\/image\/","url":"https:\/\/tuzlainfo.ba\/wp-content\/litespeed\/avatar\/b6c453a6c38e3654f2e4416c643fc25c.jpg?ver=1777051911","contentUrl":"https:\/\/tuzlainfo.ba\/wp-content\/litespeed\/avatar\/b6c453a6c38e3654f2e4416c643fc25c.jpg?ver=1777051911","caption":"Tuzla Info"}}]}},"_links":{"self":[{"href":"https:\/\/tuzlainfo.ba\/index.php\/wp-json\/wp\/v2\/posts\/242559"}],"collection":[{"href":"https:\/\/tuzlainfo.ba\/index.php\/wp-json\/wp\/v2\/posts"}],"about":[{"href":"https:\/\/tuzlainfo.ba\/index.php\/wp-json\/wp\/v2\/types\/post"}],"author":[{"embeddable":true,"href":"https:\/\/tuzlainfo.ba\/index.php\/wp-json\/wp\/v2\/users\/4"}],"replies":[{"embeddable":true,"href":"https:\/\/tuzlainfo.ba\/index.php\/wp-json\/wp\/v2\/comments?post=242559"}],"version-history":[{"count":1,"href":"https:\/\/tuzlainfo.ba\/index.php\/wp-json\/wp\/v2\/posts\/242559\/revisions"}],"predecessor-version":[{"id":242560,"href":"https:\/\/tuzlainfo.ba\/index.php\/wp-json\/wp\/v2\/posts\/242559\/revisions\/242560"}],"wp:featuredmedia":[{"embeddable":true,"href":"https:\/\/tuzlainfo.ba\/index.php\/wp-json\/wp\/v2\/media\/80057"}],"wp:attachment":[{"href":"https:\/\/tuzlainfo.ba\/index.php\/wp-json\/wp\/v2\/media?parent=242559"}],"wp:term":[{"taxonomy":"category","embeddable":true,"href":"https:\/\/tuzlainfo.ba\/index.php\/wp-json\/wp\/v2\/categories?post=242559"},{"taxonomy":"post_tag","embeddable":true,"href":"https:\/\/tuzlainfo.ba\/index.php\/wp-json\/wp\/v2\/tags?post=242559"}],"curies":[{"name":"wp","href":"https:\/\/api.w.org\/{rel}","templated":true}]}}