{"id":242547,"date":"2024-06-28T16:31:11","date_gmt":"2024-06-28T14:31:11","guid":{"rendered":"https:\/\/tuzlainfo.ba\/?p=242547"},"modified":"2024-06-28T12:46:08","modified_gmt":"2024-06-28T10:46:08","slug":"sds-ce-na-izborima-ipak-moci-ucestvovati-sa-ovim-imenom-stranke","status":"publish","type":"post","link":"https:\/\/tuzlainfo.ba\/index.php\/bosna-i-hercegovina\/item\/242547-sds-ce-na-izborima-ipak-moci-ucestvovati-sa-ovim-imenom-stranke\/","title":{"rendered":"SDS \u0107e na izborima ipak mo\u0107i u\u010destvovati sa ovim imenom stranke"},"content":{"rendered":"<p>Srpska demokratska stranka (SDS) mo\u017ee na izbore pod svojim imenom.<\/p>\n<p>Predsjednica Ustavnog suda Bosne i Hercegovine Seada Palavri\u0107 donijela je odluku o privremenoj mjeri i nalo\u017eila je Centralnoj izbornoj komisije (CIK) BiH da ovjeri u\u010de\u0161\u0107e SDS-u na izborima, pi\u0161e danas, 28. juna, portal Istraga.<\/p>\n<p>Podsjetimo, CIK je ranije na sjednici odbio ovjeriti Srpsku demokratsku stranku za u\u010de\u0161\u0107e na izborima i to zbog ra\u010duna za finansiranje kampanje.<\/p>\n<p>Naime, taj ra\u010dun, s obzirom na sankcije koje su izre\u010dene SDS-u, otvorilo je fizi\u010dko lice, me\u0111utim CIK to nije \u017eelio prihvatiti. SDS se potom \u017ealio Sudu BiH koji je to odbio, a tim su povodom potom uputili apelaciju Ustavnom sudu i zatra\u017eili privremenu mjeru koja je i donesena.<\/p>\n<p>Problem je bio u tome \u0161to SDS kao stranka ne mo\u017ee otvoriti taj ra\u010dun jer im banke to ne dozvoljavaju zbog sankcija SAD. Podsjetimo, lokalni izbori u Bosni i Hercegovini raspisani su za 6. oktobar 2024. godine, a gra\u0111ani \u0107e na njima birati lokalne vlasti &#8211; gradska i op\u0107inska vije\u0107a te (grado)na\u010delnike.<\/p>\n<p>Istovremeno se doznaje da \u0107e\u00a0Gradski odbor Srpske demokratske stranke (GO SDS) Banja Luka podr\u017eati kandidaturu Jelene Trivi\u0107, predsjednice Narodnog fronta, za gradona\u010delnicu Banje Luke.<\/p>\n<p>&nbsp;<\/p>\n<p>&nbsp;<\/p>\n","protected":false},"excerpt":{"rendered":"<p>Srpska demokratska stranka (SDS) mo\u017ee na izbore pod svojim imenom. Predsjednica Ustavnog suda Bosne i&hellip;<\/p>\n","protected":false},"author":3,"featured_media":140575,"comment_status":"closed","ping_status":"closed","sticky":false,"template":"","format":"standard","meta":{"_acf_changed":false,"footnotes":""},"categories":[291],"tags":[3007],"acf":[],"yoast_head":"<!-- This site is optimized with the Yoast SEO plugin v23.5 - https:\/\/yoast.com\/wordpress\/plugins\/seo\/ -->\n<title>SDS \u0107e na izborima ipak mo\u0107i u\u010destvovati sa ovim imenom stranke - TuzlaInfo.ba<\/title>\n<meta name=\"robots\" content=\"index, follow, max-snippet:-1, max-image-preview:large, max-video-preview:-1\" \/>\n<link rel=\"canonical\" href=\"https:\/\/tuzlainfo.ba\/index.php\/bosna-i-hercegovina\/item\/242547-sds-ce-na-izborima-ipak-moci-ucestvovati-sa-ovim-imenom-stranke\/\" \/>\n<meta property=\"og:locale\" content=\"bs_BA\" \/>\n<meta property=\"og:type\" content=\"article\" \/>\n<meta property=\"og:title\" content=\"SDS \u0107e na izborima ipak mo\u0107i u\u010destvovati sa ovim imenom stranke - TuzlaInfo.ba\" \/>\n<meta property=\"og:description\" content=\"Srpska demokratska stranka (SDS) mo\u017ee na izbore pod svojim imenom. Predsjednica Ustavnog suda Bosne i&hellip;\" \/>\n<meta property=\"og:url\" content=\"https:\/\/tuzlainfo.ba\/index.php\/bosna-i-hercegovina\/item\/242547-sds-ce-na-izborima-ipak-moci-ucestvovati-sa-ovim-imenom-stranke\/\" \/>\n<meta property=\"og:site_name\" content=\"TuzlaInfo.ba\" \/>\n<meta property=\"article:publisher\" content=\"https:\/\/www.facebook.com\/tuzlainfo.ba\/\" \/>\n<meta property=\"article:published_time\" content=\"2024-06-28T14:31:11+00:00\" \/>\n<meta property=\"article:modified_time\" content=\"2024-06-28T10:46:08+00:00\" \/>\n<meta property=\"og:image\" content=\"https:\/\/tuzlainfo.ba\/wp-content\/uploads\/2021\/06\/3006_aleksandra_pandurevic.jpg\" \/>\n\t<meta property=\"og:image:width\" content=\"793\" \/>\n\t<meta property=\"og:image:height\" content=\"586\" \/>\n\t<meta property=\"og:image:type\" content=\"image\/jpeg\" \/>\n<meta name=\"author\" content=\"admin2\" \/>\n<meta name=\"twitter:card\" content=\"summary_large_image\" \/>\n<meta name=\"twitter:label1\" content=\"Written by\" \/>\n\t<meta name=\"twitter:data1\" content=\"admin2\" \/>\n\t<meta name=\"twitter:label2\" content=\"Est. reading time\" \/>\n\t<meta name=\"twitter:data2\" content=\"2 minute\" \/>\n<script type=\"application\/ld+json\" class=\"yoast-schema-graph\">{\"@context\":\"https:\/\/schema.org\",\"@graph\":[{\"@type\":\"Article\",\"@id\":\"https:\/\/tuzlainfo.ba\/index.php\/bosna-i-hercegovina\/item\/242547-sds-ce-na-izborima-ipak-moci-ucestvovati-sa-ovim-imenom-stranke\/#article\",\"isPartOf\":{\"@id\":\"https:\/\/tuzlainfo.ba\/index.php\/bosna-i-hercegovina\/item\/242547-sds-ce-na-izborima-ipak-moci-ucestvovati-sa-ovim-imenom-stranke\/\"},\"author\":{\"name\":\"admin2\",\"@id\":\"https:\/\/tuzlainfo.ba\/#\/schema\/person\/f4ebe4fff27e68efb65fa7e18f8af372\"},\"headline\":\"SDS \u0107e na izborima ipak mo\u0107i u\u010destvovati sa ovim imenom stranke\",\"datePublished\":\"2024-06-28T14:31:11+00:00\",\"dateModified\":\"2024-06-28T10:46:08+00:00\",\"mainEntityOfPage\":{\"@id\":\"https:\/\/tuzlainfo.ba\/index.php\/bosna-i-hercegovina\/item\/242547-sds-ce-na-izborima-ipak-moci-ucestvovati-sa-ovim-imenom-stranke\/\"},\"wordCount\":225,\"publisher\":{\"@id\":\"https:\/\/tuzlainfo.ba\/#organization\"},\"image\":{\"@id\":\"https:\/\/tuzlainfo.ba\/index.php\/bosna-i-hercegovina\/item\/242547-sds-ce-na-izborima-ipak-moci-ucestvovati-sa-ovim-imenom-stranke\/#primaryimage\"},\"thumbnailUrl\":\"https:\/\/tuzlainfo.ba\/wp-content\/uploads\/2021\/06\/3006_aleksandra_pandurevic.jpg\",\"keywords\":[\"SDS\"],\"articleSection\":[\"Bosna i Hercegovina\"],\"inLanguage\":\"bs-BA\"},{\"@type\":\"WebPage\",\"@id\":\"https:\/\/tuzlainfo.ba\/index.php\/bosna-i-hercegovina\/item\/242547-sds-ce-na-izborima-ipak-moci-ucestvovati-sa-ovim-imenom-stranke\/\",\"url\":\"https:\/\/tuzlainfo.ba\/index.php\/bosna-i-hercegovina\/item\/242547-sds-ce-na-izborima-ipak-moci-ucestvovati-sa-ovim-imenom-stranke\/\",\"name\":\"SDS \u0107e na izborima ipak mo\u0107i u\u010destvovati sa ovim imenom stranke - TuzlaInfo.ba\",\"isPartOf\":{\"@id\":\"https:\/\/tuzlainfo.ba\/#website\"},\"primaryImageOfPage\":{\"@id\":\"https:\/\/tuzlainfo.ba\/index.php\/bosna-i-hercegovina\/item\/242547-sds-ce-na-izborima-ipak-moci-ucestvovati-sa-ovim-imenom-stranke\/#primaryimage\"},\"image\":{\"@id\":\"https:\/\/tuzlainfo.ba\/index.php\/bosna-i-hercegovina\/item\/242547-sds-ce-na-izborima-ipak-moci-ucestvovati-sa-ovim-imenom-stranke\/#primaryimage\"},\"thumbnailUrl\":\"https:\/\/tuzlainfo.ba\/wp-content\/uploads\/2021\/06\/3006_aleksandra_pandurevic.jpg\",\"datePublished\":\"2024-06-28T14:31:11+00:00\",\"dateModified\":\"2024-06-28T10:46:08+00:00\",\"breadcrumb\":{\"@id\":\"https:\/\/tuzlainfo.ba\/index.php\/bosna-i-hercegovina\/item\/242547-sds-ce-na-izborima-ipak-moci-ucestvovati-sa-ovim-imenom-stranke\/#breadcrumb\"},\"inLanguage\":\"bs-BA\",\"potentialAction\":[{\"@type\":\"ReadAction\",\"target\":[\"https:\/\/tuzlainfo.ba\/index.php\/bosna-i-hercegovina\/item\/242547-sds-ce-na-izborima-ipak-moci-ucestvovati-sa-ovim-imenom-stranke\/\"]}]},{\"@type\":\"ImageObject\",\"inLanguage\":\"bs-BA\",\"@id\":\"https:\/\/tuzlainfo.ba\/index.php\/bosna-i-hercegovina\/item\/242547-sds-ce-na-izborima-ipak-moci-ucestvovati-sa-ovim-imenom-stranke\/#primaryimage\",\"url\":\"https:\/\/tuzlainfo.ba\/wp-content\/uploads\/2021\/06\/3006_aleksandra_pandurevic.jpg\",\"contentUrl\":\"https:\/\/tuzlainfo.ba\/wp-content\/uploads\/2021\/06\/3006_aleksandra_pandurevic.jpg\",\"width\":793,\"height\":586},{\"@type\":\"BreadcrumbList\",\"@id\":\"https:\/\/tuzlainfo.ba\/index.php\/bosna-i-hercegovina\/item\/242547-sds-ce-na-izborima-ipak-moci-ucestvovati-sa-ovim-imenom-stranke\/#breadcrumb\",\"itemListElement\":[{\"@type\":\"ListItem\",\"position\":1,\"name\":\"Home\",\"item\":\"https:\/\/tuzlainfo.ba\/\"},{\"@type\":\"ListItem\",\"position\":2,\"name\":\"SDS \u0107e na izborima ipak mo\u0107i u\u010destvovati sa ovim imenom stranke\"}]},{\"@type\":\"WebSite\",\"@id\":\"https:\/\/tuzlainfo.ba\/#website\",\"url\":\"https:\/\/tuzlainfo.ba\/\",\"name\":\"TuzlaInfo.ba\",\"description\":\"Tuzla info, gradski informator - Tuzla na dlanu\",\"publisher\":{\"@id\":\"https:\/\/tuzlainfo.ba\/#organization\"},\"potentialAction\":[{\"@type\":\"SearchAction\",\"target\":{\"@type\":\"EntryPoint\",\"urlTemplate\":\"https:\/\/tuzlainfo.ba\/?s={search_term_string}\"},\"query-input\":{\"@type\":\"PropertyValueSpecification\",\"valueRequired\":true,\"valueName\":\"search_term_string\"}}],\"inLanguage\":\"bs-BA\"},{\"@type\":\"Organization\",\"@id\":\"https:\/\/tuzlainfo.ba\/#organization\",\"name\":\"TuzlaInfo.ba\",\"url\":\"https:\/\/tuzlainfo.ba\/\",\"logo\":{\"@type\":\"ImageObject\",\"inLanguage\":\"bs-BA\",\"@id\":\"https:\/\/tuzlainfo.ba\/#\/schema\/logo\/image\/\",\"url\":\"https:\/\/tuzlainfo.ba\/wp-content\/uploads\/2021\/03\/logo-ver-3-1.png\",\"contentUrl\":\"https:\/\/tuzlainfo.ba\/wp-content\/uploads\/2021\/03\/logo-ver-3-1.png\",\"width\":350,\"height\":95,\"caption\":\"TuzlaInfo.ba\"},\"image\":{\"@id\":\"https:\/\/tuzlainfo.ba\/#\/schema\/logo\/image\/\"},\"sameAs\":[\"https:\/\/www.facebook.com\/tuzlainfo.ba\/\"]},{\"@type\":\"Person\",\"@id\":\"https:\/\/tuzlainfo.ba\/#\/schema\/person\/f4ebe4fff27e68efb65fa7e18f8af372\",\"name\":\"admin2\",\"image\":{\"@type\":\"ImageObject\",\"inLanguage\":\"bs-BA\",\"@id\":\"https:\/\/tuzlainfo.ba\/#\/schema\/person\/image\/\",\"url\":\"https:\/\/tuzlainfo.ba\/wp-content\/litespeed\/avatar\/8219eeb9a43cff2d096e773737736f62.jpg?ver=1777309398\",\"contentUrl\":\"https:\/\/tuzlainfo.ba\/wp-content\/litespeed\/avatar\/8219eeb9a43cff2d096e773737736f62.jpg?ver=1777309398\",\"caption\":\"admin2\"},\"description\":\"Tuzlainfo.ba pratite na dru\u0161tvenim mre\u017eama: Facebook, Instagram i Youtube. Svoje pri\u010de, upite i fotografije \u0161aljite na na\u0161u e-mail adresu.\",\"sameAs\":[\"admin\"]}]}<\/script>\n<!-- \/ Yoast SEO plugin. -->","yoast_head_json":{"title":"SDS \u0107e na izborima ipak mo\u0107i u\u010destvovati sa ovim imenom stranke - TuzlaInfo.ba","robots":{"index":"index","follow":"follow","max-snippet":"max-snippet:-1","max-image-preview":"max-image-preview:large","max-video-preview":"max-video-preview:-1"},"canonical":"https:\/\/tuzlainfo.ba\/index.php\/bosna-i-hercegovina\/item\/242547-sds-ce-na-izborima-ipak-moci-ucestvovati-sa-ovim-imenom-stranke\/","og_locale":"bs_BA","og_type":"article","og_title":"SDS \u0107e na izborima ipak mo\u0107i u\u010destvovati sa ovim imenom stranke - TuzlaInfo.ba","og_description":"Srpska demokratska stranka (SDS) mo\u017ee na izbore pod svojim imenom. Predsjednica Ustavnog suda Bosne i&hellip;","og_url":"https:\/\/tuzlainfo.ba\/index.php\/bosna-i-hercegovina\/item\/242547-sds-ce-na-izborima-ipak-moci-ucestvovati-sa-ovim-imenom-stranke\/","og_site_name":"TuzlaInfo.ba","article_publisher":"https:\/\/www.facebook.com\/tuzlainfo.ba\/","article_published_time":"2024-06-28T14:31:11+00:00","article_modified_time":"2024-06-28T10:46:08+00:00","og_image":[{"width":793,"height":586,"url":"https:\/\/tuzlainfo.ba\/wp-content\/uploads\/2021\/06\/3006_aleksandra_pandurevic.jpg","type":"image\/jpeg"}],"author":"admin2","twitter_card":"summary_large_image","twitter_misc":{"Written by":"admin2","Est. reading time":"2 minute"},"schema":{"@context":"https:\/\/schema.org","@graph":[{"@type":"Article","@id":"https:\/\/tuzlainfo.ba\/index.php\/bosna-i-hercegovina\/item\/242547-sds-ce-na-izborima-ipak-moci-ucestvovati-sa-ovim-imenom-stranke\/#article","isPartOf":{"@id":"https:\/\/tuzlainfo.ba\/index.php\/bosna-i-hercegovina\/item\/242547-sds-ce-na-izborima-ipak-moci-ucestvovati-sa-ovim-imenom-stranke\/"},"author":{"name":"admin2","@id":"https:\/\/tuzlainfo.ba\/#\/schema\/person\/f4ebe4fff27e68efb65fa7e18f8af372"},"headline":"SDS \u0107e na izborima ipak mo\u0107i u\u010destvovati sa ovim imenom stranke","datePublished":"2024-06-28T14:31:11+00:00","dateModified":"2024-06-28T10:46:08+00:00","mainEntityOfPage":{"@id":"https:\/\/tuzlainfo.ba\/index.php\/bosna-i-hercegovina\/item\/242547-sds-ce-na-izborima-ipak-moci-ucestvovati-sa-ovim-imenom-stranke\/"},"wordCount":225,"publisher":{"@id":"https:\/\/tuzlainfo.ba\/#organization"},"image":{"@id":"https:\/\/tuzlainfo.ba\/index.php\/bosna-i-hercegovina\/item\/242547-sds-ce-na-izborima-ipak-moci-ucestvovati-sa-ovim-imenom-stranke\/#primaryimage"},"thumbnailUrl":"https:\/\/tuzlainfo.ba\/wp-content\/uploads\/2021\/06\/3006_aleksandra_pandurevic.jpg","keywords":["SDS"],"articleSection":["Bosna i Hercegovina"],"inLanguage":"bs-BA"},{"@type":"WebPage","@id":"https:\/\/tuzlainfo.ba\/index.php\/bosna-i-hercegovina\/item\/242547-sds-ce-na-izborima-ipak-moci-ucestvovati-sa-ovim-imenom-stranke\/","url":"https:\/\/tuzlainfo.ba\/index.php\/bosna-i-hercegovina\/item\/242547-sds-ce-na-izborima-ipak-moci-ucestvovati-sa-ovim-imenom-stranke\/","name":"SDS \u0107e na izborima ipak mo\u0107i u\u010destvovati sa ovim imenom stranke - TuzlaInfo.ba","isPartOf":{"@id":"https:\/\/tuzlainfo.ba\/#website"},"primaryImageOfPage":{"@id":"https:\/\/tuzlainfo.ba\/index.php\/bosna-i-hercegovina\/item\/242547-sds-ce-na-izborima-ipak-moci-ucestvovati-sa-ovim-imenom-stranke\/#primaryimage"},"image":{"@id":"https:\/\/tuzlainfo.ba\/index.php\/bosna-i-hercegovina\/item\/242547-sds-ce-na-izborima-ipak-moci-ucestvovati-sa-ovim-imenom-stranke\/#primaryimage"},"thumbnailUrl":"https:\/\/tuzlainfo.ba\/wp-content\/uploads\/2021\/06\/3006_aleksandra_pandurevic.jpg","datePublished":"2024-06-28T14:31:11+00:00","dateModified":"2024-06-28T10:46:08+00:00","breadcrumb":{"@id":"https:\/\/tuzlainfo.ba\/index.php\/bosna-i-hercegovina\/item\/242547-sds-ce-na-izborima-ipak-moci-ucestvovati-sa-ovim-imenom-stranke\/#breadcrumb"},"inLanguage":"bs-BA","potentialAction":[{"@type":"ReadAction","target":["https:\/\/tuzlainfo.ba\/index.php\/bosna-i-hercegovina\/item\/242547-sds-ce-na-izborima-ipak-moci-ucestvovati-sa-ovim-imenom-stranke\/"]}]},{"@type":"ImageObject","inLanguage":"bs-BA","@id":"https:\/\/tuzlainfo.ba\/index.php\/bosna-i-hercegovina\/item\/242547-sds-ce-na-izborima-ipak-moci-ucestvovati-sa-ovim-imenom-stranke\/#primaryimage","url":"https:\/\/tuzlainfo.ba\/wp-content\/uploads\/2021\/06\/3006_aleksandra_pandurevic.jpg","contentUrl":"https:\/\/tuzlainfo.ba\/wp-content\/uploads\/2021\/06\/3006_aleksandra_pandurevic.jpg","width":793,"height":586},{"@type":"BreadcrumbList","@id":"https:\/\/tuzlainfo.ba\/index.php\/bosna-i-hercegovina\/item\/242547-sds-ce-na-izborima-ipak-moci-ucestvovati-sa-ovim-imenom-stranke\/#breadcrumb","itemListElement":[{"@type":"ListItem","position":1,"name":"Home","item":"https:\/\/tuzlainfo.ba\/"},{"@type":"ListItem","position":2,"name":"SDS \u0107e na izborima ipak mo\u0107i u\u010destvovati sa ovim imenom stranke"}]},{"@type":"WebSite","@id":"https:\/\/tuzlainfo.ba\/#website","url":"https:\/\/tuzlainfo.ba\/","name":"TuzlaInfo.ba","description":"Tuzla info, gradski informator - Tuzla na dlanu","publisher":{"@id":"https:\/\/tuzlainfo.ba\/#organization"},"potentialAction":[{"@type":"SearchAction","target":{"@type":"EntryPoint","urlTemplate":"https:\/\/tuzlainfo.ba\/?s={search_term_string}"},"query-input":{"@type":"PropertyValueSpecification","valueRequired":true,"valueName":"search_term_string"}}],"inLanguage":"bs-BA"},{"@type":"Organization","@id":"https:\/\/tuzlainfo.ba\/#organization","name":"TuzlaInfo.ba","url":"https:\/\/tuzlainfo.ba\/","logo":{"@type":"ImageObject","inLanguage":"bs-BA","@id":"https:\/\/tuzlainfo.ba\/#\/schema\/logo\/image\/","url":"https:\/\/tuzlainfo.ba\/wp-content\/uploads\/2021\/03\/logo-ver-3-1.png","contentUrl":"https:\/\/tuzlainfo.ba\/wp-content\/uploads\/2021\/03\/logo-ver-3-1.png","width":350,"height":95,"caption":"TuzlaInfo.ba"},"image":{"@id":"https:\/\/tuzlainfo.ba\/#\/schema\/logo\/image\/"},"sameAs":["https:\/\/www.facebook.com\/tuzlainfo.ba\/"]},{"@type":"Person","@id":"https:\/\/tuzlainfo.ba\/#\/schema\/person\/f4ebe4fff27e68efb65fa7e18f8af372","name":"admin2","image":{"@type":"ImageObject","inLanguage":"bs-BA","@id":"https:\/\/tuzlainfo.ba\/#\/schema\/person\/image\/","url":"https:\/\/tuzlainfo.ba\/wp-content\/litespeed\/avatar\/8219eeb9a43cff2d096e773737736f62.jpg?ver=1777309398","contentUrl":"https:\/\/tuzlainfo.ba\/wp-content\/litespeed\/avatar\/8219eeb9a43cff2d096e773737736f62.jpg?ver=1777309398","caption":"admin2"},"description":"Tuzlainfo.ba pratite na dru\u0161tvenim mre\u017eama: Facebook, Instagram i Youtube. Svoje pri\u010de, upite i fotografije \u0161aljite na na\u0161u e-mail adresu.","sameAs":["admin"]}]}},"_links":{"self":[{"href":"https:\/\/tuzlainfo.ba\/index.php\/wp-json\/wp\/v2\/posts\/242547"}],"collection":[{"href":"https:\/\/tuzlainfo.ba\/index.php\/wp-json\/wp\/v2\/posts"}],"about":[{"href":"https:\/\/tuzlainfo.ba\/index.php\/wp-json\/wp\/v2\/types\/post"}],"author":[{"embeddable":true,"href":"https:\/\/tuzlainfo.ba\/index.php\/wp-json\/wp\/v2\/users\/3"}],"replies":[{"embeddable":true,"href":"https:\/\/tuzlainfo.ba\/index.php\/wp-json\/wp\/v2\/comments?post=242547"}],"version-history":[{"count":1,"href":"https:\/\/tuzlainfo.ba\/index.php\/wp-json\/wp\/v2\/posts\/242547\/revisions"}],"predecessor-version":[{"id":242548,"href":"https:\/\/tuzlainfo.ba\/index.php\/wp-json\/wp\/v2\/posts\/242547\/revisions\/242548"}],"wp:featuredmedia":[{"embeddable":true,"href":"https:\/\/tuzlainfo.ba\/index.php\/wp-json\/wp\/v2\/media\/140575"}],"wp:attachment":[{"href":"https:\/\/tuzlainfo.ba\/index.php\/wp-json\/wp\/v2\/media?parent=242547"}],"wp:term":[{"taxonomy":"category","embeddable":true,"href":"https:\/\/tuzlainfo.ba\/index.php\/wp-json\/wp\/v2\/categories?post=242547"},{"taxonomy":"post_tag","embeddable":true,"href":"https:\/\/tuzlainfo.ba\/index.php\/wp-json\/wp\/v2\/tags?post=242547"}],"curies":[{"name":"wp","href":"https:\/\/api.w.org\/{rel}","templated":true}]}}