{"id":242267,"date":"2024-06-25T20:08:19","date_gmt":"2024-06-25T18:08:19","guid":{"rendered":"https:\/\/tuzlainfo.ba\/?p=242267"},"modified":"2024-06-25T20:19:42","modified_gmt":"2024-06-25T18:19:42","slug":"2x-video-ulicni-fotograf-iz-ukrajine-odusevio-tuzlake-svi-zele-izaci-u-novinama","status":"publish","type":"post","link":"https:\/\/tuzlainfo.ba\/index.php\/novosti\/item\/242267-2x-video-ulicni-fotograf-iz-ukrajine-odusevio-tuzlake-svi-zele-izaci-u-novinama\/","title":{"rendered":"VIDEO \/ Uli\u010dni fotograf iz Ukrajine odu\u0161evio Tuzlake, svi \u017eele &#8220;iza\u0107i u novinama&#8221;"},"content":{"rendered":"<p>U Tuzli od danas vlada prava pomama za fotografijama &#8220;obi\u010dnih gra\u0111ana&#8221; koje iza\u0111u u novinama.<\/p>\n<p>Naime, nije rije\u010d o pravim novinama, ali zaista se radi o zanimljivom hobiju mladog Ukrajinca, koji fotografi\u0161u\u0107i prolaznike, koji to \u017eele, izra\u0111uje fotografiju na papiru koji je dizajniran kao list novina.<\/p>\n<p>Na listu novina, osim va\u0161e fotografije, prona\u0107i \u0107ete i tekst sa historijskim \u010dinjenicama o Tuzli, \u0161to ovu razglednicu \u010dini jo\u0161 zanimljivijom.<\/p>\n<p>Ekipa Tuzlainfo portala je posjetila mladog Ukrajinca \u017eele\u0107i saznati kako je do\u0161ao u Tuzlu.<\/p>\n<p>Ovaj mladi\u0107 zove se Roman Huzar i ro\u0111en je u mjestu Lavov u Ukrajini. Iz ove zemlje je oti\u0161ao odmah na po\u010detku rata i to kao maloljetnik. Ubrzo je do\u0161ao u BiH i do sada je boravio u vi\u0161e gradova u na\u0161oj zemlji, a sada je do\u0161ao i u Tuzlu, \u017eele\u0107i upoznati grad i ljude.<\/p>\n<div id=\"penci-post-gallery__38185\" class=\"penci-post-gallery-container masonry grid column-2\" data-height=\"150\" data-margin=\"3\"><div class=\"inner-gallery-masonry-container\"><div class=\"item-gallery-masonry grid\"><a class=\"\" href=\"https:\/\/tuzlainfo.ba\/wp-content\/uploads\/2024\/06\/2506_foto_novine_ukraj.jpg\"><div class=\"inner-item-masonry-gallery\"><img decoding=\"async\" src=\"https:\/\/tuzlainfo.ba\/wp-content\/uploads\/2024\/06\/2506_foto_novine_ukraj-585x390.jpg\" alt=\"\" title=\"2506_foto_novine_ukraj\"><\/div><\/a><\/div><div class=\"item-gallery-masonry grid\"><a class=\"\" href=\"https:\/\/tuzlainfo.ba\/wp-content\/uploads\/2024\/06\/2506_foto_novine_ukraj_2.jpg\"><div class=\"inner-item-masonry-gallery\"><img decoding=\"async\" src=\"https:\/\/tuzlainfo.ba\/wp-content\/uploads\/2024\/06\/2506_foto_novine_ukraj_2-585x390.jpg\" alt=\"\" title=\"2506_foto_novine_ukraj_2\"><\/div><\/a><\/div><div class=\"item-gallery-masonry grid\"><a class=\"\" href=\"https:\/\/tuzlainfo.ba\/wp-content\/uploads\/2024\/06\/2506_foto_novine_ukraj_3.jpg\"><div class=\"inner-item-masonry-gallery\"><img decoding=\"async\" src=\"https:\/\/tuzlainfo.ba\/wp-content\/uploads\/2024\/06\/2506_foto_novine_ukraj_3-585x390.jpg\" alt=\"\" title=\"2506_foto_novine_ukraj_3\"><\/div><\/a><\/div><div class=\"item-gallery-masonry grid\"><a class=\"\" href=\"https:\/\/tuzlainfo.ba\/wp-content\/uploads\/2024\/06\/2506_foto_novine_ukraj_4.jpg\"><div class=\"inner-item-masonry-gallery\"><img decoding=\"async\" src=\"https:\/\/tuzlainfo.ba\/wp-content\/uploads\/2024\/06\/2506_foto_novine_ukraj_4-585x390.jpg\" alt=\"\" title=\"2506_foto_novine_ukraj_4\"><\/div><\/a><\/div><\/div><\/div>\n<p>S obzirom da mu je novac bio neophodan, do\u0161ao je na ideju da nabavi aparat i \u0161tampa\u010d, te fotografije izra\u0111uje na listu novina. Ova ideja pokazala se efikasnom, pa je Roman tako krenuo obilaziti bh. gradove i zara\u0111ivati za \u017eivot.<\/p>\n<p>&#8220;Sada sam u Tuzli i jako mi se svi\u0111a i grad i ljudi. Do\u0161ao sam ovdje u potrazi za sre\u0107nim ljudima \u010diji sre\u0107u preto\u010davam u fotografije&#8221; &#8211; kazao je Roman.<\/p>\n<div style=\"width: 640px;\" class=\"wp-video\"><!--[if lt IE 9]><script>document.createElement('video');<\/script><![endif]-->\n<video class=\"wp-video-shortcode\" id=\"video-242267-1\" width=\"640\" height=\"368\" preload=\"metadata\" controls=\"controls\"><source type=\"video\/mp4\" src=\"https:\/\/tuzlainfo.ba\/wp-content\/uploads\/2024\/06\/988831dc-3026-479a-9dd2-404bf538d2e6.mp4?_=1\" \/><a href=\"https:\/\/tuzlainfo.ba\/wp-content\/uploads\/2024\/06\/988831dc-3026-479a-9dd2-404bf538d2e6.mp4\">https:\/\/tuzlainfo.ba\/wp-content\/uploads\/2024\/06\/988831dc-3026-479a-9dd2-404bf538d2e6.mp4<\/a><\/video><\/div>\n<p>Zanimljivo je i \u0161to Roman nema definisanu cijenu za ove zanimljive fotografije. Odlu\u010dio je da mu ljudi koji stanu i fotografi\u0161u se daju onoliko novca koliko smatraju da treba.<\/p>\n<p>Roman nam je kazao da \u0107e u Tuzli sigurno boraviti narednih mjesec dana. Zainteresovani ga mogu prona\u0107i kod \u010duvenog sata, preko puta ulaza u Gradski park. <strong>\/S.P.\/<\/strong><\/p>\n","protected":false},"excerpt":{"rendered":"<p>U Tuzli od danas vlada prava pomama za fotografijama &#8220;obi\u010dnih gra\u0111ana&#8221; koje iza\u0111u u novinama.&hellip;<\/p>\n","protected":false},"author":2,"featured_media":242276,"comment_status":"closed","ping_status":"closed","sticky":false,"template":"","format":"standard","meta":{"_acf_changed":false,"footnotes":""},"categories":[304,12,306],"tags":[10431,42,3347],"acf":[],"yoast_head":"<!-- This site is optimized with the Yoast SEO plugin v23.5 - https:\/\/yoast.com\/wordpress\/plugins\/seo\/ -->\n<title>VIDEO \/ Uli\u010dni fotograf iz Ukrajine odu\u0161evio Tuzlake, svi \u017eele &quot;iza\u0107i u novinama&quot; - TuzlaInfo.ba<\/title>\n<meta name=\"robots\" content=\"index, follow, max-snippet:-1, max-image-preview:large, max-video-preview:-1\" \/>\n<link rel=\"canonical\" href=\"https:\/\/tuzlainfo.ba\/index.php\/novosti\/item\/242267-2x-video-ulicni-fotograf-iz-ukrajine-odusevio-tuzlake-svi-zele-izaci-u-novinama\/\" \/>\n<meta property=\"og:locale\" content=\"bs_BA\" \/>\n<meta property=\"og:type\" content=\"article\" \/>\n<meta property=\"og:title\" content=\"VIDEO \/ Uli\u010dni fotograf iz Ukrajine odu\u0161evio Tuzlake, svi \u017eele &quot;iza\u0107i u novinama&quot; - TuzlaInfo.ba\" \/>\n<meta property=\"og:description\" content=\"U Tuzli od danas vlada prava pomama za fotografijama &#8220;obi\u010dnih gra\u0111ana&#8221; koje iza\u0111u u novinama.&hellip;\" \/>\n<meta property=\"og:url\" content=\"https:\/\/tuzlainfo.ba\/index.php\/novosti\/item\/242267-2x-video-ulicni-fotograf-iz-ukrajine-odusevio-tuzlake-svi-zele-izaci-u-novinama\/\" \/>\n<meta property=\"og:site_name\" content=\"TuzlaInfo.ba\" \/>\n<meta property=\"article:publisher\" content=\"https:\/\/www.facebook.com\/tuzlainfo.ba\/\" \/>\n<meta property=\"article:published_time\" content=\"2024-06-25T18:08:19+00:00\" \/>\n<meta property=\"article:modified_time\" content=\"2024-06-25T18:19:42+00:00\" \/>\n<meta property=\"og:image\" content=\"https:\/\/tuzlainfo.ba\/wp-content\/uploads\/2024\/06\/2506_foto_novine_ukraj_5.jpg\" \/>\n\t<meta property=\"og:image:width\" content=\"843\" \/>\n\t<meta property=\"og:image:height\" content=\"481\" \/>\n\t<meta property=\"og:image:type\" content=\"image\/jpeg\" \/>\n<meta name=\"author\" content=\"nedim\" \/>\n<meta name=\"twitter:card\" content=\"summary_large_image\" \/>\n<meta name=\"twitter:label1\" content=\"Written by\" \/>\n\t<meta name=\"twitter:data1\" content=\"nedim\" \/>\n\t<meta name=\"twitter:label2\" content=\"Est. reading time\" \/>\n\t<meta name=\"twitter:data2\" content=\"2 minute\" \/>\n<script type=\"application\/ld+json\" class=\"yoast-schema-graph\">{\"@context\":\"https:\/\/schema.org\",\"@graph\":[{\"@type\":\"Article\",\"@id\":\"https:\/\/tuzlainfo.ba\/index.php\/novosti\/item\/242267-2x-video-ulicni-fotograf-iz-ukrajine-odusevio-tuzlake-svi-zele-izaci-u-novinama\/#article\",\"isPartOf\":{\"@id\":\"https:\/\/tuzlainfo.ba\/index.php\/novosti\/item\/242267-2x-video-ulicni-fotograf-iz-ukrajine-odusevio-tuzlake-svi-zele-izaci-u-novinama\/\"},\"author\":{\"name\":\"nedim\",\"@id\":\"https:\/\/tuzlainfo.ba\/#\/schema\/person\/f434e20dc27ea133923aab08451b7f7f\"},\"headline\":\"VIDEO \/ Uli\u010dni fotograf iz Ukrajine odu\u0161evio Tuzlake, svi \u017eele &#8220;iza\u0107i u novinama&#8221;\",\"datePublished\":\"2024-06-25T18:08:19+00:00\",\"dateModified\":\"2024-06-25T18:19:42+00:00\",\"mainEntityOfPage\":{\"@id\":\"https:\/\/tuzlainfo.ba\/index.php\/novosti\/item\/242267-2x-video-ulicni-fotograf-iz-ukrajine-odusevio-tuzlake-svi-zele-izaci-u-novinama\/\"},\"wordCount\":331,\"publisher\":{\"@id\":\"https:\/\/tuzlainfo.ba\/#organization\"},\"image\":{\"@id\":\"https:\/\/tuzlainfo.ba\/index.php\/novosti\/item\/242267-2x-video-ulicni-fotograf-iz-ukrajine-odusevio-tuzlake-svi-zele-izaci-u-novinama\/#primaryimage\"},\"thumbnailUrl\":\"https:\/\/tuzlainfo.ba\/wp-content\/uploads\/2024\/06\/2506_foto_novine_ukraj_5.jpg\",\"keywords\":[\"roman huzar\",\"tuzla\",\"Ukrajina\"],\"articleSection\":[\"Istaknuto\",\"Novosti\",\"Preporu\u010dujemo\"],\"inLanguage\":\"bs-BA\"},{\"@type\":\"WebPage\",\"@id\":\"https:\/\/tuzlainfo.ba\/index.php\/novosti\/item\/242267-2x-video-ulicni-fotograf-iz-ukrajine-odusevio-tuzlake-svi-zele-izaci-u-novinama\/\",\"url\":\"https:\/\/tuzlainfo.ba\/index.php\/novosti\/item\/242267-2x-video-ulicni-fotograf-iz-ukrajine-odusevio-tuzlake-svi-zele-izaci-u-novinama\/\",\"name\":\"VIDEO \/ Uli\u010dni fotograf iz Ukrajine odu\u0161evio Tuzlake, svi \u017eele \\\"iza\u0107i u novinama\\\" - TuzlaInfo.ba\",\"isPartOf\":{\"@id\":\"https:\/\/tuzlainfo.ba\/#website\"},\"primaryImageOfPage\":{\"@id\":\"https:\/\/tuzlainfo.ba\/index.php\/novosti\/item\/242267-2x-video-ulicni-fotograf-iz-ukrajine-odusevio-tuzlake-svi-zele-izaci-u-novinama\/#primaryimage\"},\"image\":{\"@id\":\"https:\/\/tuzlainfo.ba\/index.php\/novosti\/item\/242267-2x-video-ulicni-fotograf-iz-ukrajine-odusevio-tuzlake-svi-zele-izaci-u-novinama\/#primaryimage\"},\"thumbnailUrl\":\"https:\/\/tuzlainfo.ba\/wp-content\/uploads\/2024\/06\/2506_foto_novine_ukraj_5.jpg\",\"datePublished\":\"2024-06-25T18:08:19+00:00\",\"dateModified\":\"2024-06-25T18:19:42+00:00\",\"breadcrumb\":{\"@id\":\"https:\/\/tuzlainfo.ba\/index.php\/novosti\/item\/242267-2x-video-ulicni-fotograf-iz-ukrajine-odusevio-tuzlake-svi-zele-izaci-u-novinama\/#breadcrumb\"},\"inLanguage\":\"bs-BA\",\"potentialAction\":[{\"@type\":\"ReadAction\",\"target\":[\"https:\/\/tuzlainfo.ba\/index.php\/novosti\/item\/242267-2x-video-ulicni-fotograf-iz-ukrajine-odusevio-tuzlake-svi-zele-izaci-u-novinama\/\"]}]},{\"@type\":\"ImageObject\",\"inLanguage\":\"bs-BA\",\"@id\":\"https:\/\/tuzlainfo.ba\/index.php\/novosti\/item\/242267-2x-video-ulicni-fotograf-iz-ukrajine-odusevio-tuzlake-svi-zele-izaci-u-novinama\/#primaryimage\",\"url\":\"https:\/\/tuzlainfo.ba\/wp-content\/uploads\/2024\/06\/2506_foto_novine_ukraj_5.jpg\",\"contentUrl\":\"https:\/\/tuzlainfo.ba\/wp-content\/uploads\/2024\/06\/2506_foto_novine_ukraj_5.jpg\",\"width\":843,\"height\":481},{\"@type\":\"BreadcrumbList\",\"@id\":\"https:\/\/tuzlainfo.ba\/index.php\/novosti\/item\/242267-2x-video-ulicni-fotograf-iz-ukrajine-odusevio-tuzlake-svi-zele-izaci-u-novinama\/#breadcrumb\",\"itemListElement\":[{\"@type\":\"ListItem\",\"position\":1,\"name\":\"Home\",\"item\":\"https:\/\/tuzlainfo.ba\/\"},{\"@type\":\"ListItem\",\"position\":2,\"name\":\"VIDEO \/ Uli\u010dni fotograf iz Ukrajine odu\u0161evio Tuzlake, svi \u017eele &#8220;iza\u0107i u novinama&#8221;\"}]},{\"@type\":\"WebSite\",\"@id\":\"https:\/\/tuzlainfo.ba\/#website\",\"url\":\"https:\/\/tuzlainfo.ba\/\",\"name\":\"TuzlaInfo.ba\",\"description\":\"Tuzla info, gradski informator - Tuzla na dlanu\",\"publisher\":{\"@id\":\"https:\/\/tuzlainfo.ba\/#organization\"},\"potentialAction\":[{\"@type\":\"SearchAction\",\"target\":{\"@type\":\"EntryPoint\",\"urlTemplate\":\"https:\/\/tuzlainfo.ba\/?s={search_term_string}\"},\"query-input\":{\"@type\":\"PropertyValueSpecification\",\"valueRequired\":true,\"valueName\":\"search_term_string\"}}],\"inLanguage\":\"bs-BA\"},{\"@type\":\"Organization\",\"@id\":\"https:\/\/tuzlainfo.ba\/#organization\",\"name\":\"TuzlaInfo.ba\",\"url\":\"https:\/\/tuzlainfo.ba\/\",\"logo\":{\"@type\":\"ImageObject\",\"inLanguage\":\"bs-BA\",\"@id\":\"https:\/\/tuzlainfo.ba\/#\/schema\/logo\/image\/\",\"url\":\"https:\/\/tuzlainfo.ba\/wp-content\/uploads\/2021\/03\/logo-ver-3-1.png\",\"contentUrl\":\"https:\/\/tuzlainfo.ba\/wp-content\/uploads\/2021\/03\/logo-ver-3-1.png\",\"width\":350,\"height\":95,\"caption\":\"TuzlaInfo.ba\"},\"image\":{\"@id\":\"https:\/\/tuzlainfo.ba\/#\/schema\/logo\/image\/\"},\"sameAs\":[\"https:\/\/www.facebook.com\/tuzlainfo.ba\/\"]},{\"@type\":\"Person\",\"@id\":\"https:\/\/tuzlainfo.ba\/#\/schema\/person\/f434e20dc27ea133923aab08451b7f7f\",\"name\":\"nedim\",\"image\":{\"@type\":\"ImageObject\",\"inLanguage\":\"bs-BA\",\"@id\":\"https:\/\/tuzlainfo.ba\/#\/schema\/person\/image\/\",\"url\":\"https:\/\/tuzlainfo.ba\/wp-content\/litespeed\/avatar\/aabad687af24844af817603ac1cbdc4f.jpg?ver=1777306975\",\"contentUrl\":\"https:\/\/tuzlainfo.ba\/wp-content\/litespeed\/avatar\/aabad687af24844af817603ac1cbdc4f.jpg?ver=1777306975\",\"caption\":\"nedim\"},\"description\":\"Tuzlainfo.ba pratite na dru\u0161tvenim mre\u017eama: Facebook, Instagram i Youtube. Svoje pri\u010de, upite i fotografije \u0161aljite na na\u0161u e-mail adresu.\"}]}<\/script>\n<!-- \/ Yoast SEO plugin. -->","yoast_head_json":{"title":"VIDEO \/ Uli\u010dni fotograf iz Ukrajine odu\u0161evio Tuzlake, svi \u017eele \"iza\u0107i u novinama\" - TuzlaInfo.ba","robots":{"index":"index","follow":"follow","max-snippet":"max-snippet:-1","max-image-preview":"max-image-preview:large","max-video-preview":"max-video-preview:-1"},"canonical":"https:\/\/tuzlainfo.ba\/index.php\/novosti\/item\/242267-2x-video-ulicni-fotograf-iz-ukrajine-odusevio-tuzlake-svi-zele-izaci-u-novinama\/","og_locale":"bs_BA","og_type":"article","og_title":"VIDEO \/ Uli\u010dni fotograf iz Ukrajine odu\u0161evio Tuzlake, svi \u017eele \"iza\u0107i u novinama\" - TuzlaInfo.ba","og_description":"U Tuzli od danas vlada prava pomama za fotografijama &#8220;obi\u010dnih gra\u0111ana&#8221; koje iza\u0111u u novinama.&hellip;","og_url":"https:\/\/tuzlainfo.ba\/index.php\/novosti\/item\/242267-2x-video-ulicni-fotograf-iz-ukrajine-odusevio-tuzlake-svi-zele-izaci-u-novinama\/","og_site_name":"TuzlaInfo.ba","article_publisher":"https:\/\/www.facebook.com\/tuzlainfo.ba\/","article_published_time":"2024-06-25T18:08:19+00:00","article_modified_time":"2024-06-25T18:19:42+00:00","og_image":[{"width":843,"height":481,"url":"https:\/\/tuzlainfo.ba\/wp-content\/uploads\/2024\/06\/2506_foto_novine_ukraj_5.jpg","type":"image\/jpeg"}],"author":"nedim","twitter_card":"summary_large_image","twitter_misc":{"Written by":"nedim","Est. reading time":"2 minute"},"schema":{"@context":"https:\/\/schema.org","@graph":[{"@type":"Article","@id":"https:\/\/tuzlainfo.ba\/index.php\/novosti\/item\/242267-2x-video-ulicni-fotograf-iz-ukrajine-odusevio-tuzlake-svi-zele-izaci-u-novinama\/#article","isPartOf":{"@id":"https:\/\/tuzlainfo.ba\/index.php\/novosti\/item\/242267-2x-video-ulicni-fotograf-iz-ukrajine-odusevio-tuzlake-svi-zele-izaci-u-novinama\/"},"author":{"name":"nedim","@id":"https:\/\/tuzlainfo.ba\/#\/schema\/person\/f434e20dc27ea133923aab08451b7f7f"},"headline":"VIDEO \/ Uli\u010dni fotograf iz Ukrajine odu\u0161evio Tuzlake, svi \u017eele &#8220;iza\u0107i u novinama&#8221;","datePublished":"2024-06-25T18:08:19+00:00","dateModified":"2024-06-25T18:19:42+00:00","mainEntityOfPage":{"@id":"https:\/\/tuzlainfo.ba\/index.php\/novosti\/item\/242267-2x-video-ulicni-fotograf-iz-ukrajine-odusevio-tuzlake-svi-zele-izaci-u-novinama\/"},"wordCount":331,"publisher":{"@id":"https:\/\/tuzlainfo.ba\/#organization"},"image":{"@id":"https:\/\/tuzlainfo.ba\/index.php\/novosti\/item\/242267-2x-video-ulicni-fotograf-iz-ukrajine-odusevio-tuzlake-svi-zele-izaci-u-novinama\/#primaryimage"},"thumbnailUrl":"https:\/\/tuzlainfo.ba\/wp-content\/uploads\/2024\/06\/2506_foto_novine_ukraj_5.jpg","keywords":["roman huzar","tuzla","Ukrajina"],"articleSection":["Istaknuto","Novosti","Preporu\u010dujemo"],"inLanguage":"bs-BA"},{"@type":"WebPage","@id":"https:\/\/tuzlainfo.ba\/index.php\/novosti\/item\/242267-2x-video-ulicni-fotograf-iz-ukrajine-odusevio-tuzlake-svi-zele-izaci-u-novinama\/","url":"https:\/\/tuzlainfo.ba\/index.php\/novosti\/item\/242267-2x-video-ulicni-fotograf-iz-ukrajine-odusevio-tuzlake-svi-zele-izaci-u-novinama\/","name":"VIDEO \/ Uli\u010dni fotograf iz Ukrajine odu\u0161evio Tuzlake, svi \u017eele \"iza\u0107i u novinama\" - TuzlaInfo.ba","isPartOf":{"@id":"https:\/\/tuzlainfo.ba\/#website"},"primaryImageOfPage":{"@id":"https:\/\/tuzlainfo.ba\/index.php\/novosti\/item\/242267-2x-video-ulicni-fotograf-iz-ukrajine-odusevio-tuzlake-svi-zele-izaci-u-novinama\/#primaryimage"},"image":{"@id":"https:\/\/tuzlainfo.ba\/index.php\/novosti\/item\/242267-2x-video-ulicni-fotograf-iz-ukrajine-odusevio-tuzlake-svi-zele-izaci-u-novinama\/#primaryimage"},"thumbnailUrl":"https:\/\/tuzlainfo.ba\/wp-content\/uploads\/2024\/06\/2506_foto_novine_ukraj_5.jpg","datePublished":"2024-06-25T18:08:19+00:00","dateModified":"2024-06-25T18:19:42+00:00","breadcrumb":{"@id":"https:\/\/tuzlainfo.ba\/index.php\/novosti\/item\/242267-2x-video-ulicni-fotograf-iz-ukrajine-odusevio-tuzlake-svi-zele-izaci-u-novinama\/#breadcrumb"},"inLanguage":"bs-BA","potentialAction":[{"@type":"ReadAction","target":["https:\/\/tuzlainfo.ba\/index.php\/novosti\/item\/242267-2x-video-ulicni-fotograf-iz-ukrajine-odusevio-tuzlake-svi-zele-izaci-u-novinama\/"]}]},{"@type":"ImageObject","inLanguage":"bs-BA","@id":"https:\/\/tuzlainfo.ba\/index.php\/novosti\/item\/242267-2x-video-ulicni-fotograf-iz-ukrajine-odusevio-tuzlake-svi-zele-izaci-u-novinama\/#primaryimage","url":"https:\/\/tuzlainfo.ba\/wp-content\/uploads\/2024\/06\/2506_foto_novine_ukraj_5.jpg","contentUrl":"https:\/\/tuzlainfo.ba\/wp-content\/uploads\/2024\/06\/2506_foto_novine_ukraj_5.jpg","width":843,"height":481},{"@type":"BreadcrumbList","@id":"https:\/\/tuzlainfo.ba\/index.php\/novosti\/item\/242267-2x-video-ulicni-fotograf-iz-ukrajine-odusevio-tuzlake-svi-zele-izaci-u-novinama\/#breadcrumb","itemListElement":[{"@type":"ListItem","position":1,"name":"Home","item":"https:\/\/tuzlainfo.ba\/"},{"@type":"ListItem","position":2,"name":"VIDEO \/ Uli\u010dni fotograf iz Ukrajine odu\u0161evio Tuzlake, svi \u017eele &#8220;iza\u0107i u novinama&#8221;"}]},{"@type":"WebSite","@id":"https:\/\/tuzlainfo.ba\/#website","url":"https:\/\/tuzlainfo.ba\/","name":"TuzlaInfo.ba","description":"Tuzla info, gradski informator - Tuzla na dlanu","publisher":{"@id":"https:\/\/tuzlainfo.ba\/#organization"},"potentialAction":[{"@type":"SearchAction","target":{"@type":"EntryPoint","urlTemplate":"https:\/\/tuzlainfo.ba\/?s={search_term_string}"},"query-input":{"@type":"PropertyValueSpecification","valueRequired":true,"valueName":"search_term_string"}}],"inLanguage":"bs-BA"},{"@type":"Organization","@id":"https:\/\/tuzlainfo.ba\/#organization","name":"TuzlaInfo.ba","url":"https:\/\/tuzlainfo.ba\/","logo":{"@type":"ImageObject","inLanguage":"bs-BA","@id":"https:\/\/tuzlainfo.ba\/#\/schema\/logo\/image\/","url":"https:\/\/tuzlainfo.ba\/wp-content\/uploads\/2021\/03\/logo-ver-3-1.png","contentUrl":"https:\/\/tuzlainfo.ba\/wp-content\/uploads\/2021\/03\/logo-ver-3-1.png","width":350,"height":95,"caption":"TuzlaInfo.ba"},"image":{"@id":"https:\/\/tuzlainfo.ba\/#\/schema\/logo\/image\/"},"sameAs":["https:\/\/www.facebook.com\/tuzlainfo.ba\/"]},{"@type":"Person","@id":"https:\/\/tuzlainfo.ba\/#\/schema\/person\/f434e20dc27ea133923aab08451b7f7f","name":"nedim","image":{"@type":"ImageObject","inLanguage":"bs-BA","@id":"https:\/\/tuzlainfo.ba\/#\/schema\/person\/image\/","url":"https:\/\/tuzlainfo.ba\/wp-content\/litespeed\/avatar\/aabad687af24844af817603ac1cbdc4f.jpg?ver=1777306975","contentUrl":"https:\/\/tuzlainfo.ba\/wp-content\/litespeed\/avatar\/aabad687af24844af817603ac1cbdc4f.jpg?ver=1777306975","caption":"nedim"},"description":"Tuzlainfo.ba pratite na dru\u0161tvenim mre\u017eama: Facebook, Instagram i Youtube. Svoje pri\u010de, upite i fotografije \u0161aljite na na\u0161u e-mail adresu."}]}},"_links":{"self":[{"href":"https:\/\/tuzlainfo.ba\/index.php\/wp-json\/wp\/v2\/posts\/242267"}],"collection":[{"href":"https:\/\/tuzlainfo.ba\/index.php\/wp-json\/wp\/v2\/posts"}],"about":[{"href":"https:\/\/tuzlainfo.ba\/index.php\/wp-json\/wp\/v2\/types\/post"}],"author":[{"embeddable":true,"href":"https:\/\/tuzlainfo.ba\/index.php\/wp-json\/wp\/v2\/users\/2"}],"replies":[{"embeddable":true,"href":"https:\/\/tuzlainfo.ba\/index.php\/wp-json\/wp\/v2\/comments?post=242267"}],"version-history":[{"count":4,"href":"https:\/\/tuzlainfo.ba\/index.php\/wp-json\/wp\/v2\/posts\/242267\/revisions"}],"predecessor-version":[{"id":242277,"href":"https:\/\/tuzlainfo.ba\/index.php\/wp-json\/wp\/v2\/posts\/242267\/revisions\/242277"}],"wp:featuredmedia":[{"embeddable":true,"href":"https:\/\/tuzlainfo.ba\/index.php\/wp-json\/wp\/v2\/media\/242276"}],"wp:attachment":[{"href":"https:\/\/tuzlainfo.ba\/index.php\/wp-json\/wp\/v2\/media?parent=242267"}],"wp:term":[{"taxonomy":"category","embeddable":true,"href":"https:\/\/tuzlainfo.ba\/index.php\/wp-json\/wp\/v2\/categories?post=242267"},{"taxonomy":"post_tag","embeddable":true,"href":"https:\/\/tuzlainfo.ba\/index.php\/wp-json\/wp\/v2\/tags?post=242267"}],"curies":[{"name":"wp","href":"https:\/\/api.w.org\/{rel}","templated":true}]}}