{"id":242265,"date":"2024-06-25T19:47:24","date_gmt":"2024-06-25T17:47:24","guid":{"rendered":"https:\/\/tuzlainfo.ba\/?p=242265"},"modified":"2024-06-25T19:47:24","modified_gmt":"2024-06-25T17:47:24","slug":"kako-dosao-tako-i-otisao-sporni-helikopter-mup-a-srbije-napustio-bosnu-i-hercegovinu","status":"publish","type":"post","link":"https:\/\/tuzlainfo.ba\/index.php\/bosna-i-hercegovina\/item\/242265-kako-dosao-tako-i-otisao-sporni-helikopter-mup-a-srbije-napustio-bosnu-i-hercegovinu\/","title":{"rendered":"Kako do\u0161ao, tako i oti\u0161ao: Sporni helikopter MUP-a Srbije napustio Bosnu i Hercegovinu"},"content":{"rendered":"<p>Helikopter MUP-a Srbije, koji je 18. juna pre\u0161ao granicu Bosne i Hercegovine i sletio Trebinje, vra\u0107en je u Srbiju.<\/p>\n<p>Kako je za meidje u manje bh. entitetu izjavio Boris Trnini\u0107, v.d. direktora CZRS helikopter je napustio Bosnu i Hercegovinu, a danas ili sutra bi ponovo trebalo da stigne u BiH.<\/p>\n<p>&#8220;Helikopter je ovdje isklju\u010divo radi ga\u0161enja po\u017eara i u slu\u010daju pomo\u0107i prilikom evakuacije povrije\u0111enih u saobra\u0107ajnoj nezgodi i sli\u010dno. On ne\u0107e gasiti po\u017eare samo u RS, ve\u0107 i u FBiH, ali i u Crnoj Gori, gdje god treba. To je dobra volja Srbije, a ne provokacija&#8221;, naveo je Trnini\u0107 za &#8220;Nezavisne novine&#8221;.<\/p>\n<p>Jo\u0161 nije potpuno jasno koja institucija je prvobitno dala dozvolu da ovaj helikopter ostane u BiH tokom ljetnog perioda.<\/p>\n<p>Vrijedi ista\u0107i da je dolazak ovog helikoptera iz Srbije bio pod posebnim fokusom zbog &#8220;svesrpskog sabora&#8221;, gdje je dogovoren i memorandum o saradnji ministarstava unutra\u0161njih poslova Republike Srbije i bosanskohercegova\u010dkog entiteta Republika Srpska.<\/p>\n","protected":false},"excerpt":{"rendered":"<p>Helikopter MUP-a Srbije, koji je 18. juna pre\u0161ao granicu Bosne i Hercegovine i sletio Trebinje,&hellip;<\/p>\n","protected":false},"author":2,"featured_media":241904,"comment_status":"closed","ping_status":"closed","sticky":false,"template":"","format":"standard","meta":{"_acf_changed":false,"footnotes":""},"categories":[291],"tags":[1056,4490],"acf":[],"yoast_head":"<!-- This site is optimized with the Yoast SEO plugin v23.5 - https:\/\/yoast.com\/wordpress\/plugins\/seo\/ -->\n<title>Kako do\u0161ao, tako i oti\u0161ao: Sporni helikopter MUP-a Srbije napustio Bosnu i Hercegovinu - TuzlaInfo.ba<\/title>\n<meta name=\"robots\" content=\"index, follow, max-snippet:-1, max-image-preview:large, max-video-preview:-1\" \/>\n<link rel=\"canonical\" href=\"https:\/\/tuzlainfo.ba\/index.php\/bosna-i-hercegovina\/item\/242265-kako-dosao-tako-i-otisao-sporni-helikopter-mup-a-srbije-napustio-bosnu-i-hercegovinu\/\" \/>\n<meta property=\"og:locale\" content=\"bs_BA\" \/>\n<meta property=\"og:type\" content=\"article\" \/>\n<meta property=\"og:title\" content=\"Kako do\u0161ao, tako i oti\u0161ao: Sporni helikopter MUP-a Srbije napustio Bosnu i Hercegovinu - TuzlaInfo.ba\" \/>\n<meta property=\"og:description\" content=\"Helikopter MUP-a Srbije, koji je 18. juna pre\u0161ao granicu Bosne i Hercegovine i sletio Trebinje,&hellip;\" \/>\n<meta property=\"og:url\" content=\"https:\/\/tuzlainfo.ba\/index.php\/bosna-i-hercegovina\/item\/242265-kako-dosao-tako-i-otisao-sporni-helikopter-mup-a-srbije-napustio-bosnu-i-hercegovinu\/\" \/>\n<meta property=\"og:site_name\" content=\"TuzlaInfo.ba\" \/>\n<meta property=\"article:publisher\" content=\"https:\/\/www.facebook.com\/tuzlainfo.ba\/\" \/>\n<meta property=\"article:published_time\" content=\"2024-06-25T17:47:24+00:00\" \/>\n<meta property=\"og:image\" content=\"https:\/\/tuzlainfo.ba\/wp-content\/uploads\/2024\/06\/2106_mup-srbije-mup-rs-helikopter-trebinje.jpg\" \/>\n\t<meta property=\"og:image:width\" content=\"871\" \/>\n\t<meta property=\"og:image:height\" content=\"540\" \/>\n\t<meta property=\"og:image:type\" content=\"image\/jpeg\" \/>\n<meta name=\"author\" content=\"nedim\" \/>\n<meta name=\"twitter:card\" content=\"summary_large_image\" \/>\n<meta name=\"twitter:label1\" content=\"Written by\" \/>\n\t<meta name=\"twitter:data1\" content=\"nedim\" \/>\n\t<meta name=\"twitter:label2\" content=\"Est. reading time\" \/>\n\t<meta name=\"twitter:data2\" content=\"2 minute\" \/>\n<script type=\"application\/ld+json\" class=\"yoast-schema-graph\">{\"@context\":\"https:\/\/schema.org\",\"@graph\":[{\"@type\":\"Article\",\"@id\":\"https:\/\/tuzlainfo.ba\/index.php\/bosna-i-hercegovina\/item\/242265-kako-dosao-tako-i-otisao-sporni-helikopter-mup-a-srbije-napustio-bosnu-i-hercegovinu\/#article\",\"isPartOf\":{\"@id\":\"https:\/\/tuzlainfo.ba\/index.php\/bosna-i-hercegovina\/item\/242265-kako-dosao-tako-i-otisao-sporni-helikopter-mup-a-srbije-napustio-bosnu-i-hercegovinu\/\"},\"author\":{\"name\":\"nedim\",\"@id\":\"https:\/\/tuzlainfo.ba\/#\/schema\/person\/f434e20dc27ea133923aab08451b7f7f\"},\"headline\":\"Kako do\u0161ao, tako i oti\u0161ao: Sporni helikopter MUP-a Srbije napustio Bosnu i Hercegovinu\",\"datePublished\":\"2024-06-25T17:47:24+00:00\",\"dateModified\":\"2024-06-25T17:47:24+00:00\",\"mainEntityOfPage\":{\"@id\":\"https:\/\/tuzlainfo.ba\/index.php\/bosna-i-hercegovina\/item\/242265-kako-dosao-tako-i-otisao-sporni-helikopter-mup-a-srbije-napustio-bosnu-i-hercegovinu\/\"},\"wordCount\":184,\"publisher\":{\"@id\":\"https:\/\/tuzlainfo.ba\/#organization\"},\"image\":{\"@id\":\"https:\/\/tuzlainfo.ba\/index.php\/bosna-i-hercegovina\/item\/242265-kako-dosao-tako-i-otisao-sporni-helikopter-mup-a-srbije-napustio-bosnu-i-hercegovinu\/#primaryimage\"},\"thumbnailUrl\":\"https:\/\/tuzlainfo.ba\/wp-content\/uploads\/2024\/06\/2106_mup-srbije-mup-rs-helikopter-trebinje.jpg\",\"keywords\":[\"helikopter\",\"trebinje\"],\"articleSection\":[\"Bosna i Hercegovina\"],\"inLanguage\":\"bs-BA\"},{\"@type\":\"WebPage\",\"@id\":\"https:\/\/tuzlainfo.ba\/index.php\/bosna-i-hercegovina\/item\/242265-kako-dosao-tako-i-otisao-sporni-helikopter-mup-a-srbije-napustio-bosnu-i-hercegovinu\/\",\"url\":\"https:\/\/tuzlainfo.ba\/index.php\/bosna-i-hercegovina\/item\/242265-kako-dosao-tako-i-otisao-sporni-helikopter-mup-a-srbije-napustio-bosnu-i-hercegovinu\/\",\"name\":\"Kako do\u0161ao, tako i oti\u0161ao: Sporni helikopter MUP-a Srbije napustio Bosnu i Hercegovinu - TuzlaInfo.ba\",\"isPartOf\":{\"@id\":\"https:\/\/tuzlainfo.ba\/#website\"},\"primaryImageOfPage\":{\"@id\":\"https:\/\/tuzlainfo.ba\/index.php\/bosna-i-hercegovina\/item\/242265-kako-dosao-tako-i-otisao-sporni-helikopter-mup-a-srbije-napustio-bosnu-i-hercegovinu\/#primaryimage\"},\"image\":{\"@id\":\"https:\/\/tuzlainfo.ba\/index.php\/bosna-i-hercegovina\/item\/242265-kako-dosao-tako-i-otisao-sporni-helikopter-mup-a-srbije-napustio-bosnu-i-hercegovinu\/#primaryimage\"},\"thumbnailUrl\":\"https:\/\/tuzlainfo.ba\/wp-content\/uploads\/2024\/06\/2106_mup-srbije-mup-rs-helikopter-trebinje.jpg\",\"datePublished\":\"2024-06-25T17:47:24+00:00\",\"dateModified\":\"2024-06-25T17:47:24+00:00\",\"breadcrumb\":{\"@id\":\"https:\/\/tuzlainfo.ba\/index.php\/bosna-i-hercegovina\/item\/242265-kako-dosao-tako-i-otisao-sporni-helikopter-mup-a-srbije-napustio-bosnu-i-hercegovinu\/#breadcrumb\"},\"inLanguage\":\"bs-BA\",\"potentialAction\":[{\"@type\":\"ReadAction\",\"target\":[\"https:\/\/tuzlainfo.ba\/index.php\/bosna-i-hercegovina\/item\/242265-kako-dosao-tako-i-otisao-sporni-helikopter-mup-a-srbije-napustio-bosnu-i-hercegovinu\/\"]}]},{\"@type\":\"ImageObject\",\"inLanguage\":\"bs-BA\",\"@id\":\"https:\/\/tuzlainfo.ba\/index.php\/bosna-i-hercegovina\/item\/242265-kako-dosao-tako-i-otisao-sporni-helikopter-mup-a-srbije-napustio-bosnu-i-hercegovinu\/#primaryimage\",\"url\":\"https:\/\/tuzlainfo.ba\/wp-content\/uploads\/2024\/06\/2106_mup-srbije-mup-rs-helikopter-trebinje.jpg\",\"contentUrl\":\"https:\/\/tuzlainfo.ba\/wp-content\/uploads\/2024\/06\/2106_mup-srbije-mup-rs-helikopter-trebinje.jpg\",\"width\":871,\"height\":540},{\"@type\":\"BreadcrumbList\",\"@id\":\"https:\/\/tuzlainfo.ba\/index.php\/bosna-i-hercegovina\/item\/242265-kako-dosao-tako-i-otisao-sporni-helikopter-mup-a-srbije-napustio-bosnu-i-hercegovinu\/#breadcrumb\",\"itemListElement\":[{\"@type\":\"ListItem\",\"position\":1,\"name\":\"Home\",\"item\":\"https:\/\/tuzlainfo.ba\/\"},{\"@type\":\"ListItem\",\"position\":2,\"name\":\"Kako do\u0161ao, tako i oti\u0161ao: Sporni helikopter MUP-a Srbije napustio Bosnu i Hercegovinu\"}]},{\"@type\":\"WebSite\",\"@id\":\"https:\/\/tuzlainfo.ba\/#website\",\"url\":\"https:\/\/tuzlainfo.ba\/\",\"name\":\"TuzlaInfo.ba\",\"description\":\"Tuzla info, gradski informator - Tuzla na dlanu\",\"publisher\":{\"@id\":\"https:\/\/tuzlainfo.ba\/#organization\"},\"potentialAction\":[{\"@type\":\"SearchAction\",\"target\":{\"@type\":\"EntryPoint\",\"urlTemplate\":\"https:\/\/tuzlainfo.ba\/?s={search_term_string}\"},\"query-input\":{\"@type\":\"PropertyValueSpecification\",\"valueRequired\":true,\"valueName\":\"search_term_string\"}}],\"inLanguage\":\"bs-BA\"},{\"@type\":\"Organization\",\"@id\":\"https:\/\/tuzlainfo.ba\/#organization\",\"name\":\"TuzlaInfo.ba\",\"url\":\"https:\/\/tuzlainfo.ba\/\",\"logo\":{\"@type\":\"ImageObject\",\"inLanguage\":\"bs-BA\",\"@id\":\"https:\/\/tuzlainfo.ba\/#\/schema\/logo\/image\/\",\"url\":\"https:\/\/tuzlainfo.ba\/wp-content\/uploads\/2021\/03\/logo-ver-3-1.png\",\"contentUrl\":\"https:\/\/tuzlainfo.ba\/wp-content\/uploads\/2021\/03\/logo-ver-3-1.png\",\"width\":350,\"height\":95,\"caption\":\"TuzlaInfo.ba\"},\"image\":{\"@id\":\"https:\/\/tuzlainfo.ba\/#\/schema\/logo\/image\/\"},\"sameAs\":[\"https:\/\/www.facebook.com\/tuzlainfo.ba\/\"]},{\"@type\":\"Person\",\"@id\":\"https:\/\/tuzlainfo.ba\/#\/schema\/person\/f434e20dc27ea133923aab08451b7f7f\",\"name\":\"nedim\",\"image\":{\"@type\":\"ImageObject\",\"inLanguage\":\"bs-BA\",\"@id\":\"https:\/\/tuzlainfo.ba\/#\/schema\/person\/image\/\",\"url\":\"https:\/\/tuzlainfo.ba\/wp-content\/litespeed\/avatar\/aabad687af24844af817603ac1cbdc4f.jpg?ver=1777306975\",\"contentUrl\":\"https:\/\/tuzlainfo.ba\/wp-content\/litespeed\/avatar\/aabad687af24844af817603ac1cbdc4f.jpg?ver=1777306975\",\"caption\":\"nedim\"},\"description\":\"Tuzlainfo.ba pratite na dru\u0161tvenim mre\u017eama: Facebook, Instagram i Youtube. Svoje pri\u010de, upite i fotografije \u0161aljite na na\u0161u e-mail adresu.\"}]}<\/script>\n<!-- \/ Yoast SEO plugin. -->","yoast_head_json":{"title":"Kako do\u0161ao, tako i oti\u0161ao: Sporni helikopter MUP-a Srbije napustio Bosnu i Hercegovinu - TuzlaInfo.ba","robots":{"index":"index","follow":"follow","max-snippet":"max-snippet:-1","max-image-preview":"max-image-preview:large","max-video-preview":"max-video-preview:-1"},"canonical":"https:\/\/tuzlainfo.ba\/index.php\/bosna-i-hercegovina\/item\/242265-kako-dosao-tako-i-otisao-sporni-helikopter-mup-a-srbije-napustio-bosnu-i-hercegovinu\/","og_locale":"bs_BA","og_type":"article","og_title":"Kako do\u0161ao, tako i oti\u0161ao: Sporni helikopter MUP-a Srbije napustio Bosnu i Hercegovinu - TuzlaInfo.ba","og_description":"Helikopter MUP-a Srbije, koji je 18. juna pre\u0161ao granicu Bosne i Hercegovine i sletio Trebinje,&hellip;","og_url":"https:\/\/tuzlainfo.ba\/index.php\/bosna-i-hercegovina\/item\/242265-kako-dosao-tako-i-otisao-sporni-helikopter-mup-a-srbije-napustio-bosnu-i-hercegovinu\/","og_site_name":"TuzlaInfo.ba","article_publisher":"https:\/\/www.facebook.com\/tuzlainfo.ba\/","article_published_time":"2024-06-25T17:47:24+00:00","og_image":[{"width":871,"height":540,"url":"https:\/\/tuzlainfo.ba\/wp-content\/uploads\/2024\/06\/2106_mup-srbije-mup-rs-helikopter-trebinje.jpg","type":"image\/jpeg"}],"author":"nedim","twitter_card":"summary_large_image","twitter_misc":{"Written by":"nedim","Est. reading time":"2 minute"},"schema":{"@context":"https:\/\/schema.org","@graph":[{"@type":"Article","@id":"https:\/\/tuzlainfo.ba\/index.php\/bosna-i-hercegovina\/item\/242265-kako-dosao-tako-i-otisao-sporni-helikopter-mup-a-srbije-napustio-bosnu-i-hercegovinu\/#article","isPartOf":{"@id":"https:\/\/tuzlainfo.ba\/index.php\/bosna-i-hercegovina\/item\/242265-kako-dosao-tako-i-otisao-sporni-helikopter-mup-a-srbije-napustio-bosnu-i-hercegovinu\/"},"author":{"name":"nedim","@id":"https:\/\/tuzlainfo.ba\/#\/schema\/person\/f434e20dc27ea133923aab08451b7f7f"},"headline":"Kako do\u0161ao, tako i oti\u0161ao: Sporni helikopter MUP-a Srbije napustio Bosnu i Hercegovinu","datePublished":"2024-06-25T17:47:24+00:00","dateModified":"2024-06-25T17:47:24+00:00","mainEntityOfPage":{"@id":"https:\/\/tuzlainfo.ba\/index.php\/bosna-i-hercegovina\/item\/242265-kako-dosao-tako-i-otisao-sporni-helikopter-mup-a-srbije-napustio-bosnu-i-hercegovinu\/"},"wordCount":184,"publisher":{"@id":"https:\/\/tuzlainfo.ba\/#organization"},"image":{"@id":"https:\/\/tuzlainfo.ba\/index.php\/bosna-i-hercegovina\/item\/242265-kako-dosao-tako-i-otisao-sporni-helikopter-mup-a-srbije-napustio-bosnu-i-hercegovinu\/#primaryimage"},"thumbnailUrl":"https:\/\/tuzlainfo.ba\/wp-content\/uploads\/2024\/06\/2106_mup-srbije-mup-rs-helikopter-trebinje.jpg","keywords":["helikopter","trebinje"],"articleSection":["Bosna i Hercegovina"],"inLanguage":"bs-BA"},{"@type":"WebPage","@id":"https:\/\/tuzlainfo.ba\/index.php\/bosna-i-hercegovina\/item\/242265-kako-dosao-tako-i-otisao-sporni-helikopter-mup-a-srbije-napustio-bosnu-i-hercegovinu\/","url":"https:\/\/tuzlainfo.ba\/index.php\/bosna-i-hercegovina\/item\/242265-kako-dosao-tako-i-otisao-sporni-helikopter-mup-a-srbije-napustio-bosnu-i-hercegovinu\/","name":"Kako do\u0161ao, tako i oti\u0161ao: Sporni helikopter MUP-a Srbije napustio Bosnu i Hercegovinu - TuzlaInfo.ba","isPartOf":{"@id":"https:\/\/tuzlainfo.ba\/#website"},"primaryImageOfPage":{"@id":"https:\/\/tuzlainfo.ba\/index.php\/bosna-i-hercegovina\/item\/242265-kako-dosao-tako-i-otisao-sporni-helikopter-mup-a-srbije-napustio-bosnu-i-hercegovinu\/#primaryimage"},"image":{"@id":"https:\/\/tuzlainfo.ba\/index.php\/bosna-i-hercegovina\/item\/242265-kako-dosao-tako-i-otisao-sporni-helikopter-mup-a-srbije-napustio-bosnu-i-hercegovinu\/#primaryimage"},"thumbnailUrl":"https:\/\/tuzlainfo.ba\/wp-content\/uploads\/2024\/06\/2106_mup-srbije-mup-rs-helikopter-trebinje.jpg","datePublished":"2024-06-25T17:47:24+00:00","dateModified":"2024-06-25T17:47:24+00:00","breadcrumb":{"@id":"https:\/\/tuzlainfo.ba\/index.php\/bosna-i-hercegovina\/item\/242265-kako-dosao-tako-i-otisao-sporni-helikopter-mup-a-srbije-napustio-bosnu-i-hercegovinu\/#breadcrumb"},"inLanguage":"bs-BA","potentialAction":[{"@type":"ReadAction","target":["https:\/\/tuzlainfo.ba\/index.php\/bosna-i-hercegovina\/item\/242265-kako-dosao-tako-i-otisao-sporni-helikopter-mup-a-srbije-napustio-bosnu-i-hercegovinu\/"]}]},{"@type":"ImageObject","inLanguage":"bs-BA","@id":"https:\/\/tuzlainfo.ba\/index.php\/bosna-i-hercegovina\/item\/242265-kako-dosao-tako-i-otisao-sporni-helikopter-mup-a-srbije-napustio-bosnu-i-hercegovinu\/#primaryimage","url":"https:\/\/tuzlainfo.ba\/wp-content\/uploads\/2024\/06\/2106_mup-srbije-mup-rs-helikopter-trebinje.jpg","contentUrl":"https:\/\/tuzlainfo.ba\/wp-content\/uploads\/2024\/06\/2106_mup-srbije-mup-rs-helikopter-trebinje.jpg","width":871,"height":540},{"@type":"BreadcrumbList","@id":"https:\/\/tuzlainfo.ba\/index.php\/bosna-i-hercegovina\/item\/242265-kako-dosao-tako-i-otisao-sporni-helikopter-mup-a-srbije-napustio-bosnu-i-hercegovinu\/#breadcrumb","itemListElement":[{"@type":"ListItem","position":1,"name":"Home","item":"https:\/\/tuzlainfo.ba\/"},{"@type":"ListItem","position":2,"name":"Kako do\u0161ao, tako i oti\u0161ao: Sporni helikopter MUP-a Srbije napustio Bosnu i Hercegovinu"}]},{"@type":"WebSite","@id":"https:\/\/tuzlainfo.ba\/#website","url":"https:\/\/tuzlainfo.ba\/","name":"TuzlaInfo.ba","description":"Tuzla info, gradski informator - Tuzla na dlanu","publisher":{"@id":"https:\/\/tuzlainfo.ba\/#organization"},"potentialAction":[{"@type":"SearchAction","target":{"@type":"EntryPoint","urlTemplate":"https:\/\/tuzlainfo.ba\/?s={search_term_string}"},"query-input":{"@type":"PropertyValueSpecification","valueRequired":true,"valueName":"search_term_string"}}],"inLanguage":"bs-BA"},{"@type":"Organization","@id":"https:\/\/tuzlainfo.ba\/#organization","name":"TuzlaInfo.ba","url":"https:\/\/tuzlainfo.ba\/","logo":{"@type":"ImageObject","inLanguage":"bs-BA","@id":"https:\/\/tuzlainfo.ba\/#\/schema\/logo\/image\/","url":"https:\/\/tuzlainfo.ba\/wp-content\/uploads\/2021\/03\/logo-ver-3-1.png","contentUrl":"https:\/\/tuzlainfo.ba\/wp-content\/uploads\/2021\/03\/logo-ver-3-1.png","width":350,"height":95,"caption":"TuzlaInfo.ba"},"image":{"@id":"https:\/\/tuzlainfo.ba\/#\/schema\/logo\/image\/"},"sameAs":["https:\/\/www.facebook.com\/tuzlainfo.ba\/"]},{"@type":"Person","@id":"https:\/\/tuzlainfo.ba\/#\/schema\/person\/f434e20dc27ea133923aab08451b7f7f","name":"nedim","image":{"@type":"ImageObject","inLanguage":"bs-BA","@id":"https:\/\/tuzlainfo.ba\/#\/schema\/person\/image\/","url":"https:\/\/tuzlainfo.ba\/wp-content\/litespeed\/avatar\/aabad687af24844af817603ac1cbdc4f.jpg?ver=1777306975","contentUrl":"https:\/\/tuzlainfo.ba\/wp-content\/litespeed\/avatar\/aabad687af24844af817603ac1cbdc4f.jpg?ver=1777306975","caption":"nedim"},"description":"Tuzlainfo.ba pratite na dru\u0161tvenim mre\u017eama: Facebook, Instagram i Youtube. Svoje pri\u010de, upite i fotografije \u0161aljite na na\u0161u e-mail adresu."}]}},"_links":{"self":[{"href":"https:\/\/tuzlainfo.ba\/index.php\/wp-json\/wp\/v2\/posts\/242265"}],"collection":[{"href":"https:\/\/tuzlainfo.ba\/index.php\/wp-json\/wp\/v2\/posts"}],"about":[{"href":"https:\/\/tuzlainfo.ba\/index.php\/wp-json\/wp\/v2\/types\/post"}],"author":[{"embeddable":true,"href":"https:\/\/tuzlainfo.ba\/index.php\/wp-json\/wp\/v2\/users\/2"}],"replies":[{"embeddable":true,"href":"https:\/\/tuzlainfo.ba\/index.php\/wp-json\/wp\/v2\/comments?post=242265"}],"version-history":[{"count":1,"href":"https:\/\/tuzlainfo.ba\/index.php\/wp-json\/wp\/v2\/posts\/242265\/revisions"}],"predecessor-version":[{"id":242266,"href":"https:\/\/tuzlainfo.ba\/index.php\/wp-json\/wp\/v2\/posts\/242265\/revisions\/242266"}],"wp:featuredmedia":[{"embeddable":true,"href":"https:\/\/tuzlainfo.ba\/index.php\/wp-json\/wp\/v2\/media\/241904"}],"wp:attachment":[{"href":"https:\/\/tuzlainfo.ba\/index.php\/wp-json\/wp\/v2\/media?parent=242265"}],"wp:term":[{"taxonomy":"category","embeddable":true,"href":"https:\/\/tuzlainfo.ba\/index.php\/wp-json\/wp\/v2\/categories?post=242265"},{"taxonomy":"post_tag","embeddable":true,"href":"https:\/\/tuzlainfo.ba\/index.php\/wp-json\/wp\/v2\/tags?post=242265"}],"curies":[{"name":"wp","href":"https:\/\/api.w.org\/{rel}","templated":true}]}}