{"id":241939,"date":"2024-06-21T21:03:16","date_gmt":"2024-06-21T19:03:16","guid":{"rendered":"https:\/\/tuzlainfo.ba\/?p=241939"},"modified":"2024-06-21T14:08:04","modified_gmt":"2024-06-21T12:08:04","slug":"pobjeda-mjestana-spionice-osporeno-odobrenje-za-projekt-eksploatacije-kamena-krecnjaka","status":"publish","type":"post","link":"https:\/\/tuzlainfo.ba\/index.php\/novosti\/item\/241939-pobjeda-mjestana-spionice-osporeno-odobrenje-za-projekt-eksploatacije-kamena-krecnjaka\/","title":{"rendered":"Pobjeda mje\u0161tana \u0160pionice: Osporeno odobrenje za projekt eksploatacije kamena kre\u010dnjaka"},"content":{"rendered":"<p>Federalno ministarstvo okoli\u0161a i turizma Federacije Bosne i Hercegovine nedavno je donijelo va\u017enu odluku o prekidu postupka prethodne procjene utjecaja na okoli\u0161 za predlo\u017eenu eksploataciju kamena kre\u010dnjaka u \u0160pionici Gornjoj kod Grada Srebrenika.<\/p>\n<p>Ova odluka predstavlja zna\u010dajan korak naprijed za lokalno stanovni\u0161tvo koje ve\u0107 du\u017ee vrijeme vodi borbu protiv investitora i lokalne vlasti radi za\u0161tite svojih \u017eivotnih uvjeta i okoli\u0161a.<\/p>\n<p>Mje\u0161tani \u0160pionice Gornje, uz pravnu podr\u0161ku Aarhus centra u Bosni i Hercegovini, uspjeli su osporiti prethodno odobrenje za projekt eksploatacije kamena kre\u010dnjaka, koji je planiran na vrlo bliskoj udaljenosti od stambenih podru\u010dja. Ova borba nije samo za\u0161tita prirodnih resursa, ve\u0107 i borba za osnovna ljudska prava svih stanovnika ovog podru\u010dja.<\/p>\n<p><em>\u201eOvaj zaklju\u010dak je velika pobjeda za sve nas stanovnike \u0160pionice koji bismo bili ugro\u017eeni radom kamenoloma. Pravda je dosti\u017ena i vrijedi se za nju boriti. Bez obzira koliko investitori bili mo\u0107ni, nisu nedodirljivi. Za\u0161tita prirodnih resursa, prije svega vode mora biti prioritet i gra\u0111ana i svih nivoa vlasti. Voda je \u017eivot i blago neprocjenjivo. Poruka svim aktivistima da se vrijedi boriti i da ne treba odustajati jer pravda uvijek pobje\u0111uje.\u201c<\/em> \u2013 kazao je Omer Majstorovi\u0107, mje\u0161tanin \u0160pionice.<\/p>\n<p>Podru\u010dje na kojem je planiran kamenolom trenutno je dom triju izvora pitke vode, \u010dija sigurnost nije bila adekvatno uzeta u obzir u prijavi projekta. Prethodni radovi na istom mjestu ve\u0107 su izazvali ozbiljne probleme, uklju\u010duju\u0107i eroziju i opasnost od padanja kamenja u korito rijeke Bistrice, \u0161to je ozbiljno ugrozilo okoli\u0161 i sigurnost lokalnog stanovni\u0161tva.<\/p>\n<p>Vi\u0161e od 3000 stanovnika naselja Kr\u010d, Radi\u010di, \u0160pionica Centar, \u0160pionica Donja, Bogdanovi\u0107i, Vrela i Vidrovi\u0107i bilo bi direktno izlo\u017eeno negativnim utjecajima projekta, uklju\u010duju\u0107i buku, vibracije i pra\u0161inu. Ovi faktori ne samo da bi ugrozili zdravlje i kvalitetu \u017eivota lokalnog stanovni\u0161tva, ve\u0107 bi i trajno naru\u0161ili ekolo\u0161ku ravnote\u017eu podru\u010dja.<\/p>\n<p><em>\u201eOdluka Federalnog ministarstva okoli\u0161a i turizma je bila logi\u010dan slijed svih procesa koje smo do sada pokrenuli protiv postoje\u0107ih dozvola za ovaj kamenolom, te je ovo pozitivan primjer kako se gra\u0111anskim aktivizmom mogu zaustaviti naizgled neoborivi projekti koji \u0161tete prirodi i ljudima.\u201c<\/em> \u2013 kazala je pravnica Aarhus centra u BiH, Nina Kre\u0161evljakovi\u0107.<\/p>\n<p>Odluka Federalnog ministarstva okoli\u0161a i turizma predstavlja veliku pobjedu za mje\u0161tane \u0160pionice Gornje, ali i istovremeno podsje\u0107a na nu\u017enost nastavka borbe za o\u010duvanje okoli\u0161a, zdravlja gra\u0111ana i po\u0161tovanja osnovnih ljudskih prava. Va\u017eno je naglasiti da je podr\u0161ka lokalne zajednice, kao i anga\u017eman pojedinaca koji su se pridru\u017eili u ovom procesu, klju\u010dna za postizanje ovakvih rezultata.<\/p>\n<p>Stoga, Aarhus centar u BiH poziva sve gra\u0111ane da ostanu ujedinjeni i aktivno podr\u017eavaju napore za za\u0161titu prirodnih resursa i zajedni\u010dkih interesa, \u010dime se osigurava da se ovakva vitalna pitanja tretiraju s potrebnom pa\u017enjom i odgovorno\u0161\u0107u prema sada\u0161njim i budu\u0107im generacijama, saop\u0161teno je.<\/p>\n","protected":false},"excerpt":{"rendered":"<p>Federalno ministarstvo okoli\u0161a i turizma Federacije Bosne i Hercegovine nedavno je donijelo va\u017enu odluku o prekidu postupka prethodne procjene utjecaja na okoli\u0161 za predlo\u017eenu eksploataciju kamena kre\u010dnjaka u \u0160pionici Gornjoj kod Grada Srebrenika. Ova odluka predstavlja zna\u010dajan korak naprijed za lokalno stanovni\u0161tvo koje ve\u0107 du\u017ee vrijeme vodi borbu protiv investitora i lokalne vlasti radi za\u0161tite [&hellip;]<\/p>\n","protected":false},"author":2,"featured_media":241940,"comment_status":"closed","ping_status":"closed","sticky":false,"template":"","format":"standard","meta":{"footnotes":""},"categories":[304,12],"tags":[10406,9873],"class_list":["post-241939","post","type-post","status-publish","format-standard","has-post-thumbnail","hentry","category-istaknuto","category-novosti","tag-aarhus-centar","tag-spionica"],"yoast_head":"<!-- This site is optimized with the Yoast SEO plugin v28.4 - https:\/\/yoast.com\/product\/yoast-seo-wordpress\/ -->\n<title>Pobjeda mje\u0161tana \u0160pionice: Osporeno odobrenje za projekt eksploatacije kamena kre\u010dnjaka<\/title>\n<meta name=\"robots\" content=\"index, follow, max-snippet:-1, max-image-preview:large, max-video-preview:-1\" \/>\n<link rel=\"canonical\" href=\"https:\/\/tuzlainfo.ba\/index.php\/novosti\/item\/241939-pobjeda-mjestana-spionice-osporeno-odobrenje-za-projekt-eksploatacije-kamena-krecnjaka\/\" \/>\n<meta property=\"og:locale\" content=\"bs_BA\" \/>\n<meta property=\"og:type\" content=\"article\" \/>\n<meta property=\"og:title\" content=\"Pobjeda mje\u0161tana \u0160pionice: Osporeno odobrenje za projekt eksploatacije kamena kre\u010dnjaka\" \/>\n<meta property=\"og:description\" content=\"Federalno ministarstvo okoli\u0161a i turizma Federacije Bosne i Hercegovine nedavno je donijelo va\u017enu odluku o prekidu postupka prethodne procjene utjecaja na okoli\u0161 za predlo\u017eenu eksploataciju kamena kre\u010dnjaka u \u0160pionici Gornjoj kod Grada Srebrenika. Ova odluka predstavlja zna\u010dajan korak naprijed za lokalno stanovni\u0161tvo koje ve\u0107 du\u017ee vrijeme vodi borbu protiv investitora i lokalne vlasti radi za\u0161tite [&hellip;]\" \/>\n<meta property=\"og:url\" content=\"https:\/\/tuzlainfo.ba\/index.php\/novosti\/item\/241939-pobjeda-mjestana-spionice-osporeno-odobrenje-za-projekt-eksploatacije-kamena-krecnjaka\/\" \/>\n<meta property=\"og:site_name\" content=\"TuzlaInfo.ba\" \/>\n<meta property=\"article:publisher\" content=\"https:\/\/www.facebook.com\/tuzlainfo.ba\/\" \/>\n<meta property=\"article:published_time\" content=\"2024-06-21T19:03:16+00:00\" \/>\n<meta property=\"og:image\" content=\"https:\/\/tuzlainfo.ba\/wp-content\/uploads\/2024\/06\/Stop-kamenolomu.jpg\" \/>\n\t<meta property=\"og:image:width\" content=\"1440\" \/>\n\t<meta property=\"og:image:height\" content=\"810\" \/>\n\t<meta property=\"og:image:type\" content=\"image\/jpeg\" \/>\n<meta name=\"author\" content=\"nedim\" \/>\n<meta name=\"twitter:card\" content=\"summary_large_image\" \/>\n<meta name=\"twitter:label1\" content=\"Written by\" \/>\n\t<meta name=\"twitter:data1\" content=\"nedim\" \/>\n\t<meta name=\"twitter:label2\" content=\"Est. reading time\" \/>\n\t<meta name=\"twitter:data2\" content=\"3 minute\" \/>\n<script type=\"application\/ld+json\" class=\"yoast-schema-graph\">{\"@context\":\"https:\\\/\\\/schema.org\",\"@graph\":[{\"@type\":\"Article\",\"@id\":\"https:\\\/\\\/tuzlainfo.ba\\\/index.php\\\/novosti\\\/item\\\/241939-pobjeda-mjestana-spionice-osporeno-odobrenje-za-projekt-eksploatacije-kamena-krecnjaka\\\/#article\",\"isPartOf\":{\"@id\":\"https:\\\/\\\/tuzlainfo.ba\\\/index.php\\\/novosti\\\/item\\\/241939-pobjeda-mjestana-spionice-osporeno-odobrenje-za-projekt-eksploatacije-kamena-krecnjaka\\\/\"},\"author\":{\"name\":\"nedim\",\"@id\":\"https:\\\/\\\/tuzlainfo.ba\\\/#\\\/schema\\\/person\\\/f434e20dc27ea133923aab08451b7f7f\"},\"headline\":\"Pobjeda mje\u0161tana \u0160pionice: Osporeno odobrenje za projekt eksploatacije kamena kre\u010dnjaka\",\"datePublished\":\"2024-06-21T19:03:16+00:00\",\"mainEntityOfPage\":{\"@id\":\"https:\\\/\\\/tuzlainfo.ba\\\/index.php\\\/novosti\\\/item\\\/241939-pobjeda-mjestana-spionice-osporeno-odobrenje-za-projekt-eksploatacije-kamena-krecnjaka\\\/\"},\"wordCount\":515,\"publisher\":{\"@id\":\"https:\\\/\\\/tuzlainfo.ba\\\/#organization\"},\"image\":{\"@id\":\"https:\\\/\\\/tuzlainfo.ba\\\/index.php\\\/novosti\\\/item\\\/241939-pobjeda-mjestana-spionice-osporeno-odobrenje-za-projekt-eksploatacije-kamena-krecnjaka\\\/#primaryimage\"},\"thumbnailUrl\":\"https:\\\/\\\/tuzlainfo.ba\\\/wp-content\\\/uploads\\\/2024\\\/06\\\/Stop-kamenolomu.jpg\",\"keywords\":[\"aarhus centar\",\"\u0161pionica\"],\"articleSection\":[\"Istaknuto\",\"Novosti\"],\"inLanguage\":\"bs-BA\",\"copyrightYear\":\"2024\",\"copyrightHolder\":{\"@id\":\"https:\\\/\\\/tuzlainfo.ba\\\/#organization\"}},{\"@type\":\"WebPage\",\"@id\":\"https:\\\/\\\/tuzlainfo.ba\\\/index.php\\\/novosti\\\/item\\\/241939-pobjeda-mjestana-spionice-osporeno-odobrenje-za-projekt-eksploatacije-kamena-krecnjaka\\\/\",\"url\":\"https:\\\/\\\/tuzlainfo.ba\\\/index.php\\\/novosti\\\/item\\\/241939-pobjeda-mjestana-spionice-osporeno-odobrenje-za-projekt-eksploatacije-kamena-krecnjaka\\\/\",\"name\":\"Pobjeda mje\u0161tana \u0160pionice: Osporeno odobrenje za projekt eksploatacije kamena kre\u010dnjaka\",\"isPartOf\":{\"@id\":\"https:\\\/\\\/tuzlainfo.ba\\\/#website\"},\"primaryImageOfPage\":{\"@id\":\"https:\\\/\\\/tuzlainfo.ba\\\/index.php\\\/novosti\\\/item\\\/241939-pobjeda-mjestana-spionice-osporeno-odobrenje-za-projekt-eksploatacije-kamena-krecnjaka\\\/#primaryimage\"},\"image\":{\"@id\":\"https:\\\/\\\/tuzlainfo.ba\\\/index.php\\\/novosti\\\/item\\\/241939-pobjeda-mjestana-spionice-osporeno-odobrenje-za-projekt-eksploatacije-kamena-krecnjaka\\\/#primaryimage\"},\"thumbnailUrl\":\"https:\\\/\\\/tuzlainfo.ba\\\/wp-content\\\/uploads\\\/2024\\\/06\\\/Stop-kamenolomu.jpg\",\"datePublished\":\"2024-06-21T19:03:16+00:00\",\"breadcrumb\":{\"@id\":\"https:\\\/\\\/tuzlainfo.ba\\\/index.php\\\/novosti\\\/item\\\/241939-pobjeda-mjestana-spionice-osporeno-odobrenje-za-projekt-eksploatacije-kamena-krecnjaka\\\/#breadcrumb\"},\"inLanguage\":\"bs-BA\",\"potentialAction\":[{\"@type\":\"ReadAction\",\"target\":[\"https:\\\/\\\/tuzlainfo.ba\\\/index.php\\\/novosti\\\/item\\\/241939-pobjeda-mjestana-spionice-osporeno-odobrenje-za-projekt-eksploatacije-kamena-krecnjaka\\\/\"]}]},{\"@type\":\"ImageObject\",\"inLanguage\":\"bs-BA\",\"@id\":\"https:\\\/\\\/tuzlainfo.ba\\\/index.php\\\/novosti\\\/item\\\/241939-pobjeda-mjestana-spionice-osporeno-odobrenje-za-projekt-eksploatacije-kamena-krecnjaka\\\/#primaryimage\",\"url\":\"https:\\\/\\\/tuzlainfo.ba\\\/wp-content\\\/uploads\\\/2024\\\/06\\\/Stop-kamenolomu.jpg\",\"contentUrl\":\"https:\\\/\\\/tuzlainfo.ba\\\/wp-content\\\/uploads\\\/2024\\\/06\\\/Stop-kamenolomu.jpg\",\"width\":1440,\"height\":810},{\"@type\":\"BreadcrumbList\",\"@id\":\"https:\\\/\\\/tuzlainfo.ba\\\/index.php\\\/novosti\\\/item\\\/241939-pobjeda-mjestana-spionice-osporeno-odobrenje-za-projekt-eksploatacije-kamena-krecnjaka\\\/#breadcrumb\",\"itemListElement\":[{\"@type\":\"ListItem\",\"position\":1,\"name\":\"Home\",\"item\":\"https:\\\/\\\/tuzlainfo.ba\\\/\"},{\"@type\":\"ListItem\",\"position\":2,\"name\":\"Pobjeda mje\u0161tana \u0160pionice: Osporeno odobrenje za projekt eksploatacije kamena kre\u010dnjaka\"}]},{\"@type\":\"WebSite\",\"@id\":\"https:\\\/\\\/tuzlainfo.ba\\\/#website\",\"url\":\"https:\\\/\\\/tuzlainfo.ba\\\/\",\"name\":\"TuzlaInfo.ba\",\"description\":\"Tuzla info, gradski informator - Tuzla na dlanu\",\"publisher\":{\"@id\":\"https:\\\/\\\/tuzlainfo.ba\\\/#organization\"},\"potentialAction\":[{\"@type\":\"SearchAction\",\"target\":{\"@type\":\"EntryPoint\",\"urlTemplate\":\"https:\\\/\\\/tuzlainfo.ba\\\/?s={search_term_string}\"},\"query-input\":{\"@type\":\"PropertyValueSpecification\",\"valueRequired\":true,\"valueName\":\"search_term_string\"}}],\"inLanguage\":\"bs-BA\"},{\"@type\":\"Organization\",\"@id\":\"https:\\\/\\\/tuzlainfo.ba\\\/#organization\",\"name\":\"TuzlaInfo.ba\",\"url\":\"https:\\\/\\\/tuzlainfo.ba\\\/\",\"logo\":{\"@type\":\"ImageObject\",\"inLanguage\":\"bs-BA\",\"@id\":\"https:\\\/\\\/tuzlainfo.ba\\\/#\\\/schema\\\/logo\\\/image\\\/\",\"url\":\"https:\\\/\\\/tuzlainfo.ba\\\/wp-content\\\/uploads\\\/2021\\\/03\\\/logo-ver-3-1.png\",\"contentUrl\":\"https:\\\/\\\/tuzlainfo.ba\\\/wp-content\\\/uploads\\\/2021\\\/03\\\/logo-ver-3-1.png\",\"width\":350,\"height\":95,\"caption\":\"TuzlaInfo.ba\"},\"image\":{\"@id\":\"https:\\\/\\\/tuzlainfo.ba\\\/#\\\/schema\\\/logo\\\/image\\\/\"},\"sameAs\":[\"https:\\\/\\\/www.facebook.com\\\/tuzlainfo.ba\\\/\"]},{\"@type\":\"Person\",\"@id\":\"https:\\\/\\\/tuzlainfo.ba\\\/#\\\/schema\\\/person\\\/f434e20dc27ea133923aab08451b7f7f\",\"name\":\"nedim\",\"image\":{\"@type\":\"ImageObject\",\"inLanguage\":\"bs-BA\",\"@id\":\"https:\\\/\\\/secure.gravatar.com\\\/avatar\\\/5b928a2e7e70a54208d2eb6c1edcb75a5350d6ae97d5f0a701203d456823f6f3?s=96&d=mm&r=g\",\"url\":\"https:\\\/\\\/secure.gravatar.com\\\/avatar\\\/5b928a2e7e70a54208d2eb6c1edcb75a5350d6ae97d5f0a701203d456823f6f3?s=96&d=mm&r=g\",\"contentUrl\":\"https:\\\/\\\/secure.gravatar.com\\\/avatar\\\/5b928a2e7e70a54208d2eb6c1edcb75a5350d6ae97d5f0a701203d456823f6f3?s=96&d=mm&r=g\",\"caption\":\"nedim\"},\"description\":\"Tuzlainfo.ba pratite na dru\u0161tvenim mre\u017eama: Facebook, Instagram i Youtube. Svoje pri\u010de, upite i fotografije \u0161aljite na na\u0161u e-mail adresu.\"}]}<\/script>\n<!-- \/ Yoast SEO plugin. -->","yoast_head_json":{"title":"Pobjeda mje\u0161tana \u0160pionice: Osporeno odobrenje za projekt eksploatacije kamena kre\u010dnjaka","robots":{"index":"index","follow":"follow","max-snippet":"max-snippet:-1","max-image-preview":"max-image-preview:large","max-video-preview":"max-video-preview:-1"},"canonical":"https:\/\/tuzlainfo.ba\/index.php\/novosti\/item\/241939-pobjeda-mjestana-spionice-osporeno-odobrenje-za-projekt-eksploatacije-kamena-krecnjaka\/","og_locale":"bs_BA","og_type":"article","og_title":"Pobjeda mje\u0161tana \u0160pionice: Osporeno odobrenje za projekt eksploatacije kamena kre\u010dnjaka","og_description":"Federalno ministarstvo okoli\u0161a i turizma Federacije Bosne i Hercegovine nedavno je donijelo va\u017enu odluku o prekidu postupka prethodne procjene utjecaja na okoli\u0161 za predlo\u017eenu eksploataciju kamena kre\u010dnjaka u \u0160pionici Gornjoj kod Grada Srebrenika. Ova odluka predstavlja zna\u010dajan korak naprijed za lokalno stanovni\u0161tvo koje ve\u0107 du\u017ee vrijeme vodi borbu protiv investitora i lokalne vlasti radi za\u0161tite [&hellip;]","og_url":"https:\/\/tuzlainfo.ba\/index.php\/novosti\/item\/241939-pobjeda-mjestana-spionice-osporeno-odobrenje-za-projekt-eksploatacije-kamena-krecnjaka\/","og_site_name":"TuzlaInfo.ba","article_publisher":"https:\/\/www.facebook.com\/tuzlainfo.ba\/","article_published_time":"2024-06-21T19:03:16+00:00","og_image":[{"width":1440,"height":810,"url":"https:\/\/tuzlainfo.ba\/wp-content\/uploads\/2024\/06\/Stop-kamenolomu.jpg","type":"image\/jpeg"}],"author":"nedim","twitter_card":"summary_large_image","twitter_misc":{"Written by":"nedim","Est. reading time":"3 minute"},"schema":{"@context":"https:\/\/schema.org","@graph":[{"@type":"Article","@id":"https:\/\/tuzlainfo.ba\/index.php\/novosti\/item\/241939-pobjeda-mjestana-spionice-osporeno-odobrenje-za-projekt-eksploatacije-kamena-krecnjaka\/#article","isPartOf":{"@id":"https:\/\/tuzlainfo.ba\/index.php\/novosti\/item\/241939-pobjeda-mjestana-spionice-osporeno-odobrenje-za-projekt-eksploatacije-kamena-krecnjaka\/"},"author":{"name":"nedim","@id":"https:\/\/tuzlainfo.ba\/#\/schema\/person\/f434e20dc27ea133923aab08451b7f7f"},"headline":"Pobjeda mje\u0161tana \u0160pionice: Osporeno odobrenje za projekt eksploatacije kamena kre\u010dnjaka","datePublished":"2024-06-21T19:03:16+00:00","mainEntityOfPage":{"@id":"https:\/\/tuzlainfo.ba\/index.php\/novosti\/item\/241939-pobjeda-mjestana-spionice-osporeno-odobrenje-za-projekt-eksploatacije-kamena-krecnjaka\/"},"wordCount":515,"publisher":{"@id":"https:\/\/tuzlainfo.ba\/#organization"},"image":{"@id":"https:\/\/tuzlainfo.ba\/index.php\/novosti\/item\/241939-pobjeda-mjestana-spionice-osporeno-odobrenje-za-projekt-eksploatacije-kamena-krecnjaka\/#primaryimage"},"thumbnailUrl":"https:\/\/tuzlainfo.ba\/wp-content\/uploads\/2024\/06\/Stop-kamenolomu.jpg","keywords":["aarhus centar","\u0161pionica"],"articleSection":["Istaknuto","Novosti"],"inLanguage":"bs-BA","copyrightYear":"2024","copyrightHolder":{"@id":"https:\/\/tuzlainfo.ba\/#organization"}},{"@type":"WebPage","@id":"https:\/\/tuzlainfo.ba\/index.php\/novosti\/item\/241939-pobjeda-mjestana-spionice-osporeno-odobrenje-za-projekt-eksploatacije-kamena-krecnjaka\/","url":"https:\/\/tuzlainfo.ba\/index.php\/novosti\/item\/241939-pobjeda-mjestana-spionice-osporeno-odobrenje-za-projekt-eksploatacije-kamena-krecnjaka\/","name":"Pobjeda mje\u0161tana \u0160pionice: Osporeno odobrenje za projekt eksploatacije kamena kre\u010dnjaka","isPartOf":{"@id":"https:\/\/tuzlainfo.ba\/#website"},"primaryImageOfPage":{"@id":"https:\/\/tuzlainfo.ba\/index.php\/novosti\/item\/241939-pobjeda-mjestana-spionice-osporeno-odobrenje-za-projekt-eksploatacije-kamena-krecnjaka\/#primaryimage"},"image":{"@id":"https:\/\/tuzlainfo.ba\/index.php\/novosti\/item\/241939-pobjeda-mjestana-spionice-osporeno-odobrenje-za-projekt-eksploatacije-kamena-krecnjaka\/#primaryimage"},"thumbnailUrl":"https:\/\/tuzlainfo.ba\/wp-content\/uploads\/2024\/06\/Stop-kamenolomu.jpg","datePublished":"2024-06-21T19:03:16+00:00","breadcrumb":{"@id":"https:\/\/tuzlainfo.ba\/index.php\/novosti\/item\/241939-pobjeda-mjestana-spionice-osporeno-odobrenje-za-projekt-eksploatacije-kamena-krecnjaka\/#breadcrumb"},"inLanguage":"bs-BA","potentialAction":[{"@type":"ReadAction","target":["https:\/\/tuzlainfo.ba\/index.php\/novosti\/item\/241939-pobjeda-mjestana-spionice-osporeno-odobrenje-za-projekt-eksploatacije-kamena-krecnjaka\/"]}]},{"@type":"ImageObject","inLanguage":"bs-BA","@id":"https:\/\/tuzlainfo.ba\/index.php\/novosti\/item\/241939-pobjeda-mjestana-spionice-osporeno-odobrenje-za-projekt-eksploatacije-kamena-krecnjaka\/#primaryimage","url":"https:\/\/tuzlainfo.ba\/wp-content\/uploads\/2024\/06\/Stop-kamenolomu.jpg","contentUrl":"https:\/\/tuzlainfo.ba\/wp-content\/uploads\/2024\/06\/Stop-kamenolomu.jpg","width":1440,"height":810},{"@type":"BreadcrumbList","@id":"https:\/\/tuzlainfo.ba\/index.php\/novosti\/item\/241939-pobjeda-mjestana-spionice-osporeno-odobrenje-za-projekt-eksploatacije-kamena-krecnjaka\/#breadcrumb","itemListElement":[{"@type":"ListItem","position":1,"name":"Home","item":"https:\/\/tuzlainfo.ba\/"},{"@type":"ListItem","position":2,"name":"Pobjeda mje\u0161tana \u0160pionice: Osporeno odobrenje za projekt eksploatacije kamena kre\u010dnjaka"}]},{"@type":"WebSite","@id":"https:\/\/tuzlainfo.ba\/#website","url":"https:\/\/tuzlainfo.ba\/","name":"TuzlaInfo.ba","description":"Tuzla info, gradski informator - Tuzla na dlanu","publisher":{"@id":"https:\/\/tuzlainfo.ba\/#organization"},"potentialAction":[{"@type":"SearchAction","target":{"@type":"EntryPoint","urlTemplate":"https:\/\/tuzlainfo.ba\/?s={search_term_string}"},"query-input":{"@type":"PropertyValueSpecification","valueRequired":true,"valueName":"search_term_string"}}],"inLanguage":"bs-BA"},{"@type":"Organization","@id":"https:\/\/tuzlainfo.ba\/#organization","name":"TuzlaInfo.ba","url":"https:\/\/tuzlainfo.ba\/","logo":{"@type":"ImageObject","inLanguage":"bs-BA","@id":"https:\/\/tuzlainfo.ba\/#\/schema\/logo\/image\/","url":"https:\/\/tuzlainfo.ba\/wp-content\/uploads\/2021\/03\/logo-ver-3-1.png","contentUrl":"https:\/\/tuzlainfo.ba\/wp-content\/uploads\/2021\/03\/logo-ver-3-1.png","width":350,"height":95,"caption":"TuzlaInfo.ba"},"image":{"@id":"https:\/\/tuzlainfo.ba\/#\/schema\/logo\/image\/"},"sameAs":["https:\/\/www.facebook.com\/tuzlainfo.ba\/"]},{"@type":"Person","@id":"https:\/\/tuzlainfo.ba\/#\/schema\/person\/f434e20dc27ea133923aab08451b7f7f","name":"nedim","image":{"@type":"ImageObject","inLanguage":"bs-BA","@id":"https:\/\/secure.gravatar.com\/avatar\/5b928a2e7e70a54208d2eb6c1edcb75a5350d6ae97d5f0a701203d456823f6f3?s=96&d=mm&r=g","url":"https:\/\/secure.gravatar.com\/avatar\/5b928a2e7e70a54208d2eb6c1edcb75a5350d6ae97d5f0a701203d456823f6f3?s=96&d=mm&r=g","contentUrl":"https:\/\/secure.gravatar.com\/avatar\/5b928a2e7e70a54208d2eb6c1edcb75a5350d6ae97d5f0a701203d456823f6f3?s=96&d=mm&r=g","caption":"nedim"},"description":"Tuzlainfo.ba pratite na dru\u0161tvenim mre\u017eama: Facebook, Instagram i Youtube. Svoje pri\u010de, upite i fotografije \u0161aljite na na\u0161u e-mail adresu."}]}},"_links":{"self":[{"href":"https:\/\/tuzlainfo.ba\/index.php\/wp-json\/wp\/v2\/posts\/241939","targetHints":{"allow":["GET"]}}],"collection":[{"href":"https:\/\/tuzlainfo.ba\/index.php\/wp-json\/wp\/v2\/posts"}],"about":[{"href":"https:\/\/tuzlainfo.ba\/index.php\/wp-json\/wp\/v2\/types\/post"}],"author":[{"embeddable":true,"href":"https:\/\/tuzlainfo.ba\/index.php\/wp-json\/wp\/v2\/users\/2"}],"replies":[{"embeddable":true,"href":"https:\/\/tuzlainfo.ba\/index.php\/wp-json\/wp\/v2\/comments?post=241939"}],"version-history":[{"count":1,"href":"https:\/\/tuzlainfo.ba\/index.php\/wp-json\/wp\/v2\/posts\/241939\/revisions"}],"predecessor-version":[{"id":241941,"href":"https:\/\/tuzlainfo.ba\/index.php\/wp-json\/wp\/v2\/posts\/241939\/revisions\/241941"}],"wp:featuredmedia":[{"embeddable":true,"href":"https:\/\/tuzlainfo.ba\/index.php\/wp-json\/wp\/v2\/media\/241940"}],"wp:attachment":[{"href":"https:\/\/tuzlainfo.ba\/index.php\/wp-json\/wp\/v2\/media?parent=241939"}],"wp:term":[{"taxonomy":"category","embeddable":true,"href":"https:\/\/tuzlainfo.ba\/index.php\/wp-json\/wp\/v2\/categories?post=241939"},{"taxonomy":"post_tag","embeddable":true,"href":"https:\/\/tuzlainfo.ba\/index.php\/wp-json\/wp\/v2\/tags?post=241939"}],"curies":[{"name":"wp","href":"https:\/\/api.w.org\/{rel}","templated":true}]}}