{"id":241908,"date":"2024-06-21T13:01:40","date_gmt":"2024-06-21T11:01:40","guid":{"rendered":"https:\/\/tuzlainfo.ba\/?p=241908"},"modified":"2024-06-21T11:37:47","modified_gmt":"2024-06-21T09:37:47","slug":"voz-od-sarajeva-do-ploca-pocinje-sa-radom-28-juna-povratna-karta-kosta-4140-km","status":"publish","type":"post","link":"https:\/\/tuzlainfo.ba\/index.php\/bosna-i-hercegovina\/item\/241908-voz-od-sarajeva-do-ploca-pocinje-sa-radom-28-juna-povratna-karta-kosta-4140-km\/","title":{"rendered":"Voz od Sarajeva do Plo\u010da po\u010dinje sa radom 28. juna, povratna karta ko\u0161ta 41,40 KM"},"content":{"rendered":"<p>Sezonski putni\u010dki voz Sarajevo-Plo\u010de-Sarajevo saobra\u0107at \u0107e od 28. juna do 1. septembra petkom, subotom i nedjeljom.<\/p>\n<p>Voz iz Sarajeva polazi u 7:15 sati, a u Plo\u010de sti\u017ee u 10.36 sati, dok je povratak iz Plo\u010da u 18:26, a dolazak u Sarajevo u 21:51 sati.<\/p>\n<p>Cijena karte u jednom smjeru je 25 KM, a povratna 41,40 KM i va\u017ei mjesec dana.<\/p>\n<p>Putnici koji imaju pravo na povlasticu od 30 posto: studenti, novinari, penzioneri i grupe s vi\u0161e od \u0161est odraslih putnika, kartu u jednom pravcu \u0107e pla\u0107ati 18,60 KM, a povratnu 37,20 KM.<\/p>\n<p>Putnici s povlasticama od 50 posto: djeca od \u010detiri do 12 godina, slijepe osobe i njihova pratnja, grupe s vi\u0161e od 30 odraslih, kartu u jednom pravcu \u0107e pla\u0107ati 14,30 KM, a povratnu 28,60 KM.<\/p>\n<p>Karte treba kupovati najkasnije dan prije planiranog putovanja do 12 sati i na blagajni ostaviti podatke o imenu i prezimenu, godini ro\u0111enja i broju paso\u0161a.<\/p>\n<p>Ova procedura je obavezna u cilju efikasnije carinske kontrole i kra\u0107eg zadr\u017eavanja pri prelasku dr\u017eavne granice izme\u0111u Bosne i Hercegovine i Republike Hrvatske u \u010capljini.<\/p>\n<p>Karte je mogu\u0107e kupiti na prodajnim mjestima u Sarajevu, Had\u017ei\u0107ima, Konjicu, Mostaru i \u010capljini. Ako putnik zapo\u010dinje putovanje u Plo\u010dama, kupit \u0107e je na dan putovanja kod konduktera u vozu. Putnici kartu pla\u0107aju u konvertibilnim markama ili u eurima i ne mogu je nabaviti online.<\/p>\n<p>Zbog uvo\u0111enja ovog sezonskog putni\u010dkog voza, od 28. juna do 1. septembra petkom, subotom i nedjeljom bi\u0107e pomjeren termin polaska poslijepodnevnog voza iz \u010capljine za Sarajevo u 19:29 sati, iz Mostara u 19:56, iz Konjica u 20:45 te iz Had\u017ei\u0107a u 21:34 sati.<\/p>\n","protected":false},"excerpt":{"rendered":"<p>Sezonski putni\u010dki voz Sarajevo-Plo\u010de-Sarajevo saobra\u0107at \u0107e od 28. juna do 1. septembra petkom, subotom i&hellip;<\/p>\n","protected":false},"author":3,"featured_media":239817,"comment_status":"closed","ping_status":"closed","sticky":false,"template":"","format":"standard","meta":{"_acf_changed":false,"footnotes":""},"categories":[291],"tags":[4435,43,10403],"acf":[],"yoast_head":"<!-- This site is optimized with the Yoast SEO plugin v23.5 - https:\/\/yoast.com\/wordpress\/plugins\/seo\/ -->\n<title>Voz od Sarajeva do Plo\u010da po\u010dinje sa radom 28. juna, povratna karta ko\u0161ta 41,40 KM - TuzlaInfo.ba<\/title>\n<meta name=\"robots\" content=\"index, follow, max-snippet:-1, max-image-preview:large, max-video-preview:-1\" \/>\n<link rel=\"canonical\" href=\"https:\/\/tuzlainfo.ba\/index.php\/bosna-i-hercegovina\/item\/241908-voz-od-sarajeva-do-ploca-pocinje-sa-radom-28-juna-povratna-karta-kosta-4140-km\/\" \/>\n<meta property=\"og:locale\" content=\"bs_BA\" \/>\n<meta property=\"og:type\" content=\"article\" \/>\n<meta property=\"og:title\" content=\"Voz od Sarajeva do Plo\u010da po\u010dinje sa radom 28. juna, povratna karta ko\u0161ta 41,40 KM - TuzlaInfo.ba\" \/>\n<meta property=\"og:description\" content=\"Sezonski putni\u010dki voz Sarajevo-Plo\u010de-Sarajevo saobra\u0107at \u0107e od 28. juna do 1. septembra petkom, subotom i&hellip;\" \/>\n<meta property=\"og:url\" content=\"https:\/\/tuzlainfo.ba\/index.php\/bosna-i-hercegovina\/item\/241908-voz-od-sarajeva-do-ploca-pocinje-sa-radom-28-juna-povratna-karta-kosta-4140-km\/\" \/>\n<meta property=\"og:site_name\" content=\"TuzlaInfo.ba\" \/>\n<meta property=\"article:publisher\" content=\"https:\/\/www.facebook.com\/tuzlainfo.ba\/\" \/>\n<meta property=\"article:published_time\" content=\"2024-06-21T11:01:40+00:00\" \/>\n<meta property=\"article:modified_time\" content=\"2024-06-21T09:37:47+00:00\" \/>\n<meta property=\"og:image\" content=\"https:\/\/tuzlainfo.ba\/wp-content\/uploads\/2024\/05\/2905_zeljeznicef-bih-voz.webp\" \/>\n\t<meta property=\"og:image:width\" content=\"871\" \/>\n\t<meta property=\"og:image:height\" content=\"540\" \/>\n\t<meta property=\"og:image:type\" content=\"image\/webp\" \/>\n<meta name=\"author\" content=\"admin2\" \/>\n<meta name=\"twitter:card\" content=\"summary_large_image\" \/>\n<meta name=\"twitter:label1\" content=\"Written by\" \/>\n\t<meta name=\"twitter:data1\" content=\"admin2\" \/>\n\t<meta name=\"twitter:label2\" content=\"Est. reading time\" \/>\n\t<meta name=\"twitter:data2\" content=\"2 minute\" \/>\n<script type=\"application\/ld+json\" class=\"yoast-schema-graph\">{\"@context\":\"https:\/\/schema.org\",\"@graph\":[{\"@type\":\"Article\",\"@id\":\"https:\/\/tuzlainfo.ba\/index.php\/bosna-i-hercegovina\/item\/241908-voz-od-sarajeva-do-ploca-pocinje-sa-radom-28-juna-povratna-karta-kosta-4140-km\/#article\",\"isPartOf\":{\"@id\":\"https:\/\/tuzlainfo.ba\/index.php\/bosna-i-hercegovina\/item\/241908-voz-od-sarajeva-do-ploca-pocinje-sa-radom-28-juna-povratna-karta-kosta-4140-km\/\"},\"author\":{\"name\":\"admin2\",\"@id\":\"https:\/\/tuzlainfo.ba\/#\/schema\/person\/f4ebe4fff27e68efb65fa7e18f8af372\"},\"headline\":\"Voz od Sarajeva do Plo\u010da po\u010dinje sa radom 28. juna, povratna karta ko\u0161ta 41,40 KM\",\"datePublished\":\"2024-06-21T11:01:40+00:00\",\"dateModified\":\"2024-06-21T09:37:47+00:00\",\"mainEntityOfPage\":{\"@id\":\"https:\/\/tuzlainfo.ba\/index.php\/bosna-i-hercegovina\/item\/241908-voz-od-sarajeva-do-ploca-pocinje-sa-radom-28-juna-povratna-karta-kosta-4140-km\/\"},\"wordCount\":286,\"publisher\":{\"@id\":\"https:\/\/tuzlainfo.ba\/#organization\"},\"image\":{\"@id\":\"https:\/\/tuzlainfo.ba\/index.php\/bosna-i-hercegovina\/item\/241908-voz-od-sarajeva-do-ploca-pocinje-sa-radom-28-juna-povratna-karta-kosta-4140-km\/#primaryimage\"},\"thumbnailUrl\":\"https:\/\/tuzlainfo.ba\/wp-content\/uploads\/2024\/05\/2905_zeljeznicef-bih-voz.webp\",\"keywords\":[\"plo\u010de\",\"sarajevo\",\"sezonski voz\"],\"articleSection\":[\"Bosna i Hercegovina\"],\"inLanguage\":\"bs-BA\"},{\"@type\":\"WebPage\",\"@id\":\"https:\/\/tuzlainfo.ba\/index.php\/bosna-i-hercegovina\/item\/241908-voz-od-sarajeva-do-ploca-pocinje-sa-radom-28-juna-povratna-karta-kosta-4140-km\/\",\"url\":\"https:\/\/tuzlainfo.ba\/index.php\/bosna-i-hercegovina\/item\/241908-voz-od-sarajeva-do-ploca-pocinje-sa-radom-28-juna-povratna-karta-kosta-4140-km\/\",\"name\":\"Voz od Sarajeva do Plo\u010da po\u010dinje sa radom 28. juna, povratna karta ko\u0161ta 41,40 KM - TuzlaInfo.ba\",\"isPartOf\":{\"@id\":\"https:\/\/tuzlainfo.ba\/#website\"},\"primaryImageOfPage\":{\"@id\":\"https:\/\/tuzlainfo.ba\/index.php\/bosna-i-hercegovina\/item\/241908-voz-od-sarajeva-do-ploca-pocinje-sa-radom-28-juna-povratna-karta-kosta-4140-km\/#primaryimage\"},\"image\":{\"@id\":\"https:\/\/tuzlainfo.ba\/index.php\/bosna-i-hercegovina\/item\/241908-voz-od-sarajeva-do-ploca-pocinje-sa-radom-28-juna-povratna-karta-kosta-4140-km\/#primaryimage\"},\"thumbnailUrl\":\"https:\/\/tuzlainfo.ba\/wp-content\/uploads\/2024\/05\/2905_zeljeznicef-bih-voz.webp\",\"datePublished\":\"2024-06-21T11:01:40+00:00\",\"dateModified\":\"2024-06-21T09:37:47+00:00\",\"breadcrumb\":{\"@id\":\"https:\/\/tuzlainfo.ba\/index.php\/bosna-i-hercegovina\/item\/241908-voz-od-sarajeva-do-ploca-pocinje-sa-radom-28-juna-povratna-karta-kosta-4140-km\/#breadcrumb\"},\"inLanguage\":\"bs-BA\",\"potentialAction\":[{\"@type\":\"ReadAction\",\"target\":[\"https:\/\/tuzlainfo.ba\/index.php\/bosna-i-hercegovina\/item\/241908-voz-od-sarajeva-do-ploca-pocinje-sa-radom-28-juna-povratna-karta-kosta-4140-km\/\"]}]},{\"@type\":\"ImageObject\",\"inLanguage\":\"bs-BA\",\"@id\":\"https:\/\/tuzlainfo.ba\/index.php\/bosna-i-hercegovina\/item\/241908-voz-od-sarajeva-do-ploca-pocinje-sa-radom-28-juna-povratna-karta-kosta-4140-km\/#primaryimage\",\"url\":\"https:\/\/tuzlainfo.ba\/wp-content\/uploads\/2024\/05\/2905_zeljeznicef-bih-voz.webp\",\"contentUrl\":\"https:\/\/tuzlainfo.ba\/wp-content\/uploads\/2024\/05\/2905_zeljeznicef-bih-voz.webp\",\"width\":871,\"height\":540},{\"@type\":\"BreadcrumbList\",\"@id\":\"https:\/\/tuzlainfo.ba\/index.php\/bosna-i-hercegovina\/item\/241908-voz-od-sarajeva-do-ploca-pocinje-sa-radom-28-juna-povratna-karta-kosta-4140-km\/#breadcrumb\",\"itemListElement\":[{\"@type\":\"ListItem\",\"position\":1,\"name\":\"Home\",\"item\":\"https:\/\/tuzlainfo.ba\/\"},{\"@type\":\"ListItem\",\"position\":2,\"name\":\"Voz od Sarajeva do Plo\u010da po\u010dinje sa radom 28. juna, povratna karta ko\u0161ta 41,40 KM\"}]},{\"@type\":\"WebSite\",\"@id\":\"https:\/\/tuzlainfo.ba\/#website\",\"url\":\"https:\/\/tuzlainfo.ba\/\",\"name\":\"TuzlaInfo.ba\",\"description\":\"Tuzla info, gradski informator - Tuzla na dlanu\",\"publisher\":{\"@id\":\"https:\/\/tuzlainfo.ba\/#organization\"},\"potentialAction\":[{\"@type\":\"SearchAction\",\"target\":{\"@type\":\"EntryPoint\",\"urlTemplate\":\"https:\/\/tuzlainfo.ba\/?s={search_term_string}\"},\"query-input\":{\"@type\":\"PropertyValueSpecification\",\"valueRequired\":true,\"valueName\":\"search_term_string\"}}],\"inLanguage\":\"bs-BA\"},{\"@type\":\"Organization\",\"@id\":\"https:\/\/tuzlainfo.ba\/#organization\",\"name\":\"TuzlaInfo.ba\",\"url\":\"https:\/\/tuzlainfo.ba\/\",\"logo\":{\"@type\":\"ImageObject\",\"inLanguage\":\"bs-BA\",\"@id\":\"https:\/\/tuzlainfo.ba\/#\/schema\/logo\/image\/\",\"url\":\"https:\/\/tuzlainfo.ba\/wp-content\/uploads\/2021\/03\/logo-ver-3-1.png\",\"contentUrl\":\"https:\/\/tuzlainfo.ba\/wp-content\/uploads\/2021\/03\/logo-ver-3-1.png\",\"width\":350,\"height\":95,\"caption\":\"TuzlaInfo.ba\"},\"image\":{\"@id\":\"https:\/\/tuzlainfo.ba\/#\/schema\/logo\/image\/\"},\"sameAs\":[\"https:\/\/www.facebook.com\/tuzlainfo.ba\/\"]},{\"@type\":\"Person\",\"@id\":\"https:\/\/tuzlainfo.ba\/#\/schema\/person\/f4ebe4fff27e68efb65fa7e18f8af372\",\"name\":\"admin2\",\"image\":{\"@type\":\"ImageObject\",\"inLanguage\":\"bs-BA\",\"@id\":\"https:\/\/tuzlainfo.ba\/#\/schema\/person\/image\/\",\"url\":\"https:\/\/tuzlainfo.ba\/wp-content\/litespeed\/avatar\/8219eeb9a43cff2d096e773737736f62.jpg?ver=1777309398\",\"contentUrl\":\"https:\/\/tuzlainfo.ba\/wp-content\/litespeed\/avatar\/8219eeb9a43cff2d096e773737736f62.jpg?ver=1777309398\",\"caption\":\"admin2\"},\"description\":\"Tuzlainfo.ba pratite na dru\u0161tvenim mre\u017eama: Facebook, Instagram i Youtube. Svoje pri\u010de, upite i fotografije \u0161aljite na na\u0161u e-mail adresu.\",\"sameAs\":[\"admin\"]}]}<\/script>\n<!-- \/ Yoast SEO plugin. -->","yoast_head_json":{"title":"Voz od Sarajeva do Plo\u010da po\u010dinje sa radom 28. juna, povratna karta ko\u0161ta 41,40 KM - TuzlaInfo.ba","robots":{"index":"index","follow":"follow","max-snippet":"max-snippet:-1","max-image-preview":"max-image-preview:large","max-video-preview":"max-video-preview:-1"},"canonical":"https:\/\/tuzlainfo.ba\/index.php\/bosna-i-hercegovina\/item\/241908-voz-od-sarajeva-do-ploca-pocinje-sa-radom-28-juna-povratna-karta-kosta-4140-km\/","og_locale":"bs_BA","og_type":"article","og_title":"Voz od Sarajeva do Plo\u010da po\u010dinje sa radom 28. juna, povratna karta ko\u0161ta 41,40 KM - TuzlaInfo.ba","og_description":"Sezonski putni\u010dki voz Sarajevo-Plo\u010de-Sarajevo saobra\u0107at \u0107e od 28. juna do 1. septembra petkom, subotom i&hellip;","og_url":"https:\/\/tuzlainfo.ba\/index.php\/bosna-i-hercegovina\/item\/241908-voz-od-sarajeva-do-ploca-pocinje-sa-radom-28-juna-povratna-karta-kosta-4140-km\/","og_site_name":"TuzlaInfo.ba","article_publisher":"https:\/\/www.facebook.com\/tuzlainfo.ba\/","article_published_time":"2024-06-21T11:01:40+00:00","article_modified_time":"2024-06-21T09:37:47+00:00","og_image":[{"width":871,"height":540,"url":"https:\/\/tuzlainfo.ba\/wp-content\/uploads\/2024\/05\/2905_zeljeznicef-bih-voz.webp","type":"image\/webp"}],"author":"admin2","twitter_card":"summary_large_image","twitter_misc":{"Written by":"admin2","Est. reading time":"2 minute"},"schema":{"@context":"https:\/\/schema.org","@graph":[{"@type":"Article","@id":"https:\/\/tuzlainfo.ba\/index.php\/bosna-i-hercegovina\/item\/241908-voz-od-sarajeva-do-ploca-pocinje-sa-radom-28-juna-povratna-karta-kosta-4140-km\/#article","isPartOf":{"@id":"https:\/\/tuzlainfo.ba\/index.php\/bosna-i-hercegovina\/item\/241908-voz-od-sarajeva-do-ploca-pocinje-sa-radom-28-juna-povratna-karta-kosta-4140-km\/"},"author":{"name":"admin2","@id":"https:\/\/tuzlainfo.ba\/#\/schema\/person\/f4ebe4fff27e68efb65fa7e18f8af372"},"headline":"Voz od Sarajeva do Plo\u010da po\u010dinje sa radom 28. juna, povratna karta ko\u0161ta 41,40 KM","datePublished":"2024-06-21T11:01:40+00:00","dateModified":"2024-06-21T09:37:47+00:00","mainEntityOfPage":{"@id":"https:\/\/tuzlainfo.ba\/index.php\/bosna-i-hercegovina\/item\/241908-voz-od-sarajeva-do-ploca-pocinje-sa-radom-28-juna-povratna-karta-kosta-4140-km\/"},"wordCount":286,"publisher":{"@id":"https:\/\/tuzlainfo.ba\/#organization"},"image":{"@id":"https:\/\/tuzlainfo.ba\/index.php\/bosna-i-hercegovina\/item\/241908-voz-od-sarajeva-do-ploca-pocinje-sa-radom-28-juna-povratna-karta-kosta-4140-km\/#primaryimage"},"thumbnailUrl":"https:\/\/tuzlainfo.ba\/wp-content\/uploads\/2024\/05\/2905_zeljeznicef-bih-voz.webp","keywords":["plo\u010de","sarajevo","sezonski voz"],"articleSection":["Bosna i Hercegovina"],"inLanguage":"bs-BA"},{"@type":"WebPage","@id":"https:\/\/tuzlainfo.ba\/index.php\/bosna-i-hercegovina\/item\/241908-voz-od-sarajeva-do-ploca-pocinje-sa-radom-28-juna-povratna-karta-kosta-4140-km\/","url":"https:\/\/tuzlainfo.ba\/index.php\/bosna-i-hercegovina\/item\/241908-voz-od-sarajeva-do-ploca-pocinje-sa-radom-28-juna-povratna-karta-kosta-4140-km\/","name":"Voz od Sarajeva do Plo\u010da po\u010dinje sa radom 28. juna, povratna karta ko\u0161ta 41,40 KM - TuzlaInfo.ba","isPartOf":{"@id":"https:\/\/tuzlainfo.ba\/#website"},"primaryImageOfPage":{"@id":"https:\/\/tuzlainfo.ba\/index.php\/bosna-i-hercegovina\/item\/241908-voz-od-sarajeva-do-ploca-pocinje-sa-radom-28-juna-povratna-karta-kosta-4140-km\/#primaryimage"},"image":{"@id":"https:\/\/tuzlainfo.ba\/index.php\/bosna-i-hercegovina\/item\/241908-voz-od-sarajeva-do-ploca-pocinje-sa-radom-28-juna-povratna-karta-kosta-4140-km\/#primaryimage"},"thumbnailUrl":"https:\/\/tuzlainfo.ba\/wp-content\/uploads\/2024\/05\/2905_zeljeznicef-bih-voz.webp","datePublished":"2024-06-21T11:01:40+00:00","dateModified":"2024-06-21T09:37:47+00:00","breadcrumb":{"@id":"https:\/\/tuzlainfo.ba\/index.php\/bosna-i-hercegovina\/item\/241908-voz-od-sarajeva-do-ploca-pocinje-sa-radom-28-juna-povratna-karta-kosta-4140-km\/#breadcrumb"},"inLanguage":"bs-BA","potentialAction":[{"@type":"ReadAction","target":["https:\/\/tuzlainfo.ba\/index.php\/bosna-i-hercegovina\/item\/241908-voz-od-sarajeva-do-ploca-pocinje-sa-radom-28-juna-povratna-karta-kosta-4140-km\/"]}]},{"@type":"ImageObject","inLanguage":"bs-BA","@id":"https:\/\/tuzlainfo.ba\/index.php\/bosna-i-hercegovina\/item\/241908-voz-od-sarajeva-do-ploca-pocinje-sa-radom-28-juna-povratna-karta-kosta-4140-km\/#primaryimage","url":"https:\/\/tuzlainfo.ba\/wp-content\/uploads\/2024\/05\/2905_zeljeznicef-bih-voz.webp","contentUrl":"https:\/\/tuzlainfo.ba\/wp-content\/uploads\/2024\/05\/2905_zeljeznicef-bih-voz.webp","width":871,"height":540},{"@type":"BreadcrumbList","@id":"https:\/\/tuzlainfo.ba\/index.php\/bosna-i-hercegovina\/item\/241908-voz-od-sarajeva-do-ploca-pocinje-sa-radom-28-juna-povratna-karta-kosta-4140-km\/#breadcrumb","itemListElement":[{"@type":"ListItem","position":1,"name":"Home","item":"https:\/\/tuzlainfo.ba\/"},{"@type":"ListItem","position":2,"name":"Voz od Sarajeva do Plo\u010da po\u010dinje sa radom 28. juna, povratna karta ko\u0161ta 41,40 KM"}]},{"@type":"WebSite","@id":"https:\/\/tuzlainfo.ba\/#website","url":"https:\/\/tuzlainfo.ba\/","name":"TuzlaInfo.ba","description":"Tuzla info, gradski informator - Tuzla na dlanu","publisher":{"@id":"https:\/\/tuzlainfo.ba\/#organization"},"potentialAction":[{"@type":"SearchAction","target":{"@type":"EntryPoint","urlTemplate":"https:\/\/tuzlainfo.ba\/?s={search_term_string}"},"query-input":{"@type":"PropertyValueSpecification","valueRequired":true,"valueName":"search_term_string"}}],"inLanguage":"bs-BA"},{"@type":"Organization","@id":"https:\/\/tuzlainfo.ba\/#organization","name":"TuzlaInfo.ba","url":"https:\/\/tuzlainfo.ba\/","logo":{"@type":"ImageObject","inLanguage":"bs-BA","@id":"https:\/\/tuzlainfo.ba\/#\/schema\/logo\/image\/","url":"https:\/\/tuzlainfo.ba\/wp-content\/uploads\/2021\/03\/logo-ver-3-1.png","contentUrl":"https:\/\/tuzlainfo.ba\/wp-content\/uploads\/2021\/03\/logo-ver-3-1.png","width":350,"height":95,"caption":"TuzlaInfo.ba"},"image":{"@id":"https:\/\/tuzlainfo.ba\/#\/schema\/logo\/image\/"},"sameAs":["https:\/\/www.facebook.com\/tuzlainfo.ba\/"]},{"@type":"Person","@id":"https:\/\/tuzlainfo.ba\/#\/schema\/person\/f4ebe4fff27e68efb65fa7e18f8af372","name":"admin2","image":{"@type":"ImageObject","inLanguage":"bs-BA","@id":"https:\/\/tuzlainfo.ba\/#\/schema\/person\/image\/","url":"https:\/\/tuzlainfo.ba\/wp-content\/litespeed\/avatar\/8219eeb9a43cff2d096e773737736f62.jpg?ver=1777309398","contentUrl":"https:\/\/tuzlainfo.ba\/wp-content\/litespeed\/avatar\/8219eeb9a43cff2d096e773737736f62.jpg?ver=1777309398","caption":"admin2"},"description":"Tuzlainfo.ba pratite na dru\u0161tvenim mre\u017eama: Facebook, Instagram i Youtube. Svoje pri\u010de, upite i fotografije \u0161aljite na na\u0161u e-mail adresu.","sameAs":["admin"]}]}},"_links":{"self":[{"href":"https:\/\/tuzlainfo.ba\/index.php\/wp-json\/wp\/v2\/posts\/241908"}],"collection":[{"href":"https:\/\/tuzlainfo.ba\/index.php\/wp-json\/wp\/v2\/posts"}],"about":[{"href":"https:\/\/tuzlainfo.ba\/index.php\/wp-json\/wp\/v2\/types\/post"}],"author":[{"embeddable":true,"href":"https:\/\/tuzlainfo.ba\/index.php\/wp-json\/wp\/v2\/users\/3"}],"replies":[{"embeddable":true,"href":"https:\/\/tuzlainfo.ba\/index.php\/wp-json\/wp\/v2\/comments?post=241908"}],"version-history":[{"count":1,"href":"https:\/\/tuzlainfo.ba\/index.php\/wp-json\/wp\/v2\/posts\/241908\/revisions"}],"predecessor-version":[{"id":241922,"href":"https:\/\/tuzlainfo.ba\/index.php\/wp-json\/wp\/v2\/posts\/241908\/revisions\/241922"}],"wp:featuredmedia":[{"embeddable":true,"href":"https:\/\/tuzlainfo.ba\/index.php\/wp-json\/wp\/v2\/media\/239817"}],"wp:attachment":[{"href":"https:\/\/tuzlainfo.ba\/index.php\/wp-json\/wp\/v2\/media?parent=241908"}],"wp:term":[{"taxonomy":"category","embeddable":true,"href":"https:\/\/tuzlainfo.ba\/index.php\/wp-json\/wp\/v2\/categories?post=241908"},{"taxonomy":"post_tag","embeddable":true,"href":"https:\/\/tuzlainfo.ba\/index.php\/wp-json\/wp\/v2\/tags?post=241908"}],"curies":[{"name":"wp","href":"https:\/\/api.w.org\/{rel}","templated":true}]}}