{"id":241613,"date":"2024-06-17T11:04:35","date_gmt":"2024-06-17T09:04:35","guid":{"rendered":"https:\/\/tuzlainfo.ba\/?p=241613"},"modified":"2024-06-17T08:38:35","modified_gmt":"2024-06-17T06:38:35","slug":"np-tuzla-priprema-novu-predstavu-rezija-povjerena-velikom-glumacu-i-reditelju-iz-srbije","status":"publish","type":"post","link":"https:\/\/tuzlainfo.ba\/index.php\/novosti\/item\/241613-np-tuzla-priprema-novu-predstavu-rezija-povjerena-velikom-glumacu-i-reditelju-iz-srbije\/","title":{"rendered":"NP Tuzla priprema novu predstavu, re\u017eija povjerena velikom glumacu i reditelju iz Srbije"},"content":{"rendered":"<p>Ansambl Narodnog pozori\u0161ta Tuzla na kraju ove sezone je otpo\u010deo rad na produkciji nove predstave, koja \u0107e njihovu publiku do\u010dekati ve\u0107 na po\u010detku idu\u0107e pozori\u0161ne sezone.<\/p>\n<p>U pitanju je drama poljskog autora S\u0142awomira Mro\u017ceka &#8211; &#8220;Tango&#8221;, a re\u017eiju ove predstave potpisa\u0107e veliki glumac i reditelj Radoslav Milenkovi\u0107.<\/p>\n<p>&#8211; Radujemo se novom projektu i saradnji sa gospodinom Milenkovi\u0107em i s uzbu\u0111enjem ulazimo u novu pozori\u0161nu pustolovinu &#8211; istakli su iz Narodnog pozori\u0161ta Tuzla.<\/p>\n<p>&#8220;Tango&#8221; nam govori o generacijskom jazu u savremenom dru\u0161tvu i o tome kako sukladnost, anarhija, entropija i formalizam dolaze u sukob me\u0111u generacijama. Ova drama se poku\u0161ava usredoto\u010diti na pronala\u017eenje odgovora na pitanje da li postoji prostor za intelektualca u jednoj takvoj konfliktnoj zajednici.<\/p>\n<p>Kostimografiju za predstavu ponovo \u0107e dizajnirati vrijedna kostimografkinja Vesna Teodosi\u0107, a scenografiju scenografkinja Vanja Cunnington. U predstavi \u0107e igrati Nermin Omi\u0107, Milenko Iliktarevi\u0107, Remira Osmanovi\u0107, Elvira Aljuki\u0107, Adnan Omerovi\u0107, Elvis Jahi\u0107 i Irma Zuki\u0107.<\/p>\n","protected":false},"excerpt":{"rendered":"<p>Ansambl Narodnog pozori\u0161ta Tuzla na kraju ove sezone je otpo\u010deo rad na produkciji nove predstave,&hellip;<\/p>\n","protected":false},"author":2,"featured_media":241615,"comment_status":"closed","ping_status":"closed","sticky":false,"template":"","format":"standard","meta":{"_acf_changed":false,"footnotes":""},"categories":[304,12],"tags":[719,10377],"acf":[],"yoast_head":"<!-- This site is optimized with the Yoast SEO plugin v23.5 - https:\/\/yoast.com\/wordpress\/plugins\/seo\/ -->\n<title>NP Tuzla priprema novu predstavu, re\u017eija povjerena velikom glumacu i reditelju iz Srbije - TuzlaInfo.ba<\/title>\n<meta name=\"robots\" content=\"index, follow, max-snippet:-1, max-image-preview:large, max-video-preview:-1\" \/>\n<link rel=\"canonical\" href=\"https:\/\/tuzlainfo.ba\/index.php\/novosti\/item\/241613-np-tuzla-priprema-novu-predstavu-rezija-povjerena-velikom-glumacu-i-reditelju-iz-srbije\/\" \/>\n<meta property=\"og:locale\" content=\"bs_BA\" \/>\n<meta property=\"og:type\" content=\"article\" \/>\n<meta property=\"og:title\" content=\"NP Tuzla priprema novu predstavu, re\u017eija povjerena velikom glumacu i reditelju iz Srbije - TuzlaInfo.ba\" \/>\n<meta property=\"og:description\" content=\"Ansambl Narodnog pozori\u0161ta Tuzla na kraju ove sezone je otpo\u010deo rad na produkciji nove predstave,&hellip;\" \/>\n<meta property=\"og:url\" content=\"https:\/\/tuzlainfo.ba\/index.php\/novosti\/item\/241613-np-tuzla-priprema-novu-predstavu-rezija-povjerena-velikom-glumacu-i-reditelju-iz-srbije\/\" \/>\n<meta property=\"og:site_name\" content=\"TuzlaInfo.ba\" \/>\n<meta property=\"article:publisher\" content=\"https:\/\/www.facebook.com\/tuzlainfo.ba\/\" \/>\n<meta property=\"article:published_time\" content=\"2024-06-17T09:04:35+00:00\" \/>\n<meta property=\"article:modified_time\" content=\"2024-06-17T06:38:35+00:00\" \/>\n<meta property=\"og:image\" content=\"https:\/\/tuzlainfo.ba\/wp-content\/uploads\/2024\/06\/1706_milenkovic_tango.jpg\" \/>\n\t<meta property=\"og:image:width\" content=\"1000\" \/>\n\t<meta property=\"og:image:height\" content=\"691\" \/>\n\t<meta property=\"og:image:type\" content=\"image\/jpeg\" \/>\n<meta name=\"author\" content=\"nedim\" \/>\n<meta name=\"twitter:card\" content=\"summary_large_image\" \/>\n<meta name=\"twitter:label1\" content=\"Written by\" \/>\n\t<meta name=\"twitter:data1\" content=\"nedim\" \/>\n\t<meta name=\"twitter:label2\" content=\"Est. reading time\" \/>\n\t<meta name=\"twitter:data2\" content=\"2 minute\" \/>\n<script type=\"application\/ld+json\" class=\"yoast-schema-graph\">{\"@context\":\"https:\/\/schema.org\",\"@graph\":[{\"@type\":\"Article\",\"@id\":\"https:\/\/tuzlainfo.ba\/index.php\/novosti\/item\/241613-np-tuzla-priprema-novu-predstavu-rezija-povjerena-velikom-glumacu-i-reditelju-iz-srbije\/#article\",\"isPartOf\":{\"@id\":\"https:\/\/tuzlainfo.ba\/index.php\/novosti\/item\/241613-np-tuzla-priprema-novu-predstavu-rezija-povjerena-velikom-glumacu-i-reditelju-iz-srbije\/\"},\"author\":{\"name\":\"nedim\",\"@id\":\"https:\/\/tuzlainfo.ba\/#\/schema\/person\/f434e20dc27ea133923aab08451b7f7f\"},\"headline\":\"NP Tuzla priprema novu predstavu, re\u017eija povjerena velikom glumacu i reditelju iz Srbije\",\"datePublished\":\"2024-06-17T09:04:35+00:00\",\"dateModified\":\"2024-06-17T06:38:35+00:00\",\"mainEntityOfPage\":{\"@id\":\"https:\/\/tuzlainfo.ba\/index.php\/novosti\/item\/241613-np-tuzla-priprema-novu-predstavu-rezija-povjerena-velikom-glumacu-i-reditelju-iz-srbije\/\"},\"wordCount\":183,\"publisher\":{\"@id\":\"https:\/\/tuzlainfo.ba\/#organization\"},\"image\":{\"@id\":\"https:\/\/tuzlainfo.ba\/index.php\/novosti\/item\/241613-np-tuzla-priprema-novu-predstavu-rezija-povjerena-velikom-glumacu-i-reditelju-iz-srbije\/#primaryimage\"},\"thumbnailUrl\":\"https:\/\/tuzlainfo.ba\/wp-content\/uploads\/2024\/06\/1706_milenkovic_tango.jpg\",\"keywords\":[\"narodno pozori\u0161te tuzla\",\"radoslav milenkovi\u0107\"],\"articleSection\":[\"Istaknuto\",\"Novosti\"],\"inLanguage\":\"bs-BA\"},{\"@type\":\"WebPage\",\"@id\":\"https:\/\/tuzlainfo.ba\/index.php\/novosti\/item\/241613-np-tuzla-priprema-novu-predstavu-rezija-povjerena-velikom-glumacu-i-reditelju-iz-srbije\/\",\"url\":\"https:\/\/tuzlainfo.ba\/index.php\/novosti\/item\/241613-np-tuzla-priprema-novu-predstavu-rezija-povjerena-velikom-glumacu-i-reditelju-iz-srbije\/\",\"name\":\"NP Tuzla priprema novu predstavu, re\u017eija povjerena velikom glumacu i reditelju iz Srbije - TuzlaInfo.ba\",\"isPartOf\":{\"@id\":\"https:\/\/tuzlainfo.ba\/#website\"},\"primaryImageOfPage\":{\"@id\":\"https:\/\/tuzlainfo.ba\/index.php\/novosti\/item\/241613-np-tuzla-priprema-novu-predstavu-rezija-povjerena-velikom-glumacu-i-reditelju-iz-srbije\/#primaryimage\"},\"image\":{\"@id\":\"https:\/\/tuzlainfo.ba\/index.php\/novosti\/item\/241613-np-tuzla-priprema-novu-predstavu-rezija-povjerena-velikom-glumacu-i-reditelju-iz-srbije\/#primaryimage\"},\"thumbnailUrl\":\"https:\/\/tuzlainfo.ba\/wp-content\/uploads\/2024\/06\/1706_milenkovic_tango.jpg\",\"datePublished\":\"2024-06-17T09:04:35+00:00\",\"dateModified\":\"2024-06-17T06:38:35+00:00\",\"breadcrumb\":{\"@id\":\"https:\/\/tuzlainfo.ba\/index.php\/novosti\/item\/241613-np-tuzla-priprema-novu-predstavu-rezija-povjerena-velikom-glumacu-i-reditelju-iz-srbije\/#breadcrumb\"},\"inLanguage\":\"bs-BA\",\"potentialAction\":[{\"@type\":\"ReadAction\",\"target\":[\"https:\/\/tuzlainfo.ba\/index.php\/novosti\/item\/241613-np-tuzla-priprema-novu-predstavu-rezija-povjerena-velikom-glumacu-i-reditelju-iz-srbije\/\"]}]},{\"@type\":\"ImageObject\",\"inLanguage\":\"bs-BA\",\"@id\":\"https:\/\/tuzlainfo.ba\/index.php\/novosti\/item\/241613-np-tuzla-priprema-novu-predstavu-rezija-povjerena-velikom-glumacu-i-reditelju-iz-srbije\/#primaryimage\",\"url\":\"https:\/\/tuzlainfo.ba\/wp-content\/uploads\/2024\/06\/1706_milenkovic_tango.jpg\",\"contentUrl\":\"https:\/\/tuzlainfo.ba\/wp-content\/uploads\/2024\/06\/1706_milenkovic_tango.jpg\",\"width\":1000,\"height\":691},{\"@type\":\"BreadcrumbList\",\"@id\":\"https:\/\/tuzlainfo.ba\/index.php\/novosti\/item\/241613-np-tuzla-priprema-novu-predstavu-rezija-povjerena-velikom-glumacu-i-reditelju-iz-srbije\/#breadcrumb\",\"itemListElement\":[{\"@type\":\"ListItem\",\"position\":1,\"name\":\"Home\",\"item\":\"https:\/\/tuzlainfo.ba\/\"},{\"@type\":\"ListItem\",\"position\":2,\"name\":\"NP Tuzla priprema novu predstavu, re\u017eija povjerena velikom glumacu i reditelju iz Srbije\"}]},{\"@type\":\"WebSite\",\"@id\":\"https:\/\/tuzlainfo.ba\/#website\",\"url\":\"https:\/\/tuzlainfo.ba\/\",\"name\":\"TuzlaInfo.ba\",\"description\":\"Tuzla info, gradski informator - Tuzla na dlanu\",\"publisher\":{\"@id\":\"https:\/\/tuzlainfo.ba\/#organization\"},\"potentialAction\":[{\"@type\":\"SearchAction\",\"target\":{\"@type\":\"EntryPoint\",\"urlTemplate\":\"https:\/\/tuzlainfo.ba\/?s={search_term_string}\"},\"query-input\":{\"@type\":\"PropertyValueSpecification\",\"valueRequired\":true,\"valueName\":\"search_term_string\"}}],\"inLanguage\":\"bs-BA\"},{\"@type\":\"Organization\",\"@id\":\"https:\/\/tuzlainfo.ba\/#organization\",\"name\":\"TuzlaInfo.ba\",\"url\":\"https:\/\/tuzlainfo.ba\/\",\"logo\":{\"@type\":\"ImageObject\",\"inLanguage\":\"bs-BA\",\"@id\":\"https:\/\/tuzlainfo.ba\/#\/schema\/logo\/image\/\",\"url\":\"https:\/\/tuzlainfo.ba\/wp-content\/uploads\/2021\/03\/logo-ver-3-1.png\",\"contentUrl\":\"https:\/\/tuzlainfo.ba\/wp-content\/uploads\/2021\/03\/logo-ver-3-1.png\",\"width\":350,\"height\":95,\"caption\":\"TuzlaInfo.ba\"},\"image\":{\"@id\":\"https:\/\/tuzlainfo.ba\/#\/schema\/logo\/image\/\"},\"sameAs\":[\"https:\/\/www.facebook.com\/tuzlainfo.ba\/\"]},{\"@type\":\"Person\",\"@id\":\"https:\/\/tuzlainfo.ba\/#\/schema\/person\/f434e20dc27ea133923aab08451b7f7f\",\"name\":\"nedim\",\"image\":{\"@type\":\"ImageObject\",\"inLanguage\":\"bs-BA\",\"@id\":\"https:\/\/tuzlainfo.ba\/#\/schema\/person\/image\/\",\"url\":\"https:\/\/tuzlainfo.ba\/wp-content\/litespeed\/avatar\/aabad687af24844af817603ac1cbdc4f.jpg?ver=1777306975\",\"contentUrl\":\"https:\/\/tuzlainfo.ba\/wp-content\/litespeed\/avatar\/aabad687af24844af817603ac1cbdc4f.jpg?ver=1777306975\",\"caption\":\"nedim\"},\"description\":\"Tuzlainfo.ba pratite na dru\u0161tvenim mre\u017eama: Facebook, Instagram i Youtube. Svoje pri\u010de, upite i fotografije \u0161aljite na na\u0161u e-mail adresu.\"}]}<\/script>\n<!-- \/ Yoast SEO plugin. -->","yoast_head_json":{"title":"NP Tuzla priprema novu predstavu, re\u017eija povjerena velikom glumacu i reditelju iz Srbije - TuzlaInfo.ba","robots":{"index":"index","follow":"follow","max-snippet":"max-snippet:-1","max-image-preview":"max-image-preview:large","max-video-preview":"max-video-preview:-1"},"canonical":"https:\/\/tuzlainfo.ba\/index.php\/novosti\/item\/241613-np-tuzla-priprema-novu-predstavu-rezija-povjerena-velikom-glumacu-i-reditelju-iz-srbije\/","og_locale":"bs_BA","og_type":"article","og_title":"NP Tuzla priprema novu predstavu, re\u017eija povjerena velikom glumacu i reditelju iz Srbije - TuzlaInfo.ba","og_description":"Ansambl Narodnog pozori\u0161ta Tuzla na kraju ove sezone je otpo\u010deo rad na produkciji nove predstave,&hellip;","og_url":"https:\/\/tuzlainfo.ba\/index.php\/novosti\/item\/241613-np-tuzla-priprema-novu-predstavu-rezija-povjerena-velikom-glumacu-i-reditelju-iz-srbije\/","og_site_name":"TuzlaInfo.ba","article_publisher":"https:\/\/www.facebook.com\/tuzlainfo.ba\/","article_published_time":"2024-06-17T09:04:35+00:00","article_modified_time":"2024-06-17T06:38:35+00:00","og_image":[{"width":1000,"height":691,"url":"https:\/\/tuzlainfo.ba\/wp-content\/uploads\/2024\/06\/1706_milenkovic_tango.jpg","type":"image\/jpeg"}],"author":"nedim","twitter_card":"summary_large_image","twitter_misc":{"Written by":"nedim","Est. reading time":"2 minute"},"schema":{"@context":"https:\/\/schema.org","@graph":[{"@type":"Article","@id":"https:\/\/tuzlainfo.ba\/index.php\/novosti\/item\/241613-np-tuzla-priprema-novu-predstavu-rezija-povjerena-velikom-glumacu-i-reditelju-iz-srbije\/#article","isPartOf":{"@id":"https:\/\/tuzlainfo.ba\/index.php\/novosti\/item\/241613-np-tuzla-priprema-novu-predstavu-rezija-povjerena-velikom-glumacu-i-reditelju-iz-srbije\/"},"author":{"name":"nedim","@id":"https:\/\/tuzlainfo.ba\/#\/schema\/person\/f434e20dc27ea133923aab08451b7f7f"},"headline":"NP Tuzla priprema novu predstavu, re\u017eija povjerena velikom glumacu i reditelju iz Srbije","datePublished":"2024-06-17T09:04:35+00:00","dateModified":"2024-06-17T06:38:35+00:00","mainEntityOfPage":{"@id":"https:\/\/tuzlainfo.ba\/index.php\/novosti\/item\/241613-np-tuzla-priprema-novu-predstavu-rezija-povjerena-velikom-glumacu-i-reditelju-iz-srbije\/"},"wordCount":183,"publisher":{"@id":"https:\/\/tuzlainfo.ba\/#organization"},"image":{"@id":"https:\/\/tuzlainfo.ba\/index.php\/novosti\/item\/241613-np-tuzla-priprema-novu-predstavu-rezija-povjerena-velikom-glumacu-i-reditelju-iz-srbije\/#primaryimage"},"thumbnailUrl":"https:\/\/tuzlainfo.ba\/wp-content\/uploads\/2024\/06\/1706_milenkovic_tango.jpg","keywords":["narodno pozori\u0161te tuzla","radoslav milenkovi\u0107"],"articleSection":["Istaknuto","Novosti"],"inLanguage":"bs-BA"},{"@type":"WebPage","@id":"https:\/\/tuzlainfo.ba\/index.php\/novosti\/item\/241613-np-tuzla-priprema-novu-predstavu-rezija-povjerena-velikom-glumacu-i-reditelju-iz-srbije\/","url":"https:\/\/tuzlainfo.ba\/index.php\/novosti\/item\/241613-np-tuzla-priprema-novu-predstavu-rezija-povjerena-velikom-glumacu-i-reditelju-iz-srbije\/","name":"NP Tuzla priprema novu predstavu, re\u017eija povjerena velikom glumacu i reditelju iz Srbije - TuzlaInfo.ba","isPartOf":{"@id":"https:\/\/tuzlainfo.ba\/#website"},"primaryImageOfPage":{"@id":"https:\/\/tuzlainfo.ba\/index.php\/novosti\/item\/241613-np-tuzla-priprema-novu-predstavu-rezija-povjerena-velikom-glumacu-i-reditelju-iz-srbije\/#primaryimage"},"image":{"@id":"https:\/\/tuzlainfo.ba\/index.php\/novosti\/item\/241613-np-tuzla-priprema-novu-predstavu-rezija-povjerena-velikom-glumacu-i-reditelju-iz-srbije\/#primaryimage"},"thumbnailUrl":"https:\/\/tuzlainfo.ba\/wp-content\/uploads\/2024\/06\/1706_milenkovic_tango.jpg","datePublished":"2024-06-17T09:04:35+00:00","dateModified":"2024-06-17T06:38:35+00:00","breadcrumb":{"@id":"https:\/\/tuzlainfo.ba\/index.php\/novosti\/item\/241613-np-tuzla-priprema-novu-predstavu-rezija-povjerena-velikom-glumacu-i-reditelju-iz-srbije\/#breadcrumb"},"inLanguage":"bs-BA","potentialAction":[{"@type":"ReadAction","target":["https:\/\/tuzlainfo.ba\/index.php\/novosti\/item\/241613-np-tuzla-priprema-novu-predstavu-rezija-povjerena-velikom-glumacu-i-reditelju-iz-srbije\/"]}]},{"@type":"ImageObject","inLanguage":"bs-BA","@id":"https:\/\/tuzlainfo.ba\/index.php\/novosti\/item\/241613-np-tuzla-priprema-novu-predstavu-rezija-povjerena-velikom-glumacu-i-reditelju-iz-srbije\/#primaryimage","url":"https:\/\/tuzlainfo.ba\/wp-content\/uploads\/2024\/06\/1706_milenkovic_tango.jpg","contentUrl":"https:\/\/tuzlainfo.ba\/wp-content\/uploads\/2024\/06\/1706_milenkovic_tango.jpg","width":1000,"height":691},{"@type":"BreadcrumbList","@id":"https:\/\/tuzlainfo.ba\/index.php\/novosti\/item\/241613-np-tuzla-priprema-novu-predstavu-rezija-povjerena-velikom-glumacu-i-reditelju-iz-srbije\/#breadcrumb","itemListElement":[{"@type":"ListItem","position":1,"name":"Home","item":"https:\/\/tuzlainfo.ba\/"},{"@type":"ListItem","position":2,"name":"NP Tuzla priprema novu predstavu, re\u017eija povjerena velikom glumacu i reditelju iz Srbije"}]},{"@type":"WebSite","@id":"https:\/\/tuzlainfo.ba\/#website","url":"https:\/\/tuzlainfo.ba\/","name":"TuzlaInfo.ba","description":"Tuzla info, gradski informator - Tuzla na dlanu","publisher":{"@id":"https:\/\/tuzlainfo.ba\/#organization"},"potentialAction":[{"@type":"SearchAction","target":{"@type":"EntryPoint","urlTemplate":"https:\/\/tuzlainfo.ba\/?s={search_term_string}"},"query-input":{"@type":"PropertyValueSpecification","valueRequired":true,"valueName":"search_term_string"}}],"inLanguage":"bs-BA"},{"@type":"Organization","@id":"https:\/\/tuzlainfo.ba\/#organization","name":"TuzlaInfo.ba","url":"https:\/\/tuzlainfo.ba\/","logo":{"@type":"ImageObject","inLanguage":"bs-BA","@id":"https:\/\/tuzlainfo.ba\/#\/schema\/logo\/image\/","url":"https:\/\/tuzlainfo.ba\/wp-content\/uploads\/2021\/03\/logo-ver-3-1.png","contentUrl":"https:\/\/tuzlainfo.ba\/wp-content\/uploads\/2021\/03\/logo-ver-3-1.png","width":350,"height":95,"caption":"TuzlaInfo.ba"},"image":{"@id":"https:\/\/tuzlainfo.ba\/#\/schema\/logo\/image\/"},"sameAs":["https:\/\/www.facebook.com\/tuzlainfo.ba\/"]},{"@type":"Person","@id":"https:\/\/tuzlainfo.ba\/#\/schema\/person\/f434e20dc27ea133923aab08451b7f7f","name":"nedim","image":{"@type":"ImageObject","inLanguage":"bs-BA","@id":"https:\/\/tuzlainfo.ba\/#\/schema\/person\/image\/","url":"https:\/\/tuzlainfo.ba\/wp-content\/litespeed\/avatar\/aabad687af24844af817603ac1cbdc4f.jpg?ver=1777306975","contentUrl":"https:\/\/tuzlainfo.ba\/wp-content\/litespeed\/avatar\/aabad687af24844af817603ac1cbdc4f.jpg?ver=1777306975","caption":"nedim"},"description":"Tuzlainfo.ba pratite na dru\u0161tvenim mre\u017eama: Facebook, Instagram i Youtube. Svoje pri\u010de, upite i fotografije \u0161aljite na na\u0161u e-mail adresu."}]}},"_links":{"self":[{"href":"https:\/\/tuzlainfo.ba\/index.php\/wp-json\/wp\/v2\/posts\/241613"}],"collection":[{"href":"https:\/\/tuzlainfo.ba\/index.php\/wp-json\/wp\/v2\/posts"}],"about":[{"href":"https:\/\/tuzlainfo.ba\/index.php\/wp-json\/wp\/v2\/types\/post"}],"author":[{"embeddable":true,"href":"https:\/\/tuzlainfo.ba\/index.php\/wp-json\/wp\/v2\/users\/2"}],"replies":[{"embeddable":true,"href":"https:\/\/tuzlainfo.ba\/index.php\/wp-json\/wp\/v2\/comments?post=241613"}],"version-history":[{"count":1,"href":"https:\/\/tuzlainfo.ba\/index.php\/wp-json\/wp\/v2\/posts\/241613\/revisions"}],"predecessor-version":[{"id":241614,"href":"https:\/\/tuzlainfo.ba\/index.php\/wp-json\/wp\/v2\/posts\/241613\/revisions\/241614"}],"wp:featuredmedia":[{"embeddable":true,"href":"https:\/\/tuzlainfo.ba\/index.php\/wp-json\/wp\/v2\/media\/241615"}],"wp:attachment":[{"href":"https:\/\/tuzlainfo.ba\/index.php\/wp-json\/wp\/v2\/media?parent=241613"}],"wp:term":[{"taxonomy":"category","embeddable":true,"href":"https:\/\/tuzlainfo.ba\/index.php\/wp-json\/wp\/v2\/categories?post=241613"},{"taxonomy":"post_tag","embeddable":true,"href":"https:\/\/tuzlainfo.ba\/index.php\/wp-json\/wp\/v2\/tags?post=241613"}],"curies":[{"name":"wp","href":"https:\/\/api.w.org\/{rel}","templated":true}]}}