{"id":241458,"date":"2024-06-14T17:06:05","date_gmt":"2024-06-14T15:06:05","guid":{"rendered":"https:\/\/tuzlainfo.ba\/?p=241458"},"modified":"2024-06-14T14:54:02","modified_gmt":"2024-06-14T12:54:02","slug":"jp-rtv-tk-objavljen-javni-konkurs-za-prijem-radnika","status":"publish","type":"post","link":"https:\/\/tuzlainfo.ba\/index.php\/clanci\/berza-rada\/item\/241458-jp-rtv-tk-objavljen-javni-konkurs-za-prijem-radnika\/","title":{"rendered":"JP RTV TK: Objavljen javni konkurs za prijem radnika"},"content":{"rendered":"<p>Javno preduze\u0107e Radio televizija Tuzlanskog kantona doo Tuzla raspisuje javni konkurs za prijem radnika na odre\u0111eno vrijeme na sljede\u0107e radne pozicije:<\/p>\n<ol>\n<li>Novinar \u2013 1 izvr\u0161ilac<\/li>\n<li>Sprema\u010dica \u2013 kafe kuharica \u2013 1 izvr\u0161ilac.<\/li>\n<\/ol>\n<p>Uslovi i na\u010din apliciranja navedeni su u konkursu, \u010diji tekst mo\u017eete preuzeti na linku ispod:<\/p>\n<p><a href=\"http:\/\/szztk.ba\/wp-content\/uploads\/2024\/06\/Javni-konkurs-za-objavu-7.doc\" target=\"_blank\" rel=\"noreferrer noopener\">JAVNI KONKURS<\/a><\/p>\n<p>Javni konkurs je objavljen 14.6.2024. godine i ostaje tvoren 8 dana od dana objavljivanja.<\/p>\n","protected":false},"excerpt":{"rendered":"<p>Javno preduze\u0107e Radio televizija Tuzlanskog kantona doo Tuzla raspisuje javni konkurs za prijem radnika na&hellip;<\/p>\n","protected":false},"author":2,"featured_media":60616,"comment_status":"closed","ping_status":"closed","sticky":false,"template":"","format":"standard","meta":{"_acf_changed":false,"footnotes":""},"categories":[17],"tags":[1033,414],"acf":[],"yoast_head":"<!-- This site is optimized with the Yoast SEO plugin v23.5 - https:\/\/yoast.com\/wordpress\/plugins\/seo\/ -->\n<title>JP RTV TK: Objavljen javni konkurs za prijem radnika - TuzlaInfo.ba<\/title>\n<meta name=\"robots\" content=\"index, follow, max-snippet:-1, max-image-preview:large, max-video-preview:-1\" \/>\n<link rel=\"canonical\" href=\"https:\/\/tuzlainfo.ba\/index.php\/clanci\/berza-rada\/item\/241458-jp-rtv-tk-objavljen-javni-konkurs-za-prijem-radnika\/\" \/>\n<meta property=\"og:locale\" content=\"bs_BA\" \/>\n<meta property=\"og:type\" content=\"article\" \/>\n<meta property=\"og:title\" content=\"JP RTV TK: Objavljen javni konkurs za prijem radnika - TuzlaInfo.ba\" \/>\n<meta property=\"og:description\" content=\"Javno preduze\u0107e Radio televizija Tuzlanskog kantona doo Tuzla raspisuje javni konkurs za prijem radnika na&hellip;\" \/>\n<meta property=\"og:url\" content=\"https:\/\/tuzlainfo.ba\/index.php\/clanci\/berza-rada\/item\/241458-jp-rtv-tk-objavljen-javni-konkurs-za-prijem-radnika\/\" \/>\n<meta property=\"og:site_name\" content=\"TuzlaInfo.ba\" \/>\n<meta property=\"article:publisher\" content=\"https:\/\/www.facebook.com\/tuzlainfo.ba\/\" \/>\n<meta property=\"article:published_time\" content=\"2024-06-14T15:06:05+00:00\" \/>\n<meta property=\"article:modified_time\" content=\"2024-06-14T12:54:02+00:00\" \/>\n<meta property=\"og:image\" content=\"https:\/\/tuzlainfo.ba\/wp-content\/uploads\/2018\/02\/sadrzaj_2018_20180201_1902_rtvtk.jpg\" \/>\n\t<meta property=\"og:image:width\" content=\"770\" \/>\n\t<meta property=\"og:image:height\" content=\"461\" \/>\n\t<meta property=\"og:image:type\" content=\"image\/jpeg\" \/>\n<meta name=\"author\" content=\"nedim\" \/>\n<meta name=\"twitter:card\" content=\"summary_large_image\" \/>\n<meta name=\"twitter:label1\" content=\"Written by\" \/>\n\t<meta name=\"twitter:data1\" content=\"nedim\" \/>\n\t<meta name=\"twitter:label2\" content=\"Est. reading time\" \/>\n\t<meta name=\"twitter:data2\" content=\"1 minuta\" \/>\n<script type=\"application\/ld+json\" class=\"yoast-schema-graph\">{\"@context\":\"https:\/\/schema.org\",\"@graph\":[{\"@type\":\"Article\",\"@id\":\"https:\/\/tuzlainfo.ba\/index.php\/clanci\/berza-rada\/item\/241458-jp-rtv-tk-objavljen-javni-konkurs-za-prijem-radnika\/#article\",\"isPartOf\":{\"@id\":\"https:\/\/tuzlainfo.ba\/index.php\/clanci\/berza-rada\/item\/241458-jp-rtv-tk-objavljen-javni-konkurs-za-prijem-radnika\/\"},\"author\":{\"name\":\"nedim\",\"@id\":\"https:\/\/tuzlainfo.ba\/#\/schema\/person\/f434e20dc27ea133923aab08451b7f7f\"},\"headline\":\"JP RTV TK: Objavljen javni konkurs za prijem radnika\",\"datePublished\":\"2024-06-14T15:06:05+00:00\",\"dateModified\":\"2024-06-14T12:54:02+00:00\",\"mainEntityOfPage\":{\"@id\":\"https:\/\/tuzlainfo.ba\/index.php\/clanci\/berza-rada\/item\/241458-jp-rtv-tk-objavljen-javni-konkurs-za-prijem-radnika\/\"},\"wordCount\":73,\"publisher\":{\"@id\":\"https:\/\/tuzlainfo.ba\/#organization\"},\"image\":{\"@id\":\"https:\/\/tuzlainfo.ba\/index.php\/clanci\/berza-rada\/item\/241458-jp-rtv-tk-objavljen-javni-konkurs-za-prijem-radnika\/#primaryimage\"},\"thumbnailUrl\":\"https:\/\/tuzlainfo.ba\/wp-content\/uploads\/2018\/02\/sadrzaj_2018_20180201_1902_rtvtk.jpg\",\"keywords\":[\"oglas za posao\",\"RTVTK\"],\"articleSection\":[\"Berza rada\"],\"inLanguage\":\"bs-BA\"},{\"@type\":\"WebPage\",\"@id\":\"https:\/\/tuzlainfo.ba\/index.php\/clanci\/berza-rada\/item\/241458-jp-rtv-tk-objavljen-javni-konkurs-za-prijem-radnika\/\",\"url\":\"https:\/\/tuzlainfo.ba\/index.php\/clanci\/berza-rada\/item\/241458-jp-rtv-tk-objavljen-javni-konkurs-za-prijem-radnika\/\",\"name\":\"JP RTV TK: Objavljen javni konkurs za prijem radnika - TuzlaInfo.ba\",\"isPartOf\":{\"@id\":\"https:\/\/tuzlainfo.ba\/#website\"},\"primaryImageOfPage\":{\"@id\":\"https:\/\/tuzlainfo.ba\/index.php\/clanci\/berza-rada\/item\/241458-jp-rtv-tk-objavljen-javni-konkurs-za-prijem-radnika\/#primaryimage\"},\"image\":{\"@id\":\"https:\/\/tuzlainfo.ba\/index.php\/clanci\/berza-rada\/item\/241458-jp-rtv-tk-objavljen-javni-konkurs-za-prijem-radnika\/#primaryimage\"},\"thumbnailUrl\":\"https:\/\/tuzlainfo.ba\/wp-content\/uploads\/2018\/02\/sadrzaj_2018_20180201_1902_rtvtk.jpg\",\"datePublished\":\"2024-06-14T15:06:05+00:00\",\"dateModified\":\"2024-06-14T12:54:02+00:00\",\"breadcrumb\":{\"@id\":\"https:\/\/tuzlainfo.ba\/index.php\/clanci\/berza-rada\/item\/241458-jp-rtv-tk-objavljen-javni-konkurs-za-prijem-radnika\/#breadcrumb\"},\"inLanguage\":\"bs-BA\",\"potentialAction\":[{\"@type\":\"ReadAction\",\"target\":[\"https:\/\/tuzlainfo.ba\/index.php\/clanci\/berza-rada\/item\/241458-jp-rtv-tk-objavljen-javni-konkurs-za-prijem-radnika\/\"]}]},{\"@type\":\"ImageObject\",\"inLanguage\":\"bs-BA\",\"@id\":\"https:\/\/tuzlainfo.ba\/index.php\/clanci\/berza-rada\/item\/241458-jp-rtv-tk-objavljen-javni-konkurs-za-prijem-radnika\/#primaryimage\",\"url\":\"https:\/\/tuzlainfo.ba\/wp-content\/uploads\/2018\/02\/sadrzaj_2018_20180201_1902_rtvtk.jpg\",\"contentUrl\":\"https:\/\/tuzlainfo.ba\/wp-content\/uploads\/2018\/02\/sadrzaj_2018_20180201_1902_rtvtk.jpg\",\"width\":770,\"height\":461,\"caption\":\"1902 rtvtk\"},{\"@type\":\"BreadcrumbList\",\"@id\":\"https:\/\/tuzlainfo.ba\/index.php\/clanci\/berza-rada\/item\/241458-jp-rtv-tk-objavljen-javni-konkurs-za-prijem-radnika\/#breadcrumb\",\"itemListElement\":[{\"@type\":\"ListItem\",\"position\":1,\"name\":\"Home\",\"item\":\"https:\/\/tuzlainfo.ba\/\"},{\"@type\":\"ListItem\",\"position\":2,\"name\":\"JP RTV TK: Objavljen javni konkurs za prijem radnika\"}]},{\"@type\":\"WebSite\",\"@id\":\"https:\/\/tuzlainfo.ba\/#website\",\"url\":\"https:\/\/tuzlainfo.ba\/\",\"name\":\"TuzlaInfo.ba\",\"description\":\"Tuzla info, gradski informator - Tuzla na dlanu\",\"publisher\":{\"@id\":\"https:\/\/tuzlainfo.ba\/#organization\"},\"potentialAction\":[{\"@type\":\"SearchAction\",\"target\":{\"@type\":\"EntryPoint\",\"urlTemplate\":\"https:\/\/tuzlainfo.ba\/?s={search_term_string}\"},\"query-input\":{\"@type\":\"PropertyValueSpecification\",\"valueRequired\":true,\"valueName\":\"search_term_string\"}}],\"inLanguage\":\"bs-BA\"},{\"@type\":\"Organization\",\"@id\":\"https:\/\/tuzlainfo.ba\/#organization\",\"name\":\"TuzlaInfo.ba\",\"url\":\"https:\/\/tuzlainfo.ba\/\",\"logo\":{\"@type\":\"ImageObject\",\"inLanguage\":\"bs-BA\",\"@id\":\"https:\/\/tuzlainfo.ba\/#\/schema\/logo\/image\/\",\"url\":\"https:\/\/tuzlainfo.ba\/wp-content\/uploads\/2021\/03\/logo-ver-3-1.png\",\"contentUrl\":\"https:\/\/tuzlainfo.ba\/wp-content\/uploads\/2021\/03\/logo-ver-3-1.png\",\"width\":350,\"height\":95,\"caption\":\"TuzlaInfo.ba\"},\"image\":{\"@id\":\"https:\/\/tuzlainfo.ba\/#\/schema\/logo\/image\/\"},\"sameAs\":[\"https:\/\/www.facebook.com\/tuzlainfo.ba\/\"]},{\"@type\":\"Person\",\"@id\":\"https:\/\/tuzlainfo.ba\/#\/schema\/person\/f434e20dc27ea133923aab08451b7f7f\",\"name\":\"nedim\",\"image\":{\"@type\":\"ImageObject\",\"inLanguage\":\"bs-BA\",\"@id\":\"https:\/\/tuzlainfo.ba\/#\/schema\/person\/image\/\",\"url\":\"https:\/\/tuzlainfo.ba\/wp-content\/litespeed\/avatar\/aabad687af24844af817603ac1cbdc4f.jpg?ver=1776702173\",\"contentUrl\":\"https:\/\/tuzlainfo.ba\/wp-content\/litespeed\/avatar\/aabad687af24844af817603ac1cbdc4f.jpg?ver=1776702173\",\"caption\":\"nedim\"},\"description\":\"Tuzlainfo.ba pratite na dru\u0161tvenim mre\u017eama: Facebook, Instagram i Youtube. Svoje pri\u010de, upite i fotografije \u0161aljite na na\u0161u e-mail adresu.\"}]}<\/script>\n<!-- \/ Yoast SEO plugin. -->","yoast_head_json":{"title":"JP RTV TK: Objavljen javni konkurs za prijem radnika - TuzlaInfo.ba","robots":{"index":"index","follow":"follow","max-snippet":"max-snippet:-1","max-image-preview":"max-image-preview:large","max-video-preview":"max-video-preview:-1"},"canonical":"https:\/\/tuzlainfo.ba\/index.php\/clanci\/berza-rada\/item\/241458-jp-rtv-tk-objavljen-javni-konkurs-za-prijem-radnika\/","og_locale":"bs_BA","og_type":"article","og_title":"JP RTV TK: Objavljen javni konkurs za prijem radnika - TuzlaInfo.ba","og_description":"Javno preduze\u0107e Radio televizija Tuzlanskog kantona doo Tuzla raspisuje javni konkurs za prijem radnika na&hellip;","og_url":"https:\/\/tuzlainfo.ba\/index.php\/clanci\/berza-rada\/item\/241458-jp-rtv-tk-objavljen-javni-konkurs-za-prijem-radnika\/","og_site_name":"TuzlaInfo.ba","article_publisher":"https:\/\/www.facebook.com\/tuzlainfo.ba\/","article_published_time":"2024-06-14T15:06:05+00:00","article_modified_time":"2024-06-14T12:54:02+00:00","og_image":[{"width":770,"height":461,"url":"https:\/\/tuzlainfo.ba\/wp-content\/uploads\/2018\/02\/sadrzaj_2018_20180201_1902_rtvtk.jpg","type":"image\/jpeg"}],"author":"nedim","twitter_card":"summary_large_image","twitter_misc":{"Written by":"nedim","Est. reading time":"1 minuta"},"schema":{"@context":"https:\/\/schema.org","@graph":[{"@type":"Article","@id":"https:\/\/tuzlainfo.ba\/index.php\/clanci\/berza-rada\/item\/241458-jp-rtv-tk-objavljen-javni-konkurs-za-prijem-radnika\/#article","isPartOf":{"@id":"https:\/\/tuzlainfo.ba\/index.php\/clanci\/berza-rada\/item\/241458-jp-rtv-tk-objavljen-javni-konkurs-za-prijem-radnika\/"},"author":{"name":"nedim","@id":"https:\/\/tuzlainfo.ba\/#\/schema\/person\/f434e20dc27ea133923aab08451b7f7f"},"headline":"JP RTV TK: Objavljen javni konkurs za prijem radnika","datePublished":"2024-06-14T15:06:05+00:00","dateModified":"2024-06-14T12:54:02+00:00","mainEntityOfPage":{"@id":"https:\/\/tuzlainfo.ba\/index.php\/clanci\/berza-rada\/item\/241458-jp-rtv-tk-objavljen-javni-konkurs-za-prijem-radnika\/"},"wordCount":73,"publisher":{"@id":"https:\/\/tuzlainfo.ba\/#organization"},"image":{"@id":"https:\/\/tuzlainfo.ba\/index.php\/clanci\/berza-rada\/item\/241458-jp-rtv-tk-objavljen-javni-konkurs-za-prijem-radnika\/#primaryimage"},"thumbnailUrl":"https:\/\/tuzlainfo.ba\/wp-content\/uploads\/2018\/02\/sadrzaj_2018_20180201_1902_rtvtk.jpg","keywords":["oglas za posao","RTVTK"],"articleSection":["Berza rada"],"inLanguage":"bs-BA"},{"@type":"WebPage","@id":"https:\/\/tuzlainfo.ba\/index.php\/clanci\/berza-rada\/item\/241458-jp-rtv-tk-objavljen-javni-konkurs-za-prijem-radnika\/","url":"https:\/\/tuzlainfo.ba\/index.php\/clanci\/berza-rada\/item\/241458-jp-rtv-tk-objavljen-javni-konkurs-za-prijem-radnika\/","name":"JP RTV TK: Objavljen javni konkurs za prijem radnika - TuzlaInfo.ba","isPartOf":{"@id":"https:\/\/tuzlainfo.ba\/#website"},"primaryImageOfPage":{"@id":"https:\/\/tuzlainfo.ba\/index.php\/clanci\/berza-rada\/item\/241458-jp-rtv-tk-objavljen-javni-konkurs-za-prijem-radnika\/#primaryimage"},"image":{"@id":"https:\/\/tuzlainfo.ba\/index.php\/clanci\/berza-rada\/item\/241458-jp-rtv-tk-objavljen-javni-konkurs-za-prijem-radnika\/#primaryimage"},"thumbnailUrl":"https:\/\/tuzlainfo.ba\/wp-content\/uploads\/2018\/02\/sadrzaj_2018_20180201_1902_rtvtk.jpg","datePublished":"2024-06-14T15:06:05+00:00","dateModified":"2024-06-14T12:54:02+00:00","breadcrumb":{"@id":"https:\/\/tuzlainfo.ba\/index.php\/clanci\/berza-rada\/item\/241458-jp-rtv-tk-objavljen-javni-konkurs-za-prijem-radnika\/#breadcrumb"},"inLanguage":"bs-BA","potentialAction":[{"@type":"ReadAction","target":["https:\/\/tuzlainfo.ba\/index.php\/clanci\/berza-rada\/item\/241458-jp-rtv-tk-objavljen-javni-konkurs-za-prijem-radnika\/"]}]},{"@type":"ImageObject","inLanguage":"bs-BA","@id":"https:\/\/tuzlainfo.ba\/index.php\/clanci\/berza-rada\/item\/241458-jp-rtv-tk-objavljen-javni-konkurs-za-prijem-radnika\/#primaryimage","url":"https:\/\/tuzlainfo.ba\/wp-content\/uploads\/2018\/02\/sadrzaj_2018_20180201_1902_rtvtk.jpg","contentUrl":"https:\/\/tuzlainfo.ba\/wp-content\/uploads\/2018\/02\/sadrzaj_2018_20180201_1902_rtvtk.jpg","width":770,"height":461,"caption":"1902 rtvtk"},{"@type":"BreadcrumbList","@id":"https:\/\/tuzlainfo.ba\/index.php\/clanci\/berza-rada\/item\/241458-jp-rtv-tk-objavljen-javni-konkurs-za-prijem-radnika\/#breadcrumb","itemListElement":[{"@type":"ListItem","position":1,"name":"Home","item":"https:\/\/tuzlainfo.ba\/"},{"@type":"ListItem","position":2,"name":"JP RTV TK: Objavljen javni konkurs za prijem radnika"}]},{"@type":"WebSite","@id":"https:\/\/tuzlainfo.ba\/#website","url":"https:\/\/tuzlainfo.ba\/","name":"TuzlaInfo.ba","description":"Tuzla info, gradski informator - Tuzla na dlanu","publisher":{"@id":"https:\/\/tuzlainfo.ba\/#organization"},"potentialAction":[{"@type":"SearchAction","target":{"@type":"EntryPoint","urlTemplate":"https:\/\/tuzlainfo.ba\/?s={search_term_string}"},"query-input":{"@type":"PropertyValueSpecification","valueRequired":true,"valueName":"search_term_string"}}],"inLanguage":"bs-BA"},{"@type":"Organization","@id":"https:\/\/tuzlainfo.ba\/#organization","name":"TuzlaInfo.ba","url":"https:\/\/tuzlainfo.ba\/","logo":{"@type":"ImageObject","inLanguage":"bs-BA","@id":"https:\/\/tuzlainfo.ba\/#\/schema\/logo\/image\/","url":"https:\/\/tuzlainfo.ba\/wp-content\/uploads\/2021\/03\/logo-ver-3-1.png","contentUrl":"https:\/\/tuzlainfo.ba\/wp-content\/uploads\/2021\/03\/logo-ver-3-1.png","width":350,"height":95,"caption":"TuzlaInfo.ba"},"image":{"@id":"https:\/\/tuzlainfo.ba\/#\/schema\/logo\/image\/"},"sameAs":["https:\/\/www.facebook.com\/tuzlainfo.ba\/"]},{"@type":"Person","@id":"https:\/\/tuzlainfo.ba\/#\/schema\/person\/f434e20dc27ea133923aab08451b7f7f","name":"nedim","image":{"@type":"ImageObject","inLanguage":"bs-BA","@id":"https:\/\/tuzlainfo.ba\/#\/schema\/person\/image\/","url":"https:\/\/tuzlainfo.ba\/wp-content\/litespeed\/avatar\/aabad687af24844af817603ac1cbdc4f.jpg?ver=1776702173","contentUrl":"https:\/\/tuzlainfo.ba\/wp-content\/litespeed\/avatar\/aabad687af24844af817603ac1cbdc4f.jpg?ver=1776702173","caption":"nedim"},"description":"Tuzlainfo.ba pratite na dru\u0161tvenim mre\u017eama: Facebook, Instagram i Youtube. Svoje pri\u010de, upite i fotografije \u0161aljite na na\u0161u e-mail adresu."}]}},"_links":{"self":[{"href":"https:\/\/tuzlainfo.ba\/index.php\/wp-json\/wp\/v2\/posts\/241458"}],"collection":[{"href":"https:\/\/tuzlainfo.ba\/index.php\/wp-json\/wp\/v2\/posts"}],"about":[{"href":"https:\/\/tuzlainfo.ba\/index.php\/wp-json\/wp\/v2\/types\/post"}],"author":[{"embeddable":true,"href":"https:\/\/tuzlainfo.ba\/index.php\/wp-json\/wp\/v2\/users\/2"}],"replies":[{"embeddable":true,"href":"https:\/\/tuzlainfo.ba\/index.php\/wp-json\/wp\/v2\/comments?post=241458"}],"version-history":[{"count":1,"href":"https:\/\/tuzlainfo.ba\/index.php\/wp-json\/wp\/v2\/posts\/241458\/revisions"}],"predecessor-version":[{"id":241459,"href":"https:\/\/tuzlainfo.ba\/index.php\/wp-json\/wp\/v2\/posts\/241458\/revisions\/241459"}],"wp:featuredmedia":[{"embeddable":true,"href":"https:\/\/tuzlainfo.ba\/index.php\/wp-json\/wp\/v2\/media\/60616"}],"wp:attachment":[{"href":"https:\/\/tuzlainfo.ba\/index.php\/wp-json\/wp\/v2\/media?parent=241458"}],"wp:term":[{"taxonomy":"category","embeddable":true,"href":"https:\/\/tuzlainfo.ba\/index.php\/wp-json\/wp\/v2\/categories?post=241458"},{"taxonomy":"post_tag","embeddable":true,"href":"https:\/\/tuzlainfo.ba\/index.php\/wp-json\/wp\/v2\/tags?post=241458"}],"curies":[{"name":"wp","href":"https:\/\/api.w.org\/{rel}","templated":true}]}}