{"id":241144,"date":"2024-06-11T17:09:04","date_gmt":"2024-06-11T15:09:04","guid":{"rendered":"https:\/\/tuzlainfo.ba\/?p=241144"},"modified":"2024-06-11T14:35:23","modified_gmt":"2024-06-11T12:35:23","slug":"resorni-ministar-u-posjeti-nub-dervis-susic-dogovoreni-projekti-i-nastavak-saradnje","status":"publish","type":"post","link":"https:\/\/tuzlainfo.ba\/index.php\/istaknuto\/item\/241144-resorni-ministar-u-posjeti-nub-dervis-susic-dogovoreni-projekti-i-nastavak-saradnje\/","title":{"rendered":"Resorni ministar u posjeti NUB &#8220;Dervi\u0161 Su\u0161i\u0107&#8221;: Dogovoreni projekti i nastavak saradnje"},"content":{"rendered":"<p>Ministar kulture sporta i mladih Damir Gazdi\u0107 danas je posjetio Narodnu i univerzitetsku biblioteku Dervi\u0161 Su\u0161i\u0107 u Tuzli. Bila je ovo prilika da se razgovara o realizaciji planiranih projekata u narednom periodu, ali i mogu\u0107nostima dodatne popularizacije knjige i kulture \u010ditala\u0161tva.<\/p>\n<p>Na\u017ealost danas je ukazano i na odre\u0111ene pote\u0161ko\u0107e s kojima se Biblioteka suo\u010dava, ali i na\u010dinima njihovog prevazila\u017eenja.<\/p>\n<p>\u201eSve biblioteke danas imaju odre\u0111ene probleme u svom poslovanju. Na sre\u0107u ministar Gazdi\u0107 razumije potrebe Bilioteke i predano radi na rje\u0161avanju problema, me\u0111utim za sistemati\u010dno rje\u0161avanje problema potrebno je vrijeme. Mo\u017eemo re\u0107i da imamo uho koje slu\u0161a i ruku koja nam poma\u017ee\u201c, kazala je direktorica Biblioteke Sanja Duki\u0107 i izrazila o\u010dekivanje da \u0107e projekti koji su zapo\u010deti sa Ministarstvom i Vladom TK, kao jednim od suosniva\u010da biti uskoro i uspje\u0161no zavr\u0161eni.<\/p>\n<p>Prioritet za dalji rad Biblioteke jeste obezbje\u0111ivanje bibliote\u010dke gra\u0111e, te sanacija odre\u0111enog prostora, koji je sada neuslovan, a za \u0161to je Vlada osigurala sredstva da se on dovede na zadovoljavaju\u0107i nivo, re\u010deno je danas.<\/p>\n<p>\u201eTime \u0107emo osigurati prostor za pohranu i \u010duvanje bibliote\u010dke gra\u0111e u skladu sa bibliote\u010dkim propisima\u201c, kazala je Duki\u0107.<br \/>\nTako\u0111er, razgovaralo se i o neophodnim radovima na objektu Biblioteke. Imaju\u0107i u vidu da se radi o relativno starijem objektu neophodna su ulaganja u hidroizolaciju, zamjenu vanjske stolarije, te sanaciju krova. Ministar Gazdi\u0107 izrazio je razumijevanje za ove potrebe, te istaknuo da \u0107e ih Vlada Tuzlanskog kantona u narednom periodu razmotriti i nastojati da na njih odgovori u \u0161to kra\u0107em roku.<\/p>\n<p>\u201eMinistarstvo i ja li\u010dno, od kako sam na ovoj poziciji, zala\u017eemo se da sve na\u0161e ustanove kulture budu u ravnopravnom polo\u017eaju kada je u pitanju i stru\u010dnost i osposobljenost i opremljenost, a da Ministarstvo bude servis svim tim na\u0161im ustanovama. Kada je u pitanju Biblioteka Dervi\u0161 Su\u0161i\u0107, stava smo da moramo i\u0107i u tranziciju opremanja, kapacitiranja i renoviranja odre\u0111enih dijelova i mi smo ove godine izdvojili 42.000 KM za informati\u010dku opremu, te stala\u017ee i police za smje\u0161tanje materijala. Zna\u010dajan dio sredstava usmjeren je i za nabavku isu\u0161iva\u010da i odvla\u017eiva\u010da kako bismo sa\u010duvali literaturu i drugu bibliote\u010dku gra\u0111u koju imamo u Biblioteci\u201c, kazao je danas ministar Gazdi\u0107 isti\u010du\u0107i i namjeru da se, nakon utro\u0161ka ovih 42 hiljade KM, naredne godinu nabavi bibliobus kojeg bi mogli koristiti svi \u010ditatelji i korisnici usluga Biblioteke sa podru\u010dja cijelog kantona.<\/p>\n<p>Tokom dana\u0161njeg sastanka istaknuto je da u odre\u0111enim projektima \u010dinjenica da Biblioteka ima dva suosniva\u010da, Vladu TK i Grad Tuzlu, to biva i ote\u017eavaju\u0107a okolnost jer se za odre\u0111ene projekte i procedure moramo dobiti saglasnosti oba osniva\u010da, \u0161to oduzima dragocjeno vrijeme.<\/p>\n","protected":false},"excerpt":{"rendered":"<p>Ministar kulture sporta i mladih Damir Gazdi\u0107 danas je posjetio Narodnu i univerzitetsku biblioteku Dervi\u0161&hellip;<\/p>\n","protected":false},"author":4,"featured_media":241145,"comment_status":"closed","ping_status":"closed","sticky":false,"template":"","format":"standard","meta":{"_acf_changed":false,"footnotes":""},"categories":[304,12],"tags":[1705],"acf":[],"yoast_head":"<!-- This site is optimized with the Yoast SEO plugin v23.5 - https:\/\/yoast.com\/wordpress\/plugins\/seo\/ -->\n<title>Resorni ministar u posjeti NUB &quot;Dervi\u0161 Su\u0161i\u0107&quot;: Dogovoreni projekti i nastavak saradnje - TuzlaInfo.ba<\/title>\n<meta name=\"robots\" content=\"index, follow, max-snippet:-1, max-image-preview:large, max-video-preview:-1\" \/>\n<link rel=\"canonical\" href=\"https:\/\/tuzlainfo.ba\/index.php\/istaknuto\/item\/241144-resorni-ministar-u-posjeti-nub-dervis-susic-dogovoreni-projekti-i-nastavak-saradnje\/\" \/>\n<meta property=\"og:locale\" content=\"bs_BA\" \/>\n<meta property=\"og:type\" content=\"article\" \/>\n<meta property=\"og:title\" content=\"Resorni ministar u posjeti NUB &quot;Dervi\u0161 Su\u0161i\u0107&quot;: Dogovoreni projekti i nastavak saradnje - TuzlaInfo.ba\" \/>\n<meta property=\"og:description\" content=\"Ministar kulture sporta i mladih Damir Gazdi\u0107 danas je posjetio Narodnu i univerzitetsku biblioteku Dervi\u0161&hellip;\" \/>\n<meta property=\"og:url\" content=\"https:\/\/tuzlainfo.ba\/index.php\/istaknuto\/item\/241144-resorni-ministar-u-posjeti-nub-dervis-susic-dogovoreni-projekti-i-nastavak-saradnje\/\" \/>\n<meta property=\"og:site_name\" content=\"TuzlaInfo.ba\" \/>\n<meta property=\"article:publisher\" content=\"https:\/\/www.facebook.com\/tuzlainfo.ba\/\" \/>\n<meta property=\"article:published_time\" content=\"2024-06-11T15:09:04+00:00\" \/>\n<meta property=\"article:modified_time\" content=\"2024-06-11T12:35:23+00:00\" \/>\n<meta property=\"og:image\" content=\"https:\/\/tuzlainfo.ba\/wp-content\/uploads\/2024\/06\/NUB-Dervis-Susic-01-11-06-2024.jpg\" \/>\n\t<meta property=\"og:image:width\" content=\"1800\" \/>\n\t<meta property=\"og:image:height\" content=\"1200\" \/>\n\t<meta property=\"og:image:type\" content=\"image\/jpeg\" \/>\n<meta name=\"author\" content=\"Tuzla Info\" \/>\n<meta name=\"twitter:card\" content=\"summary_large_image\" \/>\n<meta name=\"twitter:label1\" content=\"Written by\" \/>\n\t<meta name=\"twitter:data1\" content=\"Tuzla Info\" \/>\n\t<meta name=\"twitter:label2\" content=\"Est. reading time\" \/>\n\t<meta name=\"twitter:data2\" content=\"3 minute\" \/>\n<script type=\"application\/ld+json\" class=\"yoast-schema-graph\">{\"@context\":\"https:\/\/schema.org\",\"@graph\":[{\"@type\":\"Article\",\"@id\":\"https:\/\/tuzlainfo.ba\/index.php\/istaknuto\/item\/241144-resorni-ministar-u-posjeti-nub-dervis-susic-dogovoreni-projekti-i-nastavak-saradnje\/#article\",\"isPartOf\":{\"@id\":\"https:\/\/tuzlainfo.ba\/index.php\/istaknuto\/item\/241144-resorni-ministar-u-posjeti-nub-dervis-susic-dogovoreni-projekti-i-nastavak-saradnje\/\"},\"author\":{\"name\":\"Tuzla Info\",\"@id\":\"https:\/\/tuzlainfo.ba\/#\/schema\/person\/46cad4c57790cbc50781edd14870825a\"},\"headline\":\"Resorni ministar u posjeti NUB &#8220;Dervi\u0161 Su\u0161i\u0107&#8221;: Dogovoreni projekti i nastavak saradnje\",\"datePublished\":\"2024-06-11T15:09:04+00:00\",\"dateModified\":\"2024-06-11T12:35:23+00:00\",\"mainEntityOfPage\":{\"@id\":\"https:\/\/tuzlainfo.ba\/index.php\/istaknuto\/item\/241144-resorni-ministar-u-posjeti-nub-dervis-susic-dogovoreni-projekti-i-nastavak-saradnje\/\"},\"wordCount\":498,\"publisher\":{\"@id\":\"https:\/\/tuzlainfo.ba\/#organization\"},\"image\":{\"@id\":\"https:\/\/tuzlainfo.ba\/index.php\/istaknuto\/item\/241144-resorni-ministar-u-posjeti-nub-dervis-susic-dogovoreni-projekti-i-nastavak-saradnje\/#primaryimage\"},\"thumbnailUrl\":\"https:\/\/tuzlainfo.ba\/wp-content\/uploads\/2024\/06\/NUB-Dervis-Susic-01-11-06-2024.jpg\",\"keywords\":[\"nub dervi\u0161 su\u0161i\u0107\"],\"articleSection\":[\"Istaknuto\",\"Novosti\"],\"inLanguage\":\"bs-BA\"},{\"@type\":\"WebPage\",\"@id\":\"https:\/\/tuzlainfo.ba\/index.php\/istaknuto\/item\/241144-resorni-ministar-u-posjeti-nub-dervis-susic-dogovoreni-projekti-i-nastavak-saradnje\/\",\"url\":\"https:\/\/tuzlainfo.ba\/index.php\/istaknuto\/item\/241144-resorni-ministar-u-posjeti-nub-dervis-susic-dogovoreni-projekti-i-nastavak-saradnje\/\",\"name\":\"Resorni ministar u posjeti NUB \\\"Dervi\u0161 Su\u0161i\u0107\\\": Dogovoreni projekti i nastavak saradnje - TuzlaInfo.ba\",\"isPartOf\":{\"@id\":\"https:\/\/tuzlainfo.ba\/#website\"},\"primaryImageOfPage\":{\"@id\":\"https:\/\/tuzlainfo.ba\/index.php\/istaknuto\/item\/241144-resorni-ministar-u-posjeti-nub-dervis-susic-dogovoreni-projekti-i-nastavak-saradnje\/#primaryimage\"},\"image\":{\"@id\":\"https:\/\/tuzlainfo.ba\/index.php\/istaknuto\/item\/241144-resorni-ministar-u-posjeti-nub-dervis-susic-dogovoreni-projekti-i-nastavak-saradnje\/#primaryimage\"},\"thumbnailUrl\":\"https:\/\/tuzlainfo.ba\/wp-content\/uploads\/2024\/06\/NUB-Dervis-Susic-01-11-06-2024.jpg\",\"datePublished\":\"2024-06-11T15:09:04+00:00\",\"dateModified\":\"2024-06-11T12:35:23+00:00\",\"breadcrumb\":{\"@id\":\"https:\/\/tuzlainfo.ba\/index.php\/istaknuto\/item\/241144-resorni-ministar-u-posjeti-nub-dervis-susic-dogovoreni-projekti-i-nastavak-saradnje\/#breadcrumb\"},\"inLanguage\":\"bs-BA\",\"potentialAction\":[{\"@type\":\"ReadAction\",\"target\":[\"https:\/\/tuzlainfo.ba\/index.php\/istaknuto\/item\/241144-resorni-ministar-u-posjeti-nub-dervis-susic-dogovoreni-projekti-i-nastavak-saradnje\/\"]}]},{\"@type\":\"ImageObject\",\"inLanguage\":\"bs-BA\",\"@id\":\"https:\/\/tuzlainfo.ba\/index.php\/istaknuto\/item\/241144-resorni-ministar-u-posjeti-nub-dervis-susic-dogovoreni-projekti-i-nastavak-saradnje\/#primaryimage\",\"url\":\"https:\/\/tuzlainfo.ba\/wp-content\/uploads\/2024\/06\/NUB-Dervis-Susic-01-11-06-2024.jpg\",\"contentUrl\":\"https:\/\/tuzlainfo.ba\/wp-content\/uploads\/2024\/06\/NUB-Dervis-Susic-01-11-06-2024.jpg\",\"width\":1800,\"height\":1200},{\"@type\":\"BreadcrumbList\",\"@id\":\"https:\/\/tuzlainfo.ba\/index.php\/istaknuto\/item\/241144-resorni-ministar-u-posjeti-nub-dervis-susic-dogovoreni-projekti-i-nastavak-saradnje\/#breadcrumb\",\"itemListElement\":[{\"@type\":\"ListItem\",\"position\":1,\"name\":\"Home\",\"item\":\"https:\/\/tuzlainfo.ba\/\"},{\"@type\":\"ListItem\",\"position\":2,\"name\":\"Resorni ministar u posjeti NUB &#8220;Dervi\u0161 Su\u0161i\u0107&#8221;: Dogovoreni projekti i nastavak saradnje\"}]},{\"@type\":\"WebSite\",\"@id\":\"https:\/\/tuzlainfo.ba\/#website\",\"url\":\"https:\/\/tuzlainfo.ba\/\",\"name\":\"TuzlaInfo.ba\",\"description\":\"Tuzla info, gradski informator - Tuzla na dlanu\",\"publisher\":{\"@id\":\"https:\/\/tuzlainfo.ba\/#organization\"},\"potentialAction\":[{\"@type\":\"SearchAction\",\"target\":{\"@type\":\"EntryPoint\",\"urlTemplate\":\"https:\/\/tuzlainfo.ba\/?s={search_term_string}\"},\"query-input\":{\"@type\":\"PropertyValueSpecification\",\"valueRequired\":true,\"valueName\":\"search_term_string\"}}],\"inLanguage\":\"bs-BA\"},{\"@type\":\"Organization\",\"@id\":\"https:\/\/tuzlainfo.ba\/#organization\",\"name\":\"TuzlaInfo.ba\",\"url\":\"https:\/\/tuzlainfo.ba\/\",\"logo\":{\"@type\":\"ImageObject\",\"inLanguage\":\"bs-BA\",\"@id\":\"https:\/\/tuzlainfo.ba\/#\/schema\/logo\/image\/\",\"url\":\"https:\/\/tuzlainfo.ba\/wp-content\/uploads\/2021\/03\/logo-ver-3-1.png\",\"contentUrl\":\"https:\/\/tuzlainfo.ba\/wp-content\/uploads\/2021\/03\/logo-ver-3-1.png\",\"width\":350,\"height\":95,\"caption\":\"TuzlaInfo.ba\"},\"image\":{\"@id\":\"https:\/\/tuzlainfo.ba\/#\/schema\/logo\/image\/\"},\"sameAs\":[\"https:\/\/www.facebook.com\/tuzlainfo.ba\/\"]},{\"@type\":\"Person\",\"@id\":\"https:\/\/tuzlainfo.ba\/#\/schema\/person\/46cad4c57790cbc50781edd14870825a\",\"name\":\"Tuzla Info\",\"image\":{\"@type\":\"ImageObject\",\"inLanguage\":\"bs-BA\",\"@id\":\"https:\/\/tuzlainfo.ba\/#\/schema\/person\/image\/\",\"url\":\"https:\/\/tuzlainfo.ba\/wp-content\/litespeed\/avatar\/b6c453a6c38e3654f2e4416c643fc25c.jpg?ver=1777051911\",\"contentUrl\":\"https:\/\/tuzlainfo.ba\/wp-content\/litespeed\/avatar\/b6c453a6c38e3654f2e4416c643fc25c.jpg?ver=1777051911\",\"caption\":\"Tuzla Info\"}}]}<\/script>\n<!-- \/ Yoast SEO plugin. -->","yoast_head_json":{"title":"Resorni ministar u posjeti NUB \"Dervi\u0161 Su\u0161i\u0107\": Dogovoreni projekti i nastavak saradnje - TuzlaInfo.ba","robots":{"index":"index","follow":"follow","max-snippet":"max-snippet:-1","max-image-preview":"max-image-preview:large","max-video-preview":"max-video-preview:-1"},"canonical":"https:\/\/tuzlainfo.ba\/index.php\/istaknuto\/item\/241144-resorni-ministar-u-posjeti-nub-dervis-susic-dogovoreni-projekti-i-nastavak-saradnje\/","og_locale":"bs_BA","og_type":"article","og_title":"Resorni ministar u posjeti NUB \"Dervi\u0161 Su\u0161i\u0107\": Dogovoreni projekti i nastavak saradnje - TuzlaInfo.ba","og_description":"Ministar kulture sporta i mladih Damir Gazdi\u0107 danas je posjetio Narodnu i univerzitetsku biblioteku Dervi\u0161&hellip;","og_url":"https:\/\/tuzlainfo.ba\/index.php\/istaknuto\/item\/241144-resorni-ministar-u-posjeti-nub-dervis-susic-dogovoreni-projekti-i-nastavak-saradnje\/","og_site_name":"TuzlaInfo.ba","article_publisher":"https:\/\/www.facebook.com\/tuzlainfo.ba\/","article_published_time":"2024-06-11T15:09:04+00:00","article_modified_time":"2024-06-11T12:35:23+00:00","og_image":[{"width":1800,"height":1200,"url":"https:\/\/tuzlainfo.ba\/wp-content\/uploads\/2024\/06\/NUB-Dervis-Susic-01-11-06-2024.jpg","type":"image\/jpeg"}],"author":"Tuzla Info","twitter_card":"summary_large_image","twitter_misc":{"Written by":"Tuzla Info","Est. reading time":"3 minute"},"schema":{"@context":"https:\/\/schema.org","@graph":[{"@type":"Article","@id":"https:\/\/tuzlainfo.ba\/index.php\/istaknuto\/item\/241144-resorni-ministar-u-posjeti-nub-dervis-susic-dogovoreni-projekti-i-nastavak-saradnje\/#article","isPartOf":{"@id":"https:\/\/tuzlainfo.ba\/index.php\/istaknuto\/item\/241144-resorni-ministar-u-posjeti-nub-dervis-susic-dogovoreni-projekti-i-nastavak-saradnje\/"},"author":{"name":"Tuzla Info","@id":"https:\/\/tuzlainfo.ba\/#\/schema\/person\/46cad4c57790cbc50781edd14870825a"},"headline":"Resorni ministar u posjeti NUB &#8220;Dervi\u0161 Su\u0161i\u0107&#8221;: Dogovoreni projekti i nastavak saradnje","datePublished":"2024-06-11T15:09:04+00:00","dateModified":"2024-06-11T12:35:23+00:00","mainEntityOfPage":{"@id":"https:\/\/tuzlainfo.ba\/index.php\/istaknuto\/item\/241144-resorni-ministar-u-posjeti-nub-dervis-susic-dogovoreni-projekti-i-nastavak-saradnje\/"},"wordCount":498,"publisher":{"@id":"https:\/\/tuzlainfo.ba\/#organization"},"image":{"@id":"https:\/\/tuzlainfo.ba\/index.php\/istaknuto\/item\/241144-resorni-ministar-u-posjeti-nub-dervis-susic-dogovoreni-projekti-i-nastavak-saradnje\/#primaryimage"},"thumbnailUrl":"https:\/\/tuzlainfo.ba\/wp-content\/uploads\/2024\/06\/NUB-Dervis-Susic-01-11-06-2024.jpg","keywords":["nub dervi\u0161 su\u0161i\u0107"],"articleSection":["Istaknuto","Novosti"],"inLanguage":"bs-BA"},{"@type":"WebPage","@id":"https:\/\/tuzlainfo.ba\/index.php\/istaknuto\/item\/241144-resorni-ministar-u-posjeti-nub-dervis-susic-dogovoreni-projekti-i-nastavak-saradnje\/","url":"https:\/\/tuzlainfo.ba\/index.php\/istaknuto\/item\/241144-resorni-ministar-u-posjeti-nub-dervis-susic-dogovoreni-projekti-i-nastavak-saradnje\/","name":"Resorni ministar u posjeti NUB \"Dervi\u0161 Su\u0161i\u0107\": Dogovoreni projekti i nastavak saradnje - TuzlaInfo.ba","isPartOf":{"@id":"https:\/\/tuzlainfo.ba\/#website"},"primaryImageOfPage":{"@id":"https:\/\/tuzlainfo.ba\/index.php\/istaknuto\/item\/241144-resorni-ministar-u-posjeti-nub-dervis-susic-dogovoreni-projekti-i-nastavak-saradnje\/#primaryimage"},"image":{"@id":"https:\/\/tuzlainfo.ba\/index.php\/istaknuto\/item\/241144-resorni-ministar-u-posjeti-nub-dervis-susic-dogovoreni-projekti-i-nastavak-saradnje\/#primaryimage"},"thumbnailUrl":"https:\/\/tuzlainfo.ba\/wp-content\/uploads\/2024\/06\/NUB-Dervis-Susic-01-11-06-2024.jpg","datePublished":"2024-06-11T15:09:04+00:00","dateModified":"2024-06-11T12:35:23+00:00","breadcrumb":{"@id":"https:\/\/tuzlainfo.ba\/index.php\/istaknuto\/item\/241144-resorni-ministar-u-posjeti-nub-dervis-susic-dogovoreni-projekti-i-nastavak-saradnje\/#breadcrumb"},"inLanguage":"bs-BA","potentialAction":[{"@type":"ReadAction","target":["https:\/\/tuzlainfo.ba\/index.php\/istaknuto\/item\/241144-resorni-ministar-u-posjeti-nub-dervis-susic-dogovoreni-projekti-i-nastavak-saradnje\/"]}]},{"@type":"ImageObject","inLanguage":"bs-BA","@id":"https:\/\/tuzlainfo.ba\/index.php\/istaknuto\/item\/241144-resorni-ministar-u-posjeti-nub-dervis-susic-dogovoreni-projekti-i-nastavak-saradnje\/#primaryimage","url":"https:\/\/tuzlainfo.ba\/wp-content\/uploads\/2024\/06\/NUB-Dervis-Susic-01-11-06-2024.jpg","contentUrl":"https:\/\/tuzlainfo.ba\/wp-content\/uploads\/2024\/06\/NUB-Dervis-Susic-01-11-06-2024.jpg","width":1800,"height":1200},{"@type":"BreadcrumbList","@id":"https:\/\/tuzlainfo.ba\/index.php\/istaknuto\/item\/241144-resorni-ministar-u-posjeti-nub-dervis-susic-dogovoreni-projekti-i-nastavak-saradnje\/#breadcrumb","itemListElement":[{"@type":"ListItem","position":1,"name":"Home","item":"https:\/\/tuzlainfo.ba\/"},{"@type":"ListItem","position":2,"name":"Resorni ministar u posjeti NUB &#8220;Dervi\u0161 Su\u0161i\u0107&#8221;: Dogovoreni projekti i nastavak saradnje"}]},{"@type":"WebSite","@id":"https:\/\/tuzlainfo.ba\/#website","url":"https:\/\/tuzlainfo.ba\/","name":"TuzlaInfo.ba","description":"Tuzla info, gradski informator - Tuzla na dlanu","publisher":{"@id":"https:\/\/tuzlainfo.ba\/#organization"},"potentialAction":[{"@type":"SearchAction","target":{"@type":"EntryPoint","urlTemplate":"https:\/\/tuzlainfo.ba\/?s={search_term_string}"},"query-input":{"@type":"PropertyValueSpecification","valueRequired":true,"valueName":"search_term_string"}}],"inLanguage":"bs-BA"},{"@type":"Organization","@id":"https:\/\/tuzlainfo.ba\/#organization","name":"TuzlaInfo.ba","url":"https:\/\/tuzlainfo.ba\/","logo":{"@type":"ImageObject","inLanguage":"bs-BA","@id":"https:\/\/tuzlainfo.ba\/#\/schema\/logo\/image\/","url":"https:\/\/tuzlainfo.ba\/wp-content\/uploads\/2021\/03\/logo-ver-3-1.png","contentUrl":"https:\/\/tuzlainfo.ba\/wp-content\/uploads\/2021\/03\/logo-ver-3-1.png","width":350,"height":95,"caption":"TuzlaInfo.ba"},"image":{"@id":"https:\/\/tuzlainfo.ba\/#\/schema\/logo\/image\/"},"sameAs":["https:\/\/www.facebook.com\/tuzlainfo.ba\/"]},{"@type":"Person","@id":"https:\/\/tuzlainfo.ba\/#\/schema\/person\/46cad4c57790cbc50781edd14870825a","name":"Tuzla Info","image":{"@type":"ImageObject","inLanguage":"bs-BA","@id":"https:\/\/tuzlainfo.ba\/#\/schema\/person\/image\/","url":"https:\/\/tuzlainfo.ba\/wp-content\/litespeed\/avatar\/b6c453a6c38e3654f2e4416c643fc25c.jpg?ver=1777051911","contentUrl":"https:\/\/tuzlainfo.ba\/wp-content\/litespeed\/avatar\/b6c453a6c38e3654f2e4416c643fc25c.jpg?ver=1777051911","caption":"Tuzla Info"}}]}},"_links":{"self":[{"href":"https:\/\/tuzlainfo.ba\/index.php\/wp-json\/wp\/v2\/posts\/241144"}],"collection":[{"href":"https:\/\/tuzlainfo.ba\/index.php\/wp-json\/wp\/v2\/posts"}],"about":[{"href":"https:\/\/tuzlainfo.ba\/index.php\/wp-json\/wp\/v2\/types\/post"}],"author":[{"embeddable":true,"href":"https:\/\/tuzlainfo.ba\/index.php\/wp-json\/wp\/v2\/users\/4"}],"replies":[{"embeddable":true,"href":"https:\/\/tuzlainfo.ba\/index.php\/wp-json\/wp\/v2\/comments?post=241144"}],"version-history":[{"count":1,"href":"https:\/\/tuzlainfo.ba\/index.php\/wp-json\/wp\/v2\/posts\/241144\/revisions"}],"predecessor-version":[{"id":241146,"href":"https:\/\/tuzlainfo.ba\/index.php\/wp-json\/wp\/v2\/posts\/241144\/revisions\/241146"}],"wp:featuredmedia":[{"embeddable":true,"href":"https:\/\/tuzlainfo.ba\/index.php\/wp-json\/wp\/v2\/media\/241145"}],"wp:attachment":[{"href":"https:\/\/tuzlainfo.ba\/index.php\/wp-json\/wp\/v2\/media?parent=241144"}],"wp:term":[{"taxonomy":"category","embeddable":true,"href":"https:\/\/tuzlainfo.ba\/index.php\/wp-json\/wp\/v2\/categories?post=241144"},{"taxonomy":"post_tag","embeddable":true,"href":"https:\/\/tuzlainfo.ba\/index.php\/wp-json\/wp\/v2\/tags?post=241144"}],"curies":[{"name":"wp","href":"https:\/\/api.w.org\/{rel}","templated":true}]}}