{"id":240896,"date":"2024-06-08T20:43:26","date_gmt":"2024-06-08T18:43:26","guid":{"rendered":"https:\/\/tuzlainfo.ba\/?p=240896"},"modified":"2024-06-08T20:43:26","modified_gmt":"2024-06-08T18:43:26","slug":"niksic-o-svesrpskom-saboru-velika-predstava-kojom-se-pokusavala-oprati-savjest","status":"publish","type":"post","link":"https:\/\/tuzlainfo.ba\/index.php\/bosna-i-hercegovina\/item\/240896-niksic-o-svesrpskom-saboru-velika-predstava-kojom-se-pokusavala-oprati-savjest\/","title":{"rendered":"Nik\u0161i\u0107 o &#8220;svesrpskom saboru&#8221;: &#8220;Velika predstava kojom se poku\u0161avala oprati savjest&#8221;"},"content":{"rendered":"<p>Na Svesrpskom saboru u Beogradu delegacije Srbije i bh. entiteta RS usvojile su Deklaraciju o za\u0161titi nacionalnih i politi\u010dkih prava i budu\u0107nosti srpskog naroda.<\/p>\n<p>Cilj deklaracije je jedinstvo srpskog naroda, a potpisani su i memorandumi o saradnji u oblastima kulture, poljoprivrede i ekonomije. Sabor je po\u010deo molitvom u Hramu svetog Save, nakon \u010dega su uslijedili odvojeni sastanci delegacija, kao i zajedni\u010dka sjednica vlada Srbije i bh. entiteta RS-a.<\/p>\n<p>O &#8220;svesrpskom saboru&#8221; za\u00a0Al Jazeeru Balkans\u00a0govorio je premijer Federacije BiH\u00a0Nermin Nik\u0161i\u0107.<\/p>\n<div id=\"aswift_0_host\">\n<p>&#8220;Ono \u0161to se manifestuje kroz dana\u0161nju Deklaraciju, pa i izjave ljudi koji su nosioci te aktivnosti pokazuje da je ovo bila\u00a0jo\u0161 jedna velika predstava kojom se poku\u0161avala oprati savjest.<\/p>\n<p>Puno bolje i efektnije bi bilo da su se osvrnuli u pro\u0161lost, suo\u010dili sa istinom, izvinili za ono \u0161to se desilo i okrenuli budu\u0107nosti. Ovako se ponovo poku\u0161avaju predstaviti kao neke kolektivne \u017ertve.<\/p>\n<p>Stalno se suo\u010davamo sa poku\u0161ajima\u00a0revidiranja istorijskih \u010dinjenica.\u00a0Oni koji su u Drugom svjetskom ratu bili na strani fa\u0161ista predstavljaju se kao borci za otad\u017ebinu i na kraju postado\u0161e antifa\u0161isti, oni koji su se borili za slobodu&#8221;,\u00a0rekao je Nik\u0161i\u0107.<\/p>\n<div class=\"fb-video fb_iframe_widget fb_iframe_widget_fluid_desktop\" data-href=\"https:\/\/www.facebook.com\/niksic.sdp\/videos\/476972061376505\/\" data-show-text=\"false\" data-width=\"\"><\/div>\n<\/div>\n","protected":false},"excerpt":{"rendered":"<p>Na Svesrpskom saboru u Beogradu delegacije Srbije i bh. entiteta RS usvojile su Deklaraciju o&hellip;<\/p>\n","protected":false},"author":2,"featured_media":203647,"comment_status":"closed","ping_status":"closed","sticky":false,"template":"","format":"standard","meta":{"_acf_changed":false,"footnotes":""},"categories":[291],"tags":[542,10303],"acf":[],"yoast_head":"<!-- This site is optimized with the Yoast SEO plugin v23.5 - https:\/\/yoast.com\/wordpress\/plugins\/seo\/ -->\n<title>Nik\u0161i\u0107 o &quot;svesrpskom saboru&quot;: &quot;Velika predstava kojom se poku\u0161avala oprati savjest&quot; - TuzlaInfo.ba<\/title>\n<meta name=\"robots\" content=\"index, follow, max-snippet:-1, max-image-preview:large, max-video-preview:-1\" \/>\n<link rel=\"canonical\" href=\"https:\/\/tuzlainfo.ba\/index.php\/bosna-i-hercegovina\/item\/240896-niksic-o-svesrpskom-saboru-velika-predstava-kojom-se-pokusavala-oprati-savjest\/\" \/>\n<meta property=\"og:locale\" content=\"bs_BA\" \/>\n<meta property=\"og:type\" content=\"article\" \/>\n<meta property=\"og:title\" content=\"Nik\u0161i\u0107 o &quot;svesrpskom saboru&quot;: &quot;Velika predstava kojom se poku\u0161avala oprati savjest&quot; - TuzlaInfo.ba\" \/>\n<meta property=\"og:description\" content=\"Na Svesrpskom saboru u Beogradu delegacije Srbije i bh. entiteta RS usvojile su Deklaraciju o&hellip;\" \/>\n<meta property=\"og:url\" content=\"https:\/\/tuzlainfo.ba\/index.php\/bosna-i-hercegovina\/item\/240896-niksic-o-svesrpskom-saboru-velika-predstava-kojom-se-pokusavala-oprati-savjest\/\" \/>\n<meta property=\"og:site_name\" content=\"TuzlaInfo.ba\" \/>\n<meta property=\"article:publisher\" content=\"https:\/\/www.facebook.com\/tuzlainfo.ba\/\" \/>\n<meta property=\"article:published_time\" content=\"2024-06-08T18:43:26+00:00\" \/>\n<meta property=\"og:image\" content=\"https:\/\/tuzlainfo.ba\/wp-content\/uploads\/2023\/05\/0305_nermin_niksic.jpg\" \/>\n\t<meta property=\"og:image:width\" content=\"800\" \/>\n\t<meta property=\"og:image:height\" content=\"496\" \/>\n\t<meta property=\"og:image:type\" content=\"image\/jpeg\" \/>\n<meta name=\"author\" content=\"nedim\" \/>\n<meta name=\"twitter:card\" content=\"summary_large_image\" \/>\n<meta name=\"twitter:label1\" content=\"Written by\" \/>\n\t<meta name=\"twitter:data1\" content=\"nedim\" \/>\n\t<meta name=\"twitter:label2\" content=\"Est. reading time\" \/>\n\t<meta name=\"twitter:data2\" content=\"2 minute\" \/>\n<script type=\"application\/ld+json\" class=\"yoast-schema-graph\">{\"@context\":\"https:\/\/schema.org\",\"@graph\":[{\"@type\":\"Article\",\"@id\":\"https:\/\/tuzlainfo.ba\/index.php\/bosna-i-hercegovina\/item\/240896-niksic-o-svesrpskom-saboru-velika-predstava-kojom-se-pokusavala-oprati-savjest\/#article\",\"isPartOf\":{\"@id\":\"https:\/\/tuzlainfo.ba\/index.php\/bosna-i-hercegovina\/item\/240896-niksic-o-svesrpskom-saboru-velika-predstava-kojom-se-pokusavala-oprati-savjest\/\"},\"author\":{\"name\":\"nedim\",\"@id\":\"https:\/\/tuzlainfo.ba\/#\/schema\/person\/f434e20dc27ea133923aab08451b7f7f\"},\"headline\":\"Nik\u0161i\u0107 o &#8220;svesrpskom saboru&#8221;: &#8220;Velika predstava kojom se poku\u0161avala oprati savjest&#8221;\",\"datePublished\":\"2024-06-08T18:43:26+00:00\",\"dateModified\":\"2024-06-08T18:43:26+00:00\",\"mainEntityOfPage\":{\"@id\":\"https:\/\/tuzlainfo.ba\/index.php\/bosna-i-hercegovina\/item\/240896-niksic-o-svesrpskom-saboru-velika-predstava-kojom-se-pokusavala-oprati-savjest\/\"},\"wordCount\":217,\"publisher\":{\"@id\":\"https:\/\/tuzlainfo.ba\/#organization\"},\"image\":{\"@id\":\"https:\/\/tuzlainfo.ba\/index.php\/bosna-i-hercegovina\/item\/240896-niksic-o-svesrpskom-saboru-velika-predstava-kojom-se-pokusavala-oprati-savjest\/#primaryimage\"},\"thumbnailUrl\":\"https:\/\/tuzlainfo.ba\/wp-content\/uploads\/2023\/05\/0305_nermin_niksic.jpg\",\"keywords\":[\"nermin nik\u0161i\u0107\",\"svesrpski sabor\"],\"articleSection\":[\"Bosna i Hercegovina\"],\"inLanguage\":\"bs-BA\"},{\"@type\":\"WebPage\",\"@id\":\"https:\/\/tuzlainfo.ba\/index.php\/bosna-i-hercegovina\/item\/240896-niksic-o-svesrpskom-saboru-velika-predstava-kojom-se-pokusavala-oprati-savjest\/\",\"url\":\"https:\/\/tuzlainfo.ba\/index.php\/bosna-i-hercegovina\/item\/240896-niksic-o-svesrpskom-saboru-velika-predstava-kojom-se-pokusavala-oprati-savjest\/\",\"name\":\"Nik\u0161i\u0107 o \\\"svesrpskom saboru\\\": \\\"Velika predstava kojom se poku\u0161avala oprati savjest\\\" - TuzlaInfo.ba\",\"isPartOf\":{\"@id\":\"https:\/\/tuzlainfo.ba\/#website\"},\"primaryImageOfPage\":{\"@id\":\"https:\/\/tuzlainfo.ba\/index.php\/bosna-i-hercegovina\/item\/240896-niksic-o-svesrpskom-saboru-velika-predstava-kojom-se-pokusavala-oprati-savjest\/#primaryimage\"},\"image\":{\"@id\":\"https:\/\/tuzlainfo.ba\/index.php\/bosna-i-hercegovina\/item\/240896-niksic-o-svesrpskom-saboru-velika-predstava-kojom-se-pokusavala-oprati-savjest\/#primaryimage\"},\"thumbnailUrl\":\"https:\/\/tuzlainfo.ba\/wp-content\/uploads\/2023\/05\/0305_nermin_niksic.jpg\",\"datePublished\":\"2024-06-08T18:43:26+00:00\",\"dateModified\":\"2024-06-08T18:43:26+00:00\",\"breadcrumb\":{\"@id\":\"https:\/\/tuzlainfo.ba\/index.php\/bosna-i-hercegovina\/item\/240896-niksic-o-svesrpskom-saboru-velika-predstava-kojom-se-pokusavala-oprati-savjest\/#breadcrumb\"},\"inLanguage\":\"bs-BA\",\"potentialAction\":[{\"@type\":\"ReadAction\",\"target\":[\"https:\/\/tuzlainfo.ba\/index.php\/bosna-i-hercegovina\/item\/240896-niksic-o-svesrpskom-saboru-velika-predstava-kojom-se-pokusavala-oprati-savjest\/\"]}]},{\"@type\":\"ImageObject\",\"inLanguage\":\"bs-BA\",\"@id\":\"https:\/\/tuzlainfo.ba\/index.php\/bosna-i-hercegovina\/item\/240896-niksic-o-svesrpskom-saboru-velika-predstava-kojom-se-pokusavala-oprati-savjest\/#primaryimage\",\"url\":\"https:\/\/tuzlainfo.ba\/wp-content\/uploads\/2023\/05\/0305_nermin_niksic.jpg\",\"contentUrl\":\"https:\/\/tuzlainfo.ba\/wp-content\/uploads\/2023\/05\/0305_nermin_niksic.jpg\",\"width\":800,\"height\":496},{\"@type\":\"BreadcrumbList\",\"@id\":\"https:\/\/tuzlainfo.ba\/index.php\/bosna-i-hercegovina\/item\/240896-niksic-o-svesrpskom-saboru-velika-predstava-kojom-se-pokusavala-oprati-savjest\/#breadcrumb\",\"itemListElement\":[{\"@type\":\"ListItem\",\"position\":1,\"name\":\"Home\",\"item\":\"https:\/\/tuzlainfo.ba\/\"},{\"@type\":\"ListItem\",\"position\":2,\"name\":\"Nik\u0161i\u0107 o &#8220;svesrpskom saboru&#8221;: &#8220;Velika predstava kojom se poku\u0161avala oprati savjest&#8221;\"}]},{\"@type\":\"WebSite\",\"@id\":\"https:\/\/tuzlainfo.ba\/#website\",\"url\":\"https:\/\/tuzlainfo.ba\/\",\"name\":\"TuzlaInfo.ba\",\"description\":\"Tuzla info, gradski informator - Tuzla na dlanu\",\"publisher\":{\"@id\":\"https:\/\/tuzlainfo.ba\/#organization\"},\"potentialAction\":[{\"@type\":\"SearchAction\",\"target\":{\"@type\":\"EntryPoint\",\"urlTemplate\":\"https:\/\/tuzlainfo.ba\/?s={search_term_string}\"},\"query-input\":{\"@type\":\"PropertyValueSpecification\",\"valueRequired\":true,\"valueName\":\"search_term_string\"}}],\"inLanguage\":\"bs-BA\"},{\"@type\":\"Organization\",\"@id\":\"https:\/\/tuzlainfo.ba\/#organization\",\"name\":\"TuzlaInfo.ba\",\"url\":\"https:\/\/tuzlainfo.ba\/\",\"logo\":{\"@type\":\"ImageObject\",\"inLanguage\":\"bs-BA\",\"@id\":\"https:\/\/tuzlainfo.ba\/#\/schema\/logo\/image\/\",\"url\":\"https:\/\/tuzlainfo.ba\/wp-content\/uploads\/2021\/03\/logo-ver-3-1.png\",\"contentUrl\":\"https:\/\/tuzlainfo.ba\/wp-content\/uploads\/2021\/03\/logo-ver-3-1.png\",\"width\":350,\"height\":95,\"caption\":\"TuzlaInfo.ba\"},\"image\":{\"@id\":\"https:\/\/tuzlainfo.ba\/#\/schema\/logo\/image\/\"},\"sameAs\":[\"https:\/\/www.facebook.com\/tuzlainfo.ba\/\"]},{\"@type\":\"Person\",\"@id\":\"https:\/\/tuzlainfo.ba\/#\/schema\/person\/f434e20dc27ea133923aab08451b7f7f\",\"name\":\"nedim\",\"image\":{\"@type\":\"ImageObject\",\"inLanguage\":\"bs-BA\",\"@id\":\"https:\/\/tuzlainfo.ba\/#\/schema\/person\/image\/\",\"url\":\"https:\/\/tuzlainfo.ba\/wp-content\/litespeed\/avatar\/aabad687af24844af817603ac1cbdc4f.jpg?ver=1777306975\",\"contentUrl\":\"https:\/\/tuzlainfo.ba\/wp-content\/litespeed\/avatar\/aabad687af24844af817603ac1cbdc4f.jpg?ver=1777306975\",\"caption\":\"nedim\"},\"description\":\"Tuzlainfo.ba pratite na dru\u0161tvenim mre\u017eama: Facebook, Instagram i Youtube. Svoje pri\u010de, upite i fotografije \u0161aljite na na\u0161u e-mail adresu.\"}]}<\/script>\n<!-- \/ Yoast SEO plugin. -->","yoast_head_json":{"title":"Nik\u0161i\u0107 o \"svesrpskom saboru\": \"Velika predstava kojom se poku\u0161avala oprati savjest\" - TuzlaInfo.ba","robots":{"index":"index","follow":"follow","max-snippet":"max-snippet:-1","max-image-preview":"max-image-preview:large","max-video-preview":"max-video-preview:-1"},"canonical":"https:\/\/tuzlainfo.ba\/index.php\/bosna-i-hercegovina\/item\/240896-niksic-o-svesrpskom-saboru-velika-predstava-kojom-se-pokusavala-oprati-savjest\/","og_locale":"bs_BA","og_type":"article","og_title":"Nik\u0161i\u0107 o \"svesrpskom saboru\": \"Velika predstava kojom se poku\u0161avala oprati savjest\" - TuzlaInfo.ba","og_description":"Na Svesrpskom saboru u Beogradu delegacije Srbije i bh. entiteta RS usvojile su Deklaraciju o&hellip;","og_url":"https:\/\/tuzlainfo.ba\/index.php\/bosna-i-hercegovina\/item\/240896-niksic-o-svesrpskom-saboru-velika-predstava-kojom-se-pokusavala-oprati-savjest\/","og_site_name":"TuzlaInfo.ba","article_publisher":"https:\/\/www.facebook.com\/tuzlainfo.ba\/","article_published_time":"2024-06-08T18:43:26+00:00","og_image":[{"width":800,"height":496,"url":"https:\/\/tuzlainfo.ba\/wp-content\/uploads\/2023\/05\/0305_nermin_niksic.jpg","type":"image\/jpeg"}],"author":"nedim","twitter_card":"summary_large_image","twitter_misc":{"Written by":"nedim","Est. reading time":"2 minute"},"schema":{"@context":"https:\/\/schema.org","@graph":[{"@type":"Article","@id":"https:\/\/tuzlainfo.ba\/index.php\/bosna-i-hercegovina\/item\/240896-niksic-o-svesrpskom-saboru-velika-predstava-kojom-se-pokusavala-oprati-savjest\/#article","isPartOf":{"@id":"https:\/\/tuzlainfo.ba\/index.php\/bosna-i-hercegovina\/item\/240896-niksic-o-svesrpskom-saboru-velika-predstava-kojom-se-pokusavala-oprati-savjest\/"},"author":{"name":"nedim","@id":"https:\/\/tuzlainfo.ba\/#\/schema\/person\/f434e20dc27ea133923aab08451b7f7f"},"headline":"Nik\u0161i\u0107 o &#8220;svesrpskom saboru&#8221;: &#8220;Velika predstava kojom se poku\u0161avala oprati savjest&#8221;","datePublished":"2024-06-08T18:43:26+00:00","dateModified":"2024-06-08T18:43:26+00:00","mainEntityOfPage":{"@id":"https:\/\/tuzlainfo.ba\/index.php\/bosna-i-hercegovina\/item\/240896-niksic-o-svesrpskom-saboru-velika-predstava-kojom-se-pokusavala-oprati-savjest\/"},"wordCount":217,"publisher":{"@id":"https:\/\/tuzlainfo.ba\/#organization"},"image":{"@id":"https:\/\/tuzlainfo.ba\/index.php\/bosna-i-hercegovina\/item\/240896-niksic-o-svesrpskom-saboru-velika-predstava-kojom-se-pokusavala-oprati-savjest\/#primaryimage"},"thumbnailUrl":"https:\/\/tuzlainfo.ba\/wp-content\/uploads\/2023\/05\/0305_nermin_niksic.jpg","keywords":["nermin nik\u0161i\u0107","svesrpski sabor"],"articleSection":["Bosna i Hercegovina"],"inLanguage":"bs-BA"},{"@type":"WebPage","@id":"https:\/\/tuzlainfo.ba\/index.php\/bosna-i-hercegovina\/item\/240896-niksic-o-svesrpskom-saboru-velika-predstava-kojom-se-pokusavala-oprati-savjest\/","url":"https:\/\/tuzlainfo.ba\/index.php\/bosna-i-hercegovina\/item\/240896-niksic-o-svesrpskom-saboru-velika-predstava-kojom-se-pokusavala-oprati-savjest\/","name":"Nik\u0161i\u0107 o \"svesrpskom saboru\": \"Velika predstava kojom se poku\u0161avala oprati savjest\" - TuzlaInfo.ba","isPartOf":{"@id":"https:\/\/tuzlainfo.ba\/#website"},"primaryImageOfPage":{"@id":"https:\/\/tuzlainfo.ba\/index.php\/bosna-i-hercegovina\/item\/240896-niksic-o-svesrpskom-saboru-velika-predstava-kojom-se-pokusavala-oprati-savjest\/#primaryimage"},"image":{"@id":"https:\/\/tuzlainfo.ba\/index.php\/bosna-i-hercegovina\/item\/240896-niksic-o-svesrpskom-saboru-velika-predstava-kojom-se-pokusavala-oprati-savjest\/#primaryimage"},"thumbnailUrl":"https:\/\/tuzlainfo.ba\/wp-content\/uploads\/2023\/05\/0305_nermin_niksic.jpg","datePublished":"2024-06-08T18:43:26+00:00","dateModified":"2024-06-08T18:43:26+00:00","breadcrumb":{"@id":"https:\/\/tuzlainfo.ba\/index.php\/bosna-i-hercegovina\/item\/240896-niksic-o-svesrpskom-saboru-velika-predstava-kojom-se-pokusavala-oprati-savjest\/#breadcrumb"},"inLanguage":"bs-BA","potentialAction":[{"@type":"ReadAction","target":["https:\/\/tuzlainfo.ba\/index.php\/bosna-i-hercegovina\/item\/240896-niksic-o-svesrpskom-saboru-velika-predstava-kojom-se-pokusavala-oprati-savjest\/"]}]},{"@type":"ImageObject","inLanguage":"bs-BA","@id":"https:\/\/tuzlainfo.ba\/index.php\/bosna-i-hercegovina\/item\/240896-niksic-o-svesrpskom-saboru-velika-predstava-kojom-se-pokusavala-oprati-savjest\/#primaryimage","url":"https:\/\/tuzlainfo.ba\/wp-content\/uploads\/2023\/05\/0305_nermin_niksic.jpg","contentUrl":"https:\/\/tuzlainfo.ba\/wp-content\/uploads\/2023\/05\/0305_nermin_niksic.jpg","width":800,"height":496},{"@type":"BreadcrumbList","@id":"https:\/\/tuzlainfo.ba\/index.php\/bosna-i-hercegovina\/item\/240896-niksic-o-svesrpskom-saboru-velika-predstava-kojom-se-pokusavala-oprati-savjest\/#breadcrumb","itemListElement":[{"@type":"ListItem","position":1,"name":"Home","item":"https:\/\/tuzlainfo.ba\/"},{"@type":"ListItem","position":2,"name":"Nik\u0161i\u0107 o &#8220;svesrpskom saboru&#8221;: &#8220;Velika predstava kojom se poku\u0161avala oprati savjest&#8221;"}]},{"@type":"WebSite","@id":"https:\/\/tuzlainfo.ba\/#website","url":"https:\/\/tuzlainfo.ba\/","name":"TuzlaInfo.ba","description":"Tuzla info, gradski informator - Tuzla na dlanu","publisher":{"@id":"https:\/\/tuzlainfo.ba\/#organization"},"potentialAction":[{"@type":"SearchAction","target":{"@type":"EntryPoint","urlTemplate":"https:\/\/tuzlainfo.ba\/?s={search_term_string}"},"query-input":{"@type":"PropertyValueSpecification","valueRequired":true,"valueName":"search_term_string"}}],"inLanguage":"bs-BA"},{"@type":"Organization","@id":"https:\/\/tuzlainfo.ba\/#organization","name":"TuzlaInfo.ba","url":"https:\/\/tuzlainfo.ba\/","logo":{"@type":"ImageObject","inLanguage":"bs-BA","@id":"https:\/\/tuzlainfo.ba\/#\/schema\/logo\/image\/","url":"https:\/\/tuzlainfo.ba\/wp-content\/uploads\/2021\/03\/logo-ver-3-1.png","contentUrl":"https:\/\/tuzlainfo.ba\/wp-content\/uploads\/2021\/03\/logo-ver-3-1.png","width":350,"height":95,"caption":"TuzlaInfo.ba"},"image":{"@id":"https:\/\/tuzlainfo.ba\/#\/schema\/logo\/image\/"},"sameAs":["https:\/\/www.facebook.com\/tuzlainfo.ba\/"]},{"@type":"Person","@id":"https:\/\/tuzlainfo.ba\/#\/schema\/person\/f434e20dc27ea133923aab08451b7f7f","name":"nedim","image":{"@type":"ImageObject","inLanguage":"bs-BA","@id":"https:\/\/tuzlainfo.ba\/#\/schema\/person\/image\/","url":"https:\/\/tuzlainfo.ba\/wp-content\/litespeed\/avatar\/aabad687af24844af817603ac1cbdc4f.jpg?ver=1777306975","contentUrl":"https:\/\/tuzlainfo.ba\/wp-content\/litespeed\/avatar\/aabad687af24844af817603ac1cbdc4f.jpg?ver=1777306975","caption":"nedim"},"description":"Tuzlainfo.ba pratite na dru\u0161tvenim mre\u017eama: Facebook, Instagram i Youtube. Svoje pri\u010de, upite i fotografije \u0161aljite na na\u0161u e-mail adresu."}]}},"_links":{"self":[{"href":"https:\/\/tuzlainfo.ba\/index.php\/wp-json\/wp\/v2\/posts\/240896"}],"collection":[{"href":"https:\/\/tuzlainfo.ba\/index.php\/wp-json\/wp\/v2\/posts"}],"about":[{"href":"https:\/\/tuzlainfo.ba\/index.php\/wp-json\/wp\/v2\/types\/post"}],"author":[{"embeddable":true,"href":"https:\/\/tuzlainfo.ba\/index.php\/wp-json\/wp\/v2\/users\/2"}],"replies":[{"embeddable":true,"href":"https:\/\/tuzlainfo.ba\/index.php\/wp-json\/wp\/v2\/comments?post=240896"}],"version-history":[{"count":1,"href":"https:\/\/tuzlainfo.ba\/index.php\/wp-json\/wp\/v2\/posts\/240896\/revisions"}],"predecessor-version":[{"id":240897,"href":"https:\/\/tuzlainfo.ba\/index.php\/wp-json\/wp\/v2\/posts\/240896\/revisions\/240897"}],"wp:featuredmedia":[{"embeddable":true,"href":"https:\/\/tuzlainfo.ba\/index.php\/wp-json\/wp\/v2\/media\/203647"}],"wp:attachment":[{"href":"https:\/\/tuzlainfo.ba\/index.php\/wp-json\/wp\/v2\/media?parent=240896"}],"wp:term":[{"taxonomy":"category","embeddable":true,"href":"https:\/\/tuzlainfo.ba\/index.php\/wp-json\/wp\/v2\/categories?post=240896"},{"taxonomy":"post_tag","embeddable":true,"href":"https:\/\/tuzlainfo.ba\/index.php\/wp-json\/wp\/v2\/tags?post=240896"}],"curies":[{"name":"wp","href":"https:\/\/api.w.org\/{rel}","templated":true}]}}