{"id":240799,"date":"2024-06-07T14:30:14","date_gmt":"2024-06-07T12:30:14","guid":{"rendered":"https:\/\/tuzlainfo.ba\/?p=240799"},"modified":"2024-06-07T10:21:04","modified_gmt":"2024-06-07T08:21:04","slug":"trivic-na-svesrpskom-saboru-planiram-ukazati-na-stetu-koju-dodik-nanosi-srpskom-narodu","status":"publish","type":"post","link":"https:\/\/tuzlainfo.ba\/index.php\/bosna-i-hercegovina\/item\/240799-trivic-na-svesrpskom-saboru-planiram-ukazati-na-stetu-koju-dodik-nanosi-srpskom-narodu\/","title":{"rendered":"Trivi\u0107: Na svesrpskom saboru planiram ukazati na \u0161tetu koju Dodik nanosi srpskom narodu"},"content":{"rendered":"<p>Predsjednica Narodnog fronta (NF) Jelena Trivi\u0107 ka\u017ee da \u0107e prisustvovati sutra\u0161njem svesrpskom saboru na kojem \u0107e ukazati na \u0161tetu koju predsjednik bh. entiteta Republika Srpska (RS) Milorad Dodik nanosi srpskom narodu.<\/p>\n<p>Ona je kazala da u Beograd ide zajedno sa delegacijom Narodnog fronta.<\/p>\n<p>Smatra da se ne radi o politi\u010dkom doga\u0111aju, nego o doga\u0111aju va\u017enom za srpski narod, ma gdje on \u017eivio.<\/p>\n<p>&#8220;U svakom slu\u010daju, ukoliko bude prostora za diskusuju na temu budu\u0107nosti srpskog naroda u Republici Srpskoj i Bosni i Hercegovini, planiram ukazati na \u0161tetu koju je Milorad Dodik nanio i jo\u0161 uvijek nanosi na\u0161em srpskom narodu, ne samo u Srpskoj nego svim Srbima u regionu, pa tako i u Srbiji&#8221;, poru\u010duje Trivi\u0107.<\/p>\n<p>Dalje navodi da bi za srpski narod najbolje bilo kada bi Milorad Dodik na Svesrpskom saboru saop\u0107io da se povla\u010di iz politi\u010dkog \u017eivota i da \u0107e ugasiti SNSD.<\/p>\n<p>&#8220;To bi vjerovatno bilo jedino \u0161to bi korisno uradio za na\u0161 narod u svom \u017eivotu&#8221;, zaklju\u010duje Trivi\u0107.<\/p>\n<p>&nbsp;<\/p>\n","protected":false},"excerpt":{"rendered":"<p>Predsjednica Narodnog fronta (NF) Jelena Trivi\u0107 ka\u017ee da \u0107e prisustvovati sutra\u0161njem svesrpskom saboru na kojem&hellip;<\/p>\n","protected":false},"author":3,"featured_media":173612,"comment_status":"closed","ping_status":"closed","sticky":false,"template":"","format":"standard","meta":{"_acf_changed":false,"footnotes":""},"categories":[291],"tags":[3754,10303],"acf":[],"yoast_head":"<!-- This site is optimized with the Yoast SEO plugin v23.5 - https:\/\/yoast.com\/wordpress\/plugins\/seo\/ -->\n<title>Trivi\u0107: Na svesrpskom saboru planiram ukazati na \u0161tetu koju Dodik nanosi srpskom narodu - TuzlaInfo.ba<\/title>\n<meta name=\"robots\" content=\"index, follow, max-snippet:-1, max-image-preview:large, max-video-preview:-1\" \/>\n<link rel=\"canonical\" href=\"https:\/\/tuzlainfo.ba\/index.php\/bosna-i-hercegovina\/item\/240799-trivic-na-svesrpskom-saboru-planiram-ukazati-na-stetu-koju-dodik-nanosi-srpskom-narodu\/\" \/>\n<meta property=\"og:locale\" content=\"bs_BA\" \/>\n<meta property=\"og:type\" content=\"article\" \/>\n<meta property=\"og:title\" content=\"Trivi\u0107: Na svesrpskom saboru planiram ukazati na \u0161tetu koju Dodik nanosi srpskom narodu - TuzlaInfo.ba\" \/>\n<meta property=\"og:description\" content=\"Predsjednica Narodnog fronta (NF) Jelena Trivi\u0107 ka\u017ee da \u0107e prisustvovati sutra\u0161njem svesrpskom saboru na kojem&hellip;\" \/>\n<meta property=\"og:url\" content=\"https:\/\/tuzlainfo.ba\/index.php\/bosna-i-hercegovina\/item\/240799-trivic-na-svesrpskom-saboru-planiram-ukazati-na-stetu-koju-dodik-nanosi-srpskom-narodu\/\" \/>\n<meta property=\"og:site_name\" content=\"TuzlaInfo.ba\" \/>\n<meta property=\"article:publisher\" content=\"https:\/\/www.facebook.com\/tuzlainfo.ba\/\" \/>\n<meta property=\"article:published_time\" content=\"2024-06-07T12:30:14+00:00\" \/>\n<meta property=\"article:modified_time\" content=\"2024-06-07T08:21:04+00:00\" \/>\n<meta property=\"og:image\" content=\"https:\/\/tuzlainfo.ba\/wp-content\/uploads\/2022\/05\/2905_jelena-trivic.jpg\" \/>\n\t<meta property=\"og:image:width\" content=\"1324\" \/>\n\t<meta property=\"og:image:height\" content=\"866\" \/>\n\t<meta property=\"og:image:type\" content=\"image\/jpeg\" \/>\n<meta name=\"author\" content=\"admin2\" \/>\n<meta name=\"twitter:card\" content=\"summary_large_image\" \/>\n<meta name=\"twitter:label1\" content=\"Written by\" \/>\n\t<meta name=\"twitter:data1\" content=\"admin2\" \/>\n\t<meta name=\"twitter:label2\" content=\"Est. reading time\" \/>\n\t<meta name=\"twitter:data2\" content=\"2 minute\" \/>\n<script type=\"application\/ld+json\" class=\"yoast-schema-graph\">{\"@context\":\"https:\/\/schema.org\",\"@graph\":[{\"@type\":\"Article\",\"@id\":\"https:\/\/tuzlainfo.ba\/index.php\/bosna-i-hercegovina\/item\/240799-trivic-na-svesrpskom-saboru-planiram-ukazati-na-stetu-koju-dodik-nanosi-srpskom-narodu\/#article\",\"isPartOf\":{\"@id\":\"https:\/\/tuzlainfo.ba\/index.php\/bosna-i-hercegovina\/item\/240799-trivic-na-svesrpskom-saboru-planiram-ukazati-na-stetu-koju-dodik-nanosi-srpskom-narodu\/\"},\"author\":{\"name\":\"admin2\",\"@id\":\"https:\/\/tuzlainfo.ba\/#\/schema\/person\/f4ebe4fff27e68efb65fa7e18f8af372\"},\"headline\":\"Trivi\u0107: Na svesrpskom saboru planiram ukazati na \u0161tetu koju Dodik nanosi srpskom narodu\",\"datePublished\":\"2024-06-07T12:30:14+00:00\",\"dateModified\":\"2024-06-07T08:21:04+00:00\",\"mainEntityOfPage\":{\"@id\":\"https:\/\/tuzlainfo.ba\/index.php\/bosna-i-hercegovina\/item\/240799-trivic-na-svesrpskom-saboru-planiram-ukazati-na-stetu-koju-dodik-nanosi-srpskom-narodu\/\"},\"wordCount\":187,\"publisher\":{\"@id\":\"https:\/\/tuzlainfo.ba\/#organization\"},\"image\":{\"@id\":\"https:\/\/tuzlainfo.ba\/index.php\/bosna-i-hercegovina\/item\/240799-trivic-na-svesrpskom-saboru-planiram-ukazati-na-stetu-koju-dodik-nanosi-srpskom-narodu\/#primaryimage\"},\"thumbnailUrl\":\"https:\/\/tuzlainfo.ba\/wp-content\/uploads\/2022\/05\/2905_jelena-trivic.jpg\",\"keywords\":[\"Jelena Trivi\u0107\",\"svesrpski sabor\"],\"articleSection\":[\"Bosna i Hercegovina\"],\"inLanguage\":\"bs-BA\"},{\"@type\":\"WebPage\",\"@id\":\"https:\/\/tuzlainfo.ba\/index.php\/bosna-i-hercegovina\/item\/240799-trivic-na-svesrpskom-saboru-planiram-ukazati-na-stetu-koju-dodik-nanosi-srpskom-narodu\/\",\"url\":\"https:\/\/tuzlainfo.ba\/index.php\/bosna-i-hercegovina\/item\/240799-trivic-na-svesrpskom-saboru-planiram-ukazati-na-stetu-koju-dodik-nanosi-srpskom-narodu\/\",\"name\":\"Trivi\u0107: Na svesrpskom saboru planiram ukazati na \u0161tetu koju Dodik nanosi srpskom narodu - TuzlaInfo.ba\",\"isPartOf\":{\"@id\":\"https:\/\/tuzlainfo.ba\/#website\"},\"primaryImageOfPage\":{\"@id\":\"https:\/\/tuzlainfo.ba\/index.php\/bosna-i-hercegovina\/item\/240799-trivic-na-svesrpskom-saboru-planiram-ukazati-na-stetu-koju-dodik-nanosi-srpskom-narodu\/#primaryimage\"},\"image\":{\"@id\":\"https:\/\/tuzlainfo.ba\/index.php\/bosna-i-hercegovina\/item\/240799-trivic-na-svesrpskom-saboru-planiram-ukazati-na-stetu-koju-dodik-nanosi-srpskom-narodu\/#primaryimage\"},\"thumbnailUrl\":\"https:\/\/tuzlainfo.ba\/wp-content\/uploads\/2022\/05\/2905_jelena-trivic.jpg\",\"datePublished\":\"2024-06-07T12:30:14+00:00\",\"dateModified\":\"2024-06-07T08:21:04+00:00\",\"breadcrumb\":{\"@id\":\"https:\/\/tuzlainfo.ba\/index.php\/bosna-i-hercegovina\/item\/240799-trivic-na-svesrpskom-saboru-planiram-ukazati-na-stetu-koju-dodik-nanosi-srpskom-narodu\/#breadcrumb\"},\"inLanguage\":\"bs-BA\",\"potentialAction\":[{\"@type\":\"ReadAction\",\"target\":[\"https:\/\/tuzlainfo.ba\/index.php\/bosna-i-hercegovina\/item\/240799-trivic-na-svesrpskom-saboru-planiram-ukazati-na-stetu-koju-dodik-nanosi-srpskom-narodu\/\"]}]},{\"@type\":\"ImageObject\",\"inLanguage\":\"bs-BA\",\"@id\":\"https:\/\/tuzlainfo.ba\/index.php\/bosna-i-hercegovina\/item\/240799-trivic-na-svesrpskom-saboru-planiram-ukazati-na-stetu-koju-dodik-nanosi-srpskom-narodu\/#primaryimage\",\"url\":\"https:\/\/tuzlainfo.ba\/wp-content\/uploads\/2022\/05\/2905_jelena-trivic.jpg\",\"contentUrl\":\"https:\/\/tuzlainfo.ba\/wp-content\/uploads\/2022\/05\/2905_jelena-trivic.jpg\",\"width\":1324,\"height\":866},{\"@type\":\"BreadcrumbList\",\"@id\":\"https:\/\/tuzlainfo.ba\/index.php\/bosna-i-hercegovina\/item\/240799-trivic-na-svesrpskom-saboru-planiram-ukazati-na-stetu-koju-dodik-nanosi-srpskom-narodu\/#breadcrumb\",\"itemListElement\":[{\"@type\":\"ListItem\",\"position\":1,\"name\":\"Home\",\"item\":\"https:\/\/tuzlainfo.ba\/\"},{\"@type\":\"ListItem\",\"position\":2,\"name\":\"Trivi\u0107: Na svesrpskom saboru planiram ukazati na \u0161tetu koju Dodik nanosi srpskom narodu\"}]},{\"@type\":\"WebSite\",\"@id\":\"https:\/\/tuzlainfo.ba\/#website\",\"url\":\"https:\/\/tuzlainfo.ba\/\",\"name\":\"TuzlaInfo.ba\",\"description\":\"Tuzla info, gradski informator - Tuzla na dlanu\",\"publisher\":{\"@id\":\"https:\/\/tuzlainfo.ba\/#organization\"},\"potentialAction\":[{\"@type\":\"SearchAction\",\"target\":{\"@type\":\"EntryPoint\",\"urlTemplate\":\"https:\/\/tuzlainfo.ba\/?s={search_term_string}\"},\"query-input\":{\"@type\":\"PropertyValueSpecification\",\"valueRequired\":true,\"valueName\":\"search_term_string\"}}],\"inLanguage\":\"bs-BA\"},{\"@type\":\"Organization\",\"@id\":\"https:\/\/tuzlainfo.ba\/#organization\",\"name\":\"TuzlaInfo.ba\",\"url\":\"https:\/\/tuzlainfo.ba\/\",\"logo\":{\"@type\":\"ImageObject\",\"inLanguage\":\"bs-BA\",\"@id\":\"https:\/\/tuzlainfo.ba\/#\/schema\/logo\/image\/\",\"url\":\"https:\/\/tuzlainfo.ba\/wp-content\/uploads\/2021\/03\/logo-ver-3-1.png\",\"contentUrl\":\"https:\/\/tuzlainfo.ba\/wp-content\/uploads\/2021\/03\/logo-ver-3-1.png\",\"width\":350,\"height\":95,\"caption\":\"TuzlaInfo.ba\"},\"image\":{\"@id\":\"https:\/\/tuzlainfo.ba\/#\/schema\/logo\/image\/\"},\"sameAs\":[\"https:\/\/www.facebook.com\/tuzlainfo.ba\/\"]},{\"@type\":\"Person\",\"@id\":\"https:\/\/tuzlainfo.ba\/#\/schema\/person\/f4ebe4fff27e68efb65fa7e18f8af372\",\"name\":\"admin2\",\"image\":{\"@type\":\"ImageObject\",\"inLanguage\":\"bs-BA\",\"@id\":\"https:\/\/tuzlainfo.ba\/#\/schema\/person\/image\/\",\"url\":\"https:\/\/tuzlainfo.ba\/wp-content\/litespeed\/avatar\/8219eeb9a43cff2d096e773737736f62.jpg?ver=1777309398\",\"contentUrl\":\"https:\/\/tuzlainfo.ba\/wp-content\/litespeed\/avatar\/8219eeb9a43cff2d096e773737736f62.jpg?ver=1777309398\",\"caption\":\"admin2\"},\"description\":\"Tuzlainfo.ba pratite na dru\u0161tvenim mre\u017eama: Facebook, Instagram i Youtube. Svoje pri\u010de, upite i fotografije \u0161aljite na na\u0161u e-mail adresu.\",\"sameAs\":[\"admin\"]}]}<\/script>\n<!-- \/ Yoast SEO plugin. -->","yoast_head_json":{"title":"Trivi\u0107: Na svesrpskom saboru planiram ukazati na \u0161tetu koju Dodik nanosi srpskom narodu - TuzlaInfo.ba","robots":{"index":"index","follow":"follow","max-snippet":"max-snippet:-1","max-image-preview":"max-image-preview:large","max-video-preview":"max-video-preview:-1"},"canonical":"https:\/\/tuzlainfo.ba\/index.php\/bosna-i-hercegovina\/item\/240799-trivic-na-svesrpskom-saboru-planiram-ukazati-na-stetu-koju-dodik-nanosi-srpskom-narodu\/","og_locale":"bs_BA","og_type":"article","og_title":"Trivi\u0107: Na svesrpskom saboru planiram ukazati na \u0161tetu koju Dodik nanosi srpskom narodu - TuzlaInfo.ba","og_description":"Predsjednica Narodnog fronta (NF) Jelena Trivi\u0107 ka\u017ee da \u0107e prisustvovati sutra\u0161njem svesrpskom saboru na kojem&hellip;","og_url":"https:\/\/tuzlainfo.ba\/index.php\/bosna-i-hercegovina\/item\/240799-trivic-na-svesrpskom-saboru-planiram-ukazati-na-stetu-koju-dodik-nanosi-srpskom-narodu\/","og_site_name":"TuzlaInfo.ba","article_publisher":"https:\/\/www.facebook.com\/tuzlainfo.ba\/","article_published_time":"2024-06-07T12:30:14+00:00","article_modified_time":"2024-06-07T08:21:04+00:00","og_image":[{"width":1324,"height":866,"url":"https:\/\/tuzlainfo.ba\/wp-content\/uploads\/2022\/05\/2905_jelena-trivic.jpg","type":"image\/jpeg"}],"author":"admin2","twitter_card":"summary_large_image","twitter_misc":{"Written by":"admin2","Est. reading time":"2 minute"},"schema":{"@context":"https:\/\/schema.org","@graph":[{"@type":"Article","@id":"https:\/\/tuzlainfo.ba\/index.php\/bosna-i-hercegovina\/item\/240799-trivic-na-svesrpskom-saboru-planiram-ukazati-na-stetu-koju-dodik-nanosi-srpskom-narodu\/#article","isPartOf":{"@id":"https:\/\/tuzlainfo.ba\/index.php\/bosna-i-hercegovina\/item\/240799-trivic-na-svesrpskom-saboru-planiram-ukazati-na-stetu-koju-dodik-nanosi-srpskom-narodu\/"},"author":{"name":"admin2","@id":"https:\/\/tuzlainfo.ba\/#\/schema\/person\/f4ebe4fff27e68efb65fa7e18f8af372"},"headline":"Trivi\u0107: Na svesrpskom saboru planiram ukazati na \u0161tetu koju Dodik nanosi srpskom narodu","datePublished":"2024-06-07T12:30:14+00:00","dateModified":"2024-06-07T08:21:04+00:00","mainEntityOfPage":{"@id":"https:\/\/tuzlainfo.ba\/index.php\/bosna-i-hercegovina\/item\/240799-trivic-na-svesrpskom-saboru-planiram-ukazati-na-stetu-koju-dodik-nanosi-srpskom-narodu\/"},"wordCount":187,"publisher":{"@id":"https:\/\/tuzlainfo.ba\/#organization"},"image":{"@id":"https:\/\/tuzlainfo.ba\/index.php\/bosna-i-hercegovina\/item\/240799-trivic-na-svesrpskom-saboru-planiram-ukazati-na-stetu-koju-dodik-nanosi-srpskom-narodu\/#primaryimage"},"thumbnailUrl":"https:\/\/tuzlainfo.ba\/wp-content\/uploads\/2022\/05\/2905_jelena-trivic.jpg","keywords":["Jelena Trivi\u0107","svesrpski sabor"],"articleSection":["Bosna i Hercegovina"],"inLanguage":"bs-BA"},{"@type":"WebPage","@id":"https:\/\/tuzlainfo.ba\/index.php\/bosna-i-hercegovina\/item\/240799-trivic-na-svesrpskom-saboru-planiram-ukazati-na-stetu-koju-dodik-nanosi-srpskom-narodu\/","url":"https:\/\/tuzlainfo.ba\/index.php\/bosna-i-hercegovina\/item\/240799-trivic-na-svesrpskom-saboru-planiram-ukazati-na-stetu-koju-dodik-nanosi-srpskom-narodu\/","name":"Trivi\u0107: Na svesrpskom saboru planiram ukazati na \u0161tetu koju Dodik nanosi srpskom narodu - TuzlaInfo.ba","isPartOf":{"@id":"https:\/\/tuzlainfo.ba\/#website"},"primaryImageOfPage":{"@id":"https:\/\/tuzlainfo.ba\/index.php\/bosna-i-hercegovina\/item\/240799-trivic-na-svesrpskom-saboru-planiram-ukazati-na-stetu-koju-dodik-nanosi-srpskom-narodu\/#primaryimage"},"image":{"@id":"https:\/\/tuzlainfo.ba\/index.php\/bosna-i-hercegovina\/item\/240799-trivic-na-svesrpskom-saboru-planiram-ukazati-na-stetu-koju-dodik-nanosi-srpskom-narodu\/#primaryimage"},"thumbnailUrl":"https:\/\/tuzlainfo.ba\/wp-content\/uploads\/2022\/05\/2905_jelena-trivic.jpg","datePublished":"2024-06-07T12:30:14+00:00","dateModified":"2024-06-07T08:21:04+00:00","breadcrumb":{"@id":"https:\/\/tuzlainfo.ba\/index.php\/bosna-i-hercegovina\/item\/240799-trivic-na-svesrpskom-saboru-planiram-ukazati-na-stetu-koju-dodik-nanosi-srpskom-narodu\/#breadcrumb"},"inLanguage":"bs-BA","potentialAction":[{"@type":"ReadAction","target":["https:\/\/tuzlainfo.ba\/index.php\/bosna-i-hercegovina\/item\/240799-trivic-na-svesrpskom-saboru-planiram-ukazati-na-stetu-koju-dodik-nanosi-srpskom-narodu\/"]}]},{"@type":"ImageObject","inLanguage":"bs-BA","@id":"https:\/\/tuzlainfo.ba\/index.php\/bosna-i-hercegovina\/item\/240799-trivic-na-svesrpskom-saboru-planiram-ukazati-na-stetu-koju-dodik-nanosi-srpskom-narodu\/#primaryimage","url":"https:\/\/tuzlainfo.ba\/wp-content\/uploads\/2022\/05\/2905_jelena-trivic.jpg","contentUrl":"https:\/\/tuzlainfo.ba\/wp-content\/uploads\/2022\/05\/2905_jelena-trivic.jpg","width":1324,"height":866},{"@type":"BreadcrumbList","@id":"https:\/\/tuzlainfo.ba\/index.php\/bosna-i-hercegovina\/item\/240799-trivic-na-svesrpskom-saboru-planiram-ukazati-na-stetu-koju-dodik-nanosi-srpskom-narodu\/#breadcrumb","itemListElement":[{"@type":"ListItem","position":1,"name":"Home","item":"https:\/\/tuzlainfo.ba\/"},{"@type":"ListItem","position":2,"name":"Trivi\u0107: Na svesrpskom saboru planiram ukazati na \u0161tetu koju Dodik nanosi srpskom narodu"}]},{"@type":"WebSite","@id":"https:\/\/tuzlainfo.ba\/#website","url":"https:\/\/tuzlainfo.ba\/","name":"TuzlaInfo.ba","description":"Tuzla info, gradski informator - Tuzla na dlanu","publisher":{"@id":"https:\/\/tuzlainfo.ba\/#organization"},"potentialAction":[{"@type":"SearchAction","target":{"@type":"EntryPoint","urlTemplate":"https:\/\/tuzlainfo.ba\/?s={search_term_string}"},"query-input":{"@type":"PropertyValueSpecification","valueRequired":true,"valueName":"search_term_string"}}],"inLanguage":"bs-BA"},{"@type":"Organization","@id":"https:\/\/tuzlainfo.ba\/#organization","name":"TuzlaInfo.ba","url":"https:\/\/tuzlainfo.ba\/","logo":{"@type":"ImageObject","inLanguage":"bs-BA","@id":"https:\/\/tuzlainfo.ba\/#\/schema\/logo\/image\/","url":"https:\/\/tuzlainfo.ba\/wp-content\/uploads\/2021\/03\/logo-ver-3-1.png","contentUrl":"https:\/\/tuzlainfo.ba\/wp-content\/uploads\/2021\/03\/logo-ver-3-1.png","width":350,"height":95,"caption":"TuzlaInfo.ba"},"image":{"@id":"https:\/\/tuzlainfo.ba\/#\/schema\/logo\/image\/"},"sameAs":["https:\/\/www.facebook.com\/tuzlainfo.ba\/"]},{"@type":"Person","@id":"https:\/\/tuzlainfo.ba\/#\/schema\/person\/f4ebe4fff27e68efb65fa7e18f8af372","name":"admin2","image":{"@type":"ImageObject","inLanguage":"bs-BA","@id":"https:\/\/tuzlainfo.ba\/#\/schema\/person\/image\/","url":"https:\/\/tuzlainfo.ba\/wp-content\/litespeed\/avatar\/8219eeb9a43cff2d096e773737736f62.jpg?ver=1777309398","contentUrl":"https:\/\/tuzlainfo.ba\/wp-content\/litespeed\/avatar\/8219eeb9a43cff2d096e773737736f62.jpg?ver=1777309398","caption":"admin2"},"description":"Tuzlainfo.ba pratite na dru\u0161tvenim mre\u017eama: Facebook, Instagram i Youtube. Svoje pri\u010de, upite i fotografije \u0161aljite na na\u0161u e-mail adresu.","sameAs":["admin"]}]}},"_links":{"self":[{"href":"https:\/\/tuzlainfo.ba\/index.php\/wp-json\/wp\/v2\/posts\/240799"}],"collection":[{"href":"https:\/\/tuzlainfo.ba\/index.php\/wp-json\/wp\/v2\/posts"}],"about":[{"href":"https:\/\/tuzlainfo.ba\/index.php\/wp-json\/wp\/v2\/types\/post"}],"author":[{"embeddable":true,"href":"https:\/\/tuzlainfo.ba\/index.php\/wp-json\/wp\/v2\/users\/3"}],"replies":[{"embeddable":true,"href":"https:\/\/tuzlainfo.ba\/index.php\/wp-json\/wp\/v2\/comments?post=240799"}],"version-history":[{"count":1,"href":"https:\/\/tuzlainfo.ba\/index.php\/wp-json\/wp\/v2\/posts\/240799\/revisions"}],"predecessor-version":[{"id":240800,"href":"https:\/\/tuzlainfo.ba\/index.php\/wp-json\/wp\/v2\/posts\/240799\/revisions\/240800"}],"wp:featuredmedia":[{"embeddable":true,"href":"https:\/\/tuzlainfo.ba\/index.php\/wp-json\/wp\/v2\/media\/173612"}],"wp:attachment":[{"href":"https:\/\/tuzlainfo.ba\/index.php\/wp-json\/wp\/v2\/media?parent=240799"}],"wp:term":[{"taxonomy":"category","embeddable":true,"href":"https:\/\/tuzlainfo.ba\/index.php\/wp-json\/wp\/v2\/categories?post=240799"},{"taxonomy":"post_tag","embeddable":true,"href":"https:\/\/tuzlainfo.ba\/index.php\/wp-json\/wp\/v2\/tags?post=240799"}],"curies":[{"name":"wp","href":"https:\/\/api.w.org\/{rel}","templated":true}]}}