{"id":240671,"date":"2024-06-06T11:28:56","date_gmt":"2024-06-06T09:28:56","guid":{"rendered":"https:\/\/tuzlainfo.ba\/?p=240671"},"modified":"2024-06-06T10:59:47","modified_gmt":"2024-06-06T08:59:47","slug":"cik-odlucio-sds-moze-na-izbore-ali-evo-pod-kojim-imenom","status":"publish","type":"post","link":"https:\/\/tuzlainfo.ba\/index.php\/bosna-i-hercegovina\/item\/240671-cik-odlucio-sds-moze-na-izbore-ali-evo-pod-kojim-imenom\/","title":{"rendered":"CIK odlu\u010dio: SDS mo\u017ee na izbore, ali evo pod kojim imenom"},"content":{"rendered":"<p>Centralna izborna komisija Bosne i Hercegovine donijela je jednoglasnu odluku: Srpska demokratska stranka \u2013 Volja naroda ovjerena je za u\u010de\u0161\u0107e na predstoje\u0107im lokalnim izborima, koji se u na\u0161oj zemlji odr\u017eavaju 6. oktobra ove godine.<\/p>\n<p>Odluka je donesena danas, 6. juna.<\/p>\n<p><iframe id=\"aswift_2\" style=\"height: 0px; left: 0px; position: absolute; top: 0px; width: 786px; border-width: 0px;\" tabindex=\"0\" title=\"Advertisement\" src=\"https:\/\/googleads.g.doubleclick.net\/pagead\/ads?gdpr=0&amp;client=ca-pub-9349882814557951&amp;output=html&amp;h=280&amp;slotname=2233073567&amp;adk=2724741403&amp;adf=2329596111&amp;pi=t.ma~as.2233073567&amp;w=786&amp;abgtt=6&amp;fwrn=4&amp;fwrnh=100&amp;lmt=1717664147&amp;rafmt=1&amp;format=786x280&amp;url=https%3A%2F%2Fradiosarajevo.ba%2Fvijesti%2Fbosna-i-hercegovina%2Fcik-odlucio-sds-moze-na-izbore-ali-evo-pod-kojim-imenom%2F548442&amp;fwr=0&amp;rpe=1&amp;resp_fmts=3&amp;wgl=1&amp;dt=1717664147749&amp;bpp=2&amp;bdt=3947&amp;idt=-M&amp;shv=r20240604&amp;mjsv=m202406030101&amp;ptt=9&amp;saldr=aa&amp;abxe=1&amp;cookie=ID%3D727dac28e125c9cc-2296ac5bb3b40024%3AT%3D1688992519%3ART%3D1717664138%3AS%3DALNI_Mb0uYyhTAjgfIA6Yz5a7Nb7VYODCA&amp;gpic=UID%3D00000c3b79fc7e00%3AT%3D1688992519%3ART%3D1717664138%3AS%3DALNI_MZ3LiH6l4YwRQgg2BIrWU_SNI4aFQ&amp;eo_id_str=ID%3D4dc1782baf2df2bc%3AT%3D1706687259%3ART%3D1717664138%3AS%3DAA-AfjZf7bWUTDcIBzesRbhafr6v&amp;prev_fmts=0x0%2C1200x250&amp;nras=1&amp;correlator=3737914886589&amp;frm=20&amp;pv=1&amp;ga_vid=1862368612.1688992509&amp;ga_sid=1717664146&amp;ga_hid=2085325427&amp;ga_fc=1&amp;u_tz=120&amp;u_his=5&amp;u_h=1125&amp;u_w=2000&amp;u_ah=1075&amp;u_aw=2000&amp;u_cd=24&amp;u_sd=0.8&amp;adx=492&amp;ady=1243&amp;biw=1979&amp;bih=969&amp;scr_x=0&amp;scr_y=0&amp;eid=44759876%2C44759927%2C44759842%2C31084256%2C95334524%2C95334573%2C95334580%2C95334054%2C95334159&amp;oid=2&amp;pvsid=1048954064751939&amp;tmod=1447297896&amp;uas=3&amp;nvt=1&amp;ref=https%3A%2F%2Fradiosarajevo.ba%2Fvijesti%2Fbosna-i-hercegovina&amp;fc=1920&amp;brdim=-10%2C-10%2C-10%2C-10%2C2000%2C0%2C2020%2C1095%2C2000%2C968&amp;vis=1&amp;rsz=%7C%7CEebr%7C&amp;abl=CS&amp;pfx=0&amp;fu=128&amp;bc=31&amp;bz=1.01&amp;ifi=3&amp;uci=a!3&amp;btvi=1&amp;fsb=1&amp;dtd=38\" name=\"aswift_2\" width=\"786\" height=\"0\" frameborder=\"0\" marginwidth=\"0\" marginheight=\"0\" scrolling=\"no\" sandbox=\"allow-forms allow-popups allow-popups-to-escape-sandbox allow-same-origin allow-scripts allow-top-navigation-by-user-activation\" data-google-container-id=\"a!3\" aria-label=\"Advertisement\" data-google-query-id=\"CKGPucvNxoYDFSQ5VQgdHdEDgA\" data-load-complete=\"true\" data-mce-fragment=\"1\"><\/iframe> Podsjetimo, CIK je 31. maja na hitnoj sjednici odlu\u010dio da najve\u0107a opoziciona stranka u manjem bosanskohercegova\u010dkom entitetu RS, Srpska demokratska stranka (SDS) ne mo\u017ee iza\u0107i na na Lokalne izbore u oktobru.<\/p>\n<p>Problem je bio u tome \u0161to SDS nema bankovni ra\u010dun niti isti mo\u017ee otvoriti (svaka stranka mora otvoriti ra\u010dun za finansiranje izborne kampanje, op.pr.), a kao posljedica ranijih sankcija Ureda za kontrolu imovine stranaca (OFAC) Ministarstva finansija Sjedinjenih Ameri\u010dkih Dr\u017eava. SDS je otvorio ra\u010dun za finansiranje kampanje, ali putem fizi\u010dkog lica, \u0161to CIK nije htio prihvatiti.<\/p>\n<p>SDS je tada otkrio da su se, ako im se ne dozvoli u\u010de\u0161\u0107e na izborima pod tim imenom, prijavili i sa imenom &#8216;SDS volja naroda&#8217;, a ta je prijava i ovjerena danas.<\/p>\n","protected":false},"excerpt":{"rendered":"<p>Centralna izborna komisija Bosne i Hercegovine donijela je jednoglasnu odluku: Srpska demokratska stranka \u2013 Volja&hellip;<\/p>\n","protected":false},"author":3,"featured_media":240673,"comment_status":"closed","ping_status":"closed","sticky":false,"template":"","format":"standard","meta":{"_acf_changed":false,"footnotes":""},"categories":[291],"tags":[1367,3007],"acf":[],"yoast_head":"<!-- This site is optimized with the Yoast SEO plugin v23.5 - https:\/\/yoast.com\/wordpress\/plugins\/seo\/ -->\n<title>CIK odlu\u010dio: SDS mo\u017ee na izbore, ali evo pod kojim imenom - TuzlaInfo.ba<\/title>\n<meta name=\"robots\" content=\"index, follow, max-snippet:-1, max-image-preview:large, max-video-preview:-1\" \/>\n<link rel=\"canonical\" href=\"https:\/\/tuzlainfo.ba\/index.php\/bosna-i-hercegovina\/item\/240671-cik-odlucio-sds-moze-na-izbore-ali-evo-pod-kojim-imenom\/\" \/>\n<meta property=\"og:locale\" content=\"bs_BA\" \/>\n<meta property=\"og:type\" content=\"article\" \/>\n<meta property=\"og:title\" content=\"CIK odlu\u010dio: SDS mo\u017ee na izbore, ali evo pod kojim imenom - TuzlaInfo.ba\" \/>\n<meta property=\"og:description\" content=\"Centralna izborna komisija Bosne i Hercegovine donijela je jednoglasnu odluku: Srpska demokratska stranka \u2013 Volja&hellip;\" \/>\n<meta property=\"og:url\" content=\"https:\/\/tuzlainfo.ba\/index.php\/bosna-i-hercegovina\/item\/240671-cik-odlucio-sds-moze-na-izbore-ali-evo-pod-kojim-imenom\/\" \/>\n<meta property=\"og:site_name\" content=\"TuzlaInfo.ba\" \/>\n<meta property=\"article:publisher\" content=\"https:\/\/www.facebook.com\/tuzlainfo.ba\/\" \/>\n<meta property=\"article:published_time\" content=\"2024-06-06T09:28:56+00:00\" \/>\n<meta property=\"article:modified_time\" content=\"2024-06-06T08:59:47+00:00\" \/>\n<meta property=\"og:image\" content=\"https:\/\/tuzlainfo.ba\/wp-content\/uploads\/2024\/06\/0606-cikbih.webp\" \/>\n\t<meta property=\"og:image:width\" content=\"871\" \/>\n\t<meta property=\"og:image:height\" content=\"540\" \/>\n\t<meta property=\"og:image:type\" content=\"image\/webp\" \/>\n<meta name=\"author\" content=\"admin2\" \/>\n<meta name=\"twitter:card\" content=\"summary_large_image\" \/>\n<meta name=\"twitter:label1\" content=\"Written by\" \/>\n\t<meta name=\"twitter:data1\" content=\"admin2\" \/>\n\t<meta name=\"twitter:label2\" content=\"Est. reading time\" \/>\n\t<meta name=\"twitter:data2\" content=\"2 minute\" \/>\n<script type=\"application\/ld+json\" class=\"yoast-schema-graph\">{\"@context\":\"https:\/\/schema.org\",\"@graph\":[{\"@type\":\"Article\",\"@id\":\"https:\/\/tuzlainfo.ba\/index.php\/bosna-i-hercegovina\/item\/240671-cik-odlucio-sds-moze-na-izbore-ali-evo-pod-kojim-imenom\/#article\",\"isPartOf\":{\"@id\":\"https:\/\/tuzlainfo.ba\/index.php\/bosna-i-hercegovina\/item\/240671-cik-odlucio-sds-moze-na-izbore-ali-evo-pod-kojim-imenom\/\"},\"author\":{\"name\":\"admin2\",\"@id\":\"https:\/\/tuzlainfo.ba\/#\/schema\/person\/f4ebe4fff27e68efb65fa7e18f8af372\"},\"headline\":\"CIK odlu\u010dio: SDS mo\u017ee na izbore, ali evo pod kojim imenom\",\"datePublished\":\"2024-06-06T09:28:56+00:00\",\"dateModified\":\"2024-06-06T08:59:47+00:00\",\"mainEntityOfPage\":{\"@id\":\"https:\/\/tuzlainfo.ba\/index.php\/bosna-i-hercegovina\/item\/240671-cik-odlucio-sds-moze-na-izbore-ali-evo-pod-kojim-imenom\/\"},\"wordCount\":188,\"publisher\":{\"@id\":\"https:\/\/tuzlainfo.ba\/#organization\"},\"image\":{\"@id\":\"https:\/\/tuzlainfo.ba\/index.php\/bosna-i-hercegovina\/item\/240671-cik-odlucio-sds-moze-na-izbore-ali-evo-pod-kojim-imenom\/#primaryimage\"},\"thumbnailUrl\":\"https:\/\/tuzlainfo.ba\/wp-content\/uploads\/2024\/06\/0606-cikbih.webp\",\"keywords\":[\"CIK\",\"SDS\"],\"articleSection\":[\"Bosna i Hercegovina\"],\"inLanguage\":\"bs-BA\"},{\"@type\":\"WebPage\",\"@id\":\"https:\/\/tuzlainfo.ba\/index.php\/bosna-i-hercegovina\/item\/240671-cik-odlucio-sds-moze-na-izbore-ali-evo-pod-kojim-imenom\/\",\"url\":\"https:\/\/tuzlainfo.ba\/index.php\/bosna-i-hercegovina\/item\/240671-cik-odlucio-sds-moze-na-izbore-ali-evo-pod-kojim-imenom\/\",\"name\":\"CIK odlu\u010dio: SDS mo\u017ee na izbore, ali evo pod kojim imenom - TuzlaInfo.ba\",\"isPartOf\":{\"@id\":\"https:\/\/tuzlainfo.ba\/#website\"},\"primaryImageOfPage\":{\"@id\":\"https:\/\/tuzlainfo.ba\/index.php\/bosna-i-hercegovina\/item\/240671-cik-odlucio-sds-moze-na-izbore-ali-evo-pod-kojim-imenom\/#primaryimage\"},\"image\":{\"@id\":\"https:\/\/tuzlainfo.ba\/index.php\/bosna-i-hercegovina\/item\/240671-cik-odlucio-sds-moze-na-izbore-ali-evo-pod-kojim-imenom\/#primaryimage\"},\"thumbnailUrl\":\"https:\/\/tuzlainfo.ba\/wp-content\/uploads\/2024\/06\/0606-cikbih.webp\",\"datePublished\":\"2024-06-06T09:28:56+00:00\",\"dateModified\":\"2024-06-06T08:59:47+00:00\",\"breadcrumb\":{\"@id\":\"https:\/\/tuzlainfo.ba\/index.php\/bosna-i-hercegovina\/item\/240671-cik-odlucio-sds-moze-na-izbore-ali-evo-pod-kojim-imenom\/#breadcrumb\"},\"inLanguage\":\"bs-BA\",\"potentialAction\":[{\"@type\":\"ReadAction\",\"target\":[\"https:\/\/tuzlainfo.ba\/index.php\/bosna-i-hercegovina\/item\/240671-cik-odlucio-sds-moze-na-izbore-ali-evo-pod-kojim-imenom\/\"]}]},{\"@type\":\"ImageObject\",\"inLanguage\":\"bs-BA\",\"@id\":\"https:\/\/tuzlainfo.ba\/index.php\/bosna-i-hercegovina\/item\/240671-cik-odlucio-sds-moze-na-izbore-ali-evo-pod-kojim-imenom\/#primaryimage\",\"url\":\"https:\/\/tuzlainfo.ba\/wp-content\/uploads\/2024\/06\/0606-cikbih.webp\",\"contentUrl\":\"https:\/\/tuzlainfo.ba\/wp-content\/uploads\/2024\/06\/0606-cikbih.webp\",\"width\":871,\"height\":540},{\"@type\":\"BreadcrumbList\",\"@id\":\"https:\/\/tuzlainfo.ba\/index.php\/bosna-i-hercegovina\/item\/240671-cik-odlucio-sds-moze-na-izbore-ali-evo-pod-kojim-imenom\/#breadcrumb\",\"itemListElement\":[{\"@type\":\"ListItem\",\"position\":1,\"name\":\"Home\",\"item\":\"https:\/\/tuzlainfo.ba\/\"},{\"@type\":\"ListItem\",\"position\":2,\"name\":\"CIK odlu\u010dio: SDS mo\u017ee na izbore, ali evo pod kojim imenom\"}]},{\"@type\":\"WebSite\",\"@id\":\"https:\/\/tuzlainfo.ba\/#website\",\"url\":\"https:\/\/tuzlainfo.ba\/\",\"name\":\"TuzlaInfo.ba\",\"description\":\"Tuzla info, gradski informator - Tuzla na dlanu\",\"publisher\":{\"@id\":\"https:\/\/tuzlainfo.ba\/#organization\"},\"potentialAction\":[{\"@type\":\"SearchAction\",\"target\":{\"@type\":\"EntryPoint\",\"urlTemplate\":\"https:\/\/tuzlainfo.ba\/?s={search_term_string}\"},\"query-input\":{\"@type\":\"PropertyValueSpecification\",\"valueRequired\":true,\"valueName\":\"search_term_string\"}}],\"inLanguage\":\"bs-BA\"},{\"@type\":\"Organization\",\"@id\":\"https:\/\/tuzlainfo.ba\/#organization\",\"name\":\"TuzlaInfo.ba\",\"url\":\"https:\/\/tuzlainfo.ba\/\",\"logo\":{\"@type\":\"ImageObject\",\"inLanguage\":\"bs-BA\",\"@id\":\"https:\/\/tuzlainfo.ba\/#\/schema\/logo\/image\/\",\"url\":\"https:\/\/tuzlainfo.ba\/wp-content\/uploads\/2021\/03\/logo-ver-3-1.png\",\"contentUrl\":\"https:\/\/tuzlainfo.ba\/wp-content\/uploads\/2021\/03\/logo-ver-3-1.png\",\"width\":350,\"height\":95,\"caption\":\"TuzlaInfo.ba\"},\"image\":{\"@id\":\"https:\/\/tuzlainfo.ba\/#\/schema\/logo\/image\/\"},\"sameAs\":[\"https:\/\/www.facebook.com\/tuzlainfo.ba\/\"]},{\"@type\":\"Person\",\"@id\":\"https:\/\/tuzlainfo.ba\/#\/schema\/person\/f4ebe4fff27e68efb65fa7e18f8af372\",\"name\":\"admin2\",\"image\":{\"@type\":\"ImageObject\",\"inLanguage\":\"bs-BA\",\"@id\":\"https:\/\/tuzlainfo.ba\/#\/schema\/person\/image\/\",\"url\":\"https:\/\/tuzlainfo.ba\/wp-content\/litespeed\/avatar\/8219eeb9a43cff2d096e773737736f62.jpg?ver=1777309398\",\"contentUrl\":\"https:\/\/tuzlainfo.ba\/wp-content\/litespeed\/avatar\/8219eeb9a43cff2d096e773737736f62.jpg?ver=1777309398\",\"caption\":\"admin2\"},\"description\":\"Tuzlainfo.ba pratite na dru\u0161tvenim mre\u017eama: Facebook, Instagram i Youtube. Svoje pri\u010de, upite i fotografije \u0161aljite na na\u0161u e-mail adresu.\",\"sameAs\":[\"admin\"]}]}<\/script>\n<!-- \/ Yoast SEO plugin. -->","yoast_head_json":{"title":"CIK odlu\u010dio: SDS mo\u017ee na izbore, ali evo pod kojim imenom - TuzlaInfo.ba","robots":{"index":"index","follow":"follow","max-snippet":"max-snippet:-1","max-image-preview":"max-image-preview:large","max-video-preview":"max-video-preview:-1"},"canonical":"https:\/\/tuzlainfo.ba\/index.php\/bosna-i-hercegovina\/item\/240671-cik-odlucio-sds-moze-na-izbore-ali-evo-pod-kojim-imenom\/","og_locale":"bs_BA","og_type":"article","og_title":"CIK odlu\u010dio: SDS mo\u017ee na izbore, ali evo pod kojim imenom - TuzlaInfo.ba","og_description":"Centralna izborna komisija Bosne i Hercegovine donijela je jednoglasnu odluku: Srpska demokratska stranka \u2013 Volja&hellip;","og_url":"https:\/\/tuzlainfo.ba\/index.php\/bosna-i-hercegovina\/item\/240671-cik-odlucio-sds-moze-na-izbore-ali-evo-pod-kojim-imenom\/","og_site_name":"TuzlaInfo.ba","article_publisher":"https:\/\/www.facebook.com\/tuzlainfo.ba\/","article_published_time":"2024-06-06T09:28:56+00:00","article_modified_time":"2024-06-06T08:59:47+00:00","og_image":[{"width":871,"height":540,"url":"https:\/\/tuzlainfo.ba\/wp-content\/uploads\/2024\/06\/0606-cikbih.webp","type":"image\/webp"}],"author":"admin2","twitter_card":"summary_large_image","twitter_misc":{"Written by":"admin2","Est. reading time":"2 minute"},"schema":{"@context":"https:\/\/schema.org","@graph":[{"@type":"Article","@id":"https:\/\/tuzlainfo.ba\/index.php\/bosna-i-hercegovina\/item\/240671-cik-odlucio-sds-moze-na-izbore-ali-evo-pod-kojim-imenom\/#article","isPartOf":{"@id":"https:\/\/tuzlainfo.ba\/index.php\/bosna-i-hercegovina\/item\/240671-cik-odlucio-sds-moze-na-izbore-ali-evo-pod-kojim-imenom\/"},"author":{"name":"admin2","@id":"https:\/\/tuzlainfo.ba\/#\/schema\/person\/f4ebe4fff27e68efb65fa7e18f8af372"},"headline":"CIK odlu\u010dio: SDS mo\u017ee na izbore, ali evo pod kojim imenom","datePublished":"2024-06-06T09:28:56+00:00","dateModified":"2024-06-06T08:59:47+00:00","mainEntityOfPage":{"@id":"https:\/\/tuzlainfo.ba\/index.php\/bosna-i-hercegovina\/item\/240671-cik-odlucio-sds-moze-na-izbore-ali-evo-pod-kojim-imenom\/"},"wordCount":188,"publisher":{"@id":"https:\/\/tuzlainfo.ba\/#organization"},"image":{"@id":"https:\/\/tuzlainfo.ba\/index.php\/bosna-i-hercegovina\/item\/240671-cik-odlucio-sds-moze-na-izbore-ali-evo-pod-kojim-imenom\/#primaryimage"},"thumbnailUrl":"https:\/\/tuzlainfo.ba\/wp-content\/uploads\/2024\/06\/0606-cikbih.webp","keywords":["CIK","SDS"],"articleSection":["Bosna i Hercegovina"],"inLanguage":"bs-BA"},{"@type":"WebPage","@id":"https:\/\/tuzlainfo.ba\/index.php\/bosna-i-hercegovina\/item\/240671-cik-odlucio-sds-moze-na-izbore-ali-evo-pod-kojim-imenom\/","url":"https:\/\/tuzlainfo.ba\/index.php\/bosna-i-hercegovina\/item\/240671-cik-odlucio-sds-moze-na-izbore-ali-evo-pod-kojim-imenom\/","name":"CIK odlu\u010dio: SDS mo\u017ee na izbore, ali evo pod kojim imenom - TuzlaInfo.ba","isPartOf":{"@id":"https:\/\/tuzlainfo.ba\/#website"},"primaryImageOfPage":{"@id":"https:\/\/tuzlainfo.ba\/index.php\/bosna-i-hercegovina\/item\/240671-cik-odlucio-sds-moze-na-izbore-ali-evo-pod-kojim-imenom\/#primaryimage"},"image":{"@id":"https:\/\/tuzlainfo.ba\/index.php\/bosna-i-hercegovina\/item\/240671-cik-odlucio-sds-moze-na-izbore-ali-evo-pod-kojim-imenom\/#primaryimage"},"thumbnailUrl":"https:\/\/tuzlainfo.ba\/wp-content\/uploads\/2024\/06\/0606-cikbih.webp","datePublished":"2024-06-06T09:28:56+00:00","dateModified":"2024-06-06T08:59:47+00:00","breadcrumb":{"@id":"https:\/\/tuzlainfo.ba\/index.php\/bosna-i-hercegovina\/item\/240671-cik-odlucio-sds-moze-na-izbore-ali-evo-pod-kojim-imenom\/#breadcrumb"},"inLanguage":"bs-BA","potentialAction":[{"@type":"ReadAction","target":["https:\/\/tuzlainfo.ba\/index.php\/bosna-i-hercegovina\/item\/240671-cik-odlucio-sds-moze-na-izbore-ali-evo-pod-kojim-imenom\/"]}]},{"@type":"ImageObject","inLanguage":"bs-BA","@id":"https:\/\/tuzlainfo.ba\/index.php\/bosna-i-hercegovina\/item\/240671-cik-odlucio-sds-moze-na-izbore-ali-evo-pod-kojim-imenom\/#primaryimage","url":"https:\/\/tuzlainfo.ba\/wp-content\/uploads\/2024\/06\/0606-cikbih.webp","contentUrl":"https:\/\/tuzlainfo.ba\/wp-content\/uploads\/2024\/06\/0606-cikbih.webp","width":871,"height":540},{"@type":"BreadcrumbList","@id":"https:\/\/tuzlainfo.ba\/index.php\/bosna-i-hercegovina\/item\/240671-cik-odlucio-sds-moze-na-izbore-ali-evo-pod-kojim-imenom\/#breadcrumb","itemListElement":[{"@type":"ListItem","position":1,"name":"Home","item":"https:\/\/tuzlainfo.ba\/"},{"@type":"ListItem","position":2,"name":"CIK odlu\u010dio: SDS mo\u017ee na izbore, ali evo pod kojim imenom"}]},{"@type":"WebSite","@id":"https:\/\/tuzlainfo.ba\/#website","url":"https:\/\/tuzlainfo.ba\/","name":"TuzlaInfo.ba","description":"Tuzla info, gradski informator - Tuzla na dlanu","publisher":{"@id":"https:\/\/tuzlainfo.ba\/#organization"},"potentialAction":[{"@type":"SearchAction","target":{"@type":"EntryPoint","urlTemplate":"https:\/\/tuzlainfo.ba\/?s={search_term_string}"},"query-input":{"@type":"PropertyValueSpecification","valueRequired":true,"valueName":"search_term_string"}}],"inLanguage":"bs-BA"},{"@type":"Organization","@id":"https:\/\/tuzlainfo.ba\/#organization","name":"TuzlaInfo.ba","url":"https:\/\/tuzlainfo.ba\/","logo":{"@type":"ImageObject","inLanguage":"bs-BA","@id":"https:\/\/tuzlainfo.ba\/#\/schema\/logo\/image\/","url":"https:\/\/tuzlainfo.ba\/wp-content\/uploads\/2021\/03\/logo-ver-3-1.png","contentUrl":"https:\/\/tuzlainfo.ba\/wp-content\/uploads\/2021\/03\/logo-ver-3-1.png","width":350,"height":95,"caption":"TuzlaInfo.ba"},"image":{"@id":"https:\/\/tuzlainfo.ba\/#\/schema\/logo\/image\/"},"sameAs":["https:\/\/www.facebook.com\/tuzlainfo.ba\/"]},{"@type":"Person","@id":"https:\/\/tuzlainfo.ba\/#\/schema\/person\/f4ebe4fff27e68efb65fa7e18f8af372","name":"admin2","image":{"@type":"ImageObject","inLanguage":"bs-BA","@id":"https:\/\/tuzlainfo.ba\/#\/schema\/person\/image\/","url":"https:\/\/tuzlainfo.ba\/wp-content\/litespeed\/avatar\/8219eeb9a43cff2d096e773737736f62.jpg?ver=1777309398","contentUrl":"https:\/\/tuzlainfo.ba\/wp-content\/litespeed\/avatar\/8219eeb9a43cff2d096e773737736f62.jpg?ver=1777309398","caption":"admin2"},"description":"Tuzlainfo.ba pratite na dru\u0161tvenim mre\u017eama: Facebook, Instagram i Youtube. Svoje pri\u010de, upite i fotografije \u0161aljite na na\u0161u e-mail adresu.","sameAs":["admin"]}]}},"_links":{"self":[{"href":"https:\/\/tuzlainfo.ba\/index.php\/wp-json\/wp\/v2\/posts\/240671"}],"collection":[{"href":"https:\/\/tuzlainfo.ba\/index.php\/wp-json\/wp\/v2\/posts"}],"about":[{"href":"https:\/\/tuzlainfo.ba\/index.php\/wp-json\/wp\/v2\/types\/post"}],"author":[{"embeddable":true,"href":"https:\/\/tuzlainfo.ba\/index.php\/wp-json\/wp\/v2\/users\/3"}],"replies":[{"embeddable":true,"href":"https:\/\/tuzlainfo.ba\/index.php\/wp-json\/wp\/v2\/comments?post=240671"}],"version-history":[{"count":1,"href":"https:\/\/tuzlainfo.ba\/index.php\/wp-json\/wp\/v2\/posts\/240671\/revisions"}],"predecessor-version":[{"id":240674,"href":"https:\/\/tuzlainfo.ba\/index.php\/wp-json\/wp\/v2\/posts\/240671\/revisions\/240674"}],"wp:featuredmedia":[{"embeddable":true,"href":"https:\/\/tuzlainfo.ba\/index.php\/wp-json\/wp\/v2\/media\/240673"}],"wp:attachment":[{"href":"https:\/\/tuzlainfo.ba\/index.php\/wp-json\/wp\/v2\/media?parent=240671"}],"wp:term":[{"taxonomy":"category","embeddable":true,"href":"https:\/\/tuzlainfo.ba\/index.php\/wp-json\/wp\/v2\/categories?post=240671"},{"taxonomy":"post_tag","embeddable":true,"href":"https:\/\/tuzlainfo.ba\/index.php\/wp-json\/wp\/v2\/tags?post=240671"}],"curies":[{"name":"wp","href":"https:\/\/api.w.org\/{rel}","templated":true}]}}