{"id":240234,"date":"2024-06-02T21:49:18","date_gmt":"2024-06-02T19:49:18","guid":{"rendered":"https:\/\/tuzlainfo.ba\/?p=240234"},"modified":"2024-06-02T21:49:18","modified_gmt":"2024-06-02T19:49:18","slug":"bisera-turkovic-u-iranu-sastala-se-i-sa-ministrom-vanjskih-poslova","status":"publish","type":"post","link":"https:\/\/tuzlainfo.ba\/index.php\/bosna-i-hercegovina\/item\/240234-bisera-turkovic-u-iranu-sastala-se-i-sa-ministrom-vanjskih-poslova\/","title":{"rendered":"Bisera Turkovi\u0107 u Iranu, sastala se i sa ministrom vanjskih poslova"},"content":{"rendered":"<p>Biv\u0161a ministrica vanjskih poslova Bosne i Hercegovine Bisera Turkovi\u0107 boravi u Teheranu kako bi u\u010destvovala na obilje\u017eavanju godi\u0161njice osniva\u010da Islamske Republike Iran Imama Homeinija te komemoraciji preminulog iranskog predsjednika Ebrahima Raisija i ministra vanjskih poslova Hosseina Amirabdollahiana.<\/p>\n<p>Kako je objavljeno na web stranici Ministarstva vanjskih poslova Irana, Turkovi\u0107 se sastala sa vr\u0161iocem du\u017enosti iranskog ministra vanjskih poslova Alijem Bagherijem.<\/p>\n<p>Kako se navodi u saop\u0107enju, Bagheri je tom prilikom ukazao na prijateljske i dugogodi\u0161nje odnose izme\u0111u Irana i Bosne i Hercegovine, rekav\u0161i da Iran pozitivno gleda na svoje veze sa Bosnom i Hercegovinom i da su \u010dvrste veze izme\u0111u dva naroda neosporna i trajna \u010dinjenica.<\/p>\n<p>On je naglasio da je Iran sna\u017ean i pouzdan stub na koji se mo\u017ee ra\u010dunati da \u0107e osigurati dalje \u0161irenje bilateralnih odnosa sa Sarajevom.<\/p>\n<p>Bisera Turkovi\u0107 je ovom prilikom izrazila sau\u010de\u0161\u0107e povodom stradanja iranskog predsjednika i ministra vanjskih poslova. Govorila je o dobrim odnosima sa ministrom vanjskih poslova Amirabdollahianom i pohvalila njegovu podr\u0161ku i marljive napore u cilju pro\u0161irenja veza izme\u0111u Teherana i Sarajeva.<\/p>\n<blockquote class=\"twitter-tweet\" data-width=\"550\" data-dnt=\"true\">\n<p lang=\"und\" dir=\"ltr\">Biv\u0161a ministrica vanjskih poslova BiH, gospo\u0111a Bisera Turkovi\u0107 posjetila je o\u017ealo\u0161\u0107enu i bolom shrvanu porodicu rahmetli ministra vanjskih poslova I.R. Iran, Hoseina Amirabdollahiana koji je tragi\u010dno stradao u helikopterskoj nesre\u0107i.<br \/>Tom prilikom je izrazila su\u0107ut o\u017ealo\u0161\u0107enoj\u2026 <a href=\"https:\/\/t.co\/ZVXLGgsupo\">pic.twitter.com\/ZVXLGgsupo<\/a><\/p>\n<p>&mdash; Sahar Balkan (@sahartv_balkan) <a href=\"https:\/\/twitter.com\/sahartv_balkan\/status\/1797294740540362996?ref_src=twsrc%5Etfw\">June 2, 2024<\/a><\/p><\/blockquote>\n<p><script async src=\"https:\/\/platform.twitter.com\/widgets.js\" charset=\"utf-8\"><\/script><\/p>\n<p>Ona je naglasila kako cijeni podr\u0161ku Irana za usvajanje rezolucije Generalne skup\u0161tine UN-a o genocidu u Srebrenici i izrazila nadu u produbljivanje veza izme\u0111u dvije zemlje, saop\u0107eno je iz MVP Irana.<\/p>\n<p>Turkovi\u0107 je tako\u0111er posjetila porodicu ministra vanjskih poslova Hoseina Amirabdollahiana, koji je tragi\u010dno stradao u helikopterskoj nesre\u0107i, te im izrazila sau\u010de\u0161\u0107e.<\/p>\n<div align=\"center\"><\/div>\n","protected":false},"excerpt":{"rendered":"<p>Biv\u0161a ministrica vanjskih poslova Bosne i Hercegovine Bisera Turkovi\u0107 boravi u Teheranu kako bi u\u010destvovala&hellip;<\/p>\n","protected":false},"author":2,"featured_media":240235,"comment_status":"closed","ping_status":"closed","sticky":false,"template":"","format":"standard","meta":{"_acf_changed":false,"footnotes":""},"categories":[291],"tags":[744,1201],"acf":[],"yoast_head":"<!-- This site is optimized with the Yoast SEO plugin v23.5 - https:\/\/yoast.com\/wordpress\/plugins\/seo\/ -->\n<title>Bisera Turkovi\u0107 u Iranu, sastala se i sa ministrom vanjskih poslova - TuzlaInfo.ba<\/title>\n<meta name=\"robots\" content=\"index, follow, max-snippet:-1, max-image-preview:large, max-video-preview:-1\" \/>\n<link rel=\"canonical\" href=\"https:\/\/tuzlainfo.ba\/index.php\/bosna-i-hercegovina\/item\/240234-bisera-turkovic-u-iranu-sastala-se-i-sa-ministrom-vanjskih-poslova\/\" \/>\n<meta property=\"og:locale\" content=\"bs_BA\" \/>\n<meta property=\"og:type\" content=\"article\" \/>\n<meta property=\"og:title\" content=\"Bisera Turkovi\u0107 u Iranu, sastala se i sa ministrom vanjskih poslova - TuzlaInfo.ba\" \/>\n<meta property=\"og:description\" content=\"Biv\u0161a ministrica vanjskih poslova Bosne i Hercegovine Bisera Turkovi\u0107 boravi u Teheranu kako bi u\u010destvovala&hellip;\" \/>\n<meta property=\"og:url\" content=\"https:\/\/tuzlainfo.ba\/index.php\/bosna-i-hercegovina\/item\/240234-bisera-turkovic-u-iranu-sastala-se-i-sa-ministrom-vanjskih-poslova\/\" \/>\n<meta property=\"og:site_name\" content=\"TuzlaInfo.ba\" \/>\n<meta property=\"article:publisher\" content=\"https:\/\/www.facebook.com\/tuzlainfo.ba\/\" \/>\n<meta property=\"article:published_time\" content=\"2024-06-02T19:49:18+00:00\" \/>\n<meta property=\"og:image\" content=\"https:\/\/tuzlainfo.ba\/wp-content\/uploads\/2024\/06\/0206_bisera_iran.jpg\" \/>\n\t<meta property=\"og:image:width\" content=\"895\" \/>\n\t<meta property=\"og:image:height\" content=\"622\" \/>\n\t<meta property=\"og:image:type\" content=\"image\/jpeg\" \/>\n<meta name=\"author\" content=\"nedim\" \/>\n<meta name=\"twitter:card\" content=\"summary_large_image\" \/>\n<meta name=\"twitter:label1\" content=\"Written by\" \/>\n\t<meta name=\"twitter:data1\" content=\"nedim\" \/>\n\t<meta name=\"twitter:label2\" content=\"Est. reading time\" \/>\n\t<meta name=\"twitter:data2\" content=\"2 minute\" \/>\n<script type=\"application\/ld+json\" class=\"yoast-schema-graph\">{\"@context\":\"https:\/\/schema.org\",\"@graph\":[{\"@type\":\"Article\",\"@id\":\"https:\/\/tuzlainfo.ba\/index.php\/bosna-i-hercegovina\/item\/240234-bisera-turkovic-u-iranu-sastala-se-i-sa-ministrom-vanjskih-poslova\/#article\",\"isPartOf\":{\"@id\":\"https:\/\/tuzlainfo.ba\/index.php\/bosna-i-hercegovina\/item\/240234-bisera-turkovic-u-iranu-sastala-se-i-sa-ministrom-vanjskih-poslova\/\"},\"author\":{\"name\":\"nedim\",\"@id\":\"https:\/\/tuzlainfo.ba\/#\/schema\/person\/f434e20dc27ea133923aab08451b7f7f\"},\"headline\":\"Bisera Turkovi\u0107 u Iranu, sastala se i sa ministrom vanjskih poslova\",\"datePublished\":\"2024-06-02T19:49:18+00:00\",\"dateModified\":\"2024-06-02T19:49:18+00:00\",\"mainEntityOfPage\":{\"@id\":\"https:\/\/tuzlainfo.ba\/index.php\/bosna-i-hercegovina\/item\/240234-bisera-turkovic-u-iranu-sastala-se-i-sa-ministrom-vanjskih-poslova\/\"},\"wordCount\":265,\"publisher\":{\"@id\":\"https:\/\/tuzlainfo.ba\/#organization\"},\"image\":{\"@id\":\"https:\/\/tuzlainfo.ba\/index.php\/bosna-i-hercegovina\/item\/240234-bisera-turkovic-u-iranu-sastala-se-i-sa-ministrom-vanjskih-poslova\/#primaryimage\"},\"thumbnailUrl\":\"https:\/\/tuzlainfo.ba\/wp-content\/uploads\/2024\/06\/0206_bisera_iran.jpg\",\"keywords\":[\"bisera turkovi\u0107\",\"iran\"],\"articleSection\":[\"Bosna i Hercegovina\"],\"inLanguage\":\"bs-BA\"},{\"@type\":\"WebPage\",\"@id\":\"https:\/\/tuzlainfo.ba\/index.php\/bosna-i-hercegovina\/item\/240234-bisera-turkovic-u-iranu-sastala-se-i-sa-ministrom-vanjskih-poslova\/\",\"url\":\"https:\/\/tuzlainfo.ba\/index.php\/bosna-i-hercegovina\/item\/240234-bisera-turkovic-u-iranu-sastala-se-i-sa-ministrom-vanjskih-poslova\/\",\"name\":\"Bisera Turkovi\u0107 u Iranu, sastala se i sa ministrom vanjskih poslova - TuzlaInfo.ba\",\"isPartOf\":{\"@id\":\"https:\/\/tuzlainfo.ba\/#website\"},\"primaryImageOfPage\":{\"@id\":\"https:\/\/tuzlainfo.ba\/index.php\/bosna-i-hercegovina\/item\/240234-bisera-turkovic-u-iranu-sastala-se-i-sa-ministrom-vanjskih-poslova\/#primaryimage\"},\"image\":{\"@id\":\"https:\/\/tuzlainfo.ba\/index.php\/bosna-i-hercegovina\/item\/240234-bisera-turkovic-u-iranu-sastala-se-i-sa-ministrom-vanjskih-poslova\/#primaryimage\"},\"thumbnailUrl\":\"https:\/\/tuzlainfo.ba\/wp-content\/uploads\/2024\/06\/0206_bisera_iran.jpg\",\"datePublished\":\"2024-06-02T19:49:18+00:00\",\"dateModified\":\"2024-06-02T19:49:18+00:00\",\"breadcrumb\":{\"@id\":\"https:\/\/tuzlainfo.ba\/index.php\/bosna-i-hercegovina\/item\/240234-bisera-turkovic-u-iranu-sastala-se-i-sa-ministrom-vanjskih-poslova\/#breadcrumb\"},\"inLanguage\":\"bs-BA\",\"potentialAction\":[{\"@type\":\"ReadAction\",\"target\":[\"https:\/\/tuzlainfo.ba\/index.php\/bosna-i-hercegovina\/item\/240234-bisera-turkovic-u-iranu-sastala-se-i-sa-ministrom-vanjskih-poslova\/\"]}]},{\"@type\":\"ImageObject\",\"inLanguage\":\"bs-BA\",\"@id\":\"https:\/\/tuzlainfo.ba\/index.php\/bosna-i-hercegovina\/item\/240234-bisera-turkovic-u-iranu-sastala-se-i-sa-ministrom-vanjskih-poslova\/#primaryimage\",\"url\":\"https:\/\/tuzlainfo.ba\/wp-content\/uploads\/2024\/06\/0206_bisera_iran.jpg\",\"contentUrl\":\"https:\/\/tuzlainfo.ba\/wp-content\/uploads\/2024\/06\/0206_bisera_iran.jpg\",\"width\":895,\"height\":622},{\"@type\":\"BreadcrumbList\",\"@id\":\"https:\/\/tuzlainfo.ba\/index.php\/bosna-i-hercegovina\/item\/240234-bisera-turkovic-u-iranu-sastala-se-i-sa-ministrom-vanjskih-poslova\/#breadcrumb\",\"itemListElement\":[{\"@type\":\"ListItem\",\"position\":1,\"name\":\"Home\",\"item\":\"https:\/\/tuzlainfo.ba\/\"},{\"@type\":\"ListItem\",\"position\":2,\"name\":\"Bisera Turkovi\u0107 u Iranu, sastala se i sa ministrom vanjskih poslova\"}]},{\"@type\":\"WebSite\",\"@id\":\"https:\/\/tuzlainfo.ba\/#website\",\"url\":\"https:\/\/tuzlainfo.ba\/\",\"name\":\"TuzlaInfo.ba\",\"description\":\"Tuzla info, gradski informator - Tuzla na dlanu\",\"publisher\":{\"@id\":\"https:\/\/tuzlainfo.ba\/#organization\"},\"potentialAction\":[{\"@type\":\"SearchAction\",\"target\":{\"@type\":\"EntryPoint\",\"urlTemplate\":\"https:\/\/tuzlainfo.ba\/?s={search_term_string}\"},\"query-input\":{\"@type\":\"PropertyValueSpecification\",\"valueRequired\":true,\"valueName\":\"search_term_string\"}}],\"inLanguage\":\"bs-BA\"},{\"@type\":\"Organization\",\"@id\":\"https:\/\/tuzlainfo.ba\/#organization\",\"name\":\"TuzlaInfo.ba\",\"url\":\"https:\/\/tuzlainfo.ba\/\",\"logo\":{\"@type\":\"ImageObject\",\"inLanguage\":\"bs-BA\",\"@id\":\"https:\/\/tuzlainfo.ba\/#\/schema\/logo\/image\/\",\"url\":\"https:\/\/tuzlainfo.ba\/wp-content\/uploads\/2021\/03\/logo-ver-3-1.png\",\"contentUrl\":\"https:\/\/tuzlainfo.ba\/wp-content\/uploads\/2021\/03\/logo-ver-3-1.png\",\"width\":350,\"height\":95,\"caption\":\"TuzlaInfo.ba\"},\"image\":{\"@id\":\"https:\/\/tuzlainfo.ba\/#\/schema\/logo\/image\/\"},\"sameAs\":[\"https:\/\/www.facebook.com\/tuzlainfo.ba\/\"]},{\"@type\":\"Person\",\"@id\":\"https:\/\/tuzlainfo.ba\/#\/schema\/person\/f434e20dc27ea133923aab08451b7f7f\",\"name\":\"nedim\",\"image\":{\"@type\":\"ImageObject\",\"inLanguage\":\"bs-BA\",\"@id\":\"https:\/\/tuzlainfo.ba\/#\/schema\/person\/image\/\",\"url\":\"https:\/\/tuzlainfo.ba\/wp-content\/litespeed\/avatar\/aabad687af24844af817603ac1cbdc4f.jpg?ver=1776702173\",\"contentUrl\":\"https:\/\/tuzlainfo.ba\/wp-content\/litespeed\/avatar\/aabad687af24844af817603ac1cbdc4f.jpg?ver=1776702173\",\"caption\":\"nedim\"},\"description\":\"Tuzlainfo.ba pratite na dru\u0161tvenim mre\u017eama: Facebook, Instagram i Youtube. Svoje pri\u010de, upite i fotografije \u0161aljite na na\u0161u e-mail adresu.\"}]}<\/script>\n<!-- \/ Yoast SEO plugin. -->","yoast_head_json":{"title":"Bisera Turkovi\u0107 u Iranu, sastala se i sa ministrom vanjskih poslova - TuzlaInfo.ba","robots":{"index":"index","follow":"follow","max-snippet":"max-snippet:-1","max-image-preview":"max-image-preview:large","max-video-preview":"max-video-preview:-1"},"canonical":"https:\/\/tuzlainfo.ba\/index.php\/bosna-i-hercegovina\/item\/240234-bisera-turkovic-u-iranu-sastala-se-i-sa-ministrom-vanjskih-poslova\/","og_locale":"bs_BA","og_type":"article","og_title":"Bisera Turkovi\u0107 u Iranu, sastala se i sa ministrom vanjskih poslova - TuzlaInfo.ba","og_description":"Biv\u0161a ministrica vanjskih poslova Bosne i Hercegovine Bisera Turkovi\u0107 boravi u Teheranu kako bi u\u010destvovala&hellip;","og_url":"https:\/\/tuzlainfo.ba\/index.php\/bosna-i-hercegovina\/item\/240234-bisera-turkovic-u-iranu-sastala-se-i-sa-ministrom-vanjskih-poslova\/","og_site_name":"TuzlaInfo.ba","article_publisher":"https:\/\/www.facebook.com\/tuzlainfo.ba\/","article_published_time":"2024-06-02T19:49:18+00:00","og_image":[{"width":895,"height":622,"url":"https:\/\/tuzlainfo.ba\/wp-content\/uploads\/2024\/06\/0206_bisera_iran.jpg","type":"image\/jpeg"}],"author":"nedim","twitter_card":"summary_large_image","twitter_misc":{"Written by":"nedim","Est. reading time":"2 minute"},"schema":{"@context":"https:\/\/schema.org","@graph":[{"@type":"Article","@id":"https:\/\/tuzlainfo.ba\/index.php\/bosna-i-hercegovina\/item\/240234-bisera-turkovic-u-iranu-sastala-se-i-sa-ministrom-vanjskih-poslova\/#article","isPartOf":{"@id":"https:\/\/tuzlainfo.ba\/index.php\/bosna-i-hercegovina\/item\/240234-bisera-turkovic-u-iranu-sastala-se-i-sa-ministrom-vanjskih-poslova\/"},"author":{"name":"nedim","@id":"https:\/\/tuzlainfo.ba\/#\/schema\/person\/f434e20dc27ea133923aab08451b7f7f"},"headline":"Bisera Turkovi\u0107 u Iranu, sastala se i sa ministrom vanjskih poslova","datePublished":"2024-06-02T19:49:18+00:00","dateModified":"2024-06-02T19:49:18+00:00","mainEntityOfPage":{"@id":"https:\/\/tuzlainfo.ba\/index.php\/bosna-i-hercegovina\/item\/240234-bisera-turkovic-u-iranu-sastala-se-i-sa-ministrom-vanjskih-poslova\/"},"wordCount":265,"publisher":{"@id":"https:\/\/tuzlainfo.ba\/#organization"},"image":{"@id":"https:\/\/tuzlainfo.ba\/index.php\/bosna-i-hercegovina\/item\/240234-bisera-turkovic-u-iranu-sastala-se-i-sa-ministrom-vanjskih-poslova\/#primaryimage"},"thumbnailUrl":"https:\/\/tuzlainfo.ba\/wp-content\/uploads\/2024\/06\/0206_bisera_iran.jpg","keywords":["bisera turkovi\u0107","iran"],"articleSection":["Bosna i Hercegovina"],"inLanguage":"bs-BA"},{"@type":"WebPage","@id":"https:\/\/tuzlainfo.ba\/index.php\/bosna-i-hercegovina\/item\/240234-bisera-turkovic-u-iranu-sastala-se-i-sa-ministrom-vanjskih-poslova\/","url":"https:\/\/tuzlainfo.ba\/index.php\/bosna-i-hercegovina\/item\/240234-bisera-turkovic-u-iranu-sastala-se-i-sa-ministrom-vanjskih-poslova\/","name":"Bisera Turkovi\u0107 u Iranu, sastala se i sa ministrom vanjskih poslova - TuzlaInfo.ba","isPartOf":{"@id":"https:\/\/tuzlainfo.ba\/#website"},"primaryImageOfPage":{"@id":"https:\/\/tuzlainfo.ba\/index.php\/bosna-i-hercegovina\/item\/240234-bisera-turkovic-u-iranu-sastala-se-i-sa-ministrom-vanjskih-poslova\/#primaryimage"},"image":{"@id":"https:\/\/tuzlainfo.ba\/index.php\/bosna-i-hercegovina\/item\/240234-bisera-turkovic-u-iranu-sastala-se-i-sa-ministrom-vanjskih-poslova\/#primaryimage"},"thumbnailUrl":"https:\/\/tuzlainfo.ba\/wp-content\/uploads\/2024\/06\/0206_bisera_iran.jpg","datePublished":"2024-06-02T19:49:18+00:00","dateModified":"2024-06-02T19:49:18+00:00","breadcrumb":{"@id":"https:\/\/tuzlainfo.ba\/index.php\/bosna-i-hercegovina\/item\/240234-bisera-turkovic-u-iranu-sastala-se-i-sa-ministrom-vanjskih-poslova\/#breadcrumb"},"inLanguage":"bs-BA","potentialAction":[{"@type":"ReadAction","target":["https:\/\/tuzlainfo.ba\/index.php\/bosna-i-hercegovina\/item\/240234-bisera-turkovic-u-iranu-sastala-se-i-sa-ministrom-vanjskih-poslova\/"]}]},{"@type":"ImageObject","inLanguage":"bs-BA","@id":"https:\/\/tuzlainfo.ba\/index.php\/bosna-i-hercegovina\/item\/240234-bisera-turkovic-u-iranu-sastala-se-i-sa-ministrom-vanjskih-poslova\/#primaryimage","url":"https:\/\/tuzlainfo.ba\/wp-content\/uploads\/2024\/06\/0206_bisera_iran.jpg","contentUrl":"https:\/\/tuzlainfo.ba\/wp-content\/uploads\/2024\/06\/0206_bisera_iran.jpg","width":895,"height":622},{"@type":"BreadcrumbList","@id":"https:\/\/tuzlainfo.ba\/index.php\/bosna-i-hercegovina\/item\/240234-bisera-turkovic-u-iranu-sastala-se-i-sa-ministrom-vanjskih-poslova\/#breadcrumb","itemListElement":[{"@type":"ListItem","position":1,"name":"Home","item":"https:\/\/tuzlainfo.ba\/"},{"@type":"ListItem","position":2,"name":"Bisera Turkovi\u0107 u Iranu, sastala se i sa ministrom vanjskih poslova"}]},{"@type":"WebSite","@id":"https:\/\/tuzlainfo.ba\/#website","url":"https:\/\/tuzlainfo.ba\/","name":"TuzlaInfo.ba","description":"Tuzla info, gradski informator - Tuzla na dlanu","publisher":{"@id":"https:\/\/tuzlainfo.ba\/#organization"},"potentialAction":[{"@type":"SearchAction","target":{"@type":"EntryPoint","urlTemplate":"https:\/\/tuzlainfo.ba\/?s={search_term_string}"},"query-input":{"@type":"PropertyValueSpecification","valueRequired":true,"valueName":"search_term_string"}}],"inLanguage":"bs-BA"},{"@type":"Organization","@id":"https:\/\/tuzlainfo.ba\/#organization","name":"TuzlaInfo.ba","url":"https:\/\/tuzlainfo.ba\/","logo":{"@type":"ImageObject","inLanguage":"bs-BA","@id":"https:\/\/tuzlainfo.ba\/#\/schema\/logo\/image\/","url":"https:\/\/tuzlainfo.ba\/wp-content\/uploads\/2021\/03\/logo-ver-3-1.png","contentUrl":"https:\/\/tuzlainfo.ba\/wp-content\/uploads\/2021\/03\/logo-ver-3-1.png","width":350,"height":95,"caption":"TuzlaInfo.ba"},"image":{"@id":"https:\/\/tuzlainfo.ba\/#\/schema\/logo\/image\/"},"sameAs":["https:\/\/www.facebook.com\/tuzlainfo.ba\/"]},{"@type":"Person","@id":"https:\/\/tuzlainfo.ba\/#\/schema\/person\/f434e20dc27ea133923aab08451b7f7f","name":"nedim","image":{"@type":"ImageObject","inLanguage":"bs-BA","@id":"https:\/\/tuzlainfo.ba\/#\/schema\/person\/image\/","url":"https:\/\/tuzlainfo.ba\/wp-content\/litespeed\/avatar\/aabad687af24844af817603ac1cbdc4f.jpg?ver=1776702173","contentUrl":"https:\/\/tuzlainfo.ba\/wp-content\/litespeed\/avatar\/aabad687af24844af817603ac1cbdc4f.jpg?ver=1776702173","caption":"nedim"},"description":"Tuzlainfo.ba pratite na dru\u0161tvenim mre\u017eama: Facebook, Instagram i Youtube. Svoje pri\u010de, upite i fotografije \u0161aljite na na\u0161u e-mail adresu."}]}},"_links":{"self":[{"href":"https:\/\/tuzlainfo.ba\/index.php\/wp-json\/wp\/v2\/posts\/240234"}],"collection":[{"href":"https:\/\/tuzlainfo.ba\/index.php\/wp-json\/wp\/v2\/posts"}],"about":[{"href":"https:\/\/tuzlainfo.ba\/index.php\/wp-json\/wp\/v2\/types\/post"}],"author":[{"embeddable":true,"href":"https:\/\/tuzlainfo.ba\/index.php\/wp-json\/wp\/v2\/users\/2"}],"replies":[{"embeddable":true,"href":"https:\/\/tuzlainfo.ba\/index.php\/wp-json\/wp\/v2\/comments?post=240234"}],"version-history":[{"count":1,"href":"https:\/\/tuzlainfo.ba\/index.php\/wp-json\/wp\/v2\/posts\/240234\/revisions"}],"predecessor-version":[{"id":240236,"href":"https:\/\/tuzlainfo.ba\/index.php\/wp-json\/wp\/v2\/posts\/240234\/revisions\/240236"}],"wp:featuredmedia":[{"embeddable":true,"href":"https:\/\/tuzlainfo.ba\/index.php\/wp-json\/wp\/v2\/media\/240235"}],"wp:attachment":[{"href":"https:\/\/tuzlainfo.ba\/index.php\/wp-json\/wp\/v2\/media?parent=240234"}],"wp:term":[{"taxonomy":"category","embeddable":true,"href":"https:\/\/tuzlainfo.ba\/index.php\/wp-json\/wp\/v2\/categories?post=240234"},{"taxonomy":"post_tag","embeddable":true,"href":"https:\/\/tuzlainfo.ba\/index.php\/wp-json\/wp\/v2\/tags?post=240234"}],"curies":[{"name":"wp","href":"https:\/\/api.w.org\/{rel}","templated":true}]}}