{"id":240218,"date":"2024-06-02T20:34:30","date_gmt":"2024-06-02T18:34:30","guid":{"rendered":"https:\/\/tuzlainfo.ba\/?p=240218"},"modified":"2024-06-02T20:35:19","modified_gmt":"2024-06-02T18:35:19","slug":"odrzana-prva-promocija-knjige-primarijus-somatopedikus-autorice-edine-saric","status":"publish","type":"post","link":"https:\/\/tuzlainfo.ba\/index.php\/novosti\/item\/240218-odrzana-prva-promocija-knjige-primarijus-somatopedikus-autorice-edine-saric\/","title":{"rendered":"Odr\u017eana prva promocija knjige \u201cPrimarijus somatopedikus\u201d, autorice Edine \u0160ari\u0107"},"content":{"rendered":"<p>Iznimno uspje\u0161na, edukativna, zabavna i inspirativna \u00a0promocija, gdje se tra\u017eila stolica vi\u0161e, odr\u017eana je na\u00a0 Kamernoj sceni Doma mladih u Tuzli a bila je posve\u0107ena tuzlanskoj univerzitetskoj profesorici Edini \u0160ari\u0107 i njenoj knjizi \u201cPrimarijus somatopedikus\u201d naminjenoj djeci i odraslima koji \u017eele da u\u010de.<\/p>\n<p>Gradski dje\u010diji hor \u201cSlavuj\u201d iz Tuzle pod vodstvom sjajne profesorice Renate Bagari\u0107 sve\u010dano je otvorio promociju i \u0161armirao publiku sa dvije izvedbe, da bi se \u00a0zatim na sceni\u00a0 pojavili u\u010denici \u0161estog razreda O\u0160\u201dMiladije\u201d iz Tuzle. \u00a0U\u010denici Eldar Bo\u0161nji\u0107, Ajla Babaji\u0107, Tajra Hasanovi\u0107 i Amra Mutap\u010di\u0107 su pod mentorstvom prof.Senade U\u017ei\u010danin scenski uprizorili \u010detiri poetska teksta autorice i izazvali brojno odu\u0161evljenje publike izvedbom iste. Publika je imala priliku i da u\u017eiva u prelijepim zvucima violine Ajle Babaji\u0107.<\/p>\n<p>Vrlo vje\u0161to, ma\u0161tovito i duhovito moderiranje cijele promocije Sabine Mujezionovi\u0107 prenijelo se i na\u201cKonzilij\u201d promotora koji je moderatorica najavila renomiranih dje\u010dijih pisaca \u0160efika Husagi\u0107a i Zej\u0107ira Hasi\u0107a koji su potpisali i recenziju knjige i \u0160ime E\u0161i\u0107a, izdava\u010da i vlasnika izdava\u010dke ku\u0107e \u201cBosanska rije\u010d\u201d.<\/p>\n<p>\u0160imo E\u0161i\u0107 u svom izlaganju\u00a0 istakao je da je knjiga <strong>nomininovana za nagradu Mali princ, najzna\u010dajnije priznanje za dje\u010diju knjigu u regionu.<\/strong><\/p>\n<p>\u201cPotupno druga\u010diji rukopis, potpuno druga\u010diji stil, potpuno druga\u010dije otvaranje dje\u010dijeg svijeta i vi\u0111enje velikog svijeta iz ugla djeteta. Siguran sam da \u0107e knjiga pripremiti djecu za odrasli svijet, a odrasle koji budu \u010ditali knjigu podsjeti da su nekada bila djeca i da su sigruno u sebi sa\u010duvali zrnce dje\u010dije du\u0161e koje \u0107e Edinina poezija\u00a0 rasplamsati\u201d bile su rije\u010di najzna\u010dajnijeg izdava\u010da dje\u010dije knji\u017eevnosti na na\u0161im prostorima i knji\u017eevnika \u0160ime E\u0161i\u0107a. \u00a0Izdava\u010d je istakao da se do sada na na\u0161im prostorima niko nije usudio da bude tako avrgandan i druga\u010diji i da vjeruje da \u0107e upravo ova knjiga promijeniti i pristupe u dje\u010dijoj poeziji. Naslovnu stranu i ilustracije za knjigu uradio je sjajni Omer Berber, arhitekt, slikar i ilustrator<\/p>\n<p>Recenzent Zej\u0107i Hasi\u0107 istako je da ga Edina podsjetila na njega i njegove pjesme isti\u010du\u0107i da je i njemu i njoj \u0161ala osnovno u pjesmi. Edina je u svojim pjesma, nje\u017ena, duhovita, vaspitna. Edina po\u0161tuje dijete, vjeruje u dijete i sve mu najljep\u0161e \u017eeli. To je knjiga koja izaziva radost \u010ditanja i koja me je nakon mnogo godina iznendaila i obradovala- istakao je recenzent Hasi\u0107.<\/p>\n<p>\u0160efik Husagi\u0107 recenzent i pisac\u00a0 je istakao da su Edinine pjesme pravo osvje\u017eenje poslije pedeset godina. Njena knjiga se isti\u010de svojim naslovima, pjesni\u010dkim slikama i moderno\u0161\u0107u jezi\u010dkog izraza.<\/p>\n<p>Za sami kraj publici se obratila autorica koja se dirljivo zahvalila svojim recenzentima, izdava\u010du, isti\u010du\u0107i da nije bilo \u0160efika Husagi\u0107a koji je ve\u0107 du\u017ee vrijeme insistirao da objavi svoje pjesme, da bi se njene pjesme za djecu nalazile jo\u0161 skrivene. Autorica je istakla obra\u0107ajau\u0107i se djeci da pi\u0161e od tre\u0107eg razreda poeziju i da je sanjala cijeli \u017eivot o ovome trenutku. Svi snovi \u0107e se ostvarati ako sanjamo i da mo\u017eemo biti sve \u0161to po\u017eelimo.\u00a0 Poezija koja nas vodi od djetinjstva\u00a0 je sna\u017eno sredstvo i klju\u010d uspjeha, radosti, sre\u0107e i dobra\u00a0 u odrasloj dobi\u00a0 istakla je Edina \u0160ari\u0107.<\/p>\n<p>Promocija je zavr\u0161ena slavljeni\u010dkom tortom izena\u0111enja na sceni i dru\u017eenjem uz \u00a0\u00a0\u00a0slatki\u00a0 stol i sokove.<\/p>\n<p>Nemogu\u0107e je bilo ne primjetiti sjajnu atmosferu, mnogo radosti, smijeha kod publike cijelo vrijeme promocije,\u00a0 a posebno djece koja nisu\u00a0 krila odu\u0161vljenje kazav\u0161i da su imali najljep\u0161u no\u0107 u \u017eivotu.<\/p>\n<p>Cijela promocija je dostupna i na slijede\u0107em linku:<\/p>\n<p><iframe title=\"Promocija knjige Edina \u0160ari\u0107-PRIMARIJUS SOMATOPEDIKUS\" width=\"800\" height=\"450\" src=\"https:\/\/www.youtube.com\/embed\/1y07Ww9gNh4?feature=oembed\" frameborder=\"0\" allow=\"accelerometer; autoplay; clipboard-write; encrypted-media; gyroscope; picture-in-picture; web-share\" referrerpolicy=\"strict-origin-when-cross-origin\" allowfullscreen><\/iframe><\/p>\n","protected":false},"excerpt":{"rendered":"<p>Iznimno uspje\u0161na, edukativna, zabavna i inspirativna \u00a0promocija, gdje se tra\u017eila stolica vi\u0161e, odr\u017eana je na\u00a0 Kamernoj sceni Doma mladih u Tuzli a bila je posve\u0107ena tuzlanskoj univerzitetskoj profesorici Edini \u0160ari\u0107 i njenoj knjizi \u201cPrimarijus somatopedikus\u201d naminjenoj djeci i odraslima koji \u017eele da u\u010de. Gradski dje\u010diji hor \u201cSlavuj\u201d iz Tuzle pod vodstvom sjajne profesorice Renate Bagari\u0107 [&hellip;]<\/p>\n","protected":false},"author":2,"featured_media":240220,"comment_status":"closed","ping_status":"closed","sticky":false,"template":"","format":"standard","meta":{"footnotes":""},"categories":[304,12],"tags":[10268,1486],"class_list":["post-240218","post","type-post","status-publish","format-standard","has-post-thumbnail","hentry","category-istaknuto","category-novosti","tag-edina-saric","tag-promocija-knjige"],"yoast_head":"<!-- This site is optimized with the Yoast SEO plugin v28.4 - https:\/\/yoast.com\/product\/yoast-seo-wordpress\/ -->\n<title>Odr\u017eana prva promocija knjige \u201cPrimarijus somatopedikus\u201d, autorice Edine \u0160ari\u0107<\/title>\n<meta name=\"robots\" content=\"index, follow, max-snippet:-1, max-image-preview:large, max-video-preview:-1\" \/>\n<link rel=\"canonical\" href=\"https:\/\/tuzlainfo.ba\/index.php\/novosti\/item\/240218-odrzana-prva-promocija-knjige-primarijus-somatopedikus-autorice-edine-saric\/\" \/>\n<meta property=\"og:locale\" content=\"bs_BA\" \/>\n<meta property=\"og:type\" content=\"article\" \/>\n<meta property=\"og:title\" content=\"Odr\u017eana prva promocija knjige \u201cPrimarijus somatopedikus\u201d, autorice Edine \u0160ari\u0107\" \/>\n<meta property=\"og:description\" content=\"Iznimno uspje\u0161na, edukativna, zabavna i inspirativna \u00a0promocija, gdje se tra\u017eila stolica vi\u0161e, odr\u017eana je na\u00a0 Kamernoj sceni Doma mladih u Tuzli a bila je posve\u0107ena tuzlanskoj univerzitetskoj profesorici Edini \u0160ari\u0107 i njenoj knjizi \u201cPrimarijus somatopedikus\u201d naminjenoj djeci i odraslima koji \u017eele da u\u010de. Gradski dje\u010diji hor \u201cSlavuj\u201d iz Tuzle pod vodstvom sjajne profesorice Renate Bagari\u0107 [&hellip;]\" \/>\n<meta property=\"og:url\" content=\"https:\/\/tuzlainfo.ba\/index.php\/novosti\/item\/240218-odrzana-prva-promocija-knjige-primarijus-somatopedikus-autorice-edine-saric\/\" \/>\n<meta property=\"og:site_name\" content=\"TuzlaInfo.ba\" \/>\n<meta property=\"article:publisher\" content=\"https:\/\/www.facebook.com\/tuzlainfo.ba\/\" \/>\n<meta property=\"article:published_time\" content=\"2024-06-02T18:34:30+00:00\" \/>\n<meta property=\"article:modified_time\" content=\"2024-06-02T18:35:19+00:00\" \/>\n<meta property=\"og:image\" content=\"https:\/\/tuzlainfo.ba\/wp-content\/uploads\/2024\/06\/0206_kolaz_edina.jpg\" \/>\n\t<meta property=\"og:image:width\" content=\"1000\" \/>\n\t<meta property=\"og:image:height\" content=\"646\" \/>\n\t<meta property=\"og:image:type\" content=\"image\/jpeg\" \/>\n<meta name=\"author\" content=\"nedim\" \/>\n<meta name=\"twitter:card\" content=\"summary_large_image\" \/>\n<meta name=\"twitter:label1\" content=\"Written by\" \/>\n\t<meta name=\"twitter:data1\" content=\"nedim\" \/>\n\t<meta name=\"twitter:label2\" content=\"Est. reading time\" \/>\n\t<meta name=\"twitter:data2\" content=\"4 minute\" \/>\n<script type=\"application\/ld+json\" class=\"yoast-schema-graph\">{\"@context\":\"https:\\\/\\\/schema.org\",\"@graph\":[{\"@type\":\"Article\",\"@id\":\"https:\\\/\\\/tuzlainfo.ba\\\/index.php\\\/novosti\\\/item\\\/240218-odrzana-prva-promocija-knjige-primarijus-somatopedikus-autorice-edine-saric\\\/#article\",\"isPartOf\":{\"@id\":\"https:\\\/\\\/tuzlainfo.ba\\\/index.php\\\/novosti\\\/item\\\/240218-odrzana-prva-promocija-knjige-primarijus-somatopedikus-autorice-edine-saric\\\/\"},\"author\":{\"name\":\"nedim\",\"@id\":\"https:\\\/\\\/tuzlainfo.ba\\\/#\\\/schema\\\/person\\\/f434e20dc27ea133923aab08451b7f7f\"},\"headline\":\"Odr\u017eana prva promocija knjige \u201cPrimarijus somatopedikus\u201d, autorice Edine \u0160ari\u0107\",\"datePublished\":\"2024-06-02T18:34:30+00:00\",\"dateModified\":\"2024-06-02T18:35:19+00:00\",\"mainEntityOfPage\":{\"@id\":\"https:\\\/\\\/tuzlainfo.ba\\\/index.php\\\/novosti\\\/item\\\/240218-odrzana-prva-promocija-knjige-primarijus-somatopedikus-autorice-edine-saric\\\/\"},\"wordCount\":647,\"publisher\":{\"@id\":\"https:\\\/\\\/tuzlainfo.ba\\\/#organization\"},\"image\":{\"@id\":\"https:\\\/\\\/tuzlainfo.ba\\\/index.php\\\/novosti\\\/item\\\/240218-odrzana-prva-promocija-knjige-primarijus-somatopedikus-autorice-edine-saric\\\/#primaryimage\"},\"thumbnailUrl\":\"https:\\\/\\\/tuzlainfo.ba\\\/wp-content\\\/uploads\\\/2024\\\/06\\\/0206_kolaz_edina.jpg\",\"keywords\":[\"edina \u0161ari\u0107\",\"promocija knjige\"],\"articleSection\":[\"Istaknuto\",\"Novosti\"],\"inLanguage\":\"bs-BA\",\"copyrightYear\":\"2024\",\"copyrightHolder\":{\"@id\":\"https:\\\/\\\/tuzlainfo.ba\\\/#organization\"}},{\"@type\":\"WebPage\",\"@id\":\"https:\\\/\\\/tuzlainfo.ba\\\/index.php\\\/novosti\\\/item\\\/240218-odrzana-prva-promocija-knjige-primarijus-somatopedikus-autorice-edine-saric\\\/\",\"url\":\"https:\\\/\\\/tuzlainfo.ba\\\/index.php\\\/novosti\\\/item\\\/240218-odrzana-prva-promocija-knjige-primarijus-somatopedikus-autorice-edine-saric\\\/\",\"name\":\"Odr\u017eana prva promocija knjige \u201cPrimarijus somatopedikus\u201d, autorice Edine \u0160ari\u0107\",\"isPartOf\":{\"@id\":\"https:\\\/\\\/tuzlainfo.ba\\\/#website\"},\"primaryImageOfPage\":{\"@id\":\"https:\\\/\\\/tuzlainfo.ba\\\/index.php\\\/novosti\\\/item\\\/240218-odrzana-prva-promocija-knjige-primarijus-somatopedikus-autorice-edine-saric\\\/#primaryimage\"},\"image\":{\"@id\":\"https:\\\/\\\/tuzlainfo.ba\\\/index.php\\\/novosti\\\/item\\\/240218-odrzana-prva-promocija-knjige-primarijus-somatopedikus-autorice-edine-saric\\\/#primaryimage\"},\"thumbnailUrl\":\"https:\\\/\\\/tuzlainfo.ba\\\/wp-content\\\/uploads\\\/2024\\\/06\\\/0206_kolaz_edina.jpg\",\"datePublished\":\"2024-06-02T18:34:30+00:00\",\"dateModified\":\"2024-06-02T18:35:19+00:00\",\"breadcrumb\":{\"@id\":\"https:\\\/\\\/tuzlainfo.ba\\\/index.php\\\/novosti\\\/item\\\/240218-odrzana-prva-promocija-knjige-primarijus-somatopedikus-autorice-edine-saric\\\/#breadcrumb\"},\"inLanguage\":\"bs-BA\",\"potentialAction\":[{\"@type\":\"ReadAction\",\"target\":[\"https:\\\/\\\/tuzlainfo.ba\\\/index.php\\\/novosti\\\/item\\\/240218-odrzana-prva-promocija-knjige-primarijus-somatopedikus-autorice-edine-saric\\\/\"]}]},{\"@type\":\"ImageObject\",\"inLanguage\":\"bs-BA\",\"@id\":\"https:\\\/\\\/tuzlainfo.ba\\\/index.php\\\/novosti\\\/item\\\/240218-odrzana-prva-promocija-knjige-primarijus-somatopedikus-autorice-edine-saric\\\/#primaryimage\",\"url\":\"https:\\\/\\\/tuzlainfo.ba\\\/wp-content\\\/uploads\\\/2024\\\/06\\\/0206_kolaz_edina.jpg\",\"contentUrl\":\"https:\\\/\\\/tuzlainfo.ba\\\/wp-content\\\/uploads\\\/2024\\\/06\\\/0206_kolaz_edina.jpg\",\"width\":1000,\"height\":646},{\"@type\":\"BreadcrumbList\",\"@id\":\"https:\\\/\\\/tuzlainfo.ba\\\/index.php\\\/novosti\\\/item\\\/240218-odrzana-prva-promocija-knjige-primarijus-somatopedikus-autorice-edine-saric\\\/#breadcrumb\",\"itemListElement\":[{\"@type\":\"ListItem\",\"position\":1,\"name\":\"Home\",\"item\":\"https:\\\/\\\/tuzlainfo.ba\\\/\"},{\"@type\":\"ListItem\",\"position\":2,\"name\":\"Odr\u017eana prva promocija knjige \u201cPrimarijus somatopedikus\u201d, autorice Edine \u0160ari\u0107\"}]},{\"@type\":\"WebSite\",\"@id\":\"https:\\\/\\\/tuzlainfo.ba\\\/#website\",\"url\":\"https:\\\/\\\/tuzlainfo.ba\\\/\",\"name\":\"TuzlaInfo.ba\",\"description\":\"Tuzla info, gradski informator - Tuzla na dlanu\",\"publisher\":{\"@id\":\"https:\\\/\\\/tuzlainfo.ba\\\/#organization\"},\"potentialAction\":[{\"@type\":\"SearchAction\",\"target\":{\"@type\":\"EntryPoint\",\"urlTemplate\":\"https:\\\/\\\/tuzlainfo.ba\\\/?s={search_term_string}\"},\"query-input\":{\"@type\":\"PropertyValueSpecification\",\"valueRequired\":true,\"valueName\":\"search_term_string\"}}],\"inLanguage\":\"bs-BA\"},{\"@type\":\"Organization\",\"@id\":\"https:\\\/\\\/tuzlainfo.ba\\\/#organization\",\"name\":\"TuzlaInfo.ba\",\"url\":\"https:\\\/\\\/tuzlainfo.ba\\\/\",\"logo\":{\"@type\":\"ImageObject\",\"inLanguage\":\"bs-BA\",\"@id\":\"https:\\\/\\\/tuzlainfo.ba\\\/#\\\/schema\\\/logo\\\/image\\\/\",\"url\":\"https:\\\/\\\/tuzlainfo.ba\\\/wp-content\\\/uploads\\\/2021\\\/03\\\/logo-ver-3-1.png\",\"contentUrl\":\"https:\\\/\\\/tuzlainfo.ba\\\/wp-content\\\/uploads\\\/2021\\\/03\\\/logo-ver-3-1.png\",\"width\":350,\"height\":95,\"caption\":\"TuzlaInfo.ba\"},\"image\":{\"@id\":\"https:\\\/\\\/tuzlainfo.ba\\\/#\\\/schema\\\/logo\\\/image\\\/\"},\"sameAs\":[\"https:\\\/\\\/www.facebook.com\\\/tuzlainfo.ba\\\/\"]},{\"@type\":\"Person\",\"@id\":\"https:\\\/\\\/tuzlainfo.ba\\\/#\\\/schema\\\/person\\\/f434e20dc27ea133923aab08451b7f7f\",\"name\":\"nedim\",\"image\":{\"@type\":\"ImageObject\",\"inLanguage\":\"bs-BA\",\"@id\":\"https:\\\/\\\/secure.gravatar.com\\\/avatar\\\/5b928a2e7e70a54208d2eb6c1edcb75a5350d6ae97d5f0a701203d456823f6f3?s=96&d=mm&r=g\",\"url\":\"https:\\\/\\\/secure.gravatar.com\\\/avatar\\\/5b928a2e7e70a54208d2eb6c1edcb75a5350d6ae97d5f0a701203d456823f6f3?s=96&d=mm&r=g\",\"contentUrl\":\"https:\\\/\\\/secure.gravatar.com\\\/avatar\\\/5b928a2e7e70a54208d2eb6c1edcb75a5350d6ae97d5f0a701203d456823f6f3?s=96&d=mm&r=g\",\"caption\":\"nedim\"},\"description\":\"Tuzlainfo.ba pratite na dru\u0161tvenim mre\u017eama: Facebook, Instagram i Youtube. Svoje pri\u010de, upite i fotografije \u0161aljite na na\u0161u e-mail adresu.\"}]}<\/script>\n<!-- \/ Yoast SEO plugin. -->","yoast_head_json":{"title":"Odr\u017eana prva promocija knjige \u201cPrimarijus somatopedikus\u201d, autorice Edine \u0160ari\u0107","robots":{"index":"index","follow":"follow","max-snippet":"max-snippet:-1","max-image-preview":"max-image-preview:large","max-video-preview":"max-video-preview:-1"},"canonical":"https:\/\/tuzlainfo.ba\/index.php\/novosti\/item\/240218-odrzana-prva-promocija-knjige-primarijus-somatopedikus-autorice-edine-saric\/","og_locale":"bs_BA","og_type":"article","og_title":"Odr\u017eana prva promocija knjige \u201cPrimarijus somatopedikus\u201d, autorice Edine \u0160ari\u0107","og_description":"Iznimno uspje\u0161na, edukativna, zabavna i inspirativna \u00a0promocija, gdje se tra\u017eila stolica vi\u0161e, odr\u017eana je na\u00a0 Kamernoj sceni Doma mladih u Tuzli a bila je posve\u0107ena tuzlanskoj univerzitetskoj profesorici Edini \u0160ari\u0107 i njenoj knjizi \u201cPrimarijus somatopedikus\u201d naminjenoj djeci i odraslima koji \u017eele da u\u010de. Gradski dje\u010diji hor \u201cSlavuj\u201d iz Tuzle pod vodstvom sjajne profesorice Renate Bagari\u0107 [&hellip;]","og_url":"https:\/\/tuzlainfo.ba\/index.php\/novosti\/item\/240218-odrzana-prva-promocija-knjige-primarijus-somatopedikus-autorice-edine-saric\/","og_site_name":"TuzlaInfo.ba","article_publisher":"https:\/\/www.facebook.com\/tuzlainfo.ba\/","article_published_time":"2024-06-02T18:34:30+00:00","article_modified_time":"2024-06-02T18:35:19+00:00","og_image":[{"width":1000,"height":646,"url":"https:\/\/tuzlainfo.ba\/wp-content\/uploads\/2024\/06\/0206_kolaz_edina.jpg","type":"image\/jpeg"}],"author":"nedim","twitter_card":"summary_large_image","twitter_misc":{"Written by":"nedim","Est. reading time":"4 minute"},"schema":{"@context":"https:\/\/schema.org","@graph":[{"@type":"Article","@id":"https:\/\/tuzlainfo.ba\/index.php\/novosti\/item\/240218-odrzana-prva-promocija-knjige-primarijus-somatopedikus-autorice-edine-saric\/#article","isPartOf":{"@id":"https:\/\/tuzlainfo.ba\/index.php\/novosti\/item\/240218-odrzana-prva-promocija-knjige-primarijus-somatopedikus-autorice-edine-saric\/"},"author":{"name":"nedim","@id":"https:\/\/tuzlainfo.ba\/#\/schema\/person\/f434e20dc27ea133923aab08451b7f7f"},"headline":"Odr\u017eana prva promocija knjige \u201cPrimarijus somatopedikus\u201d, autorice Edine \u0160ari\u0107","datePublished":"2024-06-02T18:34:30+00:00","dateModified":"2024-06-02T18:35:19+00:00","mainEntityOfPage":{"@id":"https:\/\/tuzlainfo.ba\/index.php\/novosti\/item\/240218-odrzana-prva-promocija-knjige-primarijus-somatopedikus-autorice-edine-saric\/"},"wordCount":647,"publisher":{"@id":"https:\/\/tuzlainfo.ba\/#organization"},"image":{"@id":"https:\/\/tuzlainfo.ba\/index.php\/novosti\/item\/240218-odrzana-prva-promocija-knjige-primarijus-somatopedikus-autorice-edine-saric\/#primaryimage"},"thumbnailUrl":"https:\/\/tuzlainfo.ba\/wp-content\/uploads\/2024\/06\/0206_kolaz_edina.jpg","keywords":["edina \u0161ari\u0107","promocija knjige"],"articleSection":["Istaknuto","Novosti"],"inLanguage":"bs-BA","copyrightYear":"2024","copyrightHolder":{"@id":"https:\/\/tuzlainfo.ba\/#organization"}},{"@type":"WebPage","@id":"https:\/\/tuzlainfo.ba\/index.php\/novosti\/item\/240218-odrzana-prva-promocija-knjige-primarijus-somatopedikus-autorice-edine-saric\/","url":"https:\/\/tuzlainfo.ba\/index.php\/novosti\/item\/240218-odrzana-prva-promocija-knjige-primarijus-somatopedikus-autorice-edine-saric\/","name":"Odr\u017eana prva promocija knjige \u201cPrimarijus somatopedikus\u201d, autorice Edine \u0160ari\u0107","isPartOf":{"@id":"https:\/\/tuzlainfo.ba\/#website"},"primaryImageOfPage":{"@id":"https:\/\/tuzlainfo.ba\/index.php\/novosti\/item\/240218-odrzana-prva-promocija-knjige-primarijus-somatopedikus-autorice-edine-saric\/#primaryimage"},"image":{"@id":"https:\/\/tuzlainfo.ba\/index.php\/novosti\/item\/240218-odrzana-prva-promocija-knjige-primarijus-somatopedikus-autorice-edine-saric\/#primaryimage"},"thumbnailUrl":"https:\/\/tuzlainfo.ba\/wp-content\/uploads\/2024\/06\/0206_kolaz_edina.jpg","datePublished":"2024-06-02T18:34:30+00:00","dateModified":"2024-06-02T18:35:19+00:00","breadcrumb":{"@id":"https:\/\/tuzlainfo.ba\/index.php\/novosti\/item\/240218-odrzana-prva-promocija-knjige-primarijus-somatopedikus-autorice-edine-saric\/#breadcrumb"},"inLanguage":"bs-BA","potentialAction":[{"@type":"ReadAction","target":["https:\/\/tuzlainfo.ba\/index.php\/novosti\/item\/240218-odrzana-prva-promocija-knjige-primarijus-somatopedikus-autorice-edine-saric\/"]}]},{"@type":"ImageObject","inLanguage":"bs-BA","@id":"https:\/\/tuzlainfo.ba\/index.php\/novosti\/item\/240218-odrzana-prva-promocija-knjige-primarijus-somatopedikus-autorice-edine-saric\/#primaryimage","url":"https:\/\/tuzlainfo.ba\/wp-content\/uploads\/2024\/06\/0206_kolaz_edina.jpg","contentUrl":"https:\/\/tuzlainfo.ba\/wp-content\/uploads\/2024\/06\/0206_kolaz_edina.jpg","width":1000,"height":646},{"@type":"BreadcrumbList","@id":"https:\/\/tuzlainfo.ba\/index.php\/novosti\/item\/240218-odrzana-prva-promocija-knjige-primarijus-somatopedikus-autorice-edine-saric\/#breadcrumb","itemListElement":[{"@type":"ListItem","position":1,"name":"Home","item":"https:\/\/tuzlainfo.ba\/"},{"@type":"ListItem","position":2,"name":"Odr\u017eana prva promocija knjige \u201cPrimarijus somatopedikus\u201d, autorice Edine \u0160ari\u0107"}]},{"@type":"WebSite","@id":"https:\/\/tuzlainfo.ba\/#website","url":"https:\/\/tuzlainfo.ba\/","name":"TuzlaInfo.ba","description":"Tuzla info, gradski informator - Tuzla na dlanu","publisher":{"@id":"https:\/\/tuzlainfo.ba\/#organization"},"potentialAction":[{"@type":"SearchAction","target":{"@type":"EntryPoint","urlTemplate":"https:\/\/tuzlainfo.ba\/?s={search_term_string}"},"query-input":{"@type":"PropertyValueSpecification","valueRequired":true,"valueName":"search_term_string"}}],"inLanguage":"bs-BA"},{"@type":"Organization","@id":"https:\/\/tuzlainfo.ba\/#organization","name":"TuzlaInfo.ba","url":"https:\/\/tuzlainfo.ba\/","logo":{"@type":"ImageObject","inLanguage":"bs-BA","@id":"https:\/\/tuzlainfo.ba\/#\/schema\/logo\/image\/","url":"https:\/\/tuzlainfo.ba\/wp-content\/uploads\/2021\/03\/logo-ver-3-1.png","contentUrl":"https:\/\/tuzlainfo.ba\/wp-content\/uploads\/2021\/03\/logo-ver-3-1.png","width":350,"height":95,"caption":"TuzlaInfo.ba"},"image":{"@id":"https:\/\/tuzlainfo.ba\/#\/schema\/logo\/image\/"},"sameAs":["https:\/\/www.facebook.com\/tuzlainfo.ba\/"]},{"@type":"Person","@id":"https:\/\/tuzlainfo.ba\/#\/schema\/person\/f434e20dc27ea133923aab08451b7f7f","name":"nedim","image":{"@type":"ImageObject","inLanguage":"bs-BA","@id":"https:\/\/secure.gravatar.com\/avatar\/5b928a2e7e70a54208d2eb6c1edcb75a5350d6ae97d5f0a701203d456823f6f3?s=96&d=mm&r=g","url":"https:\/\/secure.gravatar.com\/avatar\/5b928a2e7e70a54208d2eb6c1edcb75a5350d6ae97d5f0a701203d456823f6f3?s=96&d=mm&r=g","contentUrl":"https:\/\/secure.gravatar.com\/avatar\/5b928a2e7e70a54208d2eb6c1edcb75a5350d6ae97d5f0a701203d456823f6f3?s=96&d=mm&r=g","caption":"nedim"},"description":"Tuzlainfo.ba pratite na dru\u0161tvenim mre\u017eama: Facebook, Instagram i Youtube. Svoje pri\u010de, upite i fotografije \u0161aljite na na\u0161u e-mail adresu."}]}},"_links":{"self":[{"href":"https:\/\/tuzlainfo.ba\/index.php\/wp-json\/wp\/v2\/posts\/240218","targetHints":{"allow":["GET"]}}],"collection":[{"href":"https:\/\/tuzlainfo.ba\/index.php\/wp-json\/wp\/v2\/posts"}],"about":[{"href":"https:\/\/tuzlainfo.ba\/index.php\/wp-json\/wp\/v2\/types\/post"}],"author":[{"embeddable":true,"href":"https:\/\/tuzlainfo.ba\/index.php\/wp-json\/wp\/v2\/users\/2"}],"replies":[{"embeddable":true,"href":"https:\/\/tuzlainfo.ba\/index.php\/wp-json\/wp\/v2\/comments?post=240218"}],"version-history":[{"count":1,"href":"https:\/\/tuzlainfo.ba\/index.php\/wp-json\/wp\/v2\/posts\/240218\/revisions"}],"predecessor-version":[{"id":240219,"href":"https:\/\/tuzlainfo.ba\/index.php\/wp-json\/wp\/v2\/posts\/240218\/revisions\/240219"}],"wp:featuredmedia":[{"embeddable":true,"href":"https:\/\/tuzlainfo.ba\/index.php\/wp-json\/wp\/v2\/media\/240220"}],"wp:attachment":[{"href":"https:\/\/tuzlainfo.ba\/index.php\/wp-json\/wp\/v2\/media?parent=240218"}],"wp:term":[{"taxonomy":"category","embeddable":true,"href":"https:\/\/tuzlainfo.ba\/index.php\/wp-json\/wp\/v2\/categories?post=240218"},{"taxonomy":"post_tag","embeddable":true,"href":"https:\/\/tuzlainfo.ba\/index.php\/wp-json\/wp\/v2\/tags?post=240218"}],"curies":[{"name":"wp","href":"https:\/\/api.w.org\/{rel}","templated":true}]}}