{"id":240204,"date":"2024-06-02T16:02:30","date_gmt":"2024-06-02T14:02:30","guid":{"rendered":"https:\/\/tuzlainfo.ba\/?p=240204"},"modified":"2024-06-02T12:36:21","modified_gmt":"2024-06-02T10:36:21","slug":"obrazovanje-u-tk-quo-vadis-tuzlanski-akademski-klub-organizuje-javnu-tribinu","status":"publish","type":"post","link":"https:\/\/tuzlainfo.ba\/index.php\/najava-dogadaja-2\/item\/240204-obrazovanje-u-tk-quo-vadis-tuzlanski-akademski-klub-organizuje-javnu-tribinu\/","title":{"rendered":"OBRAZOVANJE U TK &#8211; QUO VADIS?\u00a0\u201eTuzlanski akademski klub\u201c organizuje javnu tribinu"},"content":{"rendered":"<p><span style=\"font-weight: 400;\">Udru\u017eenje gra\u0111ana \u201eTuzlanski akademski klub\u201c\u00a0 u \u010detvrtak, 6. juna 2024. godine sa po\u010detkom u 18,00 sati u Tuzli, u kongresnoj sali \u201eGrand Hotela Tuzla\u201c organizuje javnu tribinu na temu\u00a0<\/span><b>OBRAZOVANJE U TK &#8211; <\/b><b><i>QUO VADIS?\u00a0<\/i><\/b><\/p>\n<p><span style=\"font-weight: 400;\">Kako navode organizatori cilj tribine je da se defini\u0161u problemi u oblasti svih nivoa obrazovanja u Tuzlanskom kantonu kao\u00a0 osnove za razvoj svih drugih djelatnosti kroz:<\/span><\/p>\n<p><span style=\"font-weight: 400;\">&#8211; Analizu stanja u obrazovanju od osnovnog do visoko\u0161kolskog i definisanje osnovnih\u00a0 problema (reforma nastavnih planova i programa prema EU standardima, upisna politika u\u00a0 srednje \u0161kole i na fakultete, prostorni i kadrovski kapaciteti, finanisaranje nau\u010dno\u00a0 istra\u017eiva\u010dkog rada kao uslova za napredovanje i osposobljavanje budu\u0107ih stru\u010dnjaka i\u00a0 istra\u017eiva\u010da;\u00a0<\/span><\/p>\n<p><span style=\"font-weight: 400;\">&#8211; Predlaganje mogu\u0107ih rje\u0161enja za uspostavu kvalitetnijeg obrazovanja;\u00a0<\/span><\/p>\n<p><span style=\"font-weight: 400;\">Bez dobrog obrazovnog sistema, bez temeljito ura\u0111enog dugoro\u010dnog plana i programa razvoja\u00a0 obrazovanja od osnovnog do visokog, nema kvaliteta ni u zdravstvu ni u materijalnoj proizvodnji, a ni\u00a0 u humanitarnim i dru\u0161tvenim djelatnostima.\u00a0<\/span><\/p>\n<p><span style=\"font-weight: 400;\">Svjedoci smo sve manjeg broj u\u010denika i sve ve\u0107eg broja mladih koji napu\u0161taju na\u0161u zemlju. Stoga je\u00a0 krajnje vrijeme za poduzimanje konkretnih mjera za <\/span><span style=\"font-weight: 400;\">unapre\u0111enje kvaliteta obrazovanja i pobolj\u0161anje prilika <\/span><span style=\"font-weight: 400;\">\u00a0<\/span><span style=\"font-weight: 400;\">za mlade ljude u zemlji.<\/span><span style=\"font-weight: 400;\">\u00a0<\/span><\/p>\n<p><span style=\"font-weight: 400;\">Ciljevi udru\u017eenja gra\u0111ana \u201eTuzlanski akademski klub\u201c su da kreiramo autoritativne prijedloge\u00a0 razvojnih projekata u razli\u010ditim oblastima, da istra\u017eujemo, predla\u017eemo i promovi\u0161emo mogu\u0107e oblike\u00a0 rje\u0161avanja osnovnih \u017eivotnih problema Tuzle i Tuzlanskog kantona. Cilj nam je mobilizirati \u0161iru\u00a0 dru\u0161tvenu javnost i odgovorne institucije i pojedince za pobolj\u0161anje kvaliteta \u017eivota gra\u0111ana na\u0161eg\u00a0 podru\u010dja, navode iz UG \u201eTuzlanski akademski klub\u201c.<\/span><\/p>\n","protected":false},"excerpt":{"rendered":"<p>Udru\u017eenje gra\u0111ana \u201eTuzlanski akademski klub\u201c\u00a0 u \u010detvrtak, 6. juna 2024. godine sa po\u010detkom u 18,00&hellip;<\/p>\n","protected":false},"author":2,"featured_media":86769,"comment_status":"closed","ping_status":"closed","sticky":false,"template":"","format":"standard","meta":{"_acf_changed":false,"footnotes":""},"categories":[304,11],"tags":[3003,10265],"acf":[],"yoast_head":"<!-- This site is optimized with the Yoast SEO plugin v23.5 - https:\/\/yoast.com\/wordpress\/plugins\/seo\/ -->\n<title>OBRAZOVANJE U TK - QUO VADIS?\u00a0\u201eTuzlanski akademski klub\u201c organizuje javnu tribinu - TuzlaInfo.ba<\/title>\n<meta name=\"robots\" content=\"index, follow, max-snippet:-1, max-image-preview:large, max-video-preview:-1\" \/>\n<link rel=\"canonical\" href=\"https:\/\/tuzlainfo.ba\/index.php\/najava-dogadaja-2\/item\/240204-obrazovanje-u-tk-quo-vadis-tuzlanski-akademski-klub-organizuje-javnu-tribinu\/\" \/>\n<meta property=\"og:locale\" content=\"bs_BA\" \/>\n<meta property=\"og:type\" content=\"article\" \/>\n<meta property=\"og:title\" content=\"OBRAZOVANJE U TK - QUO VADIS?\u00a0\u201eTuzlanski akademski klub\u201c organizuje javnu tribinu - TuzlaInfo.ba\" \/>\n<meta property=\"og:description\" content=\"Udru\u017eenje gra\u0111ana \u201eTuzlanski akademski klub\u201c\u00a0 u \u010detvrtak, 6. juna 2024. godine sa po\u010detkom u 18,00&hellip;\" \/>\n<meta property=\"og:url\" content=\"https:\/\/tuzlainfo.ba\/index.php\/najava-dogadaja-2\/item\/240204-obrazovanje-u-tk-quo-vadis-tuzlanski-akademski-klub-organizuje-javnu-tribinu\/\" \/>\n<meta property=\"og:site_name\" content=\"TuzlaInfo.ba\" \/>\n<meta property=\"article:publisher\" content=\"https:\/\/www.facebook.com\/tuzlainfo.ba\/\" \/>\n<meta property=\"article:published_time\" content=\"2024-06-02T14:02:30+00:00\" \/>\n<meta property=\"article:modified_time\" content=\"2024-06-02T10:36:21+00:00\" \/>\n<meta property=\"og:image\" content=\"https:\/\/tuzlainfo.ba\/wp-content\/uploads\/2021\/02\/sadrzaj_2021_20210201_2302_diplome.jpg\" \/>\n\t<meta property=\"og:image:width\" content=\"770\" \/>\n\t<meta property=\"og:image:height\" content=\"415\" \/>\n\t<meta property=\"og:image:type\" content=\"image\/jpeg\" \/>\n<meta name=\"author\" content=\"nedim\" \/>\n<meta name=\"twitter:card\" content=\"summary_large_image\" \/>\n<meta name=\"twitter:label1\" content=\"Written by\" \/>\n\t<meta name=\"twitter:data1\" content=\"nedim\" \/>\n\t<meta name=\"twitter:label2\" content=\"Est. reading time\" \/>\n\t<meta name=\"twitter:data2\" content=\"2 minute\" \/>\n<script type=\"application\/ld+json\" class=\"yoast-schema-graph\">{\"@context\":\"https:\/\/schema.org\",\"@graph\":[{\"@type\":\"Article\",\"@id\":\"https:\/\/tuzlainfo.ba\/index.php\/najava-dogadaja-2\/item\/240204-obrazovanje-u-tk-quo-vadis-tuzlanski-akademski-klub-organizuje-javnu-tribinu\/#article\",\"isPartOf\":{\"@id\":\"https:\/\/tuzlainfo.ba\/index.php\/najava-dogadaja-2\/item\/240204-obrazovanje-u-tk-quo-vadis-tuzlanski-akademski-klub-organizuje-javnu-tribinu\/\"},\"author\":{\"name\":\"nedim\",\"@id\":\"https:\/\/tuzlainfo.ba\/#\/schema\/person\/f434e20dc27ea133923aab08451b7f7f\"},\"headline\":\"OBRAZOVANJE U TK &#8211; QUO VADIS?\u00a0\u201eTuzlanski akademski klub\u201c organizuje javnu tribinu\",\"datePublished\":\"2024-06-02T14:02:30+00:00\",\"dateModified\":\"2024-06-02T10:36:21+00:00\",\"mainEntityOfPage\":{\"@id\":\"https:\/\/tuzlainfo.ba\/index.php\/najava-dogadaja-2\/item\/240204-obrazovanje-u-tk-quo-vadis-tuzlanski-akademski-klub-organizuje-javnu-tribinu\/\"},\"wordCount\":285,\"publisher\":{\"@id\":\"https:\/\/tuzlainfo.ba\/#organization\"},\"image\":{\"@id\":\"https:\/\/tuzlainfo.ba\/index.php\/najava-dogadaja-2\/item\/240204-obrazovanje-u-tk-quo-vadis-tuzlanski-akademski-klub-organizuje-javnu-tribinu\/#primaryimage\"},\"thumbnailUrl\":\"https:\/\/tuzlainfo.ba\/wp-content\/uploads\/2021\/02\/sadrzaj_2021_20210201_2302_diplome.jpg\",\"keywords\":[\"javna tribina\",\"Tuzlanski akademski klub\"],\"articleSection\":[\"Istaknuto\",\"Najave i doga\u0111aji\"],\"inLanguage\":\"bs-BA\"},{\"@type\":\"WebPage\",\"@id\":\"https:\/\/tuzlainfo.ba\/index.php\/najava-dogadaja-2\/item\/240204-obrazovanje-u-tk-quo-vadis-tuzlanski-akademski-klub-organizuje-javnu-tribinu\/\",\"url\":\"https:\/\/tuzlainfo.ba\/index.php\/najava-dogadaja-2\/item\/240204-obrazovanje-u-tk-quo-vadis-tuzlanski-akademski-klub-organizuje-javnu-tribinu\/\",\"name\":\"OBRAZOVANJE U TK - QUO VADIS?\u00a0\u201eTuzlanski akademski klub\u201c organizuje javnu tribinu - TuzlaInfo.ba\",\"isPartOf\":{\"@id\":\"https:\/\/tuzlainfo.ba\/#website\"},\"primaryImageOfPage\":{\"@id\":\"https:\/\/tuzlainfo.ba\/index.php\/najava-dogadaja-2\/item\/240204-obrazovanje-u-tk-quo-vadis-tuzlanski-akademski-klub-organizuje-javnu-tribinu\/#primaryimage\"},\"image\":{\"@id\":\"https:\/\/tuzlainfo.ba\/index.php\/najava-dogadaja-2\/item\/240204-obrazovanje-u-tk-quo-vadis-tuzlanski-akademski-klub-organizuje-javnu-tribinu\/#primaryimage\"},\"thumbnailUrl\":\"https:\/\/tuzlainfo.ba\/wp-content\/uploads\/2021\/02\/sadrzaj_2021_20210201_2302_diplome.jpg\",\"datePublished\":\"2024-06-02T14:02:30+00:00\",\"dateModified\":\"2024-06-02T10:36:21+00:00\",\"breadcrumb\":{\"@id\":\"https:\/\/tuzlainfo.ba\/index.php\/najava-dogadaja-2\/item\/240204-obrazovanje-u-tk-quo-vadis-tuzlanski-akademski-klub-organizuje-javnu-tribinu\/#breadcrumb\"},\"inLanguage\":\"bs-BA\",\"potentialAction\":[{\"@type\":\"ReadAction\",\"target\":[\"https:\/\/tuzlainfo.ba\/index.php\/najava-dogadaja-2\/item\/240204-obrazovanje-u-tk-quo-vadis-tuzlanski-akademski-klub-organizuje-javnu-tribinu\/\"]}]},{\"@type\":\"ImageObject\",\"inLanguage\":\"bs-BA\",\"@id\":\"https:\/\/tuzlainfo.ba\/index.php\/najava-dogadaja-2\/item\/240204-obrazovanje-u-tk-quo-vadis-tuzlanski-akademski-klub-organizuje-javnu-tribinu\/#primaryimage\",\"url\":\"https:\/\/tuzlainfo.ba\/wp-content\/uploads\/2021\/02\/sadrzaj_2021_20210201_2302_diplome.jpg\",\"contentUrl\":\"https:\/\/tuzlainfo.ba\/wp-content\/uploads\/2021\/02\/sadrzaj_2021_20210201_2302_diplome.jpg\",\"width\":770,\"height\":415,\"caption\":\"2302 diplome\"},{\"@type\":\"BreadcrumbList\",\"@id\":\"https:\/\/tuzlainfo.ba\/index.php\/najava-dogadaja-2\/item\/240204-obrazovanje-u-tk-quo-vadis-tuzlanski-akademski-klub-organizuje-javnu-tribinu\/#breadcrumb\",\"itemListElement\":[{\"@type\":\"ListItem\",\"position\":1,\"name\":\"Home\",\"item\":\"https:\/\/tuzlainfo.ba\/\"},{\"@type\":\"ListItem\",\"position\":2,\"name\":\"OBRAZOVANJE U TK &#8211; QUO VADIS?\u00a0\u201eTuzlanski akademski klub\u201c organizuje javnu tribinu\"}]},{\"@type\":\"WebSite\",\"@id\":\"https:\/\/tuzlainfo.ba\/#website\",\"url\":\"https:\/\/tuzlainfo.ba\/\",\"name\":\"TuzlaInfo.ba\",\"description\":\"Tuzla info, gradski informator - Tuzla na dlanu\",\"publisher\":{\"@id\":\"https:\/\/tuzlainfo.ba\/#organization\"},\"potentialAction\":[{\"@type\":\"SearchAction\",\"target\":{\"@type\":\"EntryPoint\",\"urlTemplate\":\"https:\/\/tuzlainfo.ba\/?s={search_term_string}\"},\"query-input\":{\"@type\":\"PropertyValueSpecification\",\"valueRequired\":true,\"valueName\":\"search_term_string\"}}],\"inLanguage\":\"bs-BA\"},{\"@type\":\"Organization\",\"@id\":\"https:\/\/tuzlainfo.ba\/#organization\",\"name\":\"TuzlaInfo.ba\",\"url\":\"https:\/\/tuzlainfo.ba\/\",\"logo\":{\"@type\":\"ImageObject\",\"inLanguage\":\"bs-BA\",\"@id\":\"https:\/\/tuzlainfo.ba\/#\/schema\/logo\/image\/\",\"url\":\"https:\/\/tuzlainfo.ba\/wp-content\/uploads\/2021\/03\/logo-ver-3-1.png\",\"contentUrl\":\"https:\/\/tuzlainfo.ba\/wp-content\/uploads\/2021\/03\/logo-ver-3-1.png\",\"width\":350,\"height\":95,\"caption\":\"TuzlaInfo.ba\"},\"image\":{\"@id\":\"https:\/\/tuzlainfo.ba\/#\/schema\/logo\/image\/\"},\"sameAs\":[\"https:\/\/www.facebook.com\/tuzlainfo.ba\/\"]},{\"@type\":\"Person\",\"@id\":\"https:\/\/tuzlainfo.ba\/#\/schema\/person\/f434e20dc27ea133923aab08451b7f7f\",\"name\":\"nedim\",\"image\":{\"@type\":\"ImageObject\",\"inLanguage\":\"bs-BA\",\"@id\":\"https:\/\/tuzlainfo.ba\/#\/schema\/person\/image\/\",\"url\":\"https:\/\/tuzlainfo.ba\/wp-content\/litespeed\/avatar\/aabad687af24844af817603ac1cbdc4f.jpg?ver=1777306975\",\"contentUrl\":\"https:\/\/tuzlainfo.ba\/wp-content\/litespeed\/avatar\/aabad687af24844af817603ac1cbdc4f.jpg?ver=1777306975\",\"caption\":\"nedim\"},\"description\":\"Tuzlainfo.ba pratite na dru\u0161tvenim mre\u017eama: Facebook, Instagram i Youtube. Svoje pri\u010de, upite i fotografije \u0161aljite na na\u0161u e-mail adresu.\"}]}<\/script>\n<!-- \/ Yoast SEO plugin. -->","yoast_head_json":{"title":"OBRAZOVANJE U TK - QUO VADIS?\u00a0\u201eTuzlanski akademski klub\u201c organizuje javnu tribinu - TuzlaInfo.ba","robots":{"index":"index","follow":"follow","max-snippet":"max-snippet:-1","max-image-preview":"max-image-preview:large","max-video-preview":"max-video-preview:-1"},"canonical":"https:\/\/tuzlainfo.ba\/index.php\/najava-dogadaja-2\/item\/240204-obrazovanje-u-tk-quo-vadis-tuzlanski-akademski-klub-organizuje-javnu-tribinu\/","og_locale":"bs_BA","og_type":"article","og_title":"OBRAZOVANJE U TK - QUO VADIS?\u00a0\u201eTuzlanski akademski klub\u201c organizuje javnu tribinu - TuzlaInfo.ba","og_description":"Udru\u017eenje gra\u0111ana \u201eTuzlanski akademski klub\u201c\u00a0 u \u010detvrtak, 6. juna 2024. godine sa po\u010detkom u 18,00&hellip;","og_url":"https:\/\/tuzlainfo.ba\/index.php\/najava-dogadaja-2\/item\/240204-obrazovanje-u-tk-quo-vadis-tuzlanski-akademski-klub-organizuje-javnu-tribinu\/","og_site_name":"TuzlaInfo.ba","article_publisher":"https:\/\/www.facebook.com\/tuzlainfo.ba\/","article_published_time":"2024-06-02T14:02:30+00:00","article_modified_time":"2024-06-02T10:36:21+00:00","og_image":[{"width":770,"height":415,"url":"https:\/\/tuzlainfo.ba\/wp-content\/uploads\/2021\/02\/sadrzaj_2021_20210201_2302_diplome.jpg","type":"image\/jpeg"}],"author":"nedim","twitter_card":"summary_large_image","twitter_misc":{"Written by":"nedim","Est. reading time":"2 minute"},"schema":{"@context":"https:\/\/schema.org","@graph":[{"@type":"Article","@id":"https:\/\/tuzlainfo.ba\/index.php\/najava-dogadaja-2\/item\/240204-obrazovanje-u-tk-quo-vadis-tuzlanski-akademski-klub-organizuje-javnu-tribinu\/#article","isPartOf":{"@id":"https:\/\/tuzlainfo.ba\/index.php\/najava-dogadaja-2\/item\/240204-obrazovanje-u-tk-quo-vadis-tuzlanski-akademski-klub-organizuje-javnu-tribinu\/"},"author":{"name":"nedim","@id":"https:\/\/tuzlainfo.ba\/#\/schema\/person\/f434e20dc27ea133923aab08451b7f7f"},"headline":"OBRAZOVANJE U TK &#8211; QUO VADIS?\u00a0\u201eTuzlanski akademski klub\u201c organizuje javnu tribinu","datePublished":"2024-06-02T14:02:30+00:00","dateModified":"2024-06-02T10:36:21+00:00","mainEntityOfPage":{"@id":"https:\/\/tuzlainfo.ba\/index.php\/najava-dogadaja-2\/item\/240204-obrazovanje-u-tk-quo-vadis-tuzlanski-akademski-klub-organizuje-javnu-tribinu\/"},"wordCount":285,"publisher":{"@id":"https:\/\/tuzlainfo.ba\/#organization"},"image":{"@id":"https:\/\/tuzlainfo.ba\/index.php\/najava-dogadaja-2\/item\/240204-obrazovanje-u-tk-quo-vadis-tuzlanski-akademski-klub-organizuje-javnu-tribinu\/#primaryimage"},"thumbnailUrl":"https:\/\/tuzlainfo.ba\/wp-content\/uploads\/2021\/02\/sadrzaj_2021_20210201_2302_diplome.jpg","keywords":["javna tribina","Tuzlanski akademski klub"],"articleSection":["Istaknuto","Najave i doga\u0111aji"],"inLanguage":"bs-BA"},{"@type":"WebPage","@id":"https:\/\/tuzlainfo.ba\/index.php\/najava-dogadaja-2\/item\/240204-obrazovanje-u-tk-quo-vadis-tuzlanski-akademski-klub-organizuje-javnu-tribinu\/","url":"https:\/\/tuzlainfo.ba\/index.php\/najava-dogadaja-2\/item\/240204-obrazovanje-u-tk-quo-vadis-tuzlanski-akademski-klub-organizuje-javnu-tribinu\/","name":"OBRAZOVANJE U TK - QUO VADIS?\u00a0\u201eTuzlanski akademski klub\u201c organizuje javnu tribinu - TuzlaInfo.ba","isPartOf":{"@id":"https:\/\/tuzlainfo.ba\/#website"},"primaryImageOfPage":{"@id":"https:\/\/tuzlainfo.ba\/index.php\/najava-dogadaja-2\/item\/240204-obrazovanje-u-tk-quo-vadis-tuzlanski-akademski-klub-organizuje-javnu-tribinu\/#primaryimage"},"image":{"@id":"https:\/\/tuzlainfo.ba\/index.php\/najava-dogadaja-2\/item\/240204-obrazovanje-u-tk-quo-vadis-tuzlanski-akademski-klub-organizuje-javnu-tribinu\/#primaryimage"},"thumbnailUrl":"https:\/\/tuzlainfo.ba\/wp-content\/uploads\/2021\/02\/sadrzaj_2021_20210201_2302_diplome.jpg","datePublished":"2024-06-02T14:02:30+00:00","dateModified":"2024-06-02T10:36:21+00:00","breadcrumb":{"@id":"https:\/\/tuzlainfo.ba\/index.php\/najava-dogadaja-2\/item\/240204-obrazovanje-u-tk-quo-vadis-tuzlanski-akademski-klub-organizuje-javnu-tribinu\/#breadcrumb"},"inLanguage":"bs-BA","potentialAction":[{"@type":"ReadAction","target":["https:\/\/tuzlainfo.ba\/index.php\/najava-dogadaja-2\/item\/240204-obrazovanje-u-tk-quo-vadis-tuzlanski-akademski-klub-organizuje-javnu-tribinu\/"]}]},{"@type":"ImageObject","inLanguage":"bs-BA","@id":"https:\/\/tuzlainfo.ba\/index.php\/najava-dogadaja-2\/item\/240204-obrazovanje-u-tk-quo-vadis-tuzlanski-akademski-klub-organizuje-javnu-tribinu\/#primaryimage","url":"https:\/\/tuzlainfo.ba\/wp-content\/uploads\/2021\/02\/sadrzaj_2021_20210201_2302_diplome.jpg","contentUrl":"https:\/\/tuzlainfo.ba\/wp-content\/uploads\/2021\/02\/sadrzaj_2021_20210201_2302_diplome.jpg","width":770,"height":415,"caption":"2302 diplome"},{"@type":"BreadcrumbList","@id":"https:\/\/tuzlainfo.ba\/index.php\/najava-dogadaja-2\/item\/240204-obrazovanje-u-tk-quo-vadis-tuzlanski-akademski-klub-organizuje-javnu-tribinu\/#breadcrumb","itemListElement":[{"@type":"ListItem","position":1,"name":"Home","item":"https:\/\/tuzlainfo.ba\/"},{"@type":"ListItem","position":2,"name":"OBRAZOVANJE U TK &#8211; QUO VADIS?\u00a0\u201eTuzlanski akademski klub\u201c organizuje javnu tribinu"}]},{"@type":"WebSite","@id":"https:\/\/tuzlainfo.ba\/#website","url":"https:\/\/tuzlainfo.ba\/","name":"TuzlaInfo.ba","description":"Tuzla info, gradski informator - Tuzla na dlanu","publisher":{"@id":"https:\/\/tuzlainfo.ba\/#organization"},"potentialAction":[{"@type":"SearchAction","target":{"@type":"EntryPoint","urlTemplate":"https:\/\/tuzlainfo.ba\/?s={search_term_string}"},"query-input":{"@type":"PropertyValueSpecification","valueRequired":true,"valueName":"search_term_string"}}],"inLanguage":"bs-BA"},{"@type":"Organization","@id":"https:\/\/tuzlainfo.ba\/#organization","name":"TuzlaInfo.ba","url":"https:\/\/tuzlainfo.ba\/","logo":{"@type":"ImageObject","inLanguage":"bs-BA","@id":"https:\/\/tuzlainfo.ba\/#\/schema\/logo\/image\/","url":"https:\/\/tuzlainfo.ba\/wp-content\/uploads\/2021\/03\/logo-ver-3-1.png","contentUrl":"https:\/\/tuzlainfo.ba\/wp-content\/uploads\/2021\/03\/logo-ver-3-1.png","width":350,"height":95,"caption":"TuzlaInfo.ba"},"image":{"@id":"https:\/\/tuzlainfo.ba\/#\/schema\/logo\/image\/"},"sameAs":["https:\/\/www.facebook.com\/tuzlainfo.ba\/"]},{"@type":"Person","@id":"https:\/\/tuzlainfo.ba\/#\/schema\/person\/f434e20dc27ea133923aab08451b7f7f","name":"nedim","image":{"@type":"ImageObject","inLanguage":"bs-BA","@id":"https:\/\/tuzlainfo.ba\/#\/schema\/person\/image\/","url":"https:\/\/tuzlainfo.ba\/wp-content\/litespeed\/avatar\/aabad687af24844af817603ac1cbdc4f.jpg?ver=1777306975","contentUrl":"https:\/\/tuzlainfo.ba\/wp-content\/litespeed\/avatar\/aabad687af24844af817603ac1cbdc4f.jpg?ver=1777306975","caption":"nedim"},"description":"Tuzlainfo.ba pratite na dru\u0161tvenim mre\u017eama: Facebook, Instagram i Youtube. Svoje pri\u010de, upite i fotografije \u0161aljite na na\u0161u e-mail adresu."}]}},"_links":{"self":[{"href":"https:\/\/tuzlainfo.ba\/index.php\/wp-json\/wp\/v2\/posts\/240204"}],"collection":[{"href":"https:\/\/tuzlainfo.ba\/index.php\/wp-json\/wp\/v2\/posts"}],"about":[{"href":"https:\/\/tuzlainfo.ba\/index.php\/wp-json\/wp\/v2\/types\/post"}],"author":[{"embeddable":true,"href":"https:\/\/tuzlainfo.ba\/index.php\/wp-json\/wp\/v2\/users\/2"}],"replies":[{"embeddable":true,"href":"https:\/\/tuzlainfo.ba\/index.php\/wp-json\/wp\/v2\/comments?post=240204"}],"version-history":[{"count":1,"href":"https:\/\/tuzlainfo.ba\/index.php\/wp-json\/wp\/v2\/posts\/240204\/revisions"}],"predecessor-version":[{"id":240205,"href":"https:\/\/tuzlainfo.ba\/index.php\/wp-json\/wp\/v2\/posts\/240204\/revisions\/240205"}],"wp:featuredmedia":[{"embeddable":true,"href":"https:\/\/tuzlainfo.ba\/index.php\/wp-json\/wp\/v2\/media\/86769"}],"wp:attachment":[{"href":"https:\/\/tuzlainfo.ba\/index.php\/wp-json\/wp\/v2\/media?parent=240204"}],"wp:term":[{"taxonomy":"category","embeddable":true,"href":"https:\/\/tuzlainfo.ba\/index.php\/wp-json\/wp\/v2\/categories?post=240204"},{"taxonomy":"post_tag","embeddable":true,"href":"https:\/\/tuzlainfo.ba\/index.php\/wp-json\/wp\/v2\/tags?post=240204"}],"curies":[{"name":"wp","href":"https:\/\/api.w.org\/{rel}","templated":true}]}}