{"id":240092,"date":"2024-05-31T19:56:41","date_gmt":"2024-05-31T17:56:41","guid":{"rendered":"https:\/\/tuzlainfo.ba\/?p=240092"},"modified":"2024-05-31T15:40:15","modified_gmt":"2024-05-31T13:40:15","slug":"inicijativa-zastupnice-zumre-begic-zabraniti-rad-porodilistu-u-opcoj-bolnici-dr-mustafa-beganovic-u-gracanici","status":"publish","type":"post","link":"https:\/\/tuzlainfo.ba\/index.php\/novosti\/item\/240092-inicijativa-zastupnice-zumre-begic-zabraniti-rad-porodilistu-u-opcoj-bolnici-dr-mustafa-beganovic-u-gracanici\/","title":{"rendered":"Inicijativa zastupnice Zumre Begi\u0107: Zabraniti rad porodili\u0161tu u Op\u0107oj bolnici &#8220;dr Mustafa Beganovi\u0107&#8221; u Gra\u010danici"},"content":{"rendered":"<p>Zastupnica u Skup\u0161tini Tuzlanskog kantona dr Zumra Begi\u0107 ju\u010der je, na sjednici Skup\u0161tine, uputila inicijativu Ministarstvu zdravstva TK i Kantonalnoj upravi za inspekcijske poslove da se zabrani rad Porodili\u0161tu u Op\u0107oj bolnici ,, dr Mustafa Beganovi\u0107\u201c u Gra\u010danici jer, kako je kazala dr Begi\u0107, postoje sumnje u pogledu ispunjavanja Normativa i standarda u vidu prostora, radnika i medicinsko tehni\u010dke opreme u ovom Porodili\u0161tu.<\/p>\n<p>Dr Begi\u0107 je kazala da su radom Porodili\u0161ta u takvim uvjetima ugro\u017eeni \u017eivoti porodilja, te podsjetila da, prije osam dana, dvadesetdevetogodi\u0161nja E.R., nakon poro\u0111aja u toj bolnici, nije uspjela sti\u0107i do UKC-a, te je izgubila \u017eivot.<\/p>\n<p>\u201ePorodili\u0161te u Op\u0107oj bolnici ,, dr Mustafa Beganovi\u0107\u201c u Gra\u010danici ne posjeduje dovoljan broj stru\u010dnih osoba, kako iz oblasti ginekologije i aku\u0161erstva, transfuziologije, tako ni iz oblasti anesteziologije.<\/p>\n<p>Oni poslije 15 sati odlaze iz ustanove i u pripravnosti nastavljaju radnu obavezu, a udaljeni su preko 30 minuta vo\u017enje od mati\u010dne bolnice. Zbog nedostatka anesteziologa nije mogu\u0107e u slu\u010daju hitnosti otvoriti operacionu salu i obaviti operativni zahvat, koji je potreban u opisu posla porodili\u0161ta, gdje se komplikacije de\u0161avaju i zahtijevaju hitno zbrinjavanje u par minuta, a ne transportom pacijenta u ustanovu udaljenu 50 km. Sasvim je izvjesno da u hitnim slu\u010dajevima, kakvi su u porodili\u0161tu, pacijentice ne\u0107e sti\u0107i u optimalnom vremenu u upu\u0107enu ustanovu\u201c, navela je dr Begi\u0107.<\/p>\n<p>Kako je dodala svakom poro\u0111aju se pristupa kao potencijalno komplikovanom i mora postojati mogu\u0107nost transfuzije krvlju i krvnim derivatima, kao i pristup operacionoj sali sa kompletnim osobljem koji \u0107e omogu\u0107iti operacijski zahvat u svakom momentu&#8221; &#8211; navodi se u inicijativi.<\/p>\n<p>\u201eS obzirom da porodili\u0161te u Op\u0107oj bolnici ,, dr Mustafa Beganovi\u0107\u201c to nije u stanju obezbijediti tra\u017eim zatvaranje ovog porodili\u0161ta do ispunjenja uslova predvi\u0111enih Normativima i standardima kao i utv\u0111ivanje odgovornosti resornog ministarstva koje je izdalo Rje\u0161enje za obavljanje ove djelatnosti \u010dime su ugro\u017eeni \u017eivoti \u017eena u poro\u0111aju. S obzirom na istragu koju je pokrenulo Tu\u017eila\u0161tvo TK, vjerujem da \u0107e se do\u0107i do svih relevantnih \u010dinjenica o ovom slu\u010daju a u cilju spre\u010davanja ponovnog ovakvog tragi\u010dnog doga\u0111aja, te je neophodno do daljnjeg zatvoriti ovo Porodili\u0161te.\u201c, navela je u inicijativi dr Begi\u0107.<\/p>\n<p>&nbsp;<\/p>\n","protected":false},"excerpt":{"rendered":"<p>Zastupnica u Skup\u0161tini Tuzlanskog kantona dr Zumra Begi\u0107 ju\u010der je, na sjednici Skup\u0161tine, uputila inicijativu&hellip;<\/p>\n","protected":false},"author":3,"featured_media":240094,"comment_status":"closed","ping_status":"closed","sticky":false,"template":"","format":"standard","meta":{"_acf_changed":false,"footnotes":""},"categories":[12],"tags":[1237,10257,1641],"acf":[],"yoast_head":"<!-- This site is optimized with the Yoast SEO plugin v23.5 - https:\/\/yoast.com\/wordpress\/plugins\/seo\/ -->\n<title>Inicijativa zastupnice Zumre Begi\u0107: Zabraniti rad porodili\u0161tu u Op\u0107oj bolnici &quot;dr Mustafa Beganovi\u0107&quot; u Gra\u010danici - TuzlaInfo.ba<\/title>\n<meta name=\"robots\" content=\"index, follow, max-snippet:-1, max-image-preview:large, max-video-preview:-1\" \/>\n<link rel=\"canonical\" href=\"https:\/\/tuzlainfo.ba\/index.php\/novosti\/item\/240092-inicijativa-zastupnice-zumre-begic-zabraniti-rad-porodilistu-u-opcoj-bolnici-dr-mustafa-beganovic-u-gracanici\/\" \/>\n<meta property=\"og:locale\" content=\"bs_BA\" \/>\n<meta property=\"og:type\" content=\"article\" \/>\n<meta property=\"og:title\" content=\"Inicijativa zastupnice Zumre Begi\u0107: Zabraniti rad porodili\u0161tu u Op\u0107oj bolnici &quot;dr Mustafa Beganovi\u0107&quot; u Gra\u010danici - TuzlaInfo.ba\" \/>\n<meta property=\"og:description\" content=\"Zastupnica u Skup\u0161tini Tuzlanskog kantona dr Zumra Begi\u0107 ju\u010der je, na sjednici Skup\u0161tine, uputila inicijativu&hellip;\" \/>\n<meta property=\"og:url\" content=\"https:\/\/tuzlainfo.ba\/index.php\/novosti\/item\/240092-inicijativa-zastupnice-zumre-begic-zabraniti-rad-porodilistu-u-opcoj-bolnici-dr-mustafa-beganovic-u-gracanici\/\" \/>\n<meta property=\"og:site_name\" content=\"TuzlaInfo.ba\" \/>\n<meta property=\"article:publisher\" content=\"https:\/\/www.facebook.com\/tuzlainfo.ba\/\" \/>\n<meta property=\"article:published_time\" content=\"2024-05-31T17:56:41+00:00\" \/>\n<meta property=\"article:modified_time\" content=\"2024-05-31T13:40:15+00:00\" \/>\n<meta property=\"og:image\" content=\"https:\/\/tuzlainfo.ba\/wp-content\/uploads\/2024\/05\/3105_zumra.jpg\" \/>\n\t<meta property=\"og:image:width\" content=\"816\" \/>\n\t<meta property=\"og:image:height\" content=\"540\" \/>\n\t<meta property=\"og:image:type\" content=\"image\/jpeg\" \/>\n<meta name=\"author\" content=\"admin2\" \/>\n<meta name=\"twitter:card\" content=\"summary_large_image\" \/>\n<meta name=\"twitter:label1\" content=\"Written by\" \/>\n\t<meta name=\"twitter:data1\" content=\"admin2\" \/>\n\t<meta name=\"twitter:label2\" content=\"Est. reading time\" \/>\n\t<meta name=\"twitter:data2\" content=\"3 minute\" \/>\n<script type=\"application\/ld+json\" class=\"yoast-schema-graph\">{\"@context\":\"https:\/\/schema.org\",\"@graph\":[{\"@type\":\"Article\",\"@id\":\"https:\/\/tuzlainfo.ba\/index.php\/novosti\/item\/240092-inicijativa-zastupnice-zumre-begic-zabraniti-rad-porodilistu-u-opcoj-bolnici-dr-mustafa-beganovic-u-gracanici\/#article\",\"isPartOf\":{\"@id\":\"https:\/\/tuzlainfo.ba\/index.php\/novosti\/item\/240092-inicijativa-zastupnice-zumre-begic-zabraniti-rad-porodilistu-u-opcoj-bolnici-dr-mustafa-beganovic-u-gracanici\/\"},\"author\":{\"name\":\"admin2\",\"@id\":\"https:\/\/tuzlainfo.ba\/#\/schema\/person\/f4ebe4fff27e68efb65fa7e18f8af372\"},\"headline\":\"Inicijativa zastupnice Zumre Begi\u0107: Zabraniti rad porodili\u0161tu u Op\u0107oj bolnici &#8220;dr Mustafa Beganovi\u0107&#8221; u Gra\u010danici\",\"datePublished\":\"2024-05-31T17:56:41+00:00\",\"dateModified\":\"2024-05-31T13:40:15+00:00\",\"mainEntityOfPage\":{\"@id\":\"https:\/\/tuzlainfo.ba\/index.php\/novosti\/item\/240092-inicijativa-zastupnice-zumre-begic-zabraniti-rad-porodilistu-u-opcoj-bolnici-dr-mustafa-beganovic-u-gracanici\/\"},\"wordCount\":410,\"publisher\":{\"@id\":\"https:\/\/tuzlainfo.ba\/#organization\"},\"image\":{\"@id\":\"https:\/\/tuzlainfo.ba\/index.php\/novosti\/item\/240092-inicijativa-zastupnice-zumre-begic-zabraniti-rad-porodilistu-u-opcoj-bolnici-dr-mustafa-beganovic-u-gracanici\/#primaryimage\"},\"thumbnailUrl\":\"https:\/\/tuzlainfo.ba\/wp-content\/uploads\/2024\/05\/3105_zumra.jpg\",\"keywords\":[\"inicijativa\",\"zatvaranje porodili\u0161ta\",\"zumra begi\u0107\"],\"articleSection\":[\"Novosti\"],\"inLanguage\":\"bs-BA\"},{\"@type\":\"WebPage\",\"@id\":\"https:\/\/tuzlainfo.ba\/index.php\/novosti\/item\/240092-inicijativa-zastupnice-zumre-begic-zabraniti-rad-porodilistu-u-opcoj-bolnici-dr-mustafa-beganovic-u-gracanici\/\",\"url\":\"https:\/\/tuzlainfo.ba\/index.php\/novosti\/item\/240092-inicijativa-zastupnice-zumre-begic-zabraniti-rad-porodilistu-u-opcoj-bolnici-dr-mustafa-beganovic-u-gracanici\/\",\"name\":\"Inicijativa zastupnice Zumre Begi\u0107: Zabraniti rad porodili\u0161tu u Op\u0107oj bolnici \\\"dr Mustafa Beganovi\u0107\\\" u Gra\u010danici - TuzlaInfo.ba\",\"isPartOf\":{\"@id\":\"https:\/\/tuzlainfo.ba\/#website\"},\"primaryImageOfPage\":{\"@id\":\"https:\/\/tuzlainfo.ba\/index.php\/novosti\/item\/240092-inicijativa-zastupnice-zumre-begic-zabraniti-rad-porodilistu-u-opcoj-bolnici-dr-mustafa-beganovic-u-gracanici\/#primaryimage\"},\"image\":{\"@id\":\"https:\/\/tuzlainfo.ba\/index.php\/novosti\/item\/240092-inicijativa-zastupnice-zumre-begic-zabraniti-rad-porodilistu-u-opcoj-bolnici-dr-mustafa-beganovic-u-gracanici\/#primaryimage\"},\"thumbnailUrl\":\"https:\/\/tuzlainfo.ba\/wp-content\/uploads\/2024\/05\/3105_zumra.jpg\",\"datePublished\":\"2024-05-31T17:56:41+00:00\",\"dateModified\":\"2024-05-31T13:40:15+00:00\",\"breadcrumb\":{\"@id\":\"https:\/\/tuzlainfo.ba\/index.php\/novosti\/item\/240092-inicijativa-zastupnice-zumre-begic-zabraniti-rad-porodilistu-u-opcoj-bolnici-dr-mustafa-beganovic-u-gracanici\/#breadcrumb\"},\"inLanguage\":\"bs-BA\",\"potentialAction\":[{\"@type\":\"ReadAction\",\"target\":[\"https:\/\/tuzlainfo.ba\/index.php\/novosti\/item\/240092-inicijativa-zastupnice-zumre-begic-zabraniti-rad-porodilistu-u-opcoj-bolnici-dr-mustafa-beganovic-u-gracanici\/\"]}]},{\"@type\":\"ImageObject\",\"inLanguage\":\"bs-BA\",\"@id\":\"https:\/\/tuzlainfo.ba\/index.php\/novosti\/item\/240092-inicijativa-zastupnice-zumre-begic-zabraniti-rad-porodilistu-u-opcoj-bolnici-dr-mustafa-beganovic-u-gracanici\/#primaryimage\",\"url\":\"https:\/\/tuzlainfo.ba\/wp-content\/uploads\/2024\/05\/3105_zumra.jpg\",\"contentUrl\":\"https:\/\/tuzlainfo.ba\/wp-content\/uploads\/2024\/05\/3105_zumra.jpg\",\"width\":816,\"height\":540},{\"@type\":\"BreadcrumbList\",\"@id\":\"https:\/\/tuzlainfo.ba\/index.php\/novosti\/item\/240092-inicijativa-zastupnice-zumre-begic-zabraniti-rad-porodilistu-u-opcoj-bolnici-dr-mustafa-beganovic-u-gracanici\/#breadcrumb\",\"itemListElement\":[{\"@type\":\"ListItem\",\"position\":1,\"name\":\"Home\",\"item\":\"https:\/\/tuzlainfo.ba\/\"},{\"@type\":\"ListItem\",\"position\":2,\"name\":\"Inicijativa zastupnice Zumre Begi\u0107: Zabraniti rad porodili\u0161tu u Op\u0107oj bolnici &#8220;dr Mustafa Beganovi\u0107&#8221; u Gra\u010danici\"}]},{\"@type\":\"WebSite\",\"@id\":\"https:\/\/tuzlainfo.ba\/#website\",\"url\":\"https:\/\/tuzlainfo.ba\/\",\"name\":\"TuzlaInfo.ba\",\"description\":\"Tuzla info, gradski informator - Tuzla na dlanu\",\"publisher\":{\"@id\":\"https:\/\/tuzlainfo.ba\/#organization\"},\"potentialAction\":[{\"@type\":\"SearchAction\",\"target\":{\"@type\":\"EntryPoint\",\"urlTemplate\":\"https:\/\/tuzlainfo.ba\/?s={search_term_string}\"},\"query-input\":{\"@type\":\"PropertyValueSpecification\",\"valueRequired\":true,\"valueName\":\"search_term_string\"}}],\"inLanguage\":\"bs-BA\"},{\"@type\":\"Organization\",\"@id\":\"https:\/\/tuzlainfo.ba\/#organization\",\"name\":\"TuzlaInfo.ba\",\"url\":\"https:\/\/tuzlainfo.ba\/\",\"logo\":{\"@type\":\"ImageObject\",\"inLanguage\":\"bs-BA\",\"@id\":\"https:\/\/tuzlainfo.ba\/#\/schema\/logo\/image\/\",\"url\":\"https:\/\/tuzlainfo.ba\/wp-content\/uploads\/2021\/03\/logo-ver-3-1.png\",\"contentUrl\":\"https:\/\/tuzlainfo.ba\/wp-content\/uploads\/2021\/03\/logo-ver-3-1.png\",\"width\":350,\"height\":95,\"caption\":\"TuzlaInfo.ba\"},\"image\":{\"@id\":\"https:\/\/tuzlainfo.ba\/#\/schema\/logo\/image\/\"},\"sameAs\":[\"https:\/\/www.facebook.com\/tuzlainfo.ba\/\"]},{\"@type\":\"Person\",\"@id\":\"https:\/\/tuzlainfo.ba\/#\/schema\/person\/f4ebe4fff27e68efb65fa7e18f8af372\",\"name\":\"admin2\",\"image\":{\"@type\":\"ImageObject\",\"inLanguage\":\"bs-BA\",\"@id\":\"https:\/\/tuzlainfo.ba\/#\/schema\/person\/image\/\",\"url\":\"https:\/\/tuzlainfo.ba\/wp-content\/litespeed\/avatar\/8219eeb9a43cff2d096e773737736f62.jpg?ver=1777309398\",\"contentUrl\":\"https:\/\/tuzlainfo.ba\/wp-content\/litespeed\/avatar\/8219eeb9a43cff2d096e773737736f62.jpg?ver=1777309398\",\"caption\":\"admin2\"},\"description\":\"Tuzlainfo.ba pratite na dru\u0161tvenim mre\u017eama: Facebook, Instagram i Youtube. Svoje pri\u010de, upite i fotografije \u0161aljite na na\u0161u e-mail adresu.\",\"sameAs\":[\"admin\"]}]}<\/script>\n<!-- \/ Yoast SEO plugin. -->","yoast_head_json":{"title":"Inicijativa zastupnice Zumre Begi\u0107: Zabraniti rad porodili\u0161tu u Op\u0107oj bolnici \"dr Mustafa Beganovi\u0107\" u Gra\u010danici - TuzlaInfo.ba","robots":{"index":"index","follow":"follow","max-snippet":"max-snippet:-1","max-image-preview":"max-image-preview:large","max-video-preview":"max-video-preview:-1"},"canonical":"https:\/\/tuzlainfo.ba\/index.php\/novosti\/item\/240092-inicijativa-zastupnice-zumre-begic-zabraniti-rad-porodilistu-u-opcoj-bolnici-dr-mustafa-beganovic-u-gracanici\/","og_locale":"bs_BA","og_type":"article","og_title":"Inicijativa zastupnice Zumre Begi\u0107: Zabraniti rad porodili\u0161tu u Op\u0107oj bolnici \"dr Mustafa Beganovi\u0107\" u Gra\u010danici - TuzlaInfo.ba","og_description":"Zastupnica u Skup\u0161tini Tuzlanskog kantona dr Zumra Begi\u0107 ju\u010der je, na sjednici Skup\u0161tine, uputila inicijativu&hellip;","og_url":"https:\/\/tuzlainfo.ba\/index.php\/novosti\/item\/240092-inicijativa-zastupnice-zumre-begic-zabraniti-rad-porodilistu-u-opcoj-bolnici-dr-mustafa-beganovic-u-gracanici\/","og_site_name":"TuzlaInfo.ba","article_publisher":"https:\/\/www.facebook.com\/tuzlainfo.ba\/","article_published_time":"2024-05-31T17:56:41+00:00","article_modified_time":"2024-05-31T13:40:15+00:00","og_image":[{"width":816,"height":540,"url":"https:\/\/tuzlainfo.ba\/wp-content\/uploads\/2024\/05\/3105_zumra.jpg","type":"image\/jpeg"}],"author":"admin2","twitter_card":"summary_large_image","twitter_misc":{"Written by":"admin2","Est. reading time":"3 minute"},"schema":{"@context":"https:\/\/schema.org","@graph":[{"@type":"Article","@id":"https:\/\/tuzlainfo.ba\/index.php\/novosti\/item\/240092-inicijativa-zastupnice-zumre-begic-zabraniti-rad-porodilistu-u-opcoj-bolnici-dr-mustafa-beganovic-u-gracanici\/#article","isPartOf":{"@id":"https:\/\/tuzlainfo.ba\/index.php\/novosti\/item\/240092-inicijativa-zastupnice-zumre-begic-zabraniti-rad-porodilistu-u-opcoj-bolnici-dr-mustafa-beganovic-u-gracanici\/"},"author":{"name":"admin2","@id":"https:\/\/tuzlainfo.ba\/#\/schema\/person\/f4ebe4fff27e68efb65fa7e18f8af372"},"headline":"Inicijativa zastupnice Zumre Begi\u0107: Zabraniti rad porodili\u0161tu u Op\u0107oj bolnici &#8220;dr Mustafa Beganovi\u0107&#8221; u Gra\u010danici","datePublished":"2024-05-31T17:56:41+00:00","dateModified":"2024-05-31T13:40:15+00:00","mainEntityOfPage":{"@id":"https:\/\/tuzlainfo.ba\/index.php\/novosti\/item\/240092-inicijativa-zastupnice-zumre-begic-zabraniti-rad-porodilistu-u-opcoj-bolnici-dr-mustafa-beganovic-u-gracanici\/"},"wordCount":410,"publisher":{"@id":"https:\/\/tuzlainfo.ba\/#organization"},"image":{"@id":"https:\/\/tuzlainfo.ba\/index.php\/novosti\/item\/240092-inicijativa-zastupnice-zumre-begic-zabraniti-rad-porodilistu-u-opcoj-bolnici-dr-mustafa-beganovic-u-gracanici\/#primaryimage"},"thumbnailUrl":"https:\/\/tuzlainfo.ba\/wp-content\/uploads\/2024\/05\/3105_zumra.jpg","keywords":["inicijativa","zatvaranje porodili\u0161ta","zumra begi\u0107"],"articleSection":["Novosti"],"inLanguage":"bs-BA"},{"@type":"WebPage","@id":"https:\/\/tuzlainfo.ba\/index.php\/novosti\/item\/240092-inicijativa-zastupnice-zumre-begic-zabraniti-rad-porodilistu-u-opcoj-bolnici-dr-mustafa-beganovic-u-gracanici\/","url":"https:\/\/tuzlainfo.ba\/index.php\/novosti\/item\/240092-inicijativa-zastupnice-zumre-begic-zabraniti-rad-porodilistu-u-opcoj-bolnici-dr-mustafa-beganovic-u-gracanici\/","name":"Inicijativa zastupnice Zumre Begi\u0107: Zabraniti rad porodili\u0161tu u Op\u0107oj bolnici \"dr Mustafa Beganovi\u0107\" u Gra\u010danici - TuzlaInfo.ba","isPartOf":{"@id":"https:\/\/tuzlainfo.ba\/#website"},"primaryImageOfPage":{"@id":"https:\/\/tuzlainfo.ba\/index.php\/novosti\/item\/240092-inicijativa-zastupnice-zumre-begic-zabraniti-rad-porodilistu-u-opcoj-bolnici-dr-mustafa-beganovic-u-gracanici\/#primaryimage"},"image":{"@id":"https:\/\/tuzlainfo.ba\/index.php\/novosti\/item\/240092-inicijativa-zastupnice-zumre-begic-zabraniti-rad-porodilistu-u-opcoj-bolnici-dr-mustafa-beganovic-u-gracanici\/#primaryimage"},"thumbnailUrl":"https:\/\/tuzlainfo.ba\/wp-content\/uploads\/2024\/05\/3105_zumra.jpg","datePublished":"2024-05-31T17:56:41+00:00","dateModified":"2024-05-31T13:40:15+00:00","breadcrumb":{"@id":"https:\/\/tuzlainfo.ba\/index.php\/novosti\/item\/240092-inicijativa-zastupnice-zumre-begic-zabraniti-rad-porodilistu-u-opcoj-bolnici-dr-mustafa-beganovic-u-gracanici\/#breadcrumb"},"inLanguage":"bs-BA","potentialAction":[{"@type":"ReadAction","target":["https:\/\/tuzlainfo.ba\/index.php\/novosti\/item\/240092-inicijativa-zastupnice-zumre-begic-zabraniti-rad-porodilistu-u-opcoj-bolnici-dr-mustafa-beganovic-u-gracanici\/"]}]},{"@type":"ImageObject","inLanguage":"bs-BA","@id":"https:\/\/tuzlainfo.ba\/index.php\/novosti\/item\/240092-inicijativa-zastupnice-zumre-begic-zabraniti-rad-porodilistu-u-opcoj-bolnici-dr-mustafa-beganovic-u-gracanici\/#primaryimage","url":"https:\/\/tuzlainfo.ba\/wp-content\/uploads\/2024\/05\/3105_zumra.jpg","contentUrl":"https:\/\/tuzlainfo.ba\/wp-content\/uploads\/2024\/05\/3105_zumra.jpg","width":816,"height":540},{"@type":"BreadcrumbList","@id":"https:\/\/tuzlainfo.ba\/index.php\/novosti\/item\/240092-inicijativa-zastupnice-zumre-begic-zabraniti-rad-porodilistu-u-opcoj-bolnici-dr-mustafa-beganovic-u-gracanici\/#breadcrumb","itemListElement":[{"@type":"ListItem","position":1,"name":"Home","item":"https:\/\/tuzlainfo.ba\/"},{"@type":"ListItem","position":2,"name":"Inicijativa zastupnice Zumre Begi\u0107: Zabraniti rad porodili\u0161tu u Op\u0107oj bolnici &#8220;dr Mustafa Beganovi\u0107&#8221; u Gra\u010danici"}]},{"@type":"WebSite","@id":"https:\/\/tuzlainfo.ba\/#website","url":"https:\/\/tuzlainfo.ba\/","name":"TuzlaInfo.ba","description":"Tuzla info, gradski informator - Tuzla na dlanu","publisher":{"@id":"https:\/\/tuzlainfo.ba\/#organization"},"potentialAction":[{"@type":"SearchAction","target":{"@type":"EntryPoint","urlTemplate":"https:\/\/tuzlainfo.ba\/?s={search_term_string}"},"query-input":{"@type":"PropertyValueSpecification","valueRequired":true,"valueName":"search_term_string"}}],"inLanguage":"bs-BA"},{"@type":"Organization","@id":"https:\/\/tuzlainfo.ba\/#organization","name":"TuzlaInfo.ba","url":"https:\/\/tuzlainfo.ba\/","logo":{"@type":"ImageObject","inLanguage":"bs-BA","@id":"https:\/\/tuzlainfo.ba\/#\/schema\/logo\/image\/","url":"https:\/\/tuzlainfo.ba\/wp-content\/uploads\/2021\/03\/logo-ver-3-1.png","contentUrl":"https:\/\/tuzlainfo.ba\/wp-content\/uploads\/2021\/03\/logo-ver-3-1.png","width":350,"height":95,"caption":"TuzlaInfo.ba"},"image":{"@id":"https:\/\/tuzlainfo.ba\/#\/schema\/logo\/image\/"},"sameAs":["https:\/\/www.facebook.com\/tuzlainfo.ba\/"]},{"@type":"Person","@id":"https:\/\/tuzlainfo.ba\/#\/schema\/person\/f4ebe4fff27e68efb65fa7e18f8af372","name":"admin2","image":{"@type":"ImageObject","inLanguage":"bs-BA","@id":"https:\/\/tuzlainfo.ba\/#\/schema\/person\/image\/","url":"https:\/\/tuzlainfo.ba\/wp-content\/litespeed\/avatar\/8219eeb9a43cff2d096e773737736f62.jpg?ver=1777309398","contentUrl":"https:\/\/tuzlainfo.ba\/wp-content\/litespeed\/avatar\/8219eeb9a43cff2d096e773737736f62.jpg?ver=1777309398","caption":"admin2"},"description":"Tuzlainfo.ba pratite na dru\u0161tvenim mre\u017eama: Facebook, Instagram i Youtube. Svoje pri\u010de, upite i fotografije \u0161aljite na na\u0161u e-mail adresu.","sameAs":["admin"]}]}},"_links":{"self":[{"href":"https:\/\/tuzlainfo.ba\/index.php\/wp-json\/wp\/v2\/posts\/240092"}],"collection":[{"href":"https:\/\/tuzlainfo.ba\/index.php\/wp-json\/wp\/v2\/posts"}],"about":[{"href":"https:\/\/tuzlainfo.ba\/index.php\/wp-json\/wp\/v2\/types\/post"}],"author":[{"embeddable":true,"href":"https:\/\/tuzlainfo.ba\/index.php\/wp-json\/wp\/v2\/users\/3"}],"replies":[{"embeddable":true,"href":"https:\/\/tuzlainfo.ba\/index.php\/wp-json\/wp\/v2\/comments?post=240092"}],"version-history":[{"count":1,"href":"https:\/\/tuzlainfo.ba\/index.php\/wp-json\/wp\/v2\/posts\/240092\/revisions"}],"predecessor-version":[{"id":240095,"href":"https:\/\/tuzlainfo.ba\/index.php\/wp-json\/wp\/v2\/posts\/240092\/revisions\/240095"}],"wp:featuredmedia":[{"embeddable":true,"href":"https:\/\/tuzlainfo.ba\/index.php\/wp-json\/wp\/v2\/media\/240094"}],"wp:attachment":[{"href":"https:\/\/tuzlainfo.ba\/index.php\/wp-json\/wp\/v2\/media?parent=240092"}],"wp:term":[{"taxonomy":"category","embeddable":true,"href":"https:\/\/tuzlainfo.ba\/index.php\/wp-json\/wp\/v2\/categories?post=240092"},{"taxonomy":"post_tag","embeddable":true,"href":"https:\/\/tuzlainfo.ba\/index.php\/wp-json\/wp\/v2\/tags?post=240092"}],"curies":[{"name":"wp","href":"https:\/\/api.w.org\/{rel}","templated":true}]}}