{"id":240048,"date":"2024-05-31T11:19:00","date_gmt":"2024-05-31T09:19:00","guid":{"rendered":"https:\/\/tuzlainfo.ba\/?p=240048"},"modified":"2024-05-31T11:19:00","modified_gmt":"2024-05-31T09:19:00","slug":"nesreca-u-bh-gradu-sestero-djece-povrijedjeno-nakon-pada-s-ringispila","status":"publish","type":"post","link":"https:\/\/tuzlainfo.ba\/index.php\/bosna-i-hercegovina\/item\/240048-nesreca-u-bh-gradu-sestero-djece-povrijedjeno-nakon-pada-s-ringispila\/","title":{"rendered":"Nesre\u0107a u bh. gradu: \u0160estero djece povrije\u0111eno nakon pada s ringi\u0161pila"},"content":{"rendered":"<p>\u0160estero djece povrije\u0111eno je nakon pada s ringi\u0161pila u \u010detvrtak nave\u010der u Ljubu\u0161kom.<\/p>\n<p>U \u010detvrtak oko 20:00 sati iz Doma zdravlja Ljubu\u0161ki je prijavljeno u Policijsku upravu Ljubu\u0161ki da je \u0161estero malodobne djece zadobilo povrede prilikom pada s ringi\u0161pila koji se nalazi u Ulici sestre Silvije Anti\u0107 u blizini Gimnazije. Svi povrije\u0111eni su nakon obrade u Domu zdravlja Ljubu\u0161ki upu\u0107eni u Centar za urgentnu medicinu i hitni prijam SKB-a Mostar.<\/p>\n<p>\u201cNakon pada s ringi\u0161pila u Ljubu\u0161kom, u Centar urgentne medicine Sveu\u010dili\u0161ne klini\u010dke bolnice Mostar dovezeno je sveukupno pet osoba, od kojih su dvije otpu\u0161tene ku\u0107i a tri zadr\u017eane na lije\u010denju. Tri maloljetne osobe zadr\u017eane su na lije\u010denju, a dvije su otpu\u0161tene ku\u0107i. Djevoj\u010dica ro\u0111ena 2008. godine hospitalizirana je na Odjelu za dje\u010dju kirurgiju. Za sada je rije\u010d o lakim tjelesnim ozljedama. Dje\u010dak ro\u0111en 2010. godine zadobio je te\u0161ke tjelesne ozljede koje trenutno nisu opasne po \u017eivot. Hospitaliziran je na Odjelu za dje\u010dju kirurgiju. Tre\u0107a osoba, dje\u010dak ro\u0111en 2010. godine hospitaliziran je na Klinici za neurokirurgiju.\u201d, potvr\u0111eno je za Bljesak.info iz mostarske bolnice.<\/p>\n<p>O doga\u0111aju je obavije\u0161ten e\u017eurni kantonalni tu\u017eilac Tu\u017eila\u0161tva ZHK u \u0160irokom Brijegu. Policijski slu\u017ebenici PU Ljubu\u0161ki poduzet \u0107e daljnje mjere i radnje.<\/p>\n","protected":false},"excerpt":{"rendered":"<p>\u0160estero djece povrije\u0111eno je nakon pada s ringi\u0161pila u \u010detvrtak nave\u010der u Ljubu\u0161kom. U \u010detvrtak&hellip;<\/p>\n","protected":false},"author":3,"featured_media":71645,"comment_status":"closed","ping_status":"closed","sticky":false,"template":"","format":"standard","meta":{"_acf_changed":false,"footnotes":""},"categories":[291],"tags":[3996,9795],"acf":[],"yoast_head":"<!-- This site is optimized with the Yoast SEO plugin v23.5 - https:\/\/yoast.com\/wordpress\/plugins\/seo\/ -->\n<title>Nesre\u0107a u bh. gradu: \u0160estero djece povrije\u0111eno nakon pada s ringi\u0161pila - TuzlaInfo.ba<\/title>\n<meta name=\"robots\" content=\"index, follow, max-snippet:-1, max-image-preview:large, max-video-preview:-1\" \/>\n<link rel=\"canonical\" href=\"https:\/\/tuzlainfo.ba\/index.php\/bosna-i-hercegovina\/item\/240048-nesreca-u-bh-gradu-sestero-djece-povrijedjeno-nakon-pada-s-ringispila\/\" \/>\n<meta property=\"og:locale\" content=\"bs_BA\" \/>\n<meta property=\"og:type\" content=\"article\" \/>\n<meta property=\"og:title\" content=\"Nesre\u0107a u bh. gradu: \u0160estero djece povrije\u0111eno nakon pada s ringi\u0161pila - TuzlaInfo.ba\" \/>\n<meta property=\"og:description\" content=\"\u0160estero djece povrije\u0111eno je nakon pada s ringi\u0161pila u \u010detvrtak nave\u010der u Ljubu\u0161kom. U \u010detvrtak&hellip;\" \/>\n<meta property=\"og:url\" content=\"https:\/\/tuzlainfo.ba\/index.php\/bosna-i-hercegovina\/item\/240048-nesreca-u-bh-gradu-sestero-djece-povrijedjeno-nakon-pada-s-ringispila\/\" \/>\n<meta property=\"og:site_name\" content=\"TuzlaInfo.ba\" \/>\n<meta property=\"article:publisher\" content=\"https:\/\/www.facebook.com\/tuzlainfo.ba\/\" \/>\n<meta property=\"article:published_time\" content=\"2024-05-31T09:19:00+00:00\" \/>\n<meta property=\"og:image\" content=\"https:\/\/tuzlainfo.ba\/wp-content\/uploads\/2019\/07\/sadrzaj_2019_20190701_1207_ringispil.jpg\" \/>\n\t<meta property=\"og:image:width\" content=\"770\" \/>\n\t<meta property=\"og:image:height\" content=\"431\" \/>\n\t<meta property=\"og:image:type\" content=\"image\/jpeg\" \/>\n<meta name=\"author\" content=\"admin2\" \/>\n<meta name=\"twitter:card\" content=\"summary_large_image\" \/>\n<meta name=\"twitter:label1\" content=\"Written by\" \/>\n\t<meta name=\"twitter:data1\" content=\"admin2\" \/>\n\t<meta name=\"twitter:label2\" content=\"Est. reading time\" \/>\n\t<meta name=\"twitter:data2\" content=\"2 minute\" \/>\n<script type=\"application\/ld+json\" class=\"yoast-schema-graph\">{\"@context\":\"https:\/\/schema.org\",\"@graph\":[{\"@type\":\"Article\",\"@id\":\"https:\/\/tuzlainfo.ba\/index.php\/bosna-i-hercegovina\/item\/240048-nesreca-u-bh-gradu-sestero-djece-povrijedjeno-nakon-pada-s-ringispila\/#article\",\"isPartOf\":{\"@id\":\"https:\/\/tuzlainfo.ba\/index.php\/bosna-i-hercegovina\/item\/240048-nesreca-u-bh-gradu-sestero-djece-povrijedjeno-nakon-pada-s-ringispila\/\"},\"author\":{\"name\":\"admin2\",\"@id\":\"https:\/\/tuzlainfo.ba\/#\/schema\/person\/f4ebe4fff27e68efb65fa7e18f8af372\"},\"headline\":\"Nesre\u0107a u bh. gradu: \u0160estero djece povrije\u0111eno nakon pada s ringi\u0161pila\",\"datePublished\":\"2024-05-31T09:19:00+00:00\",\"dateModified\":\"2024-05-31T09:19:00+00:00\",\"mainEntityOfPage\":{\"@id\":\"https:\/\/tuzlainfo.ba\/index.php\/bosna-i-hercegovina\/item\/240048-nesreca-u-bh-gradu-sestero-djece-povrijedjeno-nakon-pada-s-ringispila\/\"},\"wordCount\":247,\"publisher\":{\"@id\":\"https:\/\/tuzlainfo.ba\/#organization\"},\"image\":{\"@id\":\"https:\/\/tuzlainfo.ba\/index.php\/bosna-i-hercegovina\/item\/240048-nesreca-u-bh-gradu-sestero-djece-povrijedjeno-nakon-pada-s-ringispila\/#primaryimage\"},\"thumbnailUrl\":\"https:\/\/tuzlainfo.ba\/wp-content\/uploads\/2019\/07\/sadrzaj_2019_20190701_1207_ringispil.jpg\",\"keywords\":[\"ljubu\u0161ki\",\"ringi\u0161pil\"],\"articleSection\":[\"Bosna i Hercegovina\"],\"inLanguage\":\"bs-BA\"},{\"@type\":\"WebPage\",\"@id\":\"https:\/\/tuzlainfo.ba\/index.php\/bosna-i-hercegovina\/item\/240048-nesreca-u-bh-gradu-sestero-djece-povrijedjeno-nakon-pada-s-ringispila\/\",\"url\":\"https:\/\/tuzlainfo.ba\/index.php\/bosna-i-hercegovina\/item\/240048-nesreca-u-bh-gradu-sestero-djece-povrijedjeno-nakon-pada-s-ringispila\/\",\"name\":\"Nesre\u0107a u bh. gradu: \u0160estero djece povrije\u0111eno nakon pada s ringi\u0161pila - TuzlaInfo.ba\",\"isPartOf\":{\"@id\":\"https:\/\/tuzlainfo.ba\/#website\"},\"primaryImageOfPage\":{\"@id\":\"https:\/\/tuzlainfo.ba\/index.php\/bosna-i-hercegovina\/item\/240048-nesreca-u-bh-gradu-sestero-djece-povrijedjeno-nakon-pada-s-ringispila\/#primaryimage\"},\"image\":{\"@id\":\"https:\/\/tuzlainfo.ba\/index.php\/bosna-i-hercegovina\/item\/240048-nesreca-u-bh-gradu-sestero-djece-povrijedjeno-nakon-pada-s-ringispila\/#primaryimage\"},\"thumbnailUrl\":\"https:\/\/tuzlainfo.ba\/wp-content\/uploads\/2019\/07\/sadrzaj_2019_20190701_1207_ringispil.jpg\",\"datePublished\":\"2024-05-31T09:19:00+00:00\",\"dateModified\":\"2024-05-31T09:19:00+00:00\",\"breadcrumb\":{\"@id\":\"https:\/\/tuzlainfo.ba\/index.php\/bosna-i-hercegovina\/item\/240048-nesreca-u-bh-gradu-sestero-djece-povrijedjeno-nakon-pada-s-ringispila\/#breadcrumb\"},\"inLanguage\":\"bs-BA\",\"potentialAction\":[{\"@type\":\"ReadAction\",\"target\":[\"https:\/\/tuzlainfo.ba\/index.php\/bosna-i-hercegovina\/item\/240048-nesreca-u-bh-gradu-sestero-djece-povrijedjeno-nakon-pada-s-ringispila\/\"]}]},{\"@type\":\"ImageObject\",\"inLanguage\":\"bs-BA\",\"@id\":\"https:\/\/tuzlainfo.ba\/index.php\/bosna-i-hercegovina\/item\/240048-nesreca-u-bh-gradu-sestero-djece-povrijedjeno-nakon-pada-s-ringispila\/#primaryimage\",\"url\":\"https:\/\/tuzlainfo.ba\/wp-content\/uploads\/2019\/07\/sadrzaj_2019_20190701_1207_ringispil.jpg\",\"contentUrl\":\"https:\/\/tuzlainfo.ba\/wp-content\/uploads\/2019\/07\/sadrzaj_2019_20190701_1207_ringispil.jpg\",\"width\":770,\"height\":431,\"caption\":\"1207 ringispil\"},{\"@type\":\"BreadcrumbList\",\"@id\":\"https:\/\/tuzlainfo.ba\/index.php\/bosna-i-hercegovina\/item\/240048-nesreca-u-bh-gradu-sestero-djece-povrijedjeno-nakon-pada-s-ringispila\/#breadcrumb\",\"itemListElement\":[{\"@type\":\"ListItem\",\"position\":1,\"name\":\"Home\",\"item\":\"https:\/\/tuzlainfo.ba\/\"},{\"@type\":\"ListItem\",\"position\":2,\"name\":\"Nesre\u0107a u bh. gradu: \u0160estero djece povrije\u0111eno nakon pada s ringi\u0161pila\"}]},{\"@type\":\"WebSite\",\"@id\":\"https:\/\/tuzlainfo.ba\/#website\",\"url\":\"https:\/\/tuzlainfo.ba\/\",\"name\":\"TuzlaInfo.ba\",\"description\":\"Tuzla info, gradski informator - Tuzla na dlanu\",\"publisher\":{\"@id\":\"https:\/\/tuzlainfo.ba\/#organization\"},\"potentialAction\":[{\"@type\":\"SearchAction\",\"target\":{\"@type\":\"EntryPoint\",\"urlTemplate\":\"https:\/\/tuzlainfo.ba\/?s={search_term_string}\"},\"query-input\":{\"@type\":\"PropertyValueSpecification\",\"valueRequired\":true,\"valueName\":\"search_term_string\"}}],\"inLanguage\":\"bs-BA\"},{\"@type\":\"Organization\",\"@id\":\"https:\/\/tuzlainfo.ba\/#organization\",\"name\":\"TuzlaInfo.ba\",\"url\":\"https:\/\/tuzlainfo.ba\/\",\"logo\":{\"@type\":\"ImageObject\",\"inLanguage\":\"bs-BA\",\"@id\":\"https:\/\/tuzlainfo.ba\/#\/schema\/logo\/image\/\",\"url\":\"https:\/\/tuzlainfo.ba\/wp-content\/uploads\/2021\/03\/logo-ver-3-1.png\",\"contentUrl\":\"https:\/\/tuzlainfo.ba\/wp-content\/uploads\/2021\/03\/logo-ver-3-1.png\",\"width\":350,\"height\":95,\"caption\":\"TuzlaInfo.ba\"},\"image\":{\"@id\":\"https:\/\/tuzlainfo.ba\/#\/schema\/logo\/image\/\"},\"sameAs\":[\"https:\/\/www.facebook.com\/tuzlainfo.ba\/\"]},{\"@type\":\"Person\",\"@id\":\"https:\/\/tuzlainfo.ba\/#\/schema\/person\/f4ebe4fff27e68efb65fa7e18f8af372\",\"name\":\"admin2\",\"image\":{\"@type\":\"ImageObject\",\"inLanguage\":\"bs-BA\",\"@id\":\"https:\/\/tuzlainfo.ba\/#\/schema\/person\/image\/\",\"url\":\"https:\/\/tuzlainfo.ba\/wp-content\/litespeed\/avatar\/8219eeb9a43cff2d096e773737736f62.jpg?ver=1777309398\",\"contentUrl\":\"https:\/\/tuzlainfo.ba\/wp-content\/litespeed\/avatar\/8219eeb9a43cff2d096e773737736f62.jpg?ver=1777309398\",\"caption\":\"admin2\"},\"description\":\"Tuzlainfo.ba pratite na dru\u0161tvenim mre\u017eama: Facebook, Instagram i Youtube. Svoje pri\u010de, upite i fotografije \u0161aljite na na\u0161u e-mail adresu.\",\"sameAs\":[\"admin\"]}]}<\/script>\n<!-- \/ Yoast SEO plugin. -->","yoast_head_json":{"title":"Nesre\u0107a u bh. gradu: \u0160estero djece povrije\u0111eno nakon pada s ringi\u0161pila - TuzlaInfo.ba","robots":{"index":"index","follow":"follow","max-snippet":"max-snippet:-1","max-image-preview":"max-image-preview:large","max-video-preview":"max-video-preview:-1"},"canonical":"https:\/\/tuzlainfo.ba\/index.php\/bosna-i-hercegovina\/item\/240048-nesreca-u-bh-gradu-sestero-djece-povrijedjeno-nakon-pada-s-ringispila\/","og_locale":"bs_BA","og_type":"article","og_title":"Nesre\u0107a u bh. gradu: \u0160estero djece povrije\u0111eno nakon pada s ringi\u0161pila - TuzlaInfo.ba","og_description":"\u0160estero djece povrije\u0111eno je nakon pada s ringi\u0161pila u \u010detvrtak nave\u010der u Ljubu\u0161kom. U \u010detvrtak&hellip;","og_url":"https:\/\/tuzlainfo.ba\/index.php\/bosna-i-hercegovina\/item\/240048-nesreca-u-bh-gradu-sestero-djece-povrijedjeno-nakon-pada-s-ringispila\/","og_site_name":"TuzlaInfo.ba","article_publisher":"https:\/\/www.facebook.com\/tuzlainfo.ba\/","article_published_time":"2024-05-31T09:19:00+00:00","og_image":[{"width":770,"height":431,"url":"https:\/\/tuzlainfo.ba\/wp-content\/uploads\/2019\/07\/sadrzaj_2019_20190701_1207_ringispil.jpg","type":"image\/jpeg"}],"author":"admin2","twitter_card":"summary_large_image","twitter_misc":{"Written by":"admin2","Est. reading time":"2 minute"},"schema":{"@context":"https:\/\/schema.org","@graph":[{"@type":"Article","@id":"https:\/\/tuzlainfo.ba\/index.php\/bosna-i-hercegovina\/item\/240048-nesreca-u-bh-gradu-sestero-djece-povrijedjeno-nakon-pada-s-ringispila\/#article","isPartOf":{"@id":"https:\/\/tuzlainfo.ba\/index.php\/bosna-i-hercegovina\/item\/240048-nesreca-u-bh-gradu-sestero-djece-povrijedjeno-nakon-pada-s-ringispila\/"},"author":{"name":"admin2","@id":"https:\/\/tuzlainfo.ba\/#\/schema\/person\/f4ebe4fff27e68efb65fa7e18f8af372"},"headline":"Nesre\u0107a u bh. gradu: \u0160estero djece povrije\u0111eno nakon pada s ringi\u0161pila","datePublished":"2024-05-31T09:19:00+00:00","dateModified":"2024-05-31T09:19:00+00:00","mainEntityOfPage":{"@id":"https:\/\/tuzlainfo.ba\/index.php\/bosna-i-hercegovina\/item\/240048-nesreca-u-bh-gradu-sestero-djece-povrijedjeno-nakon-pada-s-ringispila\/"},"wordCount":247,"publisher":{"@id":"https:\/\/tuzlainfo.ba\/#organization"},"image":{"@id":"https:\/\/tuzlainfo.ba\/index.php\/bosna-i-hercegovina\/item\/240048-nesreca-u-bh-gradu-sestero-djece-povrijedjeno-nakon-pada-s-ringispila\/#primaryimage"},"thumbnailUrl":"https:\/\/tuzlainfo.ba\/wp-content\/uploads\/2019\/07\/sadrzaj_2019_20190701_1207_ringispil.jpg","keywords":["ljubu\u0161ki","ringi\u0161pil"],"articleSection":["Bosna i Hercegovina"],"inLanguage":"bs-BA"},{"@type":"WebPage","@id":"https:\/\/tuzlainfo.ba\/index.php\/bosna-i-hercegovina\/item\/240048-nesreca-u-bh-gradu-sestero-djece-povrijedjeno-nakon-pada-s-ringispila\/","url":"https:\/\/tuzlainfo.ba\/index.php\/bosna-i-hercegovina\/item\/240048-nesreca-u-bh-gradu-sestero-djece-povrijedjeno-nakon-pada-s-ringispila\/","name":"Nesre\u0107a u bh. gradu: \u0160estero djece povrije\u0111eno nakon pada s ringi\u0161pila - TuzlaInfo.ba","isPartOf":{"@id":"https:\/\/tuzlainfo.ba\/#website"},"primaryImageOfPage":{"@id":"https:\/\/tuzlainfo.ba\/index.php\/bosna-i-hercegovina\/item\/240048-nesreca-u-bh-gradu-sestero-djece-povrijedjeno-nakon-pada-s-ringispila\/#primaryimage"},"image":{"@id":"https:\/\/tuzlainfo.ba\/index.php\/bosna-i-hercegovina\/item\/240048-nesreca-u-bh-gradu-sestero-djece-povrijedjeno-nakon-pada-s-ringispila\/#primaryimage"},"thumbnailUrl":"https:\/\/tuzlainfo.ba\/wp-content\/uploads\/2019\/07\/sadrzaj_2019_20190701_1207_ringispil.jpg","datePublished":"2024-05-31T09:19:00+00:00","dateModified":"2024-05-31T09:19:00+00:00","breadcrumb":{"@id":"https:\/\/tuzlainfo.ba\/index.php\/bosna-i-hercegovina\/item\/240048-nesreca-u-bh-gradu-sestero-djece-povrijedjeno-nakon-pada-s-ringispila\/#breadcrumb"},"inLanguage":"bs-BA","potentialAction":[{"@type":"ReadAction","target":["https:\/\/tuzlainfo.ba\/index.php\/bosna-i-hercegovina\/item\/240048-nesreca-u-bh-gradu-sestero-djece-povrijedjeno-nakon-pada-s-ringispila\/"]}]},{"@type":"ImageObject","inLanguage":"bs-BA","@id":"https:\/\/tuzlainfo.ba\/index.php\/bosna-i-hercegovina\/item\/240048-nesreca-u-bh-gradu-sestero-djece-povrijedjeno-nakon-pada-s-ringispila\/#primaryimage","url":"https:\/\/tuzlainfo.ba\/wp-content\/uploads\/2019\/07\/sadrzaj_2019_20190701_1207_ringispil.jpg","contentUrl":"https:\/\/tuzlainfo.ba\/wp-content\/uploads\/2019\/07\/sadrzaj_2019_20190701_1207_ringispil.jpg","width":770,"height":431,"caption":"1207 ringispil"},{"@type":"BreadcrumbList","@id":"https:\/\/tuzlainfo.ba\/index.php\/bosna-i-hercegovina\/item\/240048-nesreca-u-bh-gradu-sestero-djece-povrijedjeno-nakon-pada-s-ringispila\/#breadcrumb","itemListElement":[{"@type":"ListItem","position":1,"name":"Home","item":"https:\/\/tuzlainfo.ba\/"},{"@type":"ListItem","position":2,"name":"Nesre\u0107a u bh. gradu: \u0160estero djece povrije\u0111eno nakon pada s ringi\u0161pila"}]},{"@type":"WebSite","@id":"https:\/\/tuzlainfo.ba\/#website","url":"https:\/\/tuzlainfo.ba\/","name":"TuzlaInfo.ba","description":"Tuzla info, gradski informator - Tuzla na dlanu","publisher":{"@id":"https:\/\/tuzlainfo.ba\/#organization"},"potentialAction":[{"@type":"SearchAction","target":{"@type":"EntryPoint","urlTemplate":"https:\/\/tuzlainfo.ba\/?s={search_term_string}"},"query-input":{"@type":"PropertyValueSpecification","valueRequired":true,"valueName":"search_term_string"}}],"inLanguage":"bs-BA"},{"@type":"Organization","@id":"https:\/\/tuzlainfo.ba\/#organization","name":"TuzlaInfo.ba","url":"https:\/\/tuzlainfo.ba\/","logo":{"@type":"ImageObject","inLanguage":"bs-BA","@id":"https:\/\/tuzlainfo.ba\/#\/schema\/logo\/image\/","url":"https:\/\/tuzlainfo.ba\/wp-content\/uploads\/2021\/03\/logo-ver-3-1.png","contentUrl":"https:\/\/tuzlainfo.ba\/wp-content\/uploads\/2021\/03\/logo-ver-3-1.png","width":350,"height":95,"caption":"TuzlaInfo.ba"},"image":{"@id":"https:\/\/tuzlainfo.ba\/#\/schema\/logo\/image\/"},"sameAs":["https:\/\/www.facebook.com\/tuzlainfo.ba\/"]},{"@type":"Person","@id":"https:\/\/tuzlainfo.ba\/#\/schema\/person\/f4ebe4fff27e68efb65fa7e18f8af372","name":"admin2","image":{"@type":"ImageObject","inLanguage":"bs-BA","@id":"https:\/\/tuzlainfo.ba\/#\/schema\/person\/image\/","url":"https:\/\/tuzlainfo.ba\/wp-content\/litespeed\/avatar\/8219eeb9a43cff2d096e773737736f62.jpg?ver=1777309398","contentUrl":"https:\/\/tuzlainfo.ba\/wp-content\/litespeed\/avatar\/8219eeb9a43cff2d096e773737736f62.jpg?ver=1777309398","caption":"admin2"},"description":"Tuzlainfo.ba pratite na dru\u0161tvenim mre\u017eama: Facebook, Instagram i Youtube. Svoje pri\u010de, upite i fotografije \u0161aljite na na\u0161u e-mail adresu.","sameAs":["admin"]}]}},"_links":{"self":[{"href":"https:\/\/tuzlainfo.ba\/index.php\/wp-json\/wp\/v2\/posts\/240048"}],"collection":[{"href":"https:\/\/tuzlainfo.ba\/index.php\/wp-json\/wp\/v2\/posts"}],"about":[{"href":"https:\/\/tuzlainfo.ba\/index.php\/wp-json\/wp\/v2\/types\/post"}],"author":[{"embeddable":true,"href":"https:\/\/tuzlainfo.ba\/index.php\/wp-json\/wp\/v2\/users\/3"}],"replies":[{"embeddable":true,"href":"https:\/\/tuzlainfo.ba\/index.php\/wp-json\/wp\/v2\/comments?post=240048"}],"version-history":[{"count":1,"href":"https:\/\/tuzlainfo.ba\/index.php\/wp-json\/wp\/v2\/posts\/240048\/revisions"}],"predecessor-version":[{"id":240049,"href":"https:\/\/tuzlainfo.ba\/index.php\/wp-json\/wp\/v2\/posts\/240048\/revisions\/240049"}],"wp:featuredmedia":[{"embeddable":true,"href":"https:\/\/tuzlainfo.ba\/index.php\/wp-json\/wp\/v2\/media\/71645"}],"wp:attachment":[{"href":"https:\/\/tuzlainfo.ba\/index.php\/wp-json\/wp\/v2\/media?parent=240048"}],"wp:term":[{"taxonomy":"category","embeddable":true,"href":"https:\/\/tuzlainfo.ba\/index.php\/wp-json\/wp\/v2\/categories?post=240048"},{"taxonomy":"post_tag","embeddable":true,"href":"https:\/\/tuzlainfo.ba\/index.php\/wp-json\/wp\/v2\/tags?post=240048"}],"curies":[{"name":"wp","href":"https:\/\/api.w.org\/{rel}","templated":true}]}}