{"id":239675,"date":"2024-05-28T09:04:14","date_gmt":"2024-05-28T07:04:14","guid":{"rendered":"https:\/\/tuzlainfo.ba\/?p=239675"},"modified":"2024-05-28T08:25:28","modified_gmt":"2024-05-28T06:25:28","slug":"monodrama-sa-dva-lica-tri-rijeci-ponovo-na-sceni-bkc-tk-13-juna","status":"publish","type":"post","link":"https:\/\/tuzlainfo.ba\/index.php\/najava-dogadaja-2\/item\/239675-monodrama-sa-dva-lica-tri-rijeci-ponovo-na-sceni-bkc-tk-13-juna\/","title":{"rendered":"Monodrama sa dva lica \u201cTri rije\u010di\u201c ponovo na sceni BKC TK 13. juna"},"content":{"rendered":"<p>Monodrama sa dva lica \u201cTri rije\u010di\u201d, nastala po motivima dvije pripovijetke Antona Pavlovi\u010da \u010cehova, koja je premijerno izvedena u aprilu, na sceni BKC TK ponovo \u0107e se na\u0107i\u00a0<strong>13. juna u 19.30 sati.<\/strong><\/p>\n<p>Mno\u0161tvo emocija kroz monolo\u0161ku formu muzikom i pjesmom u jedinstvenom izvo\u0111a\u010dkom konceptu na scenu \u0107e donijeti Damir Mahmutovi\u0107, magistar umjetnosti, glumac i Elvis Siv\u010devi\u0107, magistar klasi\u010dne gitare.<\/p>\n<p>Kroz dramatur\u0161ku obradu dvije pripovijetke, pripovjeda\u010d u fokus stavlja ljubav i naizmjeni\u010dno i nostalgi\u010dno se vra\u0107a u pro\u0161lost, od one iz dalekog djetinjstva, pa do one bli\u017ee iz zrelije \u017eivotne dobi. Sva osje\u0107anja, koja je nemogu\u0107e re\u0107i, kroz predstvu tra\u017ee da se otpjevaju uz gitaru u trenucima kada to od pripovjeda\u010da zatra\u017ei du\u0161a, \u0161to pri\u010di daje va\u017ean muzi\u010dki element, a predstavi posebnu vol\u0161ebnost.<\/p>\n<p>Upravo to je dio zaokru\u017eenog redateljskog i dramatur\u0161kog koncepta pozori\u0161nog djela sa songovima u kojem su, kroz monolo\u0161ku formu muzikom i pjesmom iskazane sve emocije koje mu\u010de du\u0161u, ali isto tako daju i naro\u010ditu dra\u017e rije\u010dima ljubavi.<\/p>\n<p>Koproducenti predstave su Bosanski kulturni centar TK, Udru\u017eenje Eminent i Centar \u00a0za sport,\u00a0kulturu\u00a0i umjetnost Univerziteta\u00a0u Tuzli. Re\u017eiju i dramaturgiju potpisuje Damir Mahmutovi\u0107, odabir Muzike Elvis Siv\u010devi\u0107 i Damir Mahmutovi\u0107, scenografiju Hari Ejubovi\u0107, kostimografiju i grafi\u010dki dizajn Maja Dedi\u0107, a produkciju Hazim Muj\u010dinovi\u0107.<\/p>\n<p>Predstava \u201cTri rije\u010di\u201d bit \u0107e izvedena izvedena u \u010detvrtak\u00a0<strong>13. juna u 19.30 u BKC TK od 19.30 sati<\/strong>. Karte po cijeni od 15 KM mogu se kupiti\u00a0<a href=\"https:\/\/www.kupikartu.ba\/karte\/event\/6645\/tri-rijei?fbclid=IwZXh0bgNhZW0CMTEAAR1VMGjsFTDm4EZ8gzAcgapzJSYl8jdPS3RMerhj1bNTrf49ZPMtJ45SXGM_aem_AZ0CzgJjpGg2V6a1VrhAZ5SOZYlXWFDOATOxPD5WkgN-UZ6XwDjRckxrToRldxaetpm0uWGlNw7XxOCfFZJxyv1w\"><strong>u sistemu kupikartu.ba<\/strong><\/a>, u Marketing slu\u017ebi BKC TK, CD shopu Mido i CD\u00a0 shopu Sejo i Vili. Informacije na broj telefona 035 311 070, svaki radni dan od 8.00 do 14.00 sati.<\/p>\n","protected":false},"excerpt":{"rendered":"<p>Monodrama sa dva lica \u201cTri rije\u010di\u201d, nastala po motivima dvije pripovijetke Antona Pavlovi\u010da \u010cehova, koja je premijerno izvedena u aprilu, na sceni BKC TK ponovo \u0107e se na\u0107i\u00a013. juna u 19.30 sati. Mno\u0161tvo emocija kroz monolo\u0161ku formu muzikom i pjesmom u jedinstvenom izvo\u0111a\u010dkom konceptu na scenu \u0107e donijeti Damir Mahmutovi\u0107, magistar umjetnosti, glumac i Elvis [&hellip;]<\/p>\n","protected":false},"author":2,"featured_media":239676,"comment_status":"closed","ping_status":"closed","sticky":false,"template":"","format":"standard","meta":{"footnotes":""},"categories":[304,11],"tags":[524,742,10240,7212,3977,9973],"class_list":["post-239675","post","type-post","status-publish","format-standard","has-post-thumbnail","hentry","category-istaknuto","category-najava-dogadaja-2","tag-bkc-tk","tag-bkc-tuzla","tag-damir-mahmutovic","tag-elvis-sivcevic","tag-monodrama","tag-tri-rijeci"],"yoast_head":"<!-- This site is optimized with the Yoast SEO plugin v28.4 - https:\/\/yoast.com\/product\/yoast-seo-wordpress\/ -->\n<title>Monodrama sa dva lica \u201cTri rije\u010di\u201c ponovo na sceni BKC TK 13. juna<\/title>\n<meta name=\"robots\" content=\"index, follow, max-snippet:-1, max-image-preview:large, max-video-preview:-1\" \/>\n<link rel=\"canonical\" href=\"https:\/\/tuzlainfo.ba\/index.php\/najava-dogadaja-2\/item\/239675-monodrama-sa-dva-lica-tri-rijeci-ponovo-na-sceni-bkc-tk-13-juna\/\" \/>\n<meta property=\"og:locale\" content=\"bs_BA\" \/>\n<meta property=\"og:type\" content=\"article\" \/>\n<meta property=\"og:title\" content=\"Monodrama sa dva lica \u201cTri rije\u010di\u201c ponovo na sceni BKC TK 13. juna\" \/>\n<meta property=\"og:description\" content=\"Monodrama sa dva lica \u201cTri rije\u010di\u201d, nastala po motivima dvije pripovijetke Antona Pavlovi\u010da \u010cehova, koja je premijerno izvedena u aprilu, na sceni BKC TK ponovo \u0107e se na\u0107i\u00a013. juna u 19.30 sati. Mno\u0161tvo emocija kroz monolo\u0161ku formu muzikom i pjesmom u jedinstvenom izvo\u0111a\u010dkom konceptu na scenu \u0107e donijeti Damir Mahmutovi\u0107, magistar umjetnosti, glumac i Elvis [&hellip;]\" \/>\n<meta property=\"og:url\" content=\"https:\/\/tuzlainfo.ba\/index.php\/najava-dogadaja-2\/item\/239675-monodrama-sa-dva-lica-tri-rijeci-ponovo-na-sceni-bkc-tk-13-juna\/\" \/>\n<meta property=\"og:site_name\" content=\"TuzlaInfo.ba\" \/>\n<meta property=\"article:publisher\" content=\"https:\/\/www.facebook.com\/tuzlainfo.ba\/\" \/>\n<meta property=\"article:published_time\" content=\"2024-05-28T07:04:14+00:00\" \/>\n<meta property=\"og:image\" content=\"https:\/\/tuzlainfo.ba\/wp-content\/uploads\/2024\/05\/tri_rijeci-8.jpg\" \/>\n\t<meta property=\"og:image:width\" content=\"1440\" \/>\n\t<meta property=\"og:image:height\" content=\"958\" \/>\n\t<meta property=\"og:image:type\" content=\"image\/jpeg\" \/>\n<meta name=\"author\" content=\"nedim\" \/>\n<meta name=\"twitter:card\" content=\"summary_large_image\" \/>\n<meta name=\"twitter:label1\" content=\"Written by\" \/>\n\t<meta name=\"twitter:data1\" content=\"nedim\" \/>\n\t<meta name=\"twitter:label2\" content=\"Est. reading time\" \/>\n\t<meta name=\"twitter:data2\" content=\"2 minute\" \/>\n<script type=\"application\/ld+json\" class=\"yoast-schema-graph\">{\"@context\":\"https:\\\/\\\/schema.org\",\"@graph\":[{\"@type\":\"Article\",\"@id\":\"https:\\\/\\\/tuzlainfo.ba\\\/index.php\\\/najava-dogadaja-2\\\/item\\\/239675-monodrama-sa-dva-lica-tri-rijeci-ponovo-na-sceni-bkc-tk-13-juna\\\/#article\",\"isPartOf\":{\"@id\":\"https:\\\/\\\/tuzlainfo.ba\\\/index.php\\\/najava-dogadaja-2\\\/item\\\/239675-monodrama-sa-dva-lica-tri-rijeci-ponovo-na-sceni-bkc-tk-13-juna\\\/\"},\"author\":{\"name\":\"nedim\",\"@id\":\"https:\\\/\\\/tuzlainfo.ba\\\/#\\\/schema\\\/person\\\/f434e20dc27ea133923aab08451b7f7f\"},\"headline\":\"Monodrama sa dva lica \u201cTri rije\u010di\u201c ponovo na sceni BKC TK 13. juna\",\"datePublished\":\"2024-05-28T07:04:14+00:00\",\"mainEntityOfPage\":{\"@id\":\"https:\\\/\\\/tuzlainfo.ba\\\/index.php\\\/najava-dogadaja-2\\\/item\\\/239675-monodrama-sa-dva-lica-tri-rijeci-ponovo-na-sceni-bkc-tk-13-juna\\\/\"},\"wordCount\":309,\"publisher\":{\"@id\":\"https:\\\/\\\/tuzlainfo.ba\\\/#organization\"},\"image\":{\"@id\":\"https:\\\/\\\/tuzlainfo.ba\\\/index.php\\\/najava-dogadaja-2\\\/item\\\/239675-monodrama-sa-dva-lica-tri-rijeci-ponovo-na-sceni-bkc-tk-13-juna\\\/#primaryimage\"},\"thumbnailUrl\":\"https:\\\/\\\/tuzlainfo.ba\\\/wp-content\\\/uploads\\\/2024\\\/05\\\/tri_rijeci-8.jpg\",\"keywords\":[\"bkc tk\",\"bkc tuzla\",\"damir mahmutovi\u0107\",\"elvis sivcevic\",\"monodrama\",\"tri rije\u010di\"],\"articleSection\":[\"Istaknuto\",\"Najave i doga\u0111aji\"],\"inLanguage\":\"bs-BA\",\"copyrightYear\":\"2024\",\"copyrightHolder\":{\"@id\":\"https:\\\/\\\/tuzlainfo.ba\\\/#organization\"}},{\"@type\":\"WebPage\",\"@id\":\"https:\\\/\\\/tuzlainfo.ba\\\/index.php\\\/najava-dogadaja-2\\\/item\\\/239675-monodrama-sa-dva-lica-tri-rijeci-ponovo-na-sceni-bkc-tk-13-juna\\\/\",\"url\":\"https:\\\/\\\/tuzlainfo.ba\\\/index.php\\\/najava-dogadaja-2\\\/item\\\/239675-monodrama-sa-dva-lica-tri-rijeci-ponovo-na-sceni-bkc-tk-13-juna\\\/\",\"name\":\"Monodrama sa dva lica \u201cTri rije\u010di\u201c ponovo na sceni BKC TK 13. juna\",\"isPartOf\":{\"@id\":\"https:\\\/\\\/tuzlainfo.ba\\\/#website\"},\"primaryImageOfPage\":{\"@id\":\"https:\\\/\\\/tuzlainfo.ba\\\/index.php\\\/najava-dogadaja-2\\\/item\\\/239675-monodrama-sa-dva-lica-tri-rijeci-ponovo-na-sceni-bkc-tk-13-juna\\\/#primaryimage\"},\"image\":{\"@id\":\"https:\\\/\\\/tuzlainfo.ba\\\/index.php\\\/najava-dogadaja-2\\\/item\\\/239675-monodrama-sa-dva-lica-tri-rijeci-ponovo-na-sceni-bkc-tk-13-juna\\\/#primaryimage\"},\"thumbnailUrl\":\"https:\\\/\\\/tuzlainfo.ba\\\/wp-content\\\/uploads\\\/2024\\\/05\\\/tri_rijeci-8.jpg\",\"datePublished\":\"2024-05-28T07:04:14+00:00\",\"breadcrumb\":{\"@id\":\"https:\\\/\\\/tuzlainfo.ba\\\/index.php\\\/najava-dogadaja-2\\\/item\\\/239675-monodrama-sa-dva-lica-tri-rijeci-ponovo-na-sceni-bkc-tk-13-juna\\\/#breadcrumb\"},\"inLanguage\":\"bs-BA\",\"potentialAction\":[{\"@type\":\"ReadAction\",\"target\":[\"https:\\\/\\\/tuzlainfo.ba\\\/index.php\\\/najava-dogadaja-2\\\/item\\\/239675-monodrama-sa-dva-lica-tri-rijeci-ponovo-na-sceni-bkc-tk-13-juna\\\/\"]}]},{\"@type\":\"ImageObject\",\"inLanguage\":\"bs-BA\",\"@id\":\"https:\\\/\\\/tuzlainfo.ba\\\/index.php\\\/najava-dogadaja-2\\\/item\\\/239675-monodrama-sa-dva-lica-tri-rijeci-ponovo-na-sceni-bkc-tk-13-juna\\\/#primaryimage\",\"url\":\"https:\\\/\\\/tuzlainfo.ba\\\/wp-content\\\/uploads\\\/2024\\\/05\\\/tri_rijeci-8.jpg\",\"contentUrl\":\"https:\\\/\\\/tuzlainfo.ba\\\/wp-content\\\/uploads\\\/2024\\\/05\\\/tri_rijeci-8.jpg\",\"width\":1440,\"height\":958},{\"@type\":\"BreadcrumbList\",\"@id\":\"https:\\\/\\\/tuzlainfo.ba\\\/index.php\\\/najava-dogadaja-2\\\/item\\\/239675-monodrama-sa-dva-lica-tri-rijeci-ponovo-na-sceni-bkc-tk-13-juna\\\/#breadcrumb\",\"itemListElement\":[{\"@type\":\"ListItem\",\"position\":1,\"name\":\"Home\",\"item\":\"https:\\\/\\\/tuzlainfo.ba\\\/\"},{\"@type\":\"ListItem\",\"position\":2,\"name\":\"Monodrama sa dva lica \u201cTri rije\u010di\u201c ponovo na sceni BKC TK 13. juna\"}]},{\"@type\":\"WebSite\",\"@id\":\"https:\\\/\\\/tuzlainfo.ba\\\/#website\",\"url\":\"https:\\\/\\\/tuzlainfo.ba\\\/\",\"name\":\"TuzlaInfo.ba\",\"description\":\"Tuzla info, gradski informator - Tuzla na dlanu\",\"publisher\":{\"@id\":\"https:\\\/\\\/tuzlainfo.ba\\\/#organization\"},\"potentialAction\":[{\"@type\":\"SearchAction\",\"target\":{\"@type\":\"EntryPoint\",\"urlTemplate\":\"https:\\\/\\\/tuzlainfo.ba\\\/?s={search_term_string}\"},\"query-input\":{\"@type\":\"PropertyValueSpecification\",\"valueRequired\":true,\"valueName\":\"search_term_string\"}}],\"inLanguage\":\"bs-BA\"},{\"@type\":\"Organization\",\"@id\":\"https:\\\/\\\/tuzlainfo.ba\\\/#organization\",\"name\":\"TuzlaInfo.ba\",\"url\":\"https:\\\/\\\/tuzlainfo.ba\\\/\",\"logo\":{\"@type\":\"ImageObject\",\"inLanguage\":\"bs-BA\",\"@id\":\"https:\\\/\\\/tuzlainfo.ba\\\/#\\\/schema\\\/logo\\\/image\\\/\",\"url\":\"https:\\\/\\\/tuzlainfo.ba\\\/wp-content\\\/uploads\\\/2021\\\/03\\\/logo-ver-3-1.png\",\"contentUrl\":\"https:\\\/\\\/tuzlainfo.ba\\\/wp-content\\\/uploads\\\/2021\\\/03\\\/logo-ver-3-1.png\",\"width\":350,\"height\":95,\"caption\":\"TuzlaInfo.ba\"},\"image\":{\"@id\":\"https:\\\/\\\/tuzlainfo.ba\\\/#\\\/schema\\\/logo\\\/image\\\/\"},\"sameAs\":[\"https:\\\/\\\/www.facebook.com\\\/tuzlainfo.ba\\\/\"]},{\"@type\":\"Person\",\"@id\":\"https:\\\/\\\/tuzlainfo.ba\\\/#\\\/schema\\\/person\\\/f434e20dc27ea133923aab08451b7f7f\",\"name\":\"nedim\",\"image\":{\"@type\":\"ImageObject\",\"inLanguage\":\"bs-BA\",\"@id\":\"https:\\\/\\\/secure.gravatar.com\\\/avatar\\\/5b928a2e7e70a54208d2eb6c1edcb75a5350d6ae97d5f0a701203d456823f6f3?s=96&d=mm&r=g\",\"url\":\"https:\\\/\\\/secure.gravatar.com\\\/avatar\\\/5b928a2e7e70a54208d2eb6c1edcb75a5350d6ae97d5f0a701203d456823f6f3?s=96&d=mm&r=g\",\"contentUrl\":\"https:\\\/\\\/secure.gravatar.com\\\/avatar\\\/5b928a2e7e70a54208d2eb6c1edcb75a5350d6ae97d5f0a701203d456823f6f3?s=96&d=mm&r=g\",\"caption\":\"nedim\"},\"description\":\"Tuzlainfo.ba pratite na dru\u0161tvenim mre\u017eama: Facebook, Instagram i Youtube. Svoje pri\u010de, upite i fotografije \u0161aljite na na\u0161u e-mail adresu.\"}]}<\/script>\n<!-- \/ Yoast SEO plugin. -->","yoast_head_json":{"title":"Monodrama sa dva lica \u201cTri rije\u010di\u201c ponovo na sceni BKC TK 13. juna","robots":{"index":"index","follow":"follow","max-snippet":"max-snippet:-1","max-image-preview":"max-image-preview:large","max-video-preview":"max-video-preview:-1"},"canonical":"https:\/\/tuzlainfo.ba\/index.php\/najava-dogadaja-2\/item\/239675-monodrama-sa-dva-lica-tri-rijeci-ponovo-na-sceni-bkc-tk-13-juna\/","og_locale":"bs_BA","og_type":"article","og_title":"Monodrama sa dva lica \u201cTri rije\u010di\u201c ponovo na sceni BKC TK 13. juna","og_description":"Monodrama sa dva lica \u201cTri rije\u010di\u201d, nastala po motivima dvije pripovijetke Antona Pavlovi\u010da \u010cehova, koja je premijerno izvedena u aprilu, na sceni BKC TK ponovo \u0107e se na\u0107i\u00a013. juna u 19.30 sati. Mno\u0161tvo emocija kroz monolo\u0161ku formu muzikom i pjesmom u jedinstvenom izvo\u0111a\u010dkom konceptu na scenu \u0107e donijeti Damir Mahmutovi\u0107, magistar umjetnosti, glumac i Elvis [&hellip;]","og_url":"https:\/\/tuzlainfo.ba\/index.php\/najava-dogadaja-2\/item\/239675-monodrama-sa-dva-lica-tri-rijeci-ponovo-na-sceni-bkc-tk-13-juna\/","og_site_name":"TuzlaInfo.ba","article_publisher":"https:\/\/www.facebook.com\/tuzlainfo.ba\/","article_published_time":"2024-05-28T07:04:14+00:00","og_image":[{"width":1440,"height":958,"url":"https:\/\/tuzlainfo.ba\/wp-content\/uploads\/2024\/05\/tri_rijeci-8.jpg","type":"image\/jpeg"}],"author":"nedim","twitter_card":"summary_large_image","twitter_misc":{"Written by":"nedim","Est. reading time":"2 minute"},"schema":{"@context":"https:\/\/schema.org","@graph":[{"@type":"Article","@id":"https:\/\/tuzlainfo.ba\/index.php\/najava-dogadaja-2\/item\/239675-monodrama-sa-dva-lica-tri-rijeci-ponovo-na-sceni-bkc-tk-13-juna\/#article","isPartOf":{"@id":"https:\/\/tuzlainfo.ba\/index.php\/najava-dogadaja-2\/item\/239675-monodrama-sa-dva-lica-tri-rijeci-ponovo-na-sceni-bkc-tk-13-juna\/"},"author":{"name":"nedim","@id":"https:\/\/tuzlainfo.ba\/#\/schema\/person\/f434e20dc27ea133923aab08451b7f7f"},"headline":"Monodrama sa dva lica \u201cTri rije\u010di\u201c ponovo na sceni BKC TK 13. juna","datePublished":"2024-05-28T07:04:14+00:00","mainEntityOfPage":{"@id":"https:\/\/tuzlainfo.ba\/index.php\/najava-dogadaja-2\/item\/239675-monodrama-sa-dva-lica-tri-rijeci-ponovo-na-sceni-bkc-tk-13-juna\/"},"wordCount":309,"publisher":{"@id":"https:\/\/tuzlainfo.ba\/#organization"},"image":{"@id":"https:\/\/tuzlainfo.ba\/index.php\/najava-dogadaja-2\/item\/239675-monodrama-sa-dva-lica-tri-rijeci-ponovo-na-sceni-bkc-tk-13-juna\/#primaryimage"},"thumbnailUrl":"https:\/\/tuzlainfo.ba\/wp-content\/uploads\/2024\/05\/tri_rijeci-8.jpg","keywords":["bkc tk","bkc tuzla","damir mahmutovi\u0107","elvis sivcevic","monodrama","tri rije\u010di"],"articleSection":["Istaknuto","Najave i doga\u0111aji"],"inLanguage":"bs-BA","copyrightYear":"2024","copyrightHolder":{"@id":"https:\/\/tuzlainfo.ba\/#organization"}},{"@type":"WebPage","@id":"https:\/\/tuzlainfo.ba\/index.php\/najava-dogadaja-2\/item\/239675-monodrama-sa-dva-lica-tri-rijeci-ponovo-na-sceni-bkc-tk-13-juna\/","url":"https:\/\/tuzlainfo.ba\/index.php\/najava-dogadaja-2\/item\/239675-monodrama-sa-dva-lica-tri-rijeci-ponovo-na-sceni-bkc-tk-13-juna\/","name":"Monodrama sa dva lica \u201cTri rije\u010di\u201c ponovo na sceni BKC TK 13. juna","isPartOf":{"@id":"https:\/\/tuzlainfo.ba\/#website"},"primaryImageOfPage":{"@id":"https:\/\/tuzlainfo.ba\/index.php\/najava-dogadaja-2\/item\/239675-monodrama-sa-dva-lica-tri-rijeci-ponovo-na-sceni-bkc-tk-13-juna\/#primaryimage"},"image":{"@id":"https:\/\/tuzlainfo.ba\/index.php\/najava-dogadaja-2\/item\/239675-monodrama-sa-dva-lica-tri-rijeci-ponovo-na-sceni-bkc-tk-13-juna\/#primaryimage"},"thumbnailUrl":"https:\/\/tuzlainfo.ba\/wp-content\/uploads\/2024\/05\/tri_rijeci-8.jpg","datePublished":"2024-05-28T07:04:14+00:00","breadcrumb":{"@id":"https:\/\/tuzlainfo.ba\/index.php\/najava-dogadaja-2\/item\/239675-monodrama-sa-dva-lica-tri-rijeci-ponovo-na-sceni-bkc-tk-13-juna\/#breadcrumb"},"inLanguage":"bs-BA","potentialAction":[{"@type":"ReadAction","target":["https:\/\/tuzlainfo.ba\/index.php\/najava-dogadaja-2\/item\/239675-monodrama-sa-dva-lica-tri-rijeci-ponovo-na-sceni-bkc-tk-13-juna\/"]}]},{"@type":"ImageObject","inLanguage":"bs-BA","@id":"https:\/\/tuzlainfo.ba\/index.php\/najava-dogadaja-2\/item\/239675-monodrama-sa-dva-lica-tri-rijeci-ponovo-na-sceni-bkc-tk-13-juna\/#primaryimage","url":"https:\/\/tuzlainfo.ba\/wp-content\/uploads\/2024\/05\/tri_rijeci-8.jpg","contentUrl":"https:\/\/tuzlainfo.ba\/wp-content\/uploads\/2024\/05\/tri_rijeci-8.jpg","width":1440,"height":958},{"@type":"BreadcrumbList","@id":"https:\/\/tuzlainfo.ba\/index.php\/najava-dogadaja-2\/item\/239675-monodrama-sa-dva-lica-tri-rijeci-ponovo-na-sceni-bkc-tk-13-juna\/#breadcrumb","itemListElement":[{"@type":"ListItem","position":1,"name":"Home","item":"https:\/\/tuzlainfo.ba\/"},{"@type":"ListItem","position":2,"name":"Monodrama sa dva lica \u201cTri rije\u010di\u201c ponovo na sceni BKC TK 13. juna"}]},{"@type":"WebSite","@id":"https:\/\/tuzlainfo.ba\/#website","url":"https:\/\/tuzlainfo.ba\/","name":"TuzlaInfo.ba","description":"Tuzla info, gradski informator - Tuzla na dlanu","publisher":{"@id":"https:\/\/tuzlainfo.ba\/#organization"},"potentialAction":[{"@type":"SearchAction","target":{"@type":"EntryPoint","urlTemplate":"https:\/\/tuzlainfo.ba\/?s={search_term_string}"},"query-input":{"@type":"PropertyValueSpecification","valueRequired":true,"valueName":"search_term_string"}}],"inLanguage":"bs-BA"},{"@type":"Organization","@id":"https:\/\/tuzlainfo.ba\/#organization","name":"TuzlaInfo.ba","url":"https:\/\/tuzlainfo.ba\/","logo":{"@type":"ImageObject","inLanguage":"bs-BA","@id":"https:\/\/tuzlainfo.ba\/#\/schema\/logo\/image\/","url":"https:\/\/tuzlainfo.ba\/wp-content\/uploads\/2021\/03\/logo-ver-3-1.png","contentUrl":"https:\/\/tuzlainfo.ba\/wp-content\/uploads\/2021\/03\/logo-ver-3-1.png","width":350,"height":95,"caption":"TuzlaInfo.ba"},"image":{"@id":"https:\/\/tuzlainfo.ba\/#\/schema\/logo\/image\/"},"sameAs":["https:\/\/www.facebook.com\/tuzlainfo.ba\/"]},{"@type":"Person","@id":"https:\/\/tuzlainfo.ba\/#\/schema\/person\/f434e20dc27ea133923aab08451b7f7f","name":"nedim","image":{"@type":"ImageObject","inLanguage":"bs-BA","@id":"https:\/\/secure.gravatar.com\/avatar\/5b928a2e7e70a54208d2eb6c1edcb75a5350d6ae97d5f0a701203d456823f6f3?s=96&d=mm&r=g","url":"https:\/\/secure.gravatar.com\/avatar\/5b928a2e7e70a54208d2eb6c1edcb75a5350d6ae97d5f0a701203d456823f6f3?s=96&d=mm&r=g","contentUrl":"https:\/\/secure.gravatar.com\/avatar\/5b928a2e7e70a54208d2eb6c1edcb75a5350d6ae97d5f0a701203d456823f6f3?s=96&d=mm&r=g","caption":"nedim"},"description":"Tuzlainfo.ba pratite na dru\u0161tvenim mre\u017eama: Facebook, Instagram i Youtube. Svoje pri\u010de, upite i fotografije \u0161aljite na na\u0161u e-mail adresu."}]}},"_links":{"self":[{"href":"https:\/\/tuzlainfo.ba\/index.php\/wp-json\/wp\/v2\/posts\/239675","targetHints":{"allow":["GET"]}}],"collection":[{"href":"https:\/\/tuzlainfo.ba\/index.php\/wp-json\/wp\/v2\/posts"}],"about":[{"href":"https:\/\/tuzlainfo.ba\/index.php\/wp-json\/wp\/v2\/types\/post"}],"author":[{"embeddable":true,"href":"https:\/\/tuzlainfo.ba\/index.php\/wp-json\/wp\/v2\/users\/2"}],"replies":[{"embeddable":true,"href":"https:\/\/tuzlainfo.ba\/index.php\/wp-json\/wp\/v2\/comments?post=239675"}],"version-history":[{"count":1,"href":"https:\/\/tuzlainfo.ba\/index.php\/wp-json\/wp\/v2\/posts\/239675\/revisions"}],"predecessor-version":[{"id":239677,"href":"https:\/\/tuzlainfo.ba\/index.php\/wp-json\/wp\/v2\/posts\/239675\/revisions\/239677"}],"wp:featuredmedia":[{"embeddable":true,"href":"https:\/\/tuzlainfo.ba\/index.php\/wp-json\/wp\/v2\/media\/239676"}],"wp:attachment":[{"href":"https:\/\/tuzlainfo.ba\/index.php\/wp-json\/wp\/v2\/media?parent=239675"}],"wp:term":[{"taxonomy":"category","embeddable":true,"href":"https:\/\/tuzlainfo.ba\/index.php\/wp-json\/wp\/v2\/categories?post=239675"},{"taxonomy":"post_tag","embeddable":true,"href":"https:\/\/tuzlainfo.ba\/index.php\/wp-json\/wp\/v2\/tags?post=239675"}],"curies":[{"name":"wp","href":"https:\/\/api.w.org\/{rel}","templated":true}]}}