{"id":239557,"date":"2024-05-26T21:17:15","date_gmt":"2024-05-26T19:17:15","guid":{"rendered":"https:\/\/tuzlainfo.ba\/?p=239557"},"modified":"2024-05-26T21:17:15","modified_gmt":"2024-05-26T19:17:15","slug":"klub-ritmicke-gimnastike-tuzla-na-x-pirueta-kupu-okoncao-uspjesnu-sezonu","status":"publish","type":"post","link":"https:\/\/tuzlainfo.ba\/index.php\/istaknuto\/item\/239557-klub-ritmicke-gimnastike-tuzla-na-x-pirueta-kupu-okoncao-uspjesnu-sezonu\/","title":{"rendered":"Klub ritmi\u010dke gimnastike Tuzla na &#8220;X Pirueta kupu&#8221; okon\u010dao uspje\u0161nu sezonu"},"content":{"rendered":"<p>Klub ritmi\u010dke gimnastike Tuzla ju\u010der je u\u010destvovao\u00a0 na takmi\u010denju u KSC \u201cKakanj\u201d, koje je organizvao KRG \u201cPirueta\u201d, a kojim su zavr\u0161ile jo\u0161 jednu uspje\u0161nu sezonu.<\/p>\n<p>&#8211; Ovog vikenda smo u\u010destvovali na jednom izetno kvalitetno organizovanom i sa mnogo lijepih emocija prijateljskom turniru ritmi\u010dke gimnastike u grupnim i individualnim vje\u017ebama. Uzbudljiva zavr\u0161nica takmi\u010darske sezone u ritmi\u010dkoj gimnastici donijela je niz sjajnih rezultata i nezaboravnih trenutaka. Sa izuzetnom predano\u0161\u0107u i neumornim treningom, gimnasti\u010darke su osvajale srca publike &#8211; istakli su iz KRG Tuzla.<\/p>\n<p>Kako navode iz ovog kluba njihove takmi\u010darke su pokazale izvanrednu spretnost, eleganciju i tehniku.<\/p>\n<p>&#8211; Svaka rutina bila je izvedena s graciozno\u0161\u0107u i precizno\u0161\u0107u, ostavljaju\u0107i publiku bez daha. Kroz naporan rad i posve\u0107enost, na\u0161e gimnasti\u010darke su postigle izvanredne rezultate na nacionalnim i me\u0111unarodnim takmi\u010denjima. Osvojile su brojne medalje, postavljaju\u0107i nove standarde u ritmi\u010dkoj gimnastici &#8211; naveli su.<\/p>\n<p>Osim sportskog uspjeha, takmi\u010darska sezona\u00a0 idonijela je i nezaboravna prijateljstva, timsku podr\u0161ku i zajedni\u0161tvo koje su gimnasti\u010darke dijelile na i van terena.<\/p>\n<div id=\"penci-post-gallery__58414\" class=\"penci-post-gallery-container masonry grid column-3\" data-height=\"150\" data-margin=\"3\"><div class=\"inner-gallery-masonry-container\"><div class=\"item-gallery-masonry grid\"><a class=\"\" href=\"https:\/\/tuzlainfo.ba\/wp-content\/uploads\/2024\/05\/2605_krg-1.jpg\"><div class=\"inner-item-masonry-gallery\"><img decoding=\"async\" src=\"https:\/\/tuzlainfo.ba\/wp-content\/uploads\/2024\/05\/2605_krg-1-585x390.jpg\" alt=\"\" title=\"2605_krg (1)\"><\/div><\/a><\/div><div class=\"item-gallery-masonry grid\"><a class=\"\" href=\"https:\/\/tuzlainfo.ba\/wp-content\/uploads\/2024\/05\/2605_krg-2.jpg\"><div class=\"inner-item-masonry-gallery\"><img decoding=\"async\" src=\"https:\/\/tuzlainfo.ba\/wp-content\/uploads\/2024\/05\/2605_krg-2-585x390.jpg\" alt=\"\" title=\"2605_krg (2)\"><\/div><\/a><\/div><div class=\"item-gallery-masonry grid\"><a class=\"\" href=\"https:\/\/tuzlainfo.ba\/wp-content\/uploads\/2024\/05\/2605_krg-3.jpg\"><div class=\"inner-item-masonry-gallery\"><img decoding=\"async\" src=\"https:\/\/tuzlainfo.ba\/wp-content\/uploads\/2024\/05\/2605_krg-3-585x390.jpg\" alt=\"\" title=\"2605_krg (3)\"><\/div><\/a><\/div><div class=\"item-gallery-masonry grid\"><a class=\"\" href=\"https:\/\/tuzlainfo.ba\/wp-content\/uploads\/2024\/05\/2605_krg-4.jpg\"><div class=\"inner-item-masonry-gallery\"><img decoding=\"async\" src=\"https:\/\/tuzlainfo.ba\/wp-content\/uploads\/2024\/05\/2605_krg-4-585x390.jpg\" alt=\"\" title=\"2605_krg (4)\"><\/div><\/a><\/div><div class=\"item-gallery-masonry grid\"><a class=\"\" href=\"https:\/\/tuzlainfo.ba\/wp-content\/uploads\/2024\/05\/2605_krg-5.jpg\"><div class=\"inner-item-masonry-gallery\"><img decoding=\"async\" src=\"https:\/\/tuzlainfo.ba\/wp-content\/uploads\/2024\/05\/2605_krg-5-585x390.jpg\" alt=\"\" title=\"2605_krg (5)\"><\/div><\/a><\/div><div class=\"item-gallery-masonry grid\"><a class=\"\" href=\"https:\/\/tuzlainfo.ba\/wp-content\/uploads\/2024\/05\/2605_krg-6.jpg\"><div class=\"inner-item-masonry-gallery\"><img decoding=\"async\" src=\"https:\/\/tuzlainfo.ba\/wp-content\/uploads\/2024\/05\/2605_krg-6-585x390.jpg\" alt=\"\" title=\"2605_krg (6)\"><\/div><\/a><\/div><div class=\"item-gallery-masonry grid\"><a class=\"\" href=\"https:\/\/tuzlainfo.ba\/wp-content\/uploads\/2024\/05\/2605_krg-7.jpg\"><div class=\"inner-item-masonry-gallery\"><img decoding=\"async\" src=\"https:\/\/tuzlainfo.ba\/wp-content\/uploads\/2024\/05\/2605_krg-7-585x390.jpg\" alt=\"\" title=\"2605_krg (7)\"><\/div><\/a><\/div><div class=\"item-gallery-masonry grid\"><a class=\"\" href=\"https:\/\/tuzlainfo.ba\/wp-content\/uploads\/2024\/05\/2605_krg-8.jpg\"><div class=\"inner-item-masonry-gallery\"><img decoding=\"async\" src=\"https:\/\/tuzlainfo.ba\/wp-content\/uploads\/2024\/05\/2605_krg-8-585x390.jpg\" alt=\"\" title=\"2605_krg (8)\"><\/div><\/a><\/div><div class=\"item-gallery-masonry grid\"><a class=\"\" href=\"https:\/\/tuzlainfo.ba\/wp-content\/uploads\/2024\/05\/2605_krg-9.jpg\"><div class=\"inner-item-masonry-gallery\"><img decoding=\"async\" src=\"https:\/\/tuzlainfo.ba\/wp-content\/uploads\/2024\/05\/2605_krg-9-585x390.jpg\" alt=\"\" title=\"2605_krg (9)\"><\/div><\/a><\/div><div class=\"item-gallery-masonry grid\"><a class=\"\" href=\"https:\/\/tuzlainfo.ba\/wp-content\/uploads\/2024\/05\/2605_krg-10.jpg\"><div class=\"inner-item-masonry-gallery\"><img decoding=\"async\" src=\"https:\/\/tuzlainfo.ba\/wp-content\/uploads\/2024\/05\/2605_krg-10-585x390.jpg\" alt=\"\" title=\"2605_krg (10)\"><\/div><\/a><\/div><div class=\"item-gallery-masonry grid\"><a class=\"\" href=\"https:\/\/tuzlainfo.ba\/wp-content\/uploads\/2024\/05\/2605_krg-11.jpg\"><div class=\"inner-item-masonry-gallery\"><img decoding=\"async\" src=\"https:\/\/tuzlainfo.ba\/wp-content\/uploads\/2024\/05\/2605_krg-11-585x390.jpg\" alt=\"\" title=\"2605_krg (11)\"><\/div><\/a><\/div><div class=\"item-gallery-masonry grid\"><a class=\"\" href=\"https:\/\/tuzlainfo.ba\/wp-content\/uploads\/2024\/05\/2605_krg-12.jpg\"><div class=\"inner-item-masonry-gallery\"><img decoding=\"async\" src=\"https:\/\/tuzlainfo.ba\/wp-content\/uploads\/2024\/05\/2605_krg-12-585x390.jpg\" alt=\"\" title=\"2605_krg (12)\"><\/div><\/a><\/div><\/div><\/div>\n<p>&#8211; Njihova posve\u0107enost i strast prema sportu inspirirala je mnoge i ostavila trajni pe\u010dat u svijetu ritmi\u010dke gimnastike. Dok se sezona zatvara, ostaje sje\u0107anje na sjajne trenutke, uspone i padove, ali i neprocjenjivo iskustvo koje su na\u0161e takmi\u010darke stekle. S ponosom se osvr\u0107emo na uspje\u0161nu zavr\u0161enu takmi\u010darsku sezonu i radujemo se novim izazovima i dostignu\u0107ima koje donosi budu\u0107nost ritmi\u010dke gimnastike &#8211; istakli su iz ovog kluba.<\/p>\n<p>Na &#8220;X Pirueta kupu&#8221; KRG Tuzla je osvojio 11 zlatnih, 8 srebrenih i 6 bronzanih medalja:<\/p>\n<p><strong>U grupnim koreografijama zlato su osvojile:<\/strong><br \/>\nGRUPNA BABY 1 2018g<br \/>\nLamija Husejnovi\u0107<br \/>\n\u0160ejma Ketanovi\u0107<br \/>\nNadja Joldi\u0107<br \/>\nAjla Zoni\u0107<br \/>\nGRUPNA TRIO ZOO 2016g<br \/>\nAjla Jukan<br \/>\nAjla Zoni\u0107<br \/>\nAmna Tur\u010dinovi\u0107<\/p>\n<p>GRUPNA EGO 2015g<br \/>\nDorotea \u017depi\u0107<br \/>\nAndrea \u017divanovi\u0107<br \/>\nMia Muji\u0107<br \/>\nSara D\u017eambi\u0107<br \/>\nGRUPNA 2015g<br \/>\nDala Halilbegovi\u0107<br \/>\nAmina Marho\u0161evi\u0107<br \/>\nDania Altumbabi\u0107<br \/>\nDeana Markovi\u0107a<br \/>\nLana Zubovi\u0107<br \/>\nStefani Pojer<br \/>\nGRUPNA OBRU\u010c 2015g<br \/>\nMaja D\u017eambi\u0107<br \/>\nNed\u017ela Kuni\u0107<br \/>\nDalila \u0160ehi\u0107<br \/>\nAlejna \u0110ug<\/p>\n<p><strong>U individualnim takmi\u010denjima medalje su osvojile:<\/strong><\/p>\n<p>2015g<br \/>\nMaja D\u017eambi\u0107 1 MJESTO<br \/>\nAjla Poljakovic 3 MJESTO<br \/>\nIris A\u0161\u010di\u0107 2 MJESTO<br \/>\nAlejna \u0110ug 3 MJESTO<br \/>\nNejla Salihovi\u0107 3 MJESTO<br \/>\nNed\u017ela Kuni\u0107 2 MJESTO<br \/>\nDalila \u0160ehi\u0107 1 MJESTO<\/p>\n<p>2014g<br \/>\nEma Uvali\u0107 lopta 1 MJESTO<br \/>\nNadja Hrusti\u0107 vija\u010da 1 MJESTO<\/p>\n<p>2013g<br \/>\nAsja Poljakovic 3 MJESTO<br \/>\nAsja Grada\u0161\u0107evi\u0107 Obru\u010d 1 MJESTO<br \/>\nAsja Salkanovi\u0107 lopta 1 MJESTO<br \/>\nElma Kani\u0107 lopta 1 MJESTO<\/p>\n<p>2011<br \/>\nLamija \u0160ehi\u0107 Obru\u010d 1 MJESTO<br \/>\nIman Mezetovic obru\u010d 2 MJESTO<br \/>\nLejla Beha lopta 1 MJESTO<br \/>\nNejla Konjic lopta 1 MJESTO<\/p>\n<p>2017g<br \/>\nMia Muji\u0107 2 MJESTO<br \/>\nAjla Zoni\u0107 2 MJESTO<br \/>\nUna Salkanovic 3 MJESTO<\/p>\n<p>2016g<br \/>\nLejla Kani\u0107 2 MJESTO<br \/>\nAmna Tur\u010dinovi\u0107 1 MJESTO<br \/>\nDorotea \u017depi\u0107 3 MJESTO<br \/>\nAjla Jukan 2 MJESTO<\/p>\n<p>TRENERICE KLUBA: Ema Kasupovi\u0107, Meliha Husanovi\u0107, Edita Grada\u0161\u0107evi\u0107<\/p>\n","protected":false},"excerpt":{"rendered":"<p>Klub ritmi\u010dke gimnastike Tuzla ju\u010der je u\u010destvovao\u00a0 na takmi\u010denju u KSC \u201cKakanj\u201d, koje je organizvao&hellip;<\/p>\n","protected":false},"author":2,"featured_media":239558,"comment_status":"closed","ping_status":"closed","sticky":false,"template":"","format":"standard","meta":{"_acf_changed":false,"footnotes":""},"categories":[304,12],"tags":[3641,915],"acf":[],"yoast_head":"<!-- This site is optimized with the Yoast SEO plugin v23.5 - https:\/\/yoast.com\/wordpress\/plugins\/seo\/ -->\n<title>Klub ritmi\u010dke gimnastike Tuzla na &quot;X Pirueta kupu&quot; okon\u010dao uspje\u0161nu sezonu - TuzlaInfo.ba<\/title>\n<meta name=\"robots\" content=\"index, follow, max-snippet:-1, max-image-preview:large, max-video-preview:-1\" \/>\n<link rel=\"canonical\" href=\"https:\/\/tuzlainfo.ba\/index.php\/istaknuto\/item\/239557-klub-ritmicke-gimnastike-tuzla-na-x-pirueta-kupu-okoncao-uspjesnu-sezonu\/\" \/>\n<meta property=\"og:locale\" content=\"bs_BA\" \/>\n<meta property=\"og:type\" content=\"article\" \/>\n<meta property=\"og:title\" content=\"Klub ritmi\u010dke gimnastike Tuzla na &quot;X Pirueta kupu&quot; okon\u010dao uspje\u0161nu sezonu - TuzlaInfo.ba\" \/>\n<meta property=\"og:description\" content=\"Klub ritmi\u010dke gimnastike Tuzla ju\u010der je u\u010destvovao\u00a0 na takmi\u010denju u KSC \u201cKakanj\u201d, koje je organizvao&hellip;\" \/>\n<meta property=\"og:url\" content=\"https:\/\/tuzlainfo.ba\/index.php\/istaknuto\/item\/239557-klub-ritmicke-gimnastike-tuzla-na-x-pirueta-kupu-okoncao-uspjesnu-sezonu\/\" \/>\n<meta property=\"og:site_name\" content=\"TuzlaInfo.ba\" \/>\n<meta property=\"article:publisher\" content=\"https:\/\/www.facebook.com\/tuzlainfo.ba\/\" \/>\n<meta property=\"article:published_time\" content=\"2024-05-26T19:17:15+00:00\" \/>\n<meta property=\"og:image\" content=\"https:\/\/tuzlainfo.ba\/wp-content\/uploads\/2024\/05\/2605_krg_nasl.jpg\" \/>\n\t<meta property=\"og:image:width\" content=\"898\" \/>\n\t<meta property=\"og:image:height\" content=\"721\" \/>\n\t<meta property=\"og:image:type\" content=\"image\/jpeg\" \/>\n<meta name=\"author\" content=\"nedim\" \/>\n<meta name=\"twitter:card\" content=\"summary_large_image\" \/>\n<meta name=\"twitter:label1\" content=\"Written by\" \/>\n\t<meta name=\"twitter:data1\" content=\"nedim\" \/>\n\t<meta name=\"twitter:label2\" content=\"Est. reading time\" \/>\n\t<meta name=\"twitter:data2\" content=\"3 minute\" \/>\n<script type=\"application\/ld+json\" class=\"yoast-schema-graph\">{\"@context\":\"https:\/\/schema.org\",\"@graph\":[{\"@type\":\"Article\",\"@id\":\"https:\/\/tuzlainfo.ba\/index.php\/istaknuto\/item\/239557-klub-ritmicke-gimnastike-tuzla-na-x-pirueta-kupu-okoncao-uspjesnu-sezonu\/#article\",\"isPartOf\":{\"@id\":\"https:\/\/tuzlainfo.ba\/index.php\/istaknuto\/item\/239557-klub-ritmicke-gimnastike-tuzla-na-x-pirueta-kupu-okoncao-uspjesnu-sezonu\/\"},\"author\":{\"name\":\"nedim\",\"@id\":\"https:\/\/tuzlainfo.ba\/#\/schema\/person\/f434e20dc27ea133923aab08451b7f7f\"},\"headline\":\"Klub ritmi\u010dke gimnastike Tuzla na &#8220;X Pirueta kupu&#8221; okon\u010dao uspje\u0161nu sezonu\",\"datePublished\":\"2024-05-26T19:17:15+00:00\",\"dateModified\":\"2024-05-26T19:17:15+00:00\",\"mainEntityOfPage\":{\"@id\":\"https:\/\/tuzlainfo.ba\/index.php\/istaknuto\/item\/239557-klub-ritmicke-gimnastike-tuzla-na-x-pirueta-kupu-okoncao-uspjesnu-sezonu\/\"},\"wordCount\":477,\"publisher\":{\"@id\":\"https:\/\/tuzlainfo.ba\/#organization\"},\"image\":{\"@id\":\"https:\/\/tuzlainfo.ba\/index.php\/istaknuto\/item\/239557-klub-ritmicke-gimnastike-tuzla-na-x-pirueta-kupu-okoncao-uspjesnu-sezonu\/#primaryimage\"},\"thumbnailUrl\":\"https:\/\/tuzlainfo.ba\/wp-content\/uploads\/2024\/05\/2605_krg_nasl.jpg\",\"keywords\":[\"KRG Tuzla\",\"sport\"],\"articleSection\":[\"Istaknuto\",\"Novosti\"],\"inLanguage\":\"bs-BA\"},{\"@type\":\"WebPage\",\"@id\":\"https:\/\/tuzlainfo.ba\/index.php\/istaknuto\/item\/239557-klub-ritmicke-gimnastike-tuzla-na-x-pirueta-kupu-okoncao-uspjesnu-sezonu\/\",\"url\":\"https:\/\/tuzlainfo.ba\/index.php\/istaknuto\/item\/239557-klub-ritmicke-gimnastike-tuzla-na-x-pirueta-kupu-okoncao-uspjesnu-sezonu\/\",\"name\":\"Klub ritmi\u010dke gimnastike Tuzla na \\\"X Pirueta kupu\\\" okon\u010dao uspje\u0161nu sezonu - TuzlaInfo.ba\",\"isPartOf\":{\"@id\":\"https:\/\/tuzlainfo.ba\/#website\"},\"primaryImageOfPage\":{\"@id\":\"https:\/\/tuzlainfo.ba\/index.php\/istaknuto\/item\/239557-klub-ritmicke-gimnastike-tuzla-na-x-pirueta-kupu-okoncao-uspjesnu-sezonu\/#primaryimage\"},\"image\":{\"@id\":\"https:\/\/tuzlainfo.ba\/index.php\/istaknuto\/item\/239557-klub-ritmicke-gimnastike-tuzla-na-x-pirueta-kupu-okoncao-uspjesnu-sezonu\/#primaryimage\"},\"thumbnailUrl\":\"https:\/\/tuzlainfo.ba\/wp-content\/uploads\/2024\/05\/2605_krg_nasl.jpg\",\"datePublished\":\"2024-05-26T19:17:15+00:00\",\"dateModified\":\"2024-05-26T19:17:15+00:00\",\"breadcrumb\":{\"@id\":\"https:\/\/tuzlainfo.ba\/index.php\/istaknuto\/item\/239557-klub-ritmicke-gimnastike-tuzla-na-x-pirueta-kupu-okoncao-uspjesnu-sezonu\/#breadcrumb\"},\"inLanguage\":\"bs-BA\",\"potentialAction\":[{\"@type\":\"ReadAction\",\"target\":[\"https:\/\/tuzlainfo.ba\/index.php\/istaknuto\/item\/239557-klub-ritmicke-gimnastike-tuzla-na-x-pirueta-kupu-okoncao-uspjesnu-sezonu\/\"]}]},{\"@type\":\"ImageObject\",\"inLanguage\":\"bs-BA\",\"@id\":\"https:\/\/tuzlainfo.ba\/index.php\/istaknuto\/item\/239557-klub-ritmicke-gimnastike-tuzla-na-x-pirueta-kupu-okoncao-uspjesnu-sezonu\/#primaryimage\",\"url\":\"https:\/\/tuzlainfo.ba\/wp-content\/uploads\/2024\/05\/2605_krg_nasl.jpg\",\"contentUrl\":\"https:\/\/tuzlainfo.ba\/wp-content\/uploads\/2024\/05\/2605_krg_nasl.jpg\",\"width\":898,\"height\":721},{\"@type\":\"BreadcrumbList\",\"@id\":\"https:\/\/tuzlainfo.ba\/index.php\/istaknuto\/item\/239557-klub-ritmicke-gimnastike-tuzla-na-x-pirueta-kupu-okoncao-uspjesnu-sezonu\/#breadcrumb\",\"itemListElement\":[{\"@type\":\"ListItem\",\"position\":1,\"name\":\"Home\",\"item\":\"https:\/\/tuzlainfo.ba\/\"},{\"@type\":\"ListItem\",\"position\":2,\"name\":\"Klub ritmi\u010dke gimnastike Tuzla na &#8220;X Pirueta kupu&#8221; okon\u010dao uspje\u0161nu sezonu\"}]},{\"@type\":\"WebSite\",\"@id\":\"https:\/\/tuzlainfo.ba\/#website\",\"url\":\"https:\/\/tuzlainfo.ba\/\",\"name\":\"TuzlaInfo.ba\",\"description\":\"Tuzla info, gradski informator - Tuzla na dlanu\",\"publisher\":{\"@id\":\"https:\/\/tuzlainfo.ba\/#organization\"},\"potentialAction\":[{\"@type\":\"SearchAction\",\"target\":{\"@type\":\"EntryPoint\",\"urlTemplate\":\"https:\/\/tuzlainfo.ba\/?s={search_term_string}\"},\"query-input\":{\"@type\":\"PropertyValueSpecification\",\"valueRequired\":true,\"valueName\":\"search_term_string\"}}],\"inLanguage\":\"bs-BA\"},{\"@type\":\"Organization\",\"@id\":\"https:\/\/tuzlainfo.ba\/#organization\",\"name\":\"TuzlaInfo.ba\",\"url\":\"https:\/\/tuzlainfo.ba\/\",\"logo\":{\"@type\":\"ImageObject\",\"inLanguage\":\"bs-BA\",\"@id\":\"https:\/\/tuzlainfo.ba\/#\/schema\/logo\/image\/\",\"url\":\"https:\/\/tuzlainfo.ba\/wp-content\/uploads\/2021\/03\/logo-ver-3-1.png\",\"contentUrl\":\"https:\/\/tuzlainfo.ba\/wp-content\/uploads\/2021\/03\/logo-ver-3-1.png\",\"width\":350,\"height\":95,\"caption\":\"TuzlaInfo.ba\"},\"image\":{\"@id\":\"https:\/\/tuzlainfo.ba\/#\/schema\/logo\/image\/\"},\"sameAs\":[\"https:\/\/www.facebook.com\/tuzlainfo.ba\/\"]},{\"@type\":\"Person\",\"@id\":\"https:\/\/tuzlainfo.ba\/#\/schema\/person\/f434e20dc27ea133923aab08451b7f7f\",\"name\":\"nedim\",\"image\":{\"@type\":\"ImageObject\",\"inLanguage\":\"bs-BA\",\"@id\":\"https:\/\/tuzlainfo.ba\/#\/schema\/person\/image\/\",\"url\":\"https:\/\/tuzlainfo.ba\/wp-content\/litespeed\/avatar\/aabad687af24844af817603ac1cbdc4f.jpg?ver=1777306975\",\"contentUrl\":\"https:\/\/tuzlainfo.ba\/wp-content\/litespeed\/avatar\/aabad687af24844af817603ac1cbdc4f.jpg?ver=1777306975\",\"caption\":\"nedim\"},\"description\":\"Tuzlainfo.ba pratite na dru\u0161tvenim mre\u017eama: Facebook, Instagram i Youtube. Svoje pri\u010de, upite i fotografije \u0161aljite na na\u0161u e-mail adresu.\"}]}<\/script>\n<!-- \/ Yoast SEO plugin. -->","yoast_head_json":{"title":"Klub ritmi\u010dke gimnastike Tuzla na \"X Pirueta kupu\" okon\u010dao uspje\u0161nu sezonu - TuzlaInfo.ba","robots":{"index":"index","follow":"follow","max-snippet":"max-snippet:-1","max-image-preview":"max-image-preview:large","max-video-preview":"max-video-preview:-1"},"canonical":"https:\/\/tuzlainfo.ba\/index.php\/istaknuto\/item\/239557-klub-ritmicke-gimnastike-tuzla-na-x-pirueta-kupu-okoncao-uspjesnu-sezonu\/","og_locale":"bs_BA","og_type":"article","og_title":"Klub ritmi\u010dke gimnastike Tuzla na \"X Pirueta kupu\" okon\u010dao uspje\u0161nu sezonu - TuzlaInfo.ba","og_description":"Klub ritmi\u010dke gimnastike Tuzla ju\u010der je u\u010destvovao\u00a0 na takmi\u010denju u KSC \u201cKakanj\u201d, koje je organizvao&hellip;","og_url":"https:\/\/tuzlainfo.ba\/index.php\/istaknuto\/item\/239557-klub-ritmicke-gimnastike-tuzla-na-x-pirueta-kupu-okoncao-uspjesnu-sezonu\/","og_site_name":"TuzlaInfo.ba","article_publisher":"https:\/\/www.facebook.com\/tuzlainfo.ba\/","article_published_time":"2024-05-26T19:17:15+00:00","og_image":[{"width":898,"height":721,"url":"https:\/\/tuzlainfo.ba\/wp-content\/uploads\/2024\/05\/2605_krg_nasl.jpg","type":"image\/jpeg"}],"author":"nedim","twitter_card":"summary_large_image","twitter_misc":{"Written by":"nedim","Est. reading time":"3 minute"},"schema":{"@context":"https:\/\/schema.org","@graph":[{"@type":"Article","@id":"https:\/\/tuzlainfo.ba\/index.php\/istaknuto\/item\/239557-klub-ritmicke-gimnastike-tuzla-na-x-pirueta-kupu-okoncao-uspjesnu-sezonu\/#article","isPartOf":{"@id":"https:\/\/tuzlainfo.ba\/index.php\/istaknuto\/item\/239557-klub-ritmicke-gimnastike-tuzla-na-x-pirueta-kupu-okoncao-uspjesnu-sezonu\/"},"author":{"name":"nedim","@id":"https:\/\/tuzlainfo.ba\/#\/schema\/person\/f434e20dc27ea133923aab08451b7f7f"},"headline":"Klub ritmi\u010dke gimnastike Tuzla na &#8220;X Pirueta kupu&#8221; okon\u010dao uspje\u0161nu sezonu","datePublished":"2024-05-26T19:17:15+00:00","dateModified":"2024-05-26T19:17:15+00:00","mainEntityOfPage":{"@id":"https:\/\/tuzlainfo.ba\/index.php\/istaknuto\/item\/239557-klub-ritmicke-gimnastike-tuzla-na-x-pirueta-kupu-okoncao-uspjesnu-sezonu\/"},"wordCount":477,"publisher":{"@id":"https:\/\/tuzlainfo.ba\/#organization"},"image":{"@id":"https:\/\/tuzlainfo.ba\/index.php\/istaknuto\/item\/239557-klub-ritmicke-gimnastike-tuzla-na-x-pirueta-kupu-okoncao-uspjesnu-sezonu\/#primaryimage"},"thumbnailUrl":"https:\/\/tuzlainfo.ba\/wp-content\/uploads\/2024\/05\/2605_krg_nasl.jpg","keywords":["KRG Tuzla","sport"],"articleSection":["Istaknuto","Novosti"],"inLanguage":"bs-BA"},{"@type":"WebPage","@id":"https:\/\/tuzlainfo.ba\/index.php\/istaknuto\/item\/239557-klub-ritmicke-gimnastike-tuzla-na-x-pirueta-kupu-okoncao-uspjesnu-sezonu\/","url":"https:\/\/tuzlainfo.ba\/index.php\/istaknuto\/item\/239557-klub-ritmicke-gimnastike-tuzla-na-x-pirueta-kupu-okoncao-uspjesnu-sezonu\/","name":"Klub ritmi\u010dke gimnastike Tuzla na \"X Pirueta kupu\" okon\u010dao uspje\u0161nu sezonu - TuzlaInfo.ba","isPartOf":{"@id":"https:\/\/tuzlainfo.ba\/#website"},"primaryImageOfPage":{"@id":"https:\/\/tuzlainfo.ba\/index.php\/istaknuto\/item\/239557-klub-ritmicke-gimnastike-tuzla-na-x-pirueta-kupu-okoncao-uspjesnu-sezonu\/#primaryimage"},"image":{"@id":"https:\/\/tuzlainfo.ba\/index.php\/istaknuto\/item\/239557-klub-ritmicke-gimnastike-tuzla-na-x-pirueta-kupu-okoncao-uspjesnu-sezonu\/#primaryimage"},"thumbnailUrl":"https:\/\/tuzlainfo.ba\/wp-content\/uploads\/2024\/05\/2605_krg_nasl.jpg","datePublished":"2024-05-26T19:17:15+00:00","dateModified":"2024-05-26T19:17:15+00:00","breadcrumb":{"@id":"https:\/\/tuzlainfo.ba\/index.php\/istaknuto\/item\/239557-klub-ritmicke-gimnastike-tuzla-na-x-pirueta-kupu-okoncao-uspjesnu-sezonu\/#breadcrumb"},"inLanguage":"bs-BA","potentialAction":[{"@type":"ReadAction","target":["https:\/\/tuzlainfo.ba\/index.php\/istaknuto\/item\/239557-klub-ritmicke-gimnastike-tuzla-na-x-pirueta-kupu-okoncao-uspjesnu-sezonu\/"]}]},{"@type":"ImageObject","inLanguage":"bs-BA","@id":"https:\/\/tuzlainfo.ba\/index.php\/istaknuto\/item\/239557-klub-ritmicke-gimnastike-tuzla-na-x-pirueta-kupu-okoncao-uspjesnu-sezonu\/#primaryimage","url":"https:\/\/tuzlainfo.ba\/wp-content\/uploads\/2024\/05\/2605_krg_nasl.jpg","contentUrl":"https:\/\/tuzlainfo.ba\/wp-content\/uploads\/2024\/05\/2605_krg_nasl.jpg","width":898,"height":721},{"@type":"BreadcrumbList","@id":"https:\/\/tuzlainfo.ba\/index.php\/istaknuto\/item\/239557-klub-ritmicke-gimnastike-tuzla-na-x-pirueta-kupu-okoncao-uspjesnu-sezonu\/#breadcrumb","itemListElement":[{"@type":"ListItem","position":1,"name":"Home","item":"https:\/\/tuzlainfo.ba\/"},{"@type":"ListItem","position":2,"name":"Klub ritmi\u010dke gimnastike Tuzla na &#8220;X Pirueta kupu&#8221; okon\u010dao uspje\u0161nu sezonu"}]},{"@type":"WebSite","@id":"https:\/\/tuzlainfo.ba\/#website","url":"https:\/\/tuzlainfo.ba\/","name":"TuzlaInfo.ba","description":"Tuzla info, gradski informator - Tuzla na dlanu","publisher":{"@id":"https:\/\/tuzlainfo.ba\/#organization"},"potentialAction":[{"@type":"SearchAction","target":{"@type":"EntryPoint","urlTemplate":"https:\/\/tuzlainfo.ba\/?s={search_term_string}"},"query-input":{"@type":"PropertyValueSpecification","valueRequired":true,"valueName":"search_term_string"}}],"inLanguage":"bs-BA"},{"@type":"Organization","@id":"https:\/\/tuzlainfo.ba\/#organization","name":"TuzlaInfo.ba","url":"https:\/\/tuzlainfo.ba\/","logo":{"@type":"ImageObject","inLanguage":"bs-BA","@id":"https:\/\/tuzlainfo.ba\/#\/schema\/logo\/image\/","url":"https:\/\/tuzlainfo.ba\/wp-content\/uploads\/2021\/03\/logo-ver-3-1.png","contentUrl":"https:\/\/tuzlainfo.ba\/wp-content\/uploads\/2021\/03\/logo-ver-3-1.png","width":350,"height":95,"caption":"TuzlaInfo.ba"},"image":{"@id":"https:\/\/tuzlainfo.ba\/#\/schema\/logo\/image\/"},"sameAs":["https:\/\/www.facebook.com\/tuzlainfo.ba\/"]},{"@type":"Person","@id":"https:\/\/tuzlainfo.ba\/#\/schema\/person\/f434e20dc27ea133923aab08451b7f7f","name":"nedim","image":{"@type":"ImageObject","inLanguage":"bs-BA","@id":"https:\/\/tuzlainfo.ba\/#\/schema\/person\/image\/","url":"https:\/\/tuzlainfo.ba\/wp-content\/litespeed\/avatar\/aabad687af24844af817603ac1cbdc4f.jpg?ver=1777306975","contentUrl":"https:\/\/tuzlainfo.ba\/wp-content\/litespeed\/avatar\/aabad687af24844af817603ac1cbdc4f.jpg?ver=1777306975","caption":"nedim"},"description":"Tuzlainfo.ba pratite na dru\u0161tvenim mre\u017eama: Facebook, Instagram i Youtube. Svoje pri\u010de, upite i fotografije \u0161aljite na na\u0161u e-mail adresu."}]}},"_links":{"self":[{"href":"https:\/\/tuzlainfo.ba\/index.php\/wp-json\/wp\/v2\/posts\/239557"}],"collection":[{"href":"https:\/\/tuzlainfo.ba\/index.php\/wp-json\/wp\/v2\/posts"}],"about":[{"href":"https:\/\/tuzlainfo.ba\/index.php\/wp-json\/wp\/v2\/types\/post"}],"author":[{"embeddable":true,"href":"https:\/\/tuzlainfo.ba\/index.php\/wp-json\/wp\/v2\/users\/2"}],"replies":[{"embeddable":true,"href":"https:\/\/tuzlainfo.ba\/index.php\/wp-json\/wp\/v2\/comments?post=239557"}],"version-history":[{"count":1,"href":"https:\/\/tuzlainfo.ba\/index.php\/wp-json\/wp\/v2\/posts\/239557\/revisions"}],"predecessor-version":[{"id":239571,"href":"https:\/\/tuzlainfo.ba\/index.php\/wp-json\/wp\/v2\/posts\/239557\/revisions\/239571"}],"wp:featuredmedia":[{"embeddable":true,"href":"https:\/\/tuzlainfo.ba\/index.php\/wp-json\/wp\/v2\/media\/239558"}],"wp:attachment":[{"href":"https:\/\/tuzlainfo.ba\/index.php\/wp-json\/wp\/v2\/media?parent=239557"}],"wp:term":[{"taxonomy":"category","embeddable":true,"href":"https:\/\/tuzlainfo.ba\/index.php\/wp-json\/wp\/v2\/categories?post=239557"},{"taxonomy":"post_tag","embeddable":true,"href":"https:\/\/tuzlainfo.ba\/index.php\/wp-json\/wp\/v2\/tags?post=239557"}],"curies":[{"name":"wp","href":"https:\/\/api.w.org\/{rel}","templated":true}]}}