{"id":239280,"date":"2024-05-23T17:31:29","date_gmt":"2024-05-23T15:31:29","guid":{"rendered":"https:\/\/tuzlainfo.ba\/?p=239280"},"modified":"2024-05-23T16:12:15","modified_gmt":"2024-05-23T14:12:15","slug":"davor-dragicevic-predao-kandidaturu-za-gradonacelnika-banje-luke-logican-nastavak-moje-borbe","status":"publish","type":"post","link":"https:\/\/tuzlainfo.ba\/index.php\/bosna-i-hercegovina\/item\/239280-davor-dragicevic-predao-kandidaturu-za-gradonacelnika-banje-luke-logican-nastavak-moje-borbe\/","title":{"rendered":"Davor Dragi\u010devi\u0107 predao kandidaturu za gradona\u010delnika Banje Luke: \u201cLogi\u010dan nastavak moje borbe\u201d"},"content":{"rendered":"<p>Davor Dragi\u010devi\u0107 je u \u010detvrtak, 23. maja Centralnoj izbornoj komisiji Bosne i Hercegovine predao svoju kandidaturu za gradona\u010delnika Banje Luke na oktobarskim lokalnim izborima.<\/p>\n<p>Otac mladi\u0107a Davida Dragi\u010devi\u0107a, koji je smrtno stradao pod i dalje neutvr\u0111enim okolnostma, u izbornu utrku \u0107e u\u0107i kao nezavisni kandidat.<\/p>\n<p>&#8220;Ovo je logi\u010dni nastavak moje borbe. Sedam godina borbe kroz gra\u0111anski aktivizam nije dalo rezultate. Jedino politi\u010dkim anga\u017eovanjem mogu da ostvarim svoje ciljeve i ciljeve ljudi za koje se borim. Ovo jeste kandidatura za gradona\u010delnika Banje Luke, ali treba mi pomo\u0107 svih ljudi u Bosni i Hercegovini i dijaspori&#8221;, rekao je Dragi\u010devi\u0107.<\/p>\n<p>Dodao je kako Banju Luku \u017eeli vidjeti kao miran i stabilan grad za sve gra\u0111ane i goste.<\/p>\n<p>&#8220;\u017delim da napravim brend od Banje Luke, da ona bude u rangu gradova u regionu, gdje \u0107e svi ljudi biti dobrodo\u0161li. Mogu da ponudim i svoju konekciju sa \u010ditavom BiH i regijom. Meni su vrata otvorena kod mase gradona\u010delnika europskih gradova i okru\u017eenja&#8221;, izjavio je.<\/p>\n<p>Podsjetimo, lokalni izbori u Bosni i Hercegovini raspisani su za 6. oktobar 2024. godine.<\/p>\n","protected":false},"excerpt":{"rendered":"<p>Davor Dragi\u010devi\u0107 je u \u010detvrtak, 23. maja Centralnoj izbornoj komisiji Bosne i Hercegovine predao svoju&hellip;<\/p>\n","protected":false},"author":3,"featured_media":66587,"comment_status":"closed","ping_status":"closed","sticky":false,"template":"","format":"standard","meta":{"_acf_changed":false,"footnotes":""},"categories":[291],"tags":[3131,10215],"acf":[],"yoast_head":"<!-- This site is optimized with the Yoast SEO plugin v23.5 - https:\/\/yoast.com\/wordpress\/plugins\/seo\/ -->\n<title>Davor Dragi\u010devi\u0107 predao kandidaturu za gradona\u010delnika Banje Luke: \u201cLogi\u010dan nastavak moje borbe\u201d - TuzlaInfo.ba<\/title>\n<meta name=\"robots\" content=\"index, follow, max-snippet:-1, max-image-preview:large, max-video-preview:-1\" \/>\n<link rel=\"canonical\" href=\"https:\/\/tuzlainfo.ba\/index.php\/bosna-i-hercegovina\/item\/239280-davor-dragicevic-predao-kandidaturu-za-gradonacelnika-banje-luke-logican-nastavak-moje-borbe\/\" \/>\n<meta property=\"og:locale\" content=\"bs_BA\" \/>\n<meta property=\"og:type\" content=\"article\" \/>\n<meta property=\"og:title\" content=\"Davor Dragi\u010devi\u0107 predao kandidaturu za gradona\u010delnika Banje Luke: \u201cLogi\u010dan nastavak moje borbe\u201d - TuzlaInfo.ba\" \/>\n<meta property=\"og:description\" content=\"Davor Dragi\u010devi\u0107 je u \u010detvrtak, 23. maja Centralnoj izbornoj komisiji Bosne i Hercegovine predao svoju&hellip;\" \/>\n<meta property=\"og:url\" content=\"https:\/\/tuzlainfo.ba\/index.php\/bosna-i-hercegovina\/item\/239280-davor-dragicevic-predao-kandidaturu-za-gradonacelnika-banje-luke-logican-nastavak-moje-borbe\/\" \/>\n<meta property=\"og:site_name\" content=\"TuzlaInfo.ba\" \/>\n<meta property=\"article:publisher\" content=\"https:\/\/www.facebook.com\/tuzlainfo.ba\/\" \/>\n<meta property=\"article:published_time\" content=\"2024-05-23T15:31:29+00:00\" \/>\n<meta property=\"article:modified_time\" content=\"2024-05-23T14:12:15+00:00\" \/>\n<meta property=\"og:image\" content=\"https:\/\/tuzlainfo.ba\/wp-content\/uploads\/2018\/12\/sadrzaj_2018_20181201_2512_dragicevic.jpg\" \/>\n\t<meta property=\"og:image:width\" content=\"770\" \/>\n\t<meta property=\"og:image:height\" content=\"546\" \/>\n\t<meta property=\"og:image:type\" content=\"image\/jpeg\" \/>\n<meta name=\"author\" content=\"admin2\" \/>\n<meta name=\"twitter:card\" content=\"summary_large_image\" \/>\n<meta name=\"twitter:label1\" content=\"Written by\" \/>\n\t<meta name=\"twitter:data1\" content=\"admin2\" \/>\n\t<meta name=\"twitter:label2\" content=\"Est. reading time\" \/>\n\t<meta name=\"twitter:data2\" content=\"2 minute\" \/>\n<script type=\"application\/ld+json\" class=\"yoast-schema-graph\">{\"@context\":\"https:\/\/schema.org\",\"@graph\":[{\"@type\":\"Article\",\"@id\":\"https:\/\/tuzlainfo.ba\/index.php\/bosna-i-hercegovina\/item\/239280-davor-dragicevic-predao-kandidaturu-za-gradonacelnika-banje-luke-logican-nastavak-moje-borbe\/#article\",\"isPartOf\":{\"@id\":\"https:\/\/tuzlainfo.ba\/index.php\/bosna-i-hercegovina\/item\/239280-davor-dragicevic-predao-kandidaturu-za-gradonacelnika-banje-luke-logican-nastavak-moje-borbe\/\"},\"author\":{\"name\":\"admin2\",\"@id\":\"https:\/\/tuzlainfo.ba\/#\/schema\/person\/f4ebe4fff27e68efb65fa7e18f8af372\"},\"headline\":\"Davor Dragi\u010devi\u0107 predao kandidaturu za gradona\u010delnika Banje Luke: \u201cLogi\u010dan nastavak moje borbe\u201d\",\"datePublished\":\"2024-05-23T15:31:29+00:00\",\"dateModified\":\"2024-05-23T14:12:15+00:00\",\"mainEntityOfPage\":{\"@id\":\"https:\/\/tuzlainfo.ba\/index.php\/bosna-i-hercegovina\/item\/239280-davor-dragicevic-predao-kandidaturu-za-gradonacelnika-banje-luke-logican-nastavak-moje-borbe\/\"},\"wordCount\":202,\"publisher\":{\"@id\":\"https:\/\/tuzlainfo.ba\/#organization\"},\"image\":{\"@id\":\"https:\/\/tuzlainfo.ba\/index.php\/bosna-i-hercegovina\/item\/239280-davor-dragicevic-predao-kandidaturu-za-gradonacelnika-banje-luke-logican-nastavak-moje-borbe\/#primaryimage\"},\"thumbnailUrl\":\"https:\/\/tuzlainfo.ba\/wp-content\/uploads\/2018\/12\/sadrzaj_2018_20181201_2512_dragicevic.jpg\",\"keywords\":[\"Davor dragi\u010devi\u0107\",\"gradona\u010delnik banjaluke\"],\"articleSection\":[\"Bosna i Hercegovina\"],\"inLanguage\":\"bs-BA\"},{\"@type\":\"WebPage\",\"@id\":\"https:\/\/tuzlainfo.ba\/index.php\/bosna-i-hercegovina\/item\/239280-davor-dragicevic-predao-kandidaturu-za-gradonacelnika-banje-luke-logican-nastavak-moje-borbe\/\",\"url\":\"https:\/\/tuzlainfo.ba\/index.php\/bosna-i-hercegovina\/item\/239280-davor-dragicevic-predao-kandidaturu-za-gradonacelnika-banje-luke-logican-nastavak-moje-borbe\/\",\"name\":\"Davor Dragi\u010devi\u0107 predao kandidaturu za gradona\u010delnika Banje Luke: \u201cLogi\u010dan nastavak moje borbe\u201d - TuzlaInfo.ba\",\"isPartOf\":{\"@id\":\"https:\/\/tuzlainfo.ba\/#website\"},\"primaryImageOfPage\":{\"@id\":\"https:\/\/tuzlainfo.ba\/index.php\/bosna-i-hercegovina\/item\/239280-davor-dragicevic-predao-kandidaturu-za-gradonacelnika-banje-luke-logican-nastavak-moje-borbe\/#primaryimage\"},\"image\":{\"@id\":\"https:\/\/tuzlainfo.ba\/index.php\/bosna-i-hercegovina\/item\/239280-davor-dragicevic-predao-kandidaturu-za-gradonacelnika-banje-luke-logican-nastavak-moje-borbe\/#primaryimage\"},\"thumbnailUrl\":\"https:\/\/tuzlainfo.ba\/wp-content\/uploads\/2018\/12\/sadrzaj_2018_20181201_2512_dragicevic.jpg\",\"datePublished\":\"2024-05-23T15:31:29+00:00\",\"dateModified\":\"2024-05-23T14:12:15+00:00\",\"breadcrumb\":{\"@id\":\"https:\/\/tuzlainfo.ba\/index.php\/bosna-i-hercegovina\/item\/239280-davor-dragicevic-predao-kandidaturu-za-gradonacelnika-banje-luke-logican-nastavak-moje-borbe\/#breadcrumb\"},\"inLanguage\":\"bs-BA\",\"potentialAction\":[{\"@type\":\"ReadAction\",\"target\":[\"https:\/\/tuzlainfo.ba\/index.php\/bosna-i-hercegovina\/item\/239280-davor-dragicevic-predao-kandidaturu-za-gradonacelnika-banje-luke-logican-nastavak-moje-borbe\/\"]}]},{\"@type\":\"ImageObject\",\"inLanguage\":\"bs-BA\",\"@id\":\"https:\/\/tuzlainfo.ba\/index.php\/bosna-i-hercegovina\/item\/239280-davor-dragicevic-predao-kandidaturu-za-gradonacelnika-banje-luke-logican-nastavak-moje-borbe\/#primaryimage\",\"url\":\"https:\/\/tuzlainfo.ba\/wp-content\/uploads\/2018\/12\/sadrzaj_2018_20181201_2512_dragicevic.jpg\",\"contentUrl\":\"https:\/\/tuzlainfo.ba\/wp-content\/uploads\/2018\/12\/sadrzaj_2018_20181201_2512_dragicevic.jpg\",\"width\":770,\"height\":546,\"caption\":\"2512 dragicevic\"},{\"@type\":\"BreadcrumbList\",\"@id\":\"https:\/\/tuzlainfo.ba\/index.php\/bosna-i-hercegovina\/item\/239280-davor-dragicevic-predao-kandidaturu-za-gradonacelnika-banje-luke-logican-nastavak-moje-borbe\/#breadcrumb\",\"itemListElement\":[{\"@type\":\"ListItem\",\"position\":1,\"name\":\"Home\",\"item\":\"https:\/\/tuzlainfo.ba\/\"},{\"@type\":\"ListItem\",\"position\":2,\"name\":\"Davor Dragi\u010devi\u0107 predao kandidaturu za gradona\u010delnika Banje Luke: \u201cLogi\u010dan nastavak moje borbe\u201d\"}]},{\"@type\":\"WebSite\",\"@id\":\"https:\/\/tuzlainfo.ba\/#website\",\"url\":\"https:\/\/tuzlainfo.ba\/\",\"name\":\"TuzlaInfo.ba\",\"description\":\"Tuzla info, gradski informator - Tuzla na dlanu\",\"publisher\":{\"@id\":\"https:\/\/tuzlainfo.ba\/#organization\"},\"potentialAction\":[{\"@type\":\"SearchAction\",\"target\":{\"@type\":\"EntryPoint\",\"urlTemplate\":\"https:\/\/tuzlainfo.ba\/?s={search_term_string}\"},\"query-input\":{\"@type\":\"PropertyValueSpecification\",\"valueRequired\":true,\"valueName\":\"search_term_string\"}}],\"inLanguage\":\"bs-BA\"},{\"@type\":\"Organization\",\"@id\":\"https:\/\/tuzlainfo.ba\/#organization\",\"name\":\"TuzlaInfo.ba\",\"url\":\"https:\/\/tuzlainfo.ba\/\",\"logo\":{\"@type\":\"ImageObject\",\"inLanguage\":\"bs-BA\",\"@id\":\"https:\/\/tuzlainfo.ba\/#\/schema\/logo\/image\/\",\"url\":\"https:\/\/tuzlainfo.ba\/wp-content\/uploads\/2021\/03\/logo-ver-3-1.png\",\"contentUrl\":\"https:\/\/tuzlainfo.ba\/wp-content\/uploads\/2021\/03\/logo-ver-3-1.png\",\"width\":350,\"height\":95,\"caption\":\"TuzlaInfo.ba\"},\"image\":{\"@id\":\"https:\/\/tuzlainfo.ba\/#\/schema\/logo\/image\/\"},\"sameAs\":[\"https:\/\/www.facebook.com\/tuzlainfo.ba\/\"]},{\"@type\":\"Person\",\"@id\":\"https:\/\/tuzlainfo.ba\/#\/schema\/person\/f4ebe4fff27e68efb65fa7e18f8af372\",\"name\":\"admin2\",\"image\":{\"@type\":\"ImageObject\",\"inLanguage\":\"bs-BA\",\"@id\":\"https:\/\/tuzlainfo.ba\/#\/schema\/person\/image\/\",\"url\":\"https:\/\/tuzlainfo.ba\/wp-content\/litespeed\/avatar\/8219eeb9a43cff2d096e773737736f62.jpg?ver=1777309398\",\"contentUrl\":\"https:\/\/tuzlainfo.ba\/wp-content\/litespeed\/avatar\/8219eeb9a43cff2d096e773737736f62.jpg?ver=1777309398\",\"caption\":\"admin2\"},\"description\":\"Tuzlainfo.ba pratite na dru\u0161tvenim mre\u017eama: Facebook, Instagram i Youtube. Svoje pri\u010de, upite i fotografije \u0161aljite na na\u0161u e-mail adresu.\",\"sameAs\":[\"admin\"]}]}<\/script>\n<!-- \/ Yoast SEO plugin. -->","yoast_head_json":{"title":"Davor Dragi\u010devi\u0107 predao kandidaturu za gradona\u010delnika Banje Luke: \u201cLogi\u010dan nastavak moje borbe\u201d - TuzlaInfo.ba","robots":{"index":"index","follow":"follow","max-snippet":"max-snippet:-1","max-image-preview":"max-image-preview:large","max-video-preview":"max-video-preview:-1"},"canonical":"https:\/\/tuzlainfo.ba\/index.php\/bosna-i-hercegovina\/item\/239280-davor-dragicevic-predao-kandidaturu-za-gradonacelnika-banje-luke-logican-nastavak-moje-borbe\/","og_locale":"bs_BA","og_type":"article","og_title":"Davor Dragi\u010devi\u0107 predao kandidaturu za gradona\u010delnika Banje Luke: \u201cLogi\u010dan nastavak moje borbe\u201d - TuzlaInfo.ba","og_description":"Davor Dragi\u010devi\u0107 je u \u010detvrtak, 23. maja Centralnoj izbornoj komisiji Bosne i Hercegovine predao svoju&hellip;","og_url":"https:\/\/tuzlainfo.ba\/index.php\/bosna-i-hercegovina\/item\/239280-davor-dragicevic-predao-kandidaturu-za-gradonacelnika-banje-luke-logican-nastavak-moje-borbe\/","og_site_name":"TuzlaInfo.ba","article_publisher":"https:\/\/www.facebook.com\/tuzlainfo.ba\/","article_published_time":"2024-05-23T15:31:29+00:00","article_modified_time":"2024-05-23T14:12:15+00:00","og_image":[{"width":770,"height":546,"url":"https:\/\/tuzlainfo.ba\/wp-content\/uploads\/2018\/12\/sadrzaj_2018_20181201_2512_dragicevic.jpg","type":"image\/jpeg"}],"author":"admin2","twitter_card":"summary_large_image","twitter_misc":{"Written by":"admin2","Est. reading time":"2 minute"},"schema":{"@context":"https:\/\/schema.org","@graph":[{"@type":"Article","@id":"https:\/\/tuzlainfo.ba\/index.php\/bosna-i-hercegovina\/item\/239280-davor-dragicevic-predao-kandidaturu-za-gradonacelnika-banje-luke-logican-nastavak-moje-borbe\/#article","isPartOf":{"@id":"https:\/\/tuzlainfo.ba\/index.php\/bosna-i-hercegovina\/item\/239280-davor-dragicevic-predao-kandidaturu-za-gradonacelnika-banje-luke-logican-nastavak-moje-borbe\/"},"author":{"name":"admin2","@id":"https:\/\/tuzlainfo.ba\/#\/schema\/person\/f4ebe4fff27e68efb65fa7e18f8af372"},"headline":"Davor Dragi\u010devi\u0107 predao kandidaturu za gradona\u010delnika Banje Luke: \u201cLogi\u010dan nastavak moje borbe\u201d","datePublished":"2024-05-23T15:31:29+00:00","dateModified":"2024-05-23T14:12:15+00:00","mainEntityOfPage":{"@id":"https:\/\/tuzlainfo.ba\/index.php\/bosna-i-hercegovina\/item\/239280-davor-dragicevic-predao-kandidaturu-za-gradonacelnika-banje-luke-logican-nastavak-moje-borbe\/"},"wordCount":202,"publisher":{"@id":"https:\/\/tuzlainfo.ba\/#organization"},"image":{"@id":"https:\/\/tuzlainfo.ba\/index.php\/bosna-i-hercegovina\/item\/239280-davor-dragicevic-predao-kandidaturu-za-gradonacelnika-banje-luke-logican-nastavak-moje-borbe\/#primaryimage"},"thumbnailUrl":"https:\/\/tuzlainfo.ba\/wp-content\/uploads\/2018\/12\/sadrzaj_2018_20181201_2512_dragicevic.jpg","keywords":["Davor dragi\u010devi\u0107","gradona\u010delnik banjaluke"],"articleSection":["Bosna i Hercegovina"],"inLanguage":"bs-BA"},{"@type":"WebPage","@id":"https:\/\/tuzlainfo.ba\/index.php\/bosna-i-hercegovina\/item\/239280-davor-dragicevic-predao-kandidaturu-za-gradonacelnika-banje-luke-logican-nastavak-moje-borbe\/","url":"https:\/\/tuzlainfo.ba\/index.php\/bosna-i-hercegovina\/item\/239280-davor-dragicevic-predao-kandidaturu-za-gradonacelnika-banje-luke-logican-nastavak-moje-borbe\/","name":"Davor Dragi\u010devi\u0107 predao kandidaturu za gradona\u010delnika Banje Luke: \u201cLogi\u010dan nastavak moje borbe\u201d - TuzlaInfo.ba","isPartOf":{"@id":"https:\/\/tuzlainfo.ba\/#website"},"primaryImageOfPage":{"@id":"https:\/\/tuzlainfo.ba\/index.php\/bosna-i-hercegovina\/item\/239280-davor-dragicevic-predao-kandidaturu-za-gradonacelnika-banje-luke-logican-nastavak-moje-borbe\/#primaryimage"},"image":{"@id":"https:\/\/tuzlainfo.ba\/index.php\/bosna-i-hercegovina\/item\/239280-davor-dragicevic-predao-kandidaturu-za-gradonacelnika-banje-luke-logican-nastavak-moje-borbe\/#primaryimage"},"thumbnailUrl":"https:\/\/tuzlainfo.ba\/wp-content\/uploads\/2018\/12\/sadrzaj_2018_20181201_2512_dragicevic.jpg","datePublished":"2024-05-23T15:31:29+00:00","dateModified":"2024-05-23T14:12:15+00:00","breadcrumb":{"@id":"https:\/\/tuzlainfo.ba\/index.php\/bosna-i-hercegovina\/item\/239280-davor-dragicevic-predao-kandidaturu-za-gradonacelnika-banje-luke-logican-nastavak-moje-borbe\/#breadcrumb"},"inLanguage":"bs-BA","potentialAction":[{"@type":"ReadAction","target":["https:\/\/tuzlainfo.ba\/index.php\/bosna-i-hercegovina\/item\/239280-davor-dragicevic-predao-kandidaturu-za-gradonacelnika-banje-luke-logican-nastavak-moje-borbe\/"]}]},{"@type":"ImageObject","inLanguage":"bs-BA","@id":"https:\/\/tuzlainfo.ba\/index.php\/bosna-i-hercegovina\/item\/239280-davor-dragicevic-predao-kandidaturu-za-gradonacelnika-banje-luke-logican-nastavak-moje-borbe\/#primaryimage","url":"https:\/\/tuzlainfo.ba\/wp-content\/uploads\/2018\/12\/sadrzaj_2018_20181201_2512_dragicevic.jpg","contentUrl":"https:\/\/tuzlainfo.ba\/wp-content\/uploads\/2018\/12\/sadrzaj_2018_20181201_2512_dragicevic.jpg","width":770,"height":546,"caption":"2512 dragicevic"},{"@type":"BreadcrumbList","@id":"https:\/\/tuzlainfo.ba\/index.php\/bosna-i-hercegovina\/item\/239280-davor-dragicevic-predao-kandidaturu-za-gradonacelnika-banje-luke-logican-nastavak-moje-borbe\/#breadcrumb","itemListElement":[{"@type":"ListItem","position":1,"name":"Home","item":"https:\/\/tuzlainfo.ba\/"},{"@type":"ListItem","position":2,"name":"Davor Dragi\u010devi\u0107 predao kandidaturu za gradona\u010delnika Banje Luke: \u201cLogi\u010dan nastavak moje borbe\u201d"}]},{"@type":"WebSite","@id":"https:\/\/tuzlainfo.ba\/#website","url":"https:\/\/tuzlainfo.ba\/","name":"TuzlaInfo.ba","description":"Tuzla info, gradski informator - Tuzla na dlanu","publisher":{"@id":"https:\/\/tuzlainfo.ba\/#organization"},"potentialAction":[{"@type":"SearchAction","target":{"@type":"EntryPoint","urlTemplate":"https:\/\/tuzlainfo.ba\/?s={search_term_string}"},"query-input":{"@type":"PropertyValueSpecification","valueRequired":true,"valueName":"search_term_string"}}],"inLanguage":"bs-BA"},{"@type":"Organization","@id":"https:\/\/tuzlainfo.ba\/#organization","name":"TuzlaInfo.ba","url":"https:\/\/tuzlainfo.ba\/","logo":{"@type":"ImageObject","inLanguage":"bs-BA","@id":"https:\/\/tuzlainfo.ba\/#\/schema\/logo\/image\/","url":"https:\/\/tuzlainfo.ba\/wp-content\/uploads\/2021\/03\/logo-ver-3-1.png","contentUrl":"https:\/\/tuzlainfo.ba\/wp-content\/uploads\/2021\/03\/logo-ver-3-1.png","width":350,"height":95,"caption":"TuzlaInfo.ba"},"image":{"@id":"https:\/\/tuzlainfo.ba\/#\/schema\/logo\/image\/"},"sameAs":["https:\/\/www.facebook.com\/tuzlainfo.ba\/"]},{"@type":"Person","@id":"https:\/\/tuzlainfo.ba\/#\/schema\/person\/f4ebe4fff27e68efb65fa7e18f8af372","name":"admin2","image":{"@type":"ImageObject","inLanguage":"bs-BA","@id":"https:\/\/tuzlainfo.ba\/#\/schema\/person\/image\/","url":"https:\/\/tuzlainfo.ba\/wp-content\/litespeed\/avatar\/8219eeb9a43cff2d096e773737736f62.jpg?ver=1777309398","contentUrl":"https:\/\/tuzlainfo.ba\/wp-content\/litespeed\/avatar\/8219eeb9a43cff2d096e773737736f62.jpg?ver=1777309398","caption":"admin2"},"description":"Tuzlainfo.ba pratite na dru\u0161tvenim mre\u017eama: Facebook, Instagram i Youtube. Svoje pri\u010de, upite i fotografije \u0161aljite na na\u0161u e-mail adresu.","sameAs":["admin"]}]}},"_links":{"self":[{"href":"https:\/\/tuzlainfo.ba\/index.php\/wp-json\/wp\/v2\/posts\/239280"}],"collection":[{"href":"https:\/\/tuzlainfo.ba\/index.php\/wp-json\/wp\/v2\/posts"}],"about":[{"href":"https:\/\/tuzlainfo.ba\/index.php\/wp-json\/wp\/v2\/types\/post"}],"author":[{"embeddable":true,"href":"https:\/\/tuzlainfo.ba\/index.php\/wp-json\/wp\/v2\/users\/3"}],"replies":[{"embeddable":true,"href":"https:\/\/tuzlainfo.ba\/index.php\/wp-json\/wp\/v2\/comments?post=239280"}],"version-history":[{"count":1,"href":"https:\/\/tuzlainfo.ba\/index.php\/wp-json\/wp\/v2\/posts\/239280\/revisions"}],"predecessor-version":[{"id":239281,"href":"https:\/\/tuzlainfo.ba\/index.php\/wp-json\/wp\/v2\/posts\/239280\/revisions\/239281"}],"wp:featuredmedia":[{"embeddable":true,"href":"https:\/\/tuzlainfo.ba\/index.php\/wp-json\/wp\/v2\/media\/66587"}],"wp:attachment":[{"href":"https:\/\/tuzlainfo.ba\/index.php\/wp-json\/wp\/v2\/media?parent=239280"}],"wp:term":[{"taxonomy":"category","embeddable":true,"href":"https:\/\/tuzlainfo.ba\/index.php\/wp-json\/wp\/v2\/categories?post=239280"},{"taxonomy":"post_tag","embeddable":true,"href":"https:\/\/tuzlainfo.ba\/index.php\/wp-json\/wp\/v2\/tags?post=239280"}],"curies":[{"name":"wp","href":"https:\/\/api.w.org\/{rel}","templated":true}]}}