{"id":239135,"date":"2024-05-22T14:51:52","date_gmt":"2024-05-22T12:51:52","guid":{"rendered":"https:\/\/tuzlainfo.ba\/?p=239135"},"modified":"2024-05-22T14:51:52","modified_gmt":"2024-05-22T12:51:52","slug":"sud-bih-jasmin-mulahusic-optuzen-za-izazivanje-mrznje","status":"publish","type":"post","link":"https:\/\/tuzlainfo.ba\/index.php\/bosna-i-hercegovina\/item\/239135-sud-bih-jasmin-mulahusic-optuzen-za-izazivanje-mrznje\/","title":{"rendered":"Sud BiH: Jasmin Mulahusi\u0107 optu\u017een za izazivanje mr\u017enje"},"content":{"rendered":"<p>Sud Bosne i Hercegovine potvrdio je optu\u017enicu protiv Jasmina Mulahusi\u0107a za izazivanje nacionalne, rasne i vjerske mr\u017enje, razdora i netrpeljivosti, kao i ugro\u017eavanja sigurnosti, potvr\u0111eno je za Detektor iz Dr\u017eavnog tu\u017eila\u0161tva.<\/p>\n<p>U optu\u017enici se navodi kako je Mulahusi\u0107 od 2021. do 2023. godine kontinuirano putem svojih profila na dru\u0161tvenim mre\u017eama objavljivao sadr\u017eaje prema osobama koje je medijski obra\u0111ivao kreiranjem fotomonta\u017ea, te kreiranjem neistinitih sadr\u017eaja o osobama o kojima pi\u0161e s namjerom da kod njih i \u010dlanova njihovih porodica izazove osje\u0107aj ugro\u017eenosti, nesigurnosti i straha, pa je tokom navedenog perioda javno pozivao na otpu\u0161tanje s radnih mjesta u institucijama BiH osoba srpske i hrvatske nacionalnosti.<\/p>\n<p>Mulahusi\u0107 je, kako se dalje navodi u optu\u017enici, djeluju\u0107i na ovaj na\u010din prema Bo\u0161njacima koji nemaju poglede na politi\u010dki \u017eivot, naciju i vjeru u skladu s njihovim radikalnim shvatanjima, vrije\u0111ao po vjerskoj i nacionalnoj osnovi, svrstavaju\u0107i ih kao pripadnike drugih konstitutivnih naroda u BiH, nazivaju\u0107i ih izdajnicima i nevjernicima, javno pozivaju\u0107i svoje brojne sljedbenike da ih kazne, \u0161to su i u\u010dinili na na\u010din da su na njegovim javnim objavama ostavljali komentare izrazito prijete\u0107eg i uvredljivog sadr\u017eaja.<\/p>\n<p>U optu\u017enici se navodi kako je Mulahusi\u0107 ove radnje po\u010dinio u namjeri da podstrekne na mr\u017enju usmjerenu protiv grupe osoba ili \u010dlana grupe u BiH, s obzirom na vjeroispovijest, porijeklo ili nacionalnu pripadnost, te na taj na\u010din izazove i raspiruje razdor, nacionalnu i vjersku mr\u017enju i netrpeljivost me\u0111u konstitutivnim narodima i ostalima.<\/p>\n<p>Detektor je ranije pisao kako je Mulahusi\u0107 u septembru 2021. bio uhap\u0161en i saslu\u0161an kao osumnji\u010deni. Tada je Tu\u017eila\u0161tvo navelo da se dovodi u vezu s osobama bliskim teroristi\u010dkim organizacijama. Njegova Odbrana je na ro\u010di\u0161tu o prijedlogu za odre\u0111ivanje pritvora navela da nije saslu\u0161avan na okolnosti povezanosti s Al-Kaidom. Istog dana, Sud je odbio prijedlog Tu\u017eila\u0161tva, a Mulahusi\u0107 je pu\u0161ten na slobodu bez mjera zabrane.<\/p>\n<p>Iz Tu\u017eila\u0161tva su ranije saop\u0107ili kako \u0107e navode optu\u017enice dokazivati pozivanjem devet svjedoka, jednog vje\u0161taka te prilaganjem vi\u0161e desetina materijalnih dokaza.<\/p>\n<p>&nbsp;<\/p>\n","protected":false},"excerpt":{"rendered":"<p>Sud Bosne i Hercegovine potvrdio je optu\u017enicu protiv Jasmina Mulahusi\u0107a za izazivanje nacionalne, rasne i&hellip;<\/p>\n","protected":false},"author":3,"featured_media":239137,"comment_status":"closed","ping_status":"closed","sticky":false,"template":"","format":"standard","meta":{"_acf_changed":false,"footnotes":""},"categories":[291],"tags":[2503,726],"acf":[],"yoast_head":"<!-- This site is optimized with the Yoast SEO plugin v23.5 - https:\/\/yoast.com\/wordpress\/plugins\/seo\/ -->\n<title>Sud BiH: Jasmin Mulahusi\u0107 optu\u017een za izazivanje mr\u017enje - TuzlaInfo.ba<\/title>\n<meta name=\"robots\" content=\"index, follow, max-snippet:-1, max-image-preview:large, max-video-preview:-1\" \/>\n<link rel=\"canonical\" href=\"https:\/\/tuzlainfo.ba\/index.php\/bosna-i-hercegovina\/item\/239135-sud-bih-jasmin-mulahusic-optuzen-za-izazivanje-mrznje\/\" \/>\n<meta property=\"og:locale\" content=\"bs_BA\" \/>\n<meta property=\"og:type\" content=\"article\" \/>\n<meta property=\"og:title\" content=\"Sud BiH: Jasmin Mulahusi\u0107 optu\u017een za izazivanje mr\u017enje - TuzlaInfo.ba\" \/>\n<meta property=\"og:description\" content=\"Sud Bosne i Hercegovine potvrdio je optu\u017enicu protiv Jasmina Mulahusi\u0107a za izazivanje nacionalne, rasne i&hellip;\" \/>\n<meta property=\"og:url\" content=\"https:\/\/tuzlainfo.ba\/index.php\/bosna-i-hercegovina\/item\/239135-sud-bih-jasmin-mulahusic-optuzen-za-izazivanje-mrznje\/\" \/>\n<meta property=\"og:site_name\" content=\"TuzlaInfo.ba\" \/>\n<meta property=\"article:publisher\" content=\"https:\/\/www.facebook.com\/tuzlainfo.ba\/\" \/>\n<meta property=\"article:published_time\" content=\"2024-05-22T12:51:52+00:00\" \/>\n<meta property=\"og:image\" content=\"https:\/\/tuzlainfo.ba\/wp-content\/uploads\/2024\/05\/2205_jasmin-mulahusic.webp\" \/>\n\t<meta property=\"og:image:width\" content=\"871\" \/>\n\t<meta property=\"og:image:height\" content=\"540\" \/>\n\t<meta property=\"og:image:type\" content=\"image\/webp\" \/>\n<meta name=\"author\" content=\"admin2\" \/>\n<meta name=\"twitter:card\" content=\"summary_large_image\" \/>\n<meta name=\"twitter:label1\" content=\"Written by\" \/>\n\t<meta name=\"twitter:data1\" content=\"admin2\" \/>\n\t<meta name=\"twitter:label2\" content=\"Est. reading time\" \/>\n\t<meta name=\"twitter:data2\" content=\"2 minute\" \/>\n<script type=\"application\/ld+json\" class=\"yoast-schema-graph\">{\"@context\":\"https:\/\/schema.org\",\"@graph\":[{\"@type\":\"Article\",\"@id\":\"https:\/\/tuzlainfo.ba\/index.php\/bosna-i-hercegovina\/item\/239135-sud-bih-jasmin-mulahusic-optuzen-za-izazivanje-mrznje\/#article\",\"isPartOf\":{\"@id\":\"https:\/\/tuzlainfo.ba\/index.php\/bosna-i-hercegovina\/item\/239135-sud-bih-jasmin-mulahusic-optuzen-za-izazivanje-mrznje\/\"},\"author\":{\"name\":\"admin2\",\"@id\":\"https:\/\/tuzlainfo.ba\/#\/schema\/person\/f4ebe4fff27e68efb65fa7e18f8af372\"},\"headline\":\"Sud BiH: Jasmin Mulahusi\u0107 optu\u017een za izazivanje mr\u017enje\",\"datePublished\":\"2024-05-22T12:51:52+00:00\",\"dateModified\":\"2024-05-22T12:51:52+00:00\",\"mainEntityOfPage\":{\"@id\":\"https:\/\/tuzlainfo.ba\/index.php\/bosna-i-hercegovina\/item\/239135-sud-bih-jasmin-mulahusic-optuzen-za-izazivanje-mrznje\/\"},\"wordCount\":383,\"publisher\":{\"@id\":\"https:\/\/tuzlainfo.ba\/#organization\"},\"image\":{\"@id\":\"https:\/\/tuzlainfo.ba\/index.php\/bosna-i-hercegovina\/item\/239135-sud-bih-jasmin-mulahusic-optuzen-za-izazivanje-mrznje\/#primaryimage\"},\"thumbnailUrl\":\"https:\/\/tuzlainfo.ba\/wp-content\/uploads\/2024\/05\/2205_jasmin-mulahusic.webp\",\"keywords\":[\"Jasmin mulahusi\u0107\",\"sud bih\"],\"articleSection\":[\"Bosna i Hercegovina\"],\"inLanguage\":\"bs-BA\"},{\"@type\":\"WebPage\",\"@id\":\"https:\/\/tuzlainfo.ba\/index.php\/bosna-i-hercegovina\/item\/239135-sud-bih-jasmin-mulahusic-optuzen-za-izazivanje-mrznje\/\",\"url\":\"https:\/\/tuzlainfo.ba\/index.php\/bosna-i-hercegovina\/item\/239135-sud-bih-jasmin-mulahusic-optuzen-za-izazivanje-mrznje\/\",\"name\":\"Sud BiH: Jasmin Mulahusi\u0107 optu\u017een za izazivanje mr\u017enje - TuzlaInfo.ba\",\"isPartOf\":{\"@id\":\"https:\/\/tuzlainfo.ba\/#website\"},\"primaryImageOfPage\":{\"@id\":\"https:\/\/tuzlainfo.ba\/index.php\/bosna-i-hercegovina\/item\/239135-sud-bih-jasmin-mulahusic-optuzen-za-izazivanje-mrznje\/#primaryimage\"},\"image\":{\"@id\":\"https:\/\/tuzlainfo.ba\/index.php\/bosna-i-hercegovina\/item\/239135-sud-bih-jasmin-mulahusic-optuzen-za-izazivanje-mrznje\/#primaryimage\"},\"thumbnailUrl\":\"https:\/\/tuzlainfo.ba\/wp-content\/uploads\/2024\/05\/2205_jasmin-mulahusic.webp\",\"datePublished\":\"2024-05-22T12:51:52+00:00\",\"dateModified\":\"2024-05-22T12:51:52+00:00\",\"breadcrumb\":{\"@id\":\"https:\/\/tuzlainfo.ba\/index.php\/bosna-i-hercegovina\/item\/239135-sud-bih-jasmin-mulahusic-optuzen-za-izazivanje-mrznje\/#breadcrumb\"},\"inLanguage\":\"bs-BA\",\"potentialAction\":[{\"@type\":\"ReadAction\",\"target\":[\"https:\/\/tuzlainfo.ba\/index.php\/bosna-i-hercegovina\/item\/239135-sud-bih-jasmin-mulahusic-optuzen-za-izazivanje-mrznje\/\"]}]},{\"@type\":\"ImageObject\",\"inLanguage\":\"bs-BA\",\"@id\":\"https:\/\/tuzlainfo.ba\/index.php\/bosna-i-hercegovina\/item\/239135-sud-bih-jasmin-mulahusic-optuzen-za-izazivanje-mrznje\/#primaryimage\",\"url\":\"https:\/\/tuzlainfo.ba\/wp-content\/uploads\/2024\/05\/2205_jasmin-mulahusic.webp\",\"contentUrl\":\"https:\/\/tuzlainfo.ba\/wp-content\/uploads\/2024\/05\/2205_jasmin-mulahusic.webp\",\"width\":871,\"height\":540},{\"@type\":\"BreadcrumbList\",\"@id\":\"https:\/\/tuzlainfo.ba\/index.php\/bosna-i-hercegovina\/item\/239135-sud-bih-jasmin-mulahusic-optuzen-za-izazivanje-mrznje\/#breadcrumb\",\"itemListElement\":[{\"@type\":\"ListItem\",\"position\":1,\"name\":\"Home\",\"item\":\"https:\/\/tuzlainfo.ba\/\"},{\"@type\":\"ListItem\",\"position\":2,\"name\":\"Sud BiH: Jasmin Mulahusi\u0107 optu\u017een za izazivanje mr\u017enje\"}]},{\"@type\":\"WebSite\",\"@id\":\"https:\/\/tuzlainfo.ba\/#website\",\"url\":\"https:\/\/tuzlainfo.ba\/\",\"name\":\"TuzlaInfo.ba\",\"description\":\"Tuzla info, gradski informator - Tuzla na dlanu\",\"publisher\":{\"@id\":\"https:\/\/tuzlainfo.ba\/#organization\"},\"potentialAction\":[{\"@type\":\"SearchAction\",\"target\":{\"@type\":\"EntryPoint\",\"urlTemplate\":\"https:\/\/tuzlainfo.ba\/?s={search_term_string}\"},\"query-input\":{\"@type\":\"PropertyValueSpecification\",\"valueRequired\":true,\"valueName\":\"search_term_string\"}}],\"inLanguage\":\"bs-BA\"},{\"@type\":\"Organization\",\"@id\":\"https:\/\/tuzlainfo.ba\/#organization\",\"name\":\"TuzlaInfo.ba\",\"url\":\"https:\/\/tuzlainfo.ba\/\",\"logo\":{\"@type\":\"ImageObject\",\"inLanguage\":\"bs-BA\",\"@id\":\"https:\/\/tuzlainfo.ba\/#\/schema\/logo\/image\/\",\"url\":\"https:\/\/tuzlainfo.ba\/wp-content\/uploads\/2021\/03\/logo-ver-3-1.png\",\"contentUrl\":\"https:\/\/tuzlainfo.ba\/wp-content\/uploads\/2021\/03\/logo-ver-3-1.png\",\"width\":350,\"height\":95,\"caption\":\"TuzlaInfo.ba\"},\"image\":{\"@id\":\"https:\/\/tuzlainfo.ba\/#\/schema\/logo\/image\/\"},\"sameAs\":[\"https:\/\/www.facebook.com\/tuzlainfo.ba\/\"]},{\"@type\":\"Person\",\"@id\":\"https:\/\/tuzlainfo.ba\/#\/schema\/person\/f4ebe4fff27e68efb65fa7e18f8af372\",\"name\":\"admin2\",\"image\":{\"@type\":\"ImageObject\",\"inLanguage\":\"bs-BA\",\"@id\":\"https:\/\/tuzlainfo.ba\/#\/schema\/person\/image\/\",\"url\":\"https:\/\/tuzlainfo.ba\/wp-content\/litespeed\/avatar\/8219eeb9a43cff2d096e773737736f62.jpg?ver=1777309398\",\"contentUrl\":\"https:\/\/tuzlainfo.ba\/wp-content\/litespeed\/avatar\/8219eeb9a43cff2d096e773737736f62.jpg?ver=1777309398\",\"caption\":\"admin2\"},\"description\":\"Tuzlainfo.ba pratite na dru\u0161tvenim mre\u017eama: Facebook, Instagram i Youtube. Svoje pri\u010de, upite i fotografije \u0161aljite na na\u0161u e-mail adresu.\",\"sameAs\":[\"admin\"]}]}<\/script>\n<!-- \/ Yoast SEO plugin. -->","yoast_head_json":{"title":"Sud BiH: Jasmin Mulahusi\u0107 optu\u017een za izazivanje mr\u017enje - TuzlaInfo.ba","robots":{"index":"index","follow":"follow","max-snippet":"max-snippet:-1","max-image-preview":"max-image-preview:large","max-video-preview":"max-video-preview:-1"},"canonical":"https:\/\/tuzlainfo.ba\/index.php\/bosna-i-hercegovina\/item\/239135-sud-bih-jasmin-mulahusic-optuzen-za-izazivanje-mrznje\/","og_locale":"bs_BA","og_type":"article","og_title":"Sud BiH: Jasmin Mulahusi\u0107 optu\u017een za izazivanje mr\u017enje - TuzlaInfo.ba","og_description":"Sud Bosne i Hercegovine potvrdio je optu\u017enicu protiv Jasmina Mulahusi\u0107a za izazivanje nacionalne, rasne i&hellip;","og_url":"https:\/\/tuzlainfo.ba\/index.php\/bosna-i-hercegovina\/item\/239135-sud-bih-jasmin-mulahusic-optuzen-za-izazivanje-mrznje\/","og_site_name":"TuzlaInfo.ba","article_publisher":"https:\/\/www.facebook.com\/tuzlainfo.ba\/","article_published_time":"2024-05-22T12:51:52+00:00","og_image":[{"width":871,"height":540,"url":"https:\/\/tuzlainfo.ba\/wp-content\/uploads\/2024\/05\/2205_jasmin-mulahusic.webp","type":"image\/webp"}],"author":"admin2","twitter_card":"summary_large_image","twitter_misc":{"Written by":"admin2","Est. reading time":"2 minute"},"schema":{"@context":"https:\/\/schema.org","@graph":[{"@type":"Article","@id":"https:\/\/tuzlainfo.ba\/index.php\/bosna-i-hercegovina\/item\/239135-sud-bih-jasmin-mulahusic-optuzen-za-izazivanje-mrznje\/#article","isPartOf":{"@id":"https:\/\/tuzlainfo.ba\/index.php\/bosna-i-hercegovina\/item\/239135-sud-bih-jasmin-mulahusic-optuzen-za-izazivanje-mrznje\/"},"author":{"name":"admin2","@id":"https:\/\/tuzlainfo.ba\/#\/schema\/person\/f4ebe4fff27e68efb65fa7e18f8af372"},"headline":"Sud BiH: Jasmin Mulahusi\u0107 optu\u017een za izazivanje mr\u017enje","datePublished":"2024-05-22T12:51:52+00:00","dateModified":"2024-05-22T12:51:52+00:00","mainEntityOfPage":{"@id":"https:\/\/tuzlainfo.ba\/index.php\/bosna-i-hercegovina\/item\/239135-sud-bih-jasmin-mulahusic-optuzen-za-izazivanje-mrznje\/"},"wordCount":383,"publisher":{"@id":"https:\/\/tuzlainfo.ba\/#organization"},"image":{"@id":"https:\/\/tuzlainfo.ba\/index.php\/bosna-i-hercegovina\/item\/239135-sud-bih-jasmin-mulahusic-optuzen-za-izazivanje-mrznje\/#primaryimage"},"thumbnailUrl":"https:\/\/tuzlainfo.ba\/wp-content\/uploads\/2024\/05\/2205_jasmin-mulahusic.webp","keywords":["Jasmin mulahusi\u0107","sud bih"],"articleSection":["Bosna i Hercegovina"],"inLanguage":"bs-BA"},{"@type":"WebPage","@id":"https:\/\/tuzlainfo.ba\/index.php\/bosna-i-hercegovina\/item\/239135-sud-bih-jasmin-mulahusic-optuzen-za-izazivanje-mrznje\/","url":"https:\/\/tuzlainfo.ba\/index.php\/bosna-i-hercegovina\/item\/239135-sud-bih-jasmin-mulahusic-optuzen-za-izazivanje-mrznje\/","name":"Sud BiH: Jasmin Mulahusi\u0107 optu\u017een za izazivanje mr\u017enje - TuzlaInfo.ba","isPartOf":{"@id":"https:\/\/tuzlainfo.ba\/#website"},"primaryImageOfPage":{"@id":"https:\/\/tuzlainfo.ba\/index.php\/bosna-i-hercegovina\/item\/239135-sud-bih-jasmin-mulahusic-optuzen-za-izazivanje-mrznje\/#primaryimage"},"image":{"@id":"https:\/\/tuzlainfo.ba\/index.php\/bosna-i-hercegovina\/item\/239135-sud-bih-jasmin-mulahusic-optuzen-za-izazivanje-mrznje\/#primaryimage"},"thumbnailUrl":"https:\/\/tuzlainfo.ba\/wp-content\/uploads\/2024\/05\/2205_jasmin-mulahusic.webp","datePublished":"2024-05-22T12:51:52+00:00","dateModified":"2024-05-22T12:51:52+00:00","breadcrumb":{"@id":"https:\/\/tuzlainfo.ba\/index.php\/bosna-i-hercegovina\/item\/239135-sud-bih-jasmin-mulahusic-optuzen-za-izazivanje-mrznje\/#breadcrumb"},"inLanguage":"bs-BA","potentialAction":[{"@type":"ReadAction","target":["https:\/\/tuzlainfo.ba\/index.php\/bosna-i-hercegovina\/item\/239135-sud-bih-jasmin-mulahusic-optuzen-za-izazivanje-mrznje\/"]}]},{"@type":"ImageObject","inLanguage":"bs-BA","@id":"https:\/\/tuzlainfo.ba\/index.php\/bosna-i-hercegovina\/item\/239135-sud-bih-jasmin-mulahusic-optuzen-za-izazivanje-mrznje\/#primaryimage","url":"https:\/\/tuzlainfo.ba\/wp-content\/uploads\/2024\/05\/2205_jasmin-mulahusic.webp","contentUrl":"https:\/\/tuzlainfo.ba\/wp-content\/uploads\/2024\/05\/2205_jasmin-mulahusic.webp","width":871,"height":540},{"@type":"BreadcrumbList","@id":"https:\/\/tuzlainfo.ba\/index.php\/bosna-i-hercegovina\/item\/239135-sud-bih-jasmin-mulahusic-optuzen-za-izazivanje-mrznje\/#breadcrumb","itemListElement":[{"@type":"ListItem","position":1,"name":"Home","item":"https:\/\/tuzlainfo.ba\/"},{"@type":"ListItem","position":2,"name":"Sud BiH: Jasmin Mulahusi\u0107 optu\u017een za izazivanje mr\u017enje"}]},{"@type":"WebSite","@id":"https:\/\/tuzlainfo.ba\/#website","url":"https:\/\/tuzlainfo.ba\/","name":"TuzlaInfo.ba","description":"Tuzla info, gradski informator - Tuzla na dlanu","publisher":{"@id":"https:\/\/tuzlainfo.ba\/#organization"},"potentialAction":[{"@type":"SearchAction","target":{"@type":"EntryPoint","urlTemplate":"https:\/\/tuzlainfo.ba\/?s={search_term_string}"},"query-input":{"@type":"PropertyValueSpecification","valueRequired":true,"valueName":"search_term_string"}}],"inLanguage":"bs-BA"},{"@type":"Organization","@id":"https:\/\/tuzlainfo.ba\/#organization","name":"TuzlaInfo.ba","url":"https:\/\/tuzlainfo.ba\/","logo":{"@type":"ImageObject","inLanguage":"bs-BA","@id":"https:\/\/tuzlainfo.ba\/#\/schema\/logo\/image\/","url":"https:\/\/tuzlainfo.ba\/wp-content\/uploads\/2021\/03\/logo-ver-3-1.png","contentUrl":"https:\/\/tuzlainfo.ba\/wp-content\/uploads\/2021\/03\/logo-ver-3-1.png","width":350,"height":95,"caption":"TuzlaInfo.ba"},"image":{"@id":"https:\/\/tuzlainfo.ba\/#\/schema\/logo\/image\/"},"sameAs":["https:\/\/www.facebook.com\/tuzlainfo.ba\/"]},{"@type":"Person","@id":"https:\/\/tuzlainfo.ba\/#\/schema\/person\/f4ebe4fff27e68efb65fa7e18f8af372","name":"admin2","image":{"@type":"ImageObject","inLanguage":"bs-BA","@id":"https:\/\/tuzlainfo.ba\/#\/schema\/person\/image\/","url":"https:\/\/tuzlainfo.ba\/wp-content\/litespeed\/avatar\/8219eeb9a43cff2d096e773737736f62.jpg?ver=1777309398","contentUrl":"https:\/\/tuzlainfo.ba\/wp-content\/litespeed\/avatar\/8219eeb9a43cff2d096e773737736f62.jpg?ver=1777309398","caption":"admin2"},"description":"Tuzlainfo.ba pratite na dru\u0161tvenim mre\u017eama: Facebook, Instagram i Youtube. Svoje pri\u010de, upite i fotografije \u0161aljite na na\u0161u e-mail adresu.","sameAs":["admin"]}]}},"_links":{"self":[{"href":"https:\/\/tuzlainfo.ba\/index.php\/wp-json\/wp\/v2\/posts\/239135"}],"collection":[{"href":"https:\/\/tuzlainfo.ba\/index.php\/wp-json\/wp\/v2\/posts"}],"about":[{"href":"https:\/\/tuzlainfo.ba\/index.php\/wp-json\/wp\/v2\/types\/post"}],"author":[{"embeddable":true,"href":"https:\/\/tuzlainfo.ba\/index.php\/wp-json\/wp\/v2\/users\/3"}],"replies":[{"embeddable":true,"href":"https:\/\/tuzlainfo.ba\/index.php\/wp-json\/wp\/v2\/comments?post=239135"}],"version-history":[{"count":1,"href":"https:\/\/tuzlainfo.ba\/index.php\/wp-json\/wp\/v2\/posts\/239135\/revisions"}],"predecessor-version":[{"id":239138,"href":"https:\/\/tuzlainfo.ba\/index.php\/wp-json\/wp\/v2\/posts\/239135\/revisions\/239138"}],"wp:featuredmedia":[{"embeddable":true,"href":"https:\/\/tuzlainfo.ba\/index.php\/wp-json\/wp\/v2\/media\/239137"}],"wp:attachment":[{"href":"https:\/\/tuzlainfo.ba\/index.php\/wp-json\/wp\/v2\/media?parent=239135"}],"wp:term":[{"taxonomy":"category","embeddable":true,"href":"https:\/\/tuzlainfo.ba\/index.php\/wp-json\/wp\/v2\/categories?post=239135"},{"taxonomy":"post_tag","embeddable":true,"href":"https:\/\/tuzlainfo.ba\/index.php\/wp-json\/wp\/v2\/tags?post=239135"}],"curies":[{"name":"wp","href":"https:\/\/api.w.org\/{rel}","templated":true}]}}