{"id":238828,"date":"2024-05-19T19:20:51","date_gmt":"2024-05-19T17:20:51","guid":{"rendered":"https:\/\/tuzlainfo.ba\/?p=238828"},"modified":"2024-05-19T19:20:51","modified_gmt":"2024-05-19T17:20:51","slug":"posjetitelji-i-ucesnici-zadovoljni-vise-od-10-000-posjetilaca-na-sajmu-kafe-i-cokolade-u-tuzli","status":"publish","type":"post","link":"https:\/\/tuzlainfo.ba\/index.php\/novosti\/item\/238828-posjetitelji-i-ucesnici-zadovoljni-vise-od-10-000-posjetilaca-na-sajmu-kafe-i-cokolade-u-tuzli\/","title":{"rendered":"Posjetitelji i u\u010desnici zadovoljni: Vi\u0161e od 10.000 posjetilaca na Sajmu kafe i \u010dokolade u Tuzli"},"content":{"rendered":"<p>Dru\u017eenjem i degustacijama u subotu zavr\u0161en je prvi Sajam Kafe i \u010cokolade u Tuzli. Manifestaciju u organizaciji UG Activus za nepuna tri dana posjetilo je vi\u0161e od 10.000 gostiju i svi su bez iznimke bili prezadovoljni ponudom te ku\u0161anjima kafe i \u010dokolade ali i ostalih slastica u okviru Sajma.<\/p>\n<p>Veliki broj popratnih de\u0161avanja odu\u0161evio je sve, tako su nam ju\u010de u okviru Family dana u gostima bili i u\u010desnici festivala dje\u010dije pjesme \u201eMajski cvijet\u201c, knji\u017eevnica Lana Kamberovi\u0107 sa \u201eLaninom bajkom\u201c, ekipa ProFun Eventsa sa Face Paintingom ali i mali\u0161ani iz NK Dinamo iz Zagreba koji su do\u0161li na MI99 pala\u010dinke.<\/p>\n<p>U subotu je u Richmond Park \u0161koli u okviru Sajma organizovan i Kviz za srednjo\u0161kolce sa Deanom Kotigom, dok je ve\u010dernje izdanje kviza jo\u0161 jednom napunilo kompletnu dvoranu HKC-a \u201eSveti Franjo\u201c u Tuzli. Prvo mjesto na Kvizu druge ve\u010deri (nagrada 500 KM + pokloni) osvojila je ekipa \u201eMije\u0161ano meso\u201c, drugo je osvojila ekipa \u201eKvizim po mahali\u201c (nagrada 300 KM + pokloni) dok su tre\u0107e mjesto podijelile ekipe \u201eSong\u201c i \u201eKotiga strpo\u201c (nagrada 200 KM + pokloni).<\/p>\n<p>\u201c\u017delimo izraziti najiskreniju zahvalnost svima koji su doprinijeli uspjehu 1. Me\u0111unarodnog Sajma Kafe i \u010cokolade u Tuzli i nezaboravnom dru\u017eenju sa na\u0161im prijateljem Deanom Kotigom. Hvala vam \u0161to ste svojim prisustvom obogatili na\u0161u manifestaciju, dijele\u0107i svoje znanje, proizvode i strast prema kafi i \u010dokoladi. Posebnost i bogatstvo ove manifestacije jesu prijateljstva koja smo stekli\u201d \u2013 poru\u010dili su organizatori manifestacije.<\/p>\n<p>I na samom kraju potvrdili su nam i informaciju koju smo mogli i pretpostaviti \u2026 pripreme za 2. Me\u0111unarodni sajam kafe i \u010dokolade u Tuzli su ve\u0107 po\u010dele!<\/p>\n","protected":false},"excerpt":{"rendered":"<p>Dru\u017eenjem i degustacijama u subotu zavr\u0161en je prvi Sajam Kafe i \u010cokolade u Tuzli. Manifestaciju&hellip;<\/p>\n","protected":false},"author":2,"featured_media":238829,"comment_status":"closed","ping_status":"closed","sticky":false,"template":"","format":"standard","meta":{"_acf_changed":false,"footnotes":""},"categories":[304,12],"tags":[9928,42],"acf":[],"yoast_head":"<!-- This site is optimized with the Yoast SEO plugin v23.5 - https:\/\/yoast.com\/wordpress\/plugins\/seo\/ -->\n<title>Posjetitelji i u\u010desnici zadovoljni: Vi\u0161e od 10.000 posjetilaca na Sajmu kafe i \u010dokolade u Tuzli - TuzlaInfo.ba<\/title>\n<meta name=\"robots\" content=\"index, follow, max-snippet:-1, max-image-preview:large, max-video-preview:-1\" \/>\n<link rel=\"canonical\" href=\"https:\/\/tuzlainfo.ba\/index.php\/novosti\/item\/238828-posjetitelji-i-ucesnici-zadovoljni-vise-od-10-000-posjetilaca-na-sajmu-kafe-i-cokolade-u-tuzli\/\" \/>\n<meta property=\"og:locale\" content=\"bs_BA\" \/>\n<meta property=\"og:type\" content=\"article\" \/>\n<meta property=\"og:title\" content=\"Posjetitelji i u\u010desnici zadovoljni: Vi\u0161e od 10.000 posjetilaca na Sajmu kafe i \u010dokolade u Tuzli - TuzlaInfo.ba\" \/>\n<meta property=\"og:description\" content=\"Dru\u017eenjem i degustacijama u subotu zavr\u0161en je prvi Sajam Kafe i \u010cokolade u Tuzli. Manifestaciju&hellip;\" \/>\n<meta property=\"og:url\" content=\"https:\/\/tuzlainfo.ba\/index.php\/novosti\/item\/238828-posjetitelji-i-ucesnici-zadovoljni-vise-od-10-000-posjetilaca-na-sajmu-kafe-i-cokolade-u-tuzli\/\" \/>\n<meta property=\"og:site_name\" content=\"TuzlaInfo.ba\" \/>\n<meta property=\"article:publisher\" content=\"https:\/\/www.facebook.com\/tuzlainfo.ba\/\" \/>\n<meta property=\"article:published_time\" content=\"2024-05-19T17:20:51+00:00\" \/>\n<meta property=\"og:image\" content=\"https:\/\/tuzlainfo.ba\/wp-content\/uploads\/2024\/05\/Sajam-Kafe-i-Cokolade-4.jpg\" \/>\n\t<meta property=\"og:image:width\" content=\"1200\" \/>\n\t<meta property=\"og:image:height\" content=\"800\" \/>\n\t<meta property=\"og:image:type\" content=\"image\/jpeg\" \/>\n<meta name=\"author\" content=\"nedim\" \/>\n<meta name=\"twitter:card\" content=\"summary_large_image\" \/>\n<meta name=\"twitter:label1\" content=\"Written by\" \/>\n\t<meta name=\"twitter:data1\" content=\"nedim\" \/>\n\t<meta name=\"twitter:label2\" content=\"Est. reading time\" \/>\n\t<meta name=\"twitter:data2\" content=\"2 minute\" \/>\n<script type=\"application\/ld+json\" class=\"yoast-schema-graph\">{\"@context\":\"https:\/\/schema.org\",\"@graph\":[{\"@type\":\"Article\",\"@id\":\"https:\/\/tuzlainfo.ba\/index.php\/novosti\/item\/238828-posjetitelji-i-ucesnici-zadovoljni-vise-od-10-000-posjetilaca-na-sajmu-kafe-i-cokolade-u-tuzli\/#article\",\"isPartOf\":{\"@id\":\"https:\/\/tuzlainfo.ba\/index.php\/novosti\/item\/238828-posjetitelji-i-ucesnici-zadovoljni-vise-od-10-000-posjetilaca-na-sajmu-kafe-i-cokolade-u-tuzli\/\"},\"author\":{\"name\":\"nedim\",\"@id\":\"https:\/\/tuzlainfo.ba\/#\/schema\/person\/f434e20dc27ea133923aab08451b7f7f\"},\"headline\":\"Posjetitelji i u\u010desnici zadovoljni: Vi\u0161e od 10.000 posjetilaca na Sajmu kafe i \u010dokolade u Tuzli\",\"datePublished\":\"2024-05-19T17:20:51+00:00\",\"dateModified\":\"2024-05-19T17:20:51+00:00\",\"mainEntityOfPage\":{\"@id\":\"https:\/\/tuzlainfo.ba\/index.php\/novosti\/item\/238828-posjetitelji-i-ucesnici-zadovoljni-vise-od-10-000-posjetilaca-na-sajmu-kafe-i-cokolade-u-tuzli\/\"},\"wordCount\":294,\"publisher\":{\"@id\":\"https:\/\/tuzlainfo.ba\/#organization\"},\"image\":{\"@id\":\"https:\/\/tuzlainfo.ba\/index.php\/novosti\/item\/238828-posjetitelji-i-ucesnici-zadovoljni-vise-od-10-000-posjetilaca-na-sajmu-kafe-i-cokolade-u-tuzli\/#primaryimage\"},\"thumbnailUrl\":\"https:\/\/tuzlainfo.ba\/wp-content\/uploads\/2024\/05\/Sajam-Kafe-i-Cokolade-4.jpg\",\"keywords\":[\"sajam kafe i \u010dokolade\",\"tuzla\"],\"articleSection\":[\"Istaknuto\",\"Novosti\"],\"inLanguage\":\"bs-BA\"},{\"@type\":\"WebPage\",\"@id\":\"https:\/\/tuzlainfo.ba\/index.php\/novosti\/item\/238828-posjetitelji-i-ucesnici-zadovoljni-vise-od-10-000-posjetilaca-na-sajmu-kafe-i-cokolade-u-tuzli\/\",\"url\":\"https:\/\/tuzlainfo.ba\/index.php\/novosti\/item\/238828-posjetitelji-i-ucesnici-zadovoljni-vise-od-10-000-posjetilaca-na-sajmu-kafe-i-cokolade-u-tuzli\/\",\"name\":\"Posjetitelji i u\u010desnici zadovoljni: Vi\u0161e od 10.000 posjetilaca na Sajmu kafe i \u010dokolade u Tuzli - TuzlaInfo.ba\",\"isPartOf\":{\"@id\":\"https:\/\/tuzlainfo.ba\/#website\"},\"primaryImageOfPage\":{\"@id\":\"https:\/\/tuzlainfo.ba\/index.php\/novosti\/item\/238828-posjetitelji-i-ucesnici-zadovoljni-vise-od-10-000-posjetilaca-na-sajmu-kafe-i-cokolade-u-tuzli\/#primaryimage\"},\"image\":{\"@id\":\"https:\/\/tuzlainfo.ba\/index.php\/novosti\/item\/238828-posjetitelji-i-ucesnici-zadovoljni-vise-od-10-000-posjetilaca-na-sajmu-kafe-i-cokolade-u-tuzli\/#primaryimage\"},\"thumbnailUrl\":\"https:\/\/tuzlainfo.ba\/wp-content\/uploads\/2024\/05\/Sajam-Kafe-i-Cokolade-4.jpg\",\"datePublished\":\"2024-05-19T17:20:51+00:00\",\"dateModified\":\"2024-05-19T17:20:51+00:00\",\"breadcrumb\":{\"@id\":\"https:\/\/tuzlainfo.ba\/index.php\/novosti\/item\/238828-posjetitelji-i-ucesnici-zadovoljni-vise-od-10-000-posjetilaca-na-sajmu-kafe-i-cokolade-u-tuzli\/#breadcrumb\"},\"inLanguage\":\"bs-BA\",\"potentialAction\":[{\"@type\":\"ReadAction\",\"target\":[\"https:\/\/tuzlainfo.ba\/index.php\/novosti\/item\/238828-posjetitelji-i-ucesnici-zadovoljni-vise-od-10-000-posjetilaca-na-sajmu-kafe-i-cokolade-u-tuzli\/\"]}]},{\"@type\":\"ImageObject\",\"inLanguage\":\"bs-BA\",\"@id\":\"https:\/\/tuzlainfo.ba\/index.php\/novosti\/item\/238828-posjetitelji-i-ucesnici-zadovoljni-vise-od-10-000-posjetilaca-na-sajmu-kafe-i-cokolade-u-tuzli\/#primaryimage\",\"url\":\"https:\/\/tuzlainfo.ba\/wp-content\/uploads\/2024\/05\/Sajam-Kafe-i-Cokolade-4.jpg\",\"contentUrl\":\"https:\/\/tuzlainfo.ba\/wp-content\/uploads\/2024\/05\/Sajam-Kafe-i-Cokolade-4.jpg\",\"width\":1200,\"height\":800},{\"@type\":\"BreadcrumbList\",\"@id\":\"https:\/\/tuzlainfo.ba\/index.php\/novosti\/item\/238828-posjetitelji-i-ucesnici-zadovoljni-vise-od-10-000-posjetilaca-na-sajmu-kafe-i-cokolade-u-tuzli\/#breadcrumb\",\"itemListElement\":[{\"@type\":\"ListItem\",\"position\":1,\"name\":\"Home\",\"item\":\"https:\/\/tuzlainfo.ba\/\"},{\"@type\":\"ListItem\",\"position\":2,\"name\":\"Posjetitelji i u\u010desnici zadovoljni: Vi\u0161e od 10.000 posjetilaca na Sajmu kafe i \u010dokolade u Tuzli\"}]},{\"@type\":\"WebSite\",\"@id\":\"https:\/\/tuzlainfo.ba\/#website\",\"url\":\"https:\/\/tuzlainfo.ba\/\",\"name\":\"TuzlaInfo.ba\",\"description\":\"Tuzla info, gradski informator - Tuzla na dlanu\",\"publisher\":{\"@id\":\"https:\/\/tuzlainfo.ba\/#organization\"},\"potentialAction\":[{\"@type\":\"SearchAction\",\"target\":{\"@type\":\"EntryPoint\",\"urlTemplate\":\"https:\/\/tuzlainfo.ba\/?s={search_term_string}\"},\"query-input\":{\"@type\":\"PropertyValueSpecification\",\"valueRequired\":true,\"valueName\":\"search_term_string\"}}],\"inLanguage\":\"bs-BA\"},{\"@type\":\"Organization\",\"@id\":\"https:\/\/tuzlainfo.ba\/#organization\",\"name\":\"TuzlaInfo.ba\",\"url\":\"https:\/\/tuzlainfo.ba\/\",\"logo\":{\"@type\":\"ImageObject\",\"inLanguage\":\"bs-BA\",\"@id\":\"https:\/\/tuzlainfo.ba\/#\/schema\/logo\/image\/\",\"url\":\"https:\/\/tuzlainfo.ba\/wp-content\/uploads\/2021\/03\/logo-ver-3-1.png\",\"contentUrl\":\"https:\/\/tuzlainfo.ba\/wp-content\/uploads\/2021\/03\/logo-ver-3-1.png\",\"width\":350,\"height\":95,\"caption\":\"TuzlaInfo.ba\"},\"image\":{\"@id\":\"https:\/\/tuzlainfo.ba\/#\/schema\/logo\/image\/\"},\"sameAs\":[\"https:\/\/www.facebook.com\/tuzlainfo.ba\/\"]},{\"@type\":\"Person\",\"@id\":\"https:\/\/tuzlainfo.ba\/#\/schema\/person\/f434e20dc27ea133923aab08451b7f7f\",\"name\":\"nedim\",\"image\":{\"@type\":\"ImageObject\",\"inLanguage\":\"bs-BA\",\"@id\":\"https:\/\/tuzlainfo.ba\/#\/schema\/person\/image\/\",\"url\":\"https:\/\/tuzlainfo.ba\/wp-content\/litespeed\/avatar\/aabad687af24844af817603ac1cbdc4f.jpg?ver=1776702173\",\"contentUrl\":\"https:\/\/tuzlainfo.ba\/wp-content\/litespeed\/avatar\/aabad687af24844af817603ac1cbdc4f.jpg?ver=1776702173\",\"caption\":\"nedim\"},\"description\":\"Tuzlainfo.ba pratite na dru\u0161tvenim mre\u017eama: Facebook, Instagram i Youtube. Svoje pri\u010de, upite i fotografije \u0161aljite na na\u0161u e-mail adresu.\"}]}<\/script>\n<!-- \/ Yoast SEO plugin. -->","yoast_head_json":{"title":"Posjetitelji i u\u010desnici zadovoljni: Vi\u0161e od 10.000 posjetilaca na Sajmu kafe i \u010dokolade u Tuzli - TuzlaInfo.ba","robots":{"index":"index","follow":"follow","max-snippet":"max-snippet:-1","max-image-preview":"max-image-preview:large","max-video-preview":"max-video-preview:-1"},"canonical":"https:\/\/tuzlainfo.ba\/index.php\/novosti\/item\/238828-posjetitelji-i-ucesnici-zadovoljni-vise-od-10-000-posjetilaca-na-sajmu-kafe-i-cokolade-u-tuzli\/","og_locale":"bs_BA","og_type":"article","og_title":"Posjetitelji i u\u010desnici zadovoljni: Vi\u0161e od 10.000 posjetilaca na Sajmu kafe i \u010dokolade u Tuzli - TuzlaInfo.ba","og_description":"Dru\u017eenjem i degustacijama u subotu zavr\u0161en je prvi Sajam Kafe i \u010cokolade u Tuzli. Manifestaciju&hellip;","og_url":"https:\/\/tuzlainfo.ba\/index.php\/novosti\/item\/238828-posjetitelji-i-ucesnici-zadovoljni-vise-od-10-000-posjetilaca-na-sajmu-kafe-i-cokolade-u-tuzli\/","og_site_name":"TuzlaInfo.ba","article_publisher":"https:\/\/www.facebook.com\/tuzlainfo.ba\/","article_published_time":"2024-05-19T17:20:51+00:00","og_image":[{"width":1200,"height":800,"url":"https:\/\/tuzlainfo.ba\/wp-content\/uploads\/2024\/05\/Sajam-Kafe-i-Cokolade-4.jpg","type":"image\/jpeg"}],"author":"nedim","twitter_card":"summary_large_image","twitter_misc":{"Written by":"nedim","Est. reading time":"2 minute"},"schema":{"@context":"https:\/\/schema.org","@graph":[{"@type":"Article","@id":"https:\/\/tuzlainfo.ba\/index.php\/novosti\/item\/238828-posjetitelji-i-ucesnici-zadovoljni-vise-od-10-000-posjetilaca-na-sajmu-kafe-i-cokolade-u-tuzli\/#article","isPartOf":{"@id":"https:\/\/tuzlainfo.ba\/index.php\/novosti\/item\/238828-posjetitelji-i-ucesnici-zadovoljni-vise-od-10-000-posjetilaca-na-sajmu-kafe-i-cokolade-u-tuzli\/"},"author":{"name":"nedim","@id":"https:\/\/tuzlainfo.ba\/#\/schema\/person\/f434e20dc27ea133923aab08451b7f7f"},"headline":"Posjetitelji i u\u010desnici zadovoljni: Vi\u0161e od 10.000 posjetilaca na Sajmu kafe i \u010dokolade u Tuzli","datePublished":"2024-05-19T17:20:51+00:00","dateModified":"2024-05-19T17:20:51+00:00","mainEntityOfPage":{"@id":"https:\/\/tuzlainfo.ba\/index.php\/novosti\/item\/238828-posjetitelji-i-ucesnici-zadovoljni-vise-od-10-000-posjetilaca-na-sajmu-kafe-i-cokolade-u-tuzli\/"},"wordCount":294,"publisher":{"@id":"https:\/\/tuzlainfo.ba\/#organization"},"image":{"@id":"https:\/\/tuzlainfo.ba\/index.php\/novosti\/item\/238828-posjetitelji-i-ucesnici-zadovoljni-vise-od-10-000-posjetilaca-na-sajmu-kafe-i-cokolade-u-tuzli\/#primaryimage"},"thumbnailUrl":"https:\/\/tuzlainfo.ba\/wp-content\/uploads\/2024\/05\/Sajam-Kafe-i-Cokolade-4.jpg","keywords":["sajam kafe i \u010dokolade","tuzla"],"articleSection":["Istaknuto","Novosti"],"inLanguage":"bs-BA"},{"@type":"WebPage","@id":"https:\/\/tuzlainfo.ba\/index.php\/novosti\/item\/238828-posjetitelji-i-ucesnici-zadovoljni-vise-od-10-000-posjetilaca-na-sajmu-kafe-i-cokolade-u-tuzli\/","url":"https:\/\/tuzlainfo.ba\/index.php\/novosti\/item\/238828-posjetitelji-i-ucesnici-zadovoljni-vise-od-10-000-posjetilaca-na-sajmu-kafe-i-cokolade-u-tuzli\/","name":"Posjetitelji i u\u010desnici zadovoljni: Vi\u0161e od 10.000 posjetilaca na Sajmu kafe i \u010dokolade u Tuzli - TuzlaInfo.ba","isPartOf":{"@id":"https:\/\/tuzlainfo.ba\/#website"},"primaryImageOfPage":{"@id":"https:\/\/tuzlainfo.ba\/index.php\/novosti\/item\/238828-posjetitelji-i-ucesnici-zadovoljni-vise-od-10-000-posjetilaca-na-sajmu-kafe-i-cokolade-u-tuzli\/#primaryimage"},"image":{"@id":"https:\/\/tuzlainfo.ba\/index.php\/novosti\/item\/238828-posjetitelji-i-ucesnici-zadovoljni-vise-od-10-000-posjetilaca-na-sajmu-kafe-i-cokolade-u-tuzli\/#primaryimage"},"thumbnailUrl":"https:\/\/tuzlainfo.ba\/wp-content\/uploads\/2024\/05\/Sajam-Kafe-i-Cokolade-4.jpg","datePublished":"2024-05-19T17:20:51+00:00","dateModified":"2024-05-19T17:20:51+00:00","breadcrumb":{"@id":"https:\/\/tuzlainfo.ba\/index.php\/novosti\/item\/238828-posjetitelji-i-ucesnici-zadovoljni-vise-od-10-000-posjetilaca-na-sajmu-kafe-i-cokolade-u-tuzli\/#breadcrumb"},"inLanguage":"bs-BA","potentialAction":[{"@type":"ReadAction","target":["https:\/\/tuzlainfo.ba\/index.php\/novosti\/item\/238828-posjetitelji-i-ucesnici-zadovoljni-vise-od-10-000-posjetilaca-na-sajmu-kafe-i-cokolade-u-tuzli\/"]}]},{"@type":"ImageObject","inLanguage":"bs-BA","@id":"https:\/\/tuzlainfo.ba\/index.php\/novosti\/item\/238828-posjetitelji-i-ucesnici-zadovoljni-vise-od-10-000-posjetilaca-na-sajmu-kafe-i-cokolade-u-tuzli\/#primaryimage","url":"https:\/\/tuzlainfo.ba\/wp-content\/uploads\/2024\/05\/Sajam-Kafe-i-Cokolade-4.jpg","contentUrl":"https:\/\/tuzlainfo.ba\/wp-content\/uploads\/2024\/05\/Sajam-Kafe-i-Cokolade-4.jpg","width":1200,"height":800},{"@type":"BreadcrumbList","@id":"https:\/\/tuzlainfo.ba\/index.php\/novosti\/item\/238828-posjetitelji-i-ucesnici-zadovoljni-vise-od-10-000-posjetilaca-na-sajmu-kafe-i-cokolade-u-tuzli\/#breadcrumb","itemListElement":[{"@type":"ListItem","position":1,"name":"Home","item":"https:\/\/tuzlainfo.ba\/"},{"@type":"ListItem","position":2,"name":"Posjetitelji i u\u010desnici zadovoljni: Vi\u0161e od 10.000 posjetilaca na Sajmu kafe i \u010dokolade u Tuzli"}]},{"@type":"WebSite","@id":"https:\/\/tuzlainfo.ba\/#website","url":"https:\/\/tuzlainfo.ba\/","name":"TuzlaInfo.ba","description":"Tuzla info, gradski informator - Tuzla na dlanu","publisher":{"@id":"https:\/\/tuzlainfo.ba\/#organization"},"potentialAction":[{"@type":"SearchAction","target":{"@type":"EntryPoint","urlTemplate":"https:\/\/tuzlainfo.ba\/?s={search_term_string}"},"query-input":{"@type":"PropertyValueSpecification","valueRequired":true,"valueName":"search_term_string"}}],"inLanguage":"bs-BA"},{"@type":"Organization","@id":"https:\/\/tuzlainfo.ba\/#organization","name":"TuzlaInfo.ba","url":"https:\/\/tuzlainfo.ba\/","logo":{"@type":"ImageObject","inLanguage":"bs-BA","@id":"https:\/\/tuzlainfo.ba\/#\/schema\/logo\/image\/","url":"https:\/\/tuzlainfo.ba\/wp-content\/uploads\/2021\/03\/logo-ver-3-1.png","contentUrl":"https:\/\/tuzlainfo.ba\/wp-content\/uploads\/2021\/03\/logo-ver-3-1.png","width":350,"height":95,"caption":"TuzlaInfo.ba"},"image":{"@id":"https:\/\/tuzlainfo.ba\/#\/schema\/logo\/image\/"},"sameAs":["https:\/\/www.facebook.com\/tuzlainfo.ba\/"]},{"@type":"Person","@id":"https:\/\/tuzlainfo.ba\/#\/schema\/person\/f434e20dc27ea133923aab08451b7f7f","name":"nedim","image":{"@type":"ImageObject","inLanguage":"bs-BA","@id":"https:\/\/tuzlainfo.ba\/#\/schema\/person\/image\/","url":"https:\/\/tuzlainfo.ba\/wp-content\/litespeed\/avatar\/aabad687af24844af817603ac1cbdc4f.jpg?ver=1776702173","contentUrl":"https:\/\/tuzlainfo.ba\/wp-content\/litespeed\/avatar\/aabad687af24844af817603ac1cbdc4f.jpg?ver=1776702173","caption":"nedim"},"description":"Tuzlainfo.ba pratite na dru\u0161tvenim mre\u017eama: Facebook, Instagram i Youtube. Svoje pri\u010de, upite i fotografije \u0161aljite na na\u0161u e-mail adresu."}]}},"_links":{"self":[{"href":"https:\/\/tuzlainfo.ba\/index.php\/wp-json\/wp\/v2\/posts\/238828"}],"collection":[{"href":"https:\/\/tuzlainfo.ba\/index.php\/wp-json\/wp\/v2\/posts"}],"about":[{"href":"https:\/\/tuzlainfo.ba\/index.php\/wp-json\/wp\/v2\/types\/post"}],"author":[{"embeddable":true,"href":"https:\/\/tuzlainfo.ba\/index.php\/wp-json\/wp\/v2\/users\/2"}],"replies":[{"embeddable":true,"href":"https:\/\/tuzlainfo.ba\/index.php\/wp-json\/wp\/v2\/comments?post=238828"}],"version-history":[{"count":1,"href":"https:\/\/tuzlainfo.ba\/index.php\/wp-json\/wp\/v2\/posts\/238828\/revisions"}],"predecessor-version":[{"id":238830,"href":"https:\/\/tuzlainfo.ba\/index.php\/wp-json\/wp\/v2\/posts\/238828\/revisions\/238830"}],"wp:featuredmedia":[{"embeddable":true,"href":"https:\/\/tuzlainfo.ba\/index.php\/wp-json\/wp\/v2\/media\/238829"}],"wp:attachment":[{"href":"https:\/\/tuzlainfo.ba\/index.php\/wp-json\/wp\/v2\/media?parent=238828"}],"wp:term":[{"taxonomy":"category","embeddable":true,"href":"https:\/\/tuzlainfo.ba\/index.php\/wp-json\/wp\/v2\/categories?post=238828"},{"taxonomy":"post_tag","embeddable":true,"href":"https:\/\/tuzlainfo.ba\/index.php\/wp-json\/wp\/v2\/tags?post=238828"}],"curies":[{"name":"wp","href":"https:\/\/api.w.org\/{rel}","templated":true}]}}