{"id":238814,"date":"2024-05-19T17:21:21","date_gmt":"2024-05-19T15:21:21","guid":{"rendered":"https:\/\/tuzlainfo.ba\/?p=238814"},"modified":"2024-05-19T17:21:21","modified_gmt":"2024-05-19T15:21:21","slug":"video-proucena-zajednicka-ikrar-dova-za-ovogodisnje-hadzije-iz-miz-tuzla","status":"publish","type":"post","link":"https:\/\/tuzlainfo.ba\/index.php\/novosti\/item\/238814-video-proucena-zajednicka-ikrar-dova-za-ovogodisnje-hadzije-iz-miz-tuzla\/","title":{"rendered":"VIDEO \/ Prou\u010dena zajedni\u010dka ikrar dova za ovogodi\u0161nje had\u017eije iz MIZ Tuzla"},"content":{"rendered":"<p>Zajedni\u010dka ikrar dova za ovogodi\u0161nje had\u017eije i had\u017ei-hanume s podru\u010dja Med\u017elisa Islamske zajednice Tuzla prou\u010dena je u Had\u017eijskoj d\u017eamiji u nedjelju, 19. maja 2024. godine. Rije\u010di dobrodo\u0161lice na po\u010detku programa uputio je Mumin-ef. Mumi\u0107.<\/p>\n<p>Glavni tuzlanski imam hafiz Ahmed-ef. Huskanovi\u0107 obratio se prigodnim rije\u010dima. Hafiz Huskanovi\u0107 je svima koji su ovogodi\u0161nji gosti Allaha d\u017e.\u0161. na svetim mjestima po\u017eelio hajirli putovanje i da im ibadeti budu primljeni, isti\u010du\u0107i zna\u010daj i veli\u010dinu hodo\u010da\u0161\u0107a na koje se spremaju i koje \u0107e njihov \u017eivot posebno uljep\u0161ati i duhovno obogatiti.<\/p>\n<p><iframe title=\"Ahmed Huskanovi\u0107, glavni imam MIZ Tuzla - Ikrar dova za budu\u0107e had\u017eije\" width=\"1170\" height=\"658\" src=\"https:\/\/www.youtube.com\/embed\/c3bqkOY2GsI?feature=oembed\" frameborder=\"0\" allow=\"accelerometer; autoplay; clipboard-write; encrypted-media; gyroscope; picture-in-picture; web-share\" referrerpolicy=\"strict-origin-when-cross-origin\" allowfullscreen><\/iframe><\/p>\n<p>Jedan od budu\u0107ih had\u017eija i je i Fikret Ali\u0107 koji je rekao da je odlazak na had\u017e san svakog muslimana.<\/p>\n<p><iframe title=\"Fikret Ali\u0107 odlazi na had\u017e\" width=\"1170\" height=\"658\" src=\"https:\/\/www.youtube.com\/embed\/6Y0E5ES8DTk?start=4&#038;feature=oembed\" frameborder=\"0\" allow=\"accelerometer; autoplay; clipboard-write; encrypted-media; gyroscope; picture-in-picture; web-share\" referrerpolicy=\"strict-origin-when-cross-origin\" allowfullscreen><\/iframe><\/p>\n<p>Okupljenim had\u017eijama, njihovim porodicama i svima koji su do\u0161li da podijele radost ovog mubarek doga\u0111aja vazi-nasihatom obratio se glavni imam Med\u017elisa Islamske zajednice Maglaj mr. Nevres-ef. Hod\u017ei\u0107. Glavni imam Hod\u017ei\u0107 u svojoj poruci je istakao:<\/p>\n<p><iframe title=\"Nevres ef. Hodzic - Ikrar dova za hadzije Medzlisa Tuzla\" width=\"1170\" height=\"658\" src=\"https:\/\/www.youtube.com\/embed\/tLyJQLTg2MQ?start=3&#038;feature=oembed\" frameborder=\"0\" allow=\"accelerometer; autoplay; clipboard-write; encrypted-media; gyroscope; picture-in-picture; web-share\" referrerpolicy=\"strict-origin-when-cross-origin\" allowfullscreen><\/iframe><\/p>\n<p>Prigodan program izveli su tuzlanski imami, \u010dlanovi hora \u201eGazi Turali-beg\u201c, a moderator programa bio je Esmir-ef. Hasanovi\u0107. Ikrar dovu prou\u010dio je hafiz dr. Edin efendija Pe\u0161tali\u0107.<\/p>\n<p>Ove godine s podru\u010dja Med\u017elisa Tuzla na had\u017e odlazi 35 d\u017eematlija i d\u017eematlijki: Emira Jahi\u0107, Fahra Malji\u0161evi\u0107, Fikret Ali\u0107, \u0160a\u0107ir Hamzabegovi\u0107, Zuhra Suljevi\u0107, Edin Smaji\u0107, Fatima Korkutovi\u0107, Emina Tanji\u0107, Hamza Haramba\u0161i\u0107,Ramiza Hamzabegovi\u0107, Safet Hamzi\u0107, Nermin Vehabovi\u0107, D\u017eenana Vehabovi\u0107, Rifet Sulji\u0107, \u0160uhreta Sulji\u0107, Zijad Jusufovi\u0107, \u0160evala D\u017eafi\u0107, Rahima Jahi\u0107, Nedim Osmanovi\u0107, Fatimka Isi\u0107, Kadira Bijeljinac, Muhamed Berbi\u0107, Sakib Mehmedovi\u0107, Aida Mehmedovi\u0107, Fehim Husejinovi\u0107, Safija Husejinovi\u0107, Habiba Husejinovi\u0107, Raif Mujanovi\u0107, Zemira Mujanovi\u0107, Nedim Mujanovi\u0107, Rabija Dedagi\u0107, Salih Ali\u0107, Sabina Arapovi\u0107, Husnija Kikanovi\u0107 i Nizama Kikanovi\u0107. Petu islamsku du\u017enost \u2013 had\u017e ove godine \u0107e obaviti 2.225 osoba iz Bosne i Hercegovine. Prvi avion \u0107e iz Sarajeva za D\u017eedu krenuti 6. juna. Had\u017eije \u0107e najprije boraviti u Mekki, a potom u Medini.<strong>\/S.P.\/<\/strong><\/p>\n","protected":false},"excerpt":{"rendered":"<p>Zajedni\u010dka ikrar dova za ovogodi\u0161nje had\u017eije i had\u017ei-hanume s podru\u010dja Med\u017elisa Islamske zajednice Tuzla prou\u010dena&hellip;<\/p>\n","protected":false},"author":2,"featured_media":238815,"comment_status":"closed","ping_status":"closed","sticky":false,"template":"","format":"standard","meta":{"_acf_changed":false,"footnotes":""},"categories":[304,12],"tags":[4975,4974,42],"acf":[],"yoast_head":"<!-- This site is optimized with the Yoast SEO plugin v23.5 - https:\/\/yoast.com\/wordpress\/plugins\/seo\/ -->\n<title>VIDEO \/ Prou\u010dena zajedni\u010dka ikrar dova za ovogodi\u0161nje had\u017eije iz MIZ Tuzla - TuzlaInfo.ba<\/title>\n<meta name=\"robots\" content=\"index, follow, max-snippet:-1, max-image-preview:large, max-video-preview:-1\" \/>\n<link rel=\"canonical\" href=\"https:\/\/tuzlainfo.ba\/index.php\/novosti\/item\/238814-video-proucena-zajednicka-ikrar-dova-za-ovogodisnje-hadzije-iz-miz-tuzla\/\" \/>\n<meta property=\"og:locale\" content=\"bs_BA\" \/>\n<meta property=\"og:type\" content=\"article\" \/>\n<meta property=\"og:title\" content=\"VIDEO \/ Prou\u010dena zajedni\u010dka ikrar dova za ovogodi\u0161nje had\u017eije iz MIZ Tuzla - TuzlaInfo.ba\" \/>\n<meta property=\"og:description\" content=\"Zajedni\u010dka ikrar dova za ovogodi\u0161nje had\u017eije i had\u017ei-hanume s podru\u010dja Med\u017elisa Islamske zajednice Tuzla prou\u010dena&hellip;\" \/>\n<meta property=\"og:url\" content=\"https:\/\/tuzlainfo.ba\/index.php\/novosti\/item\/238814-video-proucena-zajednicka-ikrar-dova-za-ovogodisnje-hadzije-iz-miz-tuzla\/\" \/>\n<meta property=\"og:site_name\" content=\"TuzlaInfo.ba\" \/>\n<meta property=\"article:publisher\" content=\"https:\/\/www.facebook.com\/tuzlainfo.ba\/\" \/>\n<meta property=\"article:published_time\" content=\"2024-05-19T15:21:21+00:00\" \/>\n<meta property=\"og:image\" content=\"https:\/\/tuzlainfo.ba\/wp-content\/uploads\/2024\/05\/1905_kolaz_ikrar.jpg\" \/>\n\t<meta property=\"og:image:width\" content=\"1000\" \/>\n\t<meta property=\"og:image:height\" content=\"602\" \/>\n\t<meta property=\"og:image:type\" content=\"image\/jpeg\" \/>\n<meta name=\"author\" content=\"nedim\" \/>\n<meta name=\"twitter:card\" content=\"summary_large_image\" \/>\n<meta name=\"twitter:label1\" content=\"Written by\" \/>\n\t<meta name=\"twitter:data1\" content=\"nedim\" \/>\n\t<meta name=\"twitter:label2\" content=\"Est. reading time\" \/>\n\t<meta name=\"twitter:data2\" content=\"2 minute\" \/>\n<script type=\"application\/ld+json\" class=\"yoast-schema-graph\">{\"@context\":\"https:\/\/schema.org\",\"@graph\":[{\"@type\":\"Article\",\"@id\":\"https:\/\/tuzlainfo.ba\/index.php\/novosti\/item\/238814-video-proucena-zajednicka-ikrar-dova-za-ovogodisnje-hadzije-iz-miz-tuzla\/#article\",\"isPartOf\":{\"@id\":\"https:\/\/tuzlainfo.ba\/index.php\/novosti\/item\/238814-video-proucena-zajednicka-ikrar-dova-za-ovogodisnje-hadzije-iz-miz-tuzla\/\"},\"author\":{\"name\":\"nedim\",\"@id\":\"https:\/\/tuzlainfo.ba\/#\/schema\/person\/f434e20dc27ea133923aab08451b7f7f\"},\"headline\":\"VIDEO \/ Prou\u010dena zajedni\u010dka ikrar dova za ovogodi\u0161nje had\u017eije iz MIZ Tuzla\",\"datePublished\":\"2024-05-19T15:21:21+00:00\",\"dateModified\":\"2024-05-19T15:21:21+00:00\",\"mainEntityOfPage\":{\"@id\":\"https:\/\/tuzlainfo.ba\/index.php\/novosti\/item\/238814-video-proucena-zajednicka-ikrar-dova-za-ovogodisnje-hadzije-iz-miz-tuzla\/\"},\"wordCount\":373,\"publisher\":{\"@id\":\"https:\/\/tuzlainfo.ba\/#organization\"},\"image\":{\"@id\":\"https:\/\/tuzlainfo.ba\/index.php\/novosti\/item\/238814-video-proucena-zajednicka-ikrar-dova-za-ovogodisnje-hadzije-iz-miz-tuzla\/#primaryimage\"},\"thumbnailUrl\":\"https:\/\/tuzlainfo.ba\/wp-content\/uploads\/2024\/05\/1905_kolaz_ikrar.jpg\",\"keywords\":[\"had\u017eije\",\"ikrar dova\",\"tuzla\"],\"articleSection\":[\"Istaknuto\",\"Novosti\"],\"inLanguage\":\"bs-BA\"},{\"@type\":\"WebPage\",\"@id\":\"https:\/\/tuzlainfo.ba\/index.php\/novosti\/item\/238814-video-proucena-zajednicka-ikrar-dova-za-ovogodisnje-hadzije-iz-miz-tuzla\/\",\"url\":\"https:\/\/tuzlainfo.ba\/index.php\/novosti\/item\/238814-video-proucena-zajednicka-ikrar-dova-za-ovogodisnje-hadzije-iz-miz-tuzla\/\",\"name\":\"VIDEO \/ Prou\u010dena zajedni\u010dka ikrar dova za ovogodi\u0161nje had\u017eije iz MIZ Tuzla - TuzlaInfo.ba\",\"isPartOf\":{\"@id\":\"https:\/\/tuzlainfo.ba\/#website\"},\"primaryImageOfPage\":{\"@id\":\"https:\/\/tuzlainfo.ba\/index.php\/novosti\/item\/238814-video-proucena-zajednicka-ikrar-dova-za-ovogodisnje-hadzije-iz-miz-tuzla\/#primaryimage\"},\"image\":{\"@id\":\"https:\/\/tuzlainfo.ba\/index.php\/novosti\/item\/238814-video-proucena-zajednicka-ikrar-dova-za-ovogodisnje-hadzije-iz-miz-tuzla\/#primaryimage\"},\"thumbnailUrl\":\"https:\/\/tuzlainfo.ba\/wp-content\/uploads\/2024\/05\/1905_kolaz_ikrar.jpg\",\"datePublished\":\"2024-05-19T15:21:21+00:00\",\"dateModified\":\"2024-05-19T15:21:21+00:00\",\"breadcrumb\":{\"@id\":\"https:\/\/tuzlainfo.ba\/index.php\/novosti\/item\/238814-video-proucena-zajednicka-ikrar-dova-za-ovogodisnje-hadzije-iz-miz-tuzla\/#breadcrumb\"},\"inLanguage\":\"bs-BA\",\"potentialAction\":[{\"@type\":\"ReadAction\",\"target\":[\"https:\/\/tuzlainfo.ba\/index.php\/novosti\/item\/238814-video-proucena-zajednicka-ikrar-dova-za-ovogodisnje-hadzije-iz-miz-tuzla\/\"]}]},{\"@type\":\"ImageObject\",\"inLanguage\":\"bs-BA\",\"@id\":\"https:\/\/tuzlainfo.ba\/index.php\/novosti\/item\/238814-video-proucena-zajednicka-ikrar-dova-za-ovogodisnje-hadzije-iz-miz-tuzla\/#primaryimage\",\"url\":\"https:\/\/tuzlainfo.ba\/wp-content\/uploads\/2024\/05\/1905_kolaz_ikrar.jpg\",\"contentUrl\":\"https:\/\/tuzlainfo.ba\/wp-content\/uploads\/2024\/05\/1905_kolaz_ikrar.jpg\",\"width\":1000,\"height\":602},{\"@type\":\"BreadcrumbList\",\"@id\":\"https:\/\/tuzlainfo.ba\/index.php\/novosti\/item\/238814-video-proucena-zajednicka-ikrar-dova-za-ovogodisnje-hadzije-iz-miz-tuzla\/#breadcrumb\",\"itemListElement\":[{\"@type\":\"ListItem\",\"position\":1,\"name\":\"Home\",\"item\":\"https:\/\/tuzlainfo.ba\/\"},{\"@type\":\"ListItem\",\"position\":2,\"name\":\"VIDEO \/ Prou\u010dena zajedni\u010dka ikrar dova za ovogodi\u0161nje had\u017eije iz MIZ Tuzla\"}]},{\"@type\":\"WebSite\",\"@id\":\"https:\/\/tuzlainfo.ba\/#website\",\"url\":\"https:\/\/tuzlainfo.ba\/\",\"name\":\"TuzlaInfo.ba\",\"description\":\"Tuzla info, gradski informator - Tuzla na dlanu\",\"publisher\":{\"@id\":\"https:\/\/tuzlainfo.ba\/#organization\"},\"potentialAction\":[{\"@type\":\"SearchAction\",\"target\":{\"@type\":\"EntryPoint\",\"urlTemplate\":\"https:\/\/tuzlainfo.ba\/?s={search_term_string}\"},\"query-input\":{\"@type\":\"PropertyValueSpecification\",\"valueRequired\":true,\"valueName\":\"search_term_string\"}}],\"inLanguage\":\"bs-BA\"},{\"@type\":\"Organization\",\"@id\":\"https:\/\/tuzlainfo.ba\/#organization\",\"name\":\"TuzlaInfo.ba\",\"url\":\"https:\/\/tuzlainfo.ba\/\",\"logo\":{\"@type\":\"ImageObject\",\"inLanguage\":\"bs-BA\",\"@id\":\"https:\/\/tuzlainfo.ba\/#\/schema\/logo\/image\/\",\"url\":\"https:\/\/tuzlainfo.ba\/wp-content\/uploads\/2021\/03\/logo-ver-3-1.png\",\"contentUrl\":\"https:\/\/tuzlainfo.ba\/wp-content\/uploads\/2021\/03\/logo-ver-3-1.png\",\"width\":350,\"height\":95,\"caption\":\"TuzlaInfo.ba\"},\"image\":{\"@id\":\"https:\/\/tuzlainfo.ba\/#\/schema\/logo\/image\/\"},\"sameAs\":[\"https:\/\/www.facebook.com\/tuzlainfo.ba\/\"]},{\"@type\":\"Person\",\"@id\":\"https:\/\/tuzlainfo.ba\/#\/schema\/person\/f434e20dc27ea133923aab08451b7f7f\",\"name\":\"nedim\",\"image\":{\"@type\":\"ImageObject\",\"inLanguage\":\"bs-BA\",\"@id\":\"https:\/\/tuzlainfo.ba\/#\/schema\/person\/image\/\",\"url\":\"https:\/\/tuzlainfo.ba\/wp-content\/litespeed\/avatar\/aabad687af24844af817603ac1cbdc4f.jpg?ver=1777306975\",\"contentUrl\":\"https:\/\/tuzlainfo.ba\/wp-content\/litespeed\/avatar\/aabad687af24844af817603ac1cbdc4f.jpg?ver=1777306975\",\"caption\":\"nedim\"},\"description\":\"Tuzlainfo.ba pratite na dru\u0161tvenim mre\u017eama: Facebook, Instagram i Youtube. Svoje pri\u010de, upite i fotografije \u0161aljite na na\u0161u e-mail adresu.\"}]}<\/script>\n<!-- \/ Yoast SEO plugin. -->","yoast_head_json":{"title":"VIDEO \/ Prou\u010dena zajedni\u010dka ikrar dova za ovogodi\u0161nje had\u017eije iz MIZ Tuzla - TuzlaInfo.ba","robots":{"index":"index","follow":"follow","max-snippet":"max-snippet:-1","max-image-preview":"max-image-preview:large","max-video-preview":"max-video-preview:-1"},"canonical":"https:\/\/tuzlainfo.ba\/index.php\/novosti\/item\/238814-video-proucena-zajednicka-ikrar-dova-za-ovogodisnje-hadzije-iz-miz-tuzla\/","og_locale":"bs_BA","og_type":"article","og_title":"VIDEO \/ Prou\u010dena zajedni\u010dka ikrar dova za ovogodi\u0161nje had\u017eije iz MIZ Tuzla - TuzlaInfo.ba","og_description":"Zajedni\u010dka ikrar dova za ovogodi\u0161nje had\u017eije i had\u017ei-hanume s podru\u010dja Med\u017elisa Islamske zajednice Tuzla prou\u010dena&hellip;","og_url":"https:\/\/tuzlainfo.ba\/index.php\/novosti\/item\/238814-video-proucena-zajednicka-ikrar-dova-za-ovogodisnje-hadzije-iz-miz-tuzla\/","og_site_name":"TuzlaInfo.ba","article_publisher":"https:\/\/www.facebook.com\/tuzlainfo.ba\/","article_published_time":"2024-05-19T15:21:21+00:00","og_image":[{"width":1000,"height":602,"url":"https:\/\/tuzlainfo.ba\/wp-content\/uploads\/2024\/05\/1905_kolaz_ikrar.jpg","type":"image\/jpeg"}],"author":"nedim","twitter_card":"summary_large_image","twitter_misc":{"Written by":"nedim","Est. reading time":"2 minute"},"schema":{"@context":"https:\/\/schema.org","@graph":[{"@type":"Article","@id":"https:\/\/tuzlainfo.ba\/index.php\/novosti\/item\/238814-video-proucena-zajednicka-ikrar-dova-za-ovogodisnje-hadzije-iz-miz-tuzla\/#article","isPartOf":{"@id":"https:\/\/tuzlainfo.ba\/index.php\/novosti\/item\/238814-video-proucena-zajednicka-ikrar-dova-za-ovogodisnje-hadzije-iz-miz-tuzla\/"},"author":{"name":"nedim","@id":"https:\/\/tuzlainfo.ba\/#\/schema\/person\/f434e20dc27ea133923aab08451b7f7f"},"headline":"VIDEO \/ Prou\u010dena zajedni\u010dka ikrar dova za ovogodi\u0161nje had\u017eije iz MIZ Tuzla","datePublished":"2024-05-19T15:21:21+00:00","dateModified":"2024-05-19T15:21:21+00:00","mainEntityOfPage":{"@id":"https:\/\/tuzlainfo.ba\/index.php\/novosti\/item\/238814-video-proucena-zajednicka-ikrar-dova-za-ovogodisnje-hadzije-iz-miz-tuzla\/"},"wordCount":373,"publisher":{"@id":"https:\/\/tuzlainfo.ba\/#organization"},"image":{"@id":"https:\/\/tuzlainfo.ba\/index.php\/novosti\/item\/238814-video-proucena-zajednicka-ikrar-dova-za-ovogodisnje-hadzije-iz-miz-tuzla\/#primaryimage"},"thumbnailUrl":"https:\/\/tuzlainfo.ba\/wp-content\/uploads\/2024\/05\/1905_kolaz_ikrar.jpg","keywords":["had\u017eije","ikrar dova","tuzla"],"articleSection":["Istaknuto","Novosti"],"inLanguage":"bs-BA"},{"@type":"WebPage","@id":"https:\/\/tuzlainfo.ba\/index.php\/novosti\/item\/238814-video-proucena-zajednicka-ikrar-dova-za-ovogodisnje-hadzije-iz-miz-tuzla\/","url":"https:\/\/tuzlainfo.ba\/index.php\/novosti\/item\/238814-video-proucena-zajednicka-ikrar-dova-za-ovogodisnje-hadzije-iz-miz-tuzla\/","name":"VIDEO \/ Prou\u010dena zajedni\u010dka ikrar dova za ovogodi\u0161nje had\u017eije iz MIZ Tuzla - TuzlaInfo.ba","isPartOf":{"@id":"https:\/\/tuzlainfo.ba\/#website"},"primaryImageOfPage":{"@id":"https:\/\/tuzlainfo.ba\/index.php\/novosti\/item\/238814-video-proucena-zajednicka-ikrar-dova-za-ovogodisnje-hadzije-iz-miz-tuzla\/#primaryimage"},"image":{"@id":"https:\/\/tuzlainfo.ba\/index.php\/novosti\/item\/238814-video-proucena-zajednicka-ikrar-dova-za-ovogodisnje-hadzije-iz-miz-tuzla\/#primaryimage"},"thumbnailUrl":"https:\/\/tuzlainfo.ba\/wp-content\/uploads\/2024\/05\/1905_kolaz_ikrar.jpg","datePublished":"2024-05-19T15:21:21+00:00","dateModified":"2024-05-19T15:21:21+00:00","breadcrumb":{"@id":"https:\/\/tuzlainfo.ba\/index.php\/novosti\/item\/238814-video-proucena-zajednicka-ikrar-dova-za-ovogodisnje-hadzije-iz-miz-tuzla\/#breadcrumb"},"inLanguage":"bs-BA","potentialAction":[{"@type":"ReadAction","target":["https:\/\/tuzlainfo.ba\/index.php\/novosti\/item\/238814-video-proucena-zajednicka-ikrar-dova-za-ovogodisnje-hadzije-iz-miz-tuzla\/"]}]},{"@type":"ImageObject","inLanguage":"bs-BA","@id":"https:\/\/tuzlainfo.ba\/index.php\/novosti\/item\/238814-video-proucena-zajednicka-ikrar-dova-za-ovogodisnje-hadzije-iz-miz-tuzla\/#primaryimage","url":"https:\/\/tuzlainfo.ba\/wp-content\/uploads\/2024\/05\/1905_kolaz_ikrar.jpg","contentUrl":"https:\/\/tuzlainfo.ba\/wp-content\/uploads\/2024\/05\/1905_kolaz_ikrar.jpg","width":1000,"height":602},{"@type":"BreadcrumbList","@id":"https:\/\/tuzlainfo.ba\/index.php\/novosti\/item\/238814-video-proucena-zajednicka-ikrar-dova-za-ovogodisnje-hadzije-iz-miz-tuzla\/#breadcrumb","itemListElement":[{"@type":"ListItem","position":1,"name":"Home","item":"https:\/\/tuzlainfo.ba\/"},{"@type":"ListItem","position":2,"name":"VIDEO \/ Prou\u010dena zajedni\u010dka ikrar dova za ovogodi\u0161nje had\u017eije iz MIZ Tuzla"}]},{"@type":"WebSite","@id":"https:\/\/tuzlainfo.ba\/#website","url":"https:\/\/tuzlainfo.ba\/","name":"TuzlaInfo.ba","description":"Tuzla info, gradski informator - Tuzla na dlanu","publisher":{"@id":"https:\/\/tuzlainfo.ba\/#organization"},"potentialAction":[{"@type":"SearchAction","target":{"@type":"EntryPoint","urlTemplate":"https:\/\/tuzlainfo.ba\/?s={search_term_string}"},"query-input":{"@type":"PropertyValueSpecification","valueRequired":true,"valueName":"search_term_string"}}],"inLanguage":"bs-BA"},{"@type":"Organization","@id":"https:\/\/tuzlainfo.ba\/#organization","name":"TuzlaInfo.ba","url":"https:\/\/tuzlainfo.ba\/","logo":{"@type":"ImageObject","inLanguage":"bs-BA","@id":"https:\/\/tuzlainfo.ba\/#\/schema\/logo\/image\/","url":"https:\/\/tuzlainfo.ba\/wp-content\/uploads\/2021\/03\/logo-ver-3-1.png","contentUrl":"https:\/\/tuzlainfo.ba\/wp-content\/uploads\/2021\/03\/logo-ver-3-1.png","width":350,"height":95,"caption":"TuzlaInfo.ba"},"image":{"@id":"https:\/\/tuzlainfo.ba\/#\/schema\/logo\/image\/"},"sameAs":["https:\/\/www.facebook.com\/tuzlainfo.ba\/"]},{"@type":"Person","@id":"https:\/\/tuzlainfo.ba\/#\/schema\/person\/f434e20dc27ea133923aab08451b7f7f","name":"nedim","image":{"@type":"ImageObject","inLanguage":"bs-BA","@id":"https:\/\/tuzlainfo.ba\/#\/schema\/person\/image\/","url":"https:\/\/tuzlainfo.ba\/wp-content\/litespeed\/avatar\/aabad687af24844af817603ac1cbdc4f.jpg?ver=1777306975","contentUrl":"https:\/\/tuzlainfo.ba\/wp-content\/litespeed\/avatar\/aabad687af24844af817603ac1cbdc4f.jpg?ver=1777306975","caption":"nedim"},"description":"Tuzlainfo.ba pratite na dru\u0161tvenim mre\u017eama: Facebook, Instagram i Youtube. Svoje pri\u010de, upite i fotografije \u0161aljite na na\u0161u e-mail adresu."}]}},"_links":{"self":[{"href":"https:\/\/tuzlainfo.ba\/index.php\/wp-json\/wp\/v2\/posts\/238814"}],"collection":[{"href":"https:\/\/tuzlainfo.ba\/index.php\/wp-json\/wp\/v2\/posts"}],"about":[{"href":"https:\/\/tuzlainfo.ba\/index.php\/wp-json\/wp\/v2\/types\/post"}],"author":[{"embeddable":true,"href":"https:\/\/tuzlainfo.ba\/index.php\/wp-json\/wp\/v2\/users\/2"}],"replies":[{"embeddable":true,"href":"https:\/\/tuzlainfo.ba\/index.php\/wp-json\/wp\/v2\/comments?post=238814"}],"version-history":[{"count":1,"href":"https:\/\/tuzlainfo.ba\/index.php\/wp-json\/wp\/v2\/posts\/238814\/revisions"}],"predecessor-version":[{"id":238816,"href":"https:\/\/tuzlainfo.ba\/index.php\/wp-json\/wp\/v2\/posts\/238814\/revisions\/238816"}],"wp:featuredmedia":[{"embeddable":true,"href":"https:\/\/tuzlainfo.ba\/index.php\/wp-json\/wp\/v2\/media\/238815"}],"wp:attachment":[{"href":"https:\/\/tuzlainfo.ba\/index.php\/wp-json\/wp\/v2\/media?parent=238814"}],"wp:term":[{"taxonomy":"category","embeddable":true,"href":"https:\/\/tuzlainfo.ba\/index.php\/wp-json\/wp\/v2\/categories?post=238814"},{"taxonomy":"post_tag","embeddable":true,"href":"https:\/\/tuzlainfo.ba\/index.php\/wp-json\/wp\/v2\/tags?post=238814"}],"curies":[{"name":"wp","href":"https:\/\/api.w.org\/{rel}","templated":true}]}}