{"id":238485,"date":"2024-05-15T20:58:55","date_gmt":"2024-05-15T18:58:55","guid":{"rendered":"https:\/\/tuzlainfo.ba\/?p=238485"},"modified":"2024-05-15T20:58:55","modified_gmt":"2024-05-15T18:58:55","slug":"sutra-u-tuzli-pocinje-prvi-sajam-kafe-i-cokolade","status":"publish","type":"post","link":"https:\/\/tuzlainfo.ba\/index.php\/novosti\/item\/238485-sutra-u-tuzli-pocinje-prvi-sajam-kafe-i-cokolade\/","title":{"rendered":"Sutra u Tuzli po\u010dinje Prvi Sajam Kafe i \u010cokolade"},"content":{"rendered":"<p>Nakon mjeseci priprema sutra (\u010detvrtak 16.maj) u 17 sati prvi Sajam Kafe i \u010cokolade u Tuzli otvara svoja vrata.<\/p>\n<p>Ljubitelji crnog napitka i najpopularnije slastice od 16. do 18. 05. u Tuzli na Sajmu Kafe i \u010cokolade u organizaciji UG Activus u\u017eiva\u0107e u probranim ukusima koje za njih priprema \u0161est ekskluzivnih kafe brendova i 15 handmade \u010dokolaterija, a mo\u0107e i ku\u0161ati posebno privla\u010dni \u010dokomed.<\/p>\n<p>Prvi Sajam ove vrste koji se odr\u017eava u Tuzli, pru\u017ei\u0107e posjetiocima nezaboravan do\u017eivljaj, te osim degustacija najkvalitetnijih kafa i \u010dokolada, majstorske radionice za pripremu kafe, takmi\u010denja barista, prezentacije renomiranih stru\u010dnjaka iz industrije, kao i kulturne doga\u0111aje koji \u0107e obogatiti iskustvo svakog posjetioca.<\/p>\n<p><u>U petak, 17. maja 2024. godine u 14,3o sati u HKC je zakazana i posebna sjednica <\/u>Udru\u017eenja za trgovinu, ugostiteljstvo i turizam i Udru\u017eenja turisti\u010dkih agencija Kantonalne privredne komore Tuzla, kao vid podr\u0161ke ovom Sajmu<u>.<\/u><\/p>\n<p><u>\u00a0<\/u>Sajam Kafe i \u010cokolade se odr\u017eava od 16. do 18. 05. 2024 godine u Tuzli u Hrvatskom Kulturnom Centru \u201cSveti Franjo\u201d u centru grada, a ulaz na Sajam i sva prate\u0107a de\u0161avanja je slobodan.<\/p>\n<p>Program sajma u nastavku:<\/p>\n<p><img fetchpriority=\"high\" decoding=\"async\" class=\"alignnone wp-image-238487 size-large\" src=\"https:\/\/tuzlainfo.ba\/wp-content\/uploads\/2024\/05\/sajam-desavanja-1-1024x1024.jpg\" alt=\"\" width=\"1024\" height=\"1024\" srcset=\"https:\/\/tuzlainfo.ba\/wp-content\/uploads\/2024\/05\/sajam-desavanja-1-1024x1024.jpg 1024w, https:\/\/tuzlainfo.ba\/wp-content\/uploads\/2024\/05\/sajam-desavanja-1-300x300.jpg 300w, https:\/\/tuzlainfo.ba\/wp-content\/uploads\/2024\/05\/sajam-desavanja-1-150x150.jpg 150w, https:\/\/tuzlainfo.ba\/wp-content\/uploads\/2024\/05\/sajam-desavanja-1-768x768.jpg 768w, https:\/\/tuzlainfo.ba\/wp-content\/uploads\/2024\/05\/sajam-desavanja-1-1536x1536.jpg 1536w, https:\/\/tuzlainfo.ba\/wp-content\/uploads\/2024\/05\/sajam-desavanja-1-1170x1170.jpg 1170w, https:\/\/tuzlainfo.ba\/wp-content\/uploads\/2024\/05\/sajam-desavanja-1-585x585.jpg 585w, https:\/\/tuzlainfo.ba\/wp-content\/uploads\/2024\/05\/sajam-desavanja-1-500x500.jpg 500w, https:\/\/tuzlainfo.ba\/wp-content\/uploads\/2024\/05\/sajam-desavanja-1-45x45.jpg 45w, https:\/\/tuzlainfo.ba\/wp-content\/uploads\/2024\/05\/sajam-desavanja-1.jpg 1600w\" sizes=\"(max-width: 1024px) 100vw, 1024px\" \/><\/p>\n<p><img decoding=\"async\" class=\"alignnone wp-image-238486 size-large\" src=\"https:\/\/tuzlainfo.ba\/wp-content\/uploads\/2024\/05\/sajam-desavanja-2-1024x1024.jpg\" alt=\"\" width=\"1024\" height=\"1024\" srcset=\"https:\/\/tuzlainfo.ba\/wp-content\/uploads\/2024\/05\/sajam-desavanja-2-1024x1024.jpg 1024w, https:\/\/tuzlainfo.ba\/wp-content\/uploads\/2024\/05\/sajam-desavanja-2-300x300.jpg 300w, https:\/\/tuzlainfo.ba\/wp-content\/uploads\/2024\/05\/sajam-desavanja-2-150x150.jpg 150w, https:\/\/tuzlainfo.ba\/wp-content\/uploads\/2024\/05\/sajam-desavanja-2-768x768.jpg 768w, https:\/\/tuzlainfo.ba\/wp-content\/uploads\/2024\/05\/sajam-desavanja-2-1536x1536.jpg 1536w, https:\/\/tuzlainfo.ba\/wp-content\/uploads\/2024\/05\/sajam-desavanja-2-1170x1170.jpg 1170w, https:\/\/tuzlainfo.ba\/wp-content\/uploads\/2024\/05\/sajam-desavanja-2-585x585.jpg 585w, https:\/\/tuzlainfo.ba\/wp-content\/uploads\/2024\/05\/sajam-desavanja-2-500x500.jpg 500w, https:\/\/tuzlainfo.ba\/wp-content\/uploads\/2024\/05\/sajam-desavanja-2-45x45.jpg 45w, https:\/\/tuzlainfo.ba\/wp-content\/uploads\/2024\/05\/sajam-desavanja-2.jpg 1600w\" sizes=\"(max-width: 1024px) 100vw, 1024px\" \/><\/p>\n","protected":false},"excerpt":{"rendered":"<p>Nakon mjeseci priprema sutra (\u010detvrtak 16.maj) u 17 sati prvi Sajam Kafe i \u010cokolade u&hellip;<\/p>\n","protected":false},"author":2,"featured_media":237620,"comment_status":"closed","ping_status":"closed","sticky":false,"template":"","format":"standard","meta":{"_acf_changed":false,"footnotes":""},"categories":[304,12],"tags":[9928],"acf":[],"yoast_head":"<!-- This site is optimized with the Yoast SEO plugin v23.5 - https:\/\/yoast.com\/wordpress\/plugins\/seo\/ -->\n<title>Sutra u Tuzli po\u010dinje Prvi Sajam Kafe i \u010cokolade - TuzlaInfo.ba<\/title>\n<meta name=\"robots\" content=\"index, follow, max-snippet:-1, max-image-preview:large, max-video-preview:-1\" \/>\n<link rel=\"canonical\" href=\"https:\/\/tuzlainfo.ba\/index.php\/novosti\/item\/238485-sutra-u-tuzli-pocinje-prvi-sajam-kafe-i-cokolade\/\" \/>\n<meta property=\"og:locale\" content=\"bs_BA\" \/>\n<meta property=\"og:type\" content=\"article\" \/>\n<meta property=\"og:title\" content=\"Sutra u Tuzli po\u010dinje Prvi Sajam Kafe i \u010cokolade - TuzlaInfo.ba\" \/>\n<meta property=\"og:description\" content=\"Nakon mjeseci priprema sutra (\u010detvrtak 16.maj) u 17 sati prvi Sajam Kafe i \u010cokolade u&hellip;\" \/>\n<meta property=\"og:url\" content=\"https:\/\/tuzlainfo.ba\/index.php\/novosti\/item\/238485-sutra-u-tuzli-pocinje-prvi-sajam-kafe-i-cokolade\/\" \/>\n<meta property=\"og:site_name\" content=\"TuzlaInfo.ba\" \/>\n<meta property=\"article:publisher\" content=\"https:\/\/www.facebook.com\/tuzlainfo.ba\/\" \/>\n<meta property=\"article:published_time\" content=\"2024-05-15T18:58:55+00:00\" \/>\n<meta property=\"og:image\" content=\"https:\/\/tuzlainfo.ba\/wp-content\/uploads\/2024\/05\/0705_sajam_kafe_i_cokolade.jpg\" \/>\n\t<meta property=\"og:image:width\" content=\"1000\" \/>\n\t<meta property=\"og:image:height\" content=\"562\" \/>\n\t<meta property=\"og:image:type\" content=\"image\/jpeg\" \/>\n<meta name=\"author\" content=\"nedim\" \/>\n<meta name=\"twitter:card\" content=\"summary_large_image\" \/>\n<meta name=\"twitter:label1\" content=\"Written by\" \/>\n\t<meta name=\"twitter:data1\" content=\"nedim\" \/>\n\t<meta name=\"twitter:label2\" content=\"Est. reading time\" \/>\n\t<meta name=\"twitter:data2\" content=\"2 minute\" \/>\n<script type=\"application\/ld+json\" class=\"yoast-schema-graph\">{\"@context\":\"https:\/\/schema.org\",\"@graph\":[{\"@type\":\"Article\",\"@id\":\"https:\/\/tuzlainfo.ba\/index.php\/novosti\/item\/238485-sutra-u-tuzli-pocinje-prvi-sajam-kafe-i-cokolade\/#article\",\"isPartOf\":{\"@id\":\"https:\/\/tuzlainfo.ba\/index.php\/novosti\/item\/238485-sutra-u-tuzli-pocinje-prvi-sajam-kafe-i-cokolade\/\"},\"author\":{\"name\":\"nedim\",\"@id\":\"https:\/\/tuzlainfo.ba\/#\/schema\/person\/f434e20dc27ea133923aab08451b7f7f\"},\"headline\":\"Sutra u Tuzli po\u010dinje Prvi Sajam Kafe i \u010cokolade\",\"datePublished\":\"2024-05-15T18:58:55+00:00\",\"dateModified\":\"2024-05-15T18:58:55+00:00\",\"mainEntityOfPage\":{\"@id\":\"https:\/\/tuzlainfo.ba\/index.php\/novosti\/item\/238485-sutra-u-tuzli-pocinje-prvi-sajam-kafe-i-cokolade\/\"},\"wordCount\":197,\"publisher\":{\"@id\":\"https:\/\/tuzlainfo.ba\/#organization\"},\"image\":{\"@id\":\"https:\/\/tuzlainfo.ba\/index.php\/novosti\/item\/238485-sutra-u-tuzli-pocinje-prvi-sajam-kafe-i-cokolade\/#primaryimage\"},\"thumbnailUrl\":\"https:\/\/tuzlainfo.ba\/wp-content\/uploads\/2024\/05\/0705_sajam_kafe_i_cokolade.jpg\",\"keywords\":[\"sajam kafe i \u010dokolade\"],\"articleSection\":[\"Istaknuto\",\"Novosti\"],\"inLanguage\":\"bs-BA\"},{\"@type\":\"WebPage\",\"@id\":\"https:\/\/tuzlainfo.ba\/index.php\/novosti\/item\/238485-sutra-u-tuzli-pocinje-prvi-sajam-kafe-i-cokolade\/\",\"url\":\"https:\/\/tuzlainfo.ba\/index.php\/novosti\/item\/238485-sutra-u-tuzli-pocinje-prvi-sajam-kafe-i-cokolade\/\",\"name\":\"Sutra u Tuzli po\u010dinje Prvi Sajam Kafe i \u010cokolade - TuzlaInfo.ba\",\"isPartOf\":{\"@id\":\"https:\/\/tuzlainfo.ba\/#website\"},\"primaryImageOfPage\":{\"@id\":\"https:\/\/tuzlainfo.ba\/index.php\/novosti\/item\/238485-sutra-u-tuzli-pocinje-prvi-sajam-kafe-i-cokolade\/#primaryimage\"},\"image\":{\"@id\":\"https:\/\/tuzlainfo.ba\/index.php\/novosti\/item\/238485-sutra-u-tuzli-pocinje-prvi-sajam-kafe-i-cokolade\/#primaryimage\"},\"thumbnailUrl\":\"https:\/\/tuzlainfo.ba\/wp-content\/uploads\/2024\/05\/0705_sajam_kafe_i_cokolade.jpg\",\"datePublished\":\"2024-05-15T18:58:55+00:00\",\"dateModified\":\"2024-05-15T18:58:55+00:00\",\"breadcrumb\":{\"@id\":\"https:\/\/tuzlainfo.ba\/index.php\/novosti\/item\/238485-sutra-u-tuzli-pocinje-prvi-sajam-kafe-i-cokolade\/#breadcrumb\"},\"inLanguage\":\"bs-BA\",\"potentialAction\":[{\"@type\":\"ReadAction\",\"target\":[\"https:\/\/tuzlainfo.ba\/index.php\/novosti\/item\/238485-sutra-u-tuzli-pocinje-prvi-sajam-kafe-i-cokolade\/\"]}]},{\"@type\":\"ImageObject\",\"inLanguage\":\"bs-BA\",\"@id\":\"https:\/\/tuzlainfo.ba\/index.php\/novosti\/item\/238485-sutra-u-tuzli-pocinje-prvi-sajam-kafe-i-cokolade\/#primaryimage\",\"url\":\"https:\/\/tuzlainfo.ba\/wp-content\/uploads\/2024\/05\/0705_sajam_kafe_i_cokolade.jpg\",\"contentUrl\":\"https:\/\/tuzlainfo.ba\/wp-content\/uploads\/2024\/05\/0705_sajam_kafe_i_cokolade.jpg\",\"width\":1000,\"height\":562},{\"@type\":\"BreadcrumbList\",\"@id\":\"https:\/\/tuzlainfo.ba\/index.php\/novosti\/item\/238485-sutra-u-tuzli-pocinje-prvi-sajam-kafe-i-cokolade\/#breadcrumb\",\"itemListElement\":[{\"@type\":\"ListItem\",\"position\":1,\"name\":\"Home\",\"item\":\"https:\/\/tuzlainfo.ba\/\"},{\"@type\":\"ListItem\",\"position\":2,\"name\":\"Sutra u Tuzli po\u010dinje Prvi Sajam Kafe i \u010cokolade\"}]},{\"@type\":\"WebSite\",\"@id\":\"https:\/\/tuzlainfo.ba\/#website\",\"url\":\"https:\/\/tuzlainfo.ba\/\",\"name\":\"TuzlaInfo.ba\",\"description\":\"Tuzla info, gradski informator - Tuzla na dlanu\",\"publisher\":{\"@id\":\"https:\/\/tuzlainfo.ba\/#organization\"},\"potentialAction\":[{\"@type\":\"SearchAction\",\"target\":{\"@type\":\"EntryPoint\",\"urlTemplate\":\"https:\/\/tuzlainfo.ba\/?s={search_term_string}\"},\"query-input\":{\"@type\":\"PropertyValueSpecification\",\"valueRequired\":true,\"valueName\":\"search_term_string\"}}],\"inLanguage\":\"bs-BA\"},{\"@type\":\"Organization\",\"@id\":\"https:\/\/tuzlainfo.ba\/#organization\",\"name\":\"TuzlaInfo.ba\",\"url\":\"https:\/\/tuzlainfo.ba\/\",\"logo\":{\"@type\":\"ImageObject\",\"inLanguage\":\"bs-BA\",\"@id\":\"https:\/\/tuzlainfo.ba\/#\/schema\/logo\/image\/\",\"url\":\"https:\/\/tuzlainfo.ba\/wp-content\/uploads\/2021\/03\/logo-ver-3-1.png\",\"contentUrl\":\"https:\/\/tuzlainfo.ba\/wp-content\/uploads\/2021\/03\/logo-ver-3-1.png\",\"width\":350,\"height\":95,\"caption\":\"TuzlaInfo.ba\"},\"image\":{\"@id\":\"https:\/\/tuzlainfo.ba\/#\/schema\/logo\/image\/\"},\"sameAs\":[\"https:\/\/www.facebook.com\/tuzlainfo.ba\/\"]},{\"@type\":\"Person\",\"@id\":\"https:\/\/tuzlainfo.ba\/#\/schema\/person\/f434e20dc27ea133923aab08451b7f7f\",\"name\":\"nedim\",\"image\":{\"@type\":\"ImageObject\",\"inLanguage\":\"bs-BA\",\"@id\":\"https:\/\/tuzlainfo.ba\/#\/schema\/person\/image\/\",\"url\":\"https:\/\/tuzlainfo.ba\/wp-content\/litespeed\/avatar\/aabad687af24844af817603ac1cbdc4f.jpg?ver=1776702173\",\"contentUrl\":\"https:\/\/tuzlainfo.ba\/wp-content\/litespeed\/avatar\/aabad687af24844af817603ac1cbdc4f.jpg?ver=1776702173\",\"caption\":\"nedim\"},\"description\":\"Tuzlainfo.ba pratite na dru\u0161tvenim mre\u017eama: Facebook, Instagram i Youtube. Svoje pri\u010de, upite i fotografije \u0161aljite na na\u0161u e-mail adresu.\"}]}<\/script>\n<!-- \/ Yoast SEO plugin. -->","yoast_head_json":{"title":"Sutra u Tuzli po\u010dinje Prvi Sajam Kafe i \u010cokolade - TuzlaInfo.ba","robots":{"index":"index","follow":"follow","max-snippet":"max-snippet:-1","max-image-preview":"max-image-preview:large","max-video-preview":"max-video-preview:-1"},"canonical":"https:\/\/tuzlainfo.ba\/index.php\/novosti\/item\/238485-sutra-u-tuzli-pocinje-prvi-sajam-kafe-i-cokolade\/","og_locale":"bs_BA","og_type":"article","og_title":"Sutra u Tuzli po\u010dinje Prvi Sajam Kafe i \u010cokolade - TuzlaInfo.ba","og_description":"Nakon mjeseci priprema sutra (\u010detvrtak 16.maj) u 17 sati prvi Sajam Kafe i \u010cokolade u&hellip;","og_url":"https:\/\/tuzlainfo.ba\/index.php\/novosti\/item\/238485-sutra-u-tuzli-pocinje-prvi-sajam-kafe-i-cokolade\/","og_site_name":"TuzlaInfo.ba","article_publisher":"https:\/\/www.facebook.com\/tuzlainfo.ba\/","article_published_time":"2024-05-15T18:58:55+00:00","og_image":[{"width":1000,"height":562,"url":"https:\/\/tuzlainfo.ba\/wp-content\/uploads\/2024\/05\/0705_sajam_kafe_i_cokolade.jpg","type":"image\/jpeg"}],"author":"nedim","twitter_card":"summary_large_image","twitter_misc":{"Written by":"nedim","Est. reading time":"2 minute"},"schema":{"@context":"https:\/\/schema.org","@graph":[{"@type":"Article","@id":"https:\/\/tuzlainfo.ba\/index.php\/novosti\/item\/238485-sutra-u-tuzli-pocinje-prvi-sajam-kafe-i-cokolade\/#article","isPartOf":{"@id":"https:\/\/tuzlainfo.ba\/index.php\/novosti\/item\/238485-sutra-u-tuzli-pocinje-prvi-sajam-kafe-i-cokolade\/"},"author":{"name":"nedim","@id":"https:\/\/tuzlainfo.ba\/#\/schema\/person\/f434e20dc27ea133923aab08451b7f7f"},"headline":"Sutra u Tuzli po\u010dinje Prvi Sajam Kafe i \u010cokolade","datePublished":"2024-05-15T18:58:55+00:00","dateModified":"2024-05-15T18:58:55+00:00","mainEntityOfPage":{"@id":"https:\/\/tuzlainfo.ba\/index.php\/novosti\/item\/238485-sutra-u-tuzli-pocinje-prvi-sajam-kafe-i-cokolade\/"},"wordCount":197,"publisher":{"@id":"https:\/\/tuzlainfo.ba\/#organization"},"image":{"@id":"https:\/\/tuzlainfo.ba\/index.php\/novosti\/item\/238485-sutra-u-tuzli-pocinje-prvi-sajam-kafe-i-cokolade\/#primaryimage"},"thumbnailUrl":"https:\/\/tuzlainfo.ba\/wp-content\/uploads\/2024\/05\/0705_sajam_kafe_i_cokolade.jpg","keywords":["sajam kafe i \u010dokolade"],"articleSection":["Istaknuto","Novosti"],"inLanguage":"bs-BA"},{"@type":"WebPage","@id":"https:\/\/tuzlainfo.ba\/index.php\/novosti\/item\/238485-sutra-u-tuzli-pocinje-prvi-sajam-kafe-i-cokolade\/","url":"https:\/\/tuzlainfo.ba\/index.php\/novosti\/item\/238485-sutra-u-tuzli-pocinje-prvi-sajam-kafe-i-cokolade\/","name":"Sutra u Tuzli po\u010dinje Prvi Sajam Kafe i \u010cokolade - TuzlaInfo.ba","isPartOf":{"@id":"https:\/\/tuzlainfo.ba\/#website"},"primaryImageOfPage":{"@id":"https:\/\/tuzlainfo.ba\/index.php\/novosti\/item\/238485-sutra-u-tuzli-pocinje-prvi-sajam-kafe-i-cokolade\/#primaryimage"},"image":{"@id":"https:\/\/tuzlainfo.ba\/index.php\/novosti\/item\/238485-sutra-u-tuzli-pocinje-prvi-sajam-kafe-i-cokolade\/#primaryimage"},"thumbnailUrl":"https:\/\/tuzlainfo.ba\/wp-content\/uploads\/2024\/05\/0705_sajam_kafe_i_cokolade.jpg","datePublished":"2024-05-15T18:58:55+00:00","dateModified":"2024-05-15T18:58:55+00:00","breadcrumb":{"@id":"https:\/\/tuzlainfo.ba\/index.php\/novosti\/item\/238485-sutra-u-tuzli-pocinje-prvi-sajam-kafe-i-cokolade\/#breadcrumb"},"inLanguage":"bs-BA","potentialAction":[{"@type":"ReadAction","target":["https:\/\/tuzlainfo.ba\/index.php\/novosti\/item\/238485-sutra-u-tuzli-pocinje-prvi-sajam-kafe-i-cokolade\/"]}]},{"@type":"ImageObject","inLanguage":"bs-BA","@id":"https:\/\/tuzlainfo.ba\/index.php\/novosti\/item\/238485-sutra-u-tuzli-pocinje-prvi-sajam-kafe-i-cokolade\/#primaryimage","url":"https:\/\/tuzlainfo.ba\/wp-content\/uploads\/2024\/05\/0705_sajam_kafe_i_cokolade.jpg","contentUrl":"https:\/\/tuzlainfo.ba\/wp-content\/uploads\/2024\/05\/0705_sajam_kafe_i_cokolade.jpg","width":1000,"height":562},{"@type":"BreadcrumbList","@id":"https:\/\/tuzlainfo.ba\/index.php\/novosti\/item\/238485-sutra-u-tuzli-pocinje-prvi-sajam-kafe-i-cokolade\/#breadcrumb","itemListElement":[{"@type":"ListItem","position":1,"name":"Home","item":"https:\/\/tuzlainfo.ba\/"},{"@type":"ListItem","position":2,"name":"Sutra u Tuzli po\u010dinje Prvi Sajam Kafe i \u010cokolade"}]},{"@type":"WebSite","@id":"https:\/\/tuzlainfo.ba\/#website","url":"https:\/\/tuzlainfo.ba\/","name":"TuzlaInfo.ba","description":"Tuzla info, gradski informator - Tuzla na dlanu","publisher":{"@id":"https:\/\/tuzlainfo.ba\/#organization"},"potentialAction":[{"@type":"SearchAction","target":{"@type":"EntryPoint","urlTemplate":"https:\/\/tuzlainfo.ba\/?s={search_term_string}"},"query-input":{"@type":"PropertyValueSpecification","valueRequired":true,"valueName":"search_term_string"}}],"inLanguage":"bs-BA"},{"@type":"Organization","@id":"https:\/\/tuzlainfo.ba\/#organization","name":"TuzlaInfo.ba","url":"https:\/\/tuzlainfo.ba\/","logo":{"@type":"ImageObject","inLanguage":"bs-BA","@id":"https:\/\/tuzlainfo.ba\/#\/schema\/logo\/image\/","url":"https:\/\/tuzlainfo.ba\/wp-content\/uploads\/2021\/03\/logo-ver-3-1.png","contentUrl":"https:\/\/tuzlainfo.ba\/wp-content\/uploads\/2021\/03\/logo-ver-3-1.png","width":350,"height":95,"caption":"TuzlaInfo.ba"},"image":{"@id":"https:\/\/tuzlainfo.ba\/#\/schema\/logo\/image\/"},"sameAs":["https:\/\/www.facebook.com\/tuzlainfo.ba\/"]},{"@type":"Person","@id":"https:\/\/tuzlainfo.ba\/#\/schema\/person\/f434e20dc27ea133923aab08451b7f7f","name":"nedim","image":{"@type":"ImageObject","inLanguage":"bs-BA","@id":"https:\/\/tuzlainfo.ba\/#\/schema\/person\/image\/","url":"https:\/\/tuzlainfo.ba\/wp-content\/litespeed\/avatar\/aabad687af24844af817603ac1cbdc4f.jpg?ver=1776702173","contentUrl":"https:\/\/tuzlainfo.ba\/wp-content\/litespeed\/avatar\/aabad687af24844af817603ac1cbdc4f.jpg?ver=1776702173","caption":"nedim"},"description":"Tuzlainfo.ba pratite na dru\u0161tvenim mre\u017eama: Facebook, Instagram i Youtube. Svoje pri\u010de, upite i fotografije \u0161aljite na na\u0161u e-mail adresu."}]}},"_links":{"self":[{"href":"https:\/\/tuzlainfo.ba\/index.php\/wp-json\/wp\/v2\/posts\/238485"}],"collection":[{"href":"https:\/\/tuzlainfo.ba\/index.php\/wp-json\/wp\/v2\/posts"}],"about":[{"href":"https:\/\/tuzlainfo.ba\/index.php\/wp-json\/wp\/v2\/types\/post"}],"author":[{"embeddable":true,"href":"https:\/\/tuzlainfo.ba\/index.php\/wp-json\/wp\/v2\/users\/2"}],"replies":[{"embeddable":true,"href":"https:\/\/tuzlainfo.ba\/index.php\/wp-json\/wp\/v2\/comments?post=238485"}],"version-history":[{"count":1,"href":"https:\/\/tuzlainfo.ba\/index.php\/wp-json\/wp\/v2\/posts\/238485\/revisions"}],"predecessor-version":[{"id":238488,"href":"https:\/\/tuzlainfo.ba\/index.php\/wp-json\/wp\/v2\/posts\/238485\/revisions\/238488"}],"wp:featuredmedia":[{"embeddable":true,"href":"https:\/\/tuzlainfo.ba\/index.php\/wp-json\/wp\/v2\/media\/237620"}],"wp:attachment":[{"href":"https:\/\/tuzlainfo.ba\/index.php\/wp-json\/wp\/v2\/media?parent=238485"}],"wp:term":[{"taxonomy":"category","embeddable":true,"href":"https:\/\/tuzlainfo.ba\/index.php\/wp-json\/wp\/v2\/categories?post=238485"},{"taxonomy":"post_tag","embeddable":true,"href":"https:\/\/tuzlainfo.ba\/index.php\/wp-json\/wp\/v2\/tags?post=238485"}],"curies":[{"name":"wp","href":"https:\/\/api.w.org\/{rel}","templated":true}]}}