{"id":238061,"date":"2024-05-12T21:04:11","date_gmt":"2024-05-12T19:04:11","guid":{"rendered":"https:\/\/tuzlainfo.ba\/?p=238061"},"modified":"2024-05-12T14:20:20","modified_gmt":"2024-05-12T12:20:20","slug":"kviz-sa-deanom-kotigom-za-srednjoskolce-iz-tuzlanskog-kantona","status":"publish","type":"post","link":"https:\/\/tuzlainfo.ba\/index.php\/istaknuto\/item\/238061-kviz-sa-deanom-kotigom-za-srednjoskolce-iz-tuzlanskog-kantona\/","title":{"rendered":"Kviz sa Deanom Kotigom za srednjo\u0161kolce iz Tuzlanskog kantona"},"content":{"rendered":"<p>U okviru Sajma kafe i \u010dokolade u Tuzli odr\u017eat \u0107e se kviz sa Deanom Kotigom za srednjo\u0161kolce u subotu, 18. 05. 2024. godine, s po\u010detkom u 12:00 sati. Uzbudljivo \u0161kolsko ozra\u010dje u Richmond Park Me\u0111unarodnoj \u0161koli dobiva dodatni sjaj uz najnoviji doga\u0111aj \u2013 zabavni kviz sa Deanom Kotigom! Srednjo\u0161kolci iz Tuzle i Tuzlanskog kantona \u0107e se okupiti kako bi testirali svoje znanje i takmi\u010dili se u dinami\u010dnom okru\u017eenju.<\/p>\n<p>Dean Kotiga, poznat po svojoj strastvenoj predanosti obrazovanju i zabavi, pru\u017eit \u0107e nezaboravno iskustvo srednjo\u0161kolcima. Organizatori UG Activus i Richmond Park Me\u0111unarodna \u0161kola Tuzla uspje\u0161no \u017eele raditi na podizanju svijesti mladih o obrazovanju, edukaciji i znanju.<\/p>\n<p>Kroz kviz sa Deanom Kotigom u okviru Sajma kafe i \u010dokolade tako\u0111e obilje\u017eavamo Svjetski dan porodice i Svjetski dan zajedni\u010dkog \u017eivota u miru. U okviru Sajma kafe i \u010dokolade svoje u\u010de\u0161\u0107e uzet \u0107e pored 20 srednjo\u0161kolskih ekipa i 80 ekipa kviza\u0161a koji \u0107e u prostoru odr\u017eavanja Sajma kafe i \u010dokolade u Tuzli testirati svoje znanje sa Deanom Kotigom.<\/p>\n<p>Ovaj doga\u0111aj nije samo prilika za zabavu, ve\u0107 i za poticanje timskog rada, komunikacije i razmi\u0161ljanja izvan okvira. Richmond Park International School Tuzla ponosno podr\u017eava inicijative poput ovog kviza koje poti\u010du u\u010denike da istra\u017ee svoje interese i razvijaju svoje sposobnosti.<\/p>\n<p>Kviz sa Deanom Kotigom definitivno je vrhunac \u0161kolskog kalendara, ostavljaju\u0107i iza sebe uspomene koje \u0107e sudionici nositi sa sobom dugo vremena. Ova vrsta doga\u0111aja ne samo da podi\u017ee duh \u0161kole, ve\u0107 i poti\u010de u\u010denike da se usude sanjati i posti\u0107i svoje najve\u0107e ciljeve.<\/p>\n","protected":false},"excerpt":{"rendered":"<p>U okviru Sajma kafe i \u010dokolade u Tuzli odr\u017eat \u0107e se kviz sa Deanom Kotigom&hellip;<\/p>\n","protected":false},"author":4,"featured_media":235098,"comment_status":"closed","ping_status":"closed","sticky":false,"template":"","format":"standard","meta":{"_acf_changed":false,"footnotes":""},"categories":[304,11],"tags":[10123,9928],"acf":[],"yoast_head":"<!-- This site is optimized with the Yoast SEO plugin v23.5 - https:\/\/yoast.com\/wordpress\/plugins\/seo\/ -->\n<title>Kviz sa Deanom Kotigom za srednjo\u0161kolce iz Tuzlanskog kantona - TuzlaInfo.ba<\/title>\n<meta name=\"robots\" content=\"index, follow, max-snippet:-1, max-image-preview:large, max-video-preview:-1\" \/>\n<link rel=\"canonical\" href=\"https:\/\/tuzlainfo.ba\/index.php\/istaknuto\/item\/238061-kviz-sa-deanom-kotigom-za-srednjoskolce-iz-tuzlanskog-kantona\/\" \/>\n<meta property=\"og:locale\" content=\"bs_BA\" \/>\n<meta property=\"og:type\" content=\"article\" \/>\n<meta property=\"og:title\" content=\"Kviz sa Deanom Kotigom za srednjo\u0161kolce iz Tuzlanskog kantona - TuzlaInfo.ba\" \/>\n<meta property=\"og:description\" content=\"U okviru Sajma kafe i \u010dokolade u Tuzli odr\u017eat \u0107e se kviz sa Deanom Kotigom&hellip;\" \/>\n<meta property=\"og:url\" content=\"https:\/\/tuzlainfo.ba\/index.php\/istaknuto\/item\/238061-kviz-sa-deanom-kotigom-za-srednjoskolce-iz-tuzlanskog-kantona\/\" \/>\n<meta property=\"og:site_name\" content=\"TuzlaInfo.ba\" \/>\n<meta property=\"article:publisher\" content=\"https:\/\/www.facebook.com\/tuzlainfo.ba\/\" \/>\n<meta property=\"article:published_time\" content=\"2024-05-12T19:04:11+00:00\" \/>\n<meta property=\"article:modified_time\" content=\"2024-05-12T12:20:20+00:00\" \/>\n<meta property=\"og:image\" content=\"https:\/\/tuzlainfo.ba\/wp-content\/uploads\/2024\/04\/Dejan-kotiga-1024x1024-1.jpg\" \/>\n\t<meta property=\"og:image:width\" content=\"1012\" \/>\n\t<meta property=\"og:image:height\" content=\"882\" \/>\n\t<meta property=\"og:image:type\" content=\"image\/jpeg\" \/>\n<meta name=\"author\" content=\"Tuzla Info\" \/>\n<meta name=\"twitter:card\" content=\"summary_large_image\" \/>\n<meta name=\"twitter:label1\" content=\"Written by\" \/>\n\t<meta name=\"twitter:data1\" content=\"Tuzla Info\" \/>\n\t<meta name=\"twitter:label2\" content=\"Est. reading time\" \/>\n\t<meta name=\"twitter:data2\" content=\"2 minute\" \/>\n<script type=\"application\/ld+json\" class=\"yoast-schema-graph\">{\"@context\":\"https:\/\/schema.org\",\"@graph\":[{\"@type\":\"Article\",\"@id\":\"https:\/\/tuzlainfo.ba\/index.php\/istaknuto\/item\/238061-kviz-sa-deanom-kotigom-za-srednjoskolce-iz-tuzlanskog-kantona\/#article\",\"isPartOf\":{\"@id\":\"https:\/\/tuzlainfo.ba\/index.php\/istaknuto\/item\/238061-kviz-sa-deanom-kotigom-za-srednjoskolce-iz-tuzlanskog-kantona\/\"},\"author\":{\"name\":\"Tuzla Info\",\"@id\":\"https:\/\/tuzlainfo.ba\/#\/schema\/person\/46cad4c57790cbc50781edd14870825a\"},\"headline\":\"Kviz sa Deanom Kotigom za srednjo\u0161kolce iz Tuzlanskog kantona\",\"datePublished\":\"2024-05-12T19:04:11+00:00\",\"dateModified\":\"2024-05-12T12:20:20+00:00\",\"mainEntityOfPage\":{\"@id\":\"https:\/\/tuzlainfo.ba\/index.php\/istaknuto\/item\/238061-kviz-sa-deanom-kotigom-za-srednjoskolce-iz-tuzlanskog-kantona\/\"},\"wordCount\":283,\"publisher\":{\"@id\":\"https:\/\/tuzlainfo.ba\/#organization\"},\"image\":{\"@id\":\"https:\/\/tuzlainfo.ba\/index.php\/istaknuto\/item\/238061-kviz-sa-deanom-kotigom-za-srednjoskolce-iz-tuzlanskog-kantona\/#primaryimage\"},\"thumbnailUrl\":\"https:\/\/tuzlainfo.ba\/wp-content\/uploads\/2024\/04\/Dejan-kotiga-1024x1024-1.jpg\",\"keywords\":[\"dean kotiga\",\"sajam kafe i \u010dokolade\"],\"articleSection\":[\"Istaknuto\",\"Najave i doga\u0111aji\"],\"inLanguage\":\"bs-BA\"},{\"@type\":\"WebPage\",\"@id\":\"https:\/\/tuzlainfo.ba\/index.php\/istaknuto\/item\/238061-kviz-sa-deanom-kotigom-za-srednjoskolce-iz-tuzlanskog-kantona\/\",\"url\":\"https:\/\/tuzlainfo.ba\/index.php\/istaknuto\/item\/238061-kviz-sa-deanom-kotigom-za-srednjoskolce-iz-tuzlanskog-kantona\/\",\"name\":\"Kviz sa Deanom Kotigom za srednjo\u0161kolce iz Tuzlanskog kantona - TuzlaInfo.ba\",\"isPartOf\":{\"@id\":\"https:\/\/tuzlainfo.ba\/#website\"},\"primaryImageOfPage\":{\"@id\":\"https:\/\/tuzlainfo.ba\/index.php\/istaknuto\/item\/238061-kviz-sa-deanom-kotigom-za-srednjoskolce-iz-tuzlanskog-kantona\/#primaryimage\"},\"image\":{\"@id\":\"https:\/\/tuzlainfo.ba\/index.php\/istaknuto\/item\/238061-kviz-sa-deanom-kotigom-za-srednjoskolce-iz-tuzlanskog-kantona\/#primaryimage\"},\"thumbnailUrl\":\"https:\/\/tuzlainfo.ba\/wp-content\/uploads\/2024\/04\/Dejan-kotiga-1024x1024-1.jpg\",\"datePublished\":\"2024-05-12T19:04:11+00:00\",\"dateModified\":\"2024-05-12T12:20:20+00:00\",\"breadcrumb\":{\"@id\":\"https:\/\/tuzlainfo.ba\/index.php\/istaknuto\/item\/238061-kviz-sa-deanom-kotigom-za-srednjoskolce-iz-tuzlanskog-kantona\/#breadcrumb\"},\"inLanguage\":\"bs-BA\",\"potentialAction\":[{\"@type\":\"ReadAction\",\"target\":[\"https:\/\/tuzlainfo.ba\/index.php\/istaknuto\/item\/238061-kviz-sa-deanom-kotigom-za-srednjoskolce-iz-tuzlanskog-kantona\/\"]}]},{\"@type\":\"ImageObject\",\"inLanguage\":\"bs-BA\",\"@id\":\"https:\/\/tuzlainfo.ba\/index.php\/istaknuto\/item\/238061-kviz-sa-deanom-kotigom-za-srednjoskolce-iz-tuzlanskog-kantona\/#primaryimage\",\"url\":\"https:\/\/tuzlainfo.ba\/wp-content\/uploads\/2024\/04\/Dejan-kotiga-1024x1024-1.jpg\",\"contentUrl\":\"https:\/\/tuzlainfo.ba\/wp-content\/uploads\/2024\/04\/Dejan-kotiga-1024x1024-1.jpg\",\"width\":1012,\"height\":882},{\"@type\":\"BreadcrumbList\",\"@id\":\"https:\/\/tuzlainfo.ba\/index.php\/istaknuto\/item\/238061-kviz-sa-deanom-kotigom-za-srednjoskolce-iz-tuzlanskog-kantona\/#breadcrumb\",\"itemListElement\":[{\"@type\":\"ListItem\",\"position\":1,\"name\":\"Home\",\"item\":\"https:\/\/tuzlainfo.ba\/\"},{\"@type\":\"ListItem\",\"position\":2,\"name\":\"Kviz sa Deanom Kotigom za srednjo\u0161kolce iz Tuzlanskog kantona\"}]},{\"@type\":\"WebSite\",\"@id\":\"https:\/\/tuzlainfo.ba\/#website\",\"url\":\"https:\/\/tuzlainfo.ba\/\",\"name\":\"TuzlaInfo.ba\",\"description\":\"Tuzla info, gradski informator - Tuzla na dlanu\",\"publisher\":{\"@id\":\"https:\/\/tuzlainfo.ba\/#organization\"},\"potentialAction\":[{\"@type\":\"SearchAction\",\"target\":{\"@type\":\"EntryPoint\",\"urlTemplate\":\"https:\/\/tuzlainfo.ba\/?s={search_term_string}\"},\"query-input\":{\"@type\":\"PropertyValueSpecification\",\"valueRequired\":true,\"valueName\":\"search_term_string\"}}],\"inLanguage\":\"bs-BA\"},{\"@type\":\"Organization\",\"@id\":\"https:\/\/tuzlainfo.ba\/#organization\",\"name\":\"TuzlaInfo.ba\",\"url\":\"https:\/\/tuzlainfo.ba\/\",\"logo\":{\"@type\":\"ImageObject\",\"inLanguage\":\"bs-BA\",\"@id\":\"https:\/\/tuzlainfo.ba\/#\/schema\/logo\/image\/\",\"url\":\"https:\/\/tuzlainfo.ba\/wp-content\/uploads\/2021\/03\/logo-ver-3-1.png\",\"contentUrl\":\"https:\/\/tuzlainfo.ba\/wp-content\/uploads\/2021\/03\/logo-ver-3-1.png\",\"width\":350,\"height\":95,\"caption\":\"TuzlaInfo.ba\"},\"image\":{\"@id\":\"https:\/\/tuzlainfo.ba\/#\/schema\/logo\/image\/\"},\"sameAs\":[\"https:\/\/www.facebook.com\/tuzlainfo.ba\/\"]},{\"@type\":\"Person\",\"@id\":\"https:\/\/tuzlainfo.ba\/#\/schema\/person\/46cad4c57790cbc50781edd14870825a\",\"name\":\"Tuzla Info\",\"image\":{\"@type\":\"ImageObject\",\"inLanguage\":\"bs-BA\",\"@id\":\"https:\/\/tuzlainfo.ba\/#\/schema\/person\/image\/\",\"url\":\"https:\/\/tuzlainfo.ba\/wp-content\/litespeed\/avatar\/b6c453a6c38e3654f2e4416c643fc25c.jpg?ver=1777051911\",\"contentUrl\":\"https:\/\/tuzlainfo.ba\/wp-content\/litespeed\/avatar\/b6c453a6c38e3654f2e4416c643fc25c.jpg?ver=1777051911\",\"caption\":\"Tuzla Info\"}}]}<\/script>\n<!-- \/ Yoast SEO plugin. -->","yoast_head_json":{"title":"Kviz sa Deanom Kotigom za srednjo\u0161kolce iz Tuzlanskog kantona - TuzlaInfo.ba","robots":{"index":"index","follow":"follow","max-snippet":"max-snippet:-1","max-image-preview":"max-image-preview:large","max-video-preview":"max-video-preview:-1"},"canonical":"https:\/\/tuzlainfo.ba\/index.php\/istaknuto\/item\/238061-kviz-sa-deanom-kotigom-za-srednjoskolce-iz-tuzlanskog-kantona\/","og_locale":"bs_BA","og_type":"article","og_title":"Kviz sa Deanom Kotigom za srednjo\u0161kolce iz Tuzlanskog kantona - TuzlaInfo.ba","og_description":"U okviru Sajma kafe i \u010dokolade u Tuzli odr\u017eat \u0107e se kviz sa Deanom Kotigom&hellip;","og_url":"https:\/\/tuzlainfo.ba\/index.php\/istaknuto\/item\/238061-kviz-sa-deanom-kotigom-za-srednjoskolce-iz-tuzlanskog-kantona\/","og_site_name":"TuzlaInfo.ba","article_publisher":"https:\/\/www.facebook.com\/tuzlainfo.ba\/","article_published_time":"2024-05-12T19:04:11+00:00","article_modified_time":"2024-05-12T12:20:20+00:00","og_image":[{"width":1012,"height":882,"url":"https:\/\/tuzlainfo.ba\/wp-content\/uploads\/2024\/04\/Dejan-kotiga-1024x1024-1.jpg","type":"image\/jpeg"}],"author":"Tuzla Info","twitter_card":"summary_large_image","twitter_misc":{"Written by":"Tuzla Info","Est. reading time":"2 minute"},"schema":{"@context":"https:\/\/schema.org","@graph":[{"@type":"Article","@id":"https:\/\/tuzlainfo.ba\/index.php\/istaknuto\/item\/238061-kviz-sa-deanom-kotigom-za-srednjoskolce-iz-tuzlanskog-kantona\/#article","isPartOf":{"@id":"https:\/\/tuzlainfo.ba\/index.php\/istaknuto\/item\/238061-kviz-sa-deanom-kotigom-za-srednjoskolce-iz-tuzlanskog-kantona\/"},"author":{"name":"Tuzla Info","@id":"https:\/\/tuzlainfo.ba\/#\/schema\/person\/46cad4c57790cbc50781edd14870825a"},"headline":"Kviz sa Deanom Kotigom za srednjo\u0161kolce iz Tuzlanskog kantona","datePublished":"2024-05-12T19:04:11+00:00","dateModified":"2024-05-12T12:20:20+00:00","mainEntityOfPage":{"@id":"https:\/\/tuzlainfo.ba\/index.php\/istaknuto\/item\/238061-kviz-sa-deanom-kotigom-za-srednjoskolce-iz-tuzlanskog-kantona\/"},"wordCount":283,"publisher":{"@id":"https:\/\/tuzlainfo.ba\/#organization"},"image":{"@id":"https:\/\/tuzlainfo.ba\/index.php\/istaknuto\/item\/238061-kviz-sa-deanom-kotigom-za-srednjoskolce-iz-tuzlanskog-kantona\/#primaryimage"},"thumbnailUrl":"https:\/\/tuzlainfo.ba\/wp-content\/uploads\/2024\/04\/Dejan-kotiga-1024x1024-1.jpg","keywords":["dean kotiga","sajam kafe i \u010dokolade"],"articleSection":["Istaknuto","Najave i doga\u0111aji"],"inLanguage":"bs-BA"},{"@type":"WebPage","@id":"https:\/\/tuzlainfo.ba\/index.php\/istaknuto\/item\/238061-kviz-sa-deanom-kotigom-za-srednjoskolce-iz-tuzlanskog-kantona\/","url":"https:\/\/tuzlainfo.ba\/index.php\/istaknuto\/item\/238061-kviz-sa-deanom-kotigom-za-srednjoskolce-iz-tuzlanskog-kantona\/","name":"Kviz sa Deanom Kotigom za srednjo\u0161kolce iz Tuzlanskog kantona - TuzlaInfo.ba","isPartOf":{"@id":"https:\/\/tuzlainfo.ba\/#website"},"primaryImageOfPage":{"@id":"https:\/\/tuzlainfo.ba\/index.php\/istaknuto\/item\/238061-kviz-sa-deanom-kotigom-za-srednjoskolce-iz-tuzlanskog-kantona\/#primaryimage"},"image":{"@id":"https:\/\/tuzlainfo.ba\/index.php\/istaknuto\/item\/238061-kviz-sa-deanom-kotigom-za-srednjoskolce-iz-tuzlanskog-kantona\/#primaryimage"},"thumbnailUrl":"https:\/\/tuzlainfo.ba\/wp-content\/uploads\/2024\/04\/Dejan-kotiga-1024x1024-1.jpg","datePublished":"2024-05-12T19:04:11+00:00","dateModified":"2024-05-12T12:20:20+00:00","breadcrumb":{"@id":"https:\/\/tuzlainfo.ba\/index.php\/istaknuto\/item\/238061-kviz-sa-deanom-kotigom-za-srednjoskolce-iz-tuzlanskog-kantona\/#breadcrumb"},"inLanguage":"bs-BA","potentialAction":[{"@type":"ReadAction","target":["https:\/\/tuzlainfo.ba\/index.php\/istaknuto\/item\/238061-kviz-sa-deanom-kotigom-za-srednjoskolce-iz-tuzlanskog-kantona\/"]}]},{"@type":"ImageObject","inLanguage":"bs-BA","@id":"https:\/\/tuzlainfo.ba\/index.php\/istaknuto\/item\/238061-kviz-sa-deanom-kotigom-za-srednjoskolce-iz-tuzlanskog-kantona\/#primaryimage","url":"https:\/\/tuzlainfo.ba\/wp-content\/uploads\/2024\/04\/Dejan-kotiga-1024x1024-1.jpg","contentUrl":"https:\/\/tuzlainfo.ba\/wp-content\/uploads\/2024\/04\/Dejan-kotiga-1024x1024-1.jpg","width":1012,"height":882},{"@type":"BreadcrumbList","@id":"https:\/\/tuzlainfo.ba\/index.php\/istaknuto\/item\/238061-kviz-sa-deanom-kotigom-za-srednjoskolce-iz-tuzlanskog-kantona\/#breadcrumb","itemListElement":[{"@type":"ListItem","position":1,"name":"Home","item":"https:\/\/tuzlainfo.ba\/"},{"@type":"ListItem","position":2,"name":"Kviz sa Deanom Kotigom za srednjo\u0161kolce iz Tuzlanskog kantona"}]},{"@type":"WebSite","@id":"https:\/\/tuzlainfo.ba\/#website","url":"https:\/\/tuzlainfo.ba\/","name":"TuzlaInfo.ba","description":"Tuzla info, gradski informator - Tuzla na dlanu","publisher":{"@id":"https:\/\/tuzlainfo.ba\/#organization"},"potentialAction":[{"@type":"SearchAction","target":{"@type":"EntryPoint","urlTemplate":"https:\/\/tuzlainfo.ba\/?s={search_term_string}"},"query-input":{"@type":"PropertyValueSpecification","valueRequired":true,"valueName":"search_term_string"}}],"inLanguage":"bs-BA"},{"@type":"Organization","@id":"https:\/\/tuzlainfo.ba\/#organization","name":"TuzlaInfo.ba","url":"https:\/\/tuzlainfo.ba\/","logo":{"@type":"ImageObject","inLanguage":"bs-BA","@id":"https:\/\/tuzlainfo.ba\/#\/schema\/logo\/image\/","url":"https:\/\/tuzlainfo.ba\/wp-content\/uploads\/2021\/03\/logo-ver-3-1.png","contentUrl":"https:\/\/tuzlainfo.ba\/wp-content\/uploads\/2021\/03\/logo-ver-3-1.png","width":350,"height":95,"caption":"TuzlaInfo.ba"},"image":{"@id":"https:\/\/tuzlainfo.ba\/#\/schema\/logo\/image\/"},"sameAs":["https:\/\/www.facebook.com\/tuzlainfo.ba\/"]},{"@type":"Person","@id":"https:\/\/tuzlainfo.ba\/#\/schema\/person\/46cad4c57790cbc50781edd14870825a","name":"Tuzla Info","image":{"@type":"ImageObject","inLanguage":"bs-BA","@id":"https:\/\/tuzlainfo.ba\/#\/schema\/person\/image\/","url":"https:\/\/tuzlainfo.ba\/wp-content\/litespeed\/avatar\/b6c453a6c38e3654f2e4416c643fc25c.jpg?ver=1777051911","contentUrl":"https:\/\/tuzlainfo.ba\/wp-content\/litespeed\/avatar\/b6c453a6c38e3654f2e4416c643fc25c.jpg?ver=1777051911","caption":"Tuzla Info"}}]}},"_links":{"self":[{"href":"https:\/\/tuzlainfo.ba\/index.php\/wp-json\/wp\/v2\/posts\/238061"}],"collection":[{"href":"https:\/\/tuzlainfo.ba\/index.php\/wp-json\/wp\/v2\/posts"}],"about":[{"href":"https:\/\/tuzlainfo.ba\/index.php\/wp-json\/wp\/v2\/types\/post"}],"author":[{"embeddable":true,"href":"https:\/\/tuzlainfo.ba\/index.php\/wp-json\/wp\/v2\/users\/4"}],"replies":[{"embeddable":true,"href":"https:\/\/tuzlainfo.ba\/index.php\/wp-json\/wp\/v2\/comments?post=238061"}],"version-history":[{"count":1,"href":"https:\/\/tuzlainfo.ba\/index.php\/wp-json\/wp\/v2\/posts\/238061\/revisions"}],"predecessor-version":[{"id":238062,"href":"https:\/\/tuzlainfo.ba\/index.php\/wp-json\/wp\/v2\/posts\/238061\/revisions\/238062"}],"wp:featuredmedia":[{"embeddable":true,"href":"https:\/\/tuzlainfo.ba\/index.php\/wp-json\/wp\/v2\/media\/235098"}],"wp:attachment":[{"href":"https:\/\/tuzlainfo.ba\/index.php\/wp-json\/wp\/v2\/media?parent=238061"}],"wp:term":[{"taxonomy":"category","embeddable":true,"href":"https:\/\/tuzlainfo.ba\/index.php\/wp-json\/wp\/v2\/categories?post=238061"},{"taxonomy":"post_tag","embeddable":true,"href":"https:\/\/tuzlainfo.ba\/index.php\/wp-json\/wp\/v2\/tags?post=238061"}],"curies":[{"name":"wp","href":"https:\/\/api.w.org\/{rel}","templated":true}]}}