{"id":237799,"date":"2024-05-09T12:41:33","date_gmt":"2024-05-09T10:41:33","guid":{"rendered":"https:\/\/tuzlainfo.ba\/?p=237799"},"modified":"2024-05-09T12:41:33","modified_gmt":"2024-05-09T10:41:33","slug":"dodik-bih-je-skup-nemoguceg-srbi-se-ne-mogu-pomiriti-s-rezolucijom","status":"publish","type":"post","link":"https:\/\/tuzlainfo.ba\/index.php\/bosna-i-hercegovina\/item\/237799-dodik-bih-je-skup-nemoguceg-srbi-se-ne-mogu-pomiriti-s-rezolucijom\/","title":{"rendered":"Dodik: BiH je skup nemogu\u0107eg, Srbi se ne mogu pomiriti s Rezolucijom"},"content":{"rendered":"<p>U Banjaluci se odr\u017eava mar\u0161 \u201cBesmrtnog puka\u201d povodom Dana pobjede nad fa\u0161izmom 1945. godine -pi\u0161e Avaz. Okupili su se gra\u0111ana RS koji su pristigli iz razli\u010ditih gradova. Na skupu se obratio i predsjednik Republike Srpske Milorad Dodik. Nakon miroljubivih poruka koje je poslao na otvorenju d\u017eamije Arnaudija, vratio se retorici &#8220;razila\u017eenja&#8221; i negiranja genocida u Srebrenici.<\/p>\n<p>\u201cSrbi su imali dva antifa\u0161isti\u010dka pokreta \u2013 partizansku i otad\u017ebinski. Sloboda objedinjuje narod. Njema\u010dka, \u010diji je re\u017eim usmrtio preko 30 miliona ljudi, Srbi su stradali masovno, Rusi, Jevreji, je imala priliku da se \u0161iri prema Rusiji i Balkanu. \u010cinjenica je da je Holokaust nad Jevrejim nezapam\u0107en zlo\u010din, a tamo su se na\u0161li i na\u0161i ljudi, zato je pobjeda nad fa\u0161izmom trajna i ne mo\u017ee se to zamijeniti drugim terminom kao Danom Evrope, a oni ne pominju fa\u0161izam. I zato to nije na\u0161 dan nego je na\u0161 dan Dan pobjede na fa\u0161izmom. Na\u0161 otpor je sna\u017ean i zato mi je drago sto smo u ratu bili jedinstveni i \u0161to nismo bili podijeljeni, brane\u0107i na\u0161u slobodu\u201d, rekao je Dodik.<\/p>\n<p>Dodik poslao pomirljive poruke: \u201c\u017delim da \u017eivimo u miru i da ovakve bogomolje niko ne o\u0161teti\u201d<\/p>\n<p>Istakao je kako danas u Federaciji Bosne i Hercegovine radni dan, a da u Republici Srpskoj nije te poru\u010dio: \u201cOvo \u0161to smo postigli ne\u0107emo izgubiti.\u201d<\/p>\n<p>\u201cOni neka rade, ali ne\u0107e nama nametati kad \u0107emo i \u0161ta obilje\u017eavati. Ho\u0107ete li poku\u0161ati da mi ne obilje\u017eavamo 9. januar? RS je antifa\u0161isti\u010dka, ona Republika u kojoj mogu svi da \u017eive i upra\u017enjavaju svoju vjeru i naciju ne vrije\u0111aju\u0107i druge. I neki dan na obilje\u017eavanju sam to rekao,da muslimani mogu da upra\u017enjavaju svoju vjeru u RS, ali ne mislim da je BiH dobra za nas. Trideset godina poku\u0161aja da se napravi model nije ispuio, bez obzira \u0161to \u017eele licemjerno da nam daju status u Evropi, a Njema\u010dka je Marija Djeva koja ni\u0161ta nije uradila. Uvijek je na neprijateljskoj strani Njema\u010dka, to smo vidjeli kroz istoriju, a kada su imali priliku da uni\u0161te Jugoslaviju to su i \u017eeljeli, evo i ovaj. Do\u0161li su ovdje da ka\u017eu da imovina ne pripada nama\u201d, rekao je Dodik.<\/p>\n<p>Potom je ponovio stare izjave kojima podi\u017ee tenzije kako je \u201cBosna i Hercegovina skup nemogu\u0107eg\u201d, te je negirao ponovo genocid u Srebrenici navode\u0107i da su \u201cSrbi ubijeni kroz niz genocida\u201d. Za Srebrenicu je rekao kako bi \u201cvolio da se to nikada nije desilo\u201d.<\/p>\n<p>\u201cRat nema logiku. Za doga\u0111aje u Srebrenici pojedinci su odgovarali, pa onda ka\u017eu da to nema veze sa srpskim narodom, la\u017eu. Nije srpski narod genocidan, dono\u0161enje rezolucije je put ka potpunom nesporazumu istorijskih dimenzija. Srbi se ne mogu pomiriti sa tim. Kakva je to podvala. Nakon dono\u0161enja rezolucije u UN-u RS ne vidi razlog da bude u BiH. Ovo rukovodstvo \u0107e u\u010diniti sve da RS ostane mirna\u201d, zaklju\u010dio je Dodik.<\/p>\n<p>U Banjaluci se odr\u017eava mar\u0161 \u201cBesmrtnog puka\u201d povodom Dana pobjede nad fa\u0161izmom. U\u010desnici su u rukama dr\u017eali uramljene fotografije predaka koji su izgubili \u017eivote u Drugom svjetskom ratu.<\/p>\n","protected":false},"excerpt":{"rendered":"<p>U Banjaluci se odr\u017eava mar\u0161 \u201cBesmrtnog puka\u201d povodom Dana pobjede nad fa\u0161izmom 1945. godine -pi\u0161e Avaz. Okupili su se gra\u0111ana RS koji su pristigli iz razli\u010ditih gradova. Na skupu se obratio i predsjednik Republike Srpske Milorad Dodik. Nakon miroljubivih poruka koje je poslao na otvorenju d\u017eamije Arnaudija, vratio se retorici &#8220;razila\u017eenja&#8221; i negiranja genocida u [&hellip;]<\/p>\n","protected":false},"author":3,"featured_media":214386,"comment_status":"closed","ping_status":"closed","sticky":false,"template":"","format":"standard","meta":{"footnotes":""},"categories":[291],"tags":[439,1644],"class_list":["post-237799","post","type-post","status-publish","format-standard","has-post-thumbnail","hentry","category-bosna-i-hercegovina","tag-dodik","tag-rezolucija"],"yoast_head":"<!-- This site is optimized with the Yoast SEO plugin v28.3 - https:\/\/yoast.com\/product\/yoast-seo-wordpress\/ -->\n<title>Dodik: BiH je skup nemogu\u0107eg, Srbi se ne mogu pomiriti s Rezolucijom<\/title>\n<meta name=\"robots\" content=\"index, follow, max-snippet:-1, max-image-preview:large, max-video-preview:-1\" \/>\n<link rel=\"canonical\" href=\"https:\/\/tuzlainfo.ba\/index.php\/bosna-i-hercegovina\/item\/237799-dodik-bih-je-skup-nemoguceg-srbi-se-ne-mogu-pomiriti-s-rezolucijom\/\" \/>\n<meta property=\"og:locale\" content=\"bs_BA\" \/>\n<meta property=\"og:type\" content=\"article\" \/>\n<meta property=\"og:title\" content=\"Dodik: BiH je skup nemogu\u0107eg, Srbi se ne mogu pomiriti s Rezolucijom\" \/>\n<meta property=\"og:description\" content=\"U Banjaluci se odr\u017eava mar\u0161 \u201cBesmrtnog puka\u201d povodom Dana pobjede nad fa\u0161izmom 1945. godine -pi\u0161e Avaz. Okupili su se gra\u0111ana RS koji su pristigli iz razli\u010ditih gradova. Na skupu se obratio i predsjednik Republike Srpske Milorad Dodik. Nakon miroljubivih poruka koje je poslao na otvorenju d\u017eamije Arnaudija, vratio se retorici &#8220;razila\u017eenja&#8221; i negiranja genocida u [&hellip;]\" \/>\n<meta property=\"og:url\" content=\"https:\/\/tuzlainfo.ba\/index.php\/bosna-i-hercegovina\/item\/237799-dodik-bih-je-skup-nemoguceg-srbi-se-ne-mogu-pomiriti-s-rezolucijom\/\" \/>\n<meta property=\"og:site_name\" content=\"TuzlaInfo.ba\" \/>\n<meta property=\"article:publisher\" content=\"https:\/\/www.facebook.com\/tuzlainfo.ba\/\" \/>\n<meta property=\"article:published_time\" content=\"2024-05-09T10:41:33+00:00\" \/>\n<meta property=\"og:image\" content=\"https:\/\/tuzlainfo.ba\/wp-content\/uploads\/2023\/08\/2008_dodik_cvijanovic.jpg\" \/>\n\t<meta property=\"og:image:width\" content=\"800\" \/>\n\t<meta property=\"og:image:height\" content=\"593\" \/>\n\t<meta property=\"og:image:type\" content=\"image\/jpeg\" \/>\n<meta name=\"author\" content=\"admin2\" \/>\n<meta name=\"twitter:card\" content=\"summary_large_image\" \/>\n<meta name=\"twitter:label1\" content=\"Written by\" \/>\n\t<meta name=\"twitter:data1\" content=\"admin2\" \/>\n\t<meta name=\"twitter:label2\" content=\"Est. reading time\" \/>\n\t<meta name=\"twitter:data2\" content=\"3 minute\" \/>\n<script type=\"application\/ld+json\" class=\"yoast-schema-graph\">{\"@context\":\"https:\\\/\\\/schema.org\",\"@graph\":[{\"@type\":\"Article\",\"@id\":\"https:\\\/\\\/tuzlainfo.ba\\\/index.php\\\/bosna-i-hercegovina\\\/item\\\/237799-dodik-bih-je-skup-nemoguceg-srbi-se-ne-mogu-pomiriti-s-rezolucijom\\\/#article\",\"isPartOf\":{\"@id\":\"https:\\\/\\\/tuzlainfo.ba\\\/index.php\\\/bosna-i-hercegovina\\\/item\\\/237799-dodik-bih-je-skup-nemoguceg-srbi-se-ne-mogu-pomiriti-s-rezolucijom\\\/\"},\"author\":{\"name\":\"admin2\",\"@id\":\"https:\\\/\\\/tuzlainfo.ba\\\/#\\\/schema\\\/person\\\/f4ebe4fff27e68efb65fa7e18f8af372\"},\"headline\":\"Dodik: BiH je skup nemogu\u0107eg, Srbi se ne mogu pomiriti s Rezolucijom\",\"datePublished\":\"2024-05-09T10:41:33+00:00\",\"mainEntityOfPage\":{\"@id\":\"https:\\\/\\\/tuzlainfo.ba\\\/index.php\\\/bosna-i-hercegovina\\\/item\\\/237799-dodik-bih-je-skup-nemoguceg-srbi-se-ne-mogu-pomiriti-s-rezolucijom\\\/\"},\"wordCount\":558,\"publisher\":{\"@id\":\"https:\\\/\\\/tuzlainfo.ba\\\/#organization\"},\"image\":{\"@id\":\"https:\\\/\\\/tuzlainfo.ba\\\/index.php\\\/bosna-i-hercegovina\\\/item\\\/237799-dodik-bih-je-skup-nemoguceg-srbi-se-ne-mogu-pomiriti-s-rezolucijom\\\/#primaryimage\"},\"thumbnailUrl\":\"https:\\\/\\\/tuzlainfo.ba\\\/wp-content\\\/uploads\\\/2023\\\/08\\\/2008_dodik_cvijanovic.jpg\",\"keywords\":[\"dodik\",\"rezolucija\"],\"articleSection\":[\"Bosna i Hercegovina\"],\"inLanguage\":\"bs-BA\",\"copyrightYear\":\"2024\",\"copyrightHolder\":{\"@id\":\"https:\\\/\\\/tuzlainfo.ba\\\/#organization\"}},{\"@type\":\"WebPage\",\"@id\":\"https:\\\/\\\/tuzlainfo.ba\\\/index.php\\\/bosna-i-hercegovina\\\/item\\\/237799-dodik-bih-je-skup-nemoguceg-srbi-se-ne-mogu-pomiriti-s-rezolucijom\\\/\",\"url\":\"https:\\\/\\\/tuzlainfo.ba\\\/index.php\\\/bosna-i-hercegovina\\\/item\\\/237799-dodik-bih-je-skup-nemoguceg-srbi-se-ne-mogu-pomiriti-s-rezolucijom\\\/\",\"name\":\"Dodik: BiH je skup nemogu\u0107eg, Srbi se ne mogu pomiriti s Rezolucijom\",\"isPartOf\":{\"@id\":\"https:\\\/\\\/tuzlainfo.ba\\\/#website\"},\"primaryImageOfPage\":{\"@id\":\"https:\\\/\\\/tuzlainfo.ba\\\/index.php\\\/bosna-i-hercegovina\\\/item\\\/237799-dodik-bih-je-skup-nemoguceg-srbi-se-ne-mogu-pomiriti-s-rezolucijom\\\/#primaryimage\"},\"image\":{\"@id\":\"https:\\\/\\\/tuzlainfo.ba\\\/index.php\\\/bosna-i-hercegovina\\\/item\\\/237799-dodik-bih-je-skup-nemoguceg-srbi-se-ne-mogu-pomiriti-s-rezolucijom\\\/#primaryimage\"},\"thumbnailUrl\":\"https:\\\/\\\/tuzlainfo.ba\\\/wp-content\\\/uploads\\\/2023\\\/08\\\/2008_dodik_cvijanovic.jpg\",\"datePublished\":\"2024-05-09T10:41:33+00:00\",\"breadcrumb\":{\"@id\":\"https:\\\/\\\/tuzlainfo.ba\\\/index.php\\\/bosna-i-hercegovina\\\/item\\\/237799-dodik-bih-je-skup-nemoguceg-srbi-se-ne-mogu-pomiriti-s-rezolucijom\\\/#breadcrumb\"},\"inLanguage\":\"bs-BA\",\"potentialAction\":[{\"@type\":\"ReadAction\",\"target\":[\"https:\\\/\\\/tuzlainfo.ba\\\/index.php\\\/bosna-i-hercegovina\\\/item\\\/237799-dodik-bih-je-skup-nemoguceg-srbi-se-ne-mogu-pomiriti-s-rezolucijom\\\/\"]}]},{\"@type\":\"ImageObject\",\"inLanguage\":\"bs-BA\",\"@id\":\"https:\\\/\\\/tuzlainfo.ba\\\/index.php\\\/bosna-i-hercegovina\\\/item\\\/237799-dodik-bih-je-skup-nemoguceg-srbi-se-ne-mogu-pomiriti-s-rezolucijom\\\/#primaryimage\",\"url\":\"https:\\\/\\\/tuzlainfo.ba\\\/wp-content\\\/uploads\\\/2023\\\/08\\\/2008_dodik_cvijanovic.jpg\",\"contentUrl\":\"https:\\\/\\\/tuzlainfo.ba\\\/wp-content\\\/uploads\\\/2023\\\/08\\\/2008_dodik_cvijanovic.jpg\",\"width\":800,\"height\":593},{\"@type\":\"BreadcrumbList\",\"@id\":\"https:\\\/\\\/tuzlainfo.ba\\\/index.php\\\/bosna-i-hercegovina\\\/item\\\/237799-dodik-bih-je-skup-nemoguceg-srbi-se-ne-mogu-pomiriti-s-rezolucijom\\\/#breadcrumb\",\"itemListElement\":[{\"@type\":\"ListItem\",\"position\":1,\"name\":\"Home\",\"item\":\"https:\\\/\\\/tuzlainfo.ba\\\/\"},{\"@type\":\"ListItem\",\"position\":2,\"name\":\"Dodik: BiH je skup nemogu\u0107eg, Srbi se ne mogu pomiriti s Rezolucijom\"}]},{\"@type\":\"WebSite\",\"@id\":\"https:\\\/\\\/tuzlainfo.ba\\\/#website\",\"url\":\"https:\\\/\\\/tuzlainfo.ba\\\/\",\"name\":\"TuzlaInfo.ba\",\"description\":\"Tuzla info, gradski informator - Tuzla na dlanu\",\"publisher\":{\"@id\":\"https:\\\/\\\/tuzlainfo.ba\\\/#organization\"},\"potentialAction\":[{\"@type\":\"SearchAction\",\"target\":{\"@type\":\"EntryPoint\",\"urlTemplate\":\"https:\\\/\\\/tuzlainfo.ba\\\/?s={search_term_string}\"},\"query-input\":{\"@type\":\"PropertyValueSpecification\",\"valueRequired\":true,\"valueName\":\"search_term_string\"}}],\"inLanguage\":\"bs-BA\"},{\"@type\":\"Organization\",\"@id\":\"https:\\\/\\\/tuzlainfo.ba\\\/#organization\",\"name\":\"TuzlaInfo.ba\",\"url\":\"https:\\\/\\\/tuzlainfo.ba\\\/\",\"logo\":{\"@type\":\"ImageObject\",\"inLanguage\":\"bs-BA\",\"@id\":\"https:\\\/\\\/tuzlainfo.ba\\\/#\\\/schema\\\/logo\\\/image\\\/\",\"url\":\"https:\\\/\\\/tuzlainfo.ba\\\/wp-content\\\/uploads\\\/2021\\\/03\\\/logo-ver-3-1.png\",\"contentUrl\":\"https:\\\/\\\/tuzlainfo.ba\\\/wp-content\\\/uploads\\\/2021\\\/03\\\/logo-ver-3-1.png\",\"width\":350,\"height\":95,\"caption\":\"TuzlaInfo.ba\"},\"image\":{\"@id\":\"https:\\\/\\\/tuzlainfo.ba\\\/#\\\/schema\\\/logo\\\/image\\\/\"},\"sameAs\":[\"https:\\\/\\\/www.facebook.com\\\/tuzlainfo.ba\\\/\"]},{\"@type\":\"Person\",\"@id\":\"https:\\\/\\\/tuzlainfo.ba\\\/#\\\/schema\\\/person\\\/f4ebe4fff27e68efb65fa7e18f8af372\",\"name\":\"admin2\",\"image\":{\"@type\":\"ImageObject\",\"inLanguage\":\"bs-BA\",\"@id\":\"https:\\\/\\\/secure.gravatar.com\\\/avatar\\\/6474d9b45292367fa11d981175d83642ccdae059a6b7eabe5fed313d54ead5cb?s=96&d=mm&r=g\",\"url\":\"https:\\\/\\\/secure.gravatar.com\\\/avatar\\\/6474d9b45292367fa11d981175d83642ccdae059a6b7eabe5fed313d54ead5cb?s=96&d=mm&r=g\",\"contentUrl\":\"https:\\\/\\\/secure.gravatar.com\\\/avatar\\\/6474d9b45292367fa11d981175d83642ccdae059a6b7eabe5fed313d54ead5cb?s=96&d=mm&r=g\",\"caption\":\"admin2\"},\"description\":\"Tuzlainfo.ba pratite na dru\u0161tvenim mre\u017eama: Facebook, Instagram i Youtube. Svoje pri\u010de, upite i fotografije \u0161aljite na na\u0161u e-mail adresu.\",\"sameAs\":[\"admin\"]}]}<\/script>\n<!-- \/ Yoast SEO plugin. -->","yoast_head_json":{"title":"Dodik: BiH je skup nemogu\u0107eg, Srbi se ne mogu pomiriti s Rezolucijom","robots":{"index":"index","follow":"follow","max-snippet":"max-snippet:-1","max-image-preview":"max-image-preview:large","max-video-preview":"max-video-preview:-1"},"canonical":"https:\/\/tuzlainfo.ba\/index.php\/bosna-i-hercegovina\/item\/237799-dodik-bih-je-skup-nemoguceg-srbi-se-ne-mogu-pomiriti-s-rezolucijom\/","og_locale":"bs_BA","og_type":"article","og_title":"Dodik: BiH je skup nemogu\u0107eg, Srbi se ne mogu pomiriti s Rezolucijom","og_description":"U Banjaluci se odr\u017eava mar\u0161 \u201cBesmrtnog puka\u201d povodom Dana pobjede nad fa\u0161izmom 1945. godine -pi\u0161e Avaz. Okupili su se gra\u0111ana RS koji su pristigli iz razli\u010ditih gradova. Na skupu se obratio i predsjednik Republike Srpske Milorad Dodik. Nakon miroljubivih poruka koje je poslao na otvorenju d\u017eamije Arnaudija, vratio se retorici &#8220;razila\u017eenja&#8221; i negiranja genocida u [&hellip;]","og_url":"https:\/\/tuzlainfo.ba\/index.php\/bosna-i-hercegovina\/item\/237799-dodik-bih-je-skup-nemoguceg-srbi-se-ne-mogu-pomiriti-s-rezolucijom\/","og_site_name":"TuzlaInfo.ba","article_publisher":"https:\/\/www.facebook.com\/tuzlainfo.ba\/","article_published_time":"2024-05-09T10:41:33+00:00","og_image":[{"width":800,"height":593,"url":"https:\/\/tuzlainfo.ba\/wp-content\/uploads\/2023\/08\/2008_dodik_cvijanovic.jpg","type":"image\/jpeg"}],"author":"admin2","twitter_card":"summary_large_image","twitter_misc":{"Written by":"admin2","Est. reading time":"3 minute"},"schema":{"@context":"https:\/\/schema.org","@graph":[{"@type":"Article","@id":"https:\/\/tuzlainfo.ba\/index.php\/bosna-i-hercegovina\/item\/237799-dodik-bih-je-skup-nemoguceg-srbi-se-ne-mogu-pomiriti-s-rezolucijom\/#article","isPartOf":{"@id":"https:\/\/tuzlainfo.ba\/index.php\/bosna-i-hercegovina\/item\/237799-dodik-bih-je-skup-nemoguceg-srbi-se-ne-mogu-pomiriti-s-rezolucijom\/"},"author":{"name":"admin2","@id":"https:\/\/tuzlainfo.ba\/#\/schema\/person\/f4ebe4fff27e68efb65fa7e18f8af372"},"headline":"Dodik: BiH je skup nemogu\u0107eg, Srbi se ne mogu pomiriti s Rezolucijom","datePublished":"2024-05-09T10:41:33+00:00","mainEntityOfPage":{"@id":"https:\/\/tuzlainfo.ba\/index.php\/bosna-i-hercegovina\/item\/237799-dodik-bih-je-skup-nemoguceg-srbi-se-ne-mogu-pomiriti-s-rezolucijom\/"},"wordCount":558,"publisher":{"@id":"https:\/\/tuzlainfo.ba\/#organization"},"image":{"@id":"https:\/\/tuzlainfo.ba\/index.php\/bosna-i-hercegovina\/item\/237799-dodik-bih-je-skup-nemoguceg-srbi-se-ne-mogu-pomiriti-s-rezolucijom\/#primaryimage"},"thumbnailUrl":"https:\/\/tuzlainfo.ba\/wp-content\/uploads\/2023\/08\/2008_dodik_cvijanovic.jpg","keywords":["dodik","rezolucija"],"articleSection":["Bosna i Hercegovina"],"inLanguage":"bs-BA","copyrightYear":"2024","copyrightHolder":{"@id":"https:\/\/tuzlainfo.ba\/#organization"}},{"@type":"WebPage","@id":"https:\/\/tuzlainfo.ba\/index.php\/bosna-i-hercegovina\/item\/237799-dodik-bih-je-skup-nemoguceg-srbi-se-ne-mogu-pomiriti-s-rezolucijom\/","url":"https:\/\/tuzlainfo.ba\/index.php\/bosna-i-hercegovina\/item\/237799-dodik-bih-je-skup-nemoguceg-srbi-se-ne-mogu-pomiriti-s-rezolucijom\/","name":"Dodik: BiH je skup nemogu\u0107eg, Srbi se ne mogu pomiriti s Rezolucijom","isPartOf":{"@id":"https:\/\/tuzlainfo.ba\/#website"},"primaryImageOfPage":{"@id":"https:\/\/tuzlainfo.ba\/index.php\/bosna-i-hercegovina\/item\/237799-dodik-bih-je-skup-nemoguceg-srbi-se-ne-mogu-pomiriti-s-rezolucijom\/#primaryimage"},"image":{"@id":"https:\/\/tuzlainfo.ba\/index.php\/bosna-i-hercegovina\/item\/237799-dodik-bih-je-skup-nemoguceg-srbi-se-ne-mogu-pomiriti-s-rezolucijom\/#primaryimage"},"thumbnailUrl":"https:\/\/tuzlainfo.ba\/wp-content\/uploads\/2023\/08\/2008_dodik_cvijanovic.jpg","datePublished":"2024-05-09T10:41:33+00:00","breadcrumb":{"@id":"https:\/\/tuzlainfo.ba\/index.php\/bosna-i-hercegovina\/item\/237799-dodik-bih-je-skup-nemoguceg-srbi-se-ne-mogu-pomiriti-s-rezolucijom\/#breadcrumb"},"inLanguage":"bs-BA","potentialAction":[{"@type":"ReadAction","target":["https:\/\/tuzlainfo.ba\/index.php\/bosna-i-hercegovina\/item\/237799-dodik-bih-je-skup-nemoguceg-srbi-se-ne-mogu-pomiriti-s-rezolucijom\/"]}]},{"@type":"ImageObject","inLanguage":"bs-BA","@id":"https:\/\/tuzlainfo.ba\/index.php\/bosna-i-hercegovina\/item\/237799-dodik-bih-je-skup-nemoguceg-srbi-se-ne-mogu-pomiriti-s-rezolucijom\/#primaryimage","url":"https:\/\/tuzlainfo.ba\/wp-content\/uploads\/2023\/08\/2008_dodik_cvijanovic.jpg","contentUrl":"https:\/\/tuzlainfo.ba\/wp-content\/uploads\/2023\/08\/2008_dodik_cvijanovic.jpg","width":800,"height":593},{"@type":"BreadcrumbList","@id":"https:\/\/tuzlainfo.ba\/index.php\/bosna-i-hercegovina\/item\/237799-dodik-bih-je-skup-nemoguceg-srbi-se-ne-mogu-pomiriti-s-rezolucijom\/#breadcrumb","itemListElement":[{"@type":"ListItem","position":1,"name":"Home","item":"https:\/\/tuzlainfo.ba\/"},{"@type":"ListItem","position":2,"name":"Dodik: BiH je skup nemogu\u0107eg, Srbi se ne mogu pomiriti s Rezolucijom"}]},{"@type":"WebSite","@id":"https:\/\/tuzlainfo.ba\/#website","url":"https:\/\/tuzlainfo.ba\/","name":"TuzlaInfo.ba","description":"Tuzla info, gradski informator - Tuzla na dlanu","publisher":{"@id":"https:\/\/tuzlainfo.ba\/#organization"},"potentialAction":[{"@type":"SearchAction","target":{"@type":"EntryPoint","urlTemplate":"https:\/\/tuzlainfo.ba\/?s={search_term_string}"},"query-input":{"@type":"PropertyValueSpecification","valueRequired":true,"valueName":"search_term_string"}}],"inLanguage":"bs-BA"},{"@type":"Organization","@id":"https:\/\/tuzlainfo.ba\/#organization","name":"TuzlaInfo.ba","url":"https:\/\/tuzlainfo.ba\/","logo":{"@type":"ImageObject","inLanguage":"bs-BA","@id":"https:\/\/tuzlainfo.ba\/#\/schema\/logo\/image\/","url":"https:\/\/tuzlainfo.ba\/wp-content\/uploads\/2021\/03\/logo-ver-3-1.png","contentUrl":"https:\/\/tuzlainfo.ba\/wp-content\/uploads\/2021\/03\/logo-ver-3-1.png","width":350,"height":95,"caption":"TuzlaInfo.ba"},"image":{"@id":"https:\/\/tuzlainfo.ba\/#\/schema\/logo\/image\/"},"sameAs":["https:\/\/www.facebook.com\/tuzlainfo.ba\/"]},{"@type":"Person","@id":"https:\/\/tuzlainfo.ba\/#\/schema\/person\/f4ebe4fff27e68efb65fa7e18f8af372","name":"admin2","image":{"@type":"ImageObject","inLanguage":"bs-BA","@id":"https:\/\/secure.gravatar.com\/avatar\/6474d9b45292367fa11d981175d83642ccdae059a6b7eabe5fed313d54ead5cb?s=96&d=mm&r=g","url":"https:\/\/secure.gravatar.com\/avatar\/6474d9b45292367fa11d981175d83642ccdae059a6b7eabe5fed313d54ead5cb?s=96&d=mm&r=g","contentUrl":"https:\/\/secure.gravatar.com\/avatar\/6474d9b45292367fa11d981175d83642ccdae059a6b7eabe5fed313d54ead5cb?s=96&d=mm&r=g","caption":"admin2"},"description":"Tuzlainfo.ba pratite na dru\u0161tvenim mre\u017eama: Facebook, Instagram i Youtube. Svoje pri\u010de, upite i fotografije \u0161aljite na na\u0161u e-mail adresu.","sameAs":["admin"]}]}},"_links":{"self":[{"href":"https:\/\/tuzlainfo.ba\/index.php\/wp-json\/wp\/v2\/posts\/237799","targetHints":{"allow":["GET"]}}],"collection":[{"href":"https:\/\/tuzlainfo.ba\/index.php\/wp-json\/wp\/v2\/posts"}],"about":[{"href":"https:\/\/tuzlainfo.ba\/index.php\/wp-json\/wp\/v2\/types\/post"}],"author":[{"embeddable":true,"href":"https:\/\/tuzlainfo.ba\/index.php\/wp-json\/wp\/v2\/users\/3"}],"replies":[{"embeddable":true,"href":"https:\/\/tuzlainfo.ba\/index.php\/wp-json\/wp\/v2\/comments?post=237799"}],"version-history":[{"count":1,"href":"https:\/\/tuzlainfo.ba\/index.php\/wp-json\/wp\/v2\/posts\/237799\/revisions"}],"predecessor-version":[{"id":237800,"href":"https:\/\/tuzlainfo.ba\/index.php\/wp-json\/wp\/v2\/posts\/237799\/revisions\/237800"}],"wp:featuredmedia":[{"embeddable":true,"href":"https:\/\/tuzlainfo.ba\/index.php\/wp-json\/wp\/v2\/media\/214386"}],"wp:attachment":[{"href":"https:\/\/tuzlainfo.ba\/index.php\/wp-json\/wp\/v2\/media?parent=237799"}],"wp:term":[{"taxonomy":"category","embeddable":true,"href":"https:\/\/tuzlainfo.ba\/index.php\/wp-json\/wp\/v2\/categories?post=237799"},{"taxonomy":"post_tag","embeddable":true,"href":"https:\/\/tuzlainfo.ba\/index.php\/wp-json\/wp\/v2\/tags?post=237799"}],"curies":[{"name":"wp","href":"https:\/\/api.w.org\/{rel}","templated":true}]}}