{"id":237689,"date":"2024-05-08T18:09:03","date_gmt":"2024-05-08T16:09:03","guid":{"rendered":"https:\/\/tuzlainfo.ba\/?p=237689"},"modified":"2024-05-08T14:56:06","modified_gmt":"2024-05-08T12:56:06","slug":"gss-tuzla-potrebno-vozilo-pokrenuta-akcija-spasioci-trebaju-prevoz","status":"publish","type":"post","link":"https:\/\/tuzlainfo.ba\/index.php\/istaknuto\/item\/237689-gss-tuzla-potrebno-vozilo-pokrenuta-akcija-spasioci-trebaju-prevoz\/","title":{"rendered":"GSS Tuzla potrebno vozilo: Pokrenuta akcija &#8220;Spasioci trebaju prevoz&#8221;"},"content":{"rendered":"<div class=\"row\">\n<div class=\"col-xs-12\">\n<div class=\"about\">Gorska slu\u017eba spa\u0161avanja (GSS) Tuzla trenutno posjeduje izuzetno obu\u010den kadar i kvalitetnu spasila\u010dku opremu, ali ne posjeduje prikladno prijevozno sredstvo.<\/div>\n<div><\/div>\n<div class=\"about\">Trenutna situacija zahtijeva kori\u0161tenje privatnih vozila za prijevoz spasilaca, opreme i unesre\u0107enih, \u0161to nije efikasno i tro\u0161i mnogo vi\u0161e resursa. Za potrebe prijevoza tima od 8 spasilaca i potrebne opreme potrebno je kori\u0161tenje i do tri manja privatna vozila, u odnosu na jedno namjensko kombi vozilo. Ova situacija negativno utje\u010de sposobnost GSS Tuzla da brzo i efikasno reaguje u slu\u010daju nesretnih doga\u0111aja, \u0161to mo\u017ee dovesti do pove\u0107anja rizika po ljudske \u017eivote i imovinu.<\/div>\n<\/div>\n<\/div>\n<div class=\"row\">\n<div class=\"col-xs-12\">\n<div class=\"about-title\">Rje\u0161enje<\/div>\n<div class=\"about\">\n<p>Osnovni razlog postojanja GSS Tuzla jeste pru\u017eanje pomo\u0107i na nepristupa\u010dnim terenima i za\u0161tite svih gra\u0111ana BiH. Nabavkom vozila rije\u0161io bi se problem efikasnosti rada Stanice, omogu\u0107ila br\u017ea intervencija i pru\u017eanje pomo\u0107i unesre\u0107enima te bi se smanjio lo\u0161 utjecaj na \u017eivotu sredinu.<\/p>\n<p>Donirati mo\u017eete bilo koji iznos on-line, uplatom putem blagajne Fondacije tuzlanske zajednice na adresi Pozori\u0161na 13 ili putem banke.<\/p>\n<p>\u017diro ra\u010duni:<\/p>\n<p><strong>Uplate iz BiH BAM ra\u010dun<\/strong>: 338 440 22525810 91 UniCredit Bank BiH, dd Sarajevo<\/p>\n<p>Uplate iz inostranstva\u00a0<strong>Euro ra\u010dun:<\/strong>\u00a0IBAN: BA 39 194 &#8211; 104 11082012-81<\/p>\n<p>SWIFT: MEBBBA 22, ProCredit Bank BiH dd Sarajevo<\/p>\n<p><strong>USD ra\u010dun:<\/strong><\/p>\n<p>IBAN: BA 39 194 &#8211; 104 11082033-18<\/p>\n<p>Uplate na blagajnu FTZ Direktno u prostorijama Fondacije na adresi:\u00a0 Pozori\u0161na 13, Tuzla.<\/p>\n<\/div>\n<\/div>\n<\/div>\n<div class=\"row\">\n<div class=\"col-xs-12\">\n<div class=\"about-title\">\n<p>Dugoro\u010dni utjecaj\/rezultati<\/p>\n<\/div>\n<div class=\"about\">\n<p>Dugoro\u010dno rje\u0161enje je ja\u010danje kapaciteta GSS Tuzla kroz nabavku potrebnog vozila. Na ovaj na\u010din unaprijed \u0107e se sigurnost svih gra\u0111ana koji \u0107e potencijalno trebati pomo\u0107 Gorske slu\u017ebe. Tako\u0111er \u0107e se olak\u0161ati dalja edukacija \u010dlanova koji su du\u017eni poha\u0111ati razli\u010dite kurseve i vje\u017ebe \u0161irom dr\u017eave.<\/p>\n<p>Osim toga GSS Tuzla \u0107e oja\u010dati svoje kapacitete kroz saradnju sa gra\u0111anima, medijima i potencijalnim donatorima kako bi se utjecalo na njihovu svijest o zna\u010daju postojanja ove stanice, unapre\u0111enju kvaliteta \u017eivota gra\u0111ana i uvo\u0111enju filantropije u svoju filozofiju poslovanja. Cilj je kontinuirana podr\u0161ka i finansiranje u budu\u0107nosti, \u0161to \u0107e omogu\u0107iti gra\u0111anima da uvijek imaju nekoga na koga mogu ra\u010dunati u najte\u017eim i najosjetljivijim situacijama, \u0161to \u0107e dugoro\u010dno rezultirati pobolj\u0161anjem sigurnosti gra\u0111ana Tuzlanskog kantona.<\/p>\n<p>Kampanja se realizuje uz podr\u0161ku Fondacije tuzlanske zajednice u okviru USAID aktivnosti Snaga lokalnog \u2013 Na\u0161a zajednica je na\u0161a odgovornost.<\/p>\n<p>Web stranica organizacije:<\/p>\n<p><a href=\"https:\/\/gsstuzla.ba\/\">https:\/\/gsstuzla.ba\/<\/a><\/p>\n<p><a href=\"https:\/\/www.facebook.com\/gssstanicatuzla\">https:\/\/www.facebook.com\/gssstanicatuzla<\/a><\/p>\n<p>&nbsp;<\/p>\n<\/div>\n<\/div>\n<\/div>\n","protected":false},"excerpt":{"rendered":"<p>Gorska slu\u017eba spa\u0161avanja (GSS) Tuzla trenutno posjeduje izuzetno obu\u010den kadar i kvalitetnu spasila\u010dku opremu, ali ne posjeduje prikladno prijevozno sredstvo. Trenutna situacija zahtijeva kori\u0161tenje privatnih vozila za prijevoz spasilaca, opreme i unesre\u0107enih, \u0161to nije efikasno i tro\u0161i mnogo vi\u0161e resursa. Za potrebe prijevoza tima od 8 spasilaca i potrebne opreme potrebno je kori\u0161tenje i do [&hellip;]<\/p>\n","protected":false},"author":4,"featured_media":237690,"comment_status":"closed","ping_status":"closed","sticky":false,"template":"","format":"standard","meta":{"footnotes":""},"categories":[304,12],"tags":[682],"class_list":["post-237689","post","type-post","status-publish","format-standard","has-post-thumbnail","hentry","category-istaknuto","category-novosti","tag-gss-tuzla"],"yoast_head":"<!-- This site is optimized with the Yoast SEO plugin v28.3 - https:\/\/yoast.com\/product\/yoast-seo-wordpress\/ -->\n<title>GSS Tuzla potrebno vozilo: Pokrenuta akcija &quot;Spasioci trebaju prevoz&quot;<\/title>\n<meta name=\"robots\" content=\"index, follow, max-snippet:-1, max-image-preview:large, max-video-preview:-1\" \/>\n<link rel=\"canonical\" href=\"https:\/\/tuzlainfo.ba\/index.php\/istaknuto\/item\/237689-gss-tuzla-potrebno-vozilo-pokrenuta-akcija-spasioci-trebaju-prevoz\/\" \/>\n<meta property=\"og:locale\" content=\"bs_BA\" \/>\n<meta property=\"og:type\" content=\"article\" \/>\n<meta property=\"og:title\" content=\"GSS Tuzla potrebno vozilo: Pokrenuta akcija &quot;Spasioci trebaju prevoz&quot;\" \/>\n<meta property=\"og:description\" content=\"Gorska slu\u017eba spa\u0161avanja (GSS) Tuzla trenutno posjeduje izuzetno obu\u010den kadar i kvalitetnu spasila\u010dku opremu, ali ne posjeduje prikladno prijevozno sredstvo. Trenutna situacija zahtijeva kori\u0161tenje privatnih vozila za prijevoz spasilaca, opreme i unesre\u0107enih, \u0161to nije efikasno i tro\u0161i mnogo vi\u0161e resursa. Za potrebe prijevoza tima od 8 spasilaca i potrebne opreme potrebno je kori\u0161tenje i do [&hellip;]\" \/>\n<meta property=\"og:url\" content=\"https:\/\/tuzlainfo.ba\/index.php\/istaknuto\/item\/237689-gss-tuzla-potrebno-vozilo-pokrenuta-akcija-spasioci-trebaju-prevoz\/\" \/>\n<meta property=\"og:site_name\" content=\"TuzlaInfo.ba\" \/>\n<meta property=\"article:publisher\" content=\"https:\/\/www.facebook.com\/tuzlainfo.ba\/\" \/>\n<meta property=\"article:published_time\" content=\"2024-05-08T16:09:03+00:00\" \/>\n<meta property=\"og:image\" content=\"https:\/\/tuzlainfo.ba\/wp-content\/uploads\/2024\/05\/gss-prevoz.jpg\" \/>\n\t<meta property=\"og:image:width\" content=\"1080\" \/>\n\t<meta property=\"og:image:height\" content=\"1080\" \/>\n\t<meta property=\"og:image:type\" content=\"image\/jpeg\" \/>\n<meta name=\"author\" content=\"Tuzla Info\" \/>\n<meta name=\"twitter:card\" content=\"summary_large_image\" \/>\n<meta name=\"twitter:label1\" content=\"Written by\" \/>\n\t<meta name=\"twitter:data1\" content=\"Tuzla Info\" \/>\n\t<meta name=\"twitter:label2\" content=\"Est. reading time\" \/>\n\t<meta name=\"twitter:data2\" content=\"3 minute\" \/>\n<script type=\"application\/ld+json\" class=\"yoast-schema-graph\">{\"@context\":\"https:\\\/\\\/schema.org\",\"@graph\":[{\"@type\":\"Article\",\"@id\":\"https:\\\/\\\/tuzlainfo.ba\\\/index.php\\\/istaknuto\\\/item\\\/237689-gss-tuzla-potrebno-vozilo-pokrenuta-akcija-spasioci-trebaju-prevoz\\\/#article\",\"isPartOf\":{\"@id\":\"https:\\\/\\\/tuzlainfo.ba\\\/index.php\\\/istaknuto\\\/item\\\/237689-gss-tuzla-potrebno-vozilo-pokrenuta-akcija-spasioci-trebaju-prevoz\\\/\"},\"author\":{\"name\":\"Tuzla Info\",\"@id\":\"https:\\\/\\\/tuzlainfo.ba\\\/#\\\/schema\\\/person\\\/46cad4c57790cbc50781edd14870825a\"},\"headline\":\"GSS Tuzla potrebno vozilo: Pokrenuta akcija &#8220;Spasioci trebaju prevoz&#8221;\",\"datePublished\":\"2024-05-08T16:09:03+00:00\",\"mainEntityOfPage\":{\"@id\":\"https:\\\/\\\/tuzlainfo.ba\\\/index.php\\\/istaknuto\\\/item\\\/237689-gss-tuzla-potrebno-vozilo-pokrenuta-akcija-spasioci-trebaju-prevoz\\\/\"},\"wordCount\":423,\"publisher\":{\"@id\":\"https:\\\/\\\/tuzlainfo.ba\\\/#organization\"},\"image\":{\"@id\":\"https:\\\/\\\/tuzlainfo.ba\\\/index.php\\\/istaknuto\\\/item\\\/237689-gss-tuzla-potrebno-vozilo-pokrenuta-akcija-spasioci-trebaju-prevoz\\\/#primaryimage\"},\"thumbnailUrl\":\"https:\\\/\\\/tuzlainfo.ba\\\/wp-content\\\/uploads\\\/2024\\\/05\\\/gss-prevoz.jpg\",\"keywords\":[\"gss tuzla\"],\"articleSection\":[\"Istaknuto\",\"Novosti\"],\"inLanguage\":\"bs-BA\",\"copyrightYear\":\"2024\",\"copyrightHolder\":{\"@id\":\"https:\\\/\\\/tuzlainfo.ba\\\/#organization\"}},{\"@type\":\"WebPage\",\"@id\":\"https:\\\/\\\/tuzlainfo.ba\\\/index.php\\\/istaknuto\\\/item\\\/237689-gss-tuzla-potrebno-vozilo-pokrenuta-akcija-spasioci-trebaju-prevoz\\\/\",\"url\":\"https:\\\/\\\/tuzlainfo.ba\\\/index.php\\\/istaknuto\\\/item\\\/237689-gss-tuzla-potrebno-vozilo-pokrenuta-akcija-spasioci-trebaju-prevoz\\\/\",\"name\":\"GSS Tuzla potrebno vozilo: Pokrenuta akcija \\\"Spasioci trebaju prevoz\\\"\",\"isPartOf\":{\"@id\":\"https:\\\/\\\/tuzlainfo.ba\\\/#website\"},\"primaryImageOfPage\":{\"@id\":\"https:\\\/\\\/tuzlainfo.ba\\\/index.php\\\/istaknuto\\\/item\\\/237689-gss-tuzla-potrebno-vozilo-pokrenuta-akcija-spasioci-trebaju-prevoz\\\/#primaryimage\"},\"image\":{\"@id\":\"https:\\\/\\\/tuzlainfo.ba\\\/index.php\\\/istaknuto\\\/item\\\/237689-gss-tuzla-potrebno-vozilo-pokrenuta-akcija-spasioci-trebaju-prevoz\\\/#primaryimage\"},\"thumbnailUrl\":\"https:\\\/\\\/tuzlainfo.ba\\\/wp-content\\\/uploads\\\/2024\\\/05\\\/gss-prevoz.jpg\",\"datePublished\":\"2024-05-08T16:09:03+00:00\",\"breadcrumb\":{\"@id\":\"https:\\\/\\\/tuzlainfo.ba\\\/index.php\\\/istaknuto\\\/item\\\/237689-gss-tuzla-potrebno-vozilo-pokrenuta-akcija-spasioci-trebaju-prevoz\\\/#breadcrumb\"},\"inLanguage\":\"bs-BA\",\"potentialAction\":[{\"@type\":\"ReadAction\",\"target\":[\"https:\\\/\\\/tuzlainfo.ba\\\/index.php\\\/istaknuto\\\/item\\\/237689-gss-tuzla-potrebno-vozilo-pokrenuta-akcija-spasioci-trebaju-prevoz\\\/\"]}]},{\"@type\":\"ImageObject\",\"inLanguage\":\"bs-BA\",\"@id\":\"https:\\\/\\\/tuzlainfo.ba\\\/index.php\\\/istaknuto\\\/item\\\/237689-gss-tuzla-potrebno-vozilo-pokrenuta-akcija-spasioci-trebaju-prevoz\\\/#primaryimage\",\"url\":\"https:\\\/\\\/tuzlainfo.ba\\\/wp-content\\\/uploads\\\/2024\\\/05\\\/gss-prevoz.jpg\",\"contentUrl\":\"https:\\\/\\\/tuzlainfo.ba\\\/wp-content\\\/uploads\\\/2024\\\/05\\\/gss-prevoz.jpg\",\"width\":1080,\"height\":1080},{\"@type\":\"BreadcrumbList\",\"@id\":\"https:\\\/\\\/tuzlainfo.ba\\\/index.php\\\/istaknuto\\\/item\\\/237689-gss-tuzla-potrebno-vozilo-pokrenuta-akcija-spasioci-trebaju-prevoz\\\/#breadcrumb\",\"itemListElement\":[{\"@type\":\"ListItem\",\"position\":1,\"name\":\"Home\",\"item\":\"https:\\\/\\\/tuzlainfo.ba\\\/\"},{\"@type\":\"ListItem\",\"position\":2,\"name\":\"GSS Tuzla potrebno vozilo: Pokrenuta akcija &#8220;Spasioci trebaju prevoz&#8221;\"}]},{\"@type\":\"WebSite\",\"@id\":\"https:\\\/\\\/tuzlainfo.ba\\\/#website\",\"url\":\"https:\\\/\\\/tuzlainfo.ba\\\/\",\"name\":\"TuzlaInfo.ba\",\"description\":\"Tuzla info, gradski informator - Tuzla na dlanu\",\"publisher\":{\"@id\":\"https:\\\/\\\/tuzlainfo.ba\\\/#organization\"},\"potentialAction\":[{\"@type\":\"SearchAction\",\"target\":{\"@type\":\"EntryPoint\",\"urlTemplate\":\"https:\\\/\\\/tuzlainfo.ba\\\/?s={search_term_string}\"},\"query-input\":{\"@type\":\"PropertyValueSpecification\",\"valueRequired\":true,\"valueName\":\"search_term_string\"}}],\"inLanguage\":\"bs-BA\"},{\"@type\":\"Organization\",\"@id\":\"https:\\\/\\\/tuzlainfo.ba\\\/#organization\",\"name\":\"TuzlaInfo.ba\",\"url\":\"https:\\\/\\\/tuzlainfo.ba\\\/\",\"logo\":{\"@type\":\"ImageObject\",\"inLanguage\":\"bs-BA\",\"@id\":\"https:\\\/\\\/tuzlainfo.ba\\\/#\\\/schema\\\/logo\\\/image\\\/\",\"url\":\"https:\\\/\\\/tuzlainfo.ba\\\/wp-content\\\/uploads\\\/2021\\\/03\\\/logo-ver-3-1.png\",\"contentUrl\":\"https:\\\/\\\/tuzlainfo.ba\\\/wp-content\\\/uploads\\\/2021\\\/03\\\/logo-ver-3-1.png\",\"width\":350,\"height\":95,\"caption\":\"TuzlaInfo.ba\"},\"image\":{\"@id\":\"https:\\\/\\\/tuzlainfo.ba\\\/#\\\/schema\\\/logo\\\/image\\\/\"},\"sameAs\":[\"https:\\\/\\\/www.facebook.com\\\/tuzlainfo.ba\\\/\"]},{\"@type\":\"Person\",\"@id\":\"https:\\\/\\\/tuzlainfo.ba\\\/#\\\/schema\\\/person\\\/46cad4c57790cbc50781edd14870825a\",\"name\":\"Tuzla Info\",\"image\":{\"@type\":\"ImageObject\",\"inLanguage\":\"bs-BA\",\"@id\":\"https:\\\/\\\/secure.gravatar.com\\\/avatar\\\/e980921b00fa2e552723a2386544734ce6885d2b2304ccca3f45186f9ca4031d?s=96&d=mm&r=g\",\"url\":\"https:\\\/\\\/secure.gravatar.com\\\/avatar\\\/e980921b00fa2e552723a2386544734ce6885d2b2304ccca3f45186f9ca4031d?s=96&d=mm&r=g\",\"contentUrl\":\"https:\\\/\\\/secure.gravatar.com\\\/avatar\\\/e980921b00fa2e552723a2386544734ce6885d2b2304ccca3f45186f9ca4031d?s=96&d=mm&r=g\",\"caption\":\"Tuzla Info\"}}]}<\/script>\n<!-- \/ Yoast SEO plugin. -->","yoast_head_json":{"title":"GSS Tuzla potrebno vozilo: Pokrenuta akcija \"Spasioci trebaju prevoz\"","robots":{"index":"index","follow":"follow","max-snippet":"max-snippet:-1","max-image-preview":"max-image-preview:large","max-video-preview":"max-video-preview:-1"},"canonical":"https:\/\/tuzlainfo.ba\/index.php\/istaknuto\/item\/237689-gss-tuzla-potrebno-vozilo-pokrenuta-akcija-spasioci-trebaju-prevoz\/","og_locale":"bs_BA","og_type":"article","og_title":"GSS Tuzla potrebno vozilo: Pokrenuta akcija \"Spasioci trebaju prevoz\"","og_description":"Gorska slu\u017eba spa\u0161avanja (GSS) Tuzla trenutno posjeduje izuzetno obu\u010den kadar i kvalitetnu spasila\u010dku opremu, ali ne posjeduje prikladno prijevozno sredstvo. Trenutna situacija zahtijeva kori\u0161tenje privatnih vozila za prijevoz spasilaca, opreme i unesre\u0107enih, \u0161to nije efikasno i tro\u0161i mnogo vi\u0161e resursa. Za potrebe prijevoza tima od 8 spasilaca i potrebne opreme potrebno je kori\u0161tenje i do [&hellip;]","og_url":"https:\/\/tuzlainfo.ba\/index.php\/istaknuto\/item\/237689-gss-tuzla-potrebno-vozilo-pokrenuta-akcija-spasioci-trebaju-prevoz\/","og_site_name":"TuzlaInfo.ba","article_publisher":"https:\/\/www.facebook.com\/tuzlainfo.ba\/","article_published_time":"2024-05-08T16:09:03+00:00","og_image":[{"width":1080,"height":1080,"url":"https:\/\/tuzlainfo.ba\/wp-content\/uploads\/2024\/05\/gss-prevoz.jpg","type":"image\/jpeg"}],"author":"Tuzla Info","twitter_card":"summary_large_image","twitter_misc":{"Written by":"Tuzla Info","Est. reading time":"3 minute"},"schema":{"@context":"https:\/\/schema.org","@graph":[{"@type":"Article","@id":"https:\/\/tuzlainfo.ba\/index.php\/istaknuto\/item\/237689-gss-tuzla-potrebno-vozilo-pokrenuta-akcija-spasioci-trebaju-prevoz\/#article","isPartOf":{"@id":"https:\/\/tuzlainfo.ba\/index.php\/istaknuto\/item\/237689-gss-tuzla-potrebno-vozilo-pokrenuta-akcija-spasioci-trebaju-prevoz\/"},"author":{"name":"Tuzla Info","@id":"https:\/\/tuzlainfo.ba\/#\/schema\/person\/46cad4c57790cbc50781edd14870825a"},"headline":"GSS Tuzla potrebno vozilo: Pokrenuta akcija &#8220;Spasioci trebaju prevoz&#8221;","datePublished":"2024-05-08T16:09:03+00:00","mainEntityOfPage":{"@id":"https:\/\/tuzlainfo.ba\/index.php\/istaknuto\/item\/237689-gss-tuzla-potrebno-vozilo-pokrenuta-akcija-spasioci-trebaju-prevoz\/"},"wordCount":423,"publisher":{"@id":"https:\/\/tuzlainfo.ba\/#organization"},"image":{"@id":"https:\/\/tuzlainfo.ba\/index.php\/istaknuto\/item\/237689-gss-tuzla-potrebno-vozilo-pokrenuta-akcija-spasioci-trebaju-prevoz\/#primaryimage"},"thumbnailUrl":"https:\/\/tuzlainfo.ba\/wp-content\/uploads\/2024\/05\/gss-prevoz.jpg","keywords":["gss tuzla"],"articleSection":["Istaknuto","Novosti"],"inLanguage":"bs-BA","copyrightYear":"2024","copyrightHolder":{"@id":"https:\/\/tuzlainfo.ba\/#organization"}},{"@type":"WebPage","@id":"https:\/\/tuzlainfo.ba\/index.php\/istaknuto\/item\/237689-gss-tuzla-potrebno-vozilo-pokrenuta-akcija-spasioci-trebaju-prevoz\/","url":"https:\/\/tuzlainfo.ba\/index.php\/istaknuto\/item\/237689-gss-tuzla-potrebno-vozilo-pokrenuta-akcija-spasioci-trebaju-prevoz\/","name":"GSS Tuzla potrebno vozilo: Pokrenuta akcija \"Spasioci trebaju prevoz\"","isPartOf":{"@id":"https:\/\/tuzlainfo.ba\/#website"},"primaryImageOfPage":{"@id":"https:\/\/tuzlainfo.ba\/index.php\/istaknuto\/item\/237689-gss-tuzla-potrebno-vozilo-pokrenuta-akcija-spasioci-trebaju-prevoz\/#primaryimage"},"image":{"@id":"https:\/\/tuzlainfo.ba\/index.php\/istaknuto\/item\/237689-gss-tuzla-potrebno-vozilo-pokrenuta-akcija-spasioci-trebaju-prevoz\/#primaryimage"},"thumbnailUrl":"https:\/\/tuzlainfo.ba\/wp-content\/uploads\/2024\/05\/gss-prevoz.jpg","datePublished":"2024-05-08T16:09:03+00:00","breadcrumb":{"@id":"https:\/\/tuzlainfo.ba\/index.php\/istaknuto\/item\/237689-gss-tuzla-potrebno-vozilo-pokrenuta-akcija-spasioci-trebaju-prevoz\/#breadcrumb"},"inLanguage":"bs-BA","potentialAction":[{"@type":"ReadAction","target":["https:\/\/tuzlainfo.ba\/index.php\/istaknuto\/item\/237689-gss-tuzla-potrebno-vozilo-pokrenuta-akcija-spasioci-trebaju-prevoz\/"]}]},{"@type":"ImageObject","inLanguage":"bs-BA","@id":"https:\/\/tuzlainfo.ba\/index.php\/istaknuto\/item\/237689-gss-tuzla-potrebno-vozilo-pokrenuta-akcija-spasioci-trebaju-prevoz\/#primaryimage","url":"https:\/\/tuzlainfo.ba\/wp-content\/uploads\/2024\/05\/gss-prevoz.jpg","contentUrl":"https:\/\/tuzlainfo.ba\/wp-content\/uploads\/2024\/05\/gss-prevoz.jpg","width":1080,"height":1080},{"@type":"BreadcrumbList","@id":"https:\/\/tuzlainfo.ba\/index.php\/istaknuto\/item\/237689-gss-tuzla-potrebno-vozilo-pokrenuta-akcija-spasioci-trebaju-prevoz\/#breadcrumb","itemListElement":[{"@type":"ListItem","position":1,"name":"Home","item":"https:\/\/tuzlainfo.ba\/"},{"@type":"ListItem","position":2,"name":"GSS Tuzla potrebno vozilo: Pokrenuta akcija &#8220;Spasioci trebaju prevoz&#8221;"}]},{"@type":"WebSite","@id":"https:\/\/tuzlainfo.ba\/#website","url":"https:\/\/tuzlainfo.ba\/","name":"TuzlaInfo.ba","description":"Tuzla info, gradski informator - Tuzla na dlanu","publisher":{"@id":"https:\/\/tuzlainfo.ba\/#organization"},"potentialAction":[{"@type":"SearchAction","target":{"@type":"EntryPoint","urlTemplate":"https:\/\/tuzlainfo.ba\/?s={search_term_string}"},"query-input":{"@type":"PropertyValueSpecification","valueRequired":true,"valueName":"search_term_string"}}],"inLanguage":"bs-BA"},{"@type":"Organization","@id":"https:\/\/tuzlainfo.ba\/#organization","name":"TuzlaInfo.ba","url":"https:\/\/tuzlainfo.ba\/","logo":{"@type":"ImageObject","inLanguage":"bs-BA","@id":"https:\/\/tuzlainfo.ba\/#\/schema\/logo\/image\/","url":"https:\/\/tuzlainfo.ba\/wp-content\/uploads\/2021\/03\/logo-ver-3-1.png","contentUrl":"https:\/\/tuzlainfo.ba\/wp-content\/uploads\/2021\/03\/logo-ver-3-1.png","width":350,"height":95,"caption":"TuzlaInfo.ba"},"image":{"@id":"https:\/\/tuzlainfo.ba\/#\/schema\/logo\/image\/"},"sameAs":["https:\/\/www.facebook.com\/tuzlainfo.ba\/"]},{"@type":"Person","@id":"https:\/\/tuzlainfo.ba\/#\/schema\/person\/46cad4c57790cbc50781edd14870825a","name":"Tuzla Info","image":{"@type":"ImageObject","inLanguage":"bs-BA","@id":"https:\/\/secure.gravatar.com\/avatar\/e980921b00fa2e552723a2386544734ce6885d2b2304ccca3f45186f9ca4031d?s=96&d=mm&r=g","url":"https:\/\/secure.gravatar.com\/avatar\/e980921b00fa2e552723a2386544734ce6885d2b2304ccca3f45186f9ca4031d?s=96&d=mm&r=g","contentUrl":"https:\/\/secure.gravatar.com\/avatar\/e980921b00fa2e552723a2386544734ce6885d2b2304ccca3f45186f9ca4031d?s=96&d=mm&r=g","caption":"Tuzla Info"}}]}},"_links":{"self":[{"href":"https:\/\/tuzlainfo.ba\/index.php\/wp-json\/wp\/v2\/posts\/237689","targetHints":{"allow":["GET"]}}],"collection":[{"href":"https:\/\/tuzlainfo.ba\/index.php\/wp-json\/wp\/v2\/posts"}],"about":[{"href":"https:\/\/tuzlainfo.ba\/index.php\/wp-json\/wp\/v2\/types\/post"}],"author":[{"embeddable":true,"href":"https:\/\/tuzlainfo.ba\/index.php\/wp-json\/wp\/v2\/users\/4"}],"replies":[{"embeddable":true,"href":"https:\/\/tuzlainfo.ba\/index.php\/wp-json\/wp\/v2\/comments?post=237689"}],"version-history":[{"count":1,"href":"https:\/\/tuzlainfo.ba\/index.php\/wp-json\/wp\/v2\/posts\/237689\/revisions"}],"predecessor-version":[{"id":237691,"href":"https:\/\/tuzlainfo.ba\/index.php\/wp-json\/wp\/v2\/posts\/237689\/revisions\/237691"}],"wp:featuredmedia":[{"embeddable":true,"href":"https:\/\/tuzlainfo.ba\/index.php\/wp-json\/wp\/v2\/media\/237690"}],"wp:attachment":[{"href":"https:\/\/tuzlainfo.ba\/index.php\/wp-json\/wp\/v2\/media?parent=237689"}],"wp:term":[{"taxonomy":"category","embeddable":true,"href":"https:\/\/tuzlainfo.ba\/index.php\/wp-json\/wp\/v2\/categories?post=237689"},{"taxonomy":"post_tag","embeddable":true,"href":"https:\/\/tuzlainfo.ba\/index.php\/wp-json\/wp\/v2\/tags?post=237689"}],"curies":[{"name":"wp","href":"https:\/\/api.w.org\/{rel}","templated":true}]}}