{"id":237640,"date":"2024-05-07T21:16:30","date_gmt":"2024-05-07T19:16:30","guid":{"rendered":"https:\/\/tuzlainfo.ba\/?p=237640"},"modified":"2024-05-07T21:16:30","modified_gmt":"2024-05-07T19:16:30","slug":"dodik-na-otvaranju-obnovljene-arnaudije-rusenje-ove-dzamije-bio-je-cin-bezumlja","status":"publish","type":"post","link":"https:\/\/tuzlainfo.ba\/index.php\/bosna-i-hercegovina\/item\/237640-dodik-na-otvaranju-obnovljene-arnaudije-rusenje-ove-dzamije-bio-je-cin-bezumlja\/","title":{"rendered":"Dodik na otvaranju obnovljene Arnaudije: &#8220;&#8221;Ru\u0161enje ove d\u017eamije bio je \u010din bezumlja&#8221;"},"content":{"rendered":"<p>Na otvorenju obnovljene Arnaudija d\u017eamije bio je i predsjednik Republike Srpske Milorad Dodik, koji se obratio prisutnima i po\u017eelio sre\u0107u vjernicima da u miru koriste obnovljenu d\u017eamiju.<\/p>\n<p>&#8220;Ru\u0161enje ove d\u017eamije bila je gre\u0161ka, bio je \u010din bezumlja&#8221;, tim rije\u010dima je Dodik zapo\u010deo svoj govor, dodav\u0161i da se ru\u0161enjem &#8220;ne mo\u017ee zaustaviti ni narod ni vrijeme&#8221;.<\/p>\n<p>Istaknuo je da obnavljanje Arnaudije 30 godina nakon ru\u0161enja upravo simbolizuje besmisao njenog ru\u0161enja.<\/p>\n<div id=\"text\" class=\"break-words mt-3 text-lg lg:text-xl space-y-4 mb-3 leading-6 md:leading-8 dark:text-gray-200\">\n<p>&#8220;Zahvalan sam svima koji su pomogli, prije svega Turskoj koja je izdvojila najzna\u010dajniji dio novca i svima drugima koji su dali podr\u0161ku izgradnji. D\u017eamija svjedo\u010di tome da na ovom prostoru mo\u017ee da \u017eivi mir. Svako ima pravo da bude svoj, mo\u017ee da bude druga\u010diji, pripadnik jednog, drugog, petog naroda, ali svi zajedno moramo da gradimo mir. Upravo ovdje \u017eelimo da poka\u017eemo na\u0161u sposobnost te vrste&#8221;, kazao je on.<\/p>\n<p>Vjernicima je \u010destitao Dan d\u017eamija, kao i otvaranje renovirane Arnaudije.<\/p>\n<p>&#8220;Vama vjernicima, \u017eelim \u010destitati ovaj dan, Dan d\u017eamija, ali i ponovnu izgradnju ovog prelijepog objekta, koji \u017eivi ovdje kroz vijekove i svjedok je postojanja, radosti, ali i bezumlja koje je dovelo do njegovog ru\u0161enja. \u017delim da vjernici ovo koriste u najve\u0107em miru i ti\u0161ini i da ih niko ne doti\u010de i ne dira, to je ono \u0161to trebamo osigurati mi ovdje u RS-u, ali i \u0161irom regiona&#8221;, poru\u010dio je Dodik.<\/p>\n<\/div>\n<div class=\"lg:max-w-2xl lg:mx-auto mt-3 text-lg md:text-xl mb-3 leading-6 md:leading-8 dark:text-gray-200\">\n<p>Dodao je da &#8220;politi\u010dari uzavrelih strasti \u0161alju razne poruke&#8221;, ali da &#8220;jedino \u0161to preostaje u na\u0161im \u017eivotima je da mirno pro\u017eivimo ovaj \u017eivot, da svi imamo jednaka prava gdje god \u017eivjeli&#8221;.<\/p>\n<p>Na kraju je kazao da \u0107e institucije RS-a biti tu da podr\u017ee sve budu\u0107e poslove i potrebe IZ u BiH.<\/p>\n<\/div>\n","protected":false},"excerpt":{"rendered":"<p>Na otvorenju obnovljene Arnaudija d\u017eamije bio je i predsjednik Republike Srpske Milorad Dodik, koji se&hellip;<\/p>\n","protected":false},"author":2,"featured_media":237641,"comment_status":"closed","ping_status":"closed","sticky":false,"template":"","format":"standard","meta":{"_acf_changed":false,"footnotes":""},"categories":[291],"tags":[9811,535],"acf":[],"yoast_head":"<!-- This site is optimized with the Yoast SEO plugin v23.5 - https:\/\/yoast.com\/wordpress\/plugins\/seo\/ -->\n<title>Dodik na otvaranju obnovljene Arnaudije: &quot;&quot;Ru\u0161enje ove d\u017eamije bio je \u010din bezumlja&quot; - TuzlaInfo.ba<\/title>\n<meta name=\"robots\" content=\"index, follow, max-snippet:-1, max-image-preview:large, max-video-preview:-1\" \/>\n<link rel=\"canonical\" href=\"https:\/\/tuzlainfo.ba\/index.php\/bosna-i-hercegovina\/item\/237640-dodik-na-otvaranju-obnovljene-arnaudije-rusenje-ove-dzamije-bio-je-cin-bezumlja\/\" \/>\n<meta property=\"og:locale\" content=\"bs_BA\" \/>\n<meta property=\"og:type\" content=\"article\" \/>\n<meta property=\"og:title\" content=\"Dodik na otvaranju obnovljene Arnaudije: &quot;&quot;Ru\u0161enje ove d\u017eamije bio je \u010din bezumlja&quot; - TuzlaInfo.ba\" \/>\n<meta property=\"og:description\" content=\"Na otvorenju obnovljene Arnaudija d\u017eamije bio je i predsjednik Republike Srpske Milorad Dodik, koji se&hellip;\" \/>\n<meta property=\"og:url\" content=\"https:\/\/tuzlainfo.ba\/index.php\/bosna-i-hercegovina\/item\/237640-dodik-na-otvaranju-obnovljene-arnaudije-rusenje-ove-dzamije-bio-je-cin-bezumlja\/\" \/>\n<meta property=\"og:site_name\" content=\"TuzlaInfo.ba\" \/>\n<meta property=\"article:publisher\" content=\"https:\/\/www.facebook.com\/tuzlainfo.ba\/\" \/>\n<meta property=\"article:published_time\" content=\"2024-05-07T19:16:30+00:00\" \/>\n<meta property=\"og:image\" content=\"https:\/\/tuzlainfo.ba\/wp-content\/uploads\/2024\/05\/0705_milorad_dodik.jpg\" \/>\n\t<meta property=\"og:image:width\" content=\"1000\" \/>\n\t<meta property=\"og:image:height\" content=\"666\" \/>\n\t<meta property=\"og:image:type\" content=\"image\/jpeg\" \/>\n<meta name=\"author\" content=\"nedim\" \/>\n<meta name=\"twitter:card\" content=\"summary_large_image\" \/>\n<meta name=\"twitter:label1\" content=\"Written by\" \/>\n\t<meta name=\"twitter:data1\" content=\"nedim\" \/>\n\t<meta name=\"twitter:label2\" content=\"Est. reading time\" \/>\n\t<meta name=\"twitter:data2\" content=\"2 minute\" \/>\n<script type=\"application\/ld+json\" class=\"yoast-schema-graph\">{\"@context\":\"https:\/\/schema.org\",\"@graph\":[{\"@type\":\"Article\",\"@id\":\"https:\/\/tuzlainfo.ba\/index.php\/bosna-i-hercegovina\/item\/237640-dodik-na-otvaranju-obnovljene-arnaudije-rusenje-ove-dzamije-bio-je-cin-bezumlja\/#article\",\"isPartOf\":{\"@id\":\"https:\/\/tuzlainfo.ba\/index.php\/bosna-i-hercegovina\/item\/237640-dodik-na-otvaranju-obnovljene-arnaudije-rusenje-ove-dzamije-bio-je-cin-bezumlja\/\"},\"author\":{\"name\":\"nedim\",\"@id\":\"https:\/\/tuzlainfo.ba\/#\/schema\/person\/f434e20dc27ea133923aab08451b7f7f\"},\"headline\":\"Dodik na otvaranju obnovljene Arnaudije: &#8220;&#8221;Ru\u0161enje ove d\u017eamije bio je \u010din bezumlja&#8221;\",\"datePublished\":\"2024-05-07T19:16:30+00:00\",\"dateModified\":\"2024-05-07T19:16:30+00:00\",\"mainEntityOfPage\":{\"@id\":\"https:\/\/tuzlainfo.ba\/index.php\/bosna-i-hercegovina\/item\/237640-dodik-na-otvaranju-obnovljene-arnaudije-rusenje-ove-dzamije-bio-je-cin-bezumlja\/\"},\"wordCount\":316,\"publisher\":{\"@id\":\"https:\/\/tuzlainfo.ba\/#organization\"},\"image\":{\"@id\":\"https:\/\/tuzlainfo.ba\/index.php\/bosna-i-hercegovina\/item\/237640-dodik-na-otvaranju-obnovljene-arnaudije-rusenje-ove-dzamije-bio-je-cin-bezumlja\/#primaryimage\"},\"thumbnailUrl\":\"https:\/\/tuzlainfo.ba\/wp-content\/uploads\/2024\/05\/0705_milorad_dodik.jpg\",\"keywords\":[\"arnaudija\",\"milorad dodik\"],\"articleSection\":[\"Bosna i Hercegovina\"],\"inLanguage\":\"bs-BA\"},{\"@type\":\"WebPage\",\"@id\":\"https:\/\/tuzlainfo.ba\/index.php\/bosna-i-hercegovina\/item\/237640-dodik-na-otvaranju-obnovljene-arnaudije-rusenje-ove-dzamije-bio-je-cin-bezumlja\/\",\"url\":\"https:\/\/tuzlainfo.ba\/index.php\/bosna-i-hercegovina\/item\/237640-dodik-na-otvaranju-obnovljene-arnaudije-rusenje-ove-dzamije-bio-je-cin-bezumlja\/\",\"name\":\"Dodik na otvaranju obnovljene Arnaudije: \\\"\\\"Ru\u0161enje ove d\u017eamije bio je \u010din bezumlja\\\" - TuzlaInfo.ba\",\"isPartOf\":{\"@id\":\"https:\/\/tuzlainfo.ba\/#website\"},\"primaryImageOfPage\":{\"@id\":\"https:\/\/tuzlainfo.ba\/index.php\/bosna-i-hercegovina\/item\/237640-dodik-na-otvaranju-obnovljene-arnaudije-rusenje-ove-dzamije-bio-je-cin-bezumlja\/#primaryimage\"},\"image\":{\"@id\":\"https:\/\/tuzlainfo.ba\/index.php\/bosna-i-hercegovina\/item\/237640-dodik-na-otvaranju-obnovljene-arnaudije-rusenje-ove-dzamije-bio-je-cin-bezumlja\/#primaryimage\"},\"thumbnailUrl\":\"https:\/\/tuzlainfo.ba\/wp-content\/uploads\/2024\/05\/0705_milorad_dodik.jpg\",\"datePublished\":\"2024-05-07T19:16:30+00:00\",\"dateModified\":\"2024-05-07T19:16:30+00:00\",\"breadcrumb\":{\"@id\":\"https:\/\/tuzlainfo.ba\/index.php\/bosna-i-hercegovina\/item\/237640-dodik-na-otvaranju-obnovljene-arnaudije-rusenje-ove-dzamije-bio-je-cin-bezumlja\/#breadcrumb\"},\"inLanguage\":\"bs-BA\",\"potentialAction\":[{\"@type\":\"ReadAction\",\"target\":[\"https:\/\/tuzlainfo.ba\/index.php\/bosna-i-hercegovina\/item\/237640-dodik-na-otvaranju-obnovljene-arnaudije-rusenje-ove-dzamije-bio-je-cin-bezumlja\/\"]}]},{\"@type\":\"ImageObject\",\"inLanguage\":\"bs-BA\",\"@id\":\"https:\/\/tuzlainfo.ba\/index.php\/bosna-i-hercegovina\/item\/237640-dodik-na-otvaranju-obnovljene-arnaudije-rusenje-ove-dzamije-bio-je-cin-bezumlja\/#primaryimage\",\"url\":\"https:\/\/tuzlainfo.ba\/wp-content\/uploads\/2024\/05\/0705_milorad_dodik.jpg\",\"contentUrl\":\"https:\/\/tuzlainfo.ba\/wp-content\/uploads\/2024\/05\/0705_milorad_dodik.jpg\",\"width\":1000,\"height\":666},{\"@type\":\"BreadcrumbList\",\"@id\":\"https:\/\/tuzlainfo.ba\/index.php\/bosna-i-hercegovina\/item\/237640-dodik-na-otvaranju-obnovljene-arnaudije-rusenje-ove-dzamije-bio-je-cin-bezumlja\/#breadcrumb\",\"itemListElement\":[{\"@type\":\"ListItem\",\"position\":1,\"name\":\"Home\",\"item\":\"https:\/\/tuzlainfo.ba\/\"},{\"@type\":\"ListItem\",\"position\":2,\"name\":\"Dodik na otvaranju obnovljene Arnaudije: &#8220;&#8221;Ru\u0161enje ove d\u017eamije bio je \u010din bezumlja&#8221;\"}]},{\"@type\":\"WebSite\",\"@id\":\"https:\/\/tuzlainfo.ba\/#website\",\"url\":\"https:\/\/tuzlainfo.ba\/\",\"name\":\"TuzlaInfo.ba\",\"description\":\"Tuzla info, gradski informator - Tuzla na dlanu\",\"publisher\":{\"@id\":\"https:\/\/tuzlainfo.ba\/#organization\"},\"potentialAction\":[{\"@type\":\"SearchAction\",\"target\":{\"@type\":\"EntryPoint\",\"urlTemplate\":\"https:\/\/tuzlainfo.ba\/?s={search_term_string}\"},\"query-input\":{\"@type\":\"PropertyValueSpecification\",\"valueRequired\":true,\"valueName\":\"search_term_string\"}}],\"inLanguage\":\"bs-BA\"},{\"@type\":\"Organization\",\"@id\":\"https:\/\/tuzlainfo.ba\/#organization\",\"name\":\"TuzlaInfo.ba\",\"url\":\"https:\/\/tuzlainfo.ba\/\",\"logo\":{\"@type\":\"ImageObject\",\"inLanguage\":\"bs-BA\",\"@id\":\"https:\/\/tuzlainfo.ba\/#\/schema\/logo\/image\/\",\"url\":\"https:\/\/tuzlainfo.ba\/wp-content\/uploads\/2021\/03\/logo-ver-3-1.png\",\"contentUrl\":\"https:\/\/tuzlainfo.ba\/wp-content\/uploads\/2021\/03\/logo-ver-3-1.png\",\"width\":350,\"height\":95,\"caption\":\"TuzlaInfo.ba\"},\"image\":{\"@id\":\"https:\/\/tuzlainfo.ba\/#\/schema\/logo\/image\/\"},\"sameAs\":[\"https:\/\/www.facebook.com\/tuzlainfo.ba\/\"]},{\"@type\":\"Person\",\"@id\":\"https:\/\/tuzlainfo.ba\/#\/schema\/person\/f434e20dc27ea133923aab08451b7f7f\",\"name\":\"nedim\",\"image\":{\"@type\":\"ImageObject\",\"inLanguage\":\"bs-BA\",\"@id\":\"https:\/\/tuzlainfo.ba\/#\/schema\/person\/image\/\",\"url\":\"https:\/\/tuzlainfo.ba\/wp-content\/litespeed\/avatar\/aabad687af24844af817603ac1cbdc4f.jpg?ver=1777306975\",\"contentUrl\":\"https:\/\/tuzlainfo.ba\/wp-content\/litespeed\/avatar\/aabad687af24844af817603ac1cbdc4f.jpg?ver=1777306975\",\"caption\":\"nedim\"},\"description\":\"Tuzlainfo.ba pratite na dru\u0161tvenim mre\u017eama: Facebook, Instagram i Youtube. Svoje pri\u010de, upite i fotografije \u0161aljite na na\u0161u e-mail adresu.\"}]}<\/script>\n<!-- \/ Yoast SEO plugin. -->","yoast_head_json":{"title":"Dodik na otvaranju obnovljene Arnaudije: \"\"Ru\u0161enje ove d\u017eamije bio je \u010din bezumlja\" - TuzlaInfo.ba","robots":{"index":"index","follow":"follow","max-snippet":"max-snippet:-1","max-image-preview":"max-image-preview:large","max-video-preview":"max-video-preview:-1"},"canonical":"https:\/\/tuzlainfo.ba\/index.php\/bosna-i-hercegovina\/item\/237640-dodik-na-otvaranju-obnovljene-arnaudije-rusenje-ove-dzamije-bio-je-cin-bezumlja\/","og_locale":"bs_BA","og_type":"article","og_title":"Dodik na otvaranju obnovljene Arnaudije: \"\"Ru\u0161enje ove d\u017eamije bio je \u010din bezumlja\" - TuzlaInfo.ba","og_description":"Na otvorenju obnovljene Arnaudija d\u017eamije bio je i predsjednik Republike Srpske Milorad Dodik, koji se&hellip;","og_url":"https:\/\/tuzlainfo.ba\/index.php\/bosna-i-hercegovina\/item\/237640-dodik-na-otvaranju-obnovljene-arnaudije-rusenje-ove-dzamije-bio-je-cin-bezumlja\/","og_site_name":"TuzlaInfo.ba","article_publisher":"https:\/\/www.facebook.com\/tuzlainfo.ba\/","article_published_time":"2024-05-07T19:16:30+00:00","og_image":[{"width":1000,"height":666,"url":"https:\/\/tuzlainfo.ba\/wp-content\/uploads\/2024\/05\/0705_milorad_dodik.jpg","type":"image\/jpeg"}],"author":"nedim","twitter_card":"summary_large_image","twitter_misc":{"Written by":"nedim","Est. reading time":"2 minute"},"schema":{"@context":"https:\/\/schema.org","@graph":[{"@type":"Article","@id":"https:\/\/tuzlainfo.ba\/index.php\/bosna-i-hercegovina\/item\/237640-dodik-na-otvaranju-obnovljene-arnaudije-rusenje-ove-dzamije-bio-je-cin-bezumlja\/#article","isPartOf":{"@id":"https:\/\/tuzlainfo.ba\/index.php\/bosna-i-hercegovina\/item\/237640-dodik-na-otvaranju-obnovljene-arnaudije-rusenje-ove-dzamije-bio-je-cin-bezumlja\/"},"author":{"name":"nedim","@id":"https:\/\/tuzlainfo.ba\/#\/schema\/person\/f434e20dc27ea133923aab08451b7f7f"},"headline":"Dodik na otvaranju obnovljene Arnaudije: &#8220;&#8221;Ru\u0161enje ove d\u017eamije bio je \u010din bezumlja&#8221;","datePublished":"2024-05-07T19:16:30+00:00","dateModified":"2024-05-07T19:16:30+00:00","mainEntityOfPage":{"@id":"https:\/\/tuzlainfo.ba\/index.php\/bosna-i-hercegovina\/item\/237640-dodik-na-otvaranju-obnovljene-arnaudije-rusenje-ove-dzamije-bio-je-cin-bezumlja\/"},"wordCount":316,"publisher":{"@id":"https:\/\/tuzlainfo.ba\/#organization"},"image":{"@id":"https:\/\/tuzlainfo.ba\/index.php\/bosna-i-hercegovina\/item\/237640-dodik-na-otvaranju-obnovljene-arnaudije-rusenje-ove-dzamije-bio-je-cin-bezumlja\/#primaryimage"},"thumbnailUrl":"https:\/\/tuzlainfo.ba\/wp-content\/uploads\/2024\/05\/0705_milorad_dodik.jpg","keywords":["arnaudija","milorad dodik"],"articleSection":["Bosna i Hercegovina"],"inLanguage":"bs-BA"},{"@type":"WebPage","@id":"https:\/\/tuzlainfo.ba\/index.php\/bosna-i-hercegovina\/item\/237640-dodik-na-otvaranju-obnovljene-arnaudije-rusenje-ove-dzamije-bio-je-cin-bezumlja\/","url":"https:\/\/tuzlainfo.ba\/index.php\/bosna-i-hercegovina\/item\/237640-dodik-na-otvaranju-obnovljene-arnaudije-rusenje-ove-dzamije-bio-je-cin-bezumlja\/","name":"Dodik na otvaranju obnovljene Arnaudije: \"\"Ru\u0161enje ove d\u017eamije bio je \u010din bezumlja\" - TuzlaInfo.ba","isPartOf":{"@id":"https:\/\/tuzlainfo.ba\/#website"},"primaryImageOfPage":{"@id":"https:\/\/tuzlainfo.ba\/index.php\/bosna-i-hercegovina\/item\/237640-dodik-na-otvaranju-obnovljene-arnaudije-rusenje-ove-dzamije-bio-je-cin-bezumlja\/#primaryimage"},"image":{"@id":"https:\/\/tuzlainfo.ba\/index.php\/bosna-i-hercegovina\/item\/237640-dodik-na-otvaranju-obnovljene-arnaudije-rusenje-ove-dzamije-bio-je-cin-bezumlja\/#primaryimage"},"thumbnailUrl":"https:\/\/tuzlainfo.ba\/wp-content\/uploads\/2024\/05\/0705_milorad_dodik.jpg","datePublished":"2024-05-07T19:16:30+00:00","dateModified":"2024-05-07T19:16:30+00:00","breadcrumb":{"@id":"https:\/\/tuzlainfo.ba\/index.php\/bosna-i-hercegovina\/item\/237640-dodik-na-otvaranju-obnovljene-arnaudije-rusenje-ove-dzamije-bio-je-cin-bezumlja\/#breadcrumb"},"inLanguage":"bs-BA","potentialAction":[{"@type":"ReadAction","target":["https:\/\/tuzlainfo.ba\/index.php\/bosna-i-hercegovina\/item\/237640-dodik-na-otvaranju-obnovljene-arnaudije-rusenje-ove-dzamije-bio-je-cin-bezumlja\/"]}]},{"@type":"ImageObject","inLanguage":"bs-BA","@id":"https:\/\/tuzlainfo.ba\/index.php\/bosna-i-hercegovina\/item\/237640-dodik-na-otvaranju-obnovljene-arnaudije-rusenje-ove-dzamije-bio-je-cin-bezumlja\/#primaryimage","url":"https:\/\/tuzlainfo.ba\/wp-content\/uploads\/2024\/05\/0705_milorad_dodik.jpg","contentUrl":"https:\/\/tuzlainfo.ba\/wp-content\/uploads\/2024\/05\/0705_milorad_dodik.jpg","width":1000,"height":666},{"@type":"BreadcrumbList","@id":"https:\/\/tuzlainfo.ba\/index.php\/bosna-i-hercegovina\/item\/237640-dodik-na-otvaranju-obnovljene-arnaudije-rusenje-ove-dzamije-bio-je-cin-bezumlja\/#breadcrumb","itemListElement":[{"@type":"ListItem","position":1,"name":"Home","item":"https:\/\/tuzlainfo.ba\/"},{"@type":"ListItem","position":2,"name":"Dodik na otvaranju obnovljene Arnaudije: &#8220;&#8221;Ru\u0161enje ove d\u017eamije bio je \u010din bezumlja&#8221;"}]},{"@type":"WebSite","@id":"https:\/\/tuzlainfo.ba\/#website","url":"https:\/\/tuzlainfo.ba\/","name":"TuzlaInfo.ba","description":"Tuzla info, gradski informator - Tuzla na dlanu","publisher":{"@id":"https:\/\/tuzlainfo.ba\/#organization"},"potentialAction":[{"@type":"SearchAction","target":{"@type":"EntryPoint","urlTemplate":"https:\/\/tuzlainfo.ba\/?s={search_term_string}"},"query-input":{"@type":"PropertyValueSpecification","valueRequired":true,"valueName":"search_term_string"}}],"inLanguage":"bs-BA"},{"@type":"Organization","@id":"https:\/\/tuzlainfo.ba\/#organization","name":"TuzlaInfo.ba","url":"https:\/\/tuzlainfo.ba\/","logo":{"@type":"ImageObject","inLanguage":"bs-BA","@id":"https:\/\/tuzlainfo.ba\/#\/schema\/logo\/image\/","url":"https:\/\/tuzlainfo.ba\/wp-content\/uploads\/2021\/03\/logo-ver-3-1.png","contentUrl":"https:\/\/tuzlainfo.ba\/wp-content\/uploads\/2021\/03\/logo-ver-3-1.png","width":350,"height":95,"caption":"TuzlaInfo.ba"},"image":{"@id":"https:\/\/tuzlainfo.ba\/#\/schema\/logo\/image\/"},"sameAs":["https:\/\/www.facebook.com\/tuzlainfo.ba\/"]},{"@type":"Person","@id":"https:\/\/tuzlainfo.ba\/#\/schema\/person\/f434e20dc27ea133923aab08451b7f7f","name":"nedim","image":{"@type":"ImageObject","inLanguage":"bs-BA","@id":"https:\/\/tuzlainfo.ba\/#\/schema\/person\/image\/","url":"https:\/\/tuzlainfo.ba\/wp-content\/litespeed\/avatar\/aabad687af24844af817603ac1cbdc4f.jpg?ver=1777306975","contentUrl":"https:\/\/tuzlainfo.ba\/wp-content\/litespeed\/avatar\/aabad687af24844af817603ac1cbdc4f.jpg?ver=1777306975","caption":"nedim"},"description":"Tuzlainfo.ba pratite na dru\u0161tvenim mre\u017eama: Facebook, Instagram i Youtube. Svoje pri\u010de, upite i fotografije \u0161aljite na na\u0161u e-mail adresu."}]}},"_links":{"self":[{"href":"https:\/\/tuzlainfo.ba\/index.php\/wp-json\/wp\/v2\/posts\/237640"}],"collection":[{"href":"https:\/\/tuzlainfo.ba\/index.php\/wp-json\/wp\/v2\/posts"}],"about":[{"href":"https:\/\/tuzlainfo.ba\/index.php\/wp-json\/wp\/v2\/types\/post"}],"author":[{"embeddable":true,"href":"https:\/\/tuzlainfo.ba\/index.php\/wp-json\/wp\/v2\/users\/2"}],"replies":[{"embeddable":true,"href":"https:\/\/tuzlainfo.ba\/index.php\/wp-json\/wp\/v2\/comments?post=237640"}],"version-history":[{"count":1,"href":"https:\/\/tuzlainfo.ba\/index.php\/wp-json\/wp\/v2\/posts\/237640\/revisions"}],"predecessor-version":[{"id":237642,"href":"https:\/\/tuzlainfo.ba\/index.php\/wp-json\/wp\/v2\/posts\/237640\/revisions\/237642"}],"wp:featuredmedia":[{"embeddable":true,"href":"https:\/\/tuzlainfo.ba\/index.php\/wp-json\/wp\/v2\/media\/237641"}],"wp:attachment":[{"href":"https:\/\/tuzlainfo.ba\/index.php\/wp-json\/wp\/v2\/media?parent=237640"}],"wp:term":[{"taxonomy":"category","embeddable":true,"href":"https:\/\/tuzlainfo.ba\/index.php\/wp-json\/wp\/v2\/categories?post=237640"},{"taxonomy":"post_tag","embeddable":true,"href":"https:\/\/tuzlainfo.ba\/index.php\/wp-json\/wp\/v2\/tags?post=237640"}],"curies":[{"name":"wp","href":"https:\/\/api.w.org\/{rel}","templated":true}]}}