{"id":237633,"date":"2024-05-07T20:18:38","date_gmt":"2024-05-07T18:18:38","guid":{"rendered":"https:\/\/tuzlainfo.ba\/?p=237633"},"modified":"2024-05-07T20:18:38","modified_gmt":"2024-05-07T18:18:38","slug":"svecano-otvorena-obnovljena-arnaudija-u-banja-luci-naslijedje-nad-kojim-treba-bdjeti","status":"publish","type":"post","link":"https:\/\/tuzlainfo.ba\/index.php\/bosna-i-hercegovina\/item\/237633-svecano-otvorena-obnovljena-arnaudija-u-banja-luci-naslijedje-nad-kojim-treba-bdjeti\/","title":{"rendered":"Sve\u010dano otvorena obnovljena Arnaudija u Banja Luci: Naslije\u0111e nad kojim treba bdjeti"},"content":{"rendered":"<p>Posljednja obnovljena banjalju\u010dka d\u017eamija, Arnaudija danas je sve\u010dano otvorena uz prisustvo velikog broja vjernika\u00a0i zvanica iz Bosne i Hercegovine i Turske.<\/p>\n<p>&#8211; Nadamo se da \u0107e svjetlo kandilja banjalu\u010dkih d\u017eamija osvijetliti put bolje budu\u0107nosti i da \u0107e pomo\u0107i da zacijele duboke rane. Ako vjerski objekti ne vr\u0161e tu ulogu i ne doprinose me\u0111uljudskoj korektnosti i \u010destitosti, ne podsti\u010du ljude na plemenitost i kulturu i ne pozivaju ih na saradnju u dobru i na civilizacijsku izgradnju, onda ne vr\u0161e svoju ulogu koja im je namijenjena &#8211; kazao je, prilikom sve\u010danog, reisul-ulema Islamske zajednice u Bosni i Hercegovini Husein-ef. Kavazovi\u0107.<\/p>\n<p>Istakao je da je Arnaudija zajedni\u010dko bosansko-osmansko naslije\u0111e, ali i naslije\u0111e \u010ditave Bosne i Hercegovine, Evrope i svijeta nad kojim treba bdjeti.<\/p>\n<p>&#8211; Nadamo se da \u0107e obnova banjalu\u010dkih d\u017eamija vratiti stari duh otvorenosti ovom gradu, da \u0107e ohrabriti one \u010diji korijeni su s ovih prostora da se vrate i da \u0107e osna\u017eiti dobre me\u0111uljudske odnose.<\/p>\n<p>Nadamo se da \u0107e svjetlo kandilja banjalu\u010dkih d\u017eamija osvijetliti put bolje budu\u0107nosti i da \u0107e pomo\u0107i da zacijele duboke rane &#8211; rekao je reisul-ulema Kavazovi\u0107.<\/p>\n<p>Otvaranjem Arnaudije zavr\u0161it \u0107e i ovogodi\u0161nja manifestacija &#8220;Dani vakufa 2024&#8221; koja je po\u010dela 19. aprila, a koju organizuje Vakufska direkcija.<\/p>\n<p>Ovo je i centralni doga\u0111aj manifestacije &#8220;Dani d\u017eemata i d\u017eamija&#8221; koju Uprava za vjerske poslove Rijaseta Islamske zajednice u BiH organizuje osmi put, a koja \u0107e trajati do 12. jula.<\/p>\n<p>&#8211; U okviru manifestacije &#8220;Dani vakufa u BiH 2024&#8221; sve\u010dano otvaramo ponovo izgra\u0111enu Arnaudija d\u017eamiju, dragulj i biser Banje Luke, po kojoj je ovaj grad nadaleko bio prepoznatljiv. Arnaudija je ponovo spomenik i duhovne i kulturne, ali i civilizacijske snage i pobjede dobra u Bosni i Hercegovini &#8211; kazao je direktor Vakufske direkcije hafiz dr. Senaid Zajimovi\u0107.<\/p>\n<p>Ovom prilikom iskazao je zadovoljstvo \u0161to je Vakufska direkcija imala priliku u\u010destvovati u o\u017eivljavanju ovog velikog zdanja, a posebno je zahvalio Generalnoj direkciji vakufa Republike Turske koja se odazvala molbi Islamske zajednice da zajedno s njom u\u010destvuje u o\u017eivljavanju ovog vakufa i njegovog vakifa.<\/p>\n<p>&#8211; Time su na\u0161i prijatelji pokazali da je ovo na\u0161 zajedni\u010dki projekat &#8211; kazao je Zajimovi\u0107.<\/p>\n<p>Protokol o finansiranju ponovne izgradnje Arnaudija d\u017eamije potpisan je izme\u0111u Vakufske direkcije Islamske zajednice u BiH i Generalne direkcije vakufa Republike Turske 11. oktobra 2016. godine. Kamen temeljac postavljen je 22. aprila 2017. godine, u vrijeme sedme manifestacije &#8220;Dani vakufa u BiH&#8221;, kada je ozvani\u010den i po\u010detak njene obnove.<\/p>\n<p>Direktor Generalne direkcije vakufa Republike Turske Sinan Aksu izjavio je da je ova d\u017eamija umjetni\u010dko djelo koje je i konkretna manifestacija odanosti, ljubavi, bratstva i duhovnosti.<\/p>\n<p>&#8211; Kao \u0161to vam je poznato, mi u Ministarstvu kulture i turizma Republike Turske i Generalnoj vakufskoj direkciji se trudimo da brinemo o na\u0161oj pro\u0161losti, historiji i neprocjenljivoj kulturnoj ba\u0161tini &#8211; kazao je direktor Aksu.<\/p>\n<p><img fetchpriority=\"high\" decoding=\"async\" class=\"alignnone wp-image-237634 size-large\" src=\"https:\/\/tuzlainfo.ba\/wp-content\/uploads\/2024\/05\/arnaudija_2-1024x528.jpeg\" alt=\"\" width=\"1024\" height=\"528\" srcset=\"https:\/\/tuzlainfo.ba\/wp-content\/uploads\/2024\/05\/arnaudija_2-1024x528.jpeg 1024w, https:\/\/tuzlainfo.ba\/wp-content\/uploads\/2024\/05\/arnaudija_2-300x155.jpeg 300w, https:\/\/tuzlainfo.ba\/wp-content\/uploads\/2024\/05\/arnaudija_2-768x396.jpeg 768w, https:\/\/tuzlainfo.ba\/wp-content\/uploads\/2024\/05\/arnaudija_2-1536x792.jpeg 1536w, https:\/\/tuzlainfo.ba\/wp-content\/uploads\/2024\/05\/arnaudija_2-2048x1056.jpeg 2048w, https:\/\/tuzlainfo.ba\/wp-content\/uploads\/2024\/05\/arnaudija_2-1920x990.jpeg 1920w, https:\/\/tuzlainfo.ba\/wp-content\/uploads\/2024\/05\/arnaudija_2-1170x604.jpeg 1170w, https:\/\/tuzlainfo.ba\/wp-content\/uploads\/2024\/05\/arnaudija_2-585x302.jpeg 585w, https:\/\/tuzlainfo.ba\/wp-content\/uploads\/2024\/05\/arnaudija_2-150x77.jpeg 150w, https:\/\/tuzlainfo.ba\/wp-content\/uploads\/2024\/05\/arnaudija_2-500x258.jpeg 500w\" sizes=\"(max-width: 1024px) 100vw, 1024px\" \/><\/p>\n<p>Ferhadija, a sada i Arnaudija, za Banja Luku predstavljaju simbol zajedni\u0161tva. Obnovom d\u017eamija budi se i ponovna nada za \u017eivot i su\u017eivot, jer d\u017eamije nisu samo prostor za obavljanje molitve nego su i simbol stoljetne egzistencije Bo\u0161njaka na odre\u0111enom prostoru.<\/p>\n<p>&#8211; Podizanje ove d\u017eamije na godi\u0161njicu ru\u0161enja veliki je povod za zahvalnost. To je odraz du\u017enosti obnove d\u017eamija koje vjera nala\u017ee, ali i odraz odanosti precima.<\/p>\n<p>Nadamo se da \u0107e ova d\u017eamija dati veliki doprinos razvoju kulture, mira, su\u017eivota un\u0107 regionu &#8211; rekao je predsjednik Uprave za vjerske poslove Turske Ali Erba\u0161<\/p>\n<p>Ministar za kulturu i turizam Republike Turske Mehmet Nuri Ersoy danas je na sve\u010danom otvorenju Arnaudija d\u017eamije u Banjoj Luci izjavio kako\u00a0Balkan i Bosna i Hercegovina imaju poseban i veliki zna\u010daj u turskoj historiji, kulturi i srcima.<\/p>\n<p>&#8211; Nikada kroz istoriju nismo bili odvojeni jedni od drugih. Na\u0161e historijsko jedinstvo u\u010dinilo nas je dijelom zajedni\u010dke sudbine. Zato \u0107emo danas i sutra, kao i ju\u010der, dodatno ja\u010dati na\u0161e veze sa Balkanom &#8211; poru\u010dio je ministar Ersoy.<\/p>\n<p>Tokom agresije na\u00a0Bosnu i Hercegovinu poru\u0161eno je vi\u0161e od 800 d\u017eamija, a skoro sve su obnovljene.<\/p>\n<p>Na podru\u010dju Banja Luke sru\u0161eno je 16 d\u017eamija i sve su, zaklju\u010dno s Arnaudijom, obnovljene.<\/p>\n<p>&#8211; Danas smo na ovom \u010dasnom mjestu sa veli\u010danstvenim povodom iskazivanja zahvalnosti prema ljudskoj vrlini gradnje. Na\u0161a je radost posebna, jer ponovno uzdizanje Arnaudije vra\u0107a nadu u bolje sutra koje itekako trebamo &#8211; kazao je muftija banjalu\u010dki Ismail-ef. Smajlovi\u0107.<\/p>\n<p>Ministar za ljudska prava i izbjeglice Bosne i Hercegovine Sevlid Hurti\u0107 je prilikom svog obra\u0107anja ukazao na poruke koje se mogu razumijevati iz ovakvih sve\u010danosti, kao i iz samog procesa obnove d\u017eamija.<\/p>\n<p>&#8211; Arnaudija \u0107e dodatno ukrasiti ovaj prelijep grad, te unijeti radost svima, a posebno vjernicima koji \u0107e u njoj obavljati namaz. Vakufi su kroz historiju imali neprocjenjiv zna\u010daj u nastanku gradova u Bosni i Hercegovini, stoga trebamo biti zahvalni vakifima i svim prijateljima koji poma\u017eu odr\u017eavanju na\u0161ih vakufa &#8211; rekao je ministar Hurti\u0107.<\/p>\n<p>Ova sve\u010danost predstavlja zna\u010dajan dru\u0161tveni doga\u0111aj kojem su prisustvovali \u010dlanica predsjedni\u0161tva Bosne i Hercegovine \u017deljka Cvijanovi\u0107, predsjednik entiteta RS Milorad Dodik, te gradski i entitetski zvani\u010dnici.<\/p>\n<p>&#8211; Danas je vi\u0161e nego jasno da Banja Luka pripada svima. Mi vjernici u svojim bogomoljama uznosimo molitve Bogu da nam da snagu za svakodnevnicu, ali i za to da shvatimo da \u017eivjeti zajedno nije samo mogu\u0107e, nego je i lijepo. Drago mi je \u0161to danas kao Srbin, pravoslavac mogu poslati poruku mira i ponosa &#8211; rekao je gradona\u010delnik Banja Luke Dra\u0161ko Stanivukovi\u0107.<\/p>\n<p>Predsjednik entiteta RS Milorad Dodik je ovom prilikom kazao da ovo okupljanje svjedo\u010di da je \u010din ru\u0161enja ove d\u017eamije prije 30 godina bio \u010din bezumlja.<\/p>\n<p>&#8211; Ne mo\u017ee se nikakvim ru\u0161enjem dovesti u pitanje postojanje ovakvih bogomolja. Danas svjedo\u010dimo tome da je ponovo izgra\u0111en ovaj prelijep objekat. U ime Republike srpske \u017eelim zahvaliti svima onima koji su pomogli obnovu ove d\u017eamije, posebno Republici Turskoj i drugim institucijama. Vama, vjernicima muslimanima \u017eelim \u010destitati Dan d\u017eamija i ponovnu izgradnju ovog prelijepog objekta, koja je svjedok postojanja i radosti &#8211; poru\u010dio je Dodik.<\/p>\n<p>Kako nam svjedo\u010de prisutni banjalu\u010dani, te\u0161ko je govoriti o emocijama, kada svjedo\u010de izgra\u0111enoj d\u017eamiji i velikom broju prisutnih d\u017eematlija.<\/p>\n<p>&#8211; Ova d\u017eamija upotpunjuje ljepotu d\u017eamija koje su godinama krasile Banja Luku, a postala je dijelom srca Banjalu\u010dana i svih onih koji su boravili u njenom okrilju &#8211; kazao je glavni imam Med\u017elisa Islamske zajednice Banja Luka hafiz Muamer Okanovi\u0107, pi\u0161e MINA.<\/p>\n","protected":false},"excerpt":{"rendered":"<p>Posljednja obnovljena banjalju\u010dka d\u017eamija, Arnaudija danas je sve\u010dano otvorena uz prisustvo velikog broja vjernika\u00a0i zvanica&hellip;<\/p>\n","protected":false},"author":2,"featured_media":237635,"comment_status":"closed","ping_status":"closed","sticky":false,"template":"","format":"standard","meta":{"_acf_changed":false,"footnotes":""},"categories":[291],"tags":[9811],"acf":[],"yoast_head":"<!-- This site is optimized with the Yoast SEO plugin v23.5 - https:\/\/yoast.com\/wordpress\/plugins\/seo\/ -->\n<title>Sve\u010dano otvorena obnovljena Arnaudija u Banja Luci: Naslije\u0111e nad kojim treba bdjeti - TuzlaInfo.ba<\/title>\n<meta name=\"robots\" content=\"index, follow, max-snippet:-1, max-image-preview:large, max-video-preview:-1\" \/>\n<link rel=\"canonical\" href=\"https:\/\/tuzlainfo.ba\/index.php\/bosna-i-hercegovina\/item\/237633-svecano-otvorena-obnovljena-arnaudija-u-banja-luci-naslijedje-nad-kojim-treba-bdjeti\/\" \/>\n<meta property=\"og:locale\" content=\"bs_BA\" \/>\n<meta property=\"og:type\" content=\"article\" \/>\n<meta property=\"og:title\" content=\"Sve\u010dano otvorena obnovljena Arnaudija u Banja Luci: Naslije\u0111e nad kojim treba bdjeti - TuzlaInfo.ba\" \/>\n<meta property=\"og:description\" content=\"Posljednja obnovljena banjalju\u010dka d\u017eamija, Arnaudija danas je sve\u010dano otvorena uz prisustvo velikog broja vjernika\u00a0i zvanica&hellip;\" \/>\n<meta property=\"og:url\" content=\"https:\/\/tuzlainfo.ba\/index.php\/bosna-i-hercegovina\/item\/237633-svecano-otvorena-obnovljena-arnaudija-u-banja-luci-naslijedje-nad-kojim-treba-bdjeti\/\" \/>\n<meta property=\"og:site_name\" content=\"TuzlaInfo.ba\" \/>\n<meta property=\"article:publisher\" content=\"https:\/\/www.facebook.com\/tuzlainfo.ba\/\" \/>\n<meta property=\"article:published_time\" content=\"2024-05-07T18:18:38+00:00\" \/>\n<meta property=\"og:image\" content=\"https:\/\/tuzlainfo.ba\/wp-content\/uploads\/2024\/05\/otvorenje-arnaudija-1.jpg\" \/>\n\t<meta property=\"og:image:width\" content=\"1600\" \/>\n\t<meta property=\"og:image:height\" content=\"739\" \/>\n\t<meta property=\"og:image:type\" content=\"image\/jpeg\" \/>\n<meta name=\"author\" content=\"nedim\" \/>\n<meta name=\"twitter:card\" content=\"summary_large_image\" \/>\n<meta name=\"twitter:label1\" content=\"Written by\" \/>\n\t<meta name=\"twitter:data1\" content=\"nedim\" \/>\n\t<meta name=\"twitter:label2\" content=\"Est. reading time\" \/>\n\t<meta name=\"twitter:data2\" content=\"6 minuta\" \/>\n<script type=\"application\/ld+json\" class=\"yoast-schema-graph\">{\"@context\":\"https:\/\/schema.org\",\"@graph\":[{\"@type\":\"Article\",\"@id\":\"https:\/\/tuzlainfo.ba\/index.php\/bosna-i-hercegovina\/item\/237633-svecano-otvorena-obnovljena-arnaudija-u-banja-luci-naslijedje-nad-kojim-treba-bdjeti\/#article\",\"isPartOf\":{\"@id\":\"https:\/\/tuzlainfo.ba\/index.php\/bosna-i-hercegovina\/item\/237633-svecano-otvorena-obnovljena-arnaudija-u-banja-luci-naslijedje-nad-kojim-treba-bdjeti\/\"},\"author\":{\"name\":\"nedim\",\"@id\":\"https:\/\/tuzlainfo.ba\/#\/schema\/person\/f434e20dc27ea133923aab08451b7f7f\"},\"headline\":\"Sve\u010dano otvorena obnovljena Arnaudija u Banja Luci: Naslije\u0111e nad kojim treba bdjeti\",\"datePublished\":\"2024-05-07T18:18:38+00:00\",\"dateModified\":\"2024-05-07T18:18:38+00:00\",\"mainEntityOfPage\":{\"@id\":\"https:\/\/tuzlainfo.ba\/index.php\/bosna-i-hercegovina\/item\/237633-svecano-otvorena-obnovljena-arnaudija-u-banja-luci-naslijedje-nad-kojim-treba-bdjeti\/\"},\"wordCount\":1145,\"publisher\":{\"@id\":\"https:\/\/tuzlainfo.ba\/#organization\"},\"image\":{\"@id\":\"https:\/\/tuzlainfo.ba\/index.php\/bosna-i-hercegovina\/item\/237633-svecano-otvorena-obnovljena-arnaudija-u-banja-luci-naslijedje-nad-kojim-treba-bdjeti\/#primaryimage\"},\"thumbnailUrl\":\"https:\/\/tuzlainfo.ba\/wp-content\/uploads\/2024\/05\/otvorenje-arnaudija-1.jpg\",\"keywords\":[\"arnaudija\"],\"articleSection\":[\"Bosna i Hercegovina\"],\"inLanguage\":\"bs-BA\"},{\"@type\":\"WebPage\",\"@id\":\"https:\/\/tuzlainfo.ba\/index.php\/bosna-i-hercegovina\/item\/237633-svecano-otvorena-obnovljena-arnaudija-u-banja-luci-naslijedje-nad-kojim-treba-bdjeti\/\",\"url\":\"https:\/\/tuzlainfo.ba\/index.php\/bosna-i-hercegovina\/item\/237633-svecano-otvorena-obnovljena-arnaudija-u-banja-luci-naslijedje-nad-kojim-treba-bdjeti\/\",\"name\":\"Sve\u010dano otvorena obnovljena Arnaudija u Banja Luci: Naslije\u0111e nad kojim treba bdjeti - TuzlaInfo.ba\",\"isPartOf\":{\"@id\":\"https:\/\/tuzlainfo.ba\/#website\"},\"primaryImageOfPage\":{\"@id\":\"https:\/\/tuzlainfo.ba\/index.php\/bosna-i-hercegovina\/item\/237633-svecano-otvorena-obnovljena-arnaudija-u-banja-luci-naslijedje-nad-kojim-treba-bdjeti\/#primaryimage\"},\"image\":{\"@id\":\"https:\/\/tuzlainfo.ba\/index.php\/bosna-i-hercegovina\/item\/237633-svecano-otvorena-obnovljena-arnaudija-u-banja-luci-naslijedje-nad-kojim-treba-bdjeti\/#primaryimage\"},\"thumbnailUrl\":\"https:\/\/tuzlainfo.ba\/wp-content\/uploads\/2024\/05\/otvorenje-arnaudija-1.jpg\",\"datePublished\":\"2024-05-07T18:18:38+00:00\",\"dateModified\":\"2024-05-07T18:18:38+00:00\",\"breadcrumb\":{\"@id\":\"https:\/\/tuzlainfo.ba\/index.php\/bosna-i-hercegovina\/item\/237633-svecano-otvorena-obnovljena-arnaudija-u-banja-luci-naslijedje-nad-kojim-treba-bdjeti\/#breadcrumb\"},\"inLanguage\":\"bs-BA\",\"potentialAction\":[{\"@type\":\"ReadAction\",\"target\":[\"https:\/\/tuzlainfo.ba\/index.php\/bosna-i-hercegovina\/item\/237633-svecano-otvorena-obnovljena-arnaudija-u-banja-luci-naslijedje-nad-kojim-treba-bdjeti\/\"]}]},{\"@type\":\"ImageObject\",\"inLanguage\":\"bs-BA\",\"@id\":\"https:\/\/tuzlainfo.ba\/index.php\/bosna-i-hercegovina\/item\/237633-svecano-otvorena-obnovljena-arnaudija-u-banja-luci-naslijedje-nad-kojim-treba-bdjeti\/#primaryimage\",\"url\":\"https:\/\/tuzlainfo.ba\/wp-content\/uploads\/2024\/05\/otvorenje-arnaudija-1.jpg\",\"contentUrl\":\"https:\/\/tuzlainfo.ba\/wp-content\/uploads\/2024\/05\/otvorenje-arnaudija-1.jpg\",\"width\":1600,\"height\":739},{\"@type\":\"BreadcrumbList\",\"@id\":\"https:\/\/tuzlainfo.ba\/index.php\/bosna-i-hercegovina\/item\/237633-svecano-otvorena-obnovljena-arnaudija-u-banja-luci-naslijedje-nad-kojim-treba-bdjeti\/#breadcrumb\",\"itemListElement\":[{\"@type\":\"ListItem\",\"position\":1,\"name\":\"Home\",\"item\":\"https:\/\/tuzlainfo.ba\/\"},{\"@type\":\"ListItem\",\"position\":2,\"name\":\"Sve\u010dano otvorena obnovljena Arnaudija u Banja Luci: Naslije\u0111e nad kojim treba bdjeti\"}]},{\"@type\":\"WebSite\",\"@id\":\"https:\/\/tuzlainfo.ba\/#website\",\"url\":\"https:\/\/tuzlainfo.ba\/\",\"name\":\"TuzlaInfo.ba\",\"description\":\"Tuzla info, gradski informator - Tuzla na dlanu\",\"publisher\":{\"@id\":\"https:\/\/tuzlainfo.ba\/#organization\"},\"potentialAction\":[{\"@type\":\"SearchAction\",\"target\":{\"@type\":\"EntryPoint\",\"urlTemplate\":\"https:\/\/tuzlainfo.ba\/?s={search_term_string}\"},\"query-input\":{\"@type\":\"PropertyValueSpecification\",\"valueRequired\":true,\"valueName\":\"search_term_string\"}}],\"inLanguage\":\"bs-BA\"},{\"@type\":\"Organization\",\"@id\":\"https:\/\/tuzlainfo.ba\/#organization\",\"name\":\"TuzlaInfo.ba\",\"url\":\"https:\/\/tuzlainfo.ba\/\",\"logo\":{\"@type\":\"ImageObject\",\"inLanguage\":\"bs-BA\",\"@id\":\"https:\/\/tuzlainfo.ba\/#\/schema\/logo\/image\/\",\"url\":\"https:\/\/tuzlainfo.ba\/wp-content\/uploads\/2021\/03\/logo-ver-3-1.png\",\"contentUrl\":\"https:\/\/tuzlainfo.ba\/wp-content\/uploads\/2021\/03\/logo-ver-3-1.png\",\"width\":350,\"height\":95,\"caption\":\"TuzlaInfo.ba\"},\"image\":{\"@id\":\"https:\/\/tuzlainfo.ba\/#\/schema\/logo\/image\/\"},\"sameAs\":[\"https:\/\/www.facebook.com\/tuzlainfo.ba\/\"]},{\"@type\":\"Person\",\"@id\":\"https:\/\/tuzlainfo.ba\/#\/schema\/person\/f434e20dc27ea133923aab08451b7f7f\",\"name\":\"nedim\",\"image\":{\"@type\":\"ImageObject\",\"inLanguage\":\"bs-BA\",\"@id\":\"https:\/\/tuzlainfo.ba\/#\/schema\/person\/image\/\",\"url\":\"https:\/\/tuzlainfo.ba\/wp-content\/litespeed\/avatar\/aabad687af24844af817603ac1cbdc4f.jpg?ver=1777306975\",\"contentUrl\":\"https:\/\/tuzlainfo.ba\/wp-content\/litespeed\/avatar\/aabad687af24844af817603ac1cbdc4f.jpg?ver=1777306975\",\"caption\":\"nedim\"},\"description\":\"Tuzlainfo.ba pratite na dru\u0161tvenim mre\u017eama: Facebook, Instagram i Youtube. Svoje pri\u010de, upite i fotografije \u0161aljite na na\u0161u e-mail adresu.\"}]}<\/script>\n<!-- \/ Yoast SEO plugin. -->","yoast_head_json":{"title":"Sve\u010dano otvorena obnovljena Arnaudija u Banja Luci: Naslije\u0111e nad kojim treba bdjeti - TuzlaInfo.ba","robots":{"index":"index","follow":"follow","max-snippet":"max-snippet:-1","max-image-preview":"max-image-preview:large","max-video-preview":"max-video-preview:-1"},"canonical":"https:\/\/tuzlainfo.ba\/index.php\/bosna-i-hercegovina\/item\/237633-svecano-otvorena-obnovljena-arnaudija-u-banja-luci-naslijedje-nad-kojim-treba-bdjeti\/","og_locale":"bs_BA","og_type":"article","og_title":"Sve\u010dano otvorena obnovljena Arnaudija u Banja Luci: Naslije\u0111e nad kojim treba bdjeti - TuzlaInfo.ba","og_description":"Posljednja obnovljena banjalju\u010dka d\u017eamija, Arnaudija danas je sve\u010dano otvorena uz prisustvo velikog broja vjernika\u00a0i zvanica&hellip;","og_url":"https:\/\/tuzlainfo.ba\/index.php\/bosna-i-hercegovina\/item\/237633-svecano-otvorena-obnovljena-arnaudija-u-banja-luci-naslijedje-nad-kojim-treba-bdjeti\/","og_site_name":"TuzlaInfo.ba","article_publisher":"https:\/\/www.facebook.com\/tuzlainfo.ba\/","article_published_time":"2024-05-07T18:18:38+00:00","og_image":[{"width":1600,"height":739,"url":"https:\/\/tuzlainfo.ba\/wp-content\/uploads\/2024\/05\/otvorenje-arnaudija-1.jpg","type":"image\/jpeg"}],"author":"nedim","twitter_card":"summary_large_image","twitter_misc":{"Written by":"nedim","Est. reading time":"6 minuta"},"schema":{"@context":"https:\/\/schema.org","@graph":[{"@type":"Article","@id":"https:\/\/tuzlainfo.ba\/index.php\/bosna-i-hercegovina\/item\/237633-svecano-otvorena-obnovljena-arnaudija-u-banja-luci-naslijedje-nad-kojim-treba-bdjeti\/#article","isPartOf":{"@id":"https:\/\/tuzlainfo.ba\/index.php\/bosna-i-hercegovina\/item\/237633-svecano-otvorena-obnovljena-arnaudija-u-banja-luci-naslijedje-nad-kojim-treba-bdjeti\/"},"author":{"name":"nedim","@id":"https:\/\/tuzlainfo.ba\/#\/schema\/person\/f434e20dc27ea133923aab08451b7f7f"},"headline":"Sve\u010dano otvorena obnovljena Arnaudija u Banja Luci: Naslije\u0111e nad kojim treba bdjeti","datePublished":"2024-05-07T18:18:38+00:00","dateModified":"2024-05-07T18:18:38+00:00","mainEntityOfPage":{"@id":"https:\/\/tuzlainfo.ba\/index.php\/bosna-i-hercegovina\/item\/237633-svecano-otvorena-obnovljena-arnaudija-u-banja-luci-naslijedje-nad-kojim-treba-bdjeti\/"},"wordCount":1145,"publisher":{"@id":"https:\/\/tuzlainfo.ba\/#organization"},"image":{"@id":"https:\/\/tuzlainfo.ba\/index.php\/bosna-i-hercegovina\/item\/237633-svecano-otvorena-obnovljena-arnaudija-u-banja-luci-naslijedje-nad-kojim-treba-bdjeti\/#primaryimage"},"thumbnailUrl":"https:\/\/tuzlainfo.ba\/wp-content\/uploads\/2024\/05\/otvorenje-arnaudija-1.jpg","keywords":["arnaudija"],"articleSection":["Bosna i Hercegovina"],"inLanguage":"bs-BA"},{"@type":"WebPage","@id":"https:\/\/tuzlainfo.ba\/index.php\/bosna-i-hercegovina\/item\/237633-svecano-otvorena-obnovljena-arnaudija-u-banja-luci-naslijedje-nad-kojim-treba-bdjeti\/","url":"https:\/\/tuzlainfo.ba\/index.php\/bosna-i-hercegovina\/item\/237633-svecano-otvorena-obnovljena-arnaudija-u-banja-luci-naslijedje-nad-kojim-treba-bdjeti\/","name":"Sve\u010dano otvorena obnovljena Arnaudija u Banja Luci: Naslije\u0111e nad kojim treba bdjeti - TuzlaInfo.ba","isPartOf":{"@id":"https:\/\/tuzlainfo.ba\/#website"},"primaryImageOfPage":{"@id":"https:\/\/tuzlainfo.ba\/index.php\/bosna-i-hercegovina\/item\/237633-svecano-otvorena-obnovljena-arnaudija-u-banja-luci-naslijedje-nad-kojim-treba-bdjeti\/#primaryimage"},"image":{"@id":"https:\/\/tuzlainfo.ba\/index.php\/bosna-i-hercegovina\/item\/237633-svecano-otvorena-obnovljena-arnaudija-u-banja-luci-naslijedje-nad-kojim-treba-bdjeti\/#primaryimage"},"thumbnailUrl":"https:\/\/tuzlainfo.ba\/wp-content\/uploads\/2024\/05\/otvorenje-arnaudija-1.jpg","datePublished":"2024-05-07T18:18:38+00:00","dateModified":"2024-05-07T18:18:38+00:00","breadcrumb":{"@id":"https:\/\/tuzlainfo.ba\/index.php\/bosna-i-hercegovina\/item\/237633-svecano-otvorena-obnovljena-arnaudija-u-banja-luci-naslijedje-nad-kojim-treba-bdjeti\/#breadcrumb"},"inLanguage":"bs-BA","potentialAction":[{"@type":"ReadAction","target":["https:\/\/tuzlainfo.ba\/index.php\/bosna-i-hercegovina\/item\/237633-svecano-otvorena-obnovljena-arnaudija-u-banja-luci-naslijedje-nad-kojim-treba-bdjeti\/"]}]},{"@type":"ImageObject","inLanguage":"bs-BA","@id":"https:\/\/tuzlainfo.ba\/index.php\/bosna-i-hercegovina\/item\/237633-svecano-otvorena-obnovljena-arnaudija-u-banja-luci-naslijedje-nad-kojim-treba-bdjeti\/#primaryimage","url":"https:\/\/tuzlainfo.ba\/wp-content\/uploads\/2024\/05\/otvorenje-arnaudija-1.jpg","contentUrl":"https:\/\/tuzlainfo.ba\/wp-content\/uploads\/2024\/05\/otvorenje-arnaudija-1.jpg","width":1600,"height":739},{"@type":"BreadcrumbList","@id":"https:\/\/tuzlainfo.ba\/index.php\/bosna-i-hercegovina\/item\/237633-svecano-otvorena-obnovljena-arnaudija-u-banja-luci-naslijedje-nad-kojim-treba-bdjeti\/#breadcrumb","itemListElement":[{"@type":"ListItem","position":1,"name":"Home","item":"https:\/\/tuzlainfo.ba\/"},{"@type":"ListItem","position":2,"name":"Sve\u010dano otvorena obnovljena Arnaudija u Banja Luci: Naslije\u0111e nad kojim treba bdjeti"}]},{"@type":"WebSite","@id":"https:\/\/tuzlainfo.ba\/#website","url":"https:\/\/tuzlainfo.ba\/","name":"TuzlaInfo.ba","description":"Tuzla info, gradski informator - Tuzla na dlanu","publisher":{"@id":"https:\/\/tuzlainfo.ba\/#organization"},"potentialAction":[{"@type":"SearchAction","target":{"@type":"EntryPoint","urlTemplate":"https:\/\/tuzlainfo.ba\/?s={search_term_string}"},"query-input":{"@type":"PropertyValueSpecification","valueRequired":true,"valueName":"search_term_string"}}],"inLanguage":"bs-BA"},{"@type":"Organization","@id":"https:\/\/tuzlainfo.ba\/#organization","name":"TuzlaInfo.ba","url":"https:\/\/tuzlainfo.ba\/","logo":{"@type":"ImageObject","inLanguage":"bs-BA","@id":"https:\/\/tuzlainfo.ba\/#\/schema\/logo\/image\/","url":"https:\/\/tuzlainfo.ba\/wp-content\/uploads\/2021\/03\/logo-ver-3-1.png","contentUrl":"https:\/\/tuzlainfo.ba\/wp-content\/uploads\/2021\/03\/logo-ver-3-1.png","width":350,"height":95,"caption":"TuzlaInfo.ba"},"image":{"@id":"https:\/\/tuzlainfo.ba\/#\/schema\/logo\/image\/"},"sameAs":["https:\/\/www.facebook.com\/tuzlainfo.ba\/"]},{"@type":"Person","@id":"https:\/\/tuzlainfo.ba\/#\/schema\/person\/f434e20dc27ea133923aab08451b7f7f","name":"nedim","image":{"@type":"ImageObject","inLanguage":"bs-BA","@id":"https:\/\/tuzlainfo.ba\/#\/schema\/person\/image\/","url":"https:\/\/tuzlainfo.ba\/wp-content\/litespeed\/avatar\/aabad687af24844af817603ac1cbdc4f.jpg?ver=1777306975","contentUrl":"https:\/\/tuzlainfo.ba\/wp-content\/litespeed\/avatar\/aabad687af24844af817603ac1cbdc4f.jpg?ver=1777306975","caption":"nedim"},"description":"Tuzlainfo.ba pratite na dru\u0161tvenim mre\u017eama: Facebook, Instagram i Youtube. Svoje pri\u010de, upite i fotografije \u0161aljite na na\u0161u e-mail adresu."}]}},"_links":{"self":[{"href":"https:\/\/tuzlainfo.ba\/index.php\/wp-json\/wp\/v2\/posts\/237633"}],"collection":[{"href":"https:\/\/tuzlainfo.ba\/index.php\/wp-json\/wp\/v2\/posts"}],"about":[{"href":"https:\/\/tuzlainfo.ba\/index.php\/wp-json\/wp\/v2\/types\/post"}],"author":[{"embeddable":true,"href":"https:\/\/tuzlainfo.ba\/index.php\/wp-json\/wp\/v2\/users\/2"}],"replies":[{"embeddable":true,"href":"https:\/\/tuzlainfo.ba\/index.php\/wp-json\/wp\/v2\/comments?post=237633"}],"version-history":[{"count":1,"href":"https:\/\/tuzlainfo.ba\/index.php\/wp-json\/wp\/v2\/posts\/237633\/revisions"}],"predecessor-version":[{"id":237636,"href":"https:\/\/tuzlainfo.ba\/index.php\/wp-json\/wp\/v2\/posts\/237633\/revisions\/237636"}],"wp:featuredmedia":[{"embeddable":true,"href":"https:\/\/tuzlainfo.ba\/index.php\/wp-json\/wp\/v2\/media\/237635"}],"wp:attachment":[{"href":"https:\/\/tuzlainfo.ba\/index.php\/wp-json\/wp\/v2\/media?parent=237633"}],"wp:term":[{"taxonomy":"category","embeddable":true,"href":"https:\/\/tuzlainfo.ba\/index.php\/wp-json\/wp\/v2\/categories?post=237633"},{"taxonomy":"post_tag","embeddable":true,"href":"https:\/\/tuzlainfo.ba\/index.php\/wp-json\/wp\/v2\/tags?post=237633"}],"curies":[{"name":"wp","href":"https:\/\/api.w.org\/{rel}","templated":true}]}}