{"id":237619,"date":"2024-05-07T19:49:40","date_gmt":"2024-05-07T17:49:40","guid":{"rendered":"https:\/\/tuzlainfo.ba\/?p=237619"},"modified":"2024-05-07T19:49:40","modified_gmt":"2024-05-07T17:49:40","slug":"uskoro-u-tuzli-na-prvom-sajmu-kafe-i-cokolade-ucestvuje-vise-kafe-brendova-i-15-cokolaterija","status":"publish","type":"post","link":"https:\/\/tuzlainfo.ba\/index.php\/novosti\/item\/237619-uskoro-u-tuzli-na-prvom-sajmu-kafe-i-cokolade-ucestvuje-vise-kafe-brendova-i-15-cokolaterija\/","title":{"rendered":"Uskoro u Tuzli: Na prvom &#8220;Sajmu kafe i \u010dokolade&#8221; u\u010destvuje vi\u0161e kafe brendova i 15 \u010dokolaterija"},"content":{"rendered":"<p>Najsla\u0111a manifestacija ove godine u Tuzli &#8211; 1. Sajam Kafe i \u010cokolade odr\u017ea\u0107e se od 16. do 18. 05.2024 g. u HKC \u201eSveti Franjo\u201c.<\/p>\n<p>Na Sajmu \u0107e se predstaviti \u0161est poznatih kafe brendova te 15 handmade \u010dokolaterija iz regiona.<\/p>\n<p>Ideja za organizovanje ovog jedinstvenog doga\u0111aja javila se davno, otkrio je na dana\u0161njoj press konferenciji idejni tvorac sajma Edis Baji\u0107:<\/p>\n<p>\u201cOva ideja je stara godinama. U februaru mjesecu smo po\u010deli organizaciju. Ho\u0107emo da slatke ukuse \u010dokolade i lijepe mirise kafe dovedemo u ovaj grad. Ja sam presretan jer \u0107e moja ideja kona\u010dno ugledati svjetlo dana. Osim toga, imat \u0107emo takmi\u010denje barista, kviz takmi\u010denje sa Dejanom Kotigom\u201d- rekao je on.<\/p>\n<p><iframe title=\"Edis Baji\u0107, direktor Sajma kafe i \u010dokolade u Tuzli\" width=\"1170\" height=\"658\" src=\"https:\/\/www.youtube.com\/embed\/n9kN0fnTjgs?feature=oembed\" frameborder=\"0\" allow=\"accelerometer; autoplay; clipboard-write; encrypted-media; gyroscope; picture-in-picture; web-share\" referrerpolicy=\"strict-origin-when-cross-origin\" allowfullscreen><\/iframe><\/p>\n<p>\u201cDali smo podr\u0161ku onima koji do sada nisu imali priliku se pokazati i iskazati na sajmovima. Imamo dva proizvo\u0111a\u010da lje\u0161njaka iz Banja Luke, jednu vegansku \u010dokoladu iz Banja Luke, proizvo\u0111a\u010da lje\u0161njaka iz Prnjavora i njihove proizvode. Imamo iz na\u0161e Tuzle \u010dokolaterije koji \u010duda prave, sa nama je i Papi Gelato koga ne trebamo dodatno predstavljati. Dolazi nam i \u010dokolaterija \u201cRajska ptica\u201d iz Zagreba te Cvetna Mafinerija iz Lazarevca u Srbiji, a i API Riznica iz \u017divinica sa jedinstvenim proizvodom &#8211; \u201e\u010doko med\u201c- naglasili su organizatori iz UG \u201eActivus\u201c.<\/p>\n<p><img fetchpriority=\"high\" decoding=\"async\" class=\"alignnone wp-image-237621 size-full\" src=\"https:\/\/tuzlainfo.ba\/wp-content\/uploads\/2024\/05\/0705_sajam_kafe_i_cokolade_press.jpg\" alt=\"\" width=\"800\" height=\"498\" srcset=\"https:\/\/tuzlainfo.ba\/wp-content\/uploads\/2024\/05\/0705_sajam_kafe_i_cokolade_press.jpg 800w, https:\/\/tuzlainfo.ba\/wp-content\/uploads\/2024\/05\/0705_sajam_kafe_i_cokolade_press-300x187.jpg 300w, https:\/\/tuzlainfo.ba\/wp-content\/uploads\/2024\/05\/0705_sajam_kafe_i_cokolade_press-768x478.jpg 768w, https:\/\/tuzlainfo.ba\/wp-content\/uploads\/2024\/05\/0705_sajam_kafe_i_cokolade_press-585x364.jpg 585w, https:\/\/tuzlainfo.ba\/wp-content\/uploads\/2024\/05\/0705_sajam_kafe_i_cokolade_press-150x93.jpg 150w, https:\/\/tuzlainfo.ba\/wp-content\/uploads\/2024\/05\/0705_sajam_kafe_i_cokolade_press-500x311.jpg 500w\" sizes=\"(max-width: 800px) 100vw, 800px\" \/>Ono \u0161to svakako privla\u010di pa\u017enju je i logo i kompletan vizuelni identitet Sajma za koji je zaslu\u017ean Damir Piri\u0107, koji je rekao da je ovo bio zahtjevan zadatak jer nije obuhvatao uobi\u010dajenu paletu boja:<\/p>\n<p>\u201cNije bilo lako zapakovati tu ideju u grafi\u010dki oblik. Kafa i \u010dokolada dolaze upakovane u vrhunskim pakovanjima. Dugo smo tra\u017eili kako da to izgleda. Kafa i \u010dokolada su sinergijski povezane. Na kraju, koristili smo paletu nesvakida\u0161njih boja. Ja sam zadovoljan\u201d- rekao je Piri\u0107.<\/p>\n<p>Almedina \u0106udi\u0107 iz UG \u201eActivus\u201c rekla je da je ulo\u017een veliki trud i napor da se organizuje ovaj sajam:<\/p>\n<p>\u201cIdeja je nastala ko i svaka druga dobra ideja. \u010cokolada je vi\u0161e od slatki\u0161a, kafa je vi\u0161e od napitka. Kod nas kafa okuplja ljude i zbli\u017eava. I to \u017eelimo pokazati u na\u0161em gradu\u201d- izjavila je \u0106udi\u0107.<\/p>\n<p>Ovaj projekat je dobio podr\u0161ku i od Turisti\u010dke zajednice grada Tuzle te je u programu \u201cProlje\u0107a u Tuzli\u201d:<\/p>\n<p>\u201cMarljivo radimo na tome da oboga\u0107ujemo sadr\u017eaj u na\u0161em gradu, da na\u0161u Tuzlu u\u010dinimo \u0161to atraktivnijom destinacijom. Trudimo se da, prije svega, nama koji ovdje \u017eivimo, ovaj grad bude ugodan i lijep, a da bude i onda atraktivan svim na\u0161im gostima\u201d- izjavila je Amra Jaganjac, ditrektorica Turisti\u010dke zajednice grada Tuzle.<\/p>\n<p><iframe title=\"Amra Jaganjac - O Sajmu kafe i \u010dokolade\" width=\"1170\" height=\"658\" src=\"https:\/\/www.youtube.com\/embed\/F7f_0AvKrds?feature=oembed\" frameborder=\"0\" allow=\"accelerometer; autoplay; clipboard-write; encrypted-media; gyroscope; picture-in-picture; web-share\" referrerpolicy=\"strict-origin-when-cross-origin\" allowfullscreen><\/iframe><\/p>\n<p>Sajam sve\u010dano \u201eotvara svoje kapije\u201c u \u010detvrtak u 17 sati, dok u petak i subotu po\u010dinje sa radom od 10 i traje do 20 sati, nakon \u010dega (i u petak i subotu) od 20 sati po\u010dinje Kviz sa Deanom Kotigom.<\/p>\n<p>U okviru cjelodnevnih aktivnosti Sajma osim degustacije kafa i \u010dokolada o\u010dekuje vas i likovna kolonija srednjo\u0161kolaca na temu \u201eKafe i \u010cokolade\u201c, koncerti u\u010denika Srednje muzi\u010dke \u0161kole, dru\u017eenje za djecu sa animatorima iz ekipe ProFun Events i dru\u017eenje sa knjigama u organizaciju NUB \u201eDervi\u0161 Su\u0161i\u0107\u201c Tuzla.<\/p>\n<p>Pored informacija u vezi ovog Sajma danas smo i ekskluzivno saznali da \u0107e Tuzla naredne godine biti doma\u0107in vi\u0161ednevnog regionalnog kviz takmi\u010denja.<\/p>\n<p>&nbsp;<\/p>\n","protected":false},"excerpt":{"rendered":"<p>Najsla\u0111a manifestacija ove godine u Tuzli &#8211; 1. Sajam Kafe i \u010cokolade odr\u017ea\u0107e se od&hellip;<\/p>\n","protected":false},"author":2,"featured_media":237620,"comment_status":"closed","ping_status":"closed","sticky":false,"template":"","format":"standard","meta":{"_acf_changed":false,"footnotes":""},"categories":[304,12],"tags":[9928],"acf":[],"yoast_head":"<!-- This site is optimized with the Yoast SEO plugin v23.5 - https:\/\/yoast.com\/wordpress\/plugins\/seo\/ -->\n<title>Uskoro u Tuzli: Na prvom &quot;Sajmu kafe i \u010dokolade&quot; u\u010destvuje vi\u0161e kafe brendova i 15 \u010dokolaterija - TuzlaInfo.ba<\/title>\n<meta name=\"robots\" content=\"index, follow, max-snippet:-1, max-image-preview:large, max-video-preview:-1\" \/>\n<link rel=\"canonical\" href=\"https:\/\/tuzlainfo.ba\/index.php\/novosti\/item\/237619-uskoro-u-tuzli-na-prvom-sajmu-kafe-i-cokolade-ucestvuje-vise-kafe-brendova-i-15-cokolaterija\/\" \/>\n<meta property=\"og:locale\" content=\"bs_BA\" \/>\n<meta property=\"og:type\" content=\"article\" \/>\n<meta property=\"og:title\" content=\"Uskoro u Tuzli: Na prvom &quot;Sajmu kafe i \u010dokolade&quot; u\u010destvuje vi\u0161e kafe brendova i 15 \u010dokolaterija - TuzlaInfo.ba\" \/>\n<meta property=\"og:description\" content=\"Najsla\u0111a manifestacija ove godine u Tuzli &#8211; 1. Sajam Kafe i \u010cokolade odr\u017ea\u0107e se od&hellip;\" \/>\n<meta property=\"og:url\" content=\"https:\/\/tuzlainfo.ba\/index.php\/novosti\/item\/237619-uskoro-u-tuzli-na-prvom-sajmu-kafe-i-cokolade-ucestvuje-vise-kafe-brendova-i-15-cokolaterija\/\" \/>\n<meta property=\"og:site_name\" content=\"TuzlaInfo.ba\" \/>\n<meta property=\"article:publisher\" content=\"https:\/\/www.facebook.com\/tuzlainfo.ba\/\" \/>\n<meta property=\"article:published_time\" content=\"2024-05-07T17:49:40+00:00\" \/>\n<meta property=\"og:image\" content=\"https:\/\/tuzlainfo.ba\/wp-content\/uploads\/2024\/05\/0705_sajam_kafe_i_cokolade.jpg\" \/>\n\t<meta property=\"og:image:width\" content=\"1000\" \/>\n\t<meta property=\"og:image:height\" content=\"562\" \/>\n\t<meta property=\"og:image:type\" content=\"image\/jpeg\" \/>\n<meta name=\"author\" content=\"nedim\" \/>\n<meta name=\"twitter:card\" content=\"summary_large_image\" \/>\n<meta name=\"twitter:label1\" content=\"Written by\" \/>\n\t<meta name=\"twitter:data1\" content=\"nedim\" \/>\n\t<meta name=\"twitter:label2\" content=\"Est. reading time\" \/>\n\t<meta name=\"twitter:data2\" content=\"4 minute\" \/>\n<script type=\"application\/ld+json\" class=\"yoast-schema-graph\">{\"@context\":\"https:\/\/schema.org\",\"@graph\":[{\"@type\":\"Article\",\"@id\":\"https:\/\/tuzlainfo.ba\/index.php\/novosti\/item\/237619-uskoro-u-tuzli-na-prvom-sajmu-kafe-i-cokolade-ucestvuje-vise-kafe-brendova-i-15-cokolaterija\/#article\",\"isPartOf\":{\"@id\":\"https:\/\/tuzlainfo.ba\/index.php\/novosti\/item\/237619-uskoro-u-tuzli-na-prvom-sajmu-kafe-i-cokolade-ucestvuje-vise-kafe-brendova-i-15-cokolaterija\/\"},\"author\":{\"name\":\"nedim\",\"@id\":\"https:\/\/tuzlainfo.ba\/#\/schema\/person\/f434e20dc27ea133923aab08451b7f7f\"},\"headline\":\"Uskoro u Tuzli: Na prvom &#8220;Sajmu kafe i \u010dokolade&#8221; u\u010destvuje vi\u0161e kafe brendova i 15 \u010dokolaterija\",\"datePublished\":\"2024-05-07T17:49:40+00:00\",\"dateModified\":\"2024-05-07T17:49:40+00:00\",\"mainEntityOfPage\":{\"@id\":\"https:\/\/tuzlainfo.ba\/index.php\/novosti\/item\/237619-uskoro-u-tuzli-na-prvom-sajmu-kafe-i-cokolade-ucestvuje-vise-kafe-brendova-i-15-cokolaterija\/\"},\"wordCount\":589,\"publisher\":{\"@id\":\"https:\/\/tuzlainfo.ba\/#organization\"},\"image\":{\"@id\":\"https:\/\/tuzlainfo.ba\/index.php\/novosti\/item\/237619-uskoro-u-tuzli-na-prvom-sajmu-kafe-i-cokolade-ucestvuje-vise-kafe-brendova-i-15-cokolaterija\/#primaryimage\"},\"thumbnailUrl\":\"https:\/\/tuzlainfo.ba\/wp-content\/uploads\/2024\/05\/0705_sajam_kafe_i_cokolade.jpg\",\"keywords\":[\"sajam kafe i \u010dokolade\"],\"articleSection\":[\"Istaknuto\",\"Novosti\"],\"inLanguage\":\"bs-BA\"},{\"@type\":\"WebPage\",\"@id\":\"https:\/\/tuzlainfo.ba\/index.php\/novosti\/item\/237619-uskoro-u-tuzli-na-prvom-sajmu-kafe-i-cokolade-ucestvuje-vise-kafe-brendova-i-15-cokolaterija\/\",\"url\":\"https:\/\/tuzlainfo.ba\/index.php\/novosti\/item\/237619-uskoro-u-tuzli-na-prvom-sajmu-kafe-i-cokolade-ucestvuje-vise-kafe-brendova-i-15-cokolaterija\/\",\"name\":\"Uskoro u Tuzli: Na prvom \\\"Sajmu kafe i \u010dokolade\\\" u\u010destvuje vi\u0161e kafe brendova i 15 \u010dokolaterija - TuzlaInfo.ba\",\"isPartOf\":{\"@id\":\"https:\/\/tuzlainfo.ba\/#website\"},\"primaryImageOfPage\":{\"@id\":\"https:\/\/tuzlainfo.ba\/index.php\/novosti\/item\/237619-uskoro-u-tuzli-na-prvom-sajmu-kafe-i-cokolade-ucestvuje-vise-kafe-brendova-i-15-cokolaterija\/#primaryimage\"},\"image\":{\"@id\":\"https:\/\/tuzlainfo.ba\/index.php\/novosti\/item\/237619-uskoro-u-tuzli-na-prvom-sajmu-kafe-i-cokolade-ucestvuje-vise-kafe-brendova-i-15-cokolaterija\/#primaryimage\"},\"thumbnailUrl\":\"https:\/\/tuzlainfo.ba\/wp-content\/uploads\/2024\/05\/0705_sajam_kafe_i_cokolade.jpg\",\"datePublished\":\"2024-05-07T17:49:40+00:00\",\"dateModified\":\"2024-05-07T17:49:40+00:00\",\"breadcrumb\":{\"@id\":\"https:\/\/tuzlainfo.ba\/index.php\/novosti\/item\/237619-uskoro-u-tuzli-na-prvom-sajmu-kafe-i-cokolade-ucestvuje-vise-kafe-brendova-i-15-cokolaterija\/#breadcrumb\"},\"inLanguage\":\"bs-BA\",\"potentialAction\":[{\"@type\":\"ReadAction\",\"target\":[\"https:\/\/tuzlainfo.ba\/index.php\/novosti\/item\/237619-uskoro-u-tuzli-na-prvom-sajmu-kafe-i-cokolade-ucestvuje-vise-kafe-brendova-i-15-cokolaterija\/\"]}]},{\"@type\":\"ImageObject\",\"inLanguage\":\"bs-BA\",\"@id\":\"https:\/\/tuzlainfo.ba\/index.php\/novosti\/item\/237619-uskoro-u-tuzli-na-prvom-sajmu-kafe-i-cokolade-ucestvuje-vise-kafe-brendova-i-15-cokolaterija\/#primaryimage\",\"url\":\"https:\/\/tuzlainfo.ba\/wp-content\/uploads\/2024\/05\/0705_sajam_kafe_i_cokolade.jpg\",\"contentUrl\":\"https:\/\/tuzlainfo.ba\/wp-content\/uploads\/2024\/05\/0705_sajam_kafe_i_cokolade.jpg\",\"width\":1000,\"height\":562},{\"@type\":\"BreadcrumbList\",\"@id\":\"https:\/\/tuzlainfo.ba\/index.php\/novosti\/item\/237619-uskoro-u-tuzli-na-prvom-sajmu-kafe-i-cokolade-ucestvuje-vise-kafe-brendova-i-15-cokolaterija\/#breadcrumb\",\"itemListElement\":[{\"@type\":\"ListItem\",\"position\":1,\"name\":\"Home\",\"item\":\"https:\/\/tuzlainfo.ba\/\"},{\"@type\":\"ListItem\",\"position\":2,\"name\":\"Uskoro u Tuzli: Na prvom &#8220;Sajmu kafe i \u010dokolade&#8221; u\u010destvuje vi\u0161e kafe brendova i 15 \u010dokolaterija\"}]},{\"@type\":\"WebSite\",\"@id\":\"https:\/\/tuzlainfo.ba\/#website\",\"url\":\"https:\/\/tuzlainfo.ba\/\",\"name\":\"TuzlaInfo.ba\",\"description\":\"Tuzla info, gradski informator - Tuzla na dlanu\",\"publisher\":{\"@id\":\"https:\/\/tuzlainfo.ba\/#organization\"},\"potentialAction\":[{\"@type\":\"SearchAction\",\"target\":{\"@type\":\"EntryPoint\",\"urlTemplate\":\"https:\/\/tuzlainfo.ba\/?s={search_term_string}\"},\"query-input\":{\"@type\":\"PropertyValueSpecification\",\"valueRequired\":true,\"valueName\":\"search_term_string\"}}],\"inLanguage\":\"bs-BA\"},{\"@type\":\"Organization\",\"@id\":\"https:\/\/tuzlainfo.ba\/#organization\",\"name\":\"TuzlaInfo.ba\",\"url\":\"https:\/\/tuzlainfo.ba\/\",\"logo\":{\"@type\":\"ImageObject\",\"inLanguage\":\"bs-BA\",\"@id\":\"https:\/\/tuzlainfo.ba\/#\/schema\/logo\/image\/\",\"url\":\"https:\/\/tuzlainfo.ba\/wp-content\/uploads\/2021\/03\/logo-ver-3-1.png\",\"contentUrl\":\"https:\/\/tuzlainfo.ba\/wp-content\/uploads\/2021\/03\/logo-ver-3-1.png\",\"width\":350,\"height\":95,\"caption\":\"TuzlaInfo.ba\"},\"image\":{\"@id\":\"https:\/\/tuzlainfo.ba\/#\/schema\/logo\/image\/\"},\"sameAs\":[\"https:\/\/www.facebook.com\/tuzlainfo.ba\/\"]},{\"@type\":\"Person\",\"@id\":\"https:\/\/tuzlainfo.ba\/#\/schema\/person\/f434e20dc27ea133923aab08451b7f7f\",\"name\":\"nedim\",\"image\":{\"@type\":\"ImageObject\",\"inLanguage\":\"bs-BA\",\"@id\":\"https:\/\/tuzlainfo.ba\/#\/schema\/person\/image\/\",\"url\":\"https:\/\/tuzlainfo.ba\/wp-content\/litespeed\/avatar\/aabad687af24844af817603ac1cbdc4f.jpg?ver=1776702173\",\"contentUrl\":\"https:\/\/tuzlainfo.ba\/wp-content\/litespeed\/avatar\/aabad687af24844af817603ac1cbdc4f.jpg?ver=1776702173\",\"caption\":\"nedim\"},\"description\":\"Tuzlainfo.ba pratite na dru\u0161tvenim mre\u017eama: Facebook, Instagram i Youtube. Svoje pri\u010de, upite i fotografije \u0161aljite na na\u0161u e-mail adresu.\"}]}<\/script>\n<!-- \/ Yoast SEO plugin. -->","yoast_head_json":{"title":"Uskoro u Tuzli: Na prvom \"Sajmu kafe i \u010dokolade\" u\u010destvuje vi\u0161e kafe brendova i 15 \u010dokolaterija - TuzlaInfo.ba","robots":{"index":"index","follow":"follow","max-snippet":"max-snippet:-1","max-image-preview":"max-image-preview:large","max-video-preview":"max-video-preview:-1"},"canonical":"https:\/\/tuzlainfo.ba\/index.php\/novosti\/item\/237619-uskoro-u-tuzli-na-prvom-sajmu-kafe-i-cokolade-ucestvuje-vise-kafe-brendova-i-15-cokolaterija\/","og_locale":"bs_BA","og_type":"article","og_title":"Uskoro u Tuzli: Na prvom \"Sajmu kafe i \u010dokolade\" u\u010destvuje vi\u0161e kafe brendova i 15 \u010dokolaterija - TuzlaInfo.ba","og_description":"Najsla\u0111a manifestacija ove godine u Tuzli &#8211; 1. Sajam Kafe i \u010cokolade odr\u017ea\u0107e se od&hellip;","og_url":"https:\/\/tuzlainfo.ba\/index.php\/novosti\/item\/237619-uskoro-u-tuzli-na-prvom-sajmu-kafe-i-cokolade-ucestvuje-vise-kafe-brendova-i-15-cokolaterija\/","og_site_name":"TuzlaInfo.ba","article_publisher":"https:\/\/www.facebook.com\/tuzlainfo.ba\/","article_published_time":"2024-05-07T17:49:40+00:00","og_image":[{"width":1000,"height":562,"url":"https:\/\/tuzlainfo.ba\/wp-content\/uploads\/2024\/05\/0705_sajam_kafe_i_cokolade.jpg","type":"image\/jpeg"}],"author":"nedim","twitter_card":"summary_large_image","twitter_misc":{"Written by":"nedim","Est. reading time":"4 minute"},"schema":{"@context":"https:\/\/schema.org","@graph":[{"@type":"Article","@id":"https:\/\/tuzlainfo.ba\/index.php\/novosti\/item\/237619-uskoro-u-tuzli-na-prvom-sajmu-kafe-i-cokolade-ucestvuje-vise-kafe-brendova-i-15-cokolaterija\/#article","isPartOf":{"@id":"https:\/\/tuzlainfo.ba\/index.php\/novosti\/item\/237619-uskoro-u-tuzli-na-prvom-sajmu-kafe-i-cokolade-ucestvuje-vise-kafe-brendova-i-15-cokolaterija\/"},"author":{"name":"nedim","@id":"https:\/\/tuzlainfo.ba\/#\/schema\/person\/f434e20dc27ea133923aab08451b7f7f"},"headline":"Uskoro u Tuzli: Na prvom &#8220;Sajmu kafe i \u010dokolade&#8221; u\u010destvuje vi\u0161e kafe brendova i 15 \u010dokolaterija","datePublished":"2024-05-07T17:49:40+00:00","dateModified":"2024-05-07T17:49:40+00:00","mainEntityOfPage":{"@id":"https:\/\/tuzlainfo.ba\/index.php\/novosti\/item\/237619-uskoro-u-tuzli-na-prvom-sajmu-kafe-i-cokolade-ucestvuje-vise-kafe-brendova-i-15-cokolaterija\/"},"wordCount":589,"publisher":{"@id":"https:\/\/tuzlainfo.ba\/#organization"},"image":{"@id":"https:\/\/tuzlainfo.ba\/index.php\/novosti\/item\/237619-uskoro-u-tuzli-na-prvom-sajmu-kafe-i-cokolade-ucestvuje-vise-kafe-brendova-i-15-cokolaterija\/#primaryimage"},"thumbnailUrl":"https:\/\/tuzlainfo.ba\/wp-content\/uploads\/2024\/05\/0705_sajam_kafe_i_cokolade.jpg","keywords":["sajam kafe i \u010dokolade"],"articleSection":["Istaknuto","Novosti"],"inLanguage":"bs-BA"},{"@type":"WebPage","@id":"https:\/\/tuzlainfo.ba\/index.php\/novosti\/item\/237619-uskoro-u-tuzli-na-prvom-sajmu-kafe-i-cokolade-ucestvuje-vise-kafe-brendova-i-15-cokolaterija\/","url":"https:\/\/tuzlainfo.ba\/index.php\/novosti\/item\/237619-uskoro-u-tuzli-na-prvom-sajmu-kafe-i-cokolade-ucestvuje-vise-kafe-brendova-i-15-cokolaterija\/","name":"Uskoro u Tuzli: Na prvom \"Sajmu kafe i \u010dokolade\" u\u010destvuje vi\u0161e kafe brendova i 15 \u010dokolaterija - TuzlaInfo.ba","isPartOf":{"@id":"https:\/\/tuzlainfo.ba\/#website"},"primaryImageOfPage":{"@id":"https:\/\/tuzlainfo.ba\/index.php\/novosti\/item\/237619-uskoro-u-tuzli-na-prvom-sajmu-kafe-i-cokolade-ucestvuje-vise-kafe-brendova-i-15-cokolaterija\/#primaryimage"},"image":{"@id":"https:\/\/tuzlainfo.ba\/index.php\/novosti\/item\/237619-uskoro-u-tuzli-na-prvom-sajmu-kafe-i-cokolade-ucestvuje-vise-kafe-brendova-i-15-cokolaterija\/#primaryimage"},"thumbnailUrl":"https:\/\/tuzlainfo.ba\/wp-content\/uploads\/2024\/05\/0705_sajam_kafe_i_cokolade.jpg","datePublished":"2024-05-07T17:49:40+00:00","dateModified":"2024-05-07T17:49:40+00:00","breadcrumb":{"@id":"https:\/\/tuzlainfo.ba\/index.php\/novosti\/item\/237619-uskoro-u-tuzli-na-prvom-sajmu-kafe-i-cokolade-ucestvuje-vise-kafe-brendova-i-15-cokolaterija\/#breadcrumb"},"inLanguage":"bs-BA","potentialAction":[{"@type":"ReadAction","target":["https:\/\/tuzlainfo.ba\/index.php\/novosti\/item\/237619-uskoro-u-tuzli-na-prvom-sajmu-kafe-i-cokolade-ucestvuje-vise-kafe-brendova-i-15-cokolaterija\/"]}]},{"@type":"ImageObject","inLanguage":"bs-BA","@id":"https:\/\/tuzlainfo.ba\/index.php\/novosti\/item\/237619-uskoro-u-tuzli-na-prvom-sajmu-kafe-i-cokolade-ucestvuje-vise-kafe-brendova-i-15-cokolaterija\/#primaryimage","url":"https:\/\/tuzlainfo.ba\/wp-content\/uploads\/2024\/05\/0705_sajam_kafe_i_cokolade.jpg","contentUrl":"https:\/\/tuzlainfo.ba\/wp-content\/uploads\/2024\/05\/0705_sajam_kafe_i_cokolade.jpg","width":1000,"height":562},{"@type":"BreadcrumbList","@id":"https:\/\/tuzlainfo.ba\/index.php\/novosti\/item\/237619-uskoro-u-tuzli-na-prvom-sajmu-kafe-i-cokolade-ucestvuje-vise-kafe-brendova-i-15-cokolaterija\/#breadcrumb","itemListElement":[{"@type":"ListItem","position":1,"name":"Home","item":"https:\/\/tuzlainfo.ba\/"},{"@type":"ListItem","position":2,"name":"Uskoro u Tuzli: Na prvom &#8220;Sajmu kafe i \u010dokolade&#8221; u\u010destvuje vi\u0161e kafe brendova i 15 \u010dokolaterija"}]},{"@type":"WebSite","@id":"https:\/\/tuzlainfo.ba\/#website","url":"https:\/\/tuzlainfo.ba\/","name":"TuzlaInfo.ba","description":"Tuzla info, gradski informator - Tuzla na dlanu","publisher":{"@id":"https:\/\/tuzlainfo.ba\/#organization"},"potentialAction":[{"@type":"SearchAction","target":{"@type":"EntryPoint","urlTemplate":"https:\/\/tuzlainfo.ba\/?s={search_term_string}"},"query-input":{"@type":"PropertyValueSpecification","valueRequired":true,"valueName":"search_term_string"}}],"inLanguage":"bs-BA"},{"@type":"Organization","@id":"https:\/\/tuzlainfo.ba\/#organization","name":"TuzlaInfo.ba","url":"https:\/\/tuzlainfo.ba\/","logo":{"@type":"ImageObject","inLanguage":"bs-BA","@id":"https:\/\/tuzlainfo.ba\/#\/schema\/logo\/image\/","url":"https:\/\/tuzlainfo.ba\/wp-content\/uploads\/2021\/03\/logo-ver-3-1.png","contentUrl":"https:\/\/tuzlainfo.ba\/wp-content\/uploads\/2021\/03\/logo-ver-3-1.png","width":350,"height":95,"caption":"TuzlaInfo.ba"},"image":{"@id":"https:\/\/tuzlainfo.ba\/#\/schema\/logo\/image\/"},"sameAs":["https:\/\/www.facebook.com\/tuzlainfo.ba\/"]},{"@type":"Person","@id":"https:\/\/tuzlainfo.ba\/#\/schema\/person\/f434e20dc27ea133923aab08451b7f7f","name":"nedim","image":{"@type":"ImageObject","inLanguage":"bs-BA","@id":"https:\/\/tuzlainfo.ba\/#\/schema\/person\/image\/","url":"https:\/\/tuzlainfo.ba\/wp-content\/litespeed\/avatar\/aabad687af24844af817603ac1cbdc4f.jpg?ver=1776702173","contentUrl":"https:\/\/tuzlainfo.ba\/wp-content\/litespeed\/avatar\/aabad687af24844af817603ac1cbdc4f.jpg?ver=1776702173","caption":"nedim"},"description":"Tuzlainfo.ba pratite na dru\u0161tvenim mre\u017eama: Facebook, Instagram i Youtube. Svoje pri\u010de, upite i fotografije \u0161aljite na na\u0161u e-mail adresu."}]}},"_links":{"self":[{"href":"https:\/\/tuzlainfo.ba\/index.php\/wp-json\/wp\/v2\/posts\/237619"}],"collection":[{"href":"https:\/\/tuzlainfo.ba\/index.php\/wp-json\/wp\/v2\/posts"}],"about":[{"href":"https:\/\/tuzlainfo.ba\/index.php\/wp-json\/wp\/v2\/types\/post"}],"author":[{"embeddable":true,"href":"https:\/\/tuzlainfo.ba\/index.php\/wp-json\/wp\/v2\/users\/2"}],"replies":[{"embeddable":true,"href":"https:\/\/tuzlainfo.ba\/index.php\/wp-json\/wp\/v2\/comments?post=237619"}],"version-history":[{"count":1,"href":"https:\/\/tuzlainfo.ba\/index.php\/wp-json\/wp\/v2\/posts\/237619\/revisions"}],"predecessor-version":[{"id":237622,"href":"https:\/\/tuzlainfo.ba\/index.php\/wp-json\/wp\/v2\/posts\/237619\/revisions\/237622"}],"wp:featuredmedia":[{"embeddable":true,"href":"https:\/\/tuzlainfo.ba\/index.php\/wp-json\/wp\/v2\/media\/237620"}],"wp:attachment":[{"href":"https:\/\/tuzlainfo.ba\/index.php\/wp-json\/wp\/v2\/media?parent=237619"}],"wp:term":[{"taxonomy":"category","embeddable":true,"href":"https:\/\/tuzlainfo.ba\/index.php\/wp-json\/wp\/v2\/categories?post=237619"},{"taxonomy":"post_tag","embeddable":true,"href":"https:\/\/tuzlainfo.ba\/index.php\/wp-json\/wp\/v2\/tags?post=237619"}],"curies":[{"name":"wp","href":"https:\/\/api.w.org\/{rel}","templated":true}]}}