{"id":237576,"date":"2024-05-07T09:02:26","date_gmt":"2024-05-07T07:02:26","guid":{"rendered":"https:\/\/tuzlainfo.ba\/?p=237576"},"modified":"2024-05-07T08:29:26","modified_gmt":"2024-05-07T06:29:26","slug":"u-bih-se-danas-obiljezava-dan-dzamija","status":"publish","type":"post","link":"https:\/\/tuzlainfo.ba\/index.php\/istaknuto\/item\/237576-u-bih-se-danas-obiljezava-dan-dzamija\/","title":{"rendered":"U BiH se danas obilje\u017eava Dan d\u017eamija"},"content":{"rendered":"<p>Islamska zajednica (IZ) u Bosni i Hercegovini 7. maja obilje\u017eava Dan d\u017eamija, u znak sje\u0107anja na dan kada je u Banjoj Luci 1993. godine minirana d\u017eamija Ferhadija, jedna od najzna\u010dajnijih d\u017eamija u BiH.<\/p>\n<p>Banjalu\u010dka Ferhadija, monumentalna zadu\u017ebina Ferhat-pa\u0161e Sokolovi\u0107a, bila je jedna od 16 d\u017eamija sru\u0161enih u Banjoj Luci tokom agresije na Republiku BiH od 1992. do 1995. godine.<\/p>\n<p>Ovaj datum je i sje\u0107anje na tragi\u010dno stradanje rahmetli Murata Badi\u0107a koji je na ubijen 7. maja 2001. godine u Banjoj Luci na dan polaganja kamena temeljca za ponovnu izgradnju Ferhadije.<\/p>\n<p>Danas \u0107e biti otvorena i obnovljena banjalu\u010dka d\u017eamija Arnaudija u prisustvu velikog broja doma\u0107ih i stranih zvanica.<\/p>\n<p>Komisija za o\u010duvanje nacionalnih spomenika 2003. godine proglasila je mjesto i ostatke graditeljske cjeline Arnaudije nacionalnim spomenikom BiH.<\/p>\n<p>Predsjednik Izvr\u0161nog odbora Med\u017elisa Islamske zajednice Banja Luka Ismir Hused\u017einovi\u0107 rekao je da se na otvaranju d\u017eamije Arnaudija o\u010dekuje izme\u0111u 5.000 i 10.000 posjetilaca, doma\u0107ih i stranih. U samom gradu Banja Luka je obezbije\u0111eno nekoliko parkinga za goste koji budu do\u0161li na manfestaciju, a MUPRS i jedna privatna agencija nadle\u017eni su za obezbje\u0111enje doga\u0111aja.<\/p>\n<div class=\"ai-viewport-1\" data-insertion-position=\"prepend\" data-selector=\".ai-insert-16-95151680\" data-insertion-no-dbg=\"\" data-code=\"PGRpdiBjbGFzcz0nY29kZS1ibG9jayBjb2RlLWJsb2NrLTE2JyBzdHlsZT0nbWFyZ2luOiA4cHggYXV0bzsgdGV4dC1hbGlnbjogY2VudGVyOyBkaXNwbGF5OiBibG9jazsgY2xlYXI6IGJvdGg7Jz4KPCEtLSBSZXNwb256aXZuaSBWaWR2ZXJ0byBvZ2xhcyBuYSBkZXNrdG9wdSB1IHRla3N0dSBwb3NsaWplIDItb2cgcGFyYWdyYWZhIC0tPgo8c2NyaXB0IGlkPSJfdmlkdmVydG8tNjdhN2U3ZWFlYThmYzg1ZGM3NGY4MDIyMDg0NWYxNDQiPiFmdW5jdGlvbih2LHQsbyl7dmFyIGE9dC5jcmVhdGVFbGVtZW50KCJzY3JpcHQiKTthLnNyYz0iaHR0cHM6Ly9hZC52aWR2ZXJ0by5pby92aWR2ZXJ0by9qcy9hcmllcy92MS9pbnZvY2F0aW9uLmpzIixhLnNldEF0dHJpYnV0ZSgiZmV0Y2hwcmlvcml0eSIsImhpZ2giKTt2YXIgcj12LnRvcDtyLmRvY3VtZW50LmhlYWQuYXBwZW5kQ2hpbGQoYSksdi5zZWxmIT09di50b3AmJih2LmZyYW1lRWxlbWVudC5zdHlsZS5jc3NUZXh0PSJ3aWR0aDowcHghaW1wb3J0YW50O2hlaWdodDowcHghaW1wb3J0YW50OyIpLHIuYXJpZXM9ci5hcmllc3x8e30sci5hcmllcy52MT1yLmFyaWVzLnYxfHx7Y29tbWFuZHM6W119O3ZhciBjPXIuYXJpZXMudjE7Yy5jb21tYW5kcy5wdXNoKChmdW5jdGlvbigpe3ZhciBkPWRvY3VtZW50LmdldEVsZW1lbnRCeUlkKCJfdmlkdmVydG8tNjdhN2U3ZWFlYThmYzg1ZGM3NGY4MDIyMDg0NWYxNDQiKTtkLnNldEF0dHJpYnV0ZSgiaWQiLChkLmdldEF0dHJpYnV0ZSgiaWQiKSsobmV3IERhdGUoKSkuZ2V0VGltZSgpKSk7dmFyIHQ9di5mcmFtZUVsZW1lbnR8fGQ7Yy5tb3VudCgiMTExMTYiLHQse3dpZHRoOjcyMCxoZWlnaHQ6NDA1fSl9KSl9KHdpbmRvdyxkb2N1bWVudCk7PC9zY3JpcHQ+PC9kaXY+Cg==\" data-block=\"16\">\n<div class=\"code-block code-block-16\">\n<div id=\"aries_div_7333748076\" class=\"aries_div\">\n<div id=\"sdk-cea5a01c24d862257bbb88442818c99d\"><\/div>\n<div id=\"adSlot_5262_11116_17150629876639c8cb093e7\">\n<div>\n<div class=\"aries_stage aries_horizontalAxis\">\n<div class=\"aries_proscenium aries_hcenter aries_vcenter aries_rollAnimation\">\n<div class=\"aries_videoWrapper\"><\/div>\n<\/div>\n<\/div>\n<\/div>\n<\/div>\n<\/div>\n<\/div>\n<\/div>\n","protected":false},"excerpt":{"rendered":"<p>Islamska zajednica (IZ) u Bosni i Hercegovini 7. maja obilje\u017eava Dan d\u017eamija, u znak sje\u0107anja&hellip;<\/p>\n","protected":false},"author":4,"featured_media":170582,"comment_status":"closed","ping_status":"closed","sticky":false,"template":"","format":"standard","meta":{"_acf_changed":false,"footnotes":""},"categories":[291,304],"tags":[1035],"acf":[],"yoast_head":"<!-- This site is optimized with the Yoast SEO plugin v23.5 - https:\/\/yoast.com\/wordpress\/plugins\/seo\/ -->\n<title>U BiH se danas obilje\u017eava Dan d\u017eamija - TuzlaInfo.ba<\/title>\n<meta name=\"robots\" content=\"index, follow, max-snippet:-1, max-image-preview:large, max-video-preview:-1\" \/>\n<link rel=\"canonical\" href=\"https:\/\/tuzlainfo.ba\/index.php\/istaknuto\/item\/237576-u-bih-se-danas-obiljezava-dan-dzamija\/\" \/>\n<meta property=\"og:locale\" content=\"bs_BA\" \/>\n<meta property=\"og:type\" content=\"article\" \/>\n<meta property=\"og:title\" content=\"U BiH se danas obilje\u017eava Dan d\u017eamija - TuzlaInfo.ba\" \/>\n<meta property=\"og:description\" content=\"Islamska zajednica (IZ) u Bosni i Hercegovini 7. maja obilje\u017eava Dan d\u017eamija, u znak sje\u0107anja&hellip;\" \/>\n<meta property=\"og:url\" content=\"https:\/\/tuzlainfo.ba\/index.php\/istaknuto\/item\/237576-u-bih-se-danas-obiljezava-dan-dzamija\/\" \/>\n<meta property=\"og:site_name\" content=\"TuzlaInfo.ba\" \/>\n<meta property=\"article:publisher\" content=\"https:\/\/www.facebook.com\/tuzlainfo.ba\/\" \/>\n<meta property=\"article:published_time\" content=\"2024-05-07T07:02:26+00:00\" \/>\n<meta property=\"article:modified_time\" content=\"2024-05-07T06:29:26+00:00\" \/>\n<meta property=\"og:image\" content=\"https:\/\/tuzlainfo.ba\/wp-content\/uploads\/2022\/04\/2704-dzamija-kralj-abudllah.jpg\" \/>\n\t<meta property=\"og:image:width\" content=\"816\" \/>\n\t<meta property=\"og:image:height\" content=\"612\" \/>\n\t<meta property=\"og:image:type\" content=\"image\/jpeg\" \/>\n<meta name=\"author\" content=\"Tuzla Info\" \/>\n<meta name=\"twitter:card\" content=\"summary_large_image\" \/>\n<meta name=\"twitter:label1\" content=\"Written by\" \/>\n\t<meta name=\"twitter:data1\" content=\"Tuzla Info\" \/>\n\t<meta name=\"twitter:label2\" content=\"Est. reading time\" \/>\n\t<meta name=\"twitter:data2\" content=\"2 minute\" \/>\n<script type=\"application\/ld+json\" class=\"yoast-schema-graph\">{\"@context\":\"https:\/\/schema.org\",\"@graph\":[{\"@type\":\"Article\",\"@id\":\"https:\/\/tuzlainfo.ba\/index.php\/istaknuto\/item\/237576-u-bih-se-danas-obiljezava-dan-dzamija\/#article\",\"isPartOf\":{\"@id\":\"https:\/\/tuzlainfo.ba\/index.php\/istaknuto\/item\/237576-u-bih-se-danas-obiljezava-dan-dzamija\/\"},\"author\":{\"name\":\"Tuzla Info\",\"@id\":\"https:\/\/tuzlainfo.ba\/#\/schema\/person\/46cad4c57790cbc50781edd14870825a\"},\"headline\":\"U BiH se danas obilje\u017eava Dan d\u017eamija\",\"datePublished\":\"2024-05-07T07:02:26+00:00\",\"dateModified\":\"2024-05-07T06:29:26+00:00\",\"mainEntityOfPage\":{\"@id\":\"https:\/\/tuzlainfo.ba\/index.php\/istaknuto\/item\/237576-u-bih-se-danas-obiljezava-dan-dzamija\/\"},\"wordCount\":209,\"publisher\":{\"@id\":\"https:\/\/tuzlainfo.ba\/#organization\"},\"image\":{\"@id\":\"https:\/\/tuzlainfo.ba\/index.php\/istaknuto\/item\/237576-u-bih-se-danas-obiljezava-dan-dzamija\/#primaryimage\"},\"thumbnailUrl\":\"https:\/\/tuzlainfo.ba\/wp-content\/uploads\/2022\/04\/2704-dzamija-kralj-abudllah.jpg\",\"keywords\":[\"dan d\u017eamija\"],\"articleSection\":[\"Bosna i Hercegovina\",\"Istaknuto\"],\"inLanguage\":\"bs-BA\"},{\"@type\":\"WebPage\",\"@id\":\"https:\/\/tuzlainfo.ba\/index.php\/istaknuto\/item\/237576-u-bih-se-danas-obiljezava-dan-dzamija\/\",\"url\":\"https:\/\/tuzlainfo.ba\/index.php\/istaknuto\/item\/237576-u-bih-se-danas-obiljezava-dan-dzamija\/\",\"name\":\"U BiH se danas obilje\u017eava Dan d\u017eamija - TuzlaInfo.ba\",\"isPartOf\":{\"@id\":\"https:\/\/tuzlainfo.ba\/#website\"},\"primaryImageOfPage\":{\"@id\":\"https:\/\/tuzlainfo.ba\/index.php\/istaknuto\/item\/237576-u-bih-se-danas-obiljezava-dan-dzamija\/#primaryimage\"},\"image\":{\"@id\":\"https:\/\/tuzlainfo.ba\/index.php\/istaknuto\/item\/237576-u-bih-se-danas-obiljezava-dan-dzamija\/#primaryimage\"},\"thumbnailUrl\":\"https:\/\/tuzlainfo.ba\/wp-content\/uploads\/2022\/04\/2704-dzamija-kralj-abudllah.jpg\",\"datePublished\":\"2024-05-07T07:02:26+00:00\",\"dateModified\":\"2024-05-07T06:29:26+00:00\",\"breadcrumb\":{\"@id\":\"https:\/\/tuzlainfo.ba\/index.php\/istaknuto\/item\/237576-u-bih-se-danas-obiljezava-dan-dzamija\/#breadcrumb\"},\"inLanguage\":\"bs-BA\",\"potentialAction\":[{\"@type\":\"ReadAction\",\"target\":[\"https:\/\/tuzlainfo.ba\/index.php\/istaknuto\/item\/237576-u-bih-se-danas-obiljezava-dan-dzamija\/\"]}]},{\"@type\":\"ImageObject\",\"inLanguage\":\"bs-BA\",\"@id\":\"https:\/\/tuzlainfo.ba\/index.php\/istaknuto\/item\/237576-u-bih-se-danas-obiljezava-dan-dzamija\/#primaryimage\",\"url\":\"https:\/\/tuzlainfo.ba\/wp-content\/uploads\/2022\/04\/2704-dzamija-kralj-abudllah.jpg\",\"contentUrl\":\"https:\/\/tuzlainfo.ba\/wp-content\/uploads\/2022\/04\/2704-dzamija-kralj-abudllah.jpg\",\"width\":816,\"height\":612},{\"@type\":\"BreadcrumbList\",\"@id\":\"https:\/\/tuzlainfo.ba\/index.php\/istaknuto\/item\/237576-u-bih-se-danas-obiljezava-dan-dzamija\/#breadcrumb\",\"itemListElement\":[{\"@type\":\"ListItem\",\"position\":1,\"name\":\"Home\",\"item\":\"https:\/\/tuzlainfo.ba\/\"},{\"@type\":\"ListItem\",\"position\":2,\"name\":\"U BiH se danas obilje\u017eava Dan d\u017eamija\"}]},{\"@type\":\"WebSite\",\"@id\":\"https:\/\/tuzlainfo.ba\/#website\",\"url\":\"https:\/\/tuzlainfo.ba\/\",\"name\":\"TuzlaInfo.ba\",\"description\":\"Tuzla info, gradski informator - Tuzla na dlanu\",\"publisher\":{\"@id\":\"https:\/\/tuzlainfo.ba\/#organization\"},\"potentialAction\":[{\"@type\":\"SearchAction\",\"target\":{\"@type\":\"EntryPoint\",\"urlTemplate\":\"https:\/\/tuzlainfo.ba\/?s={search_term_string}\"},\"query-input\":{\"@type\":\"PropertyValueSpecification\",\"valueRequired\":true,\"valueName\":\"search_term_string\"}}],\"inLanguage\":\"bs-BA\"},{\"@type\":\"Organization\",\"@id\":\"https:\/\/tuzlainfo.ba\/#organization\",\"name\":\"TuzlaInfo.ba\",\"url\":\"https:\/\/tuzlainfo.ba\/\",\"logo\":{\"@type\":\"ImageObject\",\"inLanguage\":\"bs-BA\",\"@id\":\"https:\/\/tuzlainfo.ba\/#\/schema\/logo\/image\/\",\"url\":\"https:\/\/tuzlainfo.ba\/wp-content\/uploads\/2021\/03\/logo-ver-3-1.png\",\"contentUrl\":\"https:\/\/tuzlainfo.ba\/wp-content\/uploads\/2021\/03\/logo-ver-3-1.png\",\"width\":350,\"height\":95,\"caption\":\"TuzlaInfo.ba\"},\"image\":{\"@id\":\"https:\/\/tuzlainfo.ba\/#\/schema\/logo\/image\/\"},\"sameAs\":[\"https:\/\/www.facebook.com\/tuzlainfo.ba\/\"]},{\"@type\":\"Person\",\"@id\":\"https:\/\/tuzlainfo.ba\/#\/schema\/person\/46cad4c57790cbc50781edd14870825a\",\"name\":\"Tuzla Info\",\"image\":{\"@type\":\"ImageObject\",\"inLanguage\":\"bs-BA\",\"@id\":\"https:\/\/tuzlainfo.ba\/#\/schema\/person\/image\/\",\"url\":\"https:\/\/tuzlainfo.ba\/wp-content\/litespeed\/avatar\/b6c453a6c38e3654f2e4416c643fc25c.jpg?ver=1777051911\",\"contentUrl\":\"https:\/\/tuzlainfo.ba\/wp-content\/litespeed\/avatar\/b6c453a6c38e3654f2e4416c643fc25c.jpg?ver=1777051911\",\"caption\":\"Tuzla Info\"}}]}<\/script>\n<!-- \/ Yoast SEO plugin. -->","yoast_head_json":{"title":"U BiH se danas obilje\u017eava Dan d\u017eamija - TuzlaInfo.ba","robots":{"index":"index","follow":"follow","max-snippet":"max-snippet:-1","max-image-preview":"max-image-preview:large","max-video-preview":"max-video-preview:-1"},"canonical":"https:\/\/tuzlainfo.ba\/index.php\/istaknuto\/item\/237576-u-bih-se-danas-obiljezava-dan-dzamija\/","og_locale":"bs_BA","og_type":"article","og_title":"U BiH se danas obilje\u017eava Dan d\u017eamija - TuzlaInfo.ba","og_description":"Islamska zajednica (IZ) u Bosni i Hercegovini 7. maja obilje\u017eava Dan d\u017eamija, u znak sje\u0107anja&hellip;","og_url":"https:\/\/tuzlainfo.ba\/index.php\/istaknuto\/item\/237576-u-bih-se-danas-obiljezava-dan-dzamija\/","og_site_name":"TuzlaInfo.ba","article_publisher":"https:\/\/www.facebook.com\/tuzlainfo.ba\/","article_published_time":"2024-05-07T07:02:26+00:00","article_modified_time":"2024-05-07T06:29:26+00:00","og_image":[{"width":816,"height":612,"url":"https:\/\/tuzlainfo.ba\/wp-content\/uploads\/2022\/04\/2704-dzamija-kralj-abudllah.jpg","type":"image\/jpeg"}],"author":"Tuzla Info","twitter_card":"summary_large_image","twitter_misc":{"Written by":"Tuzla Info","Est. reading time":"2 minute"},"schema":{"@context":"https:\/\/schema.org","@graph":[{"@type":"Article","@id":"https:\/\/tuzlainfo.ba\/index.php\/istaknuto\/item\/237576-u-bih-se-danas-obiljezava-dan-dzamija\/#article","isPartOf":{"@id":"https:\/\/tuzlainfo.ba\/index.php\/istaknuto\/item\/237576-u-bih-se-danas-obiljezava-dan-dzamija\/"},"author":{"name":"Tuzla Info","@id":"https:\/\/tuzlainfo.ba\/#\/schema\/person\/46cad4c57790cbc50781edd14870825a"},"headline":"U BiH se danas obilje\u017eava Dan d\u017eamija","datePublished":"2024-05-07T07:02:26+00:00","dateModified":"2024-05-07T06:29:26+00:00","mainEntityOfPage":{"@id":"https:\/\/tuzlainfo.ba\/index.php\/istaknuto\/item\/237576-u-bih-se-danas-obiljezava-dan-dzamija\/"},"wordCount":209,"publisher":{"@id":"https:\/\/tuzlainfo.ba\/#organization"},"image":{"@id":"https:\/\/tuzlainfo.ba\/index.php\/istaknuto\/item\/237576-u-bih-se-danas-obiljezava-dan-dzamija\/#primaryimage"},"thumbnailUrl":"https:\/\/tuzlainfo.ba\/wp-content\/uploads\/2022\/04\/2704-dzamija-kralj-abudllah.jpg","keywords":["dan d\u017eamija"],"articleSection":["Bosna i Hercegovina","Istaknuto"],"inLanguage":"bs-BA"},{"@type":"WebPage","@id":"https:\/\/tuzlainfo.ba\/index.php\/istaknuto\/item\/237576-u-bih-se-danas-obiljezava-dan-dzamija\/","url":"https:\/\/tuzlainfo.ba\/index.php\/istaknuto\/item\/237576-u-bih-se-danas-obiljezava-dan-dzamija\/","name":"U BiH se danas obilje\u017eava Dan d\u017eamija - TuzlaInfo.ba","isPartOf":{"@id":"https:\/\/tuzlainfo.ba\/#website"},"primaryImageOfPage":{"@id":"https:\/\/tuzlainfo.ba\/index.php\/istaknuto\/item\/237576-u-bih-se-danas-obiljezava-dan-dzamija\/#primaryimage"},"image":{"@id":"https:\/\/tuzlainfo.ba\/index.php\/istaknuto\/item\/237576-u-bih-se-danas-obiljezava-dan-dzamija\/#primaryimage"},"thumbnailUrl":"https:\/\/tuzlainfo.ba\/wp-content\/uploads\/2022\/04\/2704-dzamija-kralj-abudllah.jpg","datePublished":"2024-05-07T07:02:26+00:00","dateModified":"2024-05-07T06:29:26+00:00","breadcrumb":{"@id":"https:\/\/tuzlainfo.ba\/index.php\/istaknuto\/item\/237576-u-bih-se-danas-obiljezava-dan-dzamija\/#breadcrumb"},"inLanguage":"bs-BA","potentialAction":[{"@type":"ReadAction","target":["https:\/\/tuzlainfo.ba\/index.php\/istaknuto\/item\/237576-u-bih-se-danas-obiljezava-dan-dzamija\/"]}]},{"@type":"ImageObject","inLanguage":"bs-BA","@id":"https:\/\/tuzlainfo.ba\/index.php\/istaknuto\/item\/237576-u-bih-se-danas-obiljezava-dan-dzamija\/#primaryimage","url":"https:\/\/tuzlainfo.ba\/wp-content\/uploads\/2022\/04\/2704-dzamija-kralj-abudllah.jpg","contentUrl":"https:\/\/tuzlainfo.ba\/wp-content\/uploads\/2022\/04\/2704-dzamija-kralj-abudllah.jpg","width":816,"height":612},{"@type":"BreadcrumbList","@id":"https:\/\/tuzlainfo.ba\/index.php\/istaknuto\/item\/237576-u-bih-se-danas-obiljezava-dan-dzamija\/#breadcrumb","itemListElement":[{"@type":"ListItem","position":1,"name":"Home","item":"https:\/\/tuzlainfo.ba\/"},{"@type":"ListItem","position":2,"name":"U BiH se danas obilje\u017eava Dan d\u017eamija"}]},{"@type":"WebSite","@id":"https:\/\/tuzlainfo.ba\/#website","url":"https:\/\/tuzlainfo.ba\/","name":"TuzlaInfo.ba","description":"Tuzla info, gradski informator - Tuzla na dlanu","publisher":{"@id":"https:\/\/tuzlainfo.ba\/#organization"},"potentialAction":[{"@type":"SearchAction","target":{"@type":"EntryPoint","urlTemplate":"https:\/\/tuzlainfo.ba\/?s={search_term_string}"},"query-input":{"@type":"PropertyValueSpecification","valueRequired":true,"valueName":"search_term_string"}}],"inLanguage":"bs-BA"},{"@type":"Organization","@id":"https:\/\/tuzlainfo.ba\/#organization","name":"TuzlaInfo.ba","url":"https:\/\/tuzlainfo.ba\/","logo":{"@type":"ImageObject","inLanguage":"bs-BA","@id":"https:\/\/tuzlainfo.ba\/#\/schema\/logo\/image\/","url":"https:\/\/tuzlainfo.ba\/wp-content\/uploads\/2021\/03\/logo-ver-3-1.png","contentUrl":"https:\/\/tuzlainfo.ba\/wp-content\/uploads\/2021\/03\/logo-ver-3-1.png","width":350,"height":95,"caption":"TuzlaInfo.ba"},"image":{"@id":"https:\/\/tuzlainfo.ba\/#\/schema\/logo\/image\/"},"sameAs":["https:\/\/www.facebook.com\/tuzlainfo.ba\/"]},{"@type":"Person","@id":"https:\/\/tuzlainfo.ba\/#\/schema\/person\/46cad4c57790cbc50781edd14870825a","name":"Tuzla Info","image":{"@type":"ImageObject","inLanguage":"bs-BA","@id":"https:\/\/tuzlainfo.ba\/#\/schema\/person\/image\/","url":"https:\/\/tuzlainfo.ba\/wp-content\/litespeed\/avatar\/b6c453a6c38e3654f2e4416c643fc25c.jpg?ver=1777051911","contentUrl":"https:\/\/tuzlainfo.ba\/wp-content\/litespeed\/avatar\/b6c453a6c38e3654f2e4416c643fc25c.jpg?ver=1777051911","caption":"Tuzla Info"}}]}},"_links":{"self":[{"href":"https:\/\/tuzlainfo.ba\/index.php\/wp-json\/wp\/v2\/posts\/237576"}],"collection":[{"href":"https:\/\/tuzlainfo.ba\/index.php\/wp-json\/wp\/v2\/posts"}],"about":[{"href":"https:\/\/tuzlainfo.ba\/index.php\/wp-json\/wp\/v2\/types\/post"}],"author":[{"embeddable":true,"href":"https:\/\/tuzlainfo.ba\/index.php\/wp-json\/wp\/v2\/users\/4"}],"replies":[{"embeddable":true,"href":"https:\/\/tuzlainfo.ba\/index.php\/wp-json\/wp\/v2\/comments?post=237576"}],"version-history":[{"count":1,"href":"https:\/\/tuzlainfo.ba\/index.php\/wp-json\/wp\/v2\/posts\/237576\/revisions"}],"predecessor-version":[{"id":237577,"href":"https:\/\/tuzlainfo.ba\/index.php\/wp-json\/wp\/v2\/posts\/237576\/revisions\/237577"}],"wp:featuredmedia":[{"embeddable":true,"href":"https:\/\/tuzlainfo.ba\/index.php\/wp-json\/wp\/v2\/media\/170582"}],"wp:attachment":[{"href":"https:\/\/tuzlainfo.ba\/index.php\/wp-json\/wp\/v2\/media?parent=237576"}],"wp:term":[{"taxonomy":"category","embeddable":true,"href":"https:\/\/tuzlainfo.ba\/index.php\/wp-json\/wp\/v2\/categories?post=237576"},{"taxonomy":"post_tag","embeddable":true,"href":"https:\/\/tuzlainfo.ba\/index.php\/wp-json\/wp\/v2\/tags?post=237576"}],"curies":[{"name":"wp","href":"https:\/\/api.w.org\/{rel}","templated":true}]}}