{"id":237269,"date":"2024-05-03T20:36:27","date_gmt":"2024-05-03T18:36:27","guid":{"rendered":"https:\/\/tuzlainfo.ba\/?p=237269"},"modified":"2024-05-03T20:37:42","modified_gmt":"2024-05-03T18:37:42","slug":"osmanhodzic-imamo-tezak-raspored-ali-borit-cemo-se-do-kraja","status":"publish","type":"post","link":"https:\/\/tuzlainfo.ba\/index.php\/novosti\/item\/237269-osmanhodzic-imamo-tezak-raspored-ali-borit-cemo-se-do-kraja\/","title":{"rendered":"Osmanhod\u017ei\u0107: Imamo te\u017eak raspored, ali borit \u0107emo se do kraja"},"content":{"rendered":"<p>Tuzla City ve\u010deras je pretrpjela jo\u0161 jedan poraz. Ve\u010deras ih je na Grbavici savladao \u017deljezni\u010dar rezultatom 2:0.<\/p>\n<p>Nakon me\u010da, na press-konferenciji govorio je trener Tuzlaka Adnan Osmanhod\u017ei\u0107.<\/p>\n<p>&#8220;Rekao sam poslije utakmice s Igmanom da \u0107emo poku\u0161ati igrati do kraja kako treba i najbolje \u0161to mo\u017eemo. Poku\u0161ali smo kroz pas igru i posjed ne\u0161to napraviti. U prvom poluvremenu je bilo okej. Najvi\u0161e grije\u0161imo u tranziciji po izgubljenoj lopti. Tokom cijele polusezone to nismo uspjeli anulirati. Drugi dio smo kao zaprijetili, opet imali posjed. \u017deljo se povukao poslije 2:0. Me\u0111utim, nije bilo dovoljno za ne\u0161to vi\u0161e\u201c, zapo\u010deo je Osmanhohd\u017ei\u0107.<\/p>\n<p>Smatra da je njegova ekipa ve\u0107 skoro zakora\u010dila u Prvu ligu FBiH.<\/p>\n<div class=\"item__ad-center position_item_center_02_top\">\n<div id=\"div-gpt-ad-1657713841353-0\" class=\"ad--align\" data-google-query-id=\"COPS1Z6P8oUDFfqK_QcdcpkKng\">\n<p>&#8220;Zaostajemo \u010detiri boda, sa te\u0161kim rasporedom. Znamo svi, da ne pri\u010dam puno toga. Borit \u0107emo se i raditi do kraja, ali je \u010detiri boda u ovoj ligi puno\u201c, smatra popularni Buco.<\/p>\n<p>Jedan od novinara konstatovao je da su neki fudbaleri Tuzle djelovali nezainteresovano, s \u010dime se slo\u017eio strateg gostiju.<\/p>\n<p>&#8220;Nije to samo na ovoj utakmici. De\u0161avalo se to i prije. Do\u0107i i vaditi se na Grbavici, nema smisla. Nismo uspjeli osvojiti nijedan bod protiv ekipa koje su igra\u010dki slabije od nas. Vrlo te\u0161ka situacija. Borit \u0107emo se do kraja, pa vidjet \u0107emo\u201c, kazao je trener Tuzlaka.<\/p>\n<p>Na pitanje o svojoj budu\u0107nosti, rekao je:<\/p>\n<p>&#8220;Ne razmi\u0161ljam trenutno o tome. Treba sjesti i napraviti dublju analizu, pa se mogu i ja uklju\u010diti u te razgovore, da uskladimo ciljeve\u201c.\/Sport1\/<\/p>\n<\/div>\n<\/div>\n","protected":false},"excerpt":{"rendered":"<p>Tuzla City ve\u010deras je pretrpjela jo\u0161 jedan poraz. Ve\u010deras ih je na Grbavici savladao \u017deljezni\u010dar&hellip;<\/p>\n","protected":false},"author":2,"featured_media":221229,"comment_status":"closed","ping_status":"closed","sticky":false,"template":"","format":"standard","meta":{"_acf_changed":false,"footnotes":""},"categories":[304,12],"tags":[10061,614,915],"acf":[],"yoast_head":"<!-- This site is optimized with the Yoast SEO plugin v23.5 - https:\/\/yoast.com\/wordpress\/plugins\/seo\/ -->\n<title>Osmanhod\u017ei\u0107: Imamo te\u017eak raspored, ali borit \u0107emo se do kraja - TuzlaInfo.ba<\/title>\n<meta name=\"robots\" content=\"index, follow, max-snippet:-1, max-image-preview:large, max-video-preview:-1\" \/>\n<link rel=\"canonical\" href=\"https:\/\/tuzlainfo.ba\/index.php\/novosti\/item\/237269-osmanhodzic-imamo-tezak-raspored-ali-borit-cemo-se-do-kraja\/\" \/>\n<meta property=\"og:locale\" content=\"bs_BA\" \/>\n<meta property=\"og:type\" content=\"article\" \/>\n<meta property=\"og:title\" content=\"Osmanhod\u017ei\u0107: Imamo te\u017eak raspored, ali borit \u0107emo se do kraja - TuzlaInfo.ba\" \/>\n<meta property=\"og:description\" content=\"Tuzla City ve\u010deras je pretrpjela jo\u0161 jedan poraz. Ve\u010deras ih je na Grbavici savladao \u017deljezni\u010dar&hellip;\" \/>\n<meta property=\"og:url\" content=\"https:\/\/tuzlainfo.ba\/index.php\/novosti\/item\/237269-osmanhodzic-imamo-tezak-raspored-ali-borit-cemo-se-do-kraja\/\" \/>\n<meta property=\"og:site_name\" content=\"TuzlaInfo.ba\" \/>\n<meta property=\"article:publisher\" content=\"https:\/\/www.facebook.com\/tuzlainfo.ba\/\" \/>\n<meta property=\"article:published_time\" content=\"2024-05-03T18:36:27+00:00\" \/>\n<meta property=\"article:modified_time\" content=\"2024-05-03T18:37:42+00:00\" \/>\n<meta property=\"og:image\" content=\"https:\/\/tuzlainfo.ba\/wp-content\/uploads\/2023\/10\/3010_adnan_osmanhodzic.jpg\" \/>\n\t<meta property=\"og:image:width\" content=\"1000\" \/>\n\t<meta property=\"og:image:height\" content=\"673\" \/>\n\t<meta property=\"og:image:type\" content=\"image\/jpeg\" \/>\n<meta name=\"author\" content=\"nedim\" \/>\n<meta name=\"twitter:card\" content=\"summary_large_image\" \/>\n<meta name=\"twitter:label1\" content=\"Written by\" \/>\n\t<meta name=\"twitter:data1\" content=\"nedim\" \/>\n\t<meta name=\"twitter:label2\" content=\"Est. reading time\" \/>\n\t<meta name=\"twitter:data2\" content=\"2 minute\" \/>\n<script type=\"application\/ld+json\" class=\"yoast-schema-graph\">{\"@context\":\"https:\/\/schema.org\",\"@graph\":[{\"@type\":\"Article\",\"@id\":\"https:\/\/tuzlainfo.ba\/index.php\/novosti\/item\/237269-osmanhodzic-imamo-tezak-raspored-ali-borit-cemo-se-do-kraja\/#article\",\"isPartOf\":{\"@id\":\"https:\/\/tuzlainfo.ba\/index.php\/novosti\/item\/237269-osmanhodzic-imamo-tezak-raspored-ali-borit-cemo-se-do-kraja\/\"},\"author\":{\"name\":\"nedim\",\"@id\":\"https:\/\/tuzlainfo.ba\/#\/schema\/person\/f434e20dc27ea133923aab08451b7f7f\"},\"headline\":\"Osmanhod\u017ei\u0107: Imamo te\u017eak raspored, ali borit \u0107emo se do kraja\",\"datePublished\":\"2024-05-03T18:36:27+00:00\",\"dateModified\":\"2024-05-03T18:37:42+00:00\",\"mainEntityOfPage\":{\"@id\":\"https:\/\/tuzlainfo.ba\/index.php\/novosti\/item\/237269-osmanhodzic-imamo-tezak-raspored-ali-borit-cemo-se-do-kraja\/\"},\"wordCount\":273,\"publisher\":{\"@id\":\"https:\/\/tuzlainfo.ba\/#organization\"},\"image\":{\"@id\":\"https:\/\/tuzlainfo.ba\/index.php\/novosti\/item\/237269-osmanhodzic-imamo-tezak-raspored-ali-borit-cemo-se-do-kraja\/#primaryimage\"},\"thumbnailUrl\":\"https:\/\/tuzlainfo.ba\/wp-content\/uploads\/2023\/10\/3010_adnan_osmanhodzic.jpg\",\"keywords\":[\"adnan osmanhod\u017ei\u0107\",\"fk tuzla city\",\"sport\"],\"articleSection\":[\"Istaknuto\",\"Novosti\"],\"inLanguage\":\"bs-BA\"},{\"@type\":\"WebPage\",\"@id\":\"https:\/\/tuzlainfo.ba\/index.php\/novosti\/item\/237269-osmanhodzic-imamo-tezak-raspored-ali-borit-cemo-se-do-kraja\/\",\"url\":\"https:\/\/tuzlainfo.ba\/index.php\/novosti\/item\/237269-osmanhodzic-imamo-tezak-raspored-ali-borit-cemo-se-do-kraja\/\",\"name\":\"Osmanhod\u017ei\u0107: Imamo te\u017eak raspored, ali borit \u0107emo se do kraja - TuzlaInfo.ba\",\"isPartOf\":{\"@id\":\"https:\/\/tuzlainfo.ba\/#website\"},\"primaryImageOfPage\":{\"@id\":\"https:\/\/tuzlainfo.ba\/index.php\/novosti\/item\/237269-osmanhodzic-imamo-tezak-raspored-ali-borit-cemo-se-do-kraja\/#primaryimage\"},\"image\":{\"@id\":\"https:\/\/tuzlainfo.ba\/index.php\/novosti\/item\/237269-osmanhodzic-imamo-tezak-raspored-ali-borit-cemo-se-do-kraja\/#primaryimage\"},\"thumbnailUrl\":\"https:\/\/tuzlainfo.ba\/wp-content\/uploads\/2023\/10\/3010_adnan_osmanhodzic.jpg\",\"datePublished\":\"2024-05-03T18:36:27+00:00\",\"dateModified\":\"2024-05-03T18:37:42+00:00\",\"breadcrumb\":{\"@id\":\"https:\/\/tuzlainfo.ba\/index.php\/novosti\/item\/237269-osmanhodzic-imamo-tezak-raspored-ali-borit-cemo-se-do-kraja\/#breadcrumb\"},\"inLanguage\":\"bs-BA\",\"potentialAction\":[{\"@type\":\"ReadAction\",\"target\":[\"https:\/\/tuzlainfo.ba\/index.php\/novosti\/item\/237269-osmanhodzic-imamo-tezak-raspored-ali-borit-cemo-se-do-kraja\/\"]}]},{\"@type\":\"ImageObject\",\"inLanguage\":\"bs-BA\",\"@id\":\"https:\/\/tuzlainfo.ba\/index.php\/novosti\/item\/237269-osmanhodzic-imamo-tezak-raspored-ali-borit-cemo-se-do-kraja\/#primaryimage\",\"url\":\"https:\/\/tuzlainfo.ba\/wp-content\/uploads\/2023\/10\/3010_adnan_osmanhodzic.jpg\",\"contentUrl\":\"https:\/\/tuzlainfo.ba\/wp-content\/uploads\/2023\/10\/3010_adnan_osmanhodzic.jpg\",\"width\":1000,\"height\":673},{\"@type\":\"BreadcrumbList\",\"@id\":\"https:\/\/tuzlainfo.ba\/index.php\/novosti\/item\/237269-osmanhodzic-imamo-tezak-raspored-ali-borit-cemo-se-do-kraja\/#breadcrumb\",\"itemListElement\":[{\"@type\":\"ListItem\",\"position\":1,\"name\":\"Home\",\"item\":\"https:\/\/tuzlainfo.ba\/\"},{\"@type\":\"ListItem\",\"position\":2,\"name\":\"Osmanhod\u017ei\u0107: Imamo te\u017eak raspored, ali borit \u0107emo se do kraja\"}]},{\"@type\":\"WebSite\",\"@id\":\"https:\/\/tuzlainfo.ba\/#website\",\"url\":\"https:\/\/tuzlainfo.ba\/\",\"name\":\"TuzlaInfo.ba\",\"description\":\"Tuzla info, gradski informator - Tuzla na dlanu\",\"publisher\":{\"@id\":\"https:\/\/tuzlainfo.ba\/#organization\"},\"potentialAction\":[{\"@type\":\"SearchAction\",\"target\":{\"@type\":\"EntryPoint\",\"urlTemplate\":\"https:\/\/tuzlainfo.ba\/?s={search_term_string}\"},\"query-input\":{\"@type\":\"PropertyValueSpecification\",\"valueRequired\":true,\"valueName\":\"search_term_string\"}}],\"inLanguage\":\"bs-BA\"},{\"@type\":\"Organization\",\"@id\":\"https:\/\/tuzlainfo.ba\/#organization\",\"name\":\"TuzlaInfo.ba\",\"url\":\"https:\/\/tuzlainfo.ba\/\",\"logo\":{\"@type\":\"ImageObject\",\"inLanguage\":\"bs-BA\",\"@id\":\"https:\/\/tuzlainfo.ba\/#\/schema\/logo\/image\/\",\"url\":\"https:\/\/tuzlainfo.ba\/wp-content\/uploads\/2021\/03\/logo-ver-3-1.png\",\"contentUrl\":\"https:\/\/tuzlainfo.ba\/wp-content\/uploads\/2021\/03\/logo-ver-3-1.png\",\"width\":350,\"height\":95,\"caption\":\"TuzlaInfo.ba\"},\"image\":{\"@id\":\"https:\/\/tuzlainfo.ba\/#\/schema\/logo\/image\/\"},\"sameAs\":[\"https:\/\/www.facebook.com\/tuzlainfo.ba\/\"]},{\"@type\":\"Person\",\"@id\":\"https:\/\/tuzlainfo.ba\/#\/schema\/person\/f434e20dc27ea133923aab08451b7f7f\",\"name\":\"nedim\",\"image\":{\"@type\":\"ImageObject\",\"inLanguage\":\"bs-BA\",\"@id\":\"https:\/\/tuzlainfo.ba\/#\/schema\/person\/image\/\",\"url\":\"https:\/\/tuzlainfo.ba\/wp-content\/litespeed\/avatar\/aabad687af24844af817603ac1cbdc4f.jpg?ver=1777306975\",\"contentUrl\":\"https:\/\/tuzlainfo.ba\/wp-content\/litespeed\/avatar\/aabad687af24844af817603ac1cbdc4f.jpg?ver=1777306975\",\"caption\":\"nedim\"},\"description\":\"Tuzlainfo.ba pratite na dru\u0161tvenim mre\u017eama: Facebook, Instagram i Youtube. Svoje pri\u010de, upite i fotografije \u0161aljite na na\u0161u e-mail adresu.\"}]}<\/script>\n<!-- \/ Yoast SEO plugin. -->","yoast_head_json":{"title":"Osmanhod\u017ei\u0107: Imamo te\u017eak raspored, ali borit \u0107emo se do kraja - TuzlaInfo.ba","robots":{"index":"index","follow":"follow","max-snippet":"max-snippet:-1","max-image-preview":"max-image-preview:large","max-video-preview":"max-video-preview:-1"},"canonical":"https:\/\/tuzlainfo.ba\/index.php\/novosti\/item\/237269-osmanhodzic-imamo-tezak-raspored-ali-borit-cemo-se-do-kraja\/","og_locale":"bs_BA","og_type":"article","og_title":"Osmanhod\u017ei\u0107: Imamo te\u017eak raspored, ali borit \u0107emo se do kraja - TuzlaInfo.ba","og_description":"Tuzla City ve\u010deras je pretrpjela jo\u0161 jedan poraz. Ve\u010deras ih je na Grbavici savladao \u017deljezni\u010dar&hellip;","og_url":"https:\/\/tuzlainfo.ba\/index.php\/novosti\/item\/237269-osmanhodzic-imamo-tezak-raspored-ali-borit-cemo-se-do-kraja\/","og_site_name":"TuzlaInfo.ba","article_publisher":"https:\/\/www.facebook.com\/tuzlainfo.ba\/","article_published_time":"2024-05-03T18:36:27+00:00","article_modified_time":"2024-05-03T18:37:42+00:00","og_image":[{"width":1000,"height":673,"url":"https:\/\/tuzlainfo.ba\/wp-content\/uploads\/2023\/10\/3010_adnan_osmanhodzic.jpg","type":"image\/jpeg"}],"author":"nedim","twitter_card":"summary_large_image","twitter_misc":{"Written by":"nedim","Est. reading time":"2 minute"},"schema":{"@context":"https:\/\/schema.org","@graph":[{"@type":"Article","@id":"https:\/\/tuzlainfo.ba\/index.php\/novosti\/item\/237269-osmanhodzic-imamo-tezak-raspored-ali-borit-cemo-se-do-kraja\/#article","isPartOf":{"@id":"https:\/\/tuzlainfo.ba\/index.php\/novosti\/item\/237269-osmanhodzic-imamo-tezak-raspored-ali-borit-cemo-se-do-kraja\/"},"author":{"name":"nedim","@id":"https:\/\/tuzlainfo.ba\/#\/schema\/person\/f434e20dc27ea133923aab08451b7f7f"},"headline":"Osmanhod\u017ei\u0107: Imamo te\u017eak raspored, ali borit \u0107emo se do kraja","datePublished":"2024-05-03T18:36:27+00:00","dateModified":"2024-05-03T18:37:42+00:00","mainEntityOfPage":{"@id":"https:\/\/tuzlainfo.ba\/index.php\/novosti\/item\/237269-osmanhodzic-imamo-tezak-raspored-ali-borit-cemo-se-do-kraja\/"},"wordCount":273,"publisher":{"@id":"https:\/\/tuzlainfo.ba\/#organization"},"image":{"@id":"https:\/\/tuzlainfo.ba\/index.php\/novosti\/item\/237269-osmanhodzic-imamo-tezak-raspored-ali-borit-cemo-se-do-kraja\/#primaryimage"},"thumbnailUrl":"https:\/\/tuzlainfo.ba\/wp-content\/uploads\/2023\/10\/3010_adnan_osmanhodzic.jpg","keywords":["adnan osmanhod\u017ei\u0107","fk tuzla city","sport"],"articleSection":["Istaknuto","Novosti"],"inLanguage":"bs-BA"},{"@type":"WebPage","@id":"https:\/\/tuzlainfo.ba\/index.php\/novosti\/item\/237269-osmanhodzic-imamo-tezak-raspored-ali-borit-cemo-se-do-kraja\/","url":"https:\/\/tuzlainfo.ba\/index.php\/novosti\/item\/237269-osmanhodzic-imamo-tezak-raspored-ali-borit-cemo-se-do-kraja\/","name":"Osmanhod\u017ei\u0107: Imamo te\u017eak raspored, ali borit \u0107emo se do kraja - TuzlaInfo.ba","isPartOf":{"@id":"https:\/\/tuzlainfo.ba\/#website"},"primaryImageOfPage":{"@id":"https:\/\/tuzlainfo.ba\/index.php\/novosti\/item\/237269-osmanhodzic-imamo-tezak-raspored-ali-borit-cemo-se-do-kraja\/#primaryimage"},"image":{"@id":"https:\/\/tuzlainfo.ba\/index.php\/novosti\/item\/237269-osmanhodzic-imamo-tezak-raspored-ali-borit-cemo-se-do-kraja\/#primaryimage"},"thumbnailUrl":"https:\/\/tuzlainfo.ba\/wp-content\/uploads\/2023\/10\/3010_adnan_osmanhodzic.jpg","datePublished":"2024-05-03T18:36:27+00:00","dateModified":"2024-05-03T18:37:42+00:00","breadcrumb":{"@id":"https:\/\/tuzlainfo.ba\/index.php\/novosti\/item\/237269-osmanhodzic-imamo-tezak-raspored-ali-borit-cemo-se-do-kraja\/#breadcrumb"},"inLanguage":"bs-BA","potentialAction":[{"@type":"ReadAction","target":["https:\/\/tuzlainfo.ba\/index.php\/novosti\/item\/237269-osmanhodzic-imamo-tezak-raspored-ali-borit-cemo-se-do-kraja\/"]}]},{"@type":"ImageObject","inLanguage":"bs-BA","@id":"https:\/\/tuzlainfo.ba\/index.php\/novosti\/item\/237269-osmanhodzic-imamo-tezak-raspored-ali-borit-cemo-se-do-kraja\/#primaryimage","url":"https:\/\/tuzlainfo.ba\/wp-content\/uploads\/2023\/10\/3010_adnan_osmanhodzic.jpg","contentUrl":"https:\/\/tuzlainfo.ba\/wp-content\/uploads\/2023\/10\/3010_adnan_osmanhodzic.jpg","width":1000,"height":673},{"@type":"BreadcrumbList","@id":"https:\/\/tuzlainfo.ba\/index.php\/novosti\/item\/237269-osmanhodzic-imamo-tezak-raspored-ali-borit-cemo-se-do-kraja\/#breadcrumb","itemListElement":[{"@type":"ListItem","position":1,"name":"Home","item":"https:\/\/tuzlainfo.ba\/"},{"@type":"ListItem","position":2,"name":"Osmanhod\u017ei\u0107: Imamo te\u017eak raspored, ali borit \u0107emo se do kraja"}]},{"@type":"WebSite","@id":"https:\/\/tuzlainfo.ba\/#website","url":"https:\/\/tuzlainfo.ba\/","name":"TuzlaInfo.ba","description":"Tuzla info, gradski informator - Tuzla na dlanu","publisher":{"@id":"https:\/\/tuzlainfo.ba\/#organization"},"potentialAction":[{"@type":"SearchAction","target":{"@type":"EntryPoint","urlTemplate":"https:\/\/tuzlainfo.ba\/?s={search_term_string}"},"query-input":{"@type":"PropertyValueSpecification","valueRequired":true,"valueName":"search_term_string"}}],"inLanguage":"bs-BA"},{"@type":"Organization","@id":"https:\/\/tuzlainfo.ba\/#organization","name":"TuzlaInfo.ba","url":"https:\/\/tuzlainfo.ba\/","logo":{"@type":"ImageObject","inLanguage":"bs-BA","@id":"https:\/\/tuzlainfo.ba\/#\/schema\/logo\/image\/","url":"https:\/\/tuzlainfo.ba\/wp-content\/uploads\/2021\/03\/logo-ver-3-1.png","contentUrl":"https:\/\/tuzlainfo.ba\/wp-content\/uploads\/2021\/03\/logo-ver-3-1.png","width":350,"height":95,"caption":"TuzlaInfo.ba"},"image":{"@id":"https:\/\/tuzlainfo.ba\/#\/schema\/logo\/image\/"},"sameAs":["https:\/\/www.facebook.com\/tuzlainfo.ba\/"]},{"@type":"Person","@id":"https:\/\/tuzlainfo.ba\/#\/schema\/person\/f434e20dc27ea133923aab08451b7f7f","name":"nedim","image":{"@type":"ImageObject","inLanguage":"bs-BA","@id":"https:\/\/tuzlainfo.ba\/#\/schema\/person\/image\/","url":"https:\/\/tuzlainfo.ba\/wp-content\/litespeed\/avatar\/aabad687af24844af817603ac1cbdc4f.jpg?ver=1777306975","contentUrl":"https:\/\/tuzlainfo.ba\/wp-content\/litespeed\/avatar\/aabad687af24844af817603ac1cbdc4f.jpg?ver=1777306975","caption":"nedim"},"description":"Tuzlainfo.ba pratite na dru\u0161tvenim mre\u017eama: Facebook, Instagram i Youtube. Svoje pri\u010de, upite i fotografije \u0161aljite na na\u0161u e-mail adresu."}]}},"_links":{"self":[{"href":"https:\/\/tuzlainfo.ba\/index.php\/wp-json\/wp\/v2\/posts\/237269"}],"collection":[{"href":"https:\/\/tuzlainfo.ba\/index.php\/wp-json\/wp\/v2\/posts"}],"about":[{"href":"https:\/\/tuzlainfo.ba\/index.php\/wp-json\/wp\/v2\/types\/post"}],"author":[{"embeddable":true,"href":"https:\/\/tuzlainfo.ba\/index.php\/wp-json\/wp\/v2\/users\/2"}],"replies":[{"embeddable":true,"href":"https:\/\/tuzlainfo.ba\/index.php\/wp-json\/wp\/v2\/comments?post=237269"}],"version-history":[{"count":2,"href":"https:\/\/tuzlainfo.ba\/index.php\/wp-json\/wp\/v2\/posts\/237269\/revisions"}],"predecessor-version":[{"id":237271,"href":"https:\/\/tuzlainfo.ba\/index.php\/wp-json\/wp\/v2\/posts\/237269\/revisions\/237271"}],"wp:featuredmedia":[{"embeddable":true,"href":"https:\/\/tuzlainfo.ba\/index.php\/wp-json\/wp\/v2\/media\/221229"}],"wp:attachment":[{"href":"https:\/\/tuzlainfo.ba\/index.php\/wp-json\/wp\/v2\/media?parent=237269"}],"wp:term":[{"taxonomy":"category","embeddable":true,"href":"https:\/\/tuzlainfo.ba\/index.php\/wp-json\/wp\/v2\/categories?post=237269"},{"taxonomy":"post_tag","embeddable":true,"href":"https:\/\/tuzlainfo.ba\/index.php\/wp-json\/wp\/v2\/tags?post=237269"}],"curies":[{"name":"wp","href":"https:\/\/api.w.org\/{rel}","templated":true}]}}