{"id":237059,"date":"2024-05-01T16:05:27","date_gmt":"2024-05-01T14:05:27","guid":{"rendered":"https:\/\/tuzlainfo.ba\/?p=237059"},"modified":"2024-05-01T09:34:19","modified_gmt":"2024-05-01T07:34:19","slug":"sajam-kafe-i-cokolade-najavljena-besplatna-edukacija-i-takmicenje-barista","status":"publish","type":"post","link":"https:\/\/tuzlainfo.ba\/index.php\/najava-dogadaja-2\/item\/237059-sajam-kafe-i-cokolade-najavljena-besplatna-edukacija-i-takmicenje-barista\/","title":{"rendered":"Sajam Kafe i \u010cokolade: Najavljena besplatna edukacija i takmi\u010denje barista"},"content":{"rendered":"<p>Pribli\u017eava se po\u010detak Sajma Kafe i \u010cokolade u Tuzli\u00a0 a organizatori nastavlju sa pozitivnim iznena\u0111enjima!<\/p>\n<p>Tako se u okviru Sajma u petak 17.05. odr\u017eava besplatna edukativna radionicu za barise.<br \/>\nVoditelj ove radionice je Mustafi Semir, dr\u017eavni prvak u latteartu \u2013 BiH 2019.\u00a0 Ova radionica je idealna prilika da pro\u0161irite svoje znanje, usavr\u0161ite vje\u0161tine i otkrijete najnovije trendove u svijetu slu\u017eenja i serviranja kafe.<\/p>\n<p>Program edukacije obuhvata:<\/p>\n<p>1) Tehnike pravilne Espresso ekstrakcije!<br \/>\n2) Umjetnost Latte dekoracije!<\/p>\n<p>Za prijavu na radionicu po\u0161aljite Va\u0161e ime, prezime i broj telefona na e-mail:<\/p>\n<p><strong>kafaicokolada@sajam.ba<\/strong><\/p>\n<p>Prijavite se odmah kako biste osigurali svoje mjesto.<\/p>\n<p>Prijava je besplatna!<\/p>\n<p>Broj mjesta je ograni\u010den!<\/p>\n<p>Nakon toga u subotu 18.05.2024 godine bi\u0107e odr\u017eano i takmi\u010denje barista sa vrijednim nagradama tako da odmah mo\u017eete i primjeniti nau\u010dene vje\u0161tine.<\/p>\n<p>Ne propustite ovu izvanrednu priliku za unapre\u0111enje svojih vje\u0161tina i dru\u017eenje na Sajmu kafe i \u010dokolade u Tuzli!<\/p>\n","protected":false},"excerpt":{"rendered":"<p>Pribli\u017eava se po\u010detak Sajma Kafe i \u010cokolade u Tuzli\u00a0 a organizatori nastavlju sa pozitivnim iznena\u0111enjima!&hellip;<\/p>\n","protected":false},"author":4,"featured_media":222717,"comment_status":"closed","ping_status":"closed","sticky":false,"template":"","format":"standard","meta":{"_acf_changed":false,"footnotes":""},"categories":[304,11],"tags":[9928,42],"acf":[],"yoast_head":"<!-- This site is optimized with the Yoast SEO plugin v23.5 - https:\/\/yoast.com\/wordpress\/plugins\/seo\/ -->\n<title>Sajam Kafe i \u010cokolade: Najavljena besplatna edukacija i takmi\u010denje barista - TuzlaInfo.ba<\/title>\n<meta name=\"robots\" content=\"index, follow, max-snippet:-1, max-image-preview:large, max-video-preview:-1\" \/>\n<link rel=\"canonical\" href=\"https:\/\/tuzlainfo.ba\/index.php\/najava-dogadaja-2\/item\/237059-sajam-kafe-i-cokolade-najavljena-besplatna-edukacija-i-takmicenje-barista\/\" \/>\n<meta property=\"og:locale\" content=\"bs_BA\" \/>\n<meta property=\"og:type\" content=\"article\" \/>\n<meta property=\"og:title\" content=\"Sajam Kafe i \u010cokolade: Najavljena besplatna edukacija i takmi\u010denje barista - TuzlaInfo.ba\" \/>\n<meta property=\"og:description\" content=\"Pribli\u017eava se po\u010detak Sajma Kafe i \u010cokolade u Tuzli\u00a0 a organizatori nastavlju sa pozitivnim iznena\u0111enjima!&hellip;\" \/>\n<meta property=\"og:url\" content=\"https:\/\/tuzlainfo.ba\/index.php\/najava-dogadaja-2\/item\/237059-sajam-kafe-i-cokolade-najavljena-besplatna-edukacija-i-takmicenje-barista\/\" \/>\n<meta property=\"og:site_name\" content=\"TuzlaInfo.ba\" \/>\n<meta property=\"article:publisher\" content=\"https:\/\/www.facebook.com\/tuzlainfo.ba\/\" \/>\n<meta property=\"article:published_time\" content=\"2024-05-01T14:05:27+00:00\" \/>\n<meta property=\"article:modified_time\" content=\"2024-05-01T07:34:19+00:00\" \/>\n<meta property=\"og:image\" content=\"https:\/\/tuzlainfo.ba\/wp-content\/uploads\/2023\/11\/1611_kafa.jpg\" \/>\n\t<meta property=\"og:image:width\" content=\"2048\" \/>\n\t<meta property=\"og:image:height\" content=\"1537\" \/>\n\t<meta property=\"og:image:type\" content=\"image\/jpeg\" \/>\n<meta name=\"author\" content=\"Tuzla Info\" \/>\n<meta name=\"twitter:card\" content=\"summary_large_image\" \/>\n<meta name=\"twitter:label1\" content=\"Written by\" \/>\n\t<meta name=\"twitter:data1\" content=\"Tuzla Info\" \/>\n\t<meta name=\"twitter:label2\" content=\"Est. reading time\" \/>\n\t<meta name=\"twitter:data2\" content=\"1 minuta\" \/>\n<script type=\"application\/ld+json\" class=\"yoast-schema-graph\">{\"@context\":\"https:\/\/schema.org\",\"@graph\":[{\"@type\":\"Article\",\"@id\":\"https:\/\/tuzlainfo.ba\/index.php\/najava-dogadaja-2\/item\/237059-sajam-kafe-i-cokolade-najavljena-besplatna-edukacija-i-takmicenje-barista\/#article\",\"isPartOf\":{\"@id\":\"https:\/\/tuzlainfo.ba\/index.php\/najava-dogadaja-2\/item\/237059-sajam-kafe-i-cokolade-najavljena-besplatna-edukacija-i-takmicenje-barista\/\"},\"author\":{\"name\":\"Tuzla Info\",\"@id\":\"https:\/\/tuzlainfo.ba\/#\/schema\/person\/46cad4c57790cbc50781edd14870825a\"},\"headline\":\"Sajam Kafe i \u010cokolade: Najavljena besplatna edukacija i takmi\u010denje barista\",\"datePublished\":\"2024-05-01T14:05:27+00:00\",\"dateModified\":\"2024-05-01T07:34:19+00:00\",\"mainEntityOfPage\":{\"@id\":\"https:\/\/tuzlainfo.ba\/index.php\/najava-dogadaja-2\/item\/237059-sajam-kafe-i-cokolade-najavljena-besplatna-edukacija-i-takmicenje-barista\/\"},\"wordCount\":172,\"publisher\":{\"@id\":\"https:\/\/tuzlainfo.ba\/#organization\"},\"image\":{\"@id\":\"https:\/\/tuzlainfo.ba\/index.php\/najava-dogadaja-2\/item\/237059-sajam-kafe-i-cokolade-najavljena-besplatna-edukacija-i-takmicenje-barista\/#primaryimage\"},\"thumbnailUrl\":\"https:\/\/tuzlainfo.ba\/wp-content\/uploads\/2023\/11\/1611_kafa.jpg\",\"keywords\":[\"sajam kafe i \u010dokolade\",\"tuzla\"],\"articleSection\":[\"Istaknuto\",\"Najave i doga\u0111aji\"],\"inLanguage\":\"bs-BA\"},{\"@type\":\"WebPage\",\"@id\":\"https:\/\/tuzlainfo.ba\/index.php\/najava-dogadaja-2\/item\/237059-sajam-kafe-i-cokolade-najavljena-besplatna-edukacija-i-takmicenje-barista\/\",\"url\":\"https:\/\/tuzlainfo.ba\/index.php\/najava-dogadaja-2\/item\/237059-sajam-kafe-i-cokolade-najavljena-besplatna-edukacija-i-takmicenje-barista\/\",\"name\":\"Sajam Kafe i \u010cokolade: Najavljena besplatna edukacija i takmi\u010denje barista - TuzlaInfo.ba\",\"isPartOf\":{\"@id\":\"https:\/\/tuzlainfo.ba\/#website\"},\"primaryImageOfPage\":{\"@id\":\"https:\/\/tuzlainfo.ba\/index.php\/najava-dogadaja-2\/item\/237059-sajam-kafe-i-cokolade-najavljena-besplatna-edukacija-i-takmicenje-barista\/#primaryimage\"},\"image\":{\"@id\":\"https:\/\/tuzlainfo.ba\/index.php\/najava-dogadaja-2\/item\/237059-sajam-kafe-i-cokolade-najavljena-besplatna-edukacija-i-takmicenje-barista\/#primaryimage\"},\"thumbnailUrl\":\"https:\/\/tuzlainfo.ba\/wp-content\/uploads\/2023\/11\/1611_kafa.jpg\",\"datePublished\":\"2024-05-01T14:05:27+00:00\",\"dateModified\":\"2024-05-01T07:34:19+00:00\",\"breadcrumb\":{\"@id\":\"https:\/\/tuzlainfo.ba\/index.php\/najava-dogadaja-2\/item\/237059-sajam-kafe-i-cokolade-najavljena-besplatna-edukacija-i-takmicenje-barista\/#breadcrumb\"},\"inLanguage\":\"bs-BA\",\"potentialAction\":[{\"@type\":\"ReadAction\",\"target\":[\"https:\/\/tuzlainfo.ba\/index.php\/najava-dogadaja-2\/item\/237059-sajam-kafe-i-cokolade-najavljena-besplatna-edukacija-i-takmicenje-barista\/\"]}]},{\"@type\":\"ImageObject\",\"inLanguage\":\"bs-BA\",\"@id\":\"https:\/\/tuzlainfo.ba\/index.php\/najava-dogadaja-2\/item\/237059-sajam-kafe-i-cokolade-najavljena-besplatna-edukacija-i-takmicenje-barista\/#primaryimage\",\"url\":\"https:\/\/tuzlainfo.ba\/wp-content\/uploads\/2023\/11\/1611_kafa.jpg\",\"contentUrl\":\"https:\/\/tuzlainfo.ba\/wp-content\/uploads\/2023\/11\/1611_kafa.jpg\",\"width\":2048,\"height\":1537,\"caption\":\"Foto: Tuzlainfo.ba\"},{\"@type\":\"BreadcrumbList\",\"@id\":\"https:\/\/tuzlainfo.ba\/index.php\/najava-dogadaja-2\/item\/237059-sajam-kafe-i-cokolade-najavljena-besplatna-edukacija-i-takmicenje-barista\/#breadcrumb\",\"itemListElement\":[{\"@type\":\"ListItem\",\"position\":1,\"name\":\"Home\",\"item\":\"https:\/\/tuzlainfo.ba\/\"},{\"@type\":\"ListItem\",\"position\":2,\"name\":\"Sajam Kafe i \u010cokolade: Najavljena besplatna edukacija i takmi\u010denje barista\"}]},{\"@type\":\"WebSite\",\"@id\":\"https:\/\/tuzlainfo.ba\/#website\",\"url\":\"https:\/\/tuzlainfo.ba\/\",\"name\":\"TuzlaInfo.ba\",\"description\":\"Tuzla info, gradski informator - Tuzla na dlanu\",\"publisher\":{\"@id\":\"https:\/\/tuzlainfo.ba\/#organization\"},\"potentialAction\":[{\"@type\":\"SearchAction\",\"target\":{\"@type\":\"EntryPoint\",\"urlTemplate\":\"https:\/\/tuzlainfo.ba\/?s={search_term_string}\"},\"query-input\":{\"@type\":\"PropertyValueSpecification\",\"valueRequired\":true,\"valueName\":\"search_term_string\"}}],\"inLanguage\":\"bs-BA\"},{\"@type\":\"Organization\",\"@id\":\"https:\/\/tuzlainfo.ba\/#organization\",\"name\":\"TuzlaInfo.ba\",\"url\":\"https:\/\/tuzlainfo.ba\/\",\"logo\":{\"@type\":\"ImageObject\",\"inLanguage\":\"bs-BA\",\"@id\":\"https:\/\/tuzlainfo.ba\/#\/schema\/logo\/image\/\",\"url\":\"https:\/\/tuzlainfo.ba\/wp-content\/uploads\/2021\/03\/logo-ver-3-1.png\",\"contentUrl\":\"https:\/\/tuzlainfo.ba\/wp-content\/uploads\/2021\/03\/logo-ver-3-1.png\",\"width\":350,\"height\":95,\"caption\":\"TuzlaInfo.ba\"},\"image\":{\"@id\":\"https:\/\/tuzlainfo.ba\/#\/schema\/logo\/image\/\"},\"sameAs\":[\"https:\/\/www.facebook.com\/tuzlainfo.ba\/\"]},{\"@type\":\"Person\",\"@id\":\"https:\/\/tuzlainfo.ba\/#\/schema\/person\/46cad4c57790cbc50781edd14870825a\",\"name\":\"Tuzla Info\",\"image\":{\"@type\":\"ImageObject\",\"inLanguage\":\"bs-BA\",\"@id\":\"https:\/\/tuzlainfo.ba\/#\/schema\/person\/image\/\",\"url\":\"https:\/\/tuzlainfo.ba\/wp-content\/litespeed\/avatar\/b6c453a6c38e3654f2e4416c643fc25c.jpg?ver=1777051911\",\"contentUrl\":\"https:\/\/tuzlainfo.ba\/wp-content\/litespeed\/avatar\/b6c453a6c38e3654f2e4416c643fc25c.jpg?ver=1777051911\",\"caption\":\"Tuzla Info\"}}]}<\/script>\n<!-- \/ Yoast SEO plugin. -->","yoast_head_json":{"title":"Sajam Kafe i \u010cokolade: Najavljena besplatna edukacija i takmi\u010denje barista - TuzlaInfo.ba","robots":{"index":"index","follow":"follow","max-snippet":"max-snippet:-1","max-image-preview":"max-image-preview:large","max-video-preview":"max-video-preview:-1"},"canonical":"https:\/\/tuzlainfo.ba\/index.php\/najava-dogadaja-2\/item\/237059-sajam-kafe-i-cokolade-najavljena-besplatna-edukacija-i-takmicenje-barista\/","og_locale":"bs_BA","og_type":"article","og_title":"Sajam Kafe i \u010cokolade: Najavljena besplatna edukacija i takmi\u010denje barista - TuzlaInfo.ba","og_description":"Pribli\u017eava se po\u010detak Sajma Kafe i \u010cokolade u Tuzli\u00a0 a organizatori nastavlju sa pozitivnim iznena\u0111enjima!&hellip;","og_url":"https:\/\/tuzlainfo.ba\/index.php\/najava-dogadaja-2\/item\/237059-sajam-kafe-i-cokolade-najavljena-besplatna-edukacija-i-takmicenje-barista\/","og_site_name":"TuzlaInfo.ba","article_publisher":"https:\/\/www.facebook.com\/tuzlainfo.ba\/","article_published_time":"2024-05-01T14:05:27+00:00","article_modified_time":"2024-05-01T07:34:19+00:00","og_image":[{"width":2048,"height":1537,"url":"https:\/\/tuzlainfo.ba\/wp-content\/uploads\/2023\/11\/1611_kafa.jpg","type":"image\/jpeg"}],"author":"Tuzla Info","twitter_card":"summary_large_image","twitter_misc":{"Written by":"Tuzla Info","Est. reading time":"1 minuta"},"schema":{"@context":"https:\/\/schema.org","@graph":[{"@type":"Article","@id":"https:\/\/tuzlainfo.ba\/index.php\/najava-dogadaja-2\/item\/237059-sajam-kafe-i-cokolade-najavljena-besplatna-edukacija-i-takmicenje-barista\/#article","isPartOf":{"@id":"https:\/\/tuzlainfo.ba\/index.php\/najava-dogadaja-2\/item\/237059-sajam-kafe-i-cokolade-najavljena-besplatna-edukacija-i-takmicenje-barista\/"},"author":{"name":"Tuzla Info","@id":"https:\/\/tuzlainfo.ba\/#\/schema\/person\/46cad4c57790cbc50781edd14870825a"},"headline":"Sajam Kafe i \u010cokolade: Najavljena besplatna edukacija i takmi\u010denje barista","datePublished":"2024-05-01T14:05:27+00:00","dateModified":"2024-05-01T07:34:19+00:00","mainEntityOfPage":{"@id":"https:\/\/tuzlainfo.ba\/index.php\/najava-dogadaja-2\/item\/237059-sajam-kafe-i-cokolade-najavljena-besplatna-edukacija-i-takmicenje-barista\/"},"wordCount":172,"publisher":{"@id":"https:\/\/tuzlainfo.ba\/#organization"},"image":{"@id":"https:\/\/tuzlainfo.ba\/index.php\/najava-dogadaja-2\/item\/237059-sajam-kafe-i-cokolade-najavljena-besplatna-edukacija-i-takmicenje-barista\/#primaryimage"},"thumbnailUrl":"https:\/\/tuzlainfo.ba\/wp-content\/uploads\/2023\/11\/1611_kafa.jpg","keywords":["sajam kafe i \u010dokolade","tuzla"],"articleSection":["Istaknuto","Najave i doga\u0111aji"],"inLanguage":"bs-BA"},{"@type":"WebPage","@id":"https:\/\/tuzlainfo.ba\/index.php\/najava-dogadaja-2\/item\/237059-sajam-kafe-i-cokolade-najavljena-besplatna-edukacija-i-takmicenje-barista\/","url":"https:\/\/tuzlainfo.ba\/index.php\/najava-dogadaja-2\/item\/237059-sajam-kafe-i-cokolade-najavljena-besplatna-edukacija-i-takmicenje-barista\/","name":"Sajam Kafe i \u010cokolade: Najavljena besplatna edukacija i takmi\u010denje barista - TuzlaInfo.ba","isPartOf":{"@id":"https:\/\/tuzlainfo.ba\/#website"},"primaryImageOfPage":{"@id":"https:\/\/tuzlainfo.ba\/index.php\/najava-dogadaja-2\/item\/237059-sajam-kafe-i-cokolade-najavljena-besplatna-edukacija-i-takmicenje-barista\/#primaryimage"},"image":{"@id":"https:\/\/tuzlainfo.ba\/index.php\/najava-dogadaja-2\/item\/237059-sajam-kafe-i-cokolade-najavljena-besplatna-edukacija-i-takmicenje-barista\/#primaryimage"},"thumbnailUrl":"https:\/\/tuzlainfo.ba\/wp-content\/uploads\/2023\/11\/1611_kafa.jpg","datePublished":"2024-05-01T14:05:27+00:00","dateModified":"2024-05-01T07:34:19+00:00","breadcrumb":{"@id":"https:\/\/tuzlainfo.ba\/index.php\/najava-dogadaja-2\/item\/237059-sajam-kafe-i-cokolade-najavljena-besplatna-edukacija-i-takmicenje-barista\/#breadcrumb"},"inLanguage":"bs-BA","potentialAction":[{"@type":"ReadAction","target":["https:\/\/tuzlainfo.ba\/index.php\/najava-dogadaja-2\/item\/237059-sajam-kafe-i-cokolade-najavljena-besplatna-edukacija-i-takmicenje-barista\/"]}]},{"@type":"ImageObject","inLanguage":"bs-BA","@id":"https:\/\/tuzlainfo.ba\/index.php\/najava-dogadaja-2\/item\/237059-sajam-kafe-i-cokolade-najavljena-besplatna-edukacija-i-takmicenje-barista\/#primaryimage","url":"https:\/\/tuzlainfo.ba\/wp-content\/uploads\/2023\/11\/1611_kafa.jpg","contentUrl":"https:\/\/tuzlainfo.ba\/wp-content\/uploads\/2023\/11\/1611_kafa.jpg","width":2048,"height":1537,"caption":"Foto: Tuzlainfo.ba"},{"@type":"BreadcrumbList","@id":"https:\/\/tuzlainfo.ba\/index.php\/najava-dogadaja-2\/item\/237059-sajam-kafe-i-cokolade-najavljena-besplatna-edukacija-i-takmicenje-barista\/#breadcrumb","itemListElement":[{"@type":"ListItem","position":1,"name":"Home","item":"https:\/\/tuzlainfo.ba\/"},{"@type":"ListItem","position":2,"name":"Sajam Kafe i \u010cokolade: Najavljena besplatna edukacija i takmi\u010denje barista"}]},{"@type":"WebSite","@id":"https:\/\/tuzlainfo.ba\/#website","url":"https:\/\/tuzlainfo.ba\/","name":"TuzlaInfo.ba","description":"Tuzla info, gradski informator - Tuzla na dlanu","publisher":{"@id":"https:\/\/tuzlainfo.ba\/#organization"},"potentialAction":[{"@type":"SearchAction","target":{"@type":"EntryPoint","urlTemplate":"https:\/\/tuzlainfo.ba\/?s={search_term_string}"},"query-input":{"@type":"PropertyValueSpecification","valueRequired":true,"valueName":"search_term_string"}}],"inLanguage":"bs-BA"},{"@type":"Organization","@id":"https:\/\/tuzlainfo.ba\/#organization","name":"TuzlaInfo.ba","url":"https:\/\/tuzlainfo.ba\/","logo":{"@type":"ImageObject","inLanguage":"bs-BA","@id":"https:\/\/tuzlainfo.ba\/#\/schema\/logo\/image\/","url":"https:\/\/tuzlainfo.ba\/wp-content\/uploads\/2021\/03\/logo-ver-3-1.png","contentUrl":"https:\/\/tuzlainfo.ba\/wp-content\/uploads\/2021\/03\/logo-ver-3-1.png","width":350,"height":95,"caption":"TuzlaInfo.ba"},"image":{"@id":"https:\/\/tuzlainfo.ba\/#\/schema\/logo\/image\/"},"sameAs":["https:\/\/www.facebook.com\/tuzlainfo.ba\/"]},{"@type":"Person","@id":"https:\/\/tuzlainfo.ba\/#\/schema\/person\/46cad4c57790cbc50781edd14870825a","name":"Tuzla Info","image":{"@type":"ImageObject","inLanguage":"bs-BA","@id":"https:\/\/tuzlainfo.ba\/#\/schema\/person\/image\/","url":"https:\/\/tuzlainfo.ba\/wp-content\/litespeed\/avatar\/b6c453a6c38e3654f2e4416c643fc25c.jpg?ver=1777051911","contentUrl":"https:\/\/tuzlainfo.ba\/wp-content\/litespeed\/avatar\/b6c453a6c38e3654f2e4416c643fc25c.jpg?ver=1777051911","caption":"Tuzla Info"}}]}},"_links":{"self":[{"href":"https:\/\/tuzlainfo.ba\/index.php\/wp-json\/wp\/v2\/posts\/237059"}],"collection":[{"href":"https:\/\/tuzlainfo.ba\/index.php\/wp-json\/wp\/v2\/posts"}],"about":[{"href":"https:\/\/tuzlainfo.ba\/index.php\/wp-json\/wp\/v2\/types\/post"}],"author":[{"embeddable":true,"href":"https:\/\/tuzlainfo.ba\/index.php\/wp-json\/wp\/v2\/users\/4"}],"replies":[{"embeddable":true,"href":"https:\/\/tuzlainfo.ba\/index.php\/wp-json\/wp\/v2\/comments?post=237059"}],"version-history":[{"count":1,"href":"https:\/\/tuzlainfo.ba\/index.php\/wp-json\/wp\/v2\/posts\/237059\/revisions"}],"predecessor-version":[{"id":237060,"href":"https:\/\/tuzlainfo.ba\/index.php\/wp-json\/wp\/v2\/posts\/237059\/revisions\/237060"}],"wp:featuredmedia":[{"embeddable":true,"href":"https:\/\/tuzlainfo.ba\/index.php\/wp-json\/wp\/v2\/media\/222717"}],"wp:attachment":[{"href":"https:\/\/tuzlainfo.ba\/index.php\/wp-json\/wp\/v2\/media?parent=237059"}],"wp:term":[{"taxonomy":"category","embeddable":true,"href":"https:\/\/tuzlainfo.ba\/index.php\/wp-json\/wp\/v2\/categories?post=237059"},{"taxonomy":"post_tag","embeddable":true,"href":"https:\/\/tuzlainfo.ba\/index.php\/wp-json\/wp\/v2\/tags?post=237059"}],"curies":[{"name":"wp","href":"https:\/\/api.w.org\/{rel}","templated":true}]}}