{"id":236597,"date":"2024-04-26T12:06:59","date_gmt":"2024-04-26T10:06:59","guid":{"rendered":"https:\/\/tuzlainfo.ba\/?p=236597"},"modified":"2024-04-25T17:35:30","modified_gmt":"2024-04-25T15:35:30","slug":"carli-i-tvornica-cokolade-na-sajmu-kafe-i-cokolade-u-tuzli","status":"publish","type":"post","link":"https:\/\/tuzlainfo.ba\/index.php\/istaknuto\/item\/236597-carli-i-tvornica-cokolade-na-sajmu-kafe-i-cokolade-u-tuzli\/","title":{"rendered":"\u201e\u010carli i Tvornica \u010cokolade\u201c na Sajmu kafe i \u010dokolade u Tuzli"},"content":{"rendered":"<p>Pribli\u017eava nam se mjesec maj i prvi Sajam Kafe i \u010cokolade u Tuzli. Osim osnovnog doga\u0111anja tj. u\u017eivanja u kafi i \u010dokoladi organizatori pripremaju i dosta zanimljiv prate\u0107i program.<\/p>\n<p>Kviz sa Deanom Kotigom jedan je od doga\u0111aja koji je pobudio interesovanje kod svih, tu su i edukativne radionice za bariste, a za sve ljubitelje knjige, sa velikim zadovoljstvom predstavljamo i jo\u0161 jednu sajamsku poslasticu pod nazivom \u201eLanina Bajka\u201c!<\/p>\n<p>Kao dio aktivnosti obilje\u017eavanja Svjetskog Dana Porodice, a u sklopu Sajma Kafe i \u010cokolade, mlada tuzlanska spisateljica Lana Kamberovi\u0107, \u0107e se dru\u017eiti sa na\u0161im najmla\u0111im posjetiocima i tom prilikom zajedno \u010ditati modernu bajku \u201e\u010carli i Tvornica \u010cokolade\u201c! \u010cekamo Vas u subotu u HKC-u &#8220;Sveti Franjo&#8221; Tuzla, 18.05.2024. godine, od 13 do 14 sati, da zajedno pratimo avanture \u010carlija Baketa, Vilija Vonke i njihovih saputnika na putu kroz tvornicu \u010dokolade!<\/p>\n","protected":false},"excerpt":{"rendered":"<p>Pribli\u017eava nam se mjesec maj i prvi Sajam Kafe i \u010cokolade u Tuzli. Osim osnovnog&hellip;<\/p>\n","protected":false},"author":4,"featured_media":236598,"comment_status":"closed","ping_status":"closed","sticky":false,"template":"","format":"standard","meta":{"_acf_changed":false,"footnotes":""},"categories":[304,11],"tags":[9928,42],"acf":[],"yoast_head":"<!-- This site is optimized with the Yoast SEO plugin v23.5 - https:\/\/yoast.com\/wordpress\/plugins\/seo\/ -->\n<title>\u201e\u010carli i Tvornica \u010cokolade\u201c na Sajmu kafe i \u010dokolade u Tuzli - TuzlaInfo.ba<\/title>\n<meta name=\"robots\" content=\"index, follow, max-snippet:-1, max-image-preview:large, max-video-preview:-1\" \/>\n<link rel=\"canonical\" href=\"https:\/\/tuzlainfo.ba\/index.php\/istaknuto\/item\/236597-carli-i-tvornica-cokolade-na-sajmu-kafe-i-cokolade-u-tuzli\/\" \/>\n<meta property=\"og:locale\" content=\"bs_BA\" \/>\n<meta property=\"og:type\" content=\"article\" \/>\n<meta property=\"og:title\" content=\"\u201e\u010carli i Tvornica \u010cokolade\u201c na Sajmu kafe i \u010dokolade u Tuzli - TuzlaInfo.ba\" \/>\n<meta property=\"og:description\" content=\"Pribli\u017eava nam se mjesec maj i prvi Sajam Kafe i \u010cokolade u Tuzli. Osim osnovnog&hellip;\" \/>\n<meta property=\"og:url\" content=\"https:\/\/tuzlainfo.ba\/index.php\/istaknuto\/item\/236597-carli-i-tvornica-cokolade-na-sajmu-kafe-i-cokolade-u-tuzli\/\" \/>\n<meta property=\"og:site_name\" content=\"TuzlaInfo.ba\" \/>\n<meta property=\"article:publisher\" content=\"https:\/\/www.facebook.com\/tuzlainfo.ba\/\" \/>\n<meta property=\"article:published_time\" content=\"2024-04-26T10:06:59+00:00\" \/>\n<meta property=\"article:modified_time\" content=\"2024-04-25T15:35:30+00:00\" \/>\n<meta property=\"og:image\" content=\"https:\/\/tuzlainfo.ba\/wp-content\/uploads\/2024\/04\/thumbnail_Sajam-Kafe-i-Cokolade.jpg\" \/>\n\t<meta property=\"og:image:width\" content=\"960\" \/>\n\t<meta property=\"og:image:height\" content=\"365\" \/>\n\t<meta property=\"og:image:type\" content=\"image\/jpeg\" \/>\n<meta name=\"author\" content=\"Tuzla Info\" \/>\n<meta name=\"twitter:card\" content=\"summary_large_image\" \/>\n<meta name=\"twitter:label1\" content=\"Written by\" \/>\n\t<meta name=\"twitter:data1\" content=\"Tuzla Info\" \/>\n\t<meta name=\"twitter:label2\" content=\"Est. reading time\" \/>\n\t<meta name=\"twitter:data2\" content=\"1 minuta\" \/>\n<script type=\"application\/ld+json\" class=\"yoast-schema-graph\">{\"@context\":\"https:\/\/schema.org\",\"@graph\":[{\"@type\":\"Article\",\"@id\":\"https:\/\/tuzlainfo.ba\/index.php\/istaknuto\/item\/236597-carli-i-tvornica-cokolade-na-sajmu-kafe-i-cokolade-u-tuzli\/#article\",\"isPartOf\":{\"@id\":\"https:\/\/tuzlainfo.ba\/index.php\/istaknuto\/item\/236597-carli-i-tvornica-cokolade-na-sajmu-kafe-i-cokolade-u-tuzli\/\"},\"author\":{\"name\":\"Tuzla Info\",\"@id\":\"https:\/\/tuzlainfo.ba\/#\/schema\/person\/46cad4c57790cbc50781edd14870825a\"},\"headline\":\"\u201e\u010carli i Tvornica \u010cokolade\u201c na Sajmu kafe i \u010dokolade u Tuzli\",\"datePublished\":\"2024-04-26T10:06:59+00:00\",\"dateModified\":\"2024-04-25T15:35:30+00:00\",\"mainEntityOfPage\":{\"@id\":\"https:\/\/tuzlainfo.ba\/index.php\/istaknuto\/item\/236597-carli-i-tvornica-cokolade-na-sajmu-kafe-i-cokolade-u-tuzli\/\"},\"wordCount\":154,\"publisher\":{\"@id\":\"https:\/\/tuzlainfo.ba\/#organization\"},\"image\":{\"@id\":\"https:\/\/tuzlainfo.ba\/index.php\/istaknuto\/item\/236597-carli-i-tvornica-cokolade-na-sajmu-kafe-i-cokolade-u-tuzli\/#primaryimage\"},\"thumbnailUrl\":\"https:\/\/tuzlainfo.ba\/wp-content\/uploads\/2024\/04\/thumbnail_Sajam-Kafe-i-Cokolade.jpg\",\"keywords\":[\"sajam kafe i \u010dokolade\",\"tuzla\"],\"articleSection\":[\"Istaknuto\",\"Najave i doga\u0111aji\"],\"inLanguage\":\"bs-BA\"},{\"@type\":\"WebPage\",\"@id\":\"https:\/\/tuzlainfo.ba\/index.php\/istaknuto\/item\/236597-carli-i-tvornica-cokolade-na-sajmu-kafe-i-cokolade-u-tuzli\/\",\"url\":\"https:\/\/tuzlainfo.ba\/index.php\/istaknuto\/item\/236597-carli-i-tvornica-cokolade-na-sajmu-kafe-i-cokolade-u-tuzli\/\",\"name\":\"\u201e\u010carli i Tvornica \u010cokolade\u201c na Sajmu kafe i \u010dokolade u Tuzli - TuzlaInfo.ba\",\"isPartOf\":{\"@id\":\"https:\/\/tuzlainfo.ba\/#website\"},\"primaryImageOfPage\":{\"@id\":\"https:\/\/tuzlainfo.ba\/index.php\/istaknuto\/item\/236597-carli-i-tvornica-cokolade-na-sajmu-kafe-i-cokolade-u-tuzli\/#primaryimage\"},\"image\":{\"@id\":\"https:\/\/tuzlainfo.ba\/index.php\/istaknuto\/item\/236597-carli-i-tvornica-cokolade-na-sajmu-kafe-i-cokolade-u-tuzli\/#primaryimage\"},\"thumbnailUrl\":\"https:\/\/tuzlainfo.ba\/wp-content\/uploads\/2024\/04\/thumbnail_Sajam-Kafe-i-Cokolade.jpg\",\"datePublished\":\"2024-04-26T10:06:59+00:00\",\"dateModified\":\"2024-04-25T15:35:30+00:00\",\"breadcrumb\":{\"@id\":\"https:\/\/tuzlainfo.ba\/index.php\/istaknuto\/item\/236597-carli-i-tvornica-cokolade-na-sajmu-kafe-i-cokolade-u-tuzli\/#breadcrumb\"},\"inLanguage\":\"bs-BA\",\"potentialAction\":[{\"@type\":\"ReadAction\",\"target\":[\"https:\/\/tuzlainfo.ba\/index.php\/istaknuto\/item\/236597-carli-i-tvornica-cokolade-na-sajmu-kafe-i-cokolade-u-tuzli\/\"]}]},{\"@type\":\"ImageObject\",\"inLanguage\":\"bs-BA\",\"@id\":\"https:\/\/tuzlainfo.ba\/index.php\/istaknuto\/item\/236597-carli-i-tvornica-cokolade-na-sajmu-kafe-i-cokolade-u-tuzli\/#primaryimage\",\"url\":\"https:\/\/tuzlainfo.ba\/wp-content\/uploads\/2024\/04\/thumbnail_Sajam-Kafe-i-Cokolade.jpg\",\"contentUrl\":\"https:\/\/tuzlainfo.ba\/wp-content\/uploads\/2024\/04\/thumbnail_Sajam-Kafe-i-Cokolade.jpg\",\"width\":960,\"height\":365},{\"@type\":\"BreadcrumbList\",\"@id\":\"https:\/\/tuzlainfo.ba\/index.php\/istaknuto\/item\/236597-carli-i-tvornica-cokolade-na-sajmu-kafe-i-cokolade-u-tuzli\/#breadcrumb\",\"itemListElement\":[{\"@type\":\"ListItem\",\"position\":1,\"name\":\"Home\",\"item\":\"https:\/\/tuzlainfo.ba\/\"},{\"@type\":\"ListItem\",\"position\":2,\"name\":\"\u201e\u010carli i Tvornica \u010cokolade\u201c na Sajmu kafe i \u010dokolade u Tuzli\"}]},{\"@type\":\"WebSite\",\"@id\":\"https:\/\/tuzlainfo.ba\/#website\",\"url\":\"https:\/\/tuzlainfo.ba\/\",\"name\":\"TuzlaInfo.ba\",\"description\":\"Tuzla info, gradski informator - Tuzla na dlanu\",\"publisher\":{\"@id\":\"https:\/\/tuzlainfo.ba\/#organization\"},\"potentialAction\":[{\"@type\":\"SearchAction\",\"target\":{\"@type\":\"EntryPoint\",\"urlTemplate\":\"https:\/\/tuzlainfo.ba\/?s={search_term_string}\"},\"query-input\":{\"@type\":\"PropertyValueSpecification\",\"valueRequired\":true,\"valueName\":\"search_term_string\"}}],\"inLanguage\":\"bs-BA\"},{\"@type\":\"Organization\",\"@id\":\"https:\/\/tuzlainfo.ba\/#organization\",\"name\":\"TuzlaInfo.ba\",\"url\":\"https:\/\/tuzlainfo.ba\/\",\"logo\":{\"@type\":\"ImageObject\",\"inLanguage\":\"bs-BA\",\"@id\":\"https:\/\/tuzlainfo.ba\/#\/schema\/logo\/image\/\",\"url\":\"https:\/\/tuzlainfo.ba\/wp-content\/uploads\/2021\/03\/logo-ver-3-1.png\",\"contentUrl\":\"https:\/\/tuzlainfo.ba\/wp-content\/uploads\/2021\/03\/logo-ver-3-1.png\",\"width\":350,\"height\":95,\"caption\":\"TuzlaInfo.ba\"},\"image\":{\"@id\":\"https:\/\/tuzlainfo.ba\/#\/schema\/logo\/image\/\"},\"sameAs\":[\"https:\/\/www.facebook.com\/tuzlainfo.ba\/\"]},{\"@type\":\"Person\",\"@id\":\"https:\/\/tuzlainfo.ba\/#\/schema\/person\/46cad4c57790cbc50781edd14870825a\",\"name\":\"Tuzla Info\",\"image\":{\"@type\":\"ImageObject\",\"inLanguage\":\"bs-BA\",\"@id\":\"https:\/\/tuzlainfo.ba\/#\/schema\/person\/image\/\",\"url\":\"https:\/\/tuzlainfo.ba\/wp-content\/litespeed\/avatar\/b6c453a6c38e3654f2e4416c643fc25c.jpg?ver=1777051911\",\"contentUrl\":\"https:\/\/tuzlainfo.ba\/wp-content\/litespeed\/avatar\/b6c453a6c38e3654f2e4416c643fc25c.jpg?ver=1777051911\",\"caption\":\"Tuzla Info\"}}]}<\/script>\n<!-- \/ Yoast SEO plugin. -->","yoast_head_json":{"title":"\u201e\u010carli i Tvornica \u010cokolade\u201c na Sajmu kafe i \u010dokolade u Tuzli - TuzlaInfo.ba","robots":{"index":"index","follow":"follow","max-snippet":"max-snippet:-1","max-image-preview":"max-image-preview:large","max-video-preview":"max-video-preview:-1"},"canonical":"https:\/\/tuzlainfo.ba\/index.php\/istaknuto\/item\/236597-carli-i-tvornica-cokolade-na-sajmu-kafe-i-cokolade-u-tuzli\/","og_locale":"bs_BA","og_type":"article","og_title":"\u201e\u010carli i Tvornica \u010cokolade\u201c na Sajmu kafe i \u010dokolade u Tuzli - TuzlaInfo.ba","og_description":"Pribli\u017eava nam se mjesec maj i prvi Sajam Kafe i \u010cokolade u Tuzli. Osim osnovnog&hellip;","og_url":"https:\/\/tuzlainfo.ba\/index.php\/istaknuto\/item\/236597-carli-i-tvornica-cokolade-na-sajmu-kafe-i-cokolade-u-tuzli\/","og_site_name":"TuzlaInfo.ba","article_publisher":"https:\/\/www.facebook.com\/tuzlainfo.ba\/","article_published_time":"2024-04-26T10:06:59+00:00","article_modified_time":"2024-04-25T15:35:30+00:00","og_image":[{"width":960,"height":365,"url":"https:\/\/tuzlainfo.ba\/wp-content\/uploads\/2024\/04\/thumbnail_Sajam-Kafe-i-Cokolade.jpg","type":"image\/jpeg"}],"author":"Tuzla Info","twitter_card":"summary_large_image","twitter_misc":{"Written by":"Tuzla Info","Est. reading time":"1 minuta"},"schema":{"@context":"https:\/\/schema.org","@graph":[{"@type":"Article","@id":"https:\/\/tuzlainfo.ba\/index.php\/istaknuto\/item\/236597-carli-i-tvornica-cokolade-na-sajmu-kafe-i-cokolade-u-tuzli\/#article","isPartOf":{"@id":"https:\/\/tuzlainfo.ba\/index.php\/istaknuto\/item\/236597-carli-i-tvornica-cokolade-na-sajmu-kafe-i-cokolade-u-tuzli\/"},"author":{"name":"Tuzla Info","@id":"https:\/\/tuzlainfo.ba\/#\/schema\/person\/46cad4c57790cbc50781edd14870825a"},"headline":"\u201e\u010carli i Tvornica \u010cokolade\u201c na Sajmu kafe i \u010dokolade u Tuzli","datePublished":"2024-04-26T10:06:59+00:00","dateModified":"2024-04-25T15:35:30+00:00","mainEntityOfPage":{"@id":"https:\/\/tuzlainfo.ba\/index.php\/istaknuto\/item\/236597-carli-i-tvornica-cokolade-na-sajmu-kafe-i-cokolade-u-tuzli\/"},"wordCount":154,"publisher":{"@id":"https:\/\/tuzlainfo.ba\/#organization"},"image":{"@id":"https:\/\/tuzlainfo.ba\/index.php\/istaknuto\/item\/236597-carli-i-tvornica-cokolade-na-sajmu-kafe-i-cokolade-u-tuzli\/#primaryimage"},"thumbnailUrl":"https:\/\/tuzlainfo.ba\/wp-content\/uploads\/2024\/04\/thumbnail_Sajam-Kafe-i-Cokolade.jpg","keywords":["sajam kafe i \u010dokolade","tuzla"],"articleSection":["Istaknuto","Najave i doga\u0111aji"],"inLanguage":"bs-BA"},{"@type":"WebPage","@id":"https:\/\/tuzlainfo.ba\/index.php\/istaknuto\/item\/236597-carli-i-tvornica-cokolade-na-sajmu-kafe-i-cokolade-u-tuzli\/","url":"https:\/\/tuzlainfo.ba\/index.php\/istaknuto\/item\/236597-carli-i-tvornica-cokolade-na-sajmu-kafe-i-cokolade-u-tuzli\/","name":"\u201e\u010carli i Tvornica \u010cokolade\u201c na Sajmu kafe i \u010dokolade u Tuzli - TuzlaInfo.ba","isPartOf":{"@id":"https:\/\/tuzlainfo.ba\/#website"},"primaryImageOfPage":{"@id":"https:\/\/tuzlainfo.ba\/index.php\/istaknuto\/item\/236597-carli-i-tvornica-cokolade-na-sajmu-kafe-i-cokolade-u-tuzli\/#primaryimage"},"image":{"@id":"https:\/\/tuzlainfo.ba\/index.php\/istaknuto\/item\/236597-carli-i-tvornica-cokolade-na-sajmu-kafe-i-cokolade-u-tuzli\/#primaryimage"},"thumbnailUrl":"https:\/\/tuzlainfo.ba\/wp-content\/uploads\/2024\/04\/thumbnail_Sajam-Kafe-i-Cokolade.jpg","datePublished":"2024-04-26T10:06:59+00:00","dateModified":"2024-04-25T15:35:30+00:00","breadcrumb":{"@id":"https:\/\/tuzlainfo.ba\/index.php\/istaknuto\/item\/236597-carli-i-tvornica-cokolade-na-sajmu-kafe-i-cokolade-u-tuzli\/#breadcrumb"},"inLanguage":"bs-BA","potentialAction":[{"@type":"ReadAction","target":["https:\/\/tuzlainfo.ba\/index.php\/istaknuto\/item\/236597-carli-i-tvornica-cokolade-na-sajmu-kafe-i-cokolade-u-tuzli\/"]}]},{"@type":"ImageObject","inLanguage":"bs-BA","@id":"https:\/\/tuzlainfo.ba\/index.php\/istaknuto\/item\/236597-carli-i-tvornica-cokolade-na-sajmu-kafe-i-cokolade-u-tuzli\/#primaryimage","url":"https:\/\/tuzlainfo.ba\/wp-content\/uploads\/2024\/04\/thumbnail_Sajam-Kafe-i-Cokolade.jpg","contentUrl":"https:\/\/tuzlainfo.ba\/wp-content\/uploads\/2024\/04\/thumbnail_Sajam-Kafe-i-Cokolade.jpg","width":960,"height":365},{"@type":"BreadcrumbList","@id":"https:\/\/tuzlainfo.ba\/index.php\/istaknuto\/item\/236597-carli-i-tvornica-cokolade-na-sajmu-kafe-i-cokolade-u-tuzli\/#breadcrumb","itemListElement":[{"@type":"ListItem","position":1,"name":"Home","item":"https:\/\/tuzlainfo.ba\/"},{"@type":"ListItem","position":2,"name":"\u201e\u010carli i Tvornica \u010cokolade\u201c na Sajmu kafe i \u010dokolade u Tuzli"}]},{"@type":"WebSite","@id":"https:\/\/tuzlainfo.ba\/#website","url":"https:\/\/tuzlainfo.ba\/","name":"TuzlaInfo.ba","description":"Tuzla info, gradski informator - Tuzla na dlanu","publisher":{"@id":"https:\/\/tuzlainfo.ba\/#organization"},"potentialAction":[{"@type":"SearchAction","target":{"@type":"EntryPoint","urlTemplate":"https:\/\/tuzlainfo.ba\/?s={search_term_string}"},"query-input":{"@type":"PropertyValueSpecification","valueRequired":true,"valueName":"search_term_string"}}],"inLanguage":"bs-BA"},{"@type":"Organization","@id":"https:\/\/tuzlainfo.ba\/#organization","name":"TuzlaInfo.ba","url":"https:\/\/tuzlainfo.ba\/","logo":{"@type":"ImageObject","inLanguage":"bs-BA","@id":"https:\/\/tuzlainfo.ba\/#\/schema\/logo\/image\/","url":"https:\/\/tuzlainfo.ba\/wp-content\/uploads\/2021\/03\/logo-ver-3-1.png","contentUrl":"https:\/\/tuzlainfo.ba\/wp-content\/uploads\/2021\/03\/logo-ver-3-1.png","width":350,"height":95,"caption":"TuzlaInfo.ba"},"image":{"@id":"https:\/\/tuzlainfo.ba\/#\/schema\/logo\/image\/"},"sameAs":["https:\/\/www.facebook.com\/tuzlainfo.ba\/"]},{"@type":"Person","@id":"https:\/\/tuzlainfo.ba\/#\/schema\/person\/46cad4c57790cbc50781edd14870825a","name":"Tuzla Info","image":{"@type":"ImageObject","inLanguage":"bs-BA","@id":"https:\/\/tuzlainfo.ba\/#\/schema\/person\/image\/","url":"https:\/\/tuzlainfo.ba\/wp-content\/litespeed\/avatar\/b6c453a6c38e3654f2e4416c643fc25c.jpg?ver=1777051911","contentUrl":"https:\/\/tuzlainfo.ba\/wp-content\/litespeed\/avatar\/b6c453a6c38e3654f2e4416c643fc25c.jpg?ver=1777051911","caption":"Tuzla Info"}}]}},"_links":{"self":[{"href":"https:\/\/tuzlainfo.ba\/index.php\/wp-json\/wp\/v2\/posts\/236597"}],"collection":[{"href":"https:\/\/tuzlainfo.ba\/index.php\/wp-json\/wp\/v2\/posts"}],"about":[{"href":"https:\/\/tuzlainfo.ba\/index.php\/wp-json\/wp\/v2\/types\/post"}],"author":[{"embeddable":true,"href":"https:\/\/tuzlainfo.ba\/index.php\/wp-json\/wp\/v2\/users\/4"}],"replies":[{"embeddable":true,"href":"https:\/\/tuzlainfo.ba\/index.php\/wp-json\/wp\/v2\/comments?post=236597"}],"version-history":[{"count":1,"href":"https:\/\/tuzlainfo.ba\/index.php\/wp-json\/wp\/v2\/posts\/236597\/revisions"}],"predecessor-version":[{"id":236599,"href":"https:\/\/tuzlainfo.ba\/index.php\/wp-json\/wp\/v2\/posts\/236597\/revisions\/236599"}],"wp:featuredmedia":[{"embeddable":true,"href":"https:\/\/tuzlainfo.ba\/index.php\/wp-json\/wp\/v2\/media\/236598"}],"wp:attachment":[{"href":"https:\/\/tuzlainfo.ba\/index.php\/wp-json\/wp\/v2\/media?parent=236597"}],"wp:term":[{"taxonomy":"category","embeddable":true,"href":"https:\/\/tuzlainfo.ba\/index.php\/wp-json\/wp\/v2\/categories?post=236597"},{"taxonomy":"post_tag","embeddable":true,"href":"https:\/\/tuzlainfo.ba\/index.php\/wp-json\/wp\/v2\/tags?post=236597"}],"curies":[{"name":"wp","href":"https:\/\/api.w.org\/{rel}","templated":true}]}}