{"id":236511,"date":"2024-04-25T13:25:31","date_gmt":"2024-04-25T11:25:31","guid":{"rendered":"https:\/\/tuzlainfo.ba\/?p=236511"},"modified":"2024-04-25T11:27:40","modified_gmt":"2024-04-25T09:27:40","slug":"memorijalni-centar-poslao-pismo-svim-partnerima-pozvali-javnost-da-ne-odgovara-na-provokacije","status":"publish","type":"post","link":"https:\/\/tuzlainfo.ba\/index.php\/bosna-i-hercegovina\/item\/236511-memorijalni-centar-poslao-pismo-svim-partnerima-pozvali-javnost-da-ne-odgovara-na-provokacije\/","title":{"rendered":"Memorijalni centar poslao pismo svim partnerima: Pozvali javnost da ne odgovara na provokacije"},"content":{"rendered":"<p>Iz Memorijalnog centra Srebrenica potvrdili su danas da su uspje\u0161no realizirane sve planirane aktivnosti, zagovaranja i podizanja svijesti javnosti u vezi sa usvajanjem rezolucije Generalne skup\u0161tine Ujedinjenih nacija o genocidu u Srebrenici.<\/p>\n<p>&#8220;Na\u0161i predstavnici su govorili u New Yorku u zgradi Ujedinjenih nacija, imali smo zabilje\u017eena 43 nastupa na panelima, medijskim razgovorima, okruglim stolovima, javnim diskusijama i konferencijama u vezi zagovaranja rezolucije, u manje od mjesec dana, \u0161irom regiona i svijeta. Bili smo nosilac brojnih relevantnih, ta\u010dnih i provjerenih vijesti u vezi s rezolucijom, prevodili smo materijale, pripremali informacije i sara\u0111ivali sa doma\u0107im, regionalnim i me\u0111unarodnim medijima na tom putu. Zahvaljuju\u0107i tome, registrovali smo najmanje 874 pri\u010de i izvje\u0161taja o rezoluciji, koji su vezani za informacije prikupljene od ove institucije&#8221;, poru\u010duju iz Memorijalnog centra.<\/p>\n<p>Kako isti\u010du, uspje\u0161no su mobilizirane partnerske organizacije i pojedinci sa kojima Memorijalni centar sara\u0111uje, posebna pa\u017enja je data sna\u017enom odgovoru civilnog dru\u0161tva zapadnog Balkana u podr\u0161ci rezoluciji.<\/p>\n<p>Osiguran je niz reakcija podr\u0161ke memorijala holokausta, zvani\u010dna potpora memorijala genocida u Ruandi i drugih memorijala u Africi, poruke iz Ju\u017ene Amerike, Azije, Okeanije, organizovani su doga\u0111aji u Crnoj Gori i Srbiji. Istovremeno, direktor Memorijalnog centra je vi\u0161e puta u istupima pozvao na smirivanje tenzija, dijalog i borbu protiv govora mr\u017enje.<\/p>\n<p>&#8220;Dali smo doprinos svim dr\u017eavnim i lokalnim akterima, koji su tra\u017eili dodatne informacije. Uspje\u0161no smo komunicirali sa predstavnicima brojnih me\u0111unarodnih misija koji su tra\u017eili fakte, materijale, arhivsku gra\u0111u, citate iz presuda i sve druge informacije, koje su im bile potrebne. Istovremeno, radili smo na smanjenju tenzija u javnosti, zagovarali otpor prema govoru mr\u017enje i stigmatizaciji, nismo odgovorili na provokacije i prijetnje&#8221;, napominju.<\/p>\n<p>Iz Memorijalnog centra su izrazili zahvalnost predsjedavaju\u0107em Predsjedni\u0161tva BiH Denisu Be\u0107irovi\u0107u, \u010dlanu Predsjedni\u0161tva BiH \u017deljku Kom\u0161i\u0107u, ministru vanjskih poslova Elmedinu Konakovi\u0107u i ministru za ljudska prava i izbjeglice Sevlidu\u00a0Hurti\u0107u, gradona\u010delnici Sarajeva Benjamini Kari\u0107. Posebnu podr\u0161ku uputili su prema ambasadoru Bosne i Hercegovine u Misiji Ujedinjenih naroda Zlatku Lagumd\u017eiji. Tako\u0111er, zahvaljuju reisu-l-ulemi Huseinu ef. Kavazovi\u0107u, muftiji Azizu Hasanovi\u0107u i drugim vjerskim liderima koji su dali doprinos osiguranju me\u0111unarodne podr\u0161ke rezoluciji.<\/p>\n<p>&#8220;Memorijalni centar Srebrenica zahvaljuje vode\u0107im me\u0111unarodnim, regionalnim i lokalnim medijima za profesionalno izvje\u0161tavanje i revnosno pra\u0107enje zagovaranja usvajanja rezolucije. Kona\u010dno, hvala \u010dlanovima Memorijalnog centra Srebrenica, udru\u017eenjima koja okupljaju majke Srebrenice, porodicama \u017ertava genocida i pre\u017eivjelim genocida za povjerenje i podr\u0161ku&#8221;, dodali su iz Centra.<\/p>\n<p>Pozivaju da javnost ne odgovara na provokacije populista i nacionalista te da se sad svi posvete posljednjim koracima ka osiguranju podr\u0161ke za usvajanje rezolucije.<\/p>\n<p>&#8220;Pred nama je sad finalnih sedam dana, u kojima pozivamo javnost na povjerenje u institucije s ciljem osiguranja potrebne podr\u0161ke za usvajanje rezolucije. Nemojmo se vi\u0161e obazirati na provokacije, prozivke i diskusije. Vrijeme je za posljednje va\u017ene korake do uspje\u0161nog zagovaranja usvajanja va\u017ene rezolucije za pro\u0161lost, sada\u0161njost i budu\u0107nost na\u0161e zemlje&#8221;, zaklju\u010dili su iz Memorijalnog centra Srebrenica.<\/p>\n<p>&nbsp;<\/p>\n","protected":false},"excerpt":{"rendered":"<p>Iz Memorijalnog centra Srebrenica potvrdili su danas da su uspje\u0161no realizirane sve planirane aktivnosti, zagovaranja&hellip;<\/p>\n","protected":false},"author":3,"featured_media":177832,"comment_status":"closed","ping_status":"closed","sticky":false,"template":"","format":"standard","meta":{"_acf_changed":false,"footnotes":""},"categories":[291],"tags":[783],"acf":[],"yoast_head":"<!-- This site is optimized with the Yoast SEO plugin v23.5 - https:\/\/yoast.com\/wordpress\/plugins\/seo\/ -->\n<title>Memorijalni centar poslao pismo svim partnerima: Pozvali javnost da ne odgovara na provokacije - TuzlaInfo.ba<\/title>\n<meta name=\"robots\" content=\"index, follow, max-snippet:-1, max-image-preview:large, max-video-preview:-1\" \/>\n<link rel=\"canonical\" href=\"https:\/\/tuzlainfo.ba\/index.php\/bosna-i-hercegovina\/item\/236511-memorijalni-centar-poslao-pismo-svim-partnerima-pozvali-javnost-da-ne-odgovara-na-provokacije\/\" \/>\n<meta property=\"og:locale\" content=\"bs_BA\" \/>\n<meta property=\"og:type\" content=\"article\" \/>\n<meta property=\"og:title\" content=\"Memorijalni centar poslao pismo svim partnerima: Pozvali javnost da ne odgovara na provokacije - TuzlaInfo.ba\" \/>\n<meta property=\"og:description\" content=\"Iz Memorijalnog centra Srebrenica potvrdili su danas da su uspje\u0161no realizirane sve planirane aktivnosti, zagovaranja&hellip;\" \/>\n<meta property=\"og:url\" content=\"https:\/\/tuzlainfo.ba\/index.php\/bosna-i-hercegovina\/item\/236511-memorijalni-centar-poslao-pismo-svim-partnerima-pozvali-javnost-da-ne-odgovara-na-provokacije\/\" \/>\n<meta property=\"og:site_name\" content=\"TuzlaInfo.ba\" \/>\n<meta property=\"article:publisher\" content=\"https:\/\/www.facebook.com\/tuzlainfo.ba\/\" \/>\n<meta property=\"article:published_time\" content=\"2024-04-25T11:25:31+00:00\" \/>\n<meta property=\"article:modified_time\" content=\"2024-04-25T09:27:40+00:00\" \/>\n<meta property=\"og:image\" content=\"https:\/\/tuzlainfo.ba\/wp-content\/uploads\/2022\/07\/1007_biljani.jpg\" \/>\n\t<meta property=\"og:image:width\" content=\"800\" \/>\n\t<meta property=\"og:image:height\" content=\"449\" \/>\n\t<meta property=\"og:image:type\" content=\"image\/jpeg\" \/>\n<meta name=\"author\" content=\"admin2\" \/>\n<meta name=\"twitter:card\" content=\"summary_large_image\" \/>\n<meta name=\"twitter:label1\" content=\"Written by\" \/>\n\t<meta name=\"twitter:data1\" content=\"admin2\" \/>\n\t<meta name=\"twitter:label2\" content=\"Est. reading time\" \/>\n\t<meta name=\"twitter:data2\" content=\"3 minute\" \/>\n<script type=\"application\/ld+json\" class=\"yoast-schema-graph\">{\"@context\":\"https:\/\/schema.org\",\"@graph\":[{\"@type\":\"Article\",\"@id\":\"https:\/\/tuzlainfo.ba\/index.php\/bosna-i-hercegovina\/item\/236511-memorijalni-centar-poslao-pismo-svim-partnerima-pozvali-javnost-da-ne-odgovara-na-provokacije\/#article\",\"isPartOf\":{\"@id\":\"https:\/\/tuzlainfo.ba\/index.php\/bosna-i-hercegovina\/item\/236511-memorijalni-centar-poslao-pismo-svim-partnerima-pozvali-javnost-da-ne-odgovara-na-provokacije\/\"},\"author\":{\"name\":\"admin2\",\"@id\":\"https:\/\/tuzlainfo.ba\/#\/schema\/person\/f4ebe4fff27e68efb65fa7e18f8af372\"},\"headline\":\"Memorijalni centar poslao pismo svim partnerima: Pozvali javnost da ne odgovara na provokacije\",\"datePublished\":\"2024-04-25T11:25:31+00:00\",\"dateModified\":\"2024-04-25T09:27:40+00:00\",\"mainEntityOfPage\":{\"@id\":\"https:\/\/tuzlainfo.ba\/index.php\/bosna-i-hercegovina\/item\/236511-memorijalni-centar-poslao-pismo-svim-partnerima-pozvali-javnost-da-ne-odgovara-na-provokacije\/\"},\"wordCount\":539,\"publisher\":{\"@id\":\"https:\/\/tuzlainfo.ba\/#organization\"},\"image\":{\"@id\":\"https:\/\/tuzlainfo.ba\/index.php\/bosna-i-hercegovina\/item\/236511-memorijalni-centar-poslao-pismo-svim-partnerima-pozvali-javnost-da-ne-odgovara-na-provokacije\/#primaryimage\"},\"thumbnailUrl\":\"https:\/\/tuzlainfo.ba\/wp-content\/uploads\/2022\/07\/1007_biljani.jpg\",\"keywords\":[\"memorijalni centar srebrenica\"],\"articleSection\":[\"Bosna i Hercegovina\"],\"inLanguage\":\"bs-BA\"},{\"@type\":\"WebPage\",\"@id\":\"https:\/\/tuzlainfo.ba\/index.php\/bosna-i-hercegovina\/item\/236511-memorijalni-centar-poslao-pismo-svim-partnerima-pozvali-javnost-da-ne-odgovara-na-provokacije\/\",\"url\":\"https:\/\/tuzlainfo.ba\/index.php\/bosna-i-hercegovina\/item\/236511-memorijalni-centar-poslao-pismo-svim-partnerima-pozvali-javnost-da-ne-odgovara-na-provokacije\/\",\"name\":\"Memorijalni centar poslao pismo svim partnerima: Pozvali javnost da ne odgovara na provokacije - TuzlaInfo.ba\",\"isPartOf\":{\"@id\":\"https:\/\/tuzlainfo.ba\/#website\"},\"primaryImageOfPage\":{\"@id\":\"https:\/\/tuzlainfo.ba\/index.php\/bosna-i-hercegovina\/item\/236511-memorijalni-centar-poslao-pismo-svim-partnerima-pozvali-javnost-da-ne-odgovara-na-provokacije\/#primaryimage\"},\"image\":{\"@id\":\"https:\/\/tuzlainfo.ba\/index.php\/bosna-i-hercegovina\/item\/236511-memorijalni-centar-poslao-pismo-svim-partnerima-pozvali-javnost-da-ne-odgovara-na-provokacije\/#primaryimage\"},\"thumbnailUrl\":\"https:\/\/tuzlainfo.ba\/wp-content\/uploads\/2022\/07\/1007_biljani.jpg\",\"datePublished\":\"2024-04-25T11:25:31+00:00\",\"dateModified\":\"2024-04-25T09:27:40+00:00\",\"breadcrumb\":{\"@id\":\"https:\/\/tuzlainfo.ba\/index.php\/bosna-i-hercegovina\/item\/236511-memorijalni-centar-poslao-pismo-svim-partnerima-pozvali-javnost-da-ne-odgovara-na-provokacije\/#breadcrumb\"},\"inLanguage\":\"bs-BA\",\"potentialAction\":[{\"@type\":\"ReadAction\",\"target\":[\"https:\/\/tuzlainfo.ba\/index.php\/bosna-i-hercegovina\/item\/236511-memorijalni-centar-poslao-pismo-svim-partnerima-pozvali-javnost-da-ne-odgovara-na-provokacije\/\"]}]},{\"@type\":\"ImageObject\",\"inLanguage\":\"bs-BA\",\"@id\":\"https:\/\/tuzlainfo.ba\/index.php\/bosna-i-hercegovina\/item\/236511-memorijalni-centar-poslao-pismo-svim-partnerima-pozvali-javnost-da-ne-odgovara-na-provokacije\/#primaryimage\",\"url\":\"https:\/\/tuzlainfo.ba\/wp-content\/uploads\/2022\/07\/1007_biljani.jpg\",\"contentUrl\":\"https:\/\/tuzlainfo.ba\/wp-content\/uploads\/2022\/07\/1007_biljani.jpg\",\"width\":800,\"height\":449,\"caption\":\"Memorijalni centar Biljani \/ Izvor: MZ Biljani\"},{\"@type\":\"BreadcrumbList\",\"@id\":\"https:\/\/tuzlainfo.ba\/index.php\/bosna-i-hercegovina\/item\/236511-memorijalni-centar-poslao-pismo-svim-partnerima-pozvali-javnost-da-ne-odgovara-na-provokacije\/#breadcrumb\",\"itemListElement\":[{\"@type\":\"ListItem\",\"position\":1,\"name\":\"Home\",\"item\":\"https:\/\/tuzlainfo.ba\/\"},{\"@type\":\"ListItem\",\"position\":2,\"name\":\"Memorijalni centar poslao pismo svim partnerima: Pozvali javnost da ne odgovara na provokacije\"}]},{\"@type\":\"WebSite\",\"@id\":\"https:\/\/tuzlainfo.ba\/#website\",\"url\":\"https:\/\/tuzlainfo.ba\/\",\"name\":\"TuzlaInfo.ba\",\"description\":\"Tuzla info, gradski informator - Tuzla na dlanu\",\"publisher\":{\"@id\":\"https:\/\/tuzlainfo.ba\/#organization\"},\"potentialAction\":[{\"@type\":\"SearchAction\",\"target\":{\"@type\":\"EntryPoint\",\"urlTemplate\":\"https:\/\/tuzlainfo.ba\/?s={search_term_string}\"},\"query-input\":{\"@type\":\"PropertyValueSpecification\",\"valueRequired\":true,\"valueName\":\"search_term_string\"}}],\"inLanguage\":\"bs-BA\"},{\"@type\":\"Organization\",\"@id\":\"https:\/\/tuzlainfo.ba\/#organization\",\"name\":\"TuzlaInfo.ba\",\"url\":\"https:\/\/tuzlainfo.ba\/\",\"logo\":{\"@type\":\"ImageObject\",\"inLanguage\":\"bs-BA\",\"@id\":\"https:\/\/tuzlainfo.ba\/#\/schema\/logo\/image\/\",\"url\":\"https:\/\/tuzlainfo.ba\/wp-content\/uploads\/2021\/03\/logo-ver-3-1.png\",\"contentUrl\":\"https:\/\/tuzlainfo.ba\/wp-content\/uploads\/2021\/03\/logo-ver-3-1.png\",\"width\":350,\"height\":95,\"caption\":\"TuzlaInfo.ba\"},\"image\":{\"@id\":\"https:\/\/tuzlainfo.ba\/#\/schema\/logo\/image\/\"},\"sameAs\":[\"https:\/\/www.facebook.com\/tuzlainfo.ba\/\"]},{\"@type\":\"Person\",\"@id\":\"https:\/\/tuzlainfo.ba\/#\/schema\/person\/f4ebe4fff27e68efb65fa7e18f8af372\",\"name\":\"admin2\",\"image\":{\"@type\":\"ImageObject\",\"inLanguage\":\"bs-BA\",\"@id\":\"https:\/\/tuzlainfo.ba\/#\/schema\/person\/image\/\",\"url\":\"https:\/\/tuzlainfo.ba\/wp-content\/litespeed\/avatar\/8219eeb9a43cff2d096e773737736f62.jpg?ver=1777309398\",\"contentUrl\":\"https:\/\/tuzlainfo.ba\/wp-content\/litespeed\/avatar\/8219eeb9a43cff2d096e773737736f62.jpg?ver=1777309398\",\"caption\":\"admin2\"},\"description\":\"Tuzlainfo.ba pratite na dru\u0161tvenim mre\u017eama: Facebook, Instagram i Youtube. Svoje pri\u010de, upite i fotografije \u0161aljite na na\u0161u e-mail adresu.\",\"sameAs\":[\"admin\"]}]}<\/script>\n<!-- \/ Yoast SEO plugin. -->","yoast_head_json":{"title":"Memorijalni centar poslao pismo svim partnerima: Pozvali javnost da ne odgovara na provokacije - TuzlaInfo.ba","robots":{"index":"index","follow":"follow","max-snippet":"max-snippet:-1","max-image-preview":"max-image-preview:large","max-video-preview":"max-video-preview:-1"},"canonical":"https:\/\/tuzlainfo.ba\/index.php\/bosna-i-hercegovina\/item\/236511-memorijalni-centar-poslao-pismo-svim-partnerima-pozvali-javnost-da-ne-odgovara-na-provokacije\/","og_locale":"bs_BA","og_type":"article","og_title":"Memorijalni centar poslao pismo svim partnerima: Pozvali javnost da ne odgovara na provokacije - TuzlaInfo.ba","og_description":"Iz Memorijalnog centra Srebrenica potvrdili su danas da su uspje\u0161no realizirane sve planirane aktivnosti, zagovaranja&hellip;","og_url":"https:\/\/tuzlainfo.ba\/index.php\/bosna-i-hercegovina\/item\/236511-memorijalni-centar-poslao-pismo-svim-partnerima-pozvali-javnost-da-ne-odgovara-na-provokacije\/","og_site_name":"TuzlaInfo.ba","article_publisher":"https:\/\/www.facebook.com\/tuzlainfo.ba\/","article_published_time":"2024-04-25T11:25:31+00:00","article_modified_time":"2024-04-25T09:27:40+00:00","og_image":[{"width":800,"height":449,"url":"https:\/\/tuzlainfo.ba\/wp-content\/uploads\/2022\/07\/1007_biljani.jpg","type":"image\/jpeg"}],"author":"admin2","twitter_card":"summary_large_image","twitter_misc":{"Written by":"admin2","Est. reading time":"3 minute"},"schema":{"@context":"https:\/\/schema.org","@graph":[{"@type":"Article","@id":"https:\/\/tuzlainfo.ba\/index.php\/bosna-i-hercegovina\/item\/236511-memorijalni-centar-poslao-pismo-svim-partnerima-pozvali-javnost-da-ne-odgovara-na-provokacije\/#article","isPartOf":{"@id":"https:\/\/tuzlainfo.ba\/index.php\/bosna-i-hercegovina\/item\/236511-memorijalni-centar-poslao-pismo-svim-partnerima-pozvali-javnost-da-ne-odgovara-na-provokacije\/"},"author":{"name":"admin2","@id":"https:\/\/tuzlainfo.ba\/#\/schema\/person\/f4ebe4fff27e68efb65fa7e18f8af372"},"headline":"Memorijalni centar poslao pismo svim partnerima: Pozvali javnost da ne odgovara na provokacije","datePublished":"2024-04-25T11:25:31+00:00","dateModified":"2024-04-25T09:27:40+00:00","mainEntityOfPage":{"@id":"https:\/\/tuzlainfo.ba\/index.php\/bosna-i-hercegovina\/item\/236511-memorijalni-centar-poslao-pismo-svim-partnerima-pozvali-javnost-da-ne-odgovara-na-provokacije\/"},"wordCount":539,"publisher":{"@id":"https:\/\/tuzlainfo.ba\/#organization"},"image":{"@id":"https:\/\/tuzlainfo.ba\/index.php\/bosna-i-hercegovina\/item\/236511-memorijalni-centar-poslao-pismo-svim-partnerima-pozvali-javnost-da-ne-odgovara-na-provokacije\/#primaryimage"},"thumbnailUrl":"https:\/\/tuzlainfo.ba\/wp-content\/uploads\/2022\/07\/1007_biljani.jpg","keywords":["memorijalni centar srebrenica"],"articleSection":["Bosna i Hercegovina"],"inLanguage":"bs-BA"},{"@type":"WebPage","@id":"https:\/\/tuzlainfo.ba\/index.php\/bosna-i-hercegovina\/item\/236511-memorijalni-centar-poslao-pismo-svim-partnerima-pozvali-javnost-da-ne-odgovara-na-provokacije\/","url":"https:\/\/tuzlainfo.ba\/index.php\/bosna-i-hercegovina\/item\/236511-memorijalni-centar-poslao-pismo-svim-partnerima-pozvali-javnost-da-ne-odgovara-na-provokacije\/","name":"Memorijalni centar poslao pismo svim partnerima: Pozvali javnost da ne odgovara na provokacije - TuzlaInfo.ba","isPartOf":{"@id":"https:\/\/tuzlainfo.ba\/#website"},"primaryImageOfPage":{"@id":"https:\/\/tuzlainfo.ba\/index.php\/bosna-i-hercegovina\/item\/236511-memorijalni-centar-poslao-pismo-svim-partnerima-pozvali-javnost-da-ne-odgovara-na-provokacije\/#primaryimage"},"image":{"@id":"https:\/\/tuzlainfo.ba\/index.php\/bosna-i-hercegovina\/item\/236511-memorijalni-centar-poslao-pismo-svim-partnerima-pozvali-javnost-da-ne-odgovara-na-provokacije\/#primaryimage"},"thumbnailUrl":"https:\/\/tuzlainfo.ba\/wp-content\/uploads\/2022\/07\/1007_biljani.jpg","datePublished":"2024-04-25T11:25:31+00:00","dateModified":"2024-04-25T09:27:40+00:00","breadcrumb":{"@id":"https:\/\/tuzlainfo.ba\/index.php\/bosna-i-hercegovina\/item\/236511-memorijalni-centar-poslao-pismo-svim-partnerima-pozvali-javnost-da-ne-odgovara-na-provokacije\/#breadcrumb"},"inLanguage":"bs-BA","potentialAction":[{"@type":"ReadAction","target":["https:\/\/tuzlainfo.ba\/index.php\/bosna-i-hercegovina\/item\/236511-memorijalni-centar-poslao-pismo-svim-partnerima-pozvali-javnost-da-ne-odgovara-na-provokacije\/"]}]},{"@type":"ImageObject","inLanguage":"bs-BA","@id":"https:\/\/tuzlainfo.ba\/index.php\/bosna-i-hercegovina\/item\/236511-memorijalni-centar-poslao-pismo-svim-partnerima-pozvali-javnost-da-ne-odgovara-na-provokacije\/#primaryimage","url":"https:\/\/tuzlainfo.ba\/wp-content\/uploads\/2022\/07\/1007_biljani.jpg","contentUrl":"https:\/\/tuzlainfo.ba\/wp-content\/uploads\/2022\/07\/1007_biljani.jpg","width":800,"height":449,"caption":"Memorijalni centar Biljani \/ Izvor: MZ Biljani"},{"@type":"BreadcrumbList","@id":"https:\/\/tuzlainfo.ba\/index.php\/bosna-i-hercegovina\/item\/236511-memorijalni-centar-poslao-pismo-svim-partnerima-pozvali-javnost-da-ne-odgovara-na-provokacije\/#breadcrumb","itemListElement":[{"@type":"ListItem","position":1,"name":"Home","item":"https:\/\/tuzlainfo.ba\/"},{"@type":"ListItem","position":2,"name":"Memorijalni centar poslao pismo svim partnerima: Pozvali javnost da ne odgovara na provokacije"}]},{"@type":"WebSite","@id":"https:\/\/tuzlainfo.ba\/#website","url":"https:\/\/tuzlainfo.ba\/","name":"TuzlaInfo.ba","description":"Tuzla info, gradski informator - Tuzla na dlanu","publisher":{"@id":"https:\/\/tuzlainfo.ba\/#organization"},"potentialAction":[{"@type":"SearchAction","target":{"@type":"EntryPoint","urlTemplate":"https:\/\/tuzlainfo.ba\/?s={search_term_string}"},"query-input":{"@type":"PropertyValueSpecification","valueRequired":true,"valueName":"search_term_string"}}],"inLanguage":"bs-BA"},{"@type":"Organization","@id":"https:\/\/tuzlainfo.ba\/#organization","name":"TuzlaInfo.ba","url":"https:\/\/tuzlainfo.ba\/","logo":{"@type":"ImageObject","inLanguage":"bs-BA","@id":"https:\/\/tuzlainfo.ba\/#\/schema\/logo\/image\/","url":"https:\/\/tuzlainfo.ba\/wp-content\/uploads\/2021\/03\/logo-ver-3-1.png","contentUrl":"https:\/\/tuzlainfo.ba\/wp-content\/uploads\/2021\/03\/logo-ver-3-1.png","width":350,"height":95,"caption":"TuzlaInfo.ba"},"image":{"@id":"https:\/\/tuzlainfo.ba\/#\/schema\/logo\/image\/"},"sameAs":["https:\/\/www.facebook.com\/tuzlainfo.ba\/"]},{"@type":"Person","@id":"https:\/\/tuzlainfo.ba\/#\/schema\/person\/f4ebe4fff27e68efb65fa7e18f8af372","name":"admin2","image":{"@type":"ImageObject","inLanguage":"bs-BA","@id":"https:\/\/tuzlainfo.ba\/#\/schema\/person\/image\/","url":"https:\/\/tuzlainfo.ba\/wp-content\/litespeed\/avatar\/8219eeb9a43cff2d096e773737736f62.jpg?ver=1777309398","contentUrl":"https:\/\/tuzlainfo.ba\/wp-content\/litespeed\/avatar\/8219eeb9a43cff2d096e773737736f62.jpg?ver=1777309398","caption":"admin2"},"description":"Tuzlainfo.ba pratite na dru\u0161tvenim mre\u017eama: Facebook, Instagram i Youtube. Svoje pri\u010de, upite i fotografije \u0161aljite na na\u0161u e-mail adresu.","sameAs":["admin"]}]}},"_links":{"self":[{"href":"https:\/\/tuzlainfo.ba\/index.php\/wp-json\/wp\/v2\/posts\/236511"}],"collection":[{"href":"https:\/\/tuzlainfo.ba\/index.php\/wp-json\/wp\/v2\/posts"}],"about":[{"href":"https:\/\/tuzlainfo.ba\/index.php\/wp-json\/wp\/v2\/types\/post"}],"author":[{"embeddable":true,"href":"https:\/\/tuzlainfo.ba\/index.php\/wp-json\/wp\/v2\/users\/3"}],"replies":[{"embeddable":true,"href":"https:\/\/tuzlainfo.ba\/index.php\/wp-json\/wp\/v2\/comments?post=236511"}],"version-history":[{"count":1,"href":"https:\/\/tuzlainfo.ba\/index.php\/wp-json\/wp\/v2\/posts\/236511\/revisions"}],"predecessor-version":[{"id":236512,"href":"https:\/\/tuzlainfo.ba\/index.php\/wp-json\/wp\/v2\/posts\/236511\/revisions\/236512"}],"wp:featuredmedia":[{"embeddable":true,"href":"https:\/\/tuzlainfo.ba\/index.php\/wp-json\/wp\/v2\/media\/177832"}],"wp:attachment":[{"href":"https:\/\/tuzlainfo.ba\/index.php\/wp-json\/wp\/v2\/media?parent=236511"}],"wp:term":[{"taxonomy":"category","embeddable":true,"href":"https:\/\/tuzlainfo.ba\/index.php\/wp-json\/wp\/v2\/categories?post=236511"},{"taxonomy":"post_tag","embeddable":true,"href":"https:\/\/tuzlainfo.ba\/index.php\/wp-json\/wp\/v2\/tags?post=236511"}],"curies":[{"name":"wp","href":"https:\/\/api.w.org\/{rel}","templated":true}]}}