{"id":236509,"date":"2024-04-25T11:10:18","date_gmt":"2024-04-25T09:10:18","guid":{"rendered":"https:\/\/tuzlainfo.ba\/?p=236509"},"modified":"2024-04-25T20:16:18","modified_gmt":"2024-04-25T18:16:18","slug":"stigla-zvanicna-obavijest-iz-ministarstva-evo-koji-su-dani-neradni-u-fbih-za-prvomajske-praznike","status":"publish","type":"post","link":"https:\/\/tuzlainfo.ba\/index.php\/bosna-i-hercegovina\/item\/236509-stigla-zvanicna-obavijest-iz-ministarstva-evo-koji-su-dani-neradni-u-fbih-za-prvomajske-praznike\/","title":{"rendered":"Zvani\u010dna obavijest iz Ministarstva: Evo koji su dani neradni u FBiH za prvomajske praznike"},"content":{"rendered":"<p>Federalno ministarstvo rada i socijalne politike obavje\u0161tava javnost da se, prema Zakonu o praznicima (&#8220;Slu\u017ebeni list SFRJ&#8221; broj: 6\/73), Prvi maj obilje\u017eava kao me\u0111unarodni praznik rada tokom dva dana (1. i 2. maja).<\/p>\n<p>S obzirom na to da Prvi maj 2024. godine pada u srijedu, obavijestili su javnost da \u0107e <strong>neradni dani u Federaciji Bosne i Hercegovine biti srijeda<\/strong>, 1. maj, <strong>te \u010detvrtak<\/strong>, 2. maj 2024. godine.<\/p>\n<p>&#8220;U skladu s tim, tokom praznika poslodavci, ustanove, organi uprave i druge pravne osobe ne\u0107e biti otvoreni.<\/p>\n<p>Federalno ministarstvo rada i socijalne politike ovom prilikom \u017eeli \u010destitati svim radnicima Prvi maj, praznik rada. Ovaj praznik je prilika da istaknemo va\u017enost \u010dovjeka kao najva\u017enijeg resursa, te se podsjetimo da je najve\u0107a vrijednost na tr\u017ei\u0161tu rada upravo kvalitetna radna snaga.<\/p>\n<p>Pozivamo poslodavce da po\u0161tuju prava radnika koja im garantuje Zakon o radu, te da osiguraju sigurno i pravedno radno okru\u017eenje za sve zaposlene&#8221;, saop\u0107eno je iz Kabineta federalnog ministra rada i socijalne politike Adnana Deli\u0107a.<\/p>\n","protected":false},"excerpt":{"rendered":"<p>Federalno ministarstvo rada i socijalne politike obavje\u0161tava javnost da se, prema Zakonu o praznicima (&#8220;Slu\u017ebeni list SFRJ&#8221; broj: 6\/73), Prvi maj obilje\u017eava kao me\u0111unarodni praznik rada tokom dva dana (1. i 2. maja). S obzirom na to da Prvi maj 2024. godine pada u srijedu, obavijestili su javnost da \u0107e neradni dani u Federaciji Bosne [&hellip;]<\/p>\n","protected":false},"author":3,"featured_media":69627,"comment_status":"closed","ping_status":"closed","sticky":false,"template":"","format":"standard","meta":{"footnotes":""},"categories":[291,304,306],"tags":[872,871],"class_list":["post-236509","post","type-post","status-publish","format-standard","has-post-thumbnail","hentry","category-bosna-i-hercegovina","category-istaknuto","category-preporucujemo","tag-neradni-dani","tag-prvi-maj"],"yoast_head":"<!-- This site is optimized with the Yoast SEO plugin v28.3 - https:\/\/yoast.com\/product\/yoast-seo-wordpress\/ -->\n<title>Zvani\u010dna obavijest iz Ministarstva: Evo koji su dani neradni u FBiH za prvomajske praznike<\/title>\n<meta name=\"robots\" content=\"index, follow, max-snippet:-1, max-image-preview:large, max-video-preview:-1\" \/>\n<link rel=\"canonical\" href=\"https:\/\/tuzlainfo.ba\/index.php\/bosna-i-hercegovina\/item\/236509-stigla-zvanicna-obavijest-iz-ministarstva-evo-koji-su-dani-neradni-u-fbih-za-prvomajske-praznike\/\" \/>\n<meta property=\"og:locale\" content=\"bs_BA\" \/>\n<meta property=\"og:type\" content=\"article\" \/>\n<meta property=\"og:title\" content=\"Zvani\u010dna obavijest iz Ministarstva: Evo koji su dani neradni u FBiH za prvomajske praznike\" \/>\n<meta property=\"og:description\" content=\"Federalno ministarstvo rada i socijalne politike obavje\u0161tava javnost da se, prema Zakonu o praznicima (&#8220;Slu\u017ebeni list SFRJ&#8221; broj: 6\/73), Prvi maj obilje\u017eava kao me\u0111unarodni praznik rada tokom dva dana (1. i 2. maja). S obzirom na to da Prvi maj 2024. godine pada u srijedu, obavijestili su javnost da \u0107e neradni dani u Federaciji Bosne [&hellip;]\" \/>\n<meta property=\"og:url\" content=\"https:\/\/tuzlainfo.ba\/index.php\/bosna-i-hercegovina\/item\/236509-stigla-zvanicna-obavijest-iz-ministarstva-evo-koji-su-dani-neradni-u-fbih-za-prvomajske-praznike\/\" \/>\n<meta property=\"og:site_name\" content=\"TuzlaInfo.ba\" \/>\n<meta property=\"article:publisher\" content=\"https:\/\/www.facebook.com\/tuzlainfo.ba\/\" \/>\n<meta property=\"article:published_time\" content=\"2024-04-25T09:10:18+00:00\" \/>\n<meta property=\"article:modified_time\" content=\"2024-04-25T18:16:18+00:00\" \/>\n<meta property=\"og:image\" content=\"https:\/\/tuzlainfo.ba\/wp-content\/uploads\/2019\/04\/sadrzaj_2019_20190401_2904_prvi_maj.jpg\" \/>\n\t<meta property=\"og:image:width\" content=\"770\" \/>\n\t<meta property=\"og:image:height\" content=\"514\" \/>\n\t<meta property=\"og:image:type\" content=\"image\/jpeg\" \/>\n<meta name=\"author\" content=\"admin2\" \/>\n<meta name=\"twitter:card\" content=\"summary_large_image\" \/>\n<meta name=\"twitter:label1\" content=\"Written by\" \/>\n\t<meta name=\"twitter:data1\" content=\"admin2\" \/>\n\t<meta name=\"twitter:label2\" content=\"Est. reading time\" \/>\n\t<meta name=\"twitter:data2\" content=\"1 minuta\" \/>\n<script type=\"application\/ld+json\" class=\"yoast-schema-graph\">{\"@context\":\"https:\\\/\\\/schema.org\",\"@graph\":[{\"@type\":\"Article\",\"@id\":\"https:\\\/\\\/tuzlainfo.ba\\\/index.php\\\/bosna-i-hercegovina\\\/item\\\/236509-stigla-zvanicna-obavijest-iz-ministarstva-evo-koji-su-dani-neradni-u-fbih-za-prvomajske-praznike\\\/#article\",\"isPartOf\":{\"@id\":\"https:\\\/\\\/tuzlainfo.ba\\\/index.php\\\/bosna-i-hercegovina\\\/item\\\/236509-stigla-zvanicna-obavijest-iz-ministarstva-evo-koji-su-dani-neradni-u-fbih-za-prvomajske-praznike\\\/\"},\"author\":{\"name\":\"admin2\",\"@id\":\"https:\\\/\\\/tuzlainfo.ba\\\/#\\\/schema\\\/person\\\/f4ebe4fff27e68efb65fa7e18f8af372\"},\"headline\":\"Zvani\u010dna obavijest iz Ministarstva: Evo koji su dani neradni u FBiH za prvomajske praznike\",\"datePublished\":\"2024-04-25T09:10:18+00:00\",\"dateModified\":\"2024-04-25T18:16:18+00:00\",\"mainEntityOfPage\":{\"@id\":\"https:\\\/\\\/tuzlainfo.ba\\\/index.php\\\/bosna-i-hercegovina\\\/item\\\/236509-stigla-zvanicna-obavijest-iz-ministarstva-evo-koji-su-dani-neradni-u-fbih-za-prvomajske-praznike\\\/\"},\"wordCount\":182,\"publisher\":{\"@id\":\"https:\\\/\\\/tuzlainfo.ba\\\/#organization\"},\"image\":{\"@id\":\"https:\\\/\\\/tuzlainfo.ba\\\/index.php\\\/bosna-i-hercegovina\\\/item\\\/236509-stigla-zvanicna-obavijest-iz-ministarstva-evo-koji-su-dani-neradni-u-fbih-za-prvomajske-praznike\\\/#primaryimage\"},\"thumbnailUrl\":\"https:\\\/\\\/tuzlainfo.ba\\\/wp-content\\\/uploads\\\/2019\\\/04\\\/sadrzaj_2019_20190401_2904_prvi_maj.jpg\",\"keywords\":[\"neradni dani\",\"prvi maj\"],\"articleSection\":[\"Bosna i Hercegovina\",\"Istaknuto\",\"Preporu\u010dujemo\"],\"inLanguage\":\"bs-BA\",\"copyrightYear\":\"2024\",\"copyrightHolder\":{\"@id\":\"https:\\\/\\\/tuzlainfo.ba\\\/#organization\"}},{\"@type\":\"WebPage\",\"@id\":\"https:\\\/\\\/tuzlainfo.ba\\\/index.php\\\/bosna-i-hercegovina\\\/item\\\/236509-stigla-zvanicna-obavijest-iz-ministarstva-evo-koji-su-dani-neradni-u-fbih-za-prvomajske-praznike\\\/\",\"url\":\"https:\\\/\\\/tuzlainfo.ba\\\/index.php\\\/bosna-i-hercegovina\\\/item\\\/236509-stigla-zvanicna-obavijest-iz-ministarstva-evo-koji-su-dani-neradni-u-fbih-za-prvomajske-praznike\\\/\",\"name\":\"Zvani\u010dna obavijest iz Ministarstva: Evo koji su dani neradni u FBiH za prvomajske praznike\",\"isPartOf\":{\"@id\":\"https:\\\/\\\/tuzlainfo.ba\\\/#website\"},\"primaryImageOfPage\":{\"@id\":\"https:\\\/\\\/tuzlainfo.ba\\\/index.php\\\/bosna-i-hercegovina\\\/item\\\/236509-stigla-zvanicna-obavijest-iz-ministarstva-evo-koji-su-dani-neradni-u-fbih-za-prvomajske-praznike\\\/#primaryimage\"},\"image\":{\"@id\":\"https:\\\/\\\/tuzlainfo.ba\\\/index.php\\\/bosna-i-hercegovina\\\/item\\\/236509-stigla-zvanicna-obavijest-iz-ministarstva-evo-koji-su-dani-neradni-u-fbih-za-prvomajske-praznike\\\/#primaryimage\"},\"thumbnailUrl\":\"https:\\\/\\\/tuzlainfo.ba\\\/wp-content\\\/uploads\\\/2019\\\/04\\\/sadrzaj_2019_20190401_2904_prvi_maj.jpg\",\"datePublished\":\"2024-04-25T09:10:18+00:00\",\"dateModified\":\"2024-04-25T18:16:18+00:00\",\"breadcrumb\":{\"@id\":\"https:\\\/\\\/tuzlainfo.ba\\\/index.php\\\/bosna-i-hercegovina\\\/item\\\/236509-stigla-zvanicna-obavijest-iz-ministarstva-evo-koji-su-dani-neradni-u-fbih-za-prvomajske-praznike\\\/#breadcrumb\"},\"inLanguage\":\"bs-BA\",\"potentialAction\":[{\"@type\":\"ReadAction\",\"target\":[\"https:\\\/\\\/tuzlainfo.ba\\\/index.php\\\/bosna-i-hercegovina\\\/item\\\/236509-stigla-zvanicna-obavijest-iz-ministarstva-evo-koji-su-dani-neradni-u-fbih-za-prvomajske-praznike\\\/\"]}]},{\"@type\":\"ImageObject\",\"inLanguage\":\"bs-BA\",\"@id\":\"https:\\\/\\\/tuzlainfo.ba\\\/index.php\\\/bosna-i-hercegovina\\\/item\\\/236509-stigla-zvanicna-obavijest-iz-ministarstva-evo-koji-su-dani-neradni-u-fbih-za-prvomajske-praznike\\\/#primaryimage\",\"url\":\"https:\\\/\\\/tuzlainfo.ba\\\/wp-content\\\/uploads\\\/2019\\\/04\\\/sadrzaj_2019_20190401_2904_prvi_maj.jpg\",\"contentUrl\":\"https:\\\/\\\/tuzlainfo.ba\\\/wp-content\\\/uploads\\\/2019\\\/04\\\/sadrzaj_2019_20190401_2904_prvi_maj.jpg\",\"width\":770,\"height\":514,\"caption\":\"2904 prvi maj\"},{\"@type\":\"BreadcrumbList\",\"@id\":\"https:\\\/\\\/tuzlainfo.ba\\\/index.php\\\/bosna-i-hercegovina\\\/item\\\/236509-stigla-zvanicna-obavijest-iz-ministarstva-evo-koji-su-dani-neradni-u-fbih-za-prvomajske-praznike\\\/#breadcrumb\",\"itemListElement\":[{\"@type\":\"ListItem\",\"position\":1,\"name\":\"Home\",\"item\":\"https:\\\/\\\/tuzlainfo.ba\\\/\"},{\"@type\":\"ListItem\",\"position\":2,\"name\":\"Zvani\u010dna obavijest iz Ministarstva: Evo koji su dani neradni u FBiH za prvomajske praznike\"}]},{\"@type\":\"WebSite\",\"@id\":\"https:\\\/\\\/tuzlainfo.ba\\\/#website\",\"url\":\"https:\\\/\\\/tuzlainfo.ba\\\/\",\"name\":\"TuzlaInfo.ba\",\"description\":\"Tuzla info, gradski informator - Tuzla na dlanu\",\"publisher\":{\"@id\":\"https:\\\/\\\/tuzlainfo.ba\\\/#organization\"},\"potentialAction\":[{\"@type\":\"SearchAction\",\"target\":{\"@type\":\"EntryPoint\",\"urlTemplate\":\"https:\\\/\\\/tuzlainfo.ba\\\/?s={search_term_string}\"},\"query-input\":{\"@type\":\"PropertyValueSpecification\",\"valueRequired\":true,\"valueName\":\"search_term_string\"}}],\"inLanguage\":\"bs-BA\"},{\"@type\":\"Organization\",\"@id\":\"https:\\\/\\\/tuzlainfo.ba\\\/#organization\",\"name\":\"TuzlaInfo.ba\",\"url\":\"https:\\\/\\\/tuzlainfo.ba\\\/\",\"logo\":{\"@type\":\"ImageObject\",\"inLanguage\":\"bs-BA\",\"@id\":\"https:\\\/\\\/tuzlainfo.ba\\\/#\\\/schema\\\/logo\\\/image\\\/\",\"url\":\"https:\\\/\\\/tuzlainfo.ba\\\/wp-content\\\/uploads\\\/2021\\\/03\\\/logo-ver-3-1.png\",\"contentUrl\":\"https:\\\/\\\/tuzlainfo.ba\\\/wp-content\\\/uploads\\\/2021\\\/03\\\/logo-ver-3-1.png\",\"width\":350,\"height\":95,\"caption\":\"TuzlaInfo.ba\"},\"image\":{\"@id\":\"https:\\\/\\\/tuzlainfo.ba\\\/#\\\/schema\\\/logo\\\/image\\\/\"},\"sameAs\":[\"https:\\\/\\\/www.facebook.com\\\/tuzlainfo.ba\\\/\"]},{\"@type\":\"Person\",\"@id\":\"https:\\\/\\\/tuzlainfo.ba\\\/#\\\/schema\\\/person\\\/f4ebe4fff27e68efb65fa7e18f8af372\",\"name\":\"admin2\",\"image\":{\"@type\":\"ImageObject\",\"inLanguage\":\"bs-BA\",\"@id\":\"https:\\\/\\\/secure.gravatar.com\\\/avatar\\\/6474d9b45292367fa11d981175d83642ccdae059a6b7eabe5fed313d54ead5cb?s=96&d=mm&r=g\",\"url\":\"https:\\\/\\\/secure.gravatar.com\\\/avatar\\\/6474d9b45292367fa11d981175d83642ccdae059a6b7eabe5fed313d54ead5cb?s=96&d=mm&r=g\",\"contentUrl\":\"https:\\\/\\\/secure.gravatar.com\\\/avatar\\\/6474d9b45292367fa11d981175d83642ccdae059a6b7eabe5fed313d54ead5cb?s=96&d=mm&r=g\",\"caption\":\"admin2\"},\"description\":\"Tuzlainfo.ba pratite na dru\u0161tvenim mre\u017eama: Facebook, Instagram i Youtube. Svoje pri\u010de, upite i fotografije \u0161aljite na na\u0161u e-mail adresu.\",\"sameAs\":[\"admin\"]}]}<\/script>\n<!-- \/ Yoast SEO plugin. -->","yoast_head_json":{"title":"Zvani\u010dna obavijest iz Ministarstva: Evo koji su dani neradni u FBiH za prvomajske praznike","robots":{"index":"index","follow":"follow","max-snippet":"max-snippet:-1","max-image-preview":"max-image-preview:large","max-video-preview":"max-video-preview:-1"},"canonical":"https:\/\/tuzlainfo.ba\/index.php\/bosna-i-hercegovina\/item\/236509-stigla-zvanicna-obavijest-iz-ministarstva-evo-koji-su-dani-neradni-u-fbih-za-prvomajske-praznike\/","og_locale":"bs_BA","og_type":"article","og_title":"Zvani\u010dna obavijest iz Ministarstva: Evo koji su dani neradni u FBiH za prvomajske praznike","og_description":"Federalno ministarstvo rada i socijalne politike obavje\u0161tava javnost da se, prema Zakonu o praznicima (&#8220;Slu\u017ebeni list SFRJ&#8221; broj: 6\/73), Prvi maj obilje\u017eava kao me\u0111unarodni praznik rada tokom dva dana (1. i 2. maja). S obzirom na to da Prvi maj 2024. godine pada u srijedu, obavijestili su javnost da \u0107e neradni dani u Federaciji Bosne [&hellip;]","og_url":"https:\/\/tuzlainfo.ba\/index.php\/bosna-i-hercegovina\/item\/236509-stigla-zvanicna-obavijest-iz-ministarstva-evo-koji-su-dani-neradni-u-fbih-za-prvomajske-praznike\/","og_site_name":"TuzlaInfo.ba","article_publisher":"https:\/\/www.facebook.com\/tuzlainfo.ba\/","article_published_time":"2024-04-25T09:10:18+00:00","article_modified_time":"2024-04-25T18:16:18+00:00","og_image":[{"width":770,"height":514,"url":"https:\/\/tuzlainfo.ba\/wp-content\/uploads\/2019\/04\/sadrzaj_2019_20190401_2904_prvi_maj.jpg","type":"image\/jpeg"}],"author":"admin2","twitter_card":"summary_large_image","twitter_misc":{"Written by":"admin2","Est. reading time":"1 minuta"},"schema":{"@context":"https:\/\/schema.org","@graph":[{"@type":"Article","@id":"https:\/\/tuzlainfo.ba\/index.php\/bosna-i-hercegovina\/item\/236509-stigla-zvanicna-obavijest-iz-ministarstva-evo-koji-su-dani-neradni-u-fbih-za-prvomajske-praznike\/#article","isPartOf":{"@id":"https:\/\/tuzlainfo.ba\/index.php\/bosna-i-hercegovina\/item\/236509-stigla-zvanicna-obavijest-iz-ministarstva-evo-koji-su-dani-neradni-u-fbih-za-prvomajske-praznike\/"},"author":{"name":"admin2","@id":"https:\/\/tuzlainfo.ba\/#\/schema\/person\/f4ebe4fff27e68efb65fa7e18f8af372"},"headline":"Zvani\u010dna obavijest iz Ministarstva: Evo koji su dani neradni u FBiH za prvomajske praznike","datePublished":"2024-04-25T09:10:18+00:00","dateModified":"2024-04-25T18:16:18+00:00","mainEntityOfPage":{"@id":"https:\/\/tuzlainfo.ba\/index.php\/bosna-i-hercegovina\/item\/236509-stigla-zvanicna-obavijest-iz-ministarstva-evo-koji-su-dani-neradni-u-fbih-za-prvomajske-praznike\/"},"wordCount":182,"publisher":{"@id":"https:\/\/tuzlainfo.ba\/#organization"},"image":{"@id":"https:\/\/tuzlainfo.ba\/index.php\/bosna-i-hercegovina\/item\/236509-stigla-zvanicna-obavijest-iz-ministarstva-evo-koji-su-dani-neradni-u-fbih-za-prvomajske-praznike\/#primaryimage"},"thumbnailUrl":"https:\/\/tuzlainfo.ba\/wp-content\/uploads\/2019\/04\/sadrzaj_2019_20190401_2904_prvi_maj.jpg","keywords":["neradni dani","prvi maj"],"articleSection":["Bosna i Hercegovina","Istaknuto","Preporu\u010dujemo"],"inLanguage":"bs-BA","copyrightYear":"2024","copyrightHolder":{"@id":"https:\/\/tuzlainfo.ba\/#organization"}},{"@type":"WebPage","@id":"https:\/\/tuzlainfo.ba\/index.php\/bosna-i-hercegovina\/item\/236509-stigla-zvanicna-obavijest-iz-ministarstva-evo-koji-su-dani-neradni-u-fbih-za-prvomajske-praznike\/","url":"https:\/\/tuzlainfo.ba\/index.php\/bosna-i-hercegovina\/item\/236509-stigla-zvanicna-obavijest-iz-ministarstva-evo-koji-su-dani-neradni-u-fbih-za-prvomajske-praznike\/","name":"Zvani\u010dna obavijest iz Ministarstva: Evo koji su dani neradni u FBiH za prvomajske praznike","isPartOf":{"@id":"https:\/\/tuzlainfo.ba\/#website"},"primaryImageOfPage":{"@id":"https:\/\/tuzlainfo.ba\/index.php\/bosna-i-hercegovina\/item\/236509-stigla-zvanicna-obavijest-iz-ministarstva-evo-koji-su-dani-neradni-u-fbih-za-prvomajske-praznike\/#primaryimage"},"image":{"@id":"https:\/\/tuzlainfo.ba\/index.php\/bosna-i-hercegovina\/item\/236509-stigla-zvanicna-obavijest-iz-ministarstva-evo-koji-su-dani-neradni-u-fbih-za-prvomajske-praznike\/#primaryimage"},"thumbnailUrl":"https:\/\/tuzlainfo.ba\/wp-content\/uploads\/2019\/04\/sadrzaj_2019_20190401_2904_prvi_maj.jpg","datePublished":"2024-04-25T09:10:18+00:00","dateModified":"2024-04-25T18:16:18+00:00","breadcrumb":{"@id":"https:\/\/tuzlainfo.ba\/index.php\/bosna-i-hercegovina\/item\/236509-stigla-zvanicna-obavijest-iz-ministarstva-evo-koji-su-dani-neradni-u-fbih-za-prvomajske-praznike\/#breadcrumb"},"inLanguage":"bs-BA","potentialAction":[{"@type":"ReadAction","target":["https:\/\/tuzlainfo.ba\/index.php\/bosna-i-hercegovina\/item\/236509-stigla-zvanicna-obavijest-iz-ministarstva-evo-koji-su-dani-neradni-u-fbih-za-prvomajske-praznike\/"]}]},{"@type":"ImageObject","inLanguage":"bs-BA","@id":"https:\/\/tuzlainfo.ba\/index.php\/bosna-i-hercegovina\/item\/236509-stigla-zvanicna-obavijest-iz-ministarstva-evo-koji-su-dani-neradni-u-fbih-za-prvomajske-praznike\/#primaryimage","url":"https:\/\/tuzlainfo.ba\/wp-content\/uploads\/2019\/04\/sadrzaj_2019_20190401_2904_prvi_maj.jpg","contentUrl":"https:\/\/tuzlainfo.ba\/wp-content\/uploads\/2019\/04\/sadrzaj_2019_20190401_2904_prvi_maj.jpg","width":770,"height":514,"caption":"2904 prvi maj"},{"@type":"BreadcrumbList","@id":"https:\/\/tuzlainfo.ba\/index.php\/bosna-i-hercegovina\/item\/236509-stigla-zvanicna-obavijest-iz-ministarstva-evo-koji-su-dani-neradni-u-fbih-za-prvomajske-praznike\/#breadcrumb","itemListElement":[{"@type":"ListItem","position":1,"name":"Home","item":"https:\/\/tuzlainfo.ba\/"},{"@type":"ListItem","position":2,"name":"Zvani\u010dna obavijest iz Ministarstva: Evo koji su dani neradni u FBiH za prvomajske praznike"}]},{"@type":"WebSite","@id":"https:\/\/tuzlainfo.ba\/#website","url":"https:\/\/tuzlainfo.ba\/","name":"TuzlaInfo.ba","description":"Tuzla info, gradski informator - Tuzla na dlanu","publisher":{"@id":"https:\/\/tuzlainfo.ba\/#organization"},"potentialAction":[{"@type":"SearchAction","target":{"@type":"EntryPoint","urlTemplate":"https:\/\/tuzlainfo.ba\/?s={search_term_string}"},"query-input":{"@type":"PropertyValueSpecification","valueRequired":true,"valueName":"search_term_string"}}],"inLanguage":"bs-BA"},{"@type":"Organization","@id":"https:\/\/tuzlainfo.ba\/#organization","name":"TuzlaInfo.ba","url":"https:\/\/tuzlainfo.ba\/","logo":{"@type":"ImageObject","inLanguage":"bs-BA","@id":"https:\/\/tuzlainfo.ba\/#\/schema\/logo\/image\/","url":"https:\/\/tuzlainfo.ba\/wp-content\/uploads\/2021\/03\/logo-ver-3-1.png","contentUrl":"https:\/\/tuzlainfo.ba\/wp-content\/uploads\/2021\/03\/logo-ver-3-1.png","width":350,"height":95,"caption":"TuzlaInfo.ba"},"image":{"@id":"https:\/\/tuzlainfo.ba\/#\/schema\/logo\/image\/"},"sameAs":["https:\/\/www.facebook.com\/tuzlainfo.ba\/"]},{"@type":"Person","@id":"https:\/\/tuzlainfo.ba\/#\/schema\/person\/f4ebe4fff27e68efb65fa7e18f8af372","name":"admin2","image":{"@type":"ImageObject","inLanguage":"bs-BA","@id":"https:\/\/secure.gravatar.com\/avatar\/6474d9b45292367fa11d981175d83642ccdae059a6b7eabe5fed313d54ead5cb?s=96&d=mm&r=g","url":"https:\/\/secure.gravatar.com\/avatar\/6474d9b45292367fa11d981175d83642ccdae059a6b7eabe5fed313d54ead5cb?s=96&d=mm&r=g","contentUrl":"https:\/\/secure.gravatar.com\/avatar\/6474d9b45292367fa11d981175d83642ccdae059a6b7eabe5fed313d54ead5cb?s=96&d=mm&r=g","caption":"admin2"},"description":"Tuzlainfo.ba pratite na dru\u0161tvenim mre\u017eama: Facebook, Instagram i Youtube. Svoje pri\u010de, upite i fotografije \u0161aljite na na\u0161u e-mail adresu.","sameAs":["admin"]}]}},"_links":{"self":[{"href":"https:\/\/tuzlainfo.ba\/index.php\/wp-json\/wp\/v2\/posts\/236509","targetHints":{"allow":["GET"]}}],"collection":[{"href":"https:\/\/tuzlainfo.ba\/index.php\/wp-json\/wp\/v2\/posts"}],"about":[{"href":"https:\/\/tuzlainfo.ba\/index.php\/wp-json\/wp\/v2\/types\/post"}],"author":[{"embeddable":true,"href":"https:\/\/tuzlainfo.ba\/index.php\/wp-json\/wp\/v2\/users\/3"}],"replies":[{"embeddable":true,"href":"https:\/\/tuzlainfo.ba\/index.php\/wp-json\/wp\/v2\/comments?post=236509"}],"version-history":[{"count":2,"href":"https:\/\/tuzlainfo.ba\/index.php\/wp-json\/wp\/v2\/posts\/236509\/revisions"}],"predecessor-version":[{"id":236519,"href":"https:\/\/tuzlainfo.ba\/index.php\/wp-json\/wp\/v2\/posts\/236509\/revisions\/236519"}],"wp:featuredmedia":[{"embeddable":true,"href":"https:\/\/tuzlainfo.ba\/index.php\/wp-json\/wp\/v2\/media\/69627"}],"wp:attachment":[{"href":"https:\/\/tuzlainfo.ba\/index.php\/wp-json\/wp\/v2\/media?parent=236509"}],"wp:term":[{"taxonomy":"category","embeddable":true,"href":"https:\/\/tuzlainfo.ba\/index.php\/wp-json\/wp\/v2\/categories?post=236509"},{"taxonomy":"post_tag","embeddable":true,"href":"https:\/\/tuzlainfo.ba\/index.php\/wp-json\/wp\/v2\/tags?post=236509"}],"curies":[{"name":"wp","href":"https:\/\/api.w.org\/{rel}","templated":true}]}}