{"id":236504,"date":"2024-04-25T11:02:43","date_gmt":"2024-04-25T09:02:43","guid":{"rendered":"https:\/\/tuzlainfo.ba\/?p=236504"},"modified":"2024-04-25T11:02:43","modified_gmt":"2024-04-25T09:02:43","slug":"black-tie-2-evo-kome-je-sud-bih-izrekao-mjere-zabrane","status":"publish","type":"post","link":"https:\/\/tuzlainfo.ba\/index.php\/bosna-i-hercegovina\/item\/236504-black-tie-2-evo-kome-je-sud-bih-izrekao-mjere-zabrane\/","title":{"rendered":"Black Tie 2: Evo kome je Sud BiH izrekao mjere zabrane"},"content":{"rendered":"<p>Sud Bosne i Hercegovine je danas, 25. aprila, objavio sve detalje svoje odluke o pritvoru i mjerama zabrane koje su donesene ju\u010der nakon ro\u010di\u0161ta za uhap\u0161ene u akciji Black Tie 2.<\/p>\n<p>Njihovu odluku objavljujemo u cijelosti:<\/p>\n<p>&#8220;Sud Bosne i Hercegovine je 24. aprila 2024. u predmetu Zlatko Ibri\u0161imovi\u0107 i drugi prihvatio prijedlog Tu\u017eiteljstva Bosne i Hercegovine od 24. aprila 2024. i donio rje\u0161enje kojim je prema osumnji\u010denicima Adnanu Smajlovi\u0107u, San\u010dezu Juki\u0107u i Aidi Hala\u0107 odre\u0111ena mjera pritvora koja po ovom rje\u0161enju mo\u017ee trajati najdulje mjesec dana, ra\u010dunaju\u0107i od dana li\u0161enja slobode, tj. do 22. maja 2024. ili do nove odluke Suda, a zbog postojanja posebnih pritvorskih razloga propisanih \u010dlankom 132. stavak 1. to\u010dke a) i b) ZKPBiH.<\/p>\n<p>Istim rje\u0161enjem je odbijen, kao neutemeljen, prijedlog Tu\u017eiteljstva BiH od 24. aprila 2024. za odre\u0111ivanje mjere pritvora osumnji\u010denicima Adnanu Smajlovi\u0107u, San\u010dezu Juki\u0107u, Aidi Hala\u0107, iz posebnog pritvorskog razloga propisanog \u010dlanlom 132. stavak 1. to\u010dka c) ZKPBiH.<\/p>\n<p>Istim rje\u0161enjem se odbija kao neutemeljen prijedlog Tu\u017eiteljstva BiH od 24. aprila 2024. za odre\u0111ivanje mjere pritvora osumnji\u010denicima Mustafi Selmanovi\u0107u, Vahidinu Munji\u0107u, Senadu Kadi\u0107u, Adinu \u0106ati\u0107u, Emiru Dru\u0161ki\u0107u, Seadu Preljevi\u0107u, Davoru Curlu i Edinu Ka\u010daru, koji se pu\u0161taju na slobodu.<\/p>\n<p>Nadalje, istim rje\u0161enjem se odbija kao neutemeljen prijedlog Tu\u017eiteljstva BiH od 24. aprila 2024. za odre\u0111ivanje mjere pritvora osumnji\u010denicima Tariku Zulovi\u0107u, Harisu Behramu, Mirsad Skopaku, Maku \u0160em\u0161i\u0107u, Elmiru Sari\u0107u, Smailu \u0160ikalo i Gordanu Memiji koji se pu\u0161taju na slobodu odmah, te se istodobno istim osumnji\u010denicima izri\u010du mjere zabrane i to:<\/p>\n<ul>\n<li>zabrana putovanja \u2013 osumnji\u010deniku Gordanu Memiji;<\/li>\n<li>zabrana sastajanja s odre\u0111enim osobama \u2013 osumnji\u010denicima Tariku Zulovi\u0107u, Harisu Behramu, Mirsadu Skopaku, Maku \u0160em\u0161i\u0107u, Elmiru Sari\u0107u, Smailu \u0160ikalu i Gordanu Memiji.<\/li>\n<\/ul>\n<p>Izre\u010dene mjere zabrane \u0107e trajati dok za istima postoji potreba, a opravdanost ovih mjera zabrane \u0107e se kontrolirati svaka dva mjeseca.<\/p>\n<p>Sukladno sa \u010dlankom 126.b) stavak 3. ZKPBiH, osumnji\u010denici\u00a0Tarik Zulovi\u0107, Haris Behram, Mirsad Skopak, Mak \u0160em\u0161i\u0107, Elmir Sari\u0107, Smail \u0160ikalo i Gordan Memija\u00a0se posebno upozoravaju da im se mo\u017ee odrediti mjera pritvora ukoliko ne budu postupali sukladno s mjerama izre\u010denim ovim rje\u0161enjem.<\/p>\n<p>\u017dalba protiv ovog rje\u0161enja ne zadr\u017eava njegovo izvr\u0161enje.<\/p>\n<p>Navedene osobe su osumnji\u010dene za po\u010dinjenje kaznenog djela organizirani kriminal iz \u010dlanka 250. Kaznenog zakona Bosne i Hercegovine i pranje novca iz \u010dlanka 209. KZBiH.&#8221;<\/p>\n<p>&nbsp;<\/p>\n","protected":false},"excerpt":{"rendered":"<p>Sud Bosne i Hercegovine je danas, 25. aprila, objavio sve detalje svoje odluke o pritvoru&hellip;<\/p>\n","protected":false},"author":3,"featured_media":214175,"comment_status":"closed","ping_status":"closed","sticky":false,"template":"","format":"standard","meta":{"_acf_changed":false,"footnotes":""},"categories":[291],"tags":[10010,726],"acf":[],"yoast_head":"<!-- This site is optimized with the Yoast SEO plugin v23.5 - https:\/\/yoast.com\/wordpress\/plugins\/seo\/ -->\n<title>Black Tie 2: Evo kome je Sud BiH izrekao mjere zabrane - TuzlaInfo.ba<\/title>\n<meta name=\"robots\" content=\"index, follow, max-snippet:-1, max-image-preview:large, max-video-preview:-1\" \/>\n<link rel=\"canonical\" href=\"https:\/\/tuzlainfo.ba\/index.php\/bosna-i-hercegovina\/item\/236504-black-tie-2-evo-kome-je-sud-bih-izrekao-mjere-zabrane\/\" \/>\n<meta property=\"og:locale\" content=\"bs_BA\" \/>\n<meta property=\"og:type\" content=\"article\" \/>\n<meta property=\"og:title\" content=\"Black Tie 2: Evo kome je Sud BiH izrekao mjere zabrane - TuzlaInfo.ba\" \/>\n<meta property=\"og:description\" content=\"Sud Bosne i Hercegovine je danas, 25. aprila, objavio sve detalje svoje odluke o pritvoru&hellip;\" \/>\n<meta property=\"og:url\" content=\"https:\/\/tuzlainfo.ba\/index.php\/bosna-i-hercegovina\/item\/236504-black-tie-2-evo-kome-je-sud-bih-izrekao-mjere-zabrane\/\" \/>\n<meta property=\"og:site_name\" content=\"TuzlaInfo.ba\" \/>\n<meta property=\"article:publisher\" content=\"https:\/\/www.facebook.com\/tuzlainfo.ba\/\" \/>\n<meta property=\"article:published_time\" content=\"2024-04-25T09:02:43+00:00\" \/>\n<meta property=\"og:image\" content=\"https:\/\/tuzlainfo.ba\/wp-content\/uploads\/2023\/08\/1808_sudbih_sudnica.jpg\" \/>\n\t<meta property=\"og:image:width\" content=\"800\" \/>\n\t<meta property=\"og:image:height\" content=\"487\" \/>\n\t<meta property=\"og:image:type\" content=\"image\/jpeg\" \/>\n<meta name=\"author\" content=\"admin2\" \/>\n<meta name=\"twitter:card\" content=\"summary_large_image\" \/>\n<meta name=\"twitter:label1\" content=\"Written by\" \/>\n\t<meta name=\"twitter:data1\" content=\"admin2\" \/>\n\t<meta name=\"twitter:label2\" content=\"Est. reading time\" \/>\n\t<meta name=\"twitter:data2\" content=\"3 minute\" \/>\n<script type=\"application\/ld+json\" class=\"yoast-schema-graph\">{\"@context\":\"https:\/\/schema.org\",\"@graph\":[{\"@type\":\"Article\",\"@id\":\"https:\/\/tuzlainfo.ba\/index.php\/bosna-i-hercegovina\/item\/236504-black-tie-2-evo-kome-je-sud-bih-izrekao-mjere-zabrane\/#article\",\"isPartOf\":{\"@id\":\"https:\/\/tuzlainfo.ba\/index.php\/bosna-i-hercegovina\/item\/236504-black-tie-2-evo-kome-je-sud-bih-izrekao-mjere-zabrane\/\"},\"author\":{\"name\":\"admin2\",\"@id\":\"https:\/\/tuzlainfo.ba\/#\/schema\/person\/f4ebe4fff27e68efb65fa7e18f8af372\"},\"headline\":\"Black Tie 2: Evo kome je Sud BiH izrekao mjere zabrane\",\"datePublished\":\"2024-04-25T09:02:43+00:00\",\"dateModified\":\"2024-04-25T09:02:43+00:00\",\"mainEntityOfPage\":{\"@id\":\"https:\/\/tuzlainfo.ba\/index.php\/bosna-i-hercegovina\/item\/236504-black-tie-2-evo-kome-je-sud-bih-izrekao-mjere-zabrane\/\"},\"wordCount\":424,\"publisher\":{\"@id\":\"https:\/\/tuzlainfo.ba\/#organization\"},\"image\":{\"@id\":\"https:\/\/tuzlainfo.ba\/index.php\/bosna-i-hercegovina\/item\/236504-black-tie-2-evo-kome-je-sud-bih-izrekao-mjere-zabrane\/#primaryimage\"},\"thumbnailUrl\":\"https:\/\/tuzlainfo.ba\/wp-content\/uploads\/2023\/08\/1808_sudbih_sudnica.jpg\",\"keywords\":[\"akcija black tie\",\"sud bih\"],\"articleSection\":[\"Bosna i Hercegovina\"],\"inLanguage\":\"bs-BA\"},{\"@type\":\"WebPage\",\"@id\":\"https:\/\/tuzlainfo.ba\/index.php\/bosna-i-hercegovina\/item\/236504-black-tie-2-evo-kome-je-sud-bih-izrekao-mjere-zabrane\/\",\"url\":\"https:\/\/tuzlainfo.ba\/index.php\/bosna-i-hercegovina\/item\/236504-black-tie-2-evo-kome-je-sud-bih-izrekao-mjere-zabrane\/\",\"name\":\"Black Tie 2: Evo kome je Sud BiH izrekao mjere zabrane - TuzlaInfo.ba\",\"isPartOf\":{\"@id\":\"https:\/\/tuzlainfo.ba\/#website\"},\"primaryImageOfPage\":{\"@id\":\"https:\/\/tuzlainfo.ba\/index.php\/bosna-i-hercegovina\/item\/236504-black-tie-2-evo-kome-je-sud-bih-izrekao-mjere-zabrane\/#primaryimage\"},\"image\":{\"@id\":\"https:\/\/tuzlainfo.ba\/index.php\/bosna-i-hercegovina\/item\/236504-black-tie-2-evo-kome-je-sud-bih-izrekao-mjere-zabrane\/#primaryimage\"},\"thumbnailUrl\":\"https:\/\/tuzlainfo.ba\/wp-content\/uploads\/2023\/08\/1808_sudbih_sudnica.jpg\",\"datePublished\":\"2024-04-25T09:02:43+00:00\",\"dateModified\":\"2024-04-25T09:02:43+00:00\",\"breadcrumb\":{\"@id\":\"https:\/\/tuzlainfo.ba\/index.php\/bosna-i-hercegovina\/item\/236504-black-tie-2-evo-kome-je-sud-bih-izrekao-mjere-zabrane\/#breadcrumb\"},\"inLanguage\":\"bs-BA\",\"potentialAction\":[{\"@type\":\"ReadAction\",\"target\":[\"https:\/\/tuzlainfo.ba\/index.php\/bosna-i-hercegovina\/item\/236504-black-tie-2-evo-kome-je-sud-bih-izrekao-mjere-zabrane\/\"]}]},{\"@type\":\"ImageObject\",\"inLanguage\":\"bs-BA\",\"@id\":\"https:\/\/tuzlainfo.ba\/index.php\/bosna-i-hercegovina\/item\/236504-black-tie-2-evo-kome-je-sud-bih-izrekao-mjere-zabrane\/#primaryimage\",\"url\":\"https:\/\/tuzlainfo.ba\/wp-content\/uploads\/2023\/08\/1808_sudbih_sudnica.jpg\",\"contentUrl\":\"https:\/\/tuzlainfo.ba\/wp-content\/uploads\/2023\/08\/1808_sudbih_sudnica.jpg\",\"width\":800,\"height\":487,\"caption\":\"Ilustracija \/ Foto: Sud BiH\"},{\"@type\":\"BreadcrumbList\",\"@id\":\"https:\/\/tuzlainfo.ba\/index.php\/bosna-i-hercegovina\/item\/236504-black-tie-2-evo-kome-je-sud-bih-izrekao-mjere-zabrane\/#breadcrumb\",\"itemListElement\":[{\"@type\":\"ListItem\",\"position\":1,\"name\":\"Home\",\"item\":\"https:\/\/tuzlainfo.ba\/\"},{\"@type\":\"ListItem\",\"position\":2,\"name\":\"Black Tie 2: Evo kome je Sud BiH izrekao mjere zabrane\"}]},{\"@type\":\"WebSite\",\"@id\":\"https:\/\/tuzlainfo.ba\/#website\",\"url\":\"https:\/\/tuzlainfo.ba\/\",\"name\":\"TuzlaInfo.ba\",\"description\":\"Tuzla info, gradski informator - Tuzla na dlanu\",\"publisher\":{\"@id\":\"https:\/\/tuzlainfo.ba\/#organization\"},\"potentialAction\":[{\"@type\":\"SearchAction\",\"target\":{\"@type\":\"EntryPoint\",\"urlTemplate\":\"https:\/\/tuzlainfo.ba\/?s={search_term_string}\"},\"query-input\":{\"@type\":\"PropertyValueSpecification\",\"valueRequired\":true,\"valueName\":\"search_term_string\"}}],\"inLanguage\":\"bs-BA\"},{\"@type\":\"Organization\",\"@id\":\"https:\/\/tuzlainfo.ba\/#organization\",\"name\":\"TuzlaInfo.ba\",\"url\":\"https:\/\/tuzlainfo.ba\/\",\"logo\":{\"@type\":\"ImageObject\",\"inLanguage\":\"bs-BA\",\"@id\":\"https:\/\/tuzlainfo.ba\/#\/schema\/logo\/image\/\",\"url\":\"https:\/\/tuzlainfo.ba\/wp-content\/uploads\/2021\/03\/logo-ver-3-1.png\",\"contentUrl\":\"https:\/\/tuzlainfo.ba\/wp-content\/uploads\/2021\/03\/logo-ver-3-1.png\",\"width\":350,\"height\":95,\"caption\":\"TuzlaInfo.ba\"},\"image\":{\"@id\":\"https:\/\/tuzlainfo.ba\/#\/schema\/logo\/image\/\"},\"sameAs\":[\"https:\/\/www.facebook.com\/tuzlainfo.ba\/\"]},{\"@type\":\"Person\",\"@id\":\"https:\/\/tuzlainfo.ba\/#\/schema\/person\/f4ebe4fff27e68efb65fa7e18f8af372\",\"name\":\"admin2\",\"image\":{\"@type\":\"ImageObject\",\"inLanguage\":\"bs-BA\",\"@id\":\"https:\/\/tuzlainfo.ba\/#\/schema\/person\/image\/\",\"url\":\"https:\/\/tuzlainfo.ba\/wp-content\/litespeed\/avatar\/8219eeb9a43cff2d096e773737736f62.jpg?ver=1777309398\",\"contentUrl\":\"https:\/\/tuzlainfo.ba\/wp-content\/litespeed\/avatar\/8219eeb9a43cff2d096e773737736f62.jpg?ver=1777309398\",\"caption\":\"admin2\"},\"description\":\"Tuzlainfo.ba pratite na dru\u0161tvenim mre\u017eama: Facebook, Instagram i Youtube. Svoje pri\u010de, upite i fotografije \u0161aljite na na\u0161u e-mail adresu.\",\"sameAs\":[\"admin\"]}]}<\/script>\n<!-- \/ Yoast SEO plugin. -->","yoast_head_json":{"title":"Black Tie 2: Evo kome je Sud BiH izrekao mjere zabrane - TuzlaInfo.ba","robots":{"index":"index","follow":"follow","max-snippet":"max-snippet:-1","max-image-preview":"max-image-preview:large","max-video-preview":"max-video-preview:-1"},"canonical":"https:\/\/tuzlainfo.ba\/index.php\/bosna-i-hercegovina\/item\/236504-black-tie-2-evo-kome-je-sud-bih-izrekao-mjere-zabrane\/","og_locale":"bs_BA","og_type":"article","og_title":"Black Tie 2: Evo kome je Sud BiH izrekao mjere zabrane - TuzlaInfo.ba","og_description":"Sud Bosne i Hercegovine je danas, 25. aprila, objavio sve detalje svoje odluke o pritvoru&hellip;","og_url":"https:\/\/tuzlainfo.ba\/index.php\/bosna-i-hercegovina\/item\/236504-black-tie-2-evo-kome-je-sud-bih-izrekao-mjere-zabrane\/","og_site_name":"TuzlaInfo.ba","article_publisher":"https:\/\/www.facebook.com\/tuzlainfo.ba\/","article_published_time":"2024-04-25T09:02:43+00:00","og_image":[{"width":800,"height":487,"url":"https:\/\/tuzlainfo.ba\/wp-content\/uploads\/2023\/08\/1808_sudbih_sudnica.jpg","type":"image\/jpeg"}],"author":"admin2","twitter_card":"summary_large_image","twitter_misc":{"Written by":"admin2","Est. reading time":"3 minute"},"schema":{"@context":"https:\/\/schema.org","@graph":[{"@type":"Article","@id":"https:\/\/tuzlainfo.ba\/index.php\/bosna-i-hercegovina\/item\/236504-black-tie-2-evo-kome-je-sud-bih-izrekao-mjere-zabrane\/#article","isPartOf":{"@id":"https:\/\/tuzlainfo.ba\/index.php\/bosna-i-hercegovina\/item\/236504-black-tie-2-evo-kome-je-sud-bih-izrekao-mjere-zabrane\/"},"author":{"name":"admin2","@id":"https:\/\/tuzlainfo.ba\/#\/schema\/person\/f4ebe4fff27e68efb65fa7e18f8af372"},"headline":"Black Tie 2: Evo kome je Sud BiH izrekao mjere zabrane","datePublished":"2024-04-25T09:02:43+00:00","dateModified":"2024-04-25T09:02:43+00:00","mainEntityOfPage":{"@id":"https:\/\/tuzlainfo.ba\/index.php\/bosna-i-hercegovina\/item\/236504-black-tie-2-evo-kome-je-sud-bih-izrekao-mjere-zabrane\/"},"wordCount":424,"publisher":{"@id":"https:\/\/tuzlainfo.ba\/#organization"},"image":{"@id":"https:\/\/tuzlainfo.ba\/index.php\/bosna-i-hercegovina\/item\/236504-black-tie-2-evo-kome-je-sud-bih-izrekao-mjere-zabrane\/#primaryimage"},"thumbnailUrl":"https:\/\/tuzlainfo.ba\/wp-content\/uploads\/2023\/08\/1808_sudbih_sudnica.jpg","keywords":["akcija black tie","sud bih"],"articleSection":["Bosna i Hercegovina"],"inLanguage":"bs-BA"},{"@type":"WebPage","@id":"https:\/\/tuzlainfo.ba\/index.php\/bosna-i-hercegovina\/item\/236504-black-tie-2-evo-kome-je-sud-bih-izrekao-mjere-zabrane\/","url":"https:\/\/tuzlainfo.ba\/index.php\/bosna-i-hercegovina\/item\/236504-black-tie-2-evo-kome-je-sud-bih-izrekao-mjere-zabrane\/","name":"Black Tie 2: Evo kome je Sud BiH izrekao mjere zabrane - TuzlaInfo.ba","isPartOf":{"@id":"https:\/\/tuzlainfo.ba\/#website"},"primaryImageOfPage":{"@id":"https:\/\/tuzlainfo.ba\/index.php\/bosna-i-hercegovina\/item\/236504-black-tie-2-evo-kome-je-sud-bih-izrekao-mjere-zabrane\/#primaryimage"},"image":{"@id":"https:\/\/tuzlainfo.ba\/index.php\/bosna-i-hercegovina\/item\/236504-black-tie-2-evo-kome-je-sud-bih-izrekao-mjere-zabrane\/#primaryimage"},"thumbnailUrl":"https:\/\/tuzlainfo.ba\/wp-content\/uploads\/2023\/08\/1808_sudbih_sudnica.jpg","datePublished":"2024-04-25T09:02:43+00:00","dateModified":"2024-04-25T09:02:43+00:00","breadcrumb":{"@id":"https:\/\/tuzlainfo.ba\/index.php\/bosna-i-hercegovina\/item\/236504-black-tie-2-evo-kome-je-sud-bih-izrekao-mjere-zabrane\/#breadcrumb"},"inLanguage":"bs-BA","potentialAction":[{"@type":"ReadAction","target":["https:\/\/tuzlainfo.ba\/index.php\/bosna-i-hercegovina\/item\/236504-black-tie-2-evo-kome-je-sud-bih-izrekao-mjere-zabrane\/"]}]},{"@type":"ImageObject","inLanguage":"bs-BA","@id":"https:\/\/tuzlainfo.ba\/index.php\/bosna-i-hercegovina\/item\/236504-black-tie-2-evo-kome-je-sud-bih-izrekao-mjere-zabrane\/#primaryimage","url":"https:\/\/tuzlainfo.ba\/wp-content\/uploads\/2023\/08\/1808_sudbih_sudnica.jpg","contentUrl":"https:\/\/tuzlainfo.ba\/wp-content\/uploads\/2023\/08\/1808_sudbih_sudnica.jpg","width":800,"height":487,"caption":"Ilustracija \/ Foto: Sud BiH"},{"@type":"BreadcrumbList","@id":"https:\/\/tuzlainfo.ba\/index.php\/bosna-i-hercegovina\/item\/236504-black-tie-2-evo-kome-je-sud-bih-izrekao-mjere-zabrane\/#breadcrumb","itemListElement":[{"@type":"ListItem","position":1,"name":"Home","item":"https:\/\/tuzlainfo.ba\/"},{"@type":"ListItem","position":2,"name":"Black Tie 2: Evo kome je Sud BiH izrekao mjere zabrane"}]},{"@type":"WebSite","@id":"https:\/\/tuzlainfo.ba\/#website","url":"https:\/\/tuzlainfo.ba\/","name":"TuzlaInfo.ba","description":"Tuzla info, gradski informator - Tuzla na dlanu","publisher":{"@id":"https:\/\/tuzlainfo.ba\/#organization"},"potentialAction":[{"@type":"SearchAction","target":{"@type":"EntryPoint","urlTemplate":"https:\/\/tuzlainfo.ba\/?s={search_term_string}"},"query-input":{"@type":"PropertyValueSpecification","valueRequired":true,"valueName":"search_term_string"}}],"inLanguage":"bs-BA"},{"@type":"Organization","@id":"https:\/\/tuzlainfo.ba\/#organization","name":"TuzlaInfo.ba","url":"https:\/\/tuzlainfo.ba\/","logo":{"@type":"ImageObject","inLanguage":"bs-BA","@id":"https:\/\/tuzlainfo.ba\/#\/schema\/logo\/image\/","url":"https:\/\/tuzlainfo.ba\/wp-content\/uploads\/2021\/03\/logo-ver-3-1.png","contentUrl":"https:\/\/tuzlainfo.ba\/wp-content\/uploads\/2021\/03\/logo-ver-3-1.png","width":350,"height":95,"caption":"TuzlaInfo.ba"},"image":{"@id":"https:\/\/tuzlainfo.ba\/#\/schema\/logo\/image\/"},"sameAs":["https:\/\/www.facebook.com\/tuzlainfo.ba\/"]},{"@type":"Person","@id":"https:\/\/tuzlainfo.ba\/#\/schema\/person\/f4ebe4fff27e68efb65fa7e18f8af372","name":"admin2","image":{"@type":"ImageObject","inLanguage":"bs-BA","@id":"https:\/\/tuzlainfo.ba\/#\/schema\/person\/image\/","url":"https:\/\/tuzlainfo.ba\/wp-content\/litespeed\/avatar\/8219eeb9a43cff2d096e773737736f62.jpg?ver=1777309398","contentUrl":"https:\/\/tuzlainfo.ba\/wp-content\/litespeed\/avatar\/8219eeb9a43cff2d096e773737736f62.jpg?ver=1777309398","caption":"admin2"},"description":"Tuzlainfo.ba pratite na dru\u0161tvenim mre\u017eama: Facebook, Instagram i Youtube. Svoje pri\u010de, upite i fotografije \u0161aljite na na\u0161u e-mail adresu.","sameAs":["admin"]}]}},"_links":{"self":[{"href":"https:\/\/tuzlainfo.ba\/index.php\/wp-json\/wp\/v2\/posts\/236504"}],"collection":[{"href":"https:\/\/tuzlainfo.ba\/index.php\/wp-json\/wp\/v2\/posts"}],"about":[{"href":"https:\/\/tuzlainfo.ba\/index.php\/wp-json\/wp\/v2\/types\/post"}],"author":[{"embeddable":true,"href":"https:\/\/tuzlainfo.ba\/index.php\/wp-json\/wp\/v2\/users\/3"}],"replies":[{"embeddable":true,"href":"https:\/\/tuzlainfo.ba\/index.php\/wp-json\/wp\/v2\/comments?post=236504"}],"version-history":[{"count":1,"href":"https:\/\/tuzlainfo.ba\/index.php\/wp-json\/wp\/v2\/posts\/236504\/revisions"}],"predecessor-version":[{"id":236505,"href":"https:\/\/tuzlainfo.ba\/index.php\/wp-json\/wp\/v2\/posts\/236504\/revisions\/236505"}],"wp:featuredmedia":[{"embeddable":true,"href":"https:\/\/tuzlainfo.ba\/index.php\/wp-json\/wp\/v2\/media\/214175"}],"wp:attachment":[{"href":"https:\/\/tuzlainfo.ba\/index.php\/wp-json\/wp\/v2\/media?parent=236504"}],"wp:term":[{"taxonomy":"category","embeddable":true,"href":"https:\/\/tuzlainfo.ba\/index.php\/wp-json\/wp\/v2\/categories?post=236504"},{"taxonomy":"post_tag","embeddable":true,"href":"https:\/\/tuzlainfo.ba\/index.php\/wp-json\/wp\/v2\/tags?post=236504"}],"curies":[{"name":"wp","href":"https:\/\/api.w.org\/{rel}","templated":true}]}}