{"id":236491,"date":"2024-04-25T09:04:06","date_gmt":"2024-04-25T07:04:06","guid":{"rendered":"https:\/\/tuzlainfo.ba\/?p=236491"},"modified":"2024-04-25T07:05:01","modified_gmt":"2024-04-25T05:05:01","slug":"u-nepovrat-otislo-20-milion-km-izgradnja-bloka-7-te-tuzla-zvanicno-propala","status":"publish","type":"post","link":"https:\/\/tuzlainfo.ba\/index.php\/istaknuto\/item\/236491-u-nepovrat-otislo-20-milion-km-izgradnja-bloka-7-te-tuzla-zvanicno-propala\/","title":{"rendered":"U nepovrat oti\u0161lo 20 milion KM: Izgradnja Bloka 7 TE Tuzla zvani\u010dno propala?"},"content":{"rendered":"<p>Elektroprivreda Bosne i Hercegovine do objave ovog teksta nije se oglasila povodom informacija u medijima da je raskinula ugovor s Kinezima koji se ti\u010de izgradnje Bloka 7 Termoelektrane Tuzla.<\/p>\n<p>\u2013 Obratite se press slu\u017ebi. Nemam komentar, to je sve \u0161to mogu re\u0107i u ovom trenutku \u2013 kazao je jutros kratko za\u00a0<a href=\"https:\/\/faktor.ba\/bosna-i-hercegovina\/aktuelno\/direktor-bez-komentara-zasto-epbih-suti-o-navodnom-raskidu-ugovora-s-kinezima-sta-su-ih-savjetovali-pravnici\/186414\" target=\"_blank\" rel=\"noopener\">Faktor<\/a>\u00a0Sanel Buljuba\u0161i\u0107, generalni direktor EPBiH, dok je bio na putu za Neum gdje \u0107e u\u010destvovati na Energetskom samitu.<\/p>\n<p>Projekat vrijedan skoro 1,5 milijardi KM je ve\u0107 du\u017ee vremena \u201cmrtav\u201d, samo to jo\u0161 nije ozvani\u010deno.<\/p>\n<p>U upitu poslanom EPBiH novinari su tra\u017eili informacije, ukoliko je navod o raskidu ugovora ta\u010dan, koliko \u0107e ovaj \u201crazvod braka\u201d ko\u0161tati javnu kompaniju.<\/p>\n<p>Tako\u0111er, pitanje je na koji na\u010din EPBiH namjerava vratiti 214 miliona KM na ime avansa datog Kinezima. Da li je rje\u0161enje u me\u0111unarodnoj arbitra\u017ei, gdje obi\u010dno veliki \u201cpojedu\u201d male, znamo u kojoj ulozi je tu bh. strana. Ili postoji neki plan B?<\/p>\n<p>\u0160to se ti\u010de onih skoro 20 miliona KM potro\u0161enih za pripremne radove u Tuzli, to je po svemu sude\u0107i nepovratno izgubljeno.<\/p>\n<p>Prema nezvani\u010dnim informacijama do kojih je do\u0161ao Faktor, pravni stru\u010dnjaci su savjetovali Upravi EPBiH da zbog za\u0161tite svojih interesa ne ide u javnost s informacijama koje se ti\u010du sudbine Bloka 7.<\/p>\n","protected":false},"excerpt":{"rendered":"<p>Elektroprivreda Bosne i Hercegovine do objave ovog teksta nije se oglasila povodom informacija u medijima&hellip;<\/p>\n","protected":false},"author":4,"featured_media":86796,"comment_status":"closed","ping_status":"closed","sticky":false,"template":"","format":"standard","meta":{"_acf_changed":false,"footnotes":""},"categories":[304,12],"tags":[2225,3403],"acf":[],"yoast_head":"<!-- This site is optimized with the Yoast SEO plugin v23.5 - https:\/\/yoast.com\/wordpress\/plugins\/seo\/ -->\n<title>U nepovrat oti\u0161lo 20 milion KM: Izgradnja Bloka 7 TE Tuzla zvani\u010dno propala? - TuzlaInfo.ba<\/title>\n<meta name=\"robots\" content=\"index, follow, max-snippet:-1, max-image-preview:large, max-video-preview:-1\" \/>\n<link rel=\"canonical\" href=\"https:\/\/tuzlainfo.ba\/index.php\/istaknuto\/item\/236491-u-nepovrat-otislo-20-milion-km-izgradnja-bloka-7-te-tuzla-zvanicno-propala\/\" \/>\n<meta property=\"og:locale\" content=\"bs_BA\" \/>\n<meta property=\"og:type\" content=\"article\" \/>\n<meta property=\"og:title\" content=\"U nepovrat oti\u0161lo 20 milion KM: Izgradnja Bloka 7 TE Tuzla zvani\u010dno propala? - TuzlaInfo.ba\" \/>\n<meta property=\"og:description\" content=\"Elektroprivreda Bosne i Hercegovine do objave ovog teksta nije se oglasila povodom informacija u medijima&hellip;\" \/>\n<meta property=\"og:url\" content=\"https:\/\/tuzlainfo.ba\/index.php\/istaknuto\/item\/236491-u-nepovrat-otislo-20-milion-km-izgradnja-bloka-7-te-tuzla-zvanicno-propala\/\" \/>\n<meta property=\"og:site_name\" content=\"TuzlaInfo.ba\" \/>\n<meta property=\"article:publisher\" content=\"https:\/\/www.facebook.com\/tuzlainfo.ba\/\" \/>\n<meta property=\"article:published_time\" content=\"2024-04-25T07:04:06+00:00\" \/>\n<meta property=\"article:modified_time\" content=\"2024-04-25T05:05:01+00:00\" \/>\n<meta property=\"og:image\" content=\"https:\/\/tuzlainfo.ba\/wp-content\/uploads\/2021\/02\/sadrzaj_2019_20190101_0105_termoelektrana.jpg\" \/>\n\t<meta property=\"og:image:width\" content=\"770\" \/>\n\t<meta property=\"og:image:height\" content=\"446\" \/>\n\t<meta property=\"og:image:type\" content=\"image\/jpeg\" \/>\n<meta name=\"author\" content=\"Tuzla Info\" \/>\n<meta name=\"twitter:card\" content=\"summary_large_image\" \/>\n<meta name=\"twitter:label1\" content=\"Written by\" \/>\n\t<meta name=\"twitter:data1\" content=\"Tuzla Info\" \/>\n\t<meta name=\"twitter:label2\" content=\"Est. reading time\" \/>\n\t<meta name=\"twitter:data2\" content=\"2 minute\" \/>\n<script type=\"application\/ld+json\" class=\"yoast-schema-graph\">{\"@context\":\"https:\/\/schema.org\",\"@graph\":[{\"@type\":\"Article\",\"@id\":\"https:\/\/tuzlainfo.ba\/index.php\/istaknuto\/item\/236491-u-nepovrat-otislo-20-milion-km-izgradnja-bloka-7-te-tuzla-zvanicno-propala\/#article\",\"isPartOf\":{\"@id\":\"https:\/\/tuzlainfo.ba\/index.php\/istaknuto\/item\/236491-u-nepovrat-otislo-20-milion-km-izgradnja-bloka-7-te-tuzla-zvanicno-propala\/\"},\"author\":{\"name\":\"Tuzla Info\",\"@id\":\"https:\/\/tuzlainfo.ba\/#\/schema\/person\/46cad4c57790cbc50781edd14870825a\"},\"headline\":\"U nepovrat oti\u0161lo 20 milion KM: Izgradnja Bloka 7 TE Tuzla zvani\u010dno propala?\",\"datePublished\":\"2024-04-25T07:04:06+00:00\",\"dateModified\":\"2024-04-25T05:05:01+00:00\",\"mainEntityOfPage\":{\"@id\":\"https:\/\/tuzlainfo.ba\/index.php\/istaknuto\/item\/236491-u-nepovrat-otislo-20-milion-km-izgradnja-bloka-7-te-tuzla-zvanicno-propala\/\"},\"wordCount\":233,\"publisher\":{\"@id\":\"https:\/\/tuzlainfo.ba\/#organization\"},\"image\":{\"@id\":\"https:\/\/tuzlainfo.ba\/index.php\/istaknuto\/item\/236491-u-nepovrat-otislo-20-milion-km-izgradnja-bloka-7-te-tuzla-zvanicno-propala\/#primaryimage\"},\"thumbnailUrl\":\"https:\/\/tuzlainfo.ba\/wp-content\/uploads\/2021\/02\/sadrzaj_2019_20190101_0105_termoelektrana.jpg\",\"keywords\":[\"blok 7\",\"termoelektrana tuzla\"],\"articleSection\":[\"Istaknuto\",\"Novosti\"],\"inLanguage\":\"bs-BA\"},{\"@type\":\"WebPage\",\"@id\":\"https:\/\/tuzlainfo.ba\/index.php\/istaknuto\/item\/236491-u-nepovrat-otislo-20-milion-km-izgradnja-bloka-7-te-tuzla-zvanicno-propala\/\",\"url\":\"https:\/\/tuzlainfo.ba\/index.php\/istaknuto\/item\/236491-u-nepovrat-otislo-20-milion-km-izgradnja-bloka-7-te-tuzla-zvanicno-propala\/\",\"name\":\"U nepovrat oti\u0161lo 20 milion KM: Izgradnja Bloka 7 TE Tuzla zvani\u010dno propala? - TuzlaInfo.ba\",\"isPartOf\":{\"@id\":\"https:\/\/tuzlainfo.ba\/#website\"},\"primaryImageOfPage\":{\"@id\":\"https:\/\/tuzlainfo.ba\/index.php\/istaknuto\/item\/236491-u-nepovrat-otislo-20-milion-km-izgradnja-bloka-7-te-tuzla-zvanicno-propala\/#primaryimage\"},\"image\":{\"@id\":\"https:\/\/tuzlainfo.ba\/index.php\/istaknuto\/item\/236491-u-nepovrat-otislo-20-milion-km-izgradnja-bloka-7-te-tuzla-zvanicno-propala\/#primaryimage\"},\"thumbnailUrl\":\"https:\/\/tuzlainfo.ba\/wp-content\/uploads\/2021\/02\/sadrzaj_2019_20190101_0105_termoelektrana.jpg\",\"datePublished\":\"2024-04-25T07:04:06+00:00\",\"dateModified\":\"2024-04-25T05:05:01+00:00\",\"breadcrumb\":{\"@id\":\"https:\/\/tuzlainfo.ba\/index.php\/istaknuto\/item\/236491-u-nepovrat-otislo-20-milion-km-izgradnja-bloka-7-te-tuzla-zvanicno-propala\/#breadcrumb\"},\"inLanguage\":\"bs-BA\",\"potentialAction\":[{\"@type\":\"ReadAction\",\"target\":[\"https:\/\/tuzlainfo.ba\/index.php\/istaknuto\/item\/236491-u-nepovrat-otislo-20-milion-km-izgradnja-bloka-7-te-tuzla-zvanicno-propala\/\"]}]},{\"@type\":\"ImageObject\",\"inLanguage\":\"bs-BA\",\"@id\":\"https:\/\/tuzlainfo.ba\/index.php\/istaknuto\/item\/236491-u-nepovrat-otislo-20-milion-km-izgradnja-bloka-7-te-tuzla-zvanicno-propala\/#primaryimage\",\"url\":\"https:\/\/tuzlainfo.ba\/wp-content\/uploads\/2021\/02\/sadrzaj_2019_20190101_0105_termoelektrana.jpg\",\"contentUrl\":\"https:\/\/tuzlainfo.ba\/wp-content\/uploads\/2021\/02\/sadrzaj_2019_20190101_0105_termoelektrana.jpg\",\"width\":770,\"height\":446,\"caption\":\"0105 termoelektrana\"},{\"@type\":\"BreadcrumbList\",\"@id\":\"https:\/\/tuzlainfo.ba\/index.php\/istaknuto\/item\/236491-u-nepovrat-otislo-20-milion-km-izgradnja-bloka-7-te-tuzla-zvanicno-propala\/#breadcrumb\",\"itemListElement\":[{\"@type\":\"ListItem\",\"position\":1,\"name\":\"Home\",\"item\":\"https:\/\/tuzlainfo.ba\/\"},{\"@type\":\"ListItem\",\"position\":2,\"name\":\"U nepovrat oti\u0161lo 20 milion KM: Izgradnja Bloka 7 TE Tuzla zvani\u010dno propala?\"}]},{\"@type\":\"WebSite\",\"@id\":\"https:\/\/tuzlainfo.ba\/#website\",\"url\":\"https:\/\/tuzlainfo.ba\/\",\"name\":\"TuzlaInfo.ba\",\"description\":\"Tuzla info, gradski informator - Tuzla na dlanu\",\"publisher\":{\"@id\":\"https:\/\/tuzlainfo.ba\/#organization\"},\"potentialAction\":[{\"@type\":\"SearchAction\",\"target\":{\"@type\":\"EntryPoint\",\"urlTemplate\":\"https:\/\/tuzlainfo.ba\/?s={search_term_string}\"},\"query-input\":{\"@type\":\"PropertyValueSpecification\",\"valueRequired\":true,\"valueName\":\"search_term_string\"}}],\"inLanguage\":\"bs-BA\"},{\"@type\":\"Organization\",\"@id\":\"https:\/\/tuzlainfo.ba\/#organization\",\"name\":\"TuzlaInfo.ba\",\"url\":\"https:\/\/tuzlainfo.ba\/\",\"logo\":{\"@type\":\"ImageObject\",\"inLanguage\":\"bs-BA\",\"@id\":\"https:\/\/tuzlainfo.ba\/#\/schema\/logo\/image\/\",\"url\":\"https:\/\/tuzlainfo.ba\/wp-content\/uploads\/2021\/03\/logo-ver-3-1.png\",\"contentUrl\":\"https:\/\/tuzlainfo.ba\/wp-content\/uploads\/2021\/03\/logo-ver-3-1.png\",\"width\":350,\"height\":95,\"caption\":\"TuzlaInfo.ba\"},\"image\":{\"@id\":\"https:\/\/tuzlainfo.ba\/#\/schema\/logo\/image\/\"},\"sameAs\":[\"https:\/\/www.facebook.com\/tuzlainfo.ba\/\"]},{\"@type\":\"Person\",\"@id\":\"https:\/\/tuzlainfo.ba\/#\/schema\/person\/46cad4c57790cbc50781edd14870825a\",\"name\":\"Tuzla Info\",\"image\":{\"@type\":\"ImageObject\",\"inLanguage\":\"bs-BA\",\"@id\":\"https:\/\/tuzlainfo.ba\/#\/schema\/person\/image\/\",\"url\":\"https:\/\/tuzlainfo.ba\/wp-content\/litespeed\/avatar\/b6c453a6c38e3654f2e4416c643fc25c.jpg?ver=1777051911\",\"contentUrl\":\"https:\/\/tuzlainfo.ba\/wp-content\/litespeed\/avatar\/b6c453a6c38e3654f2e4416c643fc25c.jpg?ver=1777051911\",\"caption\":\"Tuzla Info\"}}]}<\/script>\n<!-- \/ Yoast SEO plugin. -->","yoast_head_json":{"title":"U nepovrat oti\u0161lo 20 milion KM: Izgradnja Bloka 7 TE Tuzla zvani\u010dno propala? - TuzlaInfo.ba","robots":{"index":"index","follow":"follow","max-snippet":"max-snippet:-1","max-image-preview":"max-image-preview:large","max-video-preview":"max-video-preview:-1"},"canonical":"https:\/\/tuzlainfo.ba\/index.php\/istaknuto\/item\/236491-u-nepovrat-otislo-20-milion-km-izgradnja-bloka-7-te-tuzla-zvanicno-propala\/","og_locale":"bs_BA","og_type":"article","og_title":"U nepovrat oti\u0161lo 20 milion KM: Izgradnja Bloka 7 TE Tuzla zvani\u010dno propala? - TuzlaInfo.ba","og_description":"Elektroprivreda Bosne i Hercegovine do objave ovog teksta nije se oglasila povodom informacija u medijima&hellip;","og_url":"https:\/\/tuzlainfo.ba\/index.php\/istaknuto\/item\/236491-u-nepovrat-otislo-20-milion-km-izgradnja-bloka-7-te-tuzla-zvanicno-propala\/","og_site_name":"TuzlaInfo.ba","article_publisher":"https:\/\/www.facebook.com\/tuzlainfo.ba\/","article_published_time":"2024-04-25T07:04:06+00:00","article_modified_time":"2024-04-25T05:05:01+00:00","og_image":[{"width":770,"height":446,"url":"https:\/\/tuzlainfo.ba\/wp-content\/uploads\/2021\/02\/sadrzaj_2019_20190101_0105_termoelektrana.jpg","type":"image\/jpeg"}],"author":"Tuzla Info","twitter_card":"summary_large_image","twitter_misc":{"Written by":"Tuzla Info","Est. reading time":"2 minute"},"schema":{"@context":"https:\/\/schema.org","@graph":[{"@type":"Article","@id":"https:\/\/tuzlainfo.ba\/index.php\/istaknuto\/item\/236491-u-nepovrat-otislo-20-milion-km-izgradnja-bloka-7-te-tuzla-zvanicno-propala\/#article","isPartOf":{"@id":"https:\/\/tuzlainfo.ba\/index.php\/istaknuto\/item\/236491-u-nepovrat-otislo-20-milion-km-izgradnja-bloka-7-te-tuzla-zvanicno-propala\/"},"author":{"name":"Tuzla Info","@id":"https:\/\/tuzlainfo.ba\/#\/schema\/person\/46cad4c57790cbc50781edd14870825a"},"headline":"U nepovrat oti\u0161lo 20 milion KM: Izgradnja Bloka 7 TE Tuzla zvani\u010dno propala?","datePublished":"2024-04-25T07:04:06+00:00","dateModified":"2024-04-25T05:05:01+00:00","mainEntityOfPage":{"@id":"https:\/\/tuzlainfo.ba\/index.php\/istaknuto\/item\/236491-u-nepovrat-otislo-20-milion-km-izgradnja-bloka-7-te-tuzla-zvanicno-propala\/"},"wordCount":233,"publisher":{"@id":"https:\/\/tuzlainfo.ba\/#organization"},"image":{"@id":"https:\/\/tuzlainfo.ba\/index.php\/istaknuto\/item\/236491-u-nepovrat-otislo-20-milion-km-izgradnja-bloka-7-te-tuzla-zvanicno-propala\/#primaryimage"},"thumbnailUrl":"https:\/\/tuzlainfo.ba\/wp-content\/uploads\/2021\/02\/sadrzaj_2019_20190101_0105_termoelektrana.jpg","keywords":["blok 7","termoelektrana tuzla"],"articleSection":["Istaknuto","Novosti"],"inLanguage":"bs-BA"},{"@type":"WebPage","@id":"https:\/\/tuzlainfo.ba\/index.php\/istaknuto\/item\/236491-u-nepovrat-otislo-20-milion-km-izgradnja-bloka-7-te-tuzla-zvanicno-propala\/","url":"https:\/\/tuzlainfo.ba\/index.php\/istaknuto\/item\/236491-u-nepovrat-otislo-20-milion-km-izgradnja-bloka-7-te-tuzla-zvanicno-propala\/","name":"U nepovrat oti\u0161lo 20 milion KM: Izgradnja Bloka 7 TE Tuzla zvani\u010dno propala? - TuzlaInfo.ba","isPartOf":{"@id":"https:\/\/tuzlainfo.ba\/#website"},"primaryImageOfPage":{"@id":"https:\/\/tuzlainfo.ba\/index.php\/istaknuto\/item\/236491-u-nepovrat-otislo-20-milion-km-izgradnja-bloka-7-te-tuzla-zvanicno-propala\/#primaryimage"},"image":{"@id":"https:\/\/tuzlainfo.ba\/index.php\/istaknuto\/item\/236491-u-nepovrat-otislo-20-milion-km-izgradnja-bloka-7-te-tuzla-zvanicno-propala\/#primaryimage"},"thumbnailUrl":"https:\/\/tuzlainfo.ba\/wp-content\/uploads\/2021\/02\/sadrzaj_2019_20190101_0105_termoelektrana.jpg","datePublished":"2024-04-25T07:04:06+00:00","dateModified":"2024-04-25T05:05:01+00:00","breadcrumb":{"@id":"https:\/\/tuzlainfo.ba\/index.php\/istaknuto\/item\/236491-u-nepovrat-otislo-20-milion-km-izgradnja-bloka-7-te-tuzla-zvanicno-propala\/#breadcrumb"},"inLanguage":"bs-BA","potentialAction":[{"@type":"ReadAction","target":["https:\/\/tuzlainfo.ba\/index.php\/istaknuto\/item\/236491-u-nepovrat-otislo-20-milion-km-izgradnja-bloka-7-te-tuzla-zvanicno-propala\/"]}]},{"@type":"ImageObject","inLanguage":"bs-BA","@id":"https:\/\/tuzlainfo.ba\/index.php\/istaknuto\/item\/236491-u-nepovrat-otislo-20-milion-km-izgradnja-bloka-7-te-tuzla-zvanicno-propala\/#primaryimage","url":"https:\/\/tuzlainfo.ba\/wp-content\/uploads\/2021\/02\/sadrzaj_2019_20190101_0105_termoelektrana.jpg","contentUrl":"https:\/\/tuzlainfo.ba\/wp-content\/uploads\/2021\/02\/sadrzaj_2019_20190101_0105_termoelektrana.jpg","width":770,"height":446,"caption":"0105 termoelektrana"},{"@type":"BreadcrumbList","@id":"https:\/\/tuzlainfo.ba\/index.php\/istaknuto\/item\/236491-u-nepovrat-otislo-20-milion-km-izgradnja-bloka-7-te-tuzla-zvanicno-propala\/#breadcrumb","itemListElement":[{"@type":"ListItem","position":1,"name":"Home","item":"https:\/\/tuzlainfo.ba\/"},{"@type":"ListItem","position":2,"name":"U nepovrat oti\u0161lo 20 milion KM: Izgradnja Bloka 7 TE Tuzla zvani\u010dno propala?"}]},{"@type":"WebSite","@id":"https:\/\/tuzlainfo.ba\/#website","url":"https:\/\/tuzlainfo.ba\/","name":"TuzlaInfo.ba","description":"Tuzla info, gradski informator - Tuzla na dlanu","publisher":{"@id":"https:\/\/tuzlainfo.ba\/#organization"},"potentialAction":[{"@type":"SearchAction","target":{"@type":"EntryPoint","urlTemplate":"https:\/\/tuzlainfo.ba\/?s={search_term_string}"},"query-input":{"@type":"PropertyValueSpecification","valueRequired":true,"valueName":"search_term_string"}}],"inLanguage":"bs-BA"},{"@type":"Organization","@id":"https:\/\/tuzlainfo.ba\/#organization","name":"TuzlaInfo.ba","url":"https:\/\/tuzlainfo.ba\/","logo":{"@type":"ImageObject","inLanguage":"bs-BA","@id":"https:\/\/tuzlainfo.ba\/#\/schema\/logo\/image\/","url":"https:\/\/tuzlainfo.ba\/wp-content\/uploads\/2021\/03\/logo-ver-3-1.png","contentUrl":"https:\/\/tuzlainfo.ba\/wp-content\/uploads\/2021\/03\/logo-ver-3-1.png","width":350,"height":95,"caption":"TuzlaInfo.ba"},"image":{"@id":"https:\/\/tuzlainfo.ba\/#\/schema\/logo\/image\/"},"sameAs":["https:\/\/www.facebook.com\/tuzlainfo.ba\/"]},{"@type":"Person","@id":"https:\/\/tuzlainfo.ba\/#\/schema\/person\/46cad4c57790cbc50781edd14870825a","name":"Tuzla Info","image":{"@type":"ImageObject","inLanguage":"bs-BA","@id":"https:\/\/tuzlainfo.ba\/#\/schema\/person\/image\/","url":"https:\/\/tuzlainfo.ba\/wp-content\/litespeed\/avatar\/b6c453a6c38e3654f2e4416c643fc25c.jpg?ver=1777051911","contentUrl":"https:\/\/tuzlainfo.ba\/wp-content\/litespeed\/avatar\/b6c453a6c38e3654f2e4416c643fc25c.jpg?ver=1777051911","caption":"Tuzla Info"}}]}},"_links":{"self":[{"href":"https:\/\/tuzlainfo.ba\/index.php\/wp-json\/wp\/v2\/posts\/236491"}],"collection":[{"href":"https:\/\/tuzlainfo.ba\/index.php\/wp-json\/wp\/v2\/posts"}],"about":[{"href":"https:\/\/tuzlainfo.ba\/index.php\/wp-json\/wp\/v2\/types\/post"}],"author":[{"embeddable":true,"href":"https:\/\/tuzlainfo.ba\/index.php\/wp-json\/wp\/v2\/users\/4"}],"replies":[{"embeddable":true,"href":"https:\/\/tuzlainfo.ba\/index.php\/wp-json\/wp\/v2\/comments?post=236491"}],"version-history":[{"count":1,"href":"https:\/\/tuzlainfo.ba\/index.php\/wp-json\/wp\/v2\/posts\/236491\/revisions"}],"predecessor-version":[{"id":236492,"href":"https:\/\/tuzlainfo.ba\/index.php\/wp-json\/wp\/v2\/posts\/236491\/revisions\/236492"}],"wp:featuredmedia":[{"embeddable":true,"href":"https:\/\/tuzlainfo.ba\/index.php\/wp-json\/wp\/v2\/media\/86796"}],"wp:attachment":[{"href":"https:\/\/tuzlainfo.ba\/index.php\/wp-json\/wp\/v2\/media?parent=236491"}],"wp:term":[{"taxonomy":"category","embeddable":true,"href":"https:\/\/tuzlainfo.ba\/index.php\/wp-json\/wp\/v2\/categories?post=236491"},{"taxonomy":"post_tag","embeddable":true,"href":"https:\/\/tuzlainfo.ba\/index.php\/wp-json\/wp\/v2\/tags?post=236491"}],"curies":[{"name":"wp","href":"https:\/\/api.w.org\/{rel}","templated":true}]}}