{"id":236002,"date":"2024-04-18T21:04:44","date_gmt":"2024-04-18T19:04:44","guid":{"rendered":"https:\/\/tuzlainfo.ba\/?p=236002"},"modified":"2024-04-18T17:11:09","modified_gmt":"2024-04-18T15:11:09","slug":"alisa-mutap-na-izdrzavanje-kazne-ide-u-kpz-tuzla","status":"publish","type":"post","link":"https:\/\/tuzlainfo.ba\/index.php\/bosna-i-hercegovina\/item\/236002-alisa-mutap-na-izdrzavanje-kazne-ide-u-kpz-tuzla\/","title":{"rendered":"Alisa Mutap na izdr\u017eavanje kazne ide u KPZ Tuzla"},"content":{"rendered":"<div class=\"article-content font-Roboto \">\n<p>Iz Suda BiH odgovorili su na upit &#8220;Avaza&#8221; da li je ova institucija poslala uputni akt za izdr\u017eavanje kazne zatvora za pravosna\u017eno osu\u0111enu Alisu Mutap Rami\u0107, u predmetu &#8220;D\u017eenan Memi\u0107&#8221;<\/p>\n<div id=\"taboola-sponsored-mid-article\" class=\" trc_related_container trc_spotlight_widget\">\u00a0&#8211; Optu\u017eena Alisa Rami\u0107 nije upu\u0107ena na izdr\u017eavanje kazne zatvora jer se za to nisu stekli zakonski uslovi &#8211; re\u010deno je iz Suda.<\/div>\n<\/div>\n<div class=\"article-content font-Roboto \">\n<p>Na pitanje da li je eventualno tra\u017eena odgoda izdr\u017eavanja, re\u010deno je:<\/p>\n<p>&#8211; U pogledu odgode izdr\u017eavanja kazne, takvu molbu Sud nije zaprimio.<\/p>\n<\/div>\n<div class=\"article-content font-Roboto \">\n<p>\u00a0&#8211; Sud BiH, podsje\u0107amo, donio je po\u010detkom aprila pravosna\u017enu presudu kojom je Alisa Mutap, biv\u0161a djevojka D\u017eenana Memi\u0107a, pravosna\u017eno osu\u0111ena na dvije i po godine zatvora.<\/p>\n<p>Ona je osu\u0111ena za davanje la\u017enog iskaza u vezi sa stradanjem D\u017eenana Memi\u0107a u Velikoj aleji na Ilid\u017ei u februaru 2016.godine.<\/p>\n<p><strong>Prema informacijama &#8220;Avaza&#8221; Alisa Mutap \u0107e biti poslana na izdr\u017eavanje kazne u KPZ Tuzla, gdje se nalazi \u017eenski odjel za osu\u0111enike.<\/strong><\/p>\n<\/div>\n","protected":false},"excerpt":{"rendered":"<p>Iz Suda BiH odgovorili su na upit &#8220;Avaza&#8221; da li je ova institucija poslala uputni akt za izdr\u017eavanje kazne zatvora za pravosna\u017eno osu\u0111enu Alisu Mutap Rami\u0107, u predmetu &#8220;D\u017eenan Memi\u0107&#8221; \u00a0&#8211; Optu\u017eena Alisa Rami\u0107 nije upu\u0107ena na izdr\u017eavanje kazne zatvora jer se za to nisu stekli zakonski uslovi &#8211; re\u010deno je iz Suda. Na pitanje [&hellip;]<\/p>\n","protected":false},"author":4,"featured_media":86061,"comment_status":"closed","ping_status":"closed","sticky":false,"template":"","format":"standard","meta":{"footnotes":""},"categories":[291,304],"tags":[1624,766,1239],"class_list":["post-236002","post","type-post","status-publish","format-standard","has-post-thumbnail","hentry","category-bosna-i-hercegovina","category-istaknuto","tag-alisa-mutap","tag-dzenan-memic","tag-kpz-tuzla"],"yoast_head":"<!-- This site is optimized with the Yoast SEO plugin v28.4 - https:\/\/yoast.com\/product\/yoast-seo-wordpress\/ -->\n<title>Alisa Mutap na izdr\u017eavanje kazne ide u KPZ Tuzla<\/title>\n<meta name=\"robots\" content=\"index, follow, max-snippet:-1, max-image-preview:large, max-video-preview:-1\" \/>\n<link rel=\"canonical\" href=\"https:\/\/tuzlainfo.ba\/index.php\/bosna-i-hercegovina\/item\/236002-alisa-mutap-na-izdrzavanje-kazne-ide-u-kpz-tuzla\/\" \/>\n<meta property=\"og:locale\" content=\"bs_BA\" \/>\n<meta property=\"og:type\" content=\"article\" \/>\n<meta property=\"og:title\" content=\"Alisa Mutap na izdr\u017eavanje kazne ide u KPZ Tuzla\" \/>\n<meta property=\"og:description\" content=\"Iz Suda BiH odgovorili su na upit &#8220;Avaza&#8221; da li je ova institucija poslala uputni akt za izdr\u017eavanje kazne zatvora za pravosna\u017eno osu\u0111enu Alisu Mutap Rami\u0107, u predmetu &#8220;D\u017eenan Memi\u0107&#8221; \u00a0&#8211; Optu\u017eena Alisa Rami\u0107 nije upu\u0107ena na izdr\u017eavanje kazne zatvora jer se za to nisu stekli zakonski uslovi &#8211; re\u010deno je iz Suda. Na pitanje [&hellip;]\" \/>\n<meta property=\"og:url\" content=\"https:\/\/tuzlainfo.ba\/index.php\/bosna-i-hercegovina\/item\/236002-alisa-mutap-na-izdrzavanje-kazne-ide-u-kpz-tuzla\/\" \/>\n<meta property=\"og:site_name\" content=\"TuzlaInfo.ba\" \/>\n<meta property=\"article:publisher\" content=\"https:\/\/www.facebook.com\/tuzlainfo.ba\/\" \/>\n<meta property=\"article:published_time\" content=\"2024-04-18T19:04:44+00:00\" \/>\n<meta property=\"og:image\" content=\"https:\/\/tuzlainfo.ba\/wp-content\/uploads\/2021\/02\/sadrzaj_2021_20210201_0102_alisa.jpg\" \/>\n\t<meta property=\"og:image:width\" content=\"770\" \/>\n\t<meta property=\"og:image:height\" content=\"466\" \/>\n\t<meta property=\"og:image:type\" content=\"image\/jpeg\" \/>\n<meta name=\"author\" content=\"Tuzla Info\" \/>\n<meta name=\"twitter:card\" content=\"summary_large_image\" \/>\n<meta name=\"twitter:label1\" content=\"Written by\" \/>\n\t<meta name=\"twitter:data1\" content=\"Tuzla Info\" \/>\n\t<meta name=\"twitter:label2\" content=\"Est. reading time\" \/>\n\t<meta name=\"twitter:data2\" content=\"1 minuta\" \/>\n<script type=\"application\/ld+json\" class=\"yoast-schema-graph\">{\"@context\":\"https:\\\/\\\/schema.org\",\"@graph\":[{\"@type\":\"Article\",\"@id\":\"https:\\\/\\\/tuzlainfo.ba\\\/index.php\\\/bosna-i-hercegovina\\\/item\\\/236002-alisa-mutap-na-izdrzavanje-kazne-ide-u-kpz-tuzla\\\/#article\",\"isPartOf\":{\"@id\":\"https:\\\/\\\/tuzlainfo.ba\\\/index.php\\\/bosna-i-hercegovina\\\/item\\\/236002-alisa-mutap-na-izdrzavanje-kazne-ide-u-kpz-tuzla\\\/\"},\"author\":{\"name\":\"Tuzla Info\",\"@id\":\"https:\\\/\\\/tuzlainfo.ba\\\/#\\\/schema\\\/person\\\/46cad4c57790cbc50781edd14870825a\"},\"headline\":\"Alisa Mutap na izdr\u017eavanje kazne ide u KPZ Tuzla\",\"datePublished\":\"2024-04-18T19:04:44+00:00\",\"mainEntityOfPage\":{\"@id\":\"https:\\\/\\\/tuzlainfo.ba\\\/index.php\\\/bosna-i-hercegovina\\\/item\\\/236002-alisa-mutap-na-izdrzavanje-kazne-ide-u-kpz-tuzla\\\/\"},\"wordCount\":180,\"publisher\":{\"@id\":\"https:\\\/\\\/tuzlainfo.ba\\\/#organization\"},\"image\":{\"@id\":\"https:\\\/\\\/tuzlainfo.ba\\\/index.php\\\/bosna-i-hercegovina\\\/item\\\/236002-alisa-mutap-na-izdrzavanje-kazne-ide-u-kpz-tuzla\\\/#primaryimage\"},\"thumbnailUrl\":\"https:\\\/\\\/tuzlainfo.ba\\\/wp-content\\\/uploads\\\/2021\\\/02\\\/sadrzaj_2021_20210201_0102_alisa.jpg\",\"keywords\":[\"alisa mutap\",\"d\u017eenan memi\u0107\",\"KPZ Tuzla\"],\"articleSection\":[\"Bosna i Hercegovina\",\"Istaknuto\"],\"inLanguage\":\"bs-BA\",\"copyrightYear\":\"2024\",\"copyrightHolder\":{\"@id\":\"https:\\\/\\\/tuzlainfo.ba\\\/#organization\"}},{\"@type\":\"WebPage\",\"@id\":\"https:\\\/\\\/tuzlainfo.ba\\\/index.php\\\/bosna-i-hercegovina\\\/item\\\/236002-alisa-mutap-na-izdrzavanje-kazne-ide-u-kpz-tuzla\\\/\",\"url\":\"https:\\\/\\\/tuzlainfo.ba\\\/index.php\\\/bosna-i-hercegovina\\\/item\\\/236002-alisa-mutap-na-izdrzavanje-kazne-ide-u-kpz-tuzla\\\/\",\"name\":\"Alisa Mutap na izdr\u017eavanje kazne ide u KPZ Tuzla\",\"isPartOf\":{\"@id\":\"https:\\\/\\\/tuzlainfo.ba\\\/#website\"},\"primaryImageOfPage\":{\"@id\":\"https:\\\/\\\/tuzlainfo.ba\\\/index.php\\\/bosna-i-hercegovina\\\/item\\\/236002-alisa-mutap-na-izdrzavanje-kazne-ide-u-kpz-tuzla\\\/#primaryimage\"},\"image\":{\"@id\":\"https:\\\/\\\/tuzlainfo.ba\\\/index.php\\\/bosna-i-hercegovina\\\/item\\\/236002-alisa-mutap-na-izdrzavanje-kazne-ide-u-kpz-tuzla\\\/#primaryimage\"},\"thumbnailUrl\":\"https:\\\/\\\/tuzlainfo.ba\\\/wp-content\\\/uploads\\\/2021\\\/02\\\/sadrzaj_2021_20210201_0102_alisa.jpg\",\"datePublished\":\"2024-04-18T19:04:44+00:00\",\"breadcrumb\":{\"@id\":\"https:\\\/\\\/tuzlainfo.ba\\\/index.php\\\/bosna-i-hercegovina\\\/item\\\/236002-alisa-mutap-na-izdrzavanje-kazne-ide-u-kpz-tuzla\\\/#breadcrumb\"},\"inLanguage\":\"bs-BA\",\"potentialAction\":[{\"@type\":\"ReadAction\",\"target\":[\"https:\\\/\\\/tuzlainfo.ba\\\/index.php\\\/bosna-i-hercegovina\\\/item\\\/236002-alisa-mutap-na-izdrzavanje-kazne-ide-u-kpz-tuzla\\\/\"]}]},{\"@type\":\"ImageObject\",\"inLanguage\":\"bs-BA\",\"@id\":\"https:\\\/\\\/tuzlainfo.ba\\\/index.php\\\/bosna-i-hercegovina\\\/item\\\/236002-alisa-mutap-na-izdrzavanje-kazne-ide-u-kpz-tuzla\\\/#primaryimage\",\"url\":\"https:\\\/\\\/tuzlainfo.ba\\\/wp-content\\\/uploads\\\/2021\\\/02\\\/sadrzaj_2021_20210201_0102_alisa.jpg\",\"contentUrl\":\"https:\\\/\\\/tuzlainfo.ba\\\/wp-content\\\/uploads\\\/2021\\\/02\\\/sadrzaj_2021_20210201_0102_alisa.jpg\",\"width\":770,\"height\":466,\"caption\":\"0102 alisa\"},{\"@type\":\"BreadcrumbList\",\"@id\":\"https:\\\/\\\/tuzlainfo.ba\\\/index.php\\\/bosna-i-hercegovina\\\/item\\\/236002-alisa-mutap-na-izdrzavanje-kazne-ide-u-kpz-tuzla\\\/#breadcrumb\",\"itemListElement\":[{\"@type\":\"ListItem\",\"position\":1,\"name\":\"Home\",\"item\":\"https:\\\/\\\/tuzlainfo.ba\\\/\"},{\"@type\":\"ListItem\",\"position\":2,\"name\":\"Alisa Mutap na izdr\u017eavanje kazne ide u KPZ Tuzla\"}]},{\"@type\":\"WebSite\",\"@id\":\"https:\\\/\\\/tuzlainfo.ba\\\/#website\",\"url\":\"https:\\\/\\\/tuzlainfo.ba\\\/\",\"name\":\"TuzlaInfo.ba\",\"description\":\"Tuzla info, gradski informator - Tuzla na dlanu\",\"publisher\":{\"@id\":\"https:\\\/\\\/tuzlainfo.ba\\\/#organization\"},\"potentialAction\":[{\"@type\":\"SearchAction\",\"target\":{\"@type\":\"EntryPoint\",\"urlTemplate\":\"https:\\\/\\\/tuzlainfo.ba\\\/?s={search_term_string}\"},\"query-input\":{\"@type\":\"PropertyValueSpecification\",\"valueRequired\":true,\"valueName\":\"search_term_string\"}}],\"inLanguage\":\"bs-BA\"},{\"@type\":\"Organization\",\"@id\":\"https:\\\/\\\/tuzlainfo.ba\\\/#organization\",\"name\":\"TuzlaInfo.ba\",\"url\":\"https:\\\/\\\/tuzlainfo.ba\\\/\",\"logo\":{\"@type\":\"ImageObject\",\"inLanguage\":\"bs-BA\",\"@id\":\"https:\\\/\\\/tuzlainfo.ba\\\/#\\\/schema\\\/logo\\\/image\\\/\",\"url\":\"https:\\\/\\\/tuzlainfo.ba\\\/wp-content\\\/uploads\\\/2021\\\/03\\\/logo-ver-3-1.png\",\"contentUrl\":\"https:\\\/\\\/tuzlainfo.ba\\\/wp-content\\\/uploads\\\/2021\\\/03\\\/logo-ver-3-1.png\",\"width\":350,\"height\":95,\"caption\":\"TuzlaInfo.ba\"},\"image\":{\"@id\":\"https:\\\/\\\/tuzlainfo.ba\\\/#\\\/schema\\\/logo\\\/image\\\/\"},\"sameAs\":[\"https:\\\/\\\/www.facebook.com\\\/tuzlainfo.ba\\\/\"]},{\"@type\":\"Person\",\"@id\":\"https:\\\/\\\/tuzlainfo.ba\\\/#\\\/schema\\\/person\\\/46cad4c57790cbc50781edd14870825a\",\"name\":\"Tuzla Info\",\"image\":{\"@type\":\"ImageObject\",\"inLanguage\":\"bs-BA\",\"@id\":\"https:\\\/\\\/secure.gravatar.com\\\/avatar\\\/e980921b00fa2e552723a2386544734ce6885d2b2304ccca3f45186f9ca4031d?s=96&d=mm&r=g\",\"url\":\"https:\\\/\\\/secure.gravatar.com\\\/avatar\\\/e980921b00fa2e552723a2386544734ce6885d2b2304ccca3f45186f9ca4031d?s=96&d=mm&r=g\",\"contentUrl\":\"https:\\\/\\\/secure.gravatar.com\\\/avatar\\\/e980921b00fa2e552723a2386544734ce6885d2b2304ccca3f45186f9ca4031d?s=96&d=mm&r=g\",\"caption\":\"Tuzla Info\"}}]}<\/script>\n<!-- \/ Yoast SEO plugin. -->","yoast_head_json":{"title":"Alisa Mutap na izdr\u017eavanje kazne ide u KPZ Tuzla","robots":{"index":"index","follow":"follow","max-snippet":"max-snippet:-1","max-image-preview":"max-image-preview:large","max-video-preview":"max-video-preview:-1"},"canonical":"https:\/\/tuzlainfo.ba\/index.php\/bosna-i-hercegovina\/item\/236002-alisa-mutap-na-izdrzavanje-kazne-ide-u-kpz-tuzla\/","og_locale":"bs_BA","og_type":"article","og_title":"Alisa Mutap na izdr\u017eavanje kazne ide u KPZ Tuzla","og_description":"Iz Suda BiH odgovorili su na upit &#8220;Avaza&#8221; da li je ova institucija poslala uputni akt za izdr\u017eavanje kazne zatvora za pravosna\u017eno osu\u0111enu Alisu Mutap Rami\u0107, u predmetu &#8220;D\u017eenan Memi\u0107&#8221; \u00a0&#8211; Optu\u017eena Alisa Rami\u0107 nije upu\u0107ena na izdr\u017eavanje kazne zatvora jer se za to nisu stekli zakonski uslovi &#8211; re\u010deno je iz Suda. Na pitanje [&hellip;]","og_url":"https:\/\/tuzlainfo.ba\/index.php\/bosna-i-hercegovina\/item\/236002-alisa-mutap-na-izdrzavanje-kazne-ide-u-kpz-tuzla\/","og_site_name":"TuzlaInfo.ba","article_publisher":"https:\/\/www.facebook.com\/tuzlainfo.ba\/","article_published_time":"2024-04-18T19:04:44+00:00","og_image":[{"width":770,"height":466,"url":"https:\/\/tuzlainfo.ba\/wp-content\/uploads\/2021\/02\/sadrzaj_2021_20210201_0102_alisa.jpg","type":"image\/jpeg"}],"author":"Tuzla Info","twitter_card":"summary_large_image","twitter_misc":{"Written by":"Tuzla Info","Est. reading time":"1 minuta"},"schema":{"@context":"https:\/\/schema.org","@graph":[{"@type":"Article","@id":"https:\/\/tuzlainfo.ba\/index.php\/bosna-i-hercegovina\/item\/236002-alisa-mutap-na-izdrzavanje-kazne-ide-u-kpz-tuzla\/#article","isPartOf":{"@id":"https:\/\/tuzlainfo.ba\/index.php\/bosna-i-hercegovina\/item\/236002-alisa-mutap-na-izdrzavanje-kazne-ide-u-kpz-tuzla\/"},"author":{"name":"Tuzla Info","@id":"https:\/\/tuzlainfo.ba\/#\/schema\/person\/46cad4c57790cbc50781edd14870825a"},"headline":"Alisa Mutap na izdr\u017eavanje kazne ide u KPZ Tuzla","datePublished":"2024-04-18T19:04:44+00:00","mainEntityOfPage":{"@id":"https:\/\/tuzlainfo.ba\/index.php\/bosna-i-hercegovina\/item\/236002-alisa-mutap-na-izdrzavanje-kazne-ide-u-kpz-tuzla\/"},"wordCount":180,"publisher":{"@id":"https:\/\/tuzlainfo.ba\/#organization"},"image":{"@id":"https:\/\/tuzlainfo.ba\/index.php\/bosna-i-hercegovina\/item\/236002-alisa-mutap-na-izdrzavanje-kazne-ide-u-kpz-tuzla\/#primaryimage"},"thumbnailUrl":"https:\/\/tuzlainfo.ba\/wp-content\/uploads\/2021\/02\/sadrzaj_2021_20210201_0102_alisa.jpg","keywords":["alisa mutap","d\u017eenan memi\u0107","KPZ Tuzla"],"articleSection":["Bosna i Hercegovina","Istaknuto"],"inLanguage":"bs-BA","copyrightYear":"2024","copyrightHolder":{"@id":"https:\/\/tuzlainfo.ba\/#organization"}},{"@type":"WebPage","@id":"https:\/\/tuzlainfo.ba\/index.php\/bosna-i-hercegovina\/item\/236002-alisa-mutap-na-izdrzavanje-kazne-ide-u-kpz-tuzla\/","url":"https:\/\/tuzlainfo.ba\/index.php\/bosna-i-hercegovina\/item\/236002-alisa-mutap-na-izdrzavanje-kazne-ide-u-kpz-tuzla\/","name":"Alisa Mutap na izdr\u017eavanje kazne ide u KPZ Tuzla","isPartOf":{"@id":"https:\/\/tuzlainfo.ba\/#website"},"primaryImageOfPage":{"@id":"https:\/\/tuzlainfo.ba\/index.php\/bosna-i-hercegovina\/item\/236002-alisa-mutap-na-izdrzavanje-kazne-ide-u-kpz-tuzla\/#primaryimage"},"image":{"@id":"https:\/\/tuzlainfo.ba\/index.php\/bosna-i-hercegovina\/item\/236002-alisa-mutap-na-izdrzavanje-kazne-ide-u-kpz-tuzla\/#primaryimage"},"thumbnailUrl":"https:\/\/tuzlainfo.ba\/wp-content\/uploads\/2021\/02\/sadrzaj_2021_20210201_0102_alisa.jpg","datePublished":"2024-04-18T19:04:44+00:00","breadcrumb":{"@id":"https:\/\/tuzlainfo.ba\/index.php\/bosna-i-hercegovina\/item\/236002-alisa-mutap-na-izdrzavanje-kazne-ide-u-kpz-tuzla\/#breadcrumb"},"inLanguage":"bs-BA","potentialAction":[{"@type":"ReadAction","target":["https:\/\/tuzlainfo.ba\/index.php\/bosna-i-hercegovina\/item\/236002-alisa-mutap-na-izdrzavanje-kazne-ide-u-kpz-tuzla\/"]}]},{"@type":"ImageObject","inLanguage":"bs-BA","@id":"https:\/\/tuzlainfo.ba\/index.php\/bosna-i-hercegovina\/item\/236002-alisa-mutap-na-izdrzavanje-kazne-ide-u-kpz-tuzla\/#primaryimage","url":"https:\/\/tuzlainfo.ba\/wp-content\/uploads\/2021\/02\/sadrzaj_2021_20210201_0102_alisa.jpg","contentUrl":"https:\/\/tuzlainfo.ba\/wp-content\/uploads\/2021\/02\/sadrzaj_2021_20210201_0102_alisa.jpg","width":770,"height":466,"caption":"0102 alisa"},{"@type":"BreadcrumbList","@id":"https:\/\/tuzlainfo.ba\/index.php\/bosna-i-hercegovina\/item\/236002-alisa-mutap-na-izdrzavanje-kazne-ide-u-kpz-tuzla\/#breadcrumb","itemListElement":[{"@type":"ListItem","position":1,"name":"Home","item":"https:\/\/tuzlainfo.ba\/"},{"@type":"ListItem","position":2,"name":"Alisa Mutap na izdr\u017eavanje kazne ide u KPZ Tuzla"}]},{"@type":"WebSite","@id":"https:\/\/tuzlainfo.ba\/#website","url":"https:\/\/tuzlainfo.ba\/","name":"TuzlaInfo.ba","description":"Tuzla info, gradski informator - Tuzla na dlanu","publisher":{"@id":"https:\/\/tuzlainfo.ba\/#organization"},"potentialAction":[{"@type":"SearchAction","target":{"@type":"EntryPoint","urlTemplate":"https:\/\/tuzlainfo.ba\/?s={search_term_string}"},"query-input":{"@type":"PropertyValueSpecification","valueRequired":true,"valueName":"search_term_string"}}],"inLanguage":"bs-BA"},{"@type":"Organization","@id":"https:\/\/tuzlainfo.ba\/#organization","name":"TuzlaInfo.ba","url":"https:\/\/tuzlainfo.ba\/","logo":{"@type":"ImageObject","inLanguage":"bs-BA","@id":"https:\/\/tuzlainfo.ba\/#\/schema\/logo\/image\/","url":"https:\/\/tuzlainfo.ba\/wp-content\/uploads\/2021\/03\/logo-ver-3-1.png","contentUrl":"https:\/\/tuzlainfo.ba\/wp-content\/uploads\/2021\/03\/logo-ver-3-1.png","width":350,"height":95,"caption":"TuzlaInfo.ba"},"image":{"@id":"https:\/\/tuzlainfo.ba\/#\/schema\/logo\/image\/"},"sameAs":["https:\/\/www.facebook.com\/tuzlainfo.ba\/"]},{"@type":"Person","@id":"https:\/\/tuzlainfo.ba\/#\/schema\/person\/46cad4c57790cbc50781edd14870825a","name":"Tuzla Info","image":{"@type":"ImageObject","inLanguage":"bs-BA","@id":"https:\/\/secure.gravatar.com\/avatar\/e980921b00fa2e552723a2386544734ce6885d2b2304ccca3f45186f9ca4031d?s=96&d=mm&r=g","url":"https:\/\/secure.gravatar.com\/avatar\/e980921b00fa2e552723a2386544734ce6885d2b2304ccca3f45186f9ca4031d?s=96&d=mm&r=g","contentUrl":"https:\/\/secure.gravatar.com\/avatar\/e980921b00fa2e552723a2386544734ce6885d2b2304ccca3f45186f9ca4031d?s=96&d=mm&r=g","caption":"Tuzla Info"}}]}},"_links":{"self":[{"href":"https:\/\/tuzlainfo.ba\/index.php\/wp-json\/wp\/v2\/posts\/236002","targetHints":{"allow":["GET"]}}],"collection":[{"href":"https:\/\/tuzlainfo.ba\/index.php\/wp-json\/wp\/v2\/posts"}],"about":[{"href":"https:\/\/tuzlainfo.ba\/index.php\/wp-json\/wp\/v2\/types\/post"}],"author":[{"embeddable":true,"href":"https:\/\/tuzlainfo.ba\/index.php\/wp-json\/wp\/v2\/users\/4"}],"replies":[{"embeddable":true,"href":"https:\/\/tuzlainfo.ba\/index.php\/wp-json\/wp\/v2\/comments?post=236002"}],"version-history":[{"count":1,"href":"https:\/\/tuzlainfo.ba\/index.php\/wp-json\/wp\/v2\/posts\/236002\/revisions"}],"predecessor-version":[{"id":236003,"href":"https:\/\/tuzlainfo.ba\/index.php\/wp-json\/wp\/v2\/posts\/236002\/revisions\/236003"}],"wp:featuredmedia":[{"embeddable":true,"href":"https:\/\/tuzlainfo.ba\/index.php\/wp-json\/wp\/v2\/media\/86061"}],"wp:attachment":[{"href":"https:\/\/tuzlainfo.ba\/index.php\/wp-json\/wp\/v2\/media?parent=236002"}],"wp:term":[{"taxonomy":"category","embeddable":true,"href":"https:\/\/tuzlainfo.ba\/index.php\/wp-json\/wp\/v2\/categories?post=236002"},{"taxonomy":"post_tag","embeddable":true,"href":"https:\/\/tuzlainfo.ba\/index.php\/wp-json\/wp\/v2\/tags?post=236002"}],"curies":[{"name":"wp","href":"https:\/\/api.w.org\/{rel}","templated":true}]}}