{"id":235765,"date":"2024-04-16T12:26:06","date_gmt":"2024-04-16T10:26:06","guid":{"rendered":"https:\/\/tuzlainfo.ba\/?p=235765"},"modified":"2024-04-16T10:07:42","modified_gmt":"2024-04-16T08:07:42","slug":"covic-nakon-glasanja-za-hrvatski-sabor-sinoc-smo-puno-stvari-dogovorili","status":"publish","type":"post","link":"https:\/\/tuzlainfo.ba\/index.php\/bosna-i-hercegovina\/item\/235765-covic-nakon-glasanja-za-hrvatski-sabor-sinoc-smo-puno-stvari-dogovorili\/","title":{"rendered":"\u010covi\u0107 nakon glasanja za hrvatski sabor: Sino\u0107 smo puno stvari dogovorili"},"content":{"rendered":"<p>Lider HDZ-a Dragan \u010covi\u0107 jutros je glasao u Mostaru na parlamentarnim izborima Republike Hrvatske. \u010covi\u0107 je glasao na bira\u010dkom mjestu 11. Izborne jedinice u prostorijama Ekonomskog fakulteta Sveu\u010dili\u0161ta u Mostaru, pi\u0161e Klix.ba.<\/p>\n<p>Nakon \u0161to je obavio gra\u0111ansku du\u017enost \u010covi\u0107 je kazao da li\u010dno o\u010dekuje nastavak politike koju predvodi aktuelni premijer Andrej Plenkovi\u0107.<\/p>\n<p>&#8220;S rado\u0161\u0107u sam glasao. Zna se kako i veselim se da se nastavi kontinuitet vlade gospodina Plenkovi\u0107a, koji je osam godina napravio izuzetan iskorak i dao \u0161ansu hrvatskom narodu u Bosni i Hercegovini, pa i cijeloj BiH i njenom evropskom putu, kao i njenoj unutarnjoj stabilnosti. S obzirom da imamo vrijeme potpunih isku\u0161enja u svakom smislu rije\u010di. \u017delimo da izbori pro\u0111u u BiH na primjeren na\u010din i mislim da \u0107e danas biti dobar dan i da ljudi imaju motiv i da do\u0111u. Siguran sam da \u0107e HDZ, \u010dlanovi i simpatizeri, prepoznati ono \u0161to je Plenkovi\u0107 radio&#8221;, izjavio je \u010covi\u0107.<\/p>\n<p>Na pitanje da li je danas neradni dan kako je najavio, \u010covi\u0107 ka\u017ee da je progla\u0161ena svetkovina i da je mogu\u0107e uzeti slobodan dan.<\/p>\n<p>&#8220;Ja sam rekao da \u0107e biti svetkovina i \u010dini mi se da jeste svetkovina. Svako mo\u017ee sebi uzeti slobodu, da ima danas ili sutra slobodan dan. U\u010dinili smo sve da imamo adekvatne uvjete, na fakultetima koji su u funkciji konzulata. Svako od ljudi koji \u017eele glasovati to mogu uraditi kao sav normalan svijet. Radni je dan, bilo je puno izazova. Stavljen je radni dan, ne znam za\u0161to, a odgovor na to \u0107e biti da nas iza\u0111e duplo vi\u0161e&#8221;, rekao je \u010covi\u0107.<\/p>\n<p>\u010covi\u0107 je sino\u0107 bio doma\u0107in ve\u010dere povodom Mostarskog sajma i otvorenja aviolinije Mostar &#8211; Beograd. Razgovarao je sa Nerminom Nik\u0161i\u0107em, Aleksandrom Vu\u010di\u0107em, Miloradom Dodikom i Miroslavom Laj\u010dakom.<\/p>\n<p>&#8220;\u0160to se ti\u010de ve\u010dere, atmosfera je bila i vi\u0161e nego prijateljska, \u0161to se mogli vidjeti i na mojim o\u010dima. \u0160aljemo jednu poruku da BiH nije sama i kada razli\u010diti vidimo neke stvari treba sjediti i razgovarati. Nijedna od tema koje nas danas optere\u0107uju, bez obzira jesu li unutarnja pitanja u BiH ili u okru\u017eenju, nije zaobi\u0111ena. Ju\u010der je bilo puno susreta, danas ih slijedi i jo\u0161 vi\u0161e. Puno smo stvari dogovorili, znam da vas sve to zanima, ali bolje je da u ti\u0161ini dogovorimo neke stvari, nego da ih raspravljamo u medijima&#8221;, dodao je.<\/p>\n<p>Parlamentarni izbori Republike Hrvatske za njene dr\u017eavljane koji su bez prebivali\u0161ta u toj zemlji odr\u017eavaju se tokom dva dana, 16. i 17. aprila, tako da svi imaju pravo da glasaju danas i sutra, a izabrat \u0107e tri od ukupno 151. saborskog zastupnika.<\/p>\n<p>Od ukupno 110 glasa\u010dkih mjesta, 43 su u Bosni i Hercegovini, te \u0107e hrvatski dr\u017eavljani mo\u0107i svoje pravo glasa u 11. Izbornoj jedinici da iskoriste u sedam gradova na\u0161e zemlje danas i sutra od 7 do 19 sati.<\/p>\n<p>Prema podacima Dr\u017eavnog izbornog povjerenstva Republike Hrvatske u iseljeni\u0161tvu je aktivno registrirano 222.300 osoba, od \u010dega je u na\u0161oj zemlji registrovano oko 100 hiljada glasa\u010da.<\/p>\n<p>U Bosni i Hercegovini je najvi\u0161e registriranih u Mostaru gdje je evidentirano 57.936 glasa\u010da, dok je u Ora\u0161ju registrovano 10.253 glasa\u010da, u Livnu 8.879, Vitezu 7.975, Sarajevu 7.160, te Banjoj Luci 6.592 i u Tuzli 2.175 glasa\u010da.<\/p>\n<p>Mostar na ovim izborima prednja\u010di i po broju glasa\u010dkih mjesta kojih ima \u010dak 23 na kampusu Sveu\u010dili\u0161ta u Mostaru, dok \u0107e se u Sarajevu glasati na \u010detiri bira\u010dka mjesta u Franjeva\u010dkom me\u0111unarodnom studentskom centru. U Banjoj Luci glasat \u0107e se na jednom bira\u010dkom mjestu u Ulici Milana Karanovi\u0107a 1, a u Tuzli u Hrvatskom kulturnom centru na dva bira\u010dka mjesta. U Vitezu su \u010detiri bira\u010dka mjesta u Osnovnoj \u0161koli Vitez, kao i u Livnu u Osnovnoj \u0161koli Ivan Goran Kova\u010di\u0107, dok su \u010detiri bira\u010dka mjesta u Ora\u0161ju u Sportskom kulturnom centru.<\/p>\n<p>Dr\u017eavno izborno povjerenstvo Republike Hrvatske sastavilo je i objavilo zbirnu listu pravovaljanih lista za izbor zastupnika u Hrvatski sabor u 11. izbornoj jedinici. Tako je nositelj liste Autohtona \u2013 Hrvatska stranka prava za 11. izbornu jedinicu Ivica \u0160imi\u0107, a za Fokus Republiku nositelj je Tomislav Stanti\u0107, za Odlu\u010dnost i pravednost Marko Franovi\u0107, dok je Patrik Iskri\u0107 nositelj liste Stranke Ivana Pernara.<\/p>\n<p>Nositelj liste Hrvatske demokratske zajednice je Zvonko Milas, a stranke Hrvatsko bilo Ljubo \u0106esi\u0107, Mosta Slavko Zovko te politi\u010dke platforme Mo\u017eemo, Elena Komari\u0107.<\/p>\n<p>Osim u BiH, glasat \u0107e se jo\u0161 u Albaniji, Bugarskoj, Ma\u0111arskoj, Njema\u010dkoj, Poljskoj, Rumunjskoj, Rusiji, \u010ce\u0161koj, Slova\u010dkoj, Austriji, Belgiji, Danskoj, Francuskoj, Gr\u010dkoj, Nizozemskoj, Irskoj, Italiji, Norve\u0161koj, Portugalu, \u0160panjolskoj, \u0160vicarskoj, \u0160vedskoj, Velikoj Britaniji, Indoneziji, Ujedinjenim Arapskim Emiratima, Kini, Turskoj, Katru, Australiji, Ju\u017enoafri\u010dkoj Republici, Egiptu, Kanadi, SAD-u, Argentini, \u010cileu, Crnoj Gori, Sjevernoj Makedoniji, Sloveniji, Srbiji i Kosovu.<\/p>\n<p>Ina\u010de, Parlamentarni izbori U Republici Hrvatskoj odr\u017eat \u0107e se sutra 17. aprila od 7 do 19 sati, a u ponedjeljak 15. aprila je u pono\u0107 po\u010dela izborna \u0161utnja koja \u0107e trajati sve do zatvaranja birali\u0161ta.<\/p>\n<p>&nbsp;<\/p>\n","protected":false},"excerpt":{"rendered":"<p>Lider HDZ-a Dragan \u010covi\u0107 jutros je glasao u Mostaru na parlamentarnim izborima Republike Hrvatske. \u010covi\u0107&hellip;<\/p>\n","protected":false},"author":3,"featured_media":209070,"comment_status":"closed","ping_status":"closed","sticky":false,"template":"","format":"standard","meta":{"_acf_changed":false,"footnotes":""},"categories":[291,1],"tags":[9971,9787],"acf":[],"yoast_head":"<!-- This site is optimized with the Yoast SEO plugin v23.5 - https:\/\/yoast.com\/wordpress\/plugins\/seo\/ -->\n<title>\u010covi\u0107 nakon glasanja za hrvatski sabor: Sino\u0107 smo puno stvari dogovorili - TuzlaInfo.ba<\/title>\n<meta name=\"robots\" content=\"index, follow, max-snippet:-1, max-image-preview:large, max-video-preview:-1\" \/>\n<link rel=\"canonical\" href=\"https:\/\/tuzlainfo.ba\/index.php\/bosna-i-hercegovina\/item\/235765-covic-nakon-glasanja-za-hrvatski-sabor-sinoc-smo-puno-stvari-dogovorili\/\" \/>\n<meta property=\"og:locale\" content=\"bs_BA\" \/>\n<meta property=\"og:type\" content=\"article\" \/>\n<meta property=\"og:title\" content=\"\u010covi\u0107 nakon glasanja za hrvatski sabor: Sino\u0107 smo puno stvari dogovorili - TuzlaInfo.ba\" \/>\n<meta property=\"og:description\" content=\"Lider HDZ-a Dragan \u010covi\u0107 jutros je glasao u Mostaru na parlamentarnim izborima Republike Hrvatske. \u010covi\u0107&hellip;\" \/>\n<meta property=\"og:url\" content=\"https:\/\/tuzlainfo.ba\/index.php\/bosna-i-hercegovina\/item\/235765-covic-nakon-glasanja-za-hrvatski-sabor-sinoc-smo-puno-stvari-dogovorili\/\" \/>\n<meta property=\"og:site_name\" content=\"TuzlaInfo.ba\" \/>\n<meta property=\"article:publisher\" content=\"https:\/\/www.facebook.com\/tuzlainfo.ba\/\" \/>\n<meta property=\"article:published_time\" content=\"2024-04-16T10:26:06+00:00\" \/>\n<meta property=\"article:modified_time\" content=\"2024-04-16T08:07:42+00:00\" \/>\n<meta property=\"og:image\" content=\"https:\/\/tuzlainfo.ba\/wp-content\/uploads\/2023\/06\/3006_dragan_covic.jpg\" \/>\n\t<meta property=\"og:image:width\" content=\"800\" \/>\n\t<meta property=\"og:image:height\" content=\"570\" \/>\n\t<meta property=\"og:image:type\" content=\"image\/jpeg\" \/>\n<meta name=\"author\" content=\"admin2\" \/>\n<meta name=\"twitter:card\" content=\"summary_large_image\" \/>\n<meta name=\"twitter:label1\" content=\"Written by\" \/>\n\t<meta name=\"twitter:data1\" content=\"admin2\" \/>\n\t<meta name=\"twitter:label2\" content=\"Est. reading time\" \/>\n\t<meta name=\"twitter:data2\" content=\"5 minuta\" \/>\n<script type=\"application\/ld+json\" class=\"yoast-schema-graph\">{\"@context\":\"https:\/\/schema.org\",\"@graph\":[{\"@type\":\"Article\",\"@id\":\"https:\/\/tuzlainfo.ba\/index.php\/bosna-i-hercegovina\/item\/235765-covic-nakon-glasanja-za-hrvatski-sabor-sinoc-smo-puno-stvari-dogovorili\/#article\",\"isPartOf\":{\"@id\":\"https:\/\/tuzlainfo.ba\/index.php\/bosna-i-hercegovina\/item\/235765-covic-nakon-glasanja-za-hrvatski-sabor-sinoc-smo-puno-stvari-dogovorili\/\"},\"author\":{\"name\":\"admin2\",\"@id\":\"https:\/\/tuzlainfo.ba\/#\/schema\/person\/f4ebe4fff27e68efb65fa7e18f8af372\"},\"headline\":\"\u010covi\u0107 nakon glasanja za hrvatski sabor: Sino\u0107 smo puno stvari dogovorili\",\"datePublished\":\"2024-04-16T10:26:06+00:00\",\"dateModified\":\"2024-04-16T08:07:42+00:00\",\"mainEntityOfPage\":{\"@id\":\"https:\/\/tuzlainfo.ba\/index.php\/bosna-i-hercegovina\/item\/235765-covic-nakon-glasanja-za-hrvatski-sabor-sinoc-smo-puno-stvari-dogovorili\/\"},\"wordCount\":857,\"publisher\":{\"@id\":\"https:\/\/tuzlainfo.ba\/#organization\"},\"image\":{\"@id\":\"https:\/\/tuzlainfo.ba\/index.php\/bosna-i-hercegovina\/item\/235765-covic-nakon-glasanja-za-hrvatski-sabor-sinoc-smo-puno-stvari-dogovorili\/#primaryimage\"},\"thumbnailUrl\":\"https:\/\/tuzlainfo.ba\/wp-content\/uploads\/2023\/06\/3006_dragan_covic.jpg\",\"keywords\":[\"glasanje u bih\",\"izbori u hrvatskoj\"],\"articleSection\":[\"Bosna i Hercegovina\",\"Uncategorized\"],\"inLanguage\":\"bs-BA\"},{\"@type\":\"WebPage\",\"@id\":\"https:\/\/tuzlainfo.ba\/index.php\/bosna-i-hercegovina\/item\/235765-covic-nakon-glasanja-za-hrvatski-sabor-sinoc-smo-puno-stvari-dogovorili\/\",\"url\":\"https:\/\/tuzlainfo.ba\/index.php\/bosna-i-hercegovina\/item\/235765-covic-nakon-glasanja-za-hrvatski-sabor-sinoc-smo-puno-stvari-dogovorili\/\",\"name\":\"\u010covi\u0107 nakon glasanja za hrvatski sabor: Sino\u0107 smo puno stvari dogovorili - TuzlaInfo.ba\",\"isPartOf\":{\"@id\":\"https:\/\/tuzlainfo.ba\/#website\"},\"primaryImageOfPage\":{\"@id\":\"https:\/\/tuzlainfo.ba\/index.php\/bosna-i-hercegovina\/item\/235765-covic-nakon-glasanja-za-hrvatski-sabor-sinoc-smo-puno-stvari-dogovorili\/#primaryimage\"},\"image\":{\"@id\":\"https:\/\/tuzlainfo.ba\/index.php\/bosna-i-hercegovina\/item\/235765-covic-nakon-glasanja-za-hrvatski-sabor-sinoc-smo-puno-stvari-dogovorili\/#primaryimage\"},\"thumbnailUrl\":\"https:\/\/tuzlainfo.ba\/wp-content\/uploads\/2023\/06\/3006_dragan_covic.jpg\",\"datePublished\":\"2024-04-16T10:26:06+00:00\",\"dateModified\":\"2024-04-16T08:07:42+00:00\",\"breadcrumb\":{\"@id\":\"https:\/\/tuzlainfo.ba\/index.php\/bosna-i-hercegovina\/item\/235765-covic-nakon-glasanja-za-hrvatski-sabor-sinoc-smo-puno-stvari-dogovorili\/#breadcrumb\"},\"inLanguage\":\"bs-BA\",\"potentialAction\":[{\"@type\":\"ReadAction\",\"target\":[\"https:\/\/tuzlainfo.ba\/index.php\/bosna-i-hercegovina\/item\/235765-covic-nakon-glasanja-za-hrvatski-sabor-sinoc-smo-puno-stvari-dogovorili\/\"]}]},{\"@type\":\"ImageObject\",\"inLanguage\":\"bs-BA\",\"@id\":\"https:\/\/tuzlainfo.ba\/index.php\/bosna-i-hercegovina\/item\/235765-covic-nakon-glasanja-za-hrvatski-sabor-sinoc-smo-puno-stvari-dogovorili\/#primaryimage\",\"url\":\"https:\/\/tuzlainfo.ba\/wp-content\/uploads\/2023\/06\/3006_dragan_covic.jpg\",\"contentUrl\":\"https:\/\/tuzlainfo.ba\/wp-content\/uploads\/2023\/06\/3006_dragan_covic.jpg\",\"width\":800,\"height\":570},{\"@type\":\"BreadcrumbList\",\"@id\":\"https:\/\/tuzlainfo.ba\/index.php\/bosna-i-hercegovina\/item\/235765-covic-nakon-glasanja-za-hrvatski-sabor-sinoc-smo-puno-stvari-dogovorili\/#breadcrumb\",\"itemListElement\":[{\"@type\":\"ListItem\",\"position\":1,\"name\":\"Home\",\"item\":\"https:\/\/tuzlainfo.ba\/\"},{\"@type\":\"ListItem\",\"position\":2,\"name\":\"\u010covi\u0107 nakon glasanja za hrvatski sabor: Sino\u0107 smo puno stvari dogovorili\"}]},{\"@type\":\"WebSite\",\"@id\":\"https:\/\/tuzlainfo.ba\/#website\",\"url\":\"https:\/\/tuzlainfo.ba\/\",\"name\":\"TuzlaInfo.ba\",\"description\":\"Tuzla info, gradski informator - Tuzla na dlanu\",\"publisher\":{\"@id\":\"https:\/\/tuzlainfo.ba\/#organization\"},\"potentialAction\":[{\"@type\":\"SearchAction\",\"target\":{\"@type\":\"EntryPoint\",\"urlTemplate\":\"https:\/\/tuzlainfo.ba\/?s={search_term_string}\"},\"query-input\":{\"@type\":\"PropertyValueSpecification\",\"valueRequired\":true,\"valueName\":\"search_term_string\"}}],\"inLanguage\":\"bs-BA\"},{\"@type\":\"Organization\",\"@id\":\"https:\/\/tuzlainfo.ba\/#organization\",\"name\":\"TuzlaInfo.ba\",\"url\":\"https:\/\/tuzlainfo.ba\/\",\"logo\":{\"@type\":\"ImageObject\",\"inLanguage\":\"bs-BA\",\"@id\":\"https:\/\/tuzlainfo.ba\/#\/schema\/logo\/image\/\",\"url\":\"https:\/\/tuzlainfo.ba\/wp-content\/uploads\/2021\/03\/logo-ver-3-1.png\",\"contentUrl\":\"https:\/\/tuzlainfo.ba\/wp-content\/uploads\/2021\/03\/logo-ver-3-1.png\",\"width\":350,\"height\":95,\"caption\":\"TuzlaInfo.ba\"},\"image\":{\"@id\":\"https:\/\/tuzlainfo.ba\/#\/schema\/logo\/image\/\"},\"sameAs\":[\"https:\/\/www.facebook.com\/tuzlainfo.ba\/\"]},{\"@type\":\"Person\",\"@id\":\"https:\/\/tuzlainfo.ba\/#\/schema\/person\/f4ebe4fff27e68efb65fa7e18f8af372\",\"name\":\"admin2\",\"image\":{\"@type\":\"ImageObject\",\"inLanguage\":\"bs-BA\",\"@id\":\"https:\/\/tuzlainfo.ba\/#\/schema\/person\/image\/\",\"url\":\"https:\/\/tuzlainfo.ba\/wp-content\/litespeed\/avatar\/8219eeb9a43cff2d096e773737736f62.jpg?ver=1777309398\",\"contentUrl\":\"https:\/\/tuzlainfo.ba\/wp-content\/litespeed\/avatar\/8219eeb9a43cff2d096e773737736f62.jpg?ver=1777309398\",\"caption\":\"admin2\"},\"description\":\"Tuzlainfo.ba pratite na dru\u0161tvenim mre\u017eama: Facebook, Instagram i Youtube. Svoje pri\u010de, upite i fotografije \u0161aljite na na\u0161u e-mail adresu.\",\"sameAs\":[\"admin\"]}]}<\/script>\n<!-- \/ Yoast SEO plugin. -->","yoast_head_json":{"title":"\u010covi\u0107 nakon glasanja za hrvatski sabor: Sino\u0107 smo puno stvari dogovorili - TuzlaInfo.ba","robots":{"index":"index","follow":"follow","max-snippet":"max-snippet:-1","max-image-preview":"max-image-preview:large","max-video-preview":"max-video-preview:-1"},"canonical":"https:\/\/tuzlainfo.ba\/index.php\/bosna-i-hercegovina\/item\/235765-covic-nakon-glasanja-za-hrvatski-sabor-sinoc-smo-puno-stvari-dogovorili\/","og_locale":"bs_BA","og_type":"article","og_title":"\u010covi\u0107 nakon glasanja za hrvatski sabor: Sino\u0107 smo puno stvari dogovorili - TuzlaInfo.ba","og_description":"Lider HDZ-a Dragan \u010covi\u0107 jutros je glasao u Mostaru na parlamentarnim izborima Republike Hrvatske. \u010covi\u0107&hellip;","og_url":"https:\/\/tuzlainfo.ba\/index.php\/bosna-i-hercegovina\/item\/235765-covic-nakon-glasanja-za-hrvatski-sabor-sinoc-smo-puno-stvari-dogovorili\/","og_site_name":"TuzlaInfo.ba","article_publisher":"https:\/\/www.facebook.com\/tuzlainfo.ba\/","article_published_time":"2024-04-16T10:26:06+00:00","article_modified_time":"2024-04-16T08:07:42+00:00","og_image":[{"width":800,"height":570,"url":"https:\/\/tuzlainfo.ba\/wp-content\/uploads\/2023\/06\/3006_dragan_covic.jpg","type":"image\/jpeg"}],"author":"admin2","twitter_card":"summary_large_image","twitter_misc":{"Written by":"admin2","Est. reading time":"5 minuta"},"schema":{"@context":"https:\/\/schema.org","@graph":[{"@type":"Article","@id":"https:\/\/tuzlainfo.ba\/index.php\/bosna-i-hercegovina\/item\/235765-covic-nakon-glasanja-za-hrvatski-sabor-sinoc-smo-puno-stvari-dogovorili\/#article","isPartOf":{"@id":"https:\/\/tuzlainfo.ba\/index.php\/bosna-i-hercegovina\/item\/235765-covic-nakon-glasanja-za-hrvatski-sabor-sinoc-smo-puno-stvari-dogovorili\/"},"author":{"name":"admin2","@id":"https:\/\/tuzlainfo.ba\/#\/schema\/person\/f4ebe4fff27e68efb65fa7e18f8af372"},"headline":"\u010covi\u0107 nakon glasanja za hrvatski sabor: Sino\u0107 smo puno stvari dogovorili","datePublished":"2024-04-16T10:26:06+00:00","dateModified":"2024-04-16T08:07:42+00:00","mainEntityOfPage":{"@id":"https:\/\/tuzlainfo.ba\/index.php\/bosna-i-hercegovina\/item\/235765-covic-nakon-glasanja-za-hrvatski-sabor-sinoc-smo-puno-stvari-dogovorili\/"},"wordCount":857,"publisher":{"@id":"https:\/\/tuzlainfo.ba\/#organization"},"image":{"@id":"https:\/\/tuzlainfo.ba\/index.php\/bosna-i-hercegovina\/item\/235765-covic-nakon-glasanja-za-hrvatski-sabor-sinoc-smo-puno-stvari-dogovorili\/#primaryimage"},"thumbnailUrl":"https:\/\/tuzlainfo.ba\/wp-content\/uploads\/2023\/06\/3006_dragan_covic.jpg","keywords":["glasanje u bih","izbori u hrvatskoj"],"articleSection":["Bosna i Hercegovina","Uncategorized"],"inLanguage":"bs-BA"},{"@type":"WebPage","@id":"https:\/\/tuzlainfo.ba\/index.php\/bosna-i-hercegovina\/item\/235765-covic-nakon-glasanja-za-hrvatski-sabor-sinoc-smo-puno-stvari-dogovorili\/","url":"https:\/\/tuzlainfo.ba\/index.php\/bosna-i-hercegovina\/item\/235765-covic-nakon-glasanja-za-hrvatski-sabor-sinoc-smo-puno-stvari-dogovorili\/","name":"\u010covi\u0107 nakon glasanja za hrvatski sabor: Sino\u0107 smo puno stvari dogovorili - TuzlaInfo.ba","isPartOf":{"@id":"https:\/\/tuzlainfo.ba\/#website"},"primaryImageOfPage":{"@id":"https:\/\/tuzlainfo.ba\/index.php\/bosna-i-hercegovina\/item\/235765-covic-nakon-glasanja-za-hrvatski-sabor-sinoc-smo-puno-stvari-dogovorili\/#primaryimage"},"image":{"@id":"https:\/\/tuzlainfo.ba\/index.php\/bosna-i-hercegovina\/item\/235765-covic-nakon-glasanja-za-hrvatski-sabor-sinoc-smo-puno-stvari-dogovorili\/#primaryimage"},"thumbnailUrl":"https:\/\/tuzlainfo.ba\/wp-content\/uploads\/2023\/06\/3006_dragan_covic.jpg","datePublished":"2024-04-16T10:26:06+00:00","dateModified":"2024-04-16T08:07:42+00:00","breadcrumb":{"@id":"https:\/\/tuzlainfo.ba\/index.php\/bosna-i-hercegovina\/item\/235765-covic-nakon-glasanja-za-hrvatski-sabor-sinoc-smo-puno-stvari-dogovorili\/#breadcrumb"},"inLanguage":"bs-BA","potentialAction":[{"@type":"ReadAction","target":["https:\/\/tuzlainfo.ba\/index.php\/bosna-i-hercegovina\/item\/235765-covic-nakon-glasanja-za-hrvatski-sabor-sinoc-smo-puno-stvari-dogovorili\/"]}]},{"@type":"ImageObject","inLanguage":"bs-BA","@id":"https:\/\/tuzlainfo.ba\/index.php\/bosna-i-hercegovina\/item\/235765-covic-nakon-glasanja-za-hrvatski-sabor-sinoc-smo-puno-stvari-dogovorili\/#primaryimage","url":"https:\/\/tuzlainfo.ba\/wp-content\/uploads\/2023\/06\/3006_dragan_covic.jpg","contentUrl":"https:\/\/tuzlainfo.ba\/wp-content\/uploads\/2023\/06\/3006_dragan_covic.jpg","width":800,"height":570},{"@type":"BreadcrumbList","@id":"https:\/\/tuzlainfo.ba\/index.php\/bosna-i-hercegovina\/item\/235765-covic-nakon-glasanja-za-hrvatski-sabor-sinoc-smo-puno-stvari-dogovorili\/#breadcrumb","itemListElement":[{"@type":"ListItem","position":1,"name":"Home","item":"https:\/\/tuzlainfo.ba\/"},{"@type":"ListItem","position":2,"name":"\u010covi\u0107 nakon glasanja za hrvatski sabor: Sino\u0107 smo puno stvari dogovorili"}]},{"@type":"WebSite","@id":"https:\/\/tuzlainfo.ba\/#website","url":"https:\/\/tuzlainfo.ba\/","name":"TuzlaInfo.ba","description":"Tuzla info, gradski informator - Tuzla na dlanu","publisher":{"@id":"https:\/\/tuzlainfo.ba\/#organization"},"potentialAction":[{"@type":"SearchAction","target":{"@type":"EntryPoint","urlTemplate":"https:\/\/tuzlainfo.ba\/?s={search_term_string}"},"query-input":{"@type":"PropertyValueSpecification","valueRequired":true,"valueName":"search_term_string"}}],"inLanguage":"bs-BA"},{"@type":"Organization","@id":"https:\/\/tuzlainfo.ba\/#organization","name":"TuzlaInfo.ba","url":"https:\/\/tuzlainfo.ba\/","logo":{"@type":"ImageObject","inLanguage":"bs-BA","@id":"https:\/\/tuzlainfo.ba\/#\/schema\/logo\/image\/","url":"https:\/\/tuzlainfo.ba\/wp-content\/uploads\/2021\/03\/logo-ver-3-1.png","contentUrl":"https:\/\/tuzlainfo.ba\/wp-content\/uploads\/2021\/03\/logo-ver-3-1.png","width":350,"height":95,"caption":"TuzlaInfo.ba"},"image":{"@id":"https:\/\/tuzlainfo.ba\/#\/schema\/logo\/image\/"},"sameAs":["https:\/\/www.facebook.com\/tuzlainfo.ba\/"]},{"@type":"Person","@id":"https:\/\/tuzlainfo.ba\/#\/schema\/person\/f4ebe4fff27e68efb65fa7e18f8af372","name":"admin2","image":{"@type":"ImageObject","inLanguage":"bs-BA","@id":"https:\/\/tuzlainfo.ba\/#\/schema\/person\/image\/","url":"https:\/\/tuzlainfo.ba\/wp-content\/litespeed\/avatar\/8219eeb9a43cff2d096e773737736f62.jpg?ver=1777309398","contentUrl":"https:\/\/tuzlainfo.ba\/wp-content\/litespeed\/avatar\/8219eeb9a43cff2d096e773737736f62.jpg?ver=1777309398","caption":"admin2"},"description":"Tuzlainfo.ba pratite na dru\u0161tvenim mre\u017eama: Facebook, Instagram i Youtube. Svoje pri\u010de, upite i fotografije \u0161aljite na na\u0161u e-mail adresu.","sameAs":["admin"]}]}},"_links":{"self":[{"href":"https:\/\/tuzlainfo.ba\/index.php\/wp-json\/wp\/v2\/posts\/235765"}],"collection":[{"href":"https:\/\/tuzlainfo.ba\/index.php\/wp-json\/wp\/v2\/posts"}],"about":[{"href":"https:\/\/tuzlainfo.ba\/index.php\/wp-json\/wp\/v2\/types\/post"}],"author":[{"embeddable":true,"href":"https:\/\/tuzlainfo.ba\/index.php\/wp-json\/wp\/v2\/users\/3"}],"replies":[{"embeddable":true,"href":"https:\/\/tuzlainfo.ba\/index.php\/wp-json\/wp\/v2\/comments?post=235765"}],"version-history":[{"count":1,"href":"https:\/\/tuzlainfo.ba\/index.php\/wp-json\/wp\/v2\/posts\/235765\/revisions"}],"predecessor-version":[{"id":235766,"href":"https:\/\/tuzlainfo.ba\/index.php\/wp-json\/wp\/v2\/posts\/235765\/revisions\/235766"}],"wp:featuredmedia":[{"embeddable":true,"href":"https:\/\/tuzlainfo.ba\/index.php\/wp-json\/wp\/v2\/media\/209070"}],"wp:attachment":[{"href":"https:\/\/tuzlainfo.ba\/index.php\/wp-json\/wp\/v2\/media?parent=235765"}],"wp:term":[{"taxonomy":"category","embeddable":true,"href":"https:\/\/tuzlainfo.ba\/index.php\/wp-json\/wp\/v2\/categories?post=235765"},{"taxonomy":"post_tag","embeddable":true,"href":"https:\/\/tuzlainfo.ba\/index.php\/wp-json\/wp\/v2\/tags?post=235765"}],"curies":[{"name":"wp","href":"https:\/\/api.w.org\/{rel}","templated":true}]}}